{"id":365643,"date":"2024-04-09T07:42:08","date_gmt":"2024-04-09T10:42:08","guid":{"rendered":"https:\/\/blogdofarnesio.com.br\/?p=365643"},"modified":"2024-04-08T16:55:28","modified_gmt":"2024-04-08T19:55:28","slug":"juazeiro-fecha-parceria-com-o-governo-federal-e-e-primeira-cidade-baiana-a-receber-projeto-de-neurociencia-aplicada-a-educacao","status":"publish","type":"post","link":"https:\/\/blogdofarnesio.com.br\/?p=365643","title":{"rendered":"Juazeiro fecha parceria com o governo federal e \u00e9 primeira cidade baiana a receber projeto de neuroci\u00eancia aplicada \u00e0 educa\u00e7\u00e3o"},"content":{"rendered":"<p>Estreando a implanta\u00e7\u00e3o do projeto LitMetrix na Bahia, Juazeiro foi a primeira cidade baiana a receber um sistema digital de monitoramento e avalia\u00e7\u00e3o da performance leitora para alunos em alfabetiza\u00e7\u00e3o da rede municipal de ensino. A iniciativa \u00e9 uma parceria do governo federal, por meio do Minist\u00e9rio da Educa\u00e7\u00e3o (MEC), e a Prefeitura de Juazeiro, atrav\u00e9s da Secretaria de Educa\u00e7\u00e3o e Juventude (Seduc).<\/p>\n<p>Nesta segunda-feira (8), representantes da empresa Mobile Brain, empresa parceira e executora do projeto, e servidores da Seduc, estiveram reunidos na Escola Municipal Esta\u00e7\u00e3o do Saber Jos\u00e9 Carlos Tanuri para dialogar sobre a nova ferramenta pedag\u00f3gica com foco em performance leitora.<\/p>\n<p><img loading=\"lazy\" decoding=\"async\" class=\"aligncenter wp-image-365644 size-full\" src=\"https:\/\/blogdofarnesio.com.br\/wp-content\/uploads\/2024\/04\/53639048152_688988983a_k-e1712603882397.jpg\" alt=\"\" width=\"600\" height=\"400\" \/>\u201cO LitMetrix \u00e9 uma metodologia computacional com base em neuroci\u00eancia que oferece em curto espa\u00e7o de tempo uma vis\u00e3o ampla do desempenho da linguagem dos estudantes a partir de evid\u00eancias validadas pela ci\u00eancia. Trata de uma ferramenta tecnol\u00f3gica e inovadora que auxilia professores da rede municipal de ensino com an\u00e1lises de dados coletadas para planejamento de a\u00e7\u00f5es, levando em conta as reais necessidades de aprendizagem dos estudantes no desempenho da linguagem\u201d, explicou o articulador de Programas Tecnol\u00f3gicos Seduc, Francisco Hernandes.<\/p>\n<p>Utilizando a plataforma gamificada de leitura chamada \u2018\u00c1rvore\u2019, a iniciativa amplia a frequ\u00eancia de leitura, unindo aprendizagem, jogos e intelig\u00eancia artificial, com foco na inova\u00e7\u00e3o, o ambiente virtual tamb\u00e9m oferece suporte pedag\u00f3gico aos educadores, sequ\u00eancias did\u00e1ticas, atividades, relat\u00f3rios e trilhas de leitura.<\/p>\n<p>\u201cO LitMetrix foi criado com base na descoberta que a an\u00e1lise de hist\u00f3rias contadas por alunos revela, a partir de aspectos do seu desenvolvimento cognitivo \u00e9 poss\u00edvel auxiliar no acompanhamento escolar, atrav\u00e9s da oferta de um produto que \u00e9 baseado em neuroci\u00eancia computacional, capaz de conseguir fazer uma avalia\u00e7\u00e3o do desenvolvimento cognitivo das crian\u00e7as, por meio de uma pesquisa voltada para educa\u00e7\u00e3o p\u00fablica\u201d, destacou a representante da empresa Mobile Brain, Tamara Meletti.<\/p>\n<p>Inicialmente as unidades de ensino contempladas ser\u00e3o as Escolas Municipais Leopoldina Leal, Iracy Nunes, Terezinha Ferreira Oliveira, Caic Misael Aguilar, Crenildes Brand\u00e3o e Guiomar Lustosa, incluindo estudantes do segundo e terceiro ano, al\u00e9m de turmas do 6\u00ba ano.<\/p>\n","protected":false},"excerpt":{"rendered":"<p>Estreando a implanta\u00e7\u00e3o do projeto LitMetrix na Bahia, Juazeiro foi a primeira cidade baiana a receber um sistema digital de monitoramento e avalia\u00e7\u00e3o da performance leitora para alunos em alfabetiza\u00e7\u00e3o da rede municipal de ensino. A iniciativa \u00e9 uma parceria do governo federal, por meio do Minist\u00e9rio da Educa\u00e7\u00e3o (MEC), e a Prefeitura de Juazeiro, atrav\u00e9s da Secretaria de Educa\u00e7\u00e3o e Juventude (Seduc). Nesta segunda-feira (8), representantes da empresa Mobile Brain, empresa parceira e executora do projeto, e servidores da Seduc, estiveram reunidos na Escola Municipal Esta\u00e7\u00e3o do Saber Jos\u00e9 Carlos Tanuri para dialogar sobre a nova ferramenta pedag\u00f3gica com foco em performance leitora. \u201cO LitMetrix \u00e9 uma metodologia computacional com base em neuroci\u00eancia que oferece em curto espa\u00e7o de&hellip; <\/p>\n","protected":false},"author":2,"featured_media":365645,"comment_status":"open","ping_status":"open","sticky":false,"template":"","format":"standard","meta":{"_acf_changed":false,"footnotes":""},"categories":[6],"tags":[],"class_list":["post-365643","post","type-post","status-publish","format-standard","has-post-thumbnail","hentry","category-educacao"],"acf":[],"yoast_head":"<!-- This site is optimized with the Yoast SEO plugin v27.4 - https:\/\/yoast.com\/product\/yoast-seo-wordpress\/ -->\n<title>Juazeiro fecha parceria com o governo federal e \u00e9 primeira cidade baiana a receber projeto de neuroci\u00eancia aplicada \u00e0 educa\u00e7\u00e3o - Blog do Farn\u00e9sio<\/title>\n<meta name=\"robots\" content=\"index, follow, max-snippet:-1, max-image-preview:large, max-video-preview:-1\" \/>\n<link rel=\"canonical\" href=\"https:\/\/blogdofarnesio.com.br\/?p=365643\" \/>\n<meta property=\"og:locale\" content=\"pt_BR\" \/>\n<meta property=\"og:type\" content=\"article\" \/>\n<meta property=\"og:title\" content=\"Juazeiro fecha parceria com o governo federal e \u00e9 primeira cidade baiana a receber projeto de neuroci\u00eancia aplicada \u00e0 educa\u00e7\u00e3o - Blog do Farn\u00e9sio\" \/>\n<meta property=\"og:description\" content=\"Estreando a implanta\u00e7\u00e3o do projeto LitMetrix na Bahia, Juazeiro foi a primeira cidade baiana a receber um sistema digital de monitoramento e avalia\u00e7\u00e3o da performance leitora para alunos em alfabetiza\u00e7\u00e3o da rede municipal de ensino. A iniciativa \u00e9 uma parceria do governo federal, por meio do Minist\u00e9rio da Educa\u00e7\u00e3o (MEC), e a Prefeitura de Juazeiro, atrav\u00e9s da Secretaria de Educa\u00e7\u00e3o e Juventude (Seduc). Nesta segunda-feira (8), representantes da empresa Mobile Brain, empresa parceira e executora do projeto, e servidores da Seduc, estiveram reunidos na Escola Municipal Esta\u00e7\u00e3o do Saber Jos\u00e9 Carlos Tanuri para dialogar sobre a nova ferramenta pedag\u00f3gica com foco em performance leitora. \u201cO LitMetrix \u00e9 uma metodologia computacional com base em neuroci\u00eancia que oferece em curto espa\u00e7o de&hellip;\" \/>\n<meta property=\"og:url\" content=\"https:\/\/blogdofarnesio.com.br\/?p=365643\" \/>\n<meta property=\"og:site_name\" content=\"Blog do Farn\u00e9sio\" \/>\n<meta property=\"article:publisher\" content=\"https:\/\/www.facebook.com\/BlogQuerSaberPolitica\/\" \/>\n<meta property=\"article:author\" content=\"https:\/\/www.facebook.com\/?ref=tn_tnmn\" \/>\n<meta property=\"article:published_time\" content=\"2024-04-09T10:42:08+00:00\" \/>\n<meta property=\"og:image\" content=\"https:\/\/blogdofarnesio.com.br\/wp-content\/uploads\/2024\/04\/53640384125_615bc2de4c_k-e1712603845393.jpg\" \/>\n\t<meta property=\"og:image:width\" content=\"600\" \/>\n\t<meta property=\"og:image:height\" content=\"400\" \/>\n\t<meta property=\"og:image:type\" content=\"image\/jpeg\" \/>\n<meta name=\"author\" content=\"Farn\u00e9sio\" \/>\n<meta name=\"twitter:card\" content=\"summary_large_image\" \/>\n<meta name=\"twitter:label1\" content=\"Escrito por\" \/>\n\t<meta name=\"twitter:data1\" content=\"Farn\u00e9sio\" \/>\n\t<meta name=\"twitter:label2\" content=\"Est. tempo de leitura\" \/>\n\t<meta name=\"twitter:data2\" content=\"3 minutos\" \/>\n<script type=\"application\/ld+json\" class=\"yoast-schema-graph\">{\"@context\":\"https:\\\/\\\/schema.org\",\"@graph\":[{\"@type\":\"Article\",\"@id\":\"https:\\\/\\\/blogdofarnesio.com.br\\\/?p=365643#article\",\"isPartOf\":{\"@id\":\"https:\\\/\\\/blogdofarnesio.com.br\\\/?p=365643\"},\"author\":{\"name\":\"Farn\u00e9sio\",\"@id\":\"https:\\\/\\\/blogdofarnesio.com.br\\\/#\\\/schema\\\/person\\\/bb9b23ae3ad0609ce8df7b6c9e76824d\"},\"headline\":\"Juazeiro fecha parceria com o governo federal e \u00e9 primeira cidade baiana a receber projeto de neuroci\u00eancia aplicada \u00e0 educa\u00e7\u00e3o\",\"datePublished\":\"2024-04-09T10:42:08+00:00\",\"mainEntityOfPage\":{\"@id\":\"https:\\\/\\\/blogdofarnesio.com.br\\\/?p=365643\"},\"wordCount\":388,\"commentCount\":0,\"publisher\":{\"@id\":\"https:\\\/\\\/blogdofarnesio.com.br\\\/#organization\"},\"image\":{\"@id\":\"https:\\\/\\\/blogdofarnesio.com.br\\\/?p=365643#primaryimage\"},\"thumbnailUrl\":\"https:\\\/\\\/blogdofarnesio.com.br\\\/wp-content\\\/uploads\\\/2024\\\/04\\\/53640384125_615bc2de4c_k-e1712603845393.jpg\",\"articleSection\":[\"Educa\u00e7\u00e3o\"],\"inLanguage\":\"pt-BR\",\"potentialAction\":[{\"@type\":\"CommentAction\",\"name\":\"Comment\",\"target\":[\"https:\\\/\\\/blogdofarnesio.com.br\\\/?p=365643#respond\"]}]},{\"@type\":\"WebPage\",\"@id\":\"https:\\\/\\\/blogdofarnesio.com.br\\\/?p=365643\",\"url\":\"https:\\\/\\\/blogdofarnesio.com.br\\\/?p=365643\",\"name\":\"Juazeiro fecha parceria com o governo federal e \u00e9 primeira cidade baiana a receber projeto de neuroci\u00eancia aplicada \u00e0 educa\u00e7\u00e3o - Blog do Farn\u00e9sio\",\"isPartOf\":{\"@id\":\"https:\\\/\\\/blogdofarnesio.com.br\\\/#website\"},\"primaryImageOfPage\":{\"@id\":\"https:\\\/\\\/blogdofarnesio.com.br\\\/?p=365643#primaryimage\"},\"image\":{\"@id\":\"https:\\\/\\\/blogdofarnesio.com.br\\\/?p=365643#primaryimage\"},\"thumbnailUrl\":\"https:\\\/\\\/blogdofarnesio.com.br\\\/wp-content\\\/uploads\\\/2024\\\/04\\\/53640384125_615bc2de4c_k-e1712603845393.jpg\",\"datePublished\":\"2024-04-09T10:42:08+00:00\",\"breadcrumb\":{\"@id\":\"https:\\\/\\\/blogdofarnesio.com.br\\\/?p=365643#breadcrumb\"},\"inLanguage\":\"pt-BR\",\"potentialAction\":[{\"@type\":\"ReadAction\",\"target\":[\"https:\\\/\\\/blogdofarnesio.com.br\\\/?p=365643\"]}]},{\"@type\":\"ImageObject\",\"inLanguage\":\"pt-BR\",\"@id\":\"https:\\\/\\\/blogdofarnesio.com.br\\\/?p=365643#primaryimage\",\"url\":\"https:\\\/\\\/blogdofarnesio.com.br\\\/wp-content\\\/uploads\\\/2024\\\/04\\\/53640384125_615bc2de4c_k-e1712603845393.jpg\",\"contentUrl\":\"https:\\\/\\\/blogdofarnesio.com.br\\\/wp-content\\\/uploads\\\/2024\\\/04\\\/53640384125_615bc2de4c_k-e1712603845393.jpg\",\"width\":600,\"height\":400},{\"@type\":\"BreadcrumbList\",\"@id\":\"https:\\\/\\\/blogdofarnesio.com.br\\\/?p=365643#breadcrumb\",\"itemListElement\":[{\"@type\":\"ListItem\",\"position\":1,\"name\":\"In\u00edcio\",\"item\":\"https:\\\/\\\/blogdofarnesio.com.br\\\/\"},{\"@type\":\"ListItem\",\"position\":2,\"name\":\"Juazeiro fecha parceria com o governo federal e \u00e9 primeira cidade baiana a receber projeto de neuroci\u00eancia aplicada \u00e0 educa\u00e7\u00e3o\"}]},{\"@type\":\"WebSite\",\"@id\":\"https:\\\/\\\/blogdofarnesio.com.br\\\/#website\",\"url\":\"https:\\\/\\\/blogdofarnesio.com.br\\\/\",\"name\":\"Blog do Farn\u00e9sio\",\"description\":\"Quer Saber Pol\u00edtica?\",\"publisher\":{\"@id\":\"https:\\\/\\\/blogdofarnesio.com.br\\\/#organization\"},\"potentialAction\":[{\"@type\":\"SearchAction\",\"target\":{\"@type\":\"EntryPoint\",\"urlTemplate\":\"https:\\\/\\\/blogdofarnesio.com.br\\\/?s={search_term_string}\"},\"query-input\":{\"@type\":\"PropertyValueSpecification\",\"valueRequired\":true,\"valueName\":\"search_term_string\"}}],\"inLanguage\":\"pt-BR\"},{\"@type\":\"Organization\",\"@id\":\"https:\\\/\\\/blogdofarnesio.com.br\\\/#organization\",\"name\":\"Blog do Farn\u00e9sio\",\"url\":\"https:\\\/\\\/blogdofarnesio.com.br\\\/\",\"logo\":{\"@type\":\"ImageObject\",\"inLanguage\":\"pt-BR\",\"@id\":\"https:\\\/\\\/blogdofarnesio.com.br\\\/#\\\/schema\\\/logo\\\/image\\\/\",\"url\":\"https:\\\/\\\/blogdofarnesio.com.br\\\/wp-content\\\/uploads\\\/2026\\\/03\\\/cropped-logo_new-1.png\",\"contentUrl\":\"https:\\\/\\\/blogdofarnesio.com.br\\\/wp-content\\\/uploads\\\/2026\\\/03\\\/cropped-logo_new-1.png\",\"width\":881,\"height\":685,\"caption\":\"Blog do Farn\u00e9sio\"},\"image\":{\"@id\":\"https:\\\/\\\/blogdofarnesio.com.br\\\/#\\\/schema\\\/logo\\\/image\\\/\"},\"sameAs\":[\"https:\\\/\\\/www.facebook.com\\\/BlogQuerSaberPolitica\\\/\"]},{\"@type\":\"Person\",\"@id\":\"https:\\\/\\\/blogdofarnesio.com.br\\\/#\\\/schema\\\/person\\\/bb9b23ae3ad0609ce8df7b6c9e76824d\",\"name\":\"Farn\u00e9sio\",\"image\":{\"@type\":\"ImageObject\",\"inLanguage\":\"pt-BR\",\"@id\":\"https:\\\/\\\/secure.gravatar.com\\\/avatar\\\/986aa4c61ccdb66f8555bf88fc2a65609d00bcabd4d2d94377a727547345cbca?s=96&d=mm&r=g\",\"url\":\"https:\\\/\\\/secure.gravatar.com\\\/avatar\\\/986aa4c61ccdb66f8555bf88fc2a65609d00bcabd4d2d94377a727547345cbca?s=96&d=mm&r=g\",\"contentUrl\":\"https:\\\/\\\/secure.gravatar.com\\\/avatar\\\/986aa4c61ccdb66f8555bf88fc2a65609d00bcabd4d2d94377a727547345cbca?s=96&d=mm&r=g\",\"caption\":\"Farn\u00e9sio\"},\"description\":\"Radialista blogueiro, chegou a Petrolina\\\/Juazeiro em setembro de 1980, Farn\u00e9sio Silva \u00e9 de Arapiraca-Alagoas.\",\"sameAs\":[\"http:\\\/\\\/blogdofarnesio.com.br\",\"https:\\\/\\\/www.facebook.com\\\/?ref=tn_tnmn\",\"https:\\\/\\\/www.instagram.com\\\/?utm_source=pwa_homescreen\",\"https:\\\/\\\/youtube.com.br\\\/\"],\"url\":\"https:\\\/\\\/blogdofarnesio.com.br\\\/?author=2\"}]}<\/script>\n<!-- \/ Yoast SEO plugin. -->","yoast_head_json":{"title":"Juazeiro fecha parceria com o governo federal e \u00e9 primeira cidade baiana a receber projeto de neuroci\u00eancia aplicada \u00e0 educa\u00e7\u00e3o - Blog do Farn\u00e9sio","robots":{"index":"index","follow":"follow","max-snippet":"max-snippet:-1","max-image-preview":"max-image-preview:large","max-video-preview":"max-video-preview:-1"},"canonical":"https:\/\/blogdofarnesio.com.br\/?p=365643","og_locale":"pt_BR","og_type":"article","og_title":"Juazeiro fecha parceria com o governo federal e \u00e9 primeira cidade baiana a receber projeto de neuroci\u00eancia aplicada \u00e0 educa\u00e7\u00e3o - Blog do Farn\u00e9sio","og_description":"Estreando a implanta\u00e7\u00e3o do projeto LitMetrix na Bahia, Juazeiro foi a primeira cidade baiana a receber um sistema digital de monitoramento e avalia\u00e7\u00e3o da performance leitora para alunos em alfabetiza\u00e7\u00e3o da rede municipal de ensino. A iniciativa \u00e9 uma parceria do governo federal, por meio do Minist\u00e9rio da Educa\u00e7\u00e3o (MEC), e a Prefeitura de Juazeiro, atrav\u00e9s da Secretaria de Educa\u00e7\u00e3o e Juventude (Seduc). Nesta segunda-feira (8), representantes da empresa Mobile Brain, empresa parceira e executora do projeto, e servidores da Seduc, estiveram reunidos na Escola Municipal Esta\u00e7\u00e3o do Saber Jos\u00e9 Carlos Tanuri para dialogar sobre a nova ferramenta pedag\u00f3gica com foco em performance leitora. \u201cO LitMetrix \u00e9 uma metodologia computacional com base em neuroci\u00eancia que oferece em curto espa\u00e7o de&hellip;","og_url":"https:\/\/blogdofarnesio.com.br\/?p=365643","og_site_name":"Blog do Farn\u00e9sio","article_publisher":"https:\/\/www.facebook.com\/BlogQuerSaberPolitica\/","article_author":"https:\/\/www.facebook.com\/?ref=tn_tnmn","article_published_time":"2024-04-09T10:42:08+00:00","og_image":[{"width":600,"height":400,"url":"https:\/\/blogdofarnesio.com.br\/wp-content\/uploads\/2024\/04\/53640384125_615bc2de4c_k-e1712603845393.jpg","type":"image\/jpeg"}],"author":"Farn\u00e9sio","twitter_card":"summary_large_image","twitter_misc":{"Escrito por":"Farn\u00e9sio","Est. tempo de leitura":"3 minutos"},"schema":{"@context":"https:\/\/schema.org","@graph":[{"@type":"Article","@id":"https:\/\/blogdofarnesio.com.br\/?p=365643#article","isPartOf":{"@id":"https:\/\/blogdofarnesio.com.br\/?p=365643"},"author":{"name":"Farn\u00e9sio","@id":"https:\/\/blogdofarnesio.com.br\/#\/schema\/person\/bb9b23ae3ad0609ce8df7b6c9e76824d"},"headline":"Juazeiro fecha parceria com o governo federal e \u00e9 primeira cidade baiana a receber projeto de neuroci\u00eancia aplicada \u00e0 educa\u00e7\u00e3o","datePublished":"2024-04-09T10:42:08+00:00","mainEntityOfPage":{"@id":"https:\/\/blogdofarnesio.com.br\/?p=365643"},"wordCount":388,"commentCount":0,"publisher":{"@id":"https:\/\/blogdofarnesio.com.br\/#organization"},"image":{"@id":"https:\/\/blogdofarnesio.com.br\/?p=365643#primaryimage"},"thumbnailUrl":"https:\/\/blogdofarnesio.com.br\/wp-content\/uploads\/2024\/04\/53640384125_615bc2de4c_k-e1712603845393.jpg","articleSection":["Educa\u00e7\u00e3o"],"inLanguage":"pt-BR","potentialAction":[{"@type":"CommentAction","name":"Comment","target":["https:\/\/blogdofarnesio.com.br\/?p=365643#respond"]}]},{"@type":"WebPage","@id":"https:\/\/blogdofarnesio.com.br\/?p=365643","url":"https:\/\/blogdofarnesio.com.br\/?p=365643","name":"Juazeiro fecha parceria com o governo federal e \u00e9 primeira cidade baiana a receber projeto de neuroci\u00eancia aplicada \u00e0 educa\u00e7\u00e3o - Blog do Farn\u00e9sio","isPartOf":{"@id":"https:\/\/blogdofarnesio.com.br\/#website"},"primaryImageOfPage":{"@id":"https:\/\/blogdofarnesio.com.br\/?p=365643#primaryimage"},"image":{"@id":"https:\/\/blogdofarnesio.com.br\/?p=365643#primaryimage"},"thumbnailUrl":"https:\/\/blogdofarnesio.com.br\/wp-content\/uploads\/2024\/04\/53640384125_615bc2de4c_k-e1712603845393.jpg","datePublished":"2024-04-09T10:42:08+00:00","breadcrumb":{"@id":"https:\/\/blogdofarnesio.com.br\/?p=365643#breadcrumb"},"inLanguage":"pt-BR","potentialAction":[{"@type":"ReadAction","target":["https:\/\/blogdofarnesio.com.br\/?p=365643"]}]},{"@type":"ImageObject","inLanguage":"pt-BR","@id":"https:\/\/blogdofarnesio.com.br\/?p=365643#primaryimage","url":"https:\/\/blogdofarnesio.com.br\/wp-content\/uploads\/2024\/04\/53640384125_615bc2de4c_k-e1712603845393.jpg","contentUrl":"https:\/\/blogdofarnesio.com.br\/wp-content\/uploads\/2024\/04\/53640384125_615bc2de4c_k-e1712603845393.jpg","width":600,"height":400},{"@type":"BreadcrumbList","@id":"https:\/\/blogdofarnesio.com.br\/?p=365643#breadcrumb","itemListElement":[{"@type":"ListItem","position":1,"name":"In\u00edcio","item":"https:\/\/blogdofarnesio.com.br\/"},{"@type":"ListItem","position":2,"name":"Juazeiro fecha parceria com o governo federal e \u00e9 primeira cidade baiana a receber projeto de neuroci\u00eancia aplicada \u00e0 educa\u00e7\u00e3o"}]},{"@type":"WebSite","@id":"https:\/\/blogdofarnesio.com.br\/#website","url":"https:\/\/blogdofarnesio.com.br\/","name":"Blog do Farn\u00e9sio","description":"Quer Saber Pol\u00edtica?","publisher":{"@id":"https:\/\/blogdofarnesio.com.br\/#organization"},"potentialAction":[{"@type":"SearchAction","target":{"@type":"EntryPoint","urlTemplate":"https:\/\/blogdofarnesio.com.br\/?s={search_term_string}"},"query-input":{"@type":"PropertyValueSpecification","valueRequired":true,"valueName":"search_term_string"}}],"inLanguage":"pt-BR"},{"@type":"Organization","@id":"https:\/\/blogdofarnesio.com.br\/#organization","name":"Blog do Farn\u00e9sio","url":"https:\/\/blogdofarnesio.com.br\/","logo":{"@type":"ImageObject","inLanguage":"pt-BR","@id":"https:\/\/blogdofarnesio.com.br\/#\/schema\/logo\/image\/","url":"https:\/\/blogdofarnesio.com.br\/wp-content\/uploads\/2026\/03\/cropped-logo_new-1.png","contentUrl":"https:\/\/blogdofarnesio.com.br\/wp-content\/uploads\/2026\/03\/cropped-logo_new-1.png","width":881,"height":685,"caption":"Blog do Farn\u00e9sio"},"image":{"@id":"https:\/\/blogdofarnesio.com.br\/#\/schema\/logo\/image\/"},"sameAs":["https:\/\/www.facebook.com\/BlogQuerSaberPolitica\/"]},{"@type":"Person","@id":"https:\/\/blogdofarnesio.com.br\/#\/schema\/person\/bb9b23ae3ad0609ce8df7b6c9e76824d","name":"Farn\u00e9sio","image":{"@type":"ImageObject","inLanguage":"pt-BR","@id":"https:\/\/secure.gravatar.com\/avatar\/986aa4c61ccdb66f8555bf88fc2a65609d00bcabd4d2d94377a727547345cbca?s=96&d=mm&r=g","url":"https:\/\/secure.gravatar.com\/avatar\/986aa4c61ccdb66f8555bf88fc2a65609d00bcabd4d2d94377a727547345cbca?s=96&d=mm&r=g","contentUrl":"https:\/\/secure.gravatar.com\/avatar\/986aa4c61ccdb66f8555bf88fc2a65609d00bcabd4d2d94377a727547345cbca?s=96&d=mm&r=g","caption":"Farn\u00e9sio"},"description":"Radialista blogueiro, chegou a Petrolina\/Juazeiro em setembro de 1980, Farn\u00e9sio Silva \u00e9 de Arapiraca-Alagoas.","sameAs":["http:\/\/blogdofarnesio.com.br","https:\/\/www.facebook.com\/?ref=tn_tnmn","https:\/\/www.instagram.com\/?utm_source=pwa_homescreen","https:\/\/youtube.com.br\/"],"url":"https:\/\/blogdofarnesio.com.br\/?author=2"}]}},"_links":{"self":[{"href":"https:\/\/blogdofarnesio.com.br\/index.php?rest_route=\/wp\/v2\/posts\/365643","targetHints":{"allow":["GET"]}}],"collection":[{"href":"https:\/\/blogdofarnesio.com.br\/index.php?rest_route=\/wp\/v2\/posts"}],"about":[{"href":"https:\/\/blogdofarnesio.com.br\/index.php?rest_route=\/wp\/v2\/types\/post"}],"author":[{"embeddable":true,"href":"https:\/\/blogdofarnesio.com.br\/index.php?rest_route=\/wp\/v2\/users\/2"}],"replies":[{"embeddable":true,"href":"https:\/\/blogdofarnesio.com.br\/index.php?rest_route=%2Fwp%2Fv2%2Fcomments&post=365643"}],"version-history":[{"count":0,"href":"https:\/\/blogdofarnesio.com.br\/index.php?rest_route=\/wp\/v2\/posts\/365643\/revisions"}],"wp:featuredmedia":[{"embeddable":true,"href":"https:\/\/blogdofarnesio.com.br\/index.php?rest_route=\/wp\/v2\/media\/365645"}],"wp:attachment":[{"href":"https:\/\/blogdofarnesio.com.br\/index.php?rest_route=%2Fwp%2Fv2%2Fmedia&parent=365643"}],"wp:term":[{"taxonomy":"category","embeddable":true,"href":"https:\/\/blogdofarnesio.com.br\/index.php?rest_route=%2Fwp%2Fv2%2Fcategories&post=365643"},{"taxonomy":"post_tag","embeddable":true,"href":"https:\/\/blogdofarnesio.com.br\/index.php?rest_route=%2Fwp%2Fv2%2Ftags&post=365643"}],"curies":[{"name":"wp","href":"https:\/\/api.w.org\/{rel}","templated":true}]}}