{"id":365544,"date":"2024-04-07T09:00:06","date_gmt":"2024-04-07T12:00:06","guid":{"rendered":"https:\/\/blogdofarnesio.com.br\/?p=365544"},"modified":"2024-04-06T20:32:02","modified_gmt":"2024-04-06T23:32:02","slug":"apos-polemica-com-prefeito-do-rio-de-janeiro-secretario-de-seguranca-do-recife-deixa-o-cargo","status":"publish","type":"post","link":"https:\/\/blogdofarnesio.com.br\/?p=365544","title":{"rendered":"Ap\u00f3s pol\u00eamica com prefeito do Rio de Janeiro, secret\u00e1rio de Seguran\u00e7a do Recife deixa o cargo"},"content":{"rendered":"<div class=\"td-post-text-content\">\n<p class=\"texto\">Secret\u00e1rio de Seguran\u00e7a P\u00fablica do Recife desde 2013, no primeiro governo Geraldo J\u00falio (PSB), Murilo Cavalcanti pediu exonera\u00e7\u00e3o e n\u00e3o ocupa mais o cargo desde a \u00faltima sexta-feira (5).<\/p>\n<p class=\"texto\">A partir deste s\u00e1bado, a pasta j\u00e1 est\u00e1 sob o comando do seu substituto, Paulo Roberto Xavier de Morais.<\/p>\n<p class=\"texto\">A sa\u00edda coincide com a pol\u00eamica em torno de artigo publicado por Murilo, no jornal O Globo, no \u00faltimo s\u00e1bado (30), criticando a pol\u00edtica seguran\u00e7a no Rio de Janeiro.<\/p>\n<p class=\"texto\">O artigo foi criticado pelo prefeito Eduardo Paes (MDB), que chamou Murilo Cavalcanti de malandro.<\/p>\n<p class=\"texto\">Os n\u00fameros da seguran\u00e7a, especificamente dos crimes de homic\u00eddios, tem piorado na capital pernambucana.<\/p>\n<p class=\"texto\">De acordo com informa\u00e7\u00f5es p\u00fablicas da Secretaria de Defesa Social (SDS), no primeiro bimestre de 2024 foram 141 assassinatos na capital pernambucana, diante de 98 no mesmo per\u00edodo de 2023 e 94 entre janeiro e fevereiro de 2022. No in\u00edcio de 2024, portanto, o crescimento da viol\u00eancia no Recife foi de 43,9%.<\/p>\n<p class=\"texto\">Murilo Cavalcanti tamb\u00e9m colecionou pol\u00eamicas na pol\u00edtica. Al\u00e9m da quest\u00e3o recente com Eduardo Paes, ele brigou publicamente, ao vivo, na r\u00e1dio com Priscila Krause, quando ela era vereadora do Recife e criticava os gastos com a desapropria\u00e7\u00e3o do terreno do Compaz Cordeiro, que havia sido anunciado pelo ex-secret\u00e1rio como uma doa\u00e7\u00e3o pela Chesf.<\/p>\n<p class=\"texto\">Recentemente, Murilo polemizou com o vereador Paulo Muniz. \u201cN\u00e3o vou responder a esse vereador med\u00edocre\u201d, disse Murilo, ao se referir \u00e0 cobran\u00e7a pela ado\u00e7\u00e3o pelo Recife de guarda municipal armada. (Blog do Jamildo Melo)<\/p>\n<\/div>\n","protected":false},"excerpt":{"rendered":"<p>Secret\u00e1rio de Seguran\u00e7a P\u00fablica do Recife desde 2013, no primeiro governo Geraldo J\u00falio (PSB), Murilo Cavalcanti pediu exonera\u00e7\u00e3o e n\u00e3o ocupa mais o cargo desde a \u00faltima sexta-feira (5). A partir deste s\u00e1bado, a pasta j\u00e1 est\u00e1 sob o comando do seu substituto, Paulo Roberto Xavier de Morais. A sa\u00edda coincide com a pol\u00eamica em torno de artigo publicado por Murilo, no jornal O Globo, no \u00faltimo s\u00e1bado (30), criticando a pol\u00edtica seguran\u00e7a no Rio de Janeiro. O artigo foi criticado pelo prefeito Eduardo Paes (MDB), que chamou Murilo Cavalcanti de malandro. Os n\u00fameros da seguran\u00e7a, especificamente dos crimes de homic\u00eddios, tem piorado na capital pernambucana. De acordo com informa\u00e7\u00f5es p\u00fablicas da Secretaria de Defesa Social (SDS), no primeiro bimestre&hellip; <\/p>\n","protected":false},"author":2,"featured_media":235625,"comment_status":"open","ping_status":"open","sticky":false,"template":"","format":"standard","meta":{"_acf_changed":false,"footnotes":""},"categories":[44],"tags":[],"class_list":["post-365544","post","type-post","status-publish","format-standard","has-post-thumbnail","hentry","category-administracao"],"acf":[],"yoast_head":"<!-- This site is optimized with the Yoast SEO plugin v27.4 - https:\/\/yoast.com\/product\/yoast-seo-wordpress\/ -->\n<title>Ap\u00f3s pol\u00eamica com prefeito do Rio de Janeiro, secret\u00e1rio de Seguran\u00e7a do Recife deixa o cargo - Blog do Farn\u00e9sio<\/title>\n<meta name=\"robots\" content=\"index, follow, max-snippet:-1, max-image-preview:large, max-video-preview:-1\" \/>\n<link rel=\"canonical\" href=\"https:\/\/blogdofarnesio.com.br\/?p=365544\" \/>\n<meta property=\"og:locale\" content=\"pt_BR\" \/>\n<meta property=\"og:type\" content=\"article\" \/>\n<meta property=\"og:title\" content=\"Ap\u00f3s pol\u00eamica com prefeito do Rio de Janeiro, secret\u00e1rio de Seguran\u00e7a do Recife deixa o cargo - Blog do Farn\u00e9sio\" \/>\n<meta property=\"og:description\" content=\"Secret\u00e1rio de Seguran\u00e7a P\u00fablica do Recife desde 2013, no primeiro governo Geraldo J\u00falio (PSB), Murilo Cavalcanti pediu exonera\u00e7\u00e3o e n\u00e3o ocupa mais o cargo desde a \u00faltima sexta-feira (5). A partir deste s\u00e1bado, a pasta j\u00e1 est\u00e1 sob o comando do seu substituto, Paulo Roberto Xavier de Morais. A sa\u00edda coincide com a pol\u00eamica em torno de artigo publicado por Murilo, no jornal O Globo, no \u00faltimo s\u00e1bado (30), criticando a pol\u00edtica seguran\u00e7a no Rio de Janeiro. O artigo foi criticado pelo prefeito Eduardo Paes (MDB), que chamou Murilo Cavalcanti de malandro. Os n\u00fameros da seguran\u00e7a, especificamente dos crimes de homic\u00eddios, tem piorado na capital pernambucana. De acordo com informa\u00e7\u00f5es p\u00fablicas da Secretaria de Defesa Social (SDS), no primeiro bimestre&hellip;\" \/>\n<meta property=\"og:url\" content=\"https:\/\/blogdofarnesio.com.br\/?p=365544\" \/>\n<meta property=\"og:site_name\" content=\"Blog do Farn\u00e9sio\" \/>\n<meta property=\"article:publisher\" content=\"https:\/\/www.facebook.com\/BlogQuerSaberPolitica\/\" \/>\n<meta property=\"article:author\" content=\"https:\/\/www.facebook.com\/?ref=tn_tnmn\" \/>\n<meta property=\"article:published_time\" content=\"2024-04-07T12:00:06+00:00\" \/>\n<meta property=\"og:image\" content=\"https:\/\/blogdofarnesio.com.br\/wp-content\/uploads\/2019\/08\/blogqspMurilo-Cavalcanti-Secret\u00e1ro-de-Seguran\u00e7a-Urbana-do-Recife-1.jpg\" \/>\n\t<meta property=\"og:image:width\" content=\"640\" \/>\n\t<meta property=\"og:image:height\" content=\"427\" \/>\n\t<meta property=\"og:image:type\" content=\"image\/jpeg\" \/>\n<meta name=\"author\" content=\"Farn\u00e9sio\" \/>\n<meta name=\"twitter:card\" content=\"summary_large_image\" \/>\n<meta name=\"twitter:label1\" content=\"Escrito por\" \/>\n\t<meta name=\"twitter:data1\" content=\"Farn\u00e9sio\" \/>\n\t<meta name=\"twitter:label2\" content=\"Est. tempo de leitura\" \/>\n\t<meta name=\"twitter:data2\" content=\"2 minutos\" \/>\n<script type=\"application\/ld+json\" class=\"yoast-schema-graph\">{\"@context\":\"https:\\\/\\\/schema.org\",\"@graph\":[{\"@type\":\"Article\",\"@id\":\"https:\\\/\\\/blogdofarnesio.com.br\\\/?p=365544#article\",\"isPartOf\":{\"@id\":\"https:\\\/\\\/blogdofarnesio.com.br\\\/?p=365544\"},\"author\":{\"name\":\"Farn\u00e9sio\",\"@id\":\"https:\\\/\\\/blogdofarnesio.com.br\\\/#\\\/schema\\\/person\\\/bb9b23ae3ad0609ce8df7b6c9e76824d\"},\"headline\":\"Ap\u00f3s pol\u00eamica com prefeito do Rio de Janeiro, secret\u00e1rio de Seguran\u00e7a do Recife deixa o cargo\",\"datePublished\":\"2024-04-07T12:00:06+00:00\",\"mainEntityOfPage\":{\"@id\":\"https:\\\/\\\/blogdofarnesio.com.br\\\/?p=365544\"},\"wordCount\":286,\"commentCount\":0,\"publisher\":{\"@id\":\"https:\\\/\\\/blogdofarnesio.com.br\\\/#organization\"},\"image\":{\"@id\":\"https:\\\/\\\/blogdofarnesio.com.br\\\/?p=365544#primaryimage\"},\"thumbnailUrl\":\"https:\\\/\\\/blogdofarnesio.com.br\\\/wp-content\\\/uploads\\\/2019\\\/08\\\/blogqspMurilo-Cavalcanti-Secret\u00e1ro-de-Seguran\u00e7a-Urbana-do-Recife-1.jpg\",\"articleSection\":[\"Administra\u00e7\u00e3o\"],\"inLanguage\":\"pt-BR\",\"potentialAction\":[{\"@type\":\"CommentAction\",\"name\":\"Comment\",\"target\":[\"https:\\\/\\\/blogdofarnesio.com.br\\\/?p=365544#respond\"]}]},{\"@type\":\"WebPage\",\"@id\":\"https:\\\/\\\/blogdofarnesio.com.br\\\/?p=365544\",\"url\":\"https:\\\/\\\/blogdofarnesio.com.br\\\/?p=365544\",\"name\":\"Ap\u00f3s pol\u00eamica com prefeito do Rio de Janeiro, secret\u00e1rio de Seguran\u00e7a do Recife deixa o cargo - Blog do Farn\u00e9sio\",\"isPartOf\":{\"@id\":\"https:\\\/\\\/blogdofarnesio.com.br\\\/#website\"},\"primaryImageOfPage\":{\"@id\":\"https:\\\/\\\/blogdofarnesio.com.br\\\/?p=365544#primaryimage\"},\"image\":{\"@id\":\"https:\\\/\\\/blogdofarnesio.com.br\\\/?p=365544#primaryimage\"},\"thumbnailUrl\":\"https:\\\/\\\/blogdofarnesio.com.br\\\/wp-content\\\/uploads\\\/2019\\\/08\\\/blogqspMurilo-Cavalcanti-Secret\u00e1ro-de-Seguran\u00e7a-Urbana-do-Recife-1.jpg\",\"datePublished\":\"2024-04-07T12:00:06+00:00\",\"breadcrumb\":{\"@id\":\"https:\\\/\\\/blogdofarnesio.com.br\\\/?p=365544#breadcrumb\"},\"inLanguage\":\"pt-BR\",\"potentialAction\":[{\"@type\":\"ReadAction\",\"target\":[\"https:\\\/\\\/blogdofarnesio.com.br\\\/?p=365544\"]}]},{\"@type\":\"ImageObject\",\"inLanguage\":\"pt-BR\",\"@id\":\"https:\\\/\\\/blogdofarnesio.com.br\\\/?p=365544#primaryimage\",\"url\":\"https:\\\/\\\/blogdofarnesio.com.br\\\/wp-content\\\/uploads\\\/2019\\\/08\\\/blogqspMurilo-Cavalcanti-Secret\u00e1ro-de-Seguran\u00e7a-Urbana-do-Recife-1.jpg\",\"contentUrl\":\"https:\\\/\\\/blogdofarnesio.com.br\\\/wp-content\\\/uploads\\\/2019\\\/08\\\/blogqspMurilo-Cavalcanti-Secret\u00e1ro-de-Seguran\u00e7a-Urbana-do-Recife-1.jpg\",\"width\":640,\"height\":427},{\"@type\":\"BreadcrumbList\",\"@id\":\"https:\\\/\\\/blogdofarnesio.com.br\\\/?p=365544#breadcrumb\",\"itemListElement\":[{\"@type\":\"ListItem\",\"position\":1,\"name\":\"In\u00edcio\",\"item\":\"https:\\\/\\\/blogdofarnesio.com.br\\\/\"},{\"@type\":\"ListItem\",\"position\":2,\"name\":\"Ap\u00f3s pol\u00eamica com prefeito do Rio de Janeiro, secret\u00e1rio de Seguran\u00e7a do Recife deixa o cargo\"}]},{\"@type\":\"WebSite\",\"@id\":\"https:\\\/\\\/blogdofarnesio.com.br\\\/#website\",\"url\":\"https:\\\/\\\/blogdofarnesio.com.br\\\/\",\"name\":\"Blog do Farn\u00e9sio\",\"description\":\"Quer Saber Pol\u00edtica?\",\"publisher\":{\"@id\":\"https:\\\/\\\/blogdofarnesio.com.br\\\/#organization\"},\"potentialAction\":[{\"@type\":\"SearchAction\",\"target\":{\"@type\":\"EntryPoint\",\"urlTemplate\":\"https:\\\/\\\/blogdofarnesio.com.br\\\/?s={search_term_string}\"},\"query-input\":{\"@type\":\"PropertyValueSpecification\",\"valueRequired\":true,\"valueName\":\"search_term_string\"}}],\"inLanguage\":\"pt-BR\"},{\"@type\":\"Organization\",\"@id\":\"https:\\\/\\\/blogdofarnesio.com.br\\\/#organization\",\"name\":\"Blog do Farn\u00e9sio\",\"url\":\"https:\\\/\\\/blogdofarnesio.com.br\\\/\",\"logo\":{\"@type\":\"ImageObject\",\"inLanguage\":\"pt-BR\",\"@id\":\"https:\\\/\\\/blogdofarnesio.com.br\\\/#\\\/schema\\\/logo\\\/image\\\/\",\"url\":\"https:\\\/\\\/blogdofarnesio.com.br\\\/wp-content\\\/uploads\\\/2026\\\/03\\\/cropped-logo_new-1.png\",\"contentUrl\":\"https:\\\/\\\/blogdofarnesio.com.br\\\/wp-content\\\/uploads\\\/2026\\\/03\\\/cropped-logo_new-1.png\",\"width\":881,\"height\":685,\"caption\":\"Blog do Farn\u00e9sio\"},\"image\":{\"@id\":\"https:\\\/\\\/blogdofarnesio.com.br\\\/#\\\/schema\\\/logo\\\/image\\\/\"},\"sameAs\":[\"https:\\\/\\\/www.facebook.com\\\/BlogQuerSaberPolitica\\\/\"]},{\"@type\":\"Person\",\"@id\":\"https:\\\/\\\/blogdofarnesio.com.br\\\/#\\\/schema\\\/person\\\/bb9b23ae3ad0609ce8df7b6c9e76824d\",\"name\":\"Farn\u00e9sio\",\"image\":{\"@type\":\"ImageObject\",\"inLanguage\":\"pt-BR\",\"@id\":\"https:\\\/\\\/secure.gravatar.com\\\/avatar\\\/986aa4c61ccdb66f8555bf88fc2a65609d00bcabd4d2d94377a727547345cbca?s=96&d=mm&r=g\",\"url\":\"https:\\\/\\\/secure.gravatar.com\\\/avatar\\\/986aa4c61ccdb66f8555bf88fc2a65609d00bcabd4d2d94377a727547345cbca?s=96&d=mm&r=g\",\"contentUrl\":\"https:\\\/\\\/secure.gravatar.com\\\/avatar\\\/986aa4c61ccdb66f8555bf88fc2a65609d00bcabd4d2d94377a727547345cbca?s=96&d=mm&r=g\",\"caption\":\"Farn\u00e9sio\"},\"description\":\"Radialista blogueiro, chegou a Petrolina\\\/Juazeiro em setembro de 1980, Farn\u00e9sio Silva \u00e9 de Arapiraca-Alagoas.\",\"sameAs\":[\"http:\\\/\\\/blogdofarnesio.com.br\",\"https:\\\/\\\/www.facebook.com\\\/?ref=tn_tnmn\",\"https:\\\/\\\/www.instagram.com\\\/?utm_source=pwa_homescreen\",\"https:\\\/\\\/youtube.com.br\\\/\"],\"url\":\"https:\\\/\\\/blogdofarnesio.com.br\\\/?author=2\"}]}<\/script>\n<!-- \/ Yoast SEO plugin. -->","yoast_head_json":{"title":"Ap\u00f3s pol\u00eamica com prefeito do Rio de Janeiro, secret\u00e1rio de Seguran\u00e7a do Recife deixa o cargo - Blog do Farn\u00e9sio","robots":{"index":"index","follow":"follow","max-snippet":"max-snippet:-1","max-image-preview":"max-image-preview:large","max-video-preview":"max-video-preview:-1"},"canonical":"https:\/\/blogdofarnesio.com.br\/?p=365544","og_locale":"pt_BR","og_type":"article","og_title":"Ap\u00f3s pol\u00eamica com prefeito do Rio de Janeiro, secret\u00e1rio de Seguran\u00e7a do Recife deixa o cargo - Blog do Farn\u00e9sio","og_description":"Secret\u00e1rio de Seguran\u00e7a P\u00fablica do Recife desde 2013, no primeiro governo Geraldo J\u00falio (PSB), Murilo Cavalcanti pediu exonera\u00e7\u00e3o e n\u00e3o ocupa mais o cargo desde a \u00faltima sexta-feira (5). A partir deste s\u00e1bado, a pasta j\u00e1 est\u00e1 sob o comando do seu substituto, Paulo Roberto Xavier de Morais. A sa\u00edda coincide com a pol\u00eamica em torno de artigo publicado por Murilo, no jornal O Globo, no \u00faltimo s\u00e1bado (30), criticando a pol\u00edtica seguran\u00e7a no Rio de Janeiro. O artigo foi criticado pelo prefeito Eduardo Paes (MDB), que chamou Murilo Cavalcanti de malandro. Os n\u00fameros da seguran\u00e7a, especificamente dos crimes de homic\u00eddios, tem piorado na capital pernambucana. De acordo com informa\u00e7\u00f5es p\u00fablicas da Secretaria de Defesa Social (SDS), no primeiro bimestre&hellip;","og_url":"https:\/\/blogdofarnesio.com.br\/?p=365544","og_site_name":"Blog do Farn\u00e9sio","article_publisher":"https:\/\/www.facebook.com\/BlogQuerSaberPolitica\/","article_author":"https:\/\/www.facebook.com\/?ref=tn_tnmn","article_published_time":"2024-04-07T12:00:06+00:00","og_image":[{"width":640,"height":427,"url":"https:\/\/blogdofarnesio.com.br\/wp-content\/uploads\/2019\/08\/blogqspMurilo-Cavalcanti-Secret\u00e1ro-de-Seguran\u00e7a-Urbana-do-Recife-1.jpg","type":"image\/jpeg"}],"author":"Farn\u00e9sio","twitter_card":"summary_large_image","twitter_misc":{"Escrito por":"Farn\u00e9sio","Est. tempo de leitura":"2 minutos"},"schema":{"@context":"https:\/\/schema.org","@graph":[{"@type":"Article","@id":"https:\/\/blogdofarnesio.com.br\/?p=365544#article","isPartOf":{"@id":"https:\/\/blogdofarnesio.com.br\/?p=365544"},"author":{"name":"Farn\u00e9sio","@id":"https:\/\/blogdofarnesio.com.br\/#\/schema\/person\/bb9b23ae3ad0609ce8df7b6c9e76824d"},"headline":"Ap\u00f3s pol\u00eamica com prefeito do Rio de Janeiro, secret\u00e1rio de Seguran\u00e7a do Recife deixa o cargo","datePublished":"2024-04-07T12:00:06+00:00","mainEntityOfPage":{"@id":"https:\/\/blogdofarnesio.com.br\/?p=365544"},"wordCount":286,"commentCount":0,"publisher":{"@id":"https:\/\/blogdofarnesio.com.br\/#organization"},"image":{"@id":"https:\/\/blogdofarnesio.com.br\/?p=365544#primaryimage"},"thumbnailUrl":"https:\/\/blogdofarnesio.com.br\/wp-content\/uploads\/2019\/08\/blogqspMurilo-Cavalcanti-Secret\u00e1ro-de-Seguran\u00e7a-Urbana-do-Recife-1.jpg","articleSection":["Administra\u00e7\u00e3o"],"inLanguage":"pt-BR","potentialAction":[{"@type":"CommentAction","name":"Comment","target":["https:\/\/blogdofarnesio.com.br\/?p=365544#respond"]}]},{"@type":"WebPage","@id":"https:\/\/blogdofarnesio.com.br\/?p=365544","url":"https:\/\/blogdofarnesio.com.br\/?p=365544","name":"Ap\u00f3s pol\u00eamica com prefeito do Rio de Janeiro, secret\u00e1rio de Seguran\u00e7a do Recife deixa o cargo - Blog do Farn\u00e9sio","isPartOf":{"@id":"https:\/\/blogdofarnesio.com.br\/#website"},"primaryImageOfPage":{"@id":"https:\/\/blogdofarnesio.com.br\/?p=365544#primaryimage"},"image":{"@id":"https:\/\/blogdofarnesio.com.br\/?p=365544#primaryimage"},"thumbnailUrl":"https:\/\/blogdofarnesio.com.br\/wp-content\/uploads\/2019\/08\/blogqspMurilo-Cavalcanti-Secret\u00e1ro-de-Seguran\u00e7a-Urbana-do-Recife-1.jpg","datePublished":"2024-04-07T12:00:06+00:00","breadcrumb":{"@id":"https:\/\/blogdofarnesio.com.br\/?p=365544#breadcrumb"},"inLanguage":"pt-BR","potentialAction":[{"@type":"ReadAction","target":["https:\/\/blogdofarnesio.com.br\/?p=365544"]}]},{"@type":"ImageObject","inLanguage":"pt-BR","@id":"https:\/\/blogdofarnesio.com.br\/?p=365544#primaryimage","url":"https:\/\/blogdofarnesio.com.br\/wp-content\/uploads\/2019\/08\/blogqspMurilo-Cavalcanti-Secret\u00e1ro-de-Seguran\u00e7a-Urbana-do-Recife-1.jpg","contentUrl":"https:\/\/blogdofarnesio.com.br\/wp-content\/uploads\/2019\/08\/blogqspMurilo-Cavalcanti-Secret\u00e1ro-de-Seguran\u00e7a-Urbana-do-Recife-1.jpg","width":640,"height":427},{"@type":"BreadcrumbList","@id":"https:\/\/blogdofarnesio.com.br\/?p=365544#breadcrumb","itemListElement":[{"@type":"ListItem","position":1,"name":"In\u00edcio","item":"https:\/\/blogdofarnesio.com.br\/"},{"@type":"ListItem","position":2,"name":"Ap\u00f3s pol\u00eamica com prefeito do Rio de Janeiro, secret\u00e1rio de Seguran\u00e7a do Recife deixa o cargo"}]},{"@type":"WebSite","@id":"https:\/\/blogdofarnesio.com.br\/#website","url":"https:\/\/blogdofarnesio.com.br\/","name":"Blog do Farn\u00e9sio","description":"Quer Saber Pol\u00edtica?","publisher":{"@id":"https:\/\/blogdofarnesio.com.br\/#organization"},"potentialAction":[{"@type":"SearchAction","target":{"@type":"EntryPoint","urlTemplate":"https:\/\/blogdofarnesio.com.br\/?s={search_term_string}"},"query-input":{"@type":"PropertyValueSpecification","valueRequired":true,"valueName":"search_term_string"}}],"inLanguage":"pt-BR"},{"@type":"Organization","@id":"https:\/\/blogdofarnesio.com.br\/#organization","name":"Blog do Farn\u00e9sio","url":"https:\/\/blogdofarnesio.com.br\/","logo":{"@type":"ImageObject","inLanguage":"pt-BR","@id":"https:\/\/blogdofarnesio.com.br\/#\/schema\/logo\/image\/","url":"https:\/\/blogdofarnesio.com.br\/wp-content\/uploads\/2026\/03\/cropped-logo_new-1.png","contentUrl":"https:\/\/blogdofarnesio.com.br\/wp-content\/uploads\/2026\/03\/cropped-logo_new-1.png","width":881,"height":685,"caption":"Blog do Farn\u00e9sio"},"image":{"@id":"https:\/\/blogdofarnesio.com.br\/#\/schema\/logo\/image\/"},"sameAs":["https:\/\/www.facebook.com\/BlogQuerSaberPolitica\/"]},{"@type":"Person","@id":"https:\/\/blogdofarnesio.com.br\/#\/schema\/person\/bb9b23ae3ad0609ce8df7b6c9e76824d","name":"Farn\u00e9sio","image":{"@type":"ImageObject","inLanguage":"pt-BR","@id":"https:\/\/secure.gravatar.com\/avatar\/986aa4c61ccdb66f8555bf88fc2a65609d00bcabd4d2d94377a727547345cbca?s=96&d=mm&r=g","url":"https:\/\/secure.gravatar.com\/avatar\/986aa4c61ccdb66f8555bf88fc2a65609d00bcabd4d2d94377a727547345cbca?s=96&d=mm&r=g","contentUrl":"https:\/\/secure.gravatar.com\/avatar\/986aa4c61ccdb66f8555bf88fc2a65609d00bcabd4d2d94377a727547345cbca?s=96&d=mm&r=g","caption":"Farn\u00e9sio"},"description":"Radialista blogueiro, chegou a Petrolina\/Juazeiro em setembro de 1980, Farn\u00e9sio Silva \u00e9 de Arapiraca-Alagoas.","sameAs":["http:\/\/blogdofarnesio.com.br","https:\/\/www.facebook.com\/?ref=tn_tnmn","https:\/\/www.instagram.com\/?utm_source=pwa_homescreen","https:\/\/youtube.com.br\/"],"url":"https:\/\/blogdofarnesio.com.br\/?author=2"}]}},"_links":{"self":[{"href":"https:\/\/blogdofarnesio.com.br\/index.php?rest_route=\/wp\/v2\/posts\/365544","targetHints":{"allow":["GET"]}}],"collection":[{"href":"https:\/\/blogdofarnesio.com.br\/index.php?rest_route=\/wp\/v2\/posts"}],"about":[{"href":"https:\/\/blogdofarnesio.com.br\/index.php?rest_route=\/wp\/v2\/types\/post"}],"author":[{"embeddable":true,"href":"https:\/\/blogdofarnesio.com.br\/index.php?rest_route=\/wp\/v2\/users\/2"}],"replies":[{"embeddable":true,"href":"https:\/\/blogdofarnesio.com.br\/index.php?rest_route=%2Fwp%2Fv2%2Fcomments&post=365544"}],"version-history":[{"count":0,"href":"https:\/\/blogdofarnesio.com.br\/index.php?rest_route=\/wp\/v2\/posts\/365544\/revisions"}],"wp:featuredmedia":[{"embeddable":true,"href":"https:\/\/blogdofarnesio.com.br\/index.php?rest_route=\/wp\/v2\/media\/235625"}],"wp:attachment":[{"href":"https:\/\/blogdofarnesio.com.br\/index.php?rest_route=%2Fwp%2Fv2%2Fmedia&parent=365544"}],"wp:term":[{"taxonomy":"category","embeddable":true,"href":"https:\/\/blogdofarnesio.com.br\/index.php?rest_route=%2Fwp%2Fv2%2Fcategories&post=365544"},{"taxonomy":"post_tag","embeddable":true,"href":"https:\/\/blogdofarnesio.com.br\/index.php?rest_route=%2Fwp%2Fv2%2Ftags&post=365544"}],"curies":[{"name":"wp","href":"https:\/\/api.w.org\/{rel}","templated":true}]}}