{"id":365539,"date":"2024-04-07T11:29:01","date_gmt":"2024-04-07T14:29:01","guid":{"rendered":"https:\/\/blogdofarnesio.com.br\/?p=365539"},"modified":"2024-04-06T19:33:41","modified_gmt":"2024-04-06T22:33:41","slug":"artistas-e-politicos-lamentam-nas-redes-a-morte-de-ziraldo","status":"publish","type":"post","link":"https:\/\/blogdofarnesio.com.br\/?p=365539","title":{"rendered":"Artistas e pol\u00edticos lamentam nas redes a morte de Ziraldo"},"content":{"rendered":"<p>A morte do caricaturista, chargista e escritor Ziraldo neste s\u00e1bado (6), causou como\u00e7\u00e3o nas redes sociais entre admiradores de todas as idades e dos mais diferentes perfis. Desenhista e criador da Turma da M\u00f4nica, Maur\u00edcio de Sousa diz que perdeu um irm\u00e3o.<\/p>\n<p>\u201cQue tristeza! N\u00e3o tenho palavras. Perdi mais que um grande amigo. Perdi um irm\u00e3o. Das letras, dos tra\u00e7os e da vida! Mas ele estar\u00e1 sempre em meu cora\u00e7\u00e3o. E nos cora\u00e7\u00f5es de milh\u00f5es de brasileiros maluquinhos de todas as idades, que seguir\u00e3o apaixonados por sua obra. Viva, Ziraldo!\u201d<\/p>\n<p>Lula<\/p>\n<p>O presidente Luiz In\u00e1cio Lula da Silva lamentou a morte do pai do Menino Maluquinho. Afirmou que Ziraldo foi um dos maiores expoentes da cultura, da imprensa, da literatura infantil e do imagin\u00e1rio do pa\u00eds. \u201cO Menino Maluquinho, seu personagem mais conhecido, povoou mentes e a imagina\u00e7\u00e3o de crian\u00e7as de todas as idades em todas as regi\u00f5es.<\/p>\n<p>Um livro que virou filme, pe\u00e7as, pautou m\u00fasicas e vem sendo passado de pais para filhos como sin\u00f4nimo de inoc\u00eancia, curiosidade e beleza, al\u00e9m de um olhar esperan\u00e7oso em rela\u00e7\u00e3o aos imensos potenciais do mundo em que vivemos\u201d, disse o presidente.<\/p>\n<p>\u201cS\u00e3o in\u00fameras e diversas as contribui\u00e7\u00f5es de Ziraldo, seja com a Turma do Perer\u00ea, em seu trabalho \u00e0 frente do Pasquim, nos anos da ditadura, em livros inesquec\u00edveis, como Flicts, e num extenso trabalho em revistas e jornais brasileiros. Na defesa da imagina\u00e7\u00e3o, de um Brasil mais justo, com democracia e liberdade de express\u00e3o. Nesse momento de imensa tristeza, me solidarizo com os familiares, amigos, parentes e f\u00e3s de Ziraldo\u201d, acrescentou no posto em rede social.<\/p>\n<p>Para a ministra da Cultura, Margareth Menezes, \u00e9 partida do escritor \u00e9 uma perda irrepar\u00e1vel. \u201cZiraldo foi uma fonte de inspira\u00e7\u00e3o. Lembro-me do tempo em que participei de uma montagem baiana da pe\u00e7a \u2018O Menino Maluquinho\u2019. Tive a oportunidade de conhec\u00ea-lo pessoalmente. Obrigada por tudo, Ziraldo. Sua partida deixa um vazio imenso\u201d.<\/p>\n<p>O partido PSol, ao qual Ziraldo foi filiado, tamb\u00e9m se manifestou nas redes sociais. A logomarca do partido \u00e9 uma obra do cartunista. \u201cO PSOL recebe com tristeza a not\u00edcia da morte de Ziraldo, um dos maiores cartunistas brasileiros e grande artista. Muitos n\u00e3o sabem, mas foi Ziraldo quem criou o sol da nossa logomarca, o que muito nos honra. Mandamos abra\u00e7os apertados aos familiares e amigos. Descanse em paz\u201d, diz o partido, em rede social.<\/p>\n<p>Ele tamb\u00e9m foi homenageado pelo time de cora\u00e7\u00e3o. Pelas redes sociais, o Flamengo se despediu do cartunista.<\/p>\n<p>\u201cNot\u00f3rio rubro-negro, Ziraldo nos deu o privil\u00e9gio de tra\u00e7ar nossa hist\u00f3ria. Em 2012, foi dele a ilustra\u00e7\u00e3o que representou o centen\u00e1rio do futebol do Flamengo. Ele se intitulava \u2018o rubro-negro mais antigo em atividade\u2019. De Caratinga, em Minas Gerais, para o mundo. Ziraldo conquistou a todos n\u00f3s com carinho e bom humor. E a paix\u00e3o vermelha-e-preta sempre esteve junto. Seu personagem mais conhecido, o Menino Maluquinho, era Flamengo. Quem disse foi o pr\u00f3prio Ziraldo\u2026\u201d.<\/p>\n<p>\u00c9 de Ziraldo o livro \u201cO Mais Querido do Brasil em Quadrinhos\u201d. Nele, o cartunista conta a hist\u00f3ria do clube atrav\u00e9s de seus tra\u00e7os e tamb\u00e9m sua pr\u00f3pria rela\u00e7\u00e3o com o Flamengo.<\/p>\n<p>&nbsp;<\/p>\n<p><span class=\"assinatura_exclusiva\">Ag\u00eancia Brasil<\/span><\/p>\n","protected":false},"excerpt":{"rendered":"<p>A morte do caricaturista, chargista e escritor Ziraldo neste s\u00e1bado (6), causou como\u00e7\u00e3o nas redes sociais entre admiradores de todas as idades e dos mais diferentes perfis. Desenhista e criador da Turma da M\u00f4nica, Maur\u00edcio de Sousa diz que perdeu um irm\u00e3o. \u201cQue tristeza! N\u00e3o tenho palavras. Perdi mais que um grande amigo. Perdi um irm\u00e3o. Das letras, dos tra\u00e7os e da vida! Mas ele estar\u00e1 sempre em meu cora\u00e7\u00e3o. E nos cora\u00e7\u00f5es de milh\u00f5es de brasileiros maluquinhos de todas as idades, que seguir\u00e3o apaixonados por sua obra. Viva, Ziraldo!\u201d Lula O presidente Luiz In\u00e1cio Lula da Silva lamentou a morte do pai do Menino Maluquinho. Afirmou que Ziraldo foi um dos maiores expoentes da cultura, da imprensa, da literatura&hellip; <\/p>\n","protected":false},"author":2,"featured_media":365540,"comment_status":"open","ping_status":"open","sticky":false,"template":"","format":"standard","meta":{"_acf_changed":false,"footnotes":""},"categories":[10],"tags":[],"class_list":["post-365539","post","type-post","status-publish","format-standard","has-post-thumbnail","hentry","category-cultura"],"acf":[],"yoast_head":"<!-- This site is optimized with the Yoast SEO plugin v27.4 - https:\/\/yoast.com\/product\/yoast-seo-wordpress\/ -->\n<title>Artistas e pol\u00edticos lamentam nas redes a morte de Ziraldo - Blog do Farn\u00e9sio<\/title>\n<meta name=\"robots\" content=\"index, follow, max-snippet:-1, max-image-preview:large, max-video-preview:-1\" \/>\n<link rel=\"canonical\" href=\"https:\/\/blogdofarnesio.com.br\/?p=365539\" \/>\n<meta property=\"og:locale\" content=\"pt_BR\" \/>\n<meta property=\"og:type\" content=\"article\" \/>\n<meta property=\"og:title\" content=\"Artistas e pol\u00edticos lamentam nas redes a morte de Ziraldo - Blog do Farn\u00e9sio\" \/>\n<meta property=\"og:description\" content=\"A morte do caricaturista, chargista e escritor Ziraldo neste s\u00e1bado (6), causou como\u00e7\u00e3o nas redes sociais entre admiradores de todas as idades e dos mais diferentes perfis. Desenhista e criador da Turma da M\u00f4nica, Maur\u00edcio de Sousa diz que perdeu um irm\u00e3o. \u201cQue tristeza! N\u00e3o tenho palavras. Perdi mais que um grande amigo. Perdi um irm\u00e3o. Das letras, dos tra\u00e7os e da vida! Mas ele estar\u00e1 sempre em meu cora\u00e7\u00e3o. E nos cora\u00e7\u00f5es de milh\u00f5es de brasileiros maluquinhos de todas as idades, que seguir\u00e3o apaixonados por sua obra. Viva, Ziraldo!\u201d Lula O presidente Luiz In\u00e1cio Lula da Silva lamentou a morte do pai do Menino Maluquinho. Afirmou que Ziraldo foi um dos maiores expoentes da cultura, da imprensa, da literatura&hellip;\" \/>\n<meta property=\"og:url\" content=\"https:\/\/blogdofarnesio.com.br\/?p=365539\" \/>\n<meta property=\"og:site_name\" content=\"Blog do Farn\u00e9sio\" \/>\n<meta property=\"article:publisher\" content=\"https:\/\/www.facebook.com\/BlogQuerSaberPolitica\/\" \/>\n<meta property=\"article:author\" content=\"https:\/\/www.facebook.com\/?ref=tn_tnmn\" \/>\n<meta property=\"article:published_time\" content=\"2024-04-07T14:29:01+00:00\" \/>\n<meta property=\"og:image\" content=\"https:\/\/blogdofarnesio.com.br\/wp-content\/uploads\/2024\/04\/blogqspziraldo-e1712442730186.jpg\" \/>\n\t<meta property=\"og:image:width\" content=\"585\" \/>\n\t<meta property=\"og:image:height\" content=\"399\" \/>\n\t<meta property=\"og:image:type\" content=\"image\/jpeg\" \/>\n<meta name=\"author\" content=\"Farn\u00e9sio\" \/>\n<meta name=\"twitter:card\" content=\"summary_large_image\" \/>\n<meta name=\"twitter:label1\" content=\"Escrito por\" \/>\n\t<meta name=\"twitter:data1\" content=\"Farn\u00e9sio\" \/>\n\t<meta name=\"twitter:label2\" content=\"Est. tempo de leitura\" \/>\n\t<meta name=\"twitter:data2\" content=\"4 minutos\" \/>\n<script type=\"application\/ld+json\" class=\"yoast-schema-graph\">{\"@context\":\"https:\\\/\\\/schema.org\",\"@graph\":[{\"@type\":\"Article\",\"@id\":\"https:\\\/\\\/blogdofarnesio.com.br\\\/?p=365539#article\",\"isPartOf\":{\"@id\":\"https:\\\/\\\/blogdofarnesio.com.br\\\/?p=365539\"},\"author\":{\"name\":\"Farn\u00e9sio\",\"@id\":\"https:\\\/\\\/blogdofarnesio.com.br\\\/#\\\/schema\\\/person\\\/bb9b23ae3ad0609ce8df7b6c9e76824d\"},\"headline\":\"Artistas e pol\u00edticos lamentam nas redes a morte de Ziraldo\",\"datePublished\":\"2024-04-07T14:29:01+00:00\",\"mainEntityOfPage\":{\"@id\":\"https:\\\/\\\/blogdofarnesio.com.br\\\/?p=365539\"},\"wordCount\":581,\"commentCount\":0,\"publisher\":{\"@id\":\"https:\\\/\\\/blogdofarnesio.com.br\\\/#organization\"},\"image\":{\"@id\":\"https:\\\/\\\/blogdofarnesio.com.br\\\/?p=365539#primaryimage\"},\"thumbnailUrl\":\"https:\\\/\\\/blogdofarnesio.com.br\\\/wp-content\\\/uploads\\\/2024\\\/04\\\/blogqspziraldo-e1712442730186.jpg\",\"articleSection\":[\"Cultura\"],\"inLanguage\":\"pt-BR\",\"potentialAction\":[{\"@type\":\"CommentAction\",\"name\":\"Comment\",\"target\":[\"https:\\\/\\\/blogdofarnesio.com.br\\\/?p=365539#respond\"]}]},{\"@type\":\"WebPage\",\"@id\":\"https:\\\/\\\/blogdofarnesio.com.br\\\/?p=365539\",\"url\":\"https:\\\/\\\/blogdofarnesio.com.br\\\/?p=365539\",\"name\":\"Artistas e pol\u00edticos lamentam nas redes a morte de Ziraldo - Blog do Farn\u00e9sio\",\"isPartOf\":{\"@id\":\"https:\\\/\\\/blogdofarnesio.com.br\\\/#website\"},\"primaryImageOfPage\":{\"@id\":\"https:\\\/\\\/blogdofarnesio.com.br\\\/?p=365539#primaryimage\"},\"image\":{\"@id\":\"https:\\\/\\\/blogdofarnesio.com.br\\\/?p=365539#primaryimage\"},\"thumbnailUrl\":\"https:\\\/\\\/blogdofarnesio.com.br\\\/wp-content\\\/uploads\\\/2024\\\/04\\\/blogqspziraldo-e1712442730186.jpg\",\"datePublished\":\"2024-04-07T14:29:01+00:00\",\"breadcrumb\":{\"@id\":\"https:\\\/\\\/blogdofarnesio.com.br\\\/?p=365539#breadcrumb\"},\"inLanguage\":\"pt-BR\",\"potentialAction\":[{\"@type\":\"ReadAction\",\"target\":[\"https:\\\/\\\/blogdofarnesio.com.br\\\/?p=365539\"]}]},{\"@type\":\"ImageObject\",\"inLanguage\":\"pt-BR\",\"@id\":\"https:\\\/\\\/blogdofarnesio.com.br\\\/?p=365539#primaryimage\",\"url\":\"https:\\\/\\\/blogdofarnesio.com.br\\\/wp-content\\\/uploads\\\/2024\\\/04\\\/blogqspziraldo-e1712442730186.jpg\",\"contentUrl\":\"https:\\\/\\\/blogdofarnesio.com.br\\\/wp-content\\\/uploads\\\/2024\\\/04\\\/blogqspziraldo-e1712442730186.jpg\",\"width\":585,\"height\":399},{\"@type\":\"BreadcrumbList\",\"@id\":\"https:\\\/\\\/blogdofarnesio.com.br\\\/?p=365539#breadcrumb\",\"itemListElement\":[{\"@type\":\"ListItem\",\"position\":1,\"name\":\"In\u00edcio\",\"item\":\"https:\\\/\\\/blogdofarnesio.com.br\\\/\"},{\"@type\":\"ListItem\",\"position\":2,\"name\":\"Artistas e pol\u00edticos lamentam nas redes a morte de Ziraldo\"}]},{\"@type\":\"WebSite\",\"@id\":\"https:\\\/\\\/blogdofarnesio.com.br\\\/#website\",\"url\":\"https:\\\/\\\/blogdofarnesio.com.br\\\/\",\"name\":\"Blog do Farn\u00e9sio\",\"description\":\"Quer Saber Pol\u00edtica?\",\"publisher\":{\"@id\":\"https:\\\/\\\/blogdofarnesio.com.br\\\/#organization\"},\"potentialAction\":[{\"@type\":\"SearchAction\",\"target\":{\"@type\":\"EntryPoint\",\"urlTemplate\":\"https:\\\/\\\/blogdofarnesio.com.br\\\/?s={search_term_string}\"},\"query-input\":{\"@type\":\"PropertyValueSpecification\",\"valueRequired\":true,\"valueName\":\"search_term_string\"}}],\"inLanguage\":\"pt-BR\"},{\"@type\":\"Organization\",\"@id\":\"https:\\\/\\\/blogdofarnesio.com.br\\\/#organization\",\"name\":\"Blog do Farn\u00e9sio\",\"url\":\"https:\\\/\\\/blogdofarnesio.com.br\\\/\",\"logo\":{\"@type\":\"ImageObject\",\"inLanguage\":\"pt-BR\",\"@id\":\"https:\\\/\\\/blogdofarnesio.com.br\\\/#\\\/schema\\\/logo\\\/image\\\/\",\"url\":\"https:\\\/\\\/blogdofarnesio.com.br\\\/wp-content\\\/uploads\\\/2026\\\/03\\\/cropped-logo_new-1.png\",\"contentUrl\":\"https:\\\/\\\/blogdofarnesio.com.br\\\/wp-content\\\/uploads\\\/2026\\\/03\\\/cropped-logo_new-1.png\",\"width\":881,\"height\":685,\"caption\":\"Blog do Farn\u00e9sio\"},\"image\":{\"@id\":\"https:\\\/\\\/blogdofarnesio.com.br\\\/#\\\/schema\\\/logo\\\/image\\\/\"},\"sameAs\":[\"https:\\\/\\\/www.facebook.com\\\/BlogQuerSaberPolitica\\\/\"]},{\"@type\":\"Person\",\"@id\":\"https:\\\/\\\/blogdofarnesio.com.br\\\/#\\\/schema\\\/person\\\/bb9b23ae3ad0609ce8df7b6c9e76824d\",\"name\":\"Farn\u00e9sio\",\"image\":{\"@type\":\"ImageObject\",\"inLanguage\":\"pt-BR\",\"@id\":\"https:\\\/\\\/secure.gravatar.com\\\/avatar\\\/986aa4c61ccdb66f8555bf88fc2a65609d00bcabd4d2d94377a727547345cbca?s=96&d=mm&r=g\",\"url\":\"https:\\\/\\\/secure.gravatar.com\\\/avatar\\\/986aa4c61ccdb66f8555bf88fc2a65609d00bcabd4d2d94377a727547345cbca?s=96&d=mm&r=g\",\"contentUrl\":\"https:\\\/\\\/secure.gravatar.com\\\/avatar\\\/986aa4c61ccdb66f8555bf88fc2a65609d00bcabd4d2d94377a727547345cbca?s=96&d=mm&r=g\",\"caption\":\"Farn\u00e9sio\"},\"description\":\"Radialista blogueiro, chegou a Petrolina\\\/Juazeiro em setembro de 1980, Farn\u00e9sio Silva \u00e9 de Arapiraca-Alagoas.\",\"sameAs\":[\"http:\\\/\\\/blogdofarnesio.com.br\",\"https:\\\/\\\/www.facebook.com\\\/?ref=tn_tnmn\",\"https:\\\/\\\/www.instagram.com\\\/?utm_source=pwa_homescreen\",\"https:\\\/\\\/youtube.com.br\\\/\"],\"url\":\"https:\\\/\\\/blogdofarnesio.com.br\\\/?author=2\"}]}<\/script>\n<!-- \/ Yoast SEO plugin. -->","yoast_head_json":{"title":"Artistas e pol\u00edticos lamentam nas redes a morte de Ziraldo - Blog do Farn\u00e9sio","robots":{"index":"index","follow":"follow","max-snippet":"max-snippet:-1","max-image-preview":"max-image-preview:large","max-video-preview":"max-video-preview:-1"},"canonical":"https:\/\/blogdofarnesio.com.br\/?p=365539","og_locale":"pt_BR","og_type":"article","og_title":"Artistas e pol\u00edticos lamentam nas redes a morte de Ziraldo - Blog do Farn\u00e9sio","og_description":"A morte do caricaturista, chargista e escritor Ziraldo neste s\u00e1bado (6), causou como\u00e7\u00e3o nas redes sociais entre admiradores de todas as idades e dos mais diferentes perfis. Desenhista e criador da Turma da M\u00f4nica, Maur\u00edcio de Sousa diz que perdeu um irm\u00e3o. \u201cQue tristeza! N\u00e3o tenho palavras. Perdi mais que um grande amigo. Perdi um irm\u00e3o. Das letras, dos tra\u00e7os e da vida! Mas ele estar\u00e1 sempre em meu cora\u00e7\u00e3o. E nos cora\u00e7\u00f5es de milh\u00f5es de brasileiros maluquinhos de todas as idades, que seguir\u00e3o apaixonados por sua obra. Viva, Ziraldo!\u201d Lula O presidente Luiz In\u00e1cio Lula da Silva lamentou a morte do pai do Menino Maluquinho. Afirmou que Ziraldo foi um dos maiores expoentes da cultura, da imprensa, da literatura&hellip;","og_url":"https:\/\/blogdofarnesio.com.br\/?p=365539","og_site_name":"Blog do Farn\u00e9sio","article_publisher":"https:\/\/www.facebook.com\/BlogQuerSaberPolitica\/","article_author":"https:\/\/www.facebook.com\/?ref=tn_tnmn","article_published_time":"2024-04-07T14:29:01+00:00","og_image":[{"width":585,"height":399,"url":"https:\/\/blogdofarnesio.com.br\/wp-content\/uploads\/2024\/04\/blogqspziraldo-e1712442730186.jpg","type":"image\/jpeg"}],"author":"Farn\u00e9sio","twitter_card":"summary_large_image","twitter_misc":{"Escrito por":"Farn\u00e9sio","Est. tempo de leitura":"4 minutos"},"schema":{"@context":"https:\/\/schema.org","@graph":[{"@type":"Article","@id":"https:\/\/blogdofarnesio.com.br\/?p=365539#article","isPartOf":{"@id":"https:\/\/blogdofarnesio.com.br\/?p=365539"},"author":{"name":"Farn\u00e9sio","@id":"https:\/\/blogdofarnesio.com.br\/#\/schema\/person\/bb9b23ae3ad0609ce8df7b6c9e76824d"},"headline":"Artistas e pol\u00edticos lamentam nas redes a morte de Ziraldo","datePublished":"2024-04-07T14:29:01+00:00","mainEntityOfPage":{"@id":"https:\/\/blogdofarnesio.com.br\/?p=365539"},"wordCount":581,"commentCount":0,"publisher":{"@id":"https:\/\/blogdofarnesio.com.br\/#organization"},"image":{"@id":"https:\/\/blogdofarnesio.com.br\/?p=365539#primaryimage"},"thumbnailUrl":"https:\/\/blogdofarnesio.com.br\/wp-content\/uploads\/2024\/04\/blogqspziraldo-e1712442730186.jpg","articleSection":["Cultura"],"inLanguage":"pt-BR","potentialAction":[{"@type":"CommentAction","name":"Comment","target":["https:\/\/blogdofarnesio.com.br\/?p=365539#respond"]}]},{"@type":"WebPage","@id":"https:\/\/blogdofarnesio.com.br\/?p=365539","url":"https:\/\/blogdofarnesio.com.br\/?p=365539","name":"Artistas e pol\u00edticos lamentam nas redes a morte de Ziraldo - Blog do Farn\u00e9sio","isPartOf":{"@id":"https:\/\/blogdofarnesio.com.br\/#website"},"primaryImageOfPage":{"@id":"https:\/\/blogdofarnesio.com.br\/?p=365539#primaryimage"},"image":{"@id":"https:\/\/blogdofarnesio.com.br\/?p=365539#primaryimage"},"thumbnailUrl":"https:\/\/blogdofarnesio.com.br\/wp-content\/uploads\/2024\/04\/blogqspziraldo-e1712442730186.jpg","datePublished":"2024-04-07T14:29:01+00:00","breadcrumb":{"@id":"https:\/\/blogdofarnesio.com.br\/?p=365539#breadcrumb"},"inLanguage":"pt-BR","potentialAction":[{"@type":"ReadAction","target":["https:\/\/blogdofarnesio.com.br\/?p=365539"]}]},{"@type":"ImageObject","inLanguage":"pt-BR","@id":"https:\/\/blogdofarnesio.com.br\/?p=365539#primaryimage","url":"https:\/\/blogdofarnesio.com.br\/wp-content\/uploads\/2024\/04\/blogqspziraldo-e1712442730186.jpg","contentUrl":"https:\/\/blogdofarnesio.com.br\/wp-content\/uploads\/2024\/04\/blogqspziraldo-e1712442730186.jpg","width":585,"height":399},{"@type":"BreadcrumbList","@id":"https:\/\/blogdofarnesio.com.br\/?p=365539#breadcrumb","itemListElement":[{"@type":"ListItem","position":1,"name":"In\u00edcio","item":"https:\/\/blogdofarnesio.com.br\/"},{"@type":"ListItem","position":2,"name":"Artistas e pol\u00edticos lamentam nas redes a morte de Ziraldo"}]},{"@type":"WebSite","@id":"https:\/\/blogdofarnesio.com.br\/#website","url":"https:\/\/blogdofarnesio.com.br\/","name":"Blog do Farn\u00e9sio","description":"Quer Saber Pol\u00edtica?","publisher":{"@id":"https:\/\/blogdofarnesio.com.br\/#organization"},"potentialAction":[{"@type":"SearchAction","target":{"@type":"EntryPoint","urlTemplate":"https:\/\/blogdofarnesio.com.br\/?s={search_term_string}"},"query-input":{"@type":"PropertyValueSpecification","valueRequired":true,"valueName":"search_term_string"}}],"inLanguage":"pt-BR"},{"@type":"Organization","@id":"https:\/\/blogdofarnesio.com.br\/#organization","name":"Blog do Farn\u00e9sio","url":"https:\/\/blogdofarnesio.com.br\/","logo":{"@type":"ImageObject","inLanguage":"pt-BR","@id":"https:\/\/blogdofarnesio.com.br\/#\/schema\/logo\/image\/","url":"https:\/\/blogdofarnesio.com.br\/wp-content\/uploads\/2026\/03\/cropped-logo_new-1.png","contentUrl":"https:\/\/blogdofarnesio.com.br\/wp-content\/uploads\/2026\/03\/cropped-logo_new-1.png","width":881,"height":685,"caption":"Blog do Farn\u00e9sio"},"image":{"@id":"https:\/\/blogdofarnesio.com.br\/#\/schema\/logo\/image\/"},"sameAs":["https:\/\/www.facebook.com\/BlogQuerSaberPolitica\/"]},{"@type":"Person","@id":"https:\/\/blogdofarnesio.com.br\/#\/schema\/person\/bb9b23ae3ad0609ce8df7b6c9e76824d","name":"Farn\u00e9sio","image":{"@type":"ImageObject","inLanguage":"pt-BR","@id":"https:\/\/secure.gravatar.com\/avatar\/986aa4c61ccdb66f8555bf88fc2a65609d00bcabd4d2d94377a727547345cbca?s=96&d=mm&r=g","url":"https:\/\/secure.gravatar.com\/avatar\/986aa4c61ccdb66f8555bf88fc2a65609d00bcabd4d2d94377a727547345cbca?s=96&d=mm&r=g","contentUrl":"https:\/\/secure.gravatar.com\/avatar\/986aa4c61ccdb66f8555bf88fc2a65609d00bcabd4d2d94377a727547345cbca?s=96&d=mm&r=g","caption":"Farn\u00e9sio"},"description":"Radialista blogueiro, chegou a Petrolina\/Juazeiro em setembro de 1980, Farn\u00e9sio Silva \u00e9 de Arapiraca-Alagoas.","sameAs":["http:\/\/blogdofarnesio.com.br","https:\/\/www.facebook.com\/?ref=tn_tnmn","https:\/\/www.instagram.com\/?utm_source=pwa_homescreen","https:\/\/youtube.com.br\/"],"url":"https:\/\/blogdofarnesio.com.br\/?author=2"}]}},"_links":{"self":[{"href":"https:\/\/blogdofarnesio.com.br\/index.php?rest_route=\/wp\/v2\/posts\/365539","targetHints":{"allow":["GET"]}}],"collection":[{"href":"https:\/\/blogdofarnesio.com.br\/index.php?rest_route=\/wp\/v2\/posts"}],"about":[{"href":"https:\/\/blogdofarnesio.com.br\/index.php?rest_route=\/wp\/v2\/types\/post"}],"author":[{"embeddable":true,"href":"https:\/\/blogdofarnesio.com.br\/index.php?rest_route=\/wp\/v2\/users\/2"}],"replies":[{"embeddable":true,"href":"https:\/\/blogdofarnesio.com.br\/index.php?rest_route=%2Fwp%2Fv2%2Fcomments&post=365539"}],"version-history":[{"count":0,"href":"https:\/\/blogdofarnesio.com.br\/index.php?rest_route=\/wp\/v2\/posts\/365539\/revisions"}],"wp:featuredmedia":[{"embeddable":true,"href":"https:\/\/blogdofarnesio.com.br\/index.php?rest_route=\/wp\/v2\/media\/365540"}],"wp:attachment":[{"href":"https:\/\/blogdofarnesio.com.br\/index.php?rest_route=%2Fwp%2Fv2%2Fmedia&parent=365539"}],"wp:term":[{"taxonomy":"category","embeddable":true,"href":"https:\/\/blogdofarnesio.com.br\/index.php?rest_route=%2Fwp%2Fv2%2Fcategories&post=365539"},{"taxonomy":"post_tag","embeddable":true,"href":"https:\/\/blogdofarnesio.com.br\/index.php?rest_route=%2Fwp%2Fv2%2Ftags&post=365539"}],"curies":[{"name":"wp","href":"https:\/\/api.w.org\/{rel}","templated":true}]}}