{"id":365517,"date":"2024-04-07T08:31:56","date_gmt":"2024-04-07T11:31:56","guid":{"rendered":"https:\/\/blogdofarnesio.com.br\/?p=365517"},"modified":"2024-04-06T11:19:14","modified_gmt":"2024-04-06T14:19:14","slug":"jogador-de-time-de-amputados-do-bahia-morre-afogado-no-norte-baiano","status":"publish","type":"post","link":"https:\/\/blogdofarnesio.com.br\/?p=365517","title":{"rendered":"Jogador de time de amputados do Bahia morre afogado no norte baiano"},"content":{"rendered":"<div class=\"sc-b4c8ccf3-0 fsXNOt\"><\/div>\n<div class=\"sc-3ff68ed3-1 jGnqPe\">\n<div class=\"sc-3ff68ed3-3 itTwyW\">\n<p>Um jogador do time de amputados do Esporte Clube Bahia morreu afogado ap\u00f3s ser levado pela uma correnteza de um rio em\u00a0<a href=\"http:\/\/bahianoticias.com.br\/tags\/monte-santo\"><strong>Monte Santo<\/strong><\/a>, munic\u00edpio na regi\u00e3o norte do estado. O caso ocorreu na quinta-feira (04), mas o corpo do jovem s\u00f3 foi encontrado na sexta-feira (05), em outro trecho do rio.<\/p>\n<p>Rinaldo era atacante do time do Bahia de Amputados, o ABDA, e j\u00e1 venceu o campeonato baiano da categoria. Ao G1, respons\u00e1vel pelo time, Alex Fabiano, afirmou que o time composto pelo atleta venceu ainda a S\u00e9rie B do campeonato e Ta\u00e7a Brasil de 2023.<\/p>\n<p>Informa\u00e7\u00f5es apontam que Rinaldo havia sa\u00eddo para nadar com colegas e durante o passeio, ele escorregou \u00e0 margem do rio, sendo arrastado pela for\u00e7a da \u00e1gua.<\/p>\n<p>O \u00f3bito foi registrado pela Delegacia Territorial (DT\/Monte Santo), que expediu as guias periciais e de remo\u00e7\u00e3o do corpo. Ainda n\u00e3o h\u00e1 informa\u00e7\u00f5es sobre o vel\u00f3rio e sepultamento, mas os colegas de time de Rinaldo devem viajar at\u00e9 o munic\u00edpio para prestar homenagem ao atleta.<\/p>\n<\/div>\n<\/div>\n","protected":false},"excerpt":{"rendered":"<p>Um jogador do time de amputados do Esporte Clube Bahia morreu afogado ap\u00f3s ser levado pela uma correnteza de um rio em\u00a0Monte Santo, munic\u00edpio na regi\u00e3o norte do estado. O caso ocorreu na quinta-feira (04), mas o corpo do jovem s\u00f3 foi encontrado na sexta-feira (05), em outro trecho do rio. Rinaldo era atacante do time do Bahia de Amputados, o ABDA, e j\u00e1 venceu o campeonato baiano da categoria. Ao G1, respons\u00e1vel pelo time, Alex Fabiano, afirmou que o time composto pelo atleta venceu ainda a S\u00e9rie B do campeonato e Ta\u00e7a Brasil de 2023. Informa\u00e7\u00f5es apontam que Rinaldo havia sa\u00eddo para nadar com colegas e durante o passeio, ele escorregou \u00e0 margem do rio, sendo arrastado pela for\u00e7a&hellip; <\/p>\n","protected":false},"author":2,"featured_media":365518,"comment_status":"open","ping_status":"open","sticky":false,"template":"","format":"standard","meta":{"_acf_changed":false,"footnotes":""},"categories":[43],"tags":[],"class_list":["post-365517","post","type-post","status-publish","format-standard","has-post-thumbnail","hentry","category-sem-categoria"],"acf":[],"yoast_head":"<!-- This site is optimized with the Yoast SEO plugin v27.4 - https:\/\/yoast.com\/product\/yoast-seo-wordpress\/ -->\n<title>Jogador de time de amputados do Bahia morre afogado no norte baiano - Blog do Farn\u00e9sio<\/title>\n<meta name=\"robots\" content=\"index, follow, max-snippet:-1, max-image-preview:large, max-video-preview:-1\" \/>\n<link rel=\"canonical\" href=\"https:\/\/blogdofarnesio.com.br\/?p=365517\" \/>\n<meta property=\"og:locale\" content=\"pt_BR\" \/>\n<meta property=\"og:type\" content=\"article\" \/>\n<meta property=\"og:title\" content=\"Jogador de time de amputados do Bahia morre afogado no norte baiano - Blog do Farn\u00e9sio\" \/>\n<meta property=\"og:description\" content=\"Um jogador do time de amputados do Esporte Clube Bahia morreu afogado ap\u00f3s ser levado pela uma correnteza de um rio em\u00a0Monte Santo, munic\u00edpio na regi\u00e3o norte do estado. O caso ocorreu na quinta-feira (04), mas o corpo do jovem s\u00f3 foi encontrado na sexta-feira (05), em outro trecho do rio. Rinaldo era atacante do time do Bahia de Amputados, o ABDA, e j\u00e1 venceu o campeonato baiano da categoria. Ao G1, respons\u00e1vel pelo time, Alex Fabiano, afirmou que o time composto pelo atleta venceu ainda a S\u00e9rie B do campeonato e Ta\u00e7a Brasil de 2023. Informa\u00e7\u00f5es apontam que Rinaldo havia sa\u00eddo para nadar com colegas e durante o passeio, ele escorregou \u00e0 margem do rio, sendo arrastado pela for\u00e7a&hellip;\" \/>\n<meta property=\"og:url\" content=\"https:\/\/blogdofarnesio.com.br\/?p=365517\" \/>\n<meta property=\"og:site_name\" content=\"Blog do Farn\u00e9sio\" \/>\n<meta property=\"article:publisher\" content=\"https:\/\/www.facebook.com\/BlogQuerSaberPolitica\/\" \/>\n<meta property=\"article:author\" content=\"https:\/\/www.facebook.com\/?ref=tn_tnmn\" \/>\n<meta property=\"article:published_time\" content=\"2024-04-07T11:31:56+00:00\" \/>\n<meta property=\"og:image\" content=\"https:\/\/blogdofarnesio.com.br\/wp-content\/uploads\/2024\/04\/blogqspmonte-santo-paratleta-afogado.jpg\" \/>\n\t<meta property=\"og:image:width\" content=\"583\" \/>\n\t<meta property=\"og:image:height\" content=\"357\" \/>\n\t<meta property=\"og:image:type\" content=\"image\/jpeg\" \/>\n<meta name=\"author\" content=\"Farn\u00e9sio\" \/>\n<meta name=\"twitter:card\" content=\"summary_large_image\" \/>\n<meta name=\"twitter:label1\" content=\"Escrito por\" \/>\n\t<meta name=\"twitter:data1\" content=\"Farn\u00e9sio\" \/>\n\t<meta name=\"twitter:label2\" content=\"Est. tempo de leitura\" \/>\n\t<meta name=\"twitter:data2\" content=\"2 minutos\" \/>\n<script type=\"application\/ld+json\" class=\"yoast-schema-graph\">{\"@context\":\"https:\\\/\\\/schema.org\",\"@graph\":[{\"@type\":\"Article\",\"@id\":\"https:\\\/\\\/blogdofarnesio.com.br\\\/?p=365517#article\",\"isPartOf\":{\"@id\":\"https:\\\/\\\/blogdofarnesio.com.br\\\/?p=365517\"},\"author\":{\"name\":\"Farn\u00e9sio\",\"@id\":\"https:\\\/\\\/blogdofarnesio.com.br\\\/#\\\/schema\\\/person\\\/bb9b23ae3ad0609ce8df7b6c9e76824d\"},\"headline\":\"Jogador de time de amputados do Bahia morre afogado no norte baiano\",\"datePublished\":\"2024-04-07T11:31:56+00:00\",\"mainEntityOfPage\":{\"@id\":\"https:\\\/\\\/blogdofarnesio.com.br\\\/?p=365517\"},\"wordCount\":191,\"commentCount\":0,\"publisher\":{\"@id\":\"https:\\\/\\\/blogdofarnesio.com.br\\\/#organization\"},\"image\":{\"@id\":\"https:\\\/\\\/blogdofarnesio.com.br\\\/?p=365517#primaryimage\"},\"thumbnailUrl\":\"https:\\\/\\\/blogdofarnesio.com.br\\\/wp-content\\\/uploads\\\/2024\\\/04\\\/blogqspmonte-santo-paratleta-afogado.jpg\",\"inLanguage\":\"pt-BR\",\"potentialAction\":[{\"@type\":\"CommentAction\",\"name\":\"Comment\",\"target\":[\"https:\\\/\\\/blogdofarnesio.com.br\\\/?p=365517#respond\"]}]},{\"@type\":\"WebPage\",\"@id\":\"https:\\\/\\\/blogdofarnesio.com.br\\\/?p=365517\",\"url\":\"https:\\\/\\\/blogdofarnesio.com.br\\\/?p=365517\",\"name\":\"Jogador de time de amputados do Bahia morre afogado no norte baiano - Blog do Farn\u00e9sio\",\"isPartOf\":{\"@id\":\"https:\\\/\\\/blogdofarnesio.com.br\\\/#website\"},\"primaryImageOfPage\":{\"@id\":\"https:\\\/\\\/blogdofarnesio.com.br\\\/?p=365517#primaryimage\"},\"image\":{\"@id\":\"https:\\\/\\\/blogdofarnesio.com.br\\\/?p=365517#primaryimage\"},\"thumbnailUrl\":\"https:\\\/\\\/blogdofarnesio.com.br\\\/wp-content\\\/uploads\\\/2024\\\/04\\\/blogqspmonte-santo-paratleta-afogado.jpg\",\"datePublished\":\"2024-04-07T11:31:56+00:00\",\"breadcrumb\":{\"@id\":\"https:\\\/\\\/blogdofarnesio.com.br\\\/?p=365517#breadcrumb\"},\"inLanguage\":\"pt-BR\",\"potentialAction\":[{\"@type\":\"ReadAction\",\"target\":[\"https:\\\/\\\/blogdofarnesio.com.br\\\/?p=365517\"]}]},{\"@type\":\"ImageObject\",\"inLanguage\":\"pt-BR\",\"@id\":\"https:\\\/\\\/blogdofarnesio.com.br\\\/?p=365517#primaryimage\",\"url\":\"https:\\\/\\\/blogdofarnesio.com.br\\\/wp-content\\\/uploads\\\/2024\\\/04\\\/blogqspmonte-santo-paratleta-afogado.jpg\",\"contentUrl\":\"https:\\\/\\\/blogdofarnesio.com.br\\\/wp-content\\\/uploads\\\/2024\\\/04\\\/blogqspmonte-santo-paratleta-afogado.jpg\",\"width\":583,\"height\":357},{\"@type\":\"BreadcrumbList\",\"@id\":\"https:\\\/\\\/blogdofarnesio.com.br\\\/?p=365517#breadcrumb\",\"itemListElement\":[{\"@type\":\"ListItem\",\"position\":1,\"name\":\"In\u00edcio\",\"item\":\"https:\\\/\\\/blogdofarnesio.com.br\\\/\"},{\"@type\":\"ListItem\",\"position\":2,\"name\":\"Jogador de time de amputados do Bahia morre afogado no norte baiano\"}]},{\"@type\":\"WebSite\",\"@id\":\"https:\\\/\\\/blogdofarnesio.com.br\\\/#website\",\"url\":\"https:\\\/\\\/blogdofarnesio.com.br\\\/\",\"name\":\"Blog do Farn\u00e9sio\",\"description\":\"Quer Saber Pol\u00edtica?\",\"publisher\":{\"@id\":\"https:\\\/\\\/blogdofarnesio.com.br\\\/#organization\"},\"potentialAction\":[{\"@type\":\"SearchAction\",\"target\":{\"@type\":\"EntryPoint\",\"urlTemplate\":\"https:\\\/\\\/blogdofarnesio.com.br\\\/?s={search_term_string}\"},\"query-input\":{\"@type\":\"PropertyValueSpecification\",\"valueRequired\":true,\"valueName\":\"search_term_string\"}}],\"inLanguage\":\"pt-BR\"},{\"@type\":\"Organization\",\"@id\":\"https:\\\/\\\/blogdofarnesio.com.br\\\/#organization\",\"name\":\"Blog do Farn\u00e9sio\",\"url\":\"https:\\\/\\\/blogdofarnesio.com.br\\\/\",\"logo\":{\"@type\":\"ImageObject\",\"inLanguage\":\"pt-BR\",\"@id\":\"https:\\\/\\\/blogdofarnesio.com.br\\\/#\\\/schema\\\/logo\\\/image\\\/\",\"url\":\"https:\\\/\\\/blogdofarnesio.com.br\\\/wp-content\\\/uploads\\\/2026\\\/03\\\/cropped-logo_new-1.png\",\"contentUrl\":\"https:\\\/\\\/blogdofarnesio.com.br\\\/wp-content\\\/uploads\\\/2026\\\/03\\\/cropped-logo_new-1.png\",\"width\":881,\"height\":685,\"caption\":\"Blog do Farn\u00e9sio\"},\"image\":{\"@id\":\"https:\\\/\\\/blogdofarnesio.com.br\\\/#\\\/schema\\\/logo\\\/image\\\/\"},\"sameAs\":[\"https:\\\/\\\/www.facebook.com\\\/BlogQuerSaberPolitica\\\/\"]},{\"@type\":\"Person\",\"@id\":\"https:\\\/\\\/blogdofarnesio.com.br\\\/#\\\/schema\\\/person\\\/bb9b23ae3ad0609ce8df7b6c9e76824d\",\"name\":\"Farn\u00e9sio\",\"image\":{\"@type\":\"ImageObject\",\"inLanguage\":\"pt-BR\",\"@id\":\"https:\\\/\\\/secure.gravatar.com\\\/avatar\\\/986aa4c61ccdb66f8555bf88fc2a65609d00bcabd4d2d94377a727547345cbca?s=96&d=mm&r=g\",\"url\":\"https:\\\/\\\/secure.gravatar.com\\\/avatar\\\/986aa4c61ccdb66f8555bf88fc2a65609d00bcabd4d2d94377a727547345cbca?s=96&d=mm&r=g\",\"contentUrl\":\"https:\\\/\\\/secure.gravatar.com\\\/avatar\\\/986aa4c61ccdb66f8555bf88fc2a65609d00bcabd4d2d94377a727547345cbca?s=96&d=mm&r=g\",\"caption\":\"Farn\u00e9sio\"},\"description\":\"Radialista blogueiro, chegou a Petrolina\\\/Juazeiro em setembro de 1980, Farn\u00e9sio Silva \u00e9 de Arapiraca-Alagoas.\",\"sameAs\":[\"http:\\\/\\\/blogdofarnesio.com.br\",\"https:\\\/\\\/www.facebook.com\\\/?ref=tn_tnmn\",\"https:\\\/\\\/www.instagram.com\\\/?utm_source=pwa_homescreen\",\"https:\\\/\\\/youtube.com.br\\\/\"],\"url\":\"https:\\\/\\\/blogdofarnesio.com.br\\\/?author=2\"}]}<\/script>\n<!-- \/ Yoast SEO plugin. -->","yoast_head_json":{"title":"Jogador de time de amputados do Bahia morre afogado no norte baiano - Blog do Farn\u00e9sio","robots":{"index":"index","follow":"follow","max-snippet":"max-snippet:-1","max-image-preview":"max-image-preview:large","max-video-preview":"max-video-preview:-1"},"canonical":"https:\/\/blogdofarnesio.com.br\/?p=365517","og_locale":"pt_BR","og_type":"article","og_title":"Jogador de time de amputados do Bahia morre afogado no norte baiano - Blog do Farn\u00e9sio","og_description":"Um jogador do time de amputados do Esporte Clube Bahia morreu afogado ap\u00f3s ser levado pela uma correnteza de um rio em\u00a0Monte Santo, munic\u00edpio na regi\u00e3o norte do estado. O caso ocorreu na quinta-feira (04), mas o corpo do jovem s\u00f3 foi encontrado na sexta-feira (05), em outro trecho do rio. Rinaldo era atacante do time do Bahia de Amputados, o ABDA, e j\u00e1 venceu o campeonato baiano da categoria. Ao G1, respons\u00e1vel pelo time, Alex Fabiano, afirmou que o time composto pelo atleta venceu ainda a S\u00e9rie B do campeonato e Ta\u00e7a Brasil de 2023. Informa\u00e7\u00f5es apontam que Rinaldo havia sa\u00eddo para nadar com colegas e durante o passeio, ele escorregou \u00e0 margem do rio, sendo arrastado pela for\u00e7a&hellip;","og_url":"https:\/\/blogdofarnesio.com.br\/?p=365517","og_site_name":"Blog do Farn\u00e9sio","article_publisher":"https:\/\/www.facebook.com\/BlogQuerSaberPolitica\/","article_author":"https:\/\/www.facebook.com\/?ref=tn_tnmn","article_published_time":"2024-04-07T11:31:56+00:00","og_image":[{"width":583,"height":357,"url":"https:\/\/blogdofarnesio.com.br\/wp-content\/uploads\/2024\/04\/blogqspmonte-santo-paratleta-afogado.jpg","type":"image\/jpeg"}],"author":"Farn\u00e9sio","twitter_card":"summary_large_image","twitter_misc":{"Escrito por":"Farn\u00e9sio","Est. tempo de leitura":"2 minutos"},"schema":{"@context":"https:\/\/schema.org","@graph":[{"@type":"Article","@id":"https:\/\/blogdofarnesio.com.br\/?p=365517#article","isPartOf":{"@id":"https:\/\/blogdofarnesio.com.br\/?p=365517"},"author":{"name":"Farn\u00e9sio","@id":"https:\/\/blogdofarnesio.com.br\/#\/schema\/person\/bb9b23ae3ad0609ce8df7b6c9e76824d"},"headline":"Jogador de time de amputados do Bahia morre afogado no norte baiano","datePublished":"2024-04-07T11:31:56+00:00","mainEntityOfPage":{"@id":"https:\/\/blogdofarnesio.com.br\/?p=365517"},"wordCount":191,"commentCount":0,"publisher":{"@id":"https:\/\/blogdofarnesio.com.br\/#organization"},"image":{"@id":"https:\/\/blogdofarnesio.com.br\/?p=365517#primaryimage"},"thumbnailUrl":"https:\/\/blogdofarnesio.com.br\/wp-content\/uploads\/2024\/04\/blogqspmonte-santo-paratleta-afogado.jpg","inLanguage":"pt-BR","potentialAction":[{"@type":"CommentAction","name":"Comment","target":["https:\/\/blogdofarnesio.com.br\/?p=365517#respond"]}]},{"@type":"WebPage","@id":"https:\/\/blogdofarnesio.com.br\/?p=365517","url":"https:\/\/blogdofarnesio.com.br\/?p=365517","name":"Jogador de time de amputados do Bahia morre afogado no norte baiano - Blog do Farn\u00e9sio","isPartOf":{"@id":"https:\/\/blogdofarnesio.com.br\/#website"},"primaryImageOfPage":{"@id":"https:\/\/blogdofarnesio.com.br\/?p=365517#primaryimage"},"image":{"@id":"https:\/\/blogdofarnesio.com.br\/?p=365517#primaryimage"},"thumbnailUrl":"https:\/\/blogdofarnesio.com.br\/wp-content\/uploads\/2024\/04\/blogqspmonte-santo-paratleta-afogado.jpg","datePublished":"2024-04-07T11:31:56+00:00","breadcrumb":{"@id":"https:\/\/blogdofarnesio.com.br\/?p=365517#breadcrumb"},"inLanguage":"pt-BR","potentialAction":[{"@type":"ReadAction","target":["https:\/\/blogdofarnesio.com.br\/?p=365517"]}]},{"@type":"ImageObject","inLanguage":"pt-BR","@id":"https:\/\/blogdofarnesio.com.br\/?p=365517#primaryimage","url":"https:\/\/blogdofarnesio.com.br\/wp-content\/uploads\/2024\/04\/blogqspmonte-santo-paratleta-afogado.jpg","contentUrl":"https:\/\/blogdofarnesio.com.br\/wp-content\/uploads\/2024\/04\/blogqspmonte-santo-paratleta-afogado.jpg","width":583,"height":357},{"@type":"BreadcrumbList","@id":"https:\/\/blogdofarnesio.com.br\/?p=365517#breadcrumb","itemListElement":[{"@type":"ListItem","position":1,"name":"In\u00edcio","item":"https:\/\/blogdofarnesio.com.br\/"},{"@type":"ListItem","position":2,"name":"Jogador de time de amputados do Bahia morre afogado no norte baiano"}]},{"@type":"WebSite","@id":"https:\/\/blogdofarnesio.com.br\/#website","url":"https:\/\/blogdofarnesio.com.br\/","name":"Blog do Farn\u00e9sio","description":"Quer Saber Pol\u00edtica?","publisher":{"@id":"https:\/\/blogdofarnesio.com.br\/#organization"},"potentialAction":[{"@type":"SearchAction","target":{"@type":"EntryPoint","urlTemplate":"https:\/\/blogdofarnesio.com.br\/?s={search_term_string}"},"query-input":{"@type":"PropertyValueSpecification","valueRequired":true,"valueName":"search_term_string"}}],"inLanguage":"pt-BR"},{"@type":"Organization","@id":"https:\/\/blogdofarnesio.com.br\/#organization","name":"Blog do Farn\u00e9sio","url":"https:\/\/blogdofarnesio.com.br\/","logo":{"@type":"ImageObject","inLanguage":"pt-BR","@id":"https:\/\/blogdofarnesio.com.br\/#\/schema\/logo\/image\/","url":"https:\/\/blogdofarnesio.com.br\/wp-content\/uploads\/2026\/03\/cropped-logo_new-1.png","contentUrl":"https:\/\/blogdofarnesio.com.br\/wp-content\/uploads\/2026\/03\/cropped-logo_new-1.png","width":881,"height":685,"caption":"Blog do Farn\u00e9sio"},"image":{"@id":"https:\/\/blogdofarnesio.com.br\/#\/schema\/logo\/image\/"},"sameAs":["https:\/\/www.facebook.com\/BlogQuerSaberPolitica\/"]},{"@type":"Person","@id":"https:\/\/blogdofarnesio.com.br\/#\/schema\/person\/bb9b23ae3ad0609ce8df7b6c9e76824d","name":"Farn\u00e9sio","image":{"@type":"ImageObject","inLanguage":"pt-BR","@id":"https:\/\/secure.gravatar.com\/avatar\/986aa4c61ccdb66f8555bf88fc2a65609d00bcabd4d2d94377a727547345cbca?s=96&d=mm&r=g","url":"https:\/\/secure.gravatar.com\/avatar\/986aa4c61ccdb66f8555bf88fc2a65609d00bcabd4d2d94377a727547345cbca?s=96&d=mm&r=g","contentUrl":"https:\/\/secure.gravatar.com\/avatar\/986aa4c61ccdb66f8555bf88fc2a65609d00bcabd4d2d94377a727547345cbca?s=96&d=mm&r=g","caption":"Farn\u00e9sio"},"description":"Radialista blogueiro, chegou a Petrolina\/Juazeiro em setembro de 1980, Farn\u00e9sio Silva \u00e9 de Arapiraca-Alagoas.","sameAs":["http:\/\/blogdofarnesio.com.br","https:\/\/www.facebook.com\/?ref=tn_tnmn","https:\/\/www.instagram.com\/?utm_source=pwa_homescreen","https:\/\/youtube.com.br\/"],"url":"https:\/\/blogdofarnesio.com.br\/?author=2"}]}},"_links":{"self":[{"href":"https:\/\/blogdofarnesio.com.br\/index.php?rest_route=\/wp\/v2\/posts\/365517","targetHints":{"allow":["GET"]}}],"collection":[{"href":"https:\/\/blogdofarnesio.com.br\/index.php?rest_route=\/wp\/v2\/posts"}],"about":[{"href":"https:\/\/blogdofarnesio.com.br\/index.php?rest_route=\/wp\/v2\/types\/post"}],"author":[{"embeddable":true,"href":"https:\/\/blogdofarnesio.com.br\/index.php?rest_route=\/wp\/v2\/users\/2"}],"replies":[{"embeddable":true,"href":"https:\/\/blogdofarnesio.com.br\/index.php?rest_route=%2Fwp%2Fv2%2Fcomments&post=365517"}],"version-history":[{"count":0,"href":"https:\/\/blogdofarnesio.com.br\/index.php?rest_route=\/wp\/v2\/posts\/365517\/revisions"}],"wp:featuredmedia":[{"embeddable":true,"href":"https:\/\/blogdofarnesio.com.br\/index.php?rest_route=\/wp\/v2\/media\/365518"}],"wp:attachment":[{"href":"https:\/\/blogdofarnesio.com.br\/index.php?rest_route=%2Fwp%2Fv2%2Fmedia&parent=365517"}],"wp:term":[{"taxonomy":"category","embeddable":true,"href":"https:\/\/blogdofarnesio.com.br\/index.php?rest_route=%2Fwp%2Fv2%2Fcategories&post=365517"},{"taxonomy":"post_tag","embeddable":true,"href":"https:\/\/blogdofarnesio.com.br\/index.php?rest_route=%2Fwp%2Fv2%2Ftags&post=365517"}],"curies":[{"name":"wp","href":"https:\/\/api.w.org\/{rel}","templated":true}]}}