{"id":365494,"date":"2024-04-07T09:30:36","date_gmt":"2024-04-07T12:30:36","guid":{"rendered":"https:\/\/blogdofarnesio.com.br\/?p=365494"},"modified":"2024-04-06T09:50:39","modified_gmt":"2024-04-06T12:50:39","slug":"no-dia-nacional-de-combate-ao-bullying-e-violencia-nas-escolas-psicologa-educacional-reforca-importancia-do-combate-a-esse-problema-social","status":"publish","type":"post","link":"https:\/\/blogdofarnesio.com.br\/?p=365494","title":{"rendered":"No Dia Nacional de Combate ao Bullying e Viol\u00eancia nas escolas, psic\u00f3loga educacional refor\u00e7a import\u00e2ncia do combate a esse problema social"},"content":{"rendered":"<p style=\"font-weight: 400;\">Definido, em geral, como uma forma de ass\u00e9dio presente dentro do ambiente escolar, o bullying \u00e9 marcado por diversas nuances de viol\u00eancia, sendo ocasionado sistematicamente por um grupo ou uma pessoa contra uma crian\u00e7a ou grupo espec\u00edfico.<\/p>\n<p style=\"font-weight: 400;\">O Dia Nacional de Combate ao Bullying e Viol\u00eancia nas escolas, celebrado neste doming, dia 7 de abril, traz \u00e0 tona a import\u00e2ncia da sensibiliza\u00e7\u00e3o por parte de estudantes, pais e escola em rela\u00e7\u00e3o ao bullying, viabilizando um debate para que possam refletir sobre suas pr\u00e1ticas, melhorando o conv\u00edvio no espa\u00e7o escolar.<\/p>\n<p style=\"font-weight: 400;\">Entre os principais tipos de bullying, a psic\u00f3loga educacional da Rede SESI de Educa\u00e7\u00e3o Rafaela Souza elenca o f\u00edsico, que consiste em agress\u00f5es f\u00edsicas, como tapas e colocar o p\u00e9 para o outro cair; o verbal, por meio de xingamentos, insultos ou palavr\u00f5es direcionados; o sexual, quando h\u00e1 persegui\u00e7\u00e3o devido ao g\u00eanero ou sexualidade da pessoa; o psicol\u00f3gico, por meio de humilha\u00e7\u00e3o, cal\u00fania ou amea\u00e7a; e o virtual, que \u00e9 chamado de cyberbullying por ocorrer de forma online.<\/p>\n<p style=\"font-weight: 400;\">Caso aconte\u00e7a algum epis\u00f3dio de bullying ou viol\u00eancia dentro da escola, Rafaela pontua que, primeiramente, a institui\u00e7\u00e3o deve possuir uma pol\u00edtica de a\u00e7\u00f5es voltadas para media\u00e7\u00e3o de conflitos, al\u00e9m de estar pr\u00f3xima dos alunos, garantindo a seguran\u00e7a e uma boa condu\u00e7\u00e3o da gest\u00e3o diante da situa\u00e7\u00e3o. \u201cO aluno precisa se sentir protegido e, para tanto, \u00e9 fundamental que haja uma pol\u00edtica de di\u00e1logo com os estudantes sobre conduta e comportamentos que devem estar presente no regimento escolar. \u00c9 necess\u00e1rio que existam a\u00e7\u00f5es voltadas para o trabalho das compet\u00eancias socioemocionais, focado na elabora\u00e7\u00e3o de uma cultura de paz e engajamento de todos os estudantes no compromisso por uma escola mais acolhedora\u201d, afirma.<\/p>\n<p style=\"font-weight: 400;\">Al\u00e9m da escola, Rafaela refor\u00e7a que os pais tamb\u00e9m devem se fazer presentes nessas situa\u00e7\u00f5es que ocorram dentro do ambiente escolar, seja o filho o que cometeu ou que o que sofreu o bullying. Ela orienta que os pais devem tomar ci\u00eancia do acontecido e, munido das informa\u00e7\u00f5es, procurar a gest\u00e3o escolar para que, de imediato, sejam tomadas as primeiras provid\u00eancias.<\/p>\n<p style=\"font-weight: 400;\">\u201cOs pais n\u00e3o devem ignorar jamais a fala de seus filhos, devem ouvi-los e buscar compreend\u00ea-los. \u00c9 importante tamb\u00e9m que entendam que nem toda situa\u00e7\u00e3o se configura como bullying, por\u00e9m todo e qualquer conflito dentro do ambiente escolar deve e precisa ser mediado para que se evitem a propaga\u00e7\u00e3o da viol\u00eancia\u201d.<\/p>\n","protected":false},"excerpt":{"rendered":"<p>Definido, em geral, como uma forma de ass\u00e9dio presente dentro do ambiente escolar, o bullying \u00e9 marcado por diversas nuances de viol\u00eancia, sendo ocasionado sistematicamente por um grupo ou uma pessoa contra uma crian\u00e7a ou grupo espec\u00edfico. O Dia Nacional de Combate ao Bullying e Viol\u00eancia nas escolas, celebrado neste doming, dia 7 de abril, traz \u00e0 tona a import\u00e2ncia da sensibiliza\u00e7\u00e3o por parte de estudantes, pais e escola em rela\u00e7\u00e3o ao bullying, viabilizando um debate para que possam refletir sobre suas pr\u00e1ticas, melhorando o conv\u00edvio no espa\u00e7o escolar. Entre os principais tipos de bullying, a psic\u00f3loga educacional da Rede SESI de Educa\u00e7\u00e3o Rafaela Souza elenca o f\u00edsico, que consiste em agress\u00f5es f\u00edsicas, como tapas e colocar o p\u00e9 para&hellip; <\/p>\n","protected":false},"author":2,"featured_media":152266,"comment_status":"open","ping_status":"open","sticky":false,"template":"","format":"standard","meta":{"_acf_changed":false,"footnotes":""},"categories":[6],"tags":[],"class_list":["post-365494","post","type-post","status-publish","format-standard","has-post-thumbnail","hentry","category-educacao"],"acf":[],"yoast_head":"<!-- This site is optimized with the Yoast SEO plugin v27.4 - https:\/\/yoast.com\/product\/yoast-seo-wordpress\/ -->\n<title>No Dia Nacional de Combate ao Bullying e Viol\u00eancia nas escolas, psic\u00f3loga educacional refor\u00e7a import\u00e2ncia do combate a esse problema social - Blog do Farn\u00e9sio<\/title>\n<meta name=\"robots\" content=\"index, follow, max-snippet:-1, max-image-preview:large, max-video-preview:-1\" \/>\n<link rel=\"canonical\" href=\"https:\/\/blogdofarnesio.com.br\/?p=365494\" \/>\n<meta property=\"og:locale\" content=\"pt_BR\" \/>\n<meta property=\"og:type\" content=\"article\" \/>\n<meta property=\"og:title\" content=\"No Dia Nacional de Combate ao Bullying e Viol\u00eancia nas escolas, psic\u00f3loga educacional refor\u00e7a import\u00e2ncia do combate a esse problema social - Blog do Farn\u00e9sio\" \/>\n<meta property=\"og:description\" content=\"Definido, em geral, como uma forma de ass\u00e9dio presente dentro do ambiente escolar, o bullying \u00e9 marcado por diversas nuances de viol\u00eancia, sendo ocasionado sistematicamente por um grupo ou uma pessoa contra uma crian\u00e7a ou grupo espec\u00edfico. O Dia Nacional de Combate ao Bullying e Viol\u00eancia nas escolas, celebrado neste doming, dia 7 de abril, traz \u00e0 tona a import\u00e2ncia da sensibiliza\u00e7\u00e3o por parte de estudantes, pais e escola em rela\u00e7\u00e3o ao bullying, viabilizando um debate para que possam refletir sobre suas pr\u00e1ticas, melhorando o conv\u00edvio no espa\u00e7o escolar. Entre os principais tipos de bullying, a psic\u00f3loga educacional da Rede SESI de Educa\u00e7\u00e3o Rafaela Souza elenca o f\u00edsico, que consiste em agress\u00f5es f\u00edsicas, como tapas e colocar o p\u00e9 para&hellip;\" \/>\n<meta property=\"og:url\" content=\"https:\/\/blogdofarnesio.com.br\/?p=365494\" \/>\n<meta property=\"og:site_name\" content=\"Blog do Farn\u00e9sio\" \/>\n<meta property=\"article:publisher\" content=\"https:\/\/www.facebook.com\/BlogQuerSaberPolitica\/\" \/>\n<meta property=\"article:author\" content=\"https:\/\/www.facebook.com\/?ref=tn_tnmn\" \/>\n<meta property=\"article:published_time\" content=\"2024-04-07T12:30:36+00:00\" \/>\n<meta property=\"og:image\" content=\"https:\/\/blogdofarnesio.com.br\/wp-content\/uploads\/2016\/12\/blogqspbullyng-kids.jpg\" \/>\n\t<meta property=\"og:image:width\" content=\"400\" \/>\n\t<meta property=\"og:image:height\" content=\"309\" \/>\n\t<meta property=\"og:image:type\" content=\"image\/jpeg\" \/>\n<meta name=\"author\" content=\"Farn\u00e9sio\" \/>\n<meta name=\"twitter:card\" content=\"summary_large_image\" \/>\n<meta name=\"twitter:label1\" content=\"Escrito por\" \/>\n\t<meta name=\"twitter:data1\" content=\"Farn\u00e9sio\" \/>\n\t<meta name=\"twitter:label2\" content=\"Est. tempo de leitura\" \/>\n\t<meta name=\"twitter:data2\" content=\"3 minutos\" \/>\n<script type=\"application\/ld+json\" class=\"yoast-schema-graph\">{\"@context\":\"https:\\\/\\\/schema.org\",\"@graph\":[{\"@type\":\"Article\",\"@id\":\"https:\\\/\\\/blogdofarnesio.com.br\\\/?p=365494#article\",\"isPartOf\":{\"@id\":\"https:\\\/\\\/blogdofarnesio.com.br\\\/?p=365494\"},\"author\":{\"name\":\"Farn\u00e9sio\",\"@id\":\"https:\\\/\\\/blogdofarnesio.com.br\\\/#\\\/schema\\\/person\\\/bb9b23ae3ad0609ce8df7b6c9e76824d\"},\"headline\":\"No Dia Nacional de Combate ao Bullying e Viol\u00eancia nas escolas, psic\u00f3loga educacional refor\u00e7a import\u00e2ncia do combate a esse problema social\",\"datePublished\":\"2024-04-07T12:30:36+00:00\",\"mainEntityOfPage\":{\"@id\":\"https:\\\/\\\/blogdofarnesio.com.br\\\/?p=365494\"},\"wordCount\":465,\"commentCount\":0,\"publisher\":{\"@id\":\"https:\\\/\\\/blogdofarnesio.com.br\\\/#organization\"},\"image\":{\"@id\":\"https:\\\/\\\/blogdofarnesio.com.br\\\/?p=365494#primaryimage\"},\"thumbnailUrl\":\"https:\\\/\\\/blogdofarnesio.com.br\\\/wp-content\\\/uploads\\\/2016\\\/12\\\/blogqspbullyng-kids.jpg\",\"articleSection\":[\"Educa\u00e7\u00e3o\"],\"inLanguage\":\"pt-BR\",\"potentialAction\":[{\"@type\":\"CommentAction\",\"name\":\"Comment\",\"target\":[\"https:\\\/\\\/blogdofarnesio.com.br\\\/?p=365494#respond\"]}]},{\"@type\":\"WebPage\",\"@id\":\"https:\\\/\\\/blogdofarnesio.com.br\\\/?p=365494\",\"url\":\"https:\\\/\\\/blogdofarnesio.com.br\\\/?p=365494\",\"name\":\"No Dia Nacional de Combate ao Bullying e Viol\u00eancia nas escolas, psic\u00f3loga educacional refor\u00e7a import\u00e2ncia do combate a esse problema social - Blog do Farn\u00e9sio\",\"isPartOf\":{\"@id\":\"https:\\\/\\\/blogdofarnesio.com.br\\\/#website\"},\"primaryImageOfPage\":{\"@id\":\"https:\\\/\\\/blogdofarnesio.com.br\\\/?p=365494#primaryimage\"},\"image\":{\"@id\":\"https:\\\/\\\/blogdofarnesio.com.br\\\/?p=365494#primaryimage\"},\"thumbnailUrl\":\"https:\\\/\\\/blogdofarnesio.com.br\\\/wp-content\\\/uploads\\\/2016\\\/12\\\/blogqspbullyng-kids.jpg\",\"datePublished\":\"2024-04-07T12:30:36+00:00\",\"breadcrumb\":{\"@id\":\"https:\\\/\\\/blogdofarnesio.com.br\\\/?p=365494#breadcrumb\"},\"inLanguage\":\"pt-BR\",\"potentialAction\":[{\"@type\":\"ReadAction\",\"target\":[\"https:\\\/\\\/blogdofarnesio.com.br\\\/?p=365494\"]}]},{\"@type\":\"ImageObject\",\"inLanguage\":\"pt-BR\",\"@id\":\"https:\\\/\\\/blogdofarnesio.com.br\\\/?p=365494#primaryimage\",\"url\":\"https:\\\/\\\/blogdofarnesio.com.br\\\/wp-content\\\/uploads\\\/2016\\\/12\\\/blogqspbullyng-kids.jpg\",\"contentUrl\":\"https:\\\/\\\/blogdofarnesio.com.br\\\/wp-content\\\/uploads\\\/2016\\\/12\\\/blogqspbullyng-kids.jpg\",\"width\":400,\"height\":309},{\"@type\":\"BreadcrumbList\",\"@id\":\"https:\\\/\\\/blogdofarnesio.com.br\\\/?p=365494#breadcrumb\",\"itemListElement\":[{\"@type\":\"ListItem\",\"position\":1,\"name\":\"In\u00edcio\",\"item\":\"https:\\\/\\\/blogdofarnesio.com.br\\\/\"},{\"@type\":\"ListItem\",\"position\":2,\"name\":\"No Dia Nacional de Combate ao Bullying e Viol\u00eancia nas escolas, psic\u00f3loga educacional refor\u00e7a import\u00e2ncia do combate a esse problema social\"}]},{\"@type\":\"WebSite\",\"@id\":\"https:\\\/\\\/blogdofarnesio.com.br\\\/#website\",\"url\":\"https:\\\/\\\/blogdofarnesio.com.br\\\/\",\"name\":\"Blog do Farn\u00e9sio\",\"description\":\"Quer Saber Pol\u00edtica?\",\"publisher\":{\"@id\":\"https:\\\/\\\/blogdofarnesio.com.br\\\/#organization\"},\"potentialAction\":[{\"@type\":\"SearchAction\",\"target\":{\"@type\":\"EntryPoint\",\"urlTemplate\":\"https:\\\/\\\/blogdofarnesio.com.br\\\/?s={search_term_string}\"},\"query-input\":{\"@type\":\"PropertyValueSpecification\",\"valueRequired\":true,\"valueName\":\"search_term_string\"}}],\"inLanguage\":\"pt-BR\"},{\"@type\":\"Organization\",\"@id\":\"https:\\\/\\\/blogdofarnesio.com.br\\\/#organization\",\"name\":\"Blog do Farn\u00e9sio\",\"url\":\"https:\\\/\\\/blogdofarnesio.com.br\\\/\",\"logo\":{\"@type\":\"ImageObject\",\"inLanguage\":\"pt-BR\",\"@id\":\"https:\\\/\\\/blogdofarnesio.com.br\\\/#\\\/schema\\\/logo\\\/image\\\/\",\"url\":\"https:\\\/\\\/blogdofarnesio.com.br\\\/wp-content\\\/uploads\\\/2026\\\/03\\\/cropped-logo_new-1.png\",\"contentUrl\":\"https:\\\/\\\/blogdofarnesio.com.br\\\/wp-content\\\/uploads\\\/2026\\\/03\\\/cropped-logo_new-1.png\",\"width\":881,\"height\":685,\"caption\":\"Blog do Farn\u00e9sio\"},\"image\":{\"@id\":\"https:\\\/\\\/blogdofarnesio.com.br\\\/#\\\/schema\\\/logo\\\/image\\\/\"},\"sameAs\":[\"https:\\\/\\\/www.facebook.com\\\/BlogQuerSaberPolitica\\\/\"]},{\"@type\":\"Person\",\"@id\":\"https:\\\/\\\/blogdofarnesio.com.br\\\/#\\\/schema\\\/person\\\/bb9b23ae3ad0609ce8df7b6c9e76824d\",\"name\":\"Farn\u00e9sio\",\"image\":{\"@type\":\"ImageObject\",\"inLanguage\":\"pt-BR\",\"@id\":\"https:\\\/\\\/secure.gravatar.com\\\/avatar\\\/986aa4c61ccdb66f8555bf88fc2a65609d00bcabd4d2d94377a727547345cbca?s=96&d=mm&r=g\",\"url\":\"https:\\\/\\\/secure.gravatar.com\\\/avatar\\\/986aa4c61ccdb66f8555bf88fc2a65609d00bcabd4d2d94377a727547345cbca?s=96&d=mm&r=g\",\"contentUrl\":\"https:\\\/\\\/secure.gravatar.com\\\/avatar\\\/986aa4c61ccdb66f8555bf88fc2a65609d00bcabd4d2d94377a727547345cbca?s=96&d=mm&r=g\",\"caption\":\"Farn\u00e9sio\"},\"description\":\"Radialista blogueiro, chegou a Petrolina\\\/Juazeiro em setembro de 1980, Farn\u00e9sio Silva \u00e9 de Arapiraca-Alagoas.\",\"sameAs\":[\"http:\\\/\\\/blogdofarnesio.com.br\",\"https:\\\/\\\/www.facebook.com\\\/?ref=tn_tnmn\",\"https:\\\/\\\/www.instagram.com\\\/?utm_source=pwa_homescreen\",\"https:\\\/\\\/youtube.com.br\\\/\"],\"url\":\"https:\\\/\\\/blogdofarnesio.com.br\\\/?author=2\"}]}<\/script>\n<!-- \/ Yoast SEO plugin. -->","yoast_head_json":{"title":"No Dia Nacional de Combate ao Bullying e Viol\u00eancia nas escolas, psic\u00f3loga educacional refor\u00e7a import\u00e2ncia do combate a esse problema social - Blog do Farn\u00e9sio","robots":{"index":"index","follow":"follow","max-snippet":"max-snippet:-1","max-image-preview":"max-image-preview:large","max-video-preview":"max-video-preview:-1"},"canonical":"https:\/\/blogdofarnesio.com.br\/?p=365494","og_locale":"pt_BR","og_type":"article","og_title":"No Dia Nacional de Combate ao Bullying e Viol\u00eancia nas escolas, psic\u00f3loga educacional refor\u00e7a import\u00e2ncia do combate a esse problema social - Blog do Farn\u00e9sio","og_description":"Definido, em geral, como uma forma de ass\u00e9dio presente dentro do ambiente escolar, o bullying \u00e9 marcado por diversas nuances de viol\u00eancia, sendo ocasionado sistematicamente por um grupo ou uma pessoa contra uma crian\u00e7a ou grupo espec\u00edfico. O Dia Nacional de Combate ao Bullying e Viol\u00eancia nas escolas, celebrado neste doming, dia 7 de abril, traz \u00e0 tona a import\u00e2ncia da sensibiliza\u00e7\u00e3o por parte de estudantes, pais e escola em rela\u00e7\u00e3o ao bullying, viabilizando um debate para que possam refletir sobre suas pr\u00e1ticas, melhorando o conv\u00edvio no espa\u00e7o escolar. Entre os principais tipos de bullying, a psic\u00f3loga educacional da Rede SESI de Educa\u00e7\u00e3o Rafaela Souza elenca o f\u00edsico, que consiste em agress\u00f5es f\u00edsicas, como tapas e colocar o p\u00e9 para&hellip;","og_url":"https:\/\/blogdofarnesio.com.br\/?p=365494","og_site_name":"Blog do Farn\u00e9sio","article_publisher":"https:\/\/www.facebook.com\/BlogQuerSaberPolitica\/","article_author":"https:\/\/www.facebook.com\/?ref=tn_tnmn","article_published_time":"2024-04-07T12:30:36+00:00","og_image":[{"width":400,"height":309,"url":"https:\/\/blogdofarnesio.com.br\/wp-content\/uploads\/2016\/12\/blogqspbullyng-kids.jpg","type":"image\/jpeg"}],"author":"Farn\u00e9sio","twitter_card":"summary_large_image","twitter_misc":{"Escrito por":"Farn\u00e9sio","Est. tempo de leitura":"3 minutos"},"schema":{"@context":"https:\/\/schema.org","@graph":[{"@type":"Article","@id":"https:\/\/blogdofarnesio.com.br\/?p=365494#article","isPartOf":{"@id":"https:\/\/blogdofarnesio.com.br\/?p=365494"},"author":{"name":"Farn\u00e9sio","@id":"https:\/\/blogdofarnesio.com.br\/#\/schema\/person\/bb9b23ae3ad0609ce8df7b6c9e76824d"},"headline":"No Dia Nacional de Combate ao Bullying e Viol\u00eancia nas escolas, psic\u00f3loga educacional refor\u00e7a import\u00e2ncia do combate a esse problema social","datePublished":"2024-04-07T12:30:36+00:00","mainEntityOfPage":{"@id":"https:\/\/blogdofarnesio.com.br\/?p=365494"},"wordCount":465,"commentCount":0,"publisher":{"@id":"https:\/\/blogdofarnesio.com.br\/#organization"},"image":{"@id":"https:\/\/blogdofarnesio.com.br\/?p=365494#primaryimage"},"thumbnailUrl":"https:\/\/blogdofarnesio.com.br\/wp-content\/uploads\/2016\/12\/blogqspbullyng-kids.jpg","articleSection":["Educa\u00e7\u00e3o"],"inLanguage":"pt-BR","potentialAction":[{"@type":"CommentAction","name":"Comment","target":["https:\/\/blogdofarnesio.com.br\/?p=365494#respond"]}]},{"@type":"WebPage","@id":"https:\/\/blogdofarnesio.com.br\/?p=365494","url":"https:\/\/blogdofarnesio.com.br\/?p=365494","name":"No Dia Nacional de Combate ao Bullying e Viol\u00eancia nas escolas, psic\u00f3loga educacional refor\u00e7a import\u00e2ncia do combate a esse problema social - Blog do Farn\u00e9sio","isPartOf":{"@id":"https:\/\/blogdofarnesio.com.br\/#website"},"primaryImageOfPage":{"@id":"https:\/\/blogdofarnesio.com.br\/?p=365494#primaryimage"},"image":{"@id":"https:\/\/blogdofarnesio.com.br\/?p=365494#primaryimage"},"thumbnailUrl":"https:\/\/blogdofarnesio.com.br\/wp-content\/uploads\/2016\/12\/blogqspbullyng-kids.jpg","datePublished":"2024-04-07T12:30:36+00:00","breadcrumb":{"@id":"https:\/\/blogdofarnesio.com.br\/?p=365494#breadcrumb"},"inLanguage":"pt-BR","potentialAction":[{"@type":"ReadAction","target":["https:\/\/blogdofarnesio.com.br\/?p=365494"]}]},{"@type":"ImageObject","inLanguage":"pt-BR","@id":"https:\/\/blogdofarnesio.com.br\/?p=365494#primaryimage","url":"https:\/\/blogdofarnesio.com.br\/wp-content\/uploads\/2016\/12\/blogqspbullyng-kids.jpg","contentUrl":"https:\/\/blogdofarnesio.com.br\/wp-content\/uploads\/2016\/12\/blogqspbullyng-kids.jpg","width":400,"height":309},{"@type":"BreadcrumbList","@id":"https:\/\/blogdofarnesio.com.br\/?p=365494#breadcrumb","itemListElement":[{"@type":"ListItem","position":1,"name":"In\u00edcio","item":"https:\/\/blogdofarnesio.com.br\/"},{"@type":"ListItem","position":2,"name":"No Dia Nacional de Combate ao Bullying e Viol\u00eancia nas escolas, psic\u00f3loga educacional refor\u00e7a import\u00e2ncia do combate a esse problema social"}]},{"@type":"WebSite","@id":"https:\/\/blogdofarnesio.com.br\/#website","url":"https:\/\/blogdofarnesio.com.br\/","name":"Blog do Farn\u00e9sio","description":"Quer Saber Pol\u00edtica?","publisher":{"@id":"https:\/\/blogdofarnesio.com.br\/#organization"},"potentialAction":[{"@type":"SearchAction","target":{"@type":"EntryPoint","urlTemplate":"https:\/\/blogdofarnesio.com.br\/?s={search_term_string}"},"query-input":{"@type":"PropertyValueSpecification","valueRequired":true,"valueName":"search_term_string"}}],"inLanguage":"pt-BR"},{"@type":"Organization","@id":"https:\/\/blogdofarnesio.com.br\/#organization","name":"Blog do Farn\u00e9sio","url":"https:\/\/blogdofarnesio.com.br\/","logo":{"@type":"ImageObject","inLanguage":"pt-BR","@id":"https:\/\/blogdofarnesio.com.br\/#\/schema\/logo\/image\/","url":"https:\/\/blogdofarnesio.com.br\/wp-content\/uploads\/2026\/03\/cropped-logo_new-1.png","contentUrl":"https:\/\/blogdofarnesio.com.br\/wp-content\/uploads\/2026\/03\/cropped-logo_new-1.png","width":881,"height":685,"caption":"Blog do Farn\u00e9sio"},"image":{"@id":"https:\/\/blogdofarnesio.com.br\/#\/schema\/logo\/image\/"},"sameAs":["https:\/\/www.facebook.com\/BlogQuerSaberPolitica\/"]},{"@type":"Person","@id":"https:\/\/blogdofarnesio.com.br\/#\/schema\/person\/bb9b23ae3ad0609ce8df7b6c9e76824d","name":"Farn\u00e9sio","image":{"@type":"ImageObject","inLanguage":"pt-BR","@id":"https:\/\/secure.gravatar.com\/avatar\/986aa4c61ccdb66f8555bf88fc2a65609d00bcabd4d2d94377a727547345cbca?s=96&d=mm&r=g","url":"https:\/\/secure.gravatar.com\/avatar\/986aa4c61ccdb66f8555bf88fc2a65609d00bcabd4d2d94377a727547345cbca?s=96&d=mm&r=g","contentUrl":"https:\/\/secure.gravatar.com\/avatar\/986aa4c61ccdb66f8555bf88fc2a65609d00bcabd4d2d94377a727547345cbca?s=96&d=mm&r=g","caption":"Farn\u00e9sio"},"description":"Radialista blogueiro, chegou a Petrolina\/Juazeiro em setembro de 1980, Farn\u00e9sio Silva \u00e9 de Arapiraca-Alagoas.","sameAs":["http:\/\/blogdofarnesio.com.br","https:\/\/www.facebook.com\/?ref=tn_tnmn","https:\/\/www.instagram.com\/?utm_source=pwa_homescreen","https:\/\/youtube.com.br\/"],"url":"https:\/\/blogdofarnesio.com.br\/?author=2"}]}},"_links":{"self":[{"href":"https:\/\/blogdofarnesio.com.br\/index.php?rest_route=\/wp\/v2\/posts\/365494","targetHints":{"allow":["GET"]}}],"collection":[{"href":"https:\/\/blogdofarnesio.com.br\/index.php?rest_route=\/wp\/v2\/posts"}],"about":[{"href":"https:\/\/blogdofarnesio.com.br\/index.php?rest_route=\/wp\/v2\/types\/post"}],"author":[{"embeddable":true,"href":"https:\/\/blogdofarnesio.com.br\/index.php?rest_route=\/wp\/v2\/users\/2"}],"replies":[{"embeddable":true,"href":"https:\/\/blogdofarnesio.com.br\/index.php?rest_route=%2Fwp%2Fv2%2Fcomments&post=365494"}],"version-history":[{"count":0,"href":"https:\/\/blogdofarnesio.com.br\/index.php?rest_route=\/wp\/v2\/posts\/365494\/revisions"}],"wp:featuredmedia":[{"embeddable":true,"href":"https:\/\/blogdofarnesio.com.br\/index.php?rest_route=\/wp\/v2\/media\/152266"}],"wp:attachment":[{"href":"https:\/\/blogdofarnesio.com.br\/index.php?rest_route=%2Fwp%2Fv2%2Fmedia&parent=365494"}],"wp:term":[{"taxonomy":"category","embeddable":true,"href":"https:\/\/blogdofarnesio.com.br\/index.php?rest_route=%2Fwp%2Fv2%2Fcategories&post=365494"},{"taxonomy":"post_tag","embeddable":true,"href":"https:\/\/blogdofarnesio.com.br\/index.php?rest_route=%2Fwp%2Fv2%2Ftags&post=365494"}],"curies":[{"name":"wp","href":"https:\/\/api.w.org\/{rel}","templated":true}]}}