{"id":365225,"date":"2024-04-03T17:33:00","date_gmt":"2024-04-03T20:33:00","guid":{"rendered":"https:\/\/blogdofarnesio.com.br\/?p=365225"},"modified":"2024-04-03T16:51:12","modified_gmt":"2024-04-03T19:51:12","slug":"delatores-citam-rui-costa-e-esposa-em-escandalo-dos-respiradores-fantasmas","status":"publish","type":"post","link":"https:\/\/blogdofarnesio.com.br\/?p=365225","title":{"rendered":"Delatores citam Rui Costa e esposa em esc\u00e2ndalo dos respiradores fantasmas"},"content":{"rendered":"<div class=\"materia-title\">\n<div class=\"col-2\">\n<div class=\"entry-accessibility\">\n<p>Rodrigo Vilela\u00a0 &#8211;<\/p>\n<\/div>\n<\/div>\n<\/div>\n<div class=\"materia-content\">\n<div class=\"ads-FR\">\n<div class=\"ddp-ads\">\n<div class=\"pub-ret\"><\/div>\n<\/div>\n<\/div>\n<p>Dois delatores citam o nome do ex-governador da Bahia e atual ministro da Casa Civil, Rui Costa (PT), e da ent\u00e3o primeira-dama baiana Aline Peixoto em depoimento \u00e0 Pol\u00edcia Federal no que ficou conhecido como esc\u00e2ndalo da compra de respiradores fantasmas pelo Cons\u00f3rcio Nordeste, \u00e0 \u00e9poca presidido pelo petista.<\/p>\n<p>Durante a pandemia de covid-19, um grupo de governadores, liderados por Rui Costa, pagou R$48 milh\u00f5es na compra de respiradores. O contrato, com intermediadores que se apresentavam como emiss\u00e1rios do petista, foi fechado com uma empresa de venda de produtos a base de maconha e sem expertise na negocia\u00e7\u00e3o de produtos hospitalares. A compra foi celebrada em abril de 2020 e, at\u00e9 hoje, nada foi entregue e o dinheiro n\u00e3o foi integralmente recuperado.<\/p>\n<p>A Hempcare, empresa que assinou o contrato com o Cons\u00f3rcio Nordeste, apesar do pujante contrato, tinha capital social de R$100 mil e apenas dois funcion\u00e1rios registrados.<\/p>\n<div id=\"attachment_289003\" class=\"wp-caption aligncenter\" style=\"width: 498px;\">\n<p><img loading=\"lazy\" decoding=\"async\" class=\"aligncenter wp-image-289003 \" src=\"https:\/\/uploads.diariodopoder.com.br\/2020\/05\/20200515_1a28e718124f4c26af41dadf1d428d2e_ktk-66-300x200.jpg\" sizes=\"auto, (max-width: 300px) 100vw, 300px\" srcset=\"https:\/\/uploads.diariodopoder.com.br\/2020\/05\/20200515_1a28e718124f4c26af41dadf1d428d2e_ktk-66-300x200.jpg 300w, https:\/\/uploads.diariodopoder.com.br\/2020\/05\/20200515_1a28e718124f4c26af41dadf1d428d2e_ktk-66-960x640.jpg 960w, https:\/\/uploads.diariodopoder.com.br\/2020\/05\/20200515_1a28e718124f4c26af41dadf1d428d2e_ktk-66-150x100.jpg 150w, https:\/\/uploads.diariodopoder.com.br\/2020\/05\/20200515_1a28e718124f4c26af41dadf1d428d2e_ktk-66-600x400.jpg 600w\" alt=\"\" width=\"498\" height=\"332\" aria-describedby=\"caption-attachment-289003\" \/><\/p>\n<p id=\"caption-attachment-289003\" class=\"wp-caption-text\">Respiradores s\u00e3o equipamentos de extrema necessidade no tratamento do Covid-19.<\/p>\n<\/div>\n<p>A dona da empresa, Cristiana Taddeo, disse em dela\u00e7\u00e3o \u00e0 PF, revela o portal Uol, que o neg\u00f3cio foi intermediado por um empres\u00e1rio que se apresento como amigo de Rui Costa e de Aline Peixoto, esposa do petista. Para a celebra\u00e7\u00e3o do contrato, disse em depoimento, foi cobrada uma comiss\u00e3o no valor de R$11 milh\u00f5es. Cristiana n\u00e3o soube dizer se o dinheiro foi dividido entre o grupo.<\/p>\n<p>\u201c<em>Achei que as tratativas para celebrar o contrato com o Cons\u00f3rcio Nordeste fizeram de forma muito r\u00e1pida, mas entendi que eu estava sendo beneficiado porque havia um combinado de pagar comiss\u00f5es expressivas aos intermedi\u00e1rios do governo<\/em>\u201d, diz trecho da dela\u00e7\u00e3o revelado pelo Uol.<\/p>\n<p>O ex-secret\u00e1rio da Casa Civil da Bahia Bruno Dauster confirmou em depoimento \u00e0 PF que a negocia\u00e7\u00e3o recebeu aval do chefe, o petista Rui Costa.<\/p>\n<p>O neg\u00f3cio come\u00e7ou a desandar porque a Hempcare n\u00e3o tinha os respiradores, n\u00e3o tinha autoriza\u00e7\u00e3o para importar produtos hospitalares e, quando foi tentar comprar os aparelhos com fornecedores chineses, recebeu a informa\u00e7\u00e3o que os produtos n\u00e3o estavam dispon\u00edveis. A empresa tentou comprar os equipamentos com fornecedores nacionais, mas tamb\u00e9m n\u00e3o recebeu nada. Parte do pagamento foi antecipada e, at\u00e9 hoje, h\u00e1 impasse sobre a devolu\u00e7\u00e3o dos valores.<\/p>\n<div id=\"attachment_191230\" class=\"wp-caption alignright\">\n<p><img loading=\"lazy\" decoding=\"async\" class=\"wp-image-191230 size-medium\" src=\"https:\/\/uploads.diariodopoder.com.br\/2018\/09\/min-og-fernandes-by-emerson-leal-stj-e1537146525523-300x200.jpg\" sizes=\"auto, (max-width: 300px) 100vw, 300px\" srcset=\"https:\/\/uploads.diariodopoder.com.br\/2018\/09\/min-og-fernandes-by-emerson-leal-stj-e1537146525523-300x200.jpg 300w, https:\/\/uploads.diariodopoder.com.br\/2018\/09\/min-og-fernandes-by-emerson-leal-stj-e1537146525523-150x100.jpg 150w, https:\/\/uploads.diariodopoder.com.br\/2018\/09\/min-og-fernandes-by-emerson-leal-stj-e1537146525523-600x400.jpg 600w\" alt=\"\" width=\"300\" height=\"200\" aria-describedby=\"caption-attachment-191230\" \/><\/p>\n<p id=\"caption-attachment-191230\" class=\"wp-caption-text\">Ministro Og Fernandes, do STJ. Foto: Emerson Leal<\/p>\n<\/div>\n<p>A dela\u00e7\u00e3o de Cristiana Taddeo foi homologada pelo ministro OG Fernandes, do Superior Tribunal de Justi\u00e7a, em 2022.<\/p>\n<p>Ao portal, Rui Costa negou as irregularidades. Diz que determinou que a Secretaria de Seguran\u00e7a P\u00fablica da Bahia abrisse investiga\u00e7\u00e3o e os autores do desvio acabaram presos. Sobre o pagamento dos equipamentos antes do recebimento, o petista disse que \u201cno mundo inteiro [as compras] foram feitas com pagamentos antecipado\u201d.<\/p>\n<\/div>\n","protected":false},"excerpt":{"rendered":"<p>Rodrigo Vilela\u00a0 &#8211; Dois delatores citam o nome do ex-governador da Bahia e atual ministro da Casa Civil, Rui Costa (PT), e da ent\u00e3o primeira-dama baiana Aline Peixoto em depoimento \u00e0 Pol\u00edcia Federal no que ficou conhecido como esc\u00e2ndalo da compra de respiradores fantasmas pelo Cons\u00f3rcio Nordeste, \u00e0 \u00e9poca presidido pelo petista. Durante a pandemia de covid-19, um grupo de governadores, liderados por Rui Costa, pagou R$48 milh\u00f5es na compra de respiradores. O contrato, com intermediadores que se apresentavam como emiss\u00e1rios do petista, foi fechado com uma empresa de venda de produtos a base de maconha e sem expertise na negocia\u00e7\u00e3o de produtos hospitalares. A compra foi celebrada em abril de 2020 e, at\u00e9 hoje, nada foi entregue e o&hellip; <\/p>\n","protected":false},"author":2,"featured_media":255994,"comment_status":"open","ping_status":"open","sticky":false,"template":"","format":"standard","meta":{"_acf_changed":false,"footnotes":""},"categories":[23],"tags":[],"class_list":["post-365225","post","type-post","status-publish","format-standard","has-post-thumbnail","hentry","category-justica"],"acf":[],"yoast_head":"<!-- This site is optimized with the Yoast SEO plugin v27.4 - https:\/\/yoast.com\/product\/yoast-seo-wordpress\/ -->\n<title>Delatores citam Rui Costa e esposa em esc\u00e2ndalo dos respiradores fantasmas - Blog do Farn\u00e9sio<\/title>\n<meta name=\"robots\" content=\"index, follow, max-snippet:-1, max-image-preview:large, max-video-preview:-1\" \/>\n<link rel=\"canonical\" href=\"https:\/\/blogdofarnesio.com.br\/?p=365225\" \/>\n<meta property=\"og:locale\" content=\"pt_BR\" \/>\n<meta property=\"og:type\" content=\"article\" \/>\n<meta property=\"og:title\" content=\"Delatores citam Rui Costa e esposa em esc\u00e2ndalo dos respiradores fantasmas - Blog do Farn\u00e9sio\" \/>\n<meta property=\"og:description\" content=\"Rodrigo Vilela\u00a0 &#8211; Dois delatores citam o nome do ex-governador da Bahia e atual ministro da Casa Civil, Rui Costa (PT), e da ent\u00e3o primeira-dama baiana Aline Peixoto em depoimento \u00e0 Pol\u00edcia Federal no que ficou conhecido como esc\u00e2ndalo da compra de respiradores fantasmas pelo Cons\u00f3rcio Nordeste, \u00e0 \u00e9poca presidido pelo petista. Durante a pandemia de covid-19, um grupo de governadores, liderados por Rui Costa, pagou R$48 milh\u00f5es na compra de respiradores. O contrato, com intermediadores que se apresentavam como emiss\u00e1rios do petista, foi fechado com uma empresa de venda de produtos a base de maconha e sem expertise na negocia\u00e7\u00e3o de produtos hospitalares. A compra foi celebrada em abril de 2020 e, at\u00e9 hoje, nada foi entregue e o&hellip;\" \/>\n<meta property=\"og:url\" content=\"https:\/\/blogdofarnesio.com.br\/?p=365225\" \/>\n<meta property=\"og:site_name\" content=\"Blog do Farn\u00e9sio\" \/>\n<meta property=\"article:publisher\" content=\"https:\/\/www.facebook.com\/BlogQuerSaberPolitica\/\" \/>\n<meta property=\"article:author\" content=\"https:\/\/www.facebook.com\/?ref=tn_tnmn\" \/>\n<meta property=\"article:published_time\" content=\"2024-04-03T20:33:00+00:00\" \/>\n<meta property=\"og:image\" content=\"https:\/\/blogdofarnesio.com.br\/wp-content\/uploads\/2020\/04\/blogqspRui-Costa-PapoCorreria-\u2014-Foto-Reprodu\u00e7\u00e3o.jpeg\" \/>\n\t<meta property=\"og:image:width\" content=\"600\" \/>\n\t<meta property=\"og:image:height\" content=\"339\" \/>\n\t<meta property=\"og:image:type\" content=\"image\/jpeg\" \/>\n<meta name=\"author\" content=\"Farn\u00e9sio\" \/>\n<meta name=\"twitter:card\" content=\"summary_large_image\" \/>\n<meta name=\"twitter:label1\" content=\"Escrito por\" \/>\n\t<meta name=\"twitter:data1\" content=\"Farn\u00e9sio\" \/>\n\t<meta name=\"twitter:label2\" content=\"Est. tempo de leitura\" \/>\n\t<meta name=\"twitter:data2\" content=\"4 minutos\" \/>\n<script type=\"application\/ld+json\" class=\"yoast-schema-graph\">{\"@context\":\"https:\\\/\\\/schema.org\",\"@graph\":[{\"@type\":\"Article\",\"@id\":\"https:\\\/\\\/blogdofarnesio.com.br\\\/?p=365225#article\",\"isPartOf\":{\"@id\":\"https:\\\/\\\/blogdofarnesio.com.br\\\/?p=365225\"},\"author\":{\"name\":\"Farn\u00e9sio\",\"@id\":\"https:\\\/\\\/blogdofarnesio.com.br\\\/#\\\/schema\\\/person\\\/bb9b23ae3ad0609ce8df7b6c9e76824d\"},\"headline\":\"Delatores citam Rui Costa e esposa em esc\u00e2ndalo dos respiradores fantasmas\",\"datePublished\":\"2024-04-03T20:33:00+00:00\",\"mainEntityOfPage\":{\"@id\":\"https:\\\/\\\/blogdofarnesio.com.br\\\/?p=365225\"},\"wordCount\":485,\"commentCount\":0,\"publisher\":{\"@id\":\"https:\\\/\\\/blogdofarnesio.com.br\\\/#organization\"},\"image\":{\"@id\":\"https:\\\/\\\/blogdofarnesio.com.br\\\/?p=365225#primaryimage\"},\"thumbnailUrl\":\"https:\\\/\\\/blogdofarnesio.com.br\\\/wp-content\\\/uploads\\\/2020\\\/04\\\/blogqspRui-Costa-PapoCorreria-\u2014-Foto-Reprodu\u00e7\u00e3o.jpeg\",\"articleSection\":[\"Justi\u00e7a\"],\"inLanguage\":\"pt-BR\",\"potentialAction\":[{\"@type\":\"CommentAction\",\"name\":\"Comment\",\"target\":[\"https:\\\/\\\/blogdofarnesio.com.br\\\/?p=365225#respond\"]}]},{\"@type\":\"WebPage\",\"@id\":\"https:\\\/\\\/blogdofarnesio.com.br\\\/?p=365225\",\"url\":\"https:\\\/\\\/blogdofarnesio.com.br\\\/?p=365225\",\"name\":\"Delatores citam Rui Costa e esposa em esc\u00e2ndalo dos respiradores fantasmas - Blog do Farn\u00e9sio\",\"isPartOf\":{\"@id\":\"https:\\\/\\\/blogdofarnesio.com.br\\\/#website\"},\"primaryImageOfPage\":{\"@id\":\"https:\\\/\\\/blogdofarnesio.com.br\\\/?p=365225#primaryimage\"},\"image\":{\"@id\":\"https:\\\/\\\/blogdofarnesio.com.br\\\/?p=365225#primaryimage\"},\"thumbnailUrl\":\"https:\\\/\\\/blogdofarnesio.com.br\\\/wp-content\\\/uploads\\\/2020\\\/04\\\/blogqspRui-Costa-PapoCorreria-\u2014-Foto-Reprodu\u00e7\u00e3o.jpeg\",\"datePublished\":\"2024-04-03T20:33:00+00:00\",\"breadcrumb\":{\"@id\":\"https:\\\/\\\/blogdofarnesio.com.br\\\/?p=365225#breadcrumb\"},\"inLanguage\":\"pt-BR\",\"potentialAction\":[{\"@type\":\"ReadAction\",\"target\":[\"https:\\\/\\\/blogdofarnesio.com.br\\\/?p=365225\"]}]},{\"@type\":\"ImageObject\",\"inLanguage\":\"pt-BR\",\"@id\":\"https:\\\/\\\/blogdofarnesio.com.br\\\/?p=365225#primaryimage\",\"url\":\"https:\\\/\\\/blogdofarnesio.com.br\\\/wp-content\\\/uploads\\\/2020\\\/04\\\/blogqspRui-Costa-PapoCorreria-\u2014-Foto-Reprodu\u00e7\u00e3o.jpeg\",\"contentUrl\":\"https:\\\/\\\/blogdofarnesio.com.br\\\/wp-content\\\/uploads\\\/2020\\\/04\\\/blogqspRui-Costa-PapoCorreria-\u2014-Foto-Reprodu\u00e7\u00e3o.jpeg\",\"width\":600,\"height\":339},{\"@type\":\"BreadcrumbList\",\"@id\":\"https:\\\/\\\/blogdofarnesio.com.br\\\/?p=365225#breadcrumb\",\"itemListElement\":[{\"@type\":\"ListItem\",\"position\":1,\"name\":\"In\u00edcio\",\"item\":\"https:\\\/\\\/blogdofarnesio.com.br\\\/\"},{\"@type\":\"ListItem\",\"position\":2,\"name\":\"Delatores citam Rui Costa e esposa em esc\u00e2ndalo dos respiradores fantasmas\"}]},{\"@type\":\"WebSite\",\"@id\":\"https:\\\/\\\/blogdofarnesio.com.br\\\/#website\",\"url\":\"https:\\\/\\\/blogdofarnesio.com.br\\\/\",\"name\":\"Blog do Farn\u00e9sio\",\"description\":\"Quer Saber Pol\u00edtica?\",\"publisher\":{\"@id\":\"https:\\\/\\\/blogdofarnesio.com.br\\\/#organization\"},\"potentialAction\":[{\"@type\":\"SearchAction\",\"target\":{\"@type\":\"EntryPoint\",\"urlTemplate\":\"https:\\\/\\\/blogdofarnesio.com.br\\\/?s={search_term_string}\"},\"query-input\":{\"@type\":\"PropertyValueSpecification\",\"valueRequired\":true,\"valueName\":\"search_term_string\"}}],\"inLanguage\":\"pt-BR\"},{\"@type\":\"Organization\",\"@id\":\"https:\\\/\\\/blogdofarnesio.com.br\\\/#organization\",\"name\":\"Blog do Farn\u00e9sio\",\"url\":\"https:\\\/\\\/blogdofarnesio.com.br\\\/\",\"logo\":{\"@type\":\"ImageObject\",\"inLanguage\":\"pt-BR\",\"@id\":\"https:\\\/\\\/blogdofarnesio.com.br\\\/#\\\/schema\\\/logo\\\/image\\\/\",\"url\":\"https:\\\/\\\/blogdofarnesio.com.br\\\/wp-content\\\/uploads\\\/2026\\\/03\\\/cropped-logo_new-1.png\",\"contentUrl\":\"https:\\\/\\\/blogdofarnesio.com.br\\\/wp-content\\\/uploads\\\/2026\\\/03\\\/cropped-logo_new-1.png\",\"width\":881,\"height\":685,\"caption\":\"Blog do Farn\u00e9sio\"},\"image\":{\"@id\":\"https:\\\/\\\/blogdofarnesio.com.br\\\/#\\\/schema\\\/logo\\\/image\\\/\"},\"sameAs\":[\"https:\\\/\\\/www.facebook.com\\\/BlogQuerSaberPolitica\\\/\"]},{\"@type\":\"Person\",\"@id\":\"https:\\\/\\\/blogdofarnesio.com.br\\\/#\\\/schema\\\/person\\\/bb9b23ae3ad0609ce8df7b6c9e76824d\",\"name\":\"Farn\u00e9sio\",\"image\":{\"@type\":\"ImageObject\",\"inLanguage\":\"pt-BR\",\"@id\":\"https:\\\/\\\/secure.gravatar.com\\\/avatar\\\/986aa4c61ccdb66f8555bf88fc2a65609d00bcabd4d2d94377a727547345cbca?s=96&d=mm&r=g\",\"url\":\"https:\\\/\\\/secure.gravatar.com\\\/avatar\\\/986aa4c61ccdb66f8555bf88fc2a65609d00bcabd4d2d94377a727547345cbca?s=96&d=mm&r=g\",\"contentUrl\":\"https:\\\/\\\/secure.gravatar.com\\\/avatar\\\/986aa4c61ccdb66f8555bf88fc2a65609d00bcabd4d2d94377a727547345cbca?s=96&d=mm&r=g\",\"caption\":\"Farn\u00e9sio\"},\"description\":\"Radialista blogueiro, chegou a Petrolina\\\/Juazeiro em setembro de 1980, Farn\u00e9sio Silva \u00e9 de Arapiraca-Alagoas.\",\"sameAs\":[\"http:\\\/\\\/blogdofarnesio.com.br\",\"https:\\\/\\\/www.facebook.com\\\/?ref=tn_tnmn\",\"https:\\\/\\\/www.instagram.com\\\/?utm_source=pwa_homescreen\",\"https:\\\/\\\/youtube.com.br\\\/\"],\"url\":\"https:\\\/\\\/blogdofarnesio.com.br\\\/?author=2\"}]}<\/script>\n<!-- \/ Yoast SEO plugin. -->","yoast_head_json":{"title":"Delatores citam Rui Costa e esposa em esc\u00e2ndalo dos respiradores fantasmas - Blog do Farn\u00e9sio","robots":{"index":"index","follow":"follow","max-snippet":"max-snippet:-1","max-image-preview":"max-image-preview:large","max-video-preview":"max-video-preview:-1"},"canonical":"https:\/\/blogdofarnesio.com.br\/?p=365225","og_locale":"pt_BR","og_type":"article","og_title":"Delatores citam Rui Costa e esposa em esc\u00e2ndalo dos respiradores fantasmas - Blog do Farn\u00e9sio","og_description":"Rodrigo Vilela\u00a0 &#8211; Dois delatores citam o nome do ex-governador da Bahia e atual ministro da Casa Civil, Rui Costa (PT), e da ent\u00e3o primeira-dama baiana Aline Peixoto em depoimento \u00e0 Pol\u00edcia Federal no que ficou conhecido como esc\u00e2ndalo da compra de respiradores fantasmas pelo Cons\u00f3rcio Nordeste, \u00e0 \u00e9poca presidido pelo petista. Durante a pandemia de covid-19, um grupo de governadores, liderados por Rui Costa, pagou R$48 milh\u00f5es na compra de respiradores. O contrato, com intermediadores que se apresentavam como emiss\u00e1rios do petista, foi fechado com uma empresa de venda de produtos a base de maconha e sem expertise na negocia\u00e7\u00e3o de produtos hospitalares. A compra foi celebrada em abril de 2020 e, at\u00e9 hoje, nada foi entregue e o&hellip;","og_url":"https:\/\/blogdofarnesio.com.br\/?p=365225","og_site_name":"Blog do Farn\u00e9sio","article_publisher":"https:\/\/www.facebook.com\/BlogQuerSaberPolitica\/","article_author":"https:\/\/www.facebook.com\/?ref=tn_tnmn","article_published_time":"2024-04-03T20:33:00+00:00","og_image":[{"width":600,"height":339,"url":"https:\/\/blogdofarnesio.com.br\/wp-content\/uploads\/2020\/04\/blogqspRui-Costa-PapoCorreria-\u2014-Foto-Reprodu\u00e7\u00e3o.jpeg","type":"image\/jpeg"}],"author":"Farn\u00e9sio","twitter_card":"summary_large_image","twitter_misc":{"Escrito por":"Farn\u00e9sio","Est. tempo de leitura":"4 minutos"},"schema":{"@context":"https:\/\/schema.org","@graph":[{"@type":"Article","@id":"https:\/\/blogdofarnesio.com.br\/?p=365225#article","isPartOf":{"@id":"https:\/\/blogdofarnesio.com.br\/?p=365225"},"author":{"name":"Farn\u00e9sio","@id":"https:\/\/blogdofarnesio.com.br\/#\/schema\/person\/bb9b23ae3ad0609ce8df7b6c9e76824d"},"headline":"Delatores citam Rui Costa e esposa em esc\u00e2ndalo dos respiradores fantasmas","datePublished":"2024-04-03T20:33:00+00:00","mainEntityOfPage":{"@id":"https:\/\/blogdofarnesio.com.br\/?p=365225"},"wordCount":485,"commentCount":0,"publisher":{"@id":"https:\/\/blogdofarnesio.com.br\/#organization"},"image":{"@id":"https:\/\/blogdofarnesio.com.br\/?p=365225#primaryimage"},"thumbnailUrl":"https:\/\/blogdofarnesio.com.br\/wp-content\/uploads\/2020\/04\/blogqspRui-Costa-PapoCorreria-\u2014-Foto-Reprodu\u00e7\u00e3o.jpeg","articleSection":["Justi\u00e7a"],"inLanguage":"pt-BR","potentialAction":[{"@type":"CommentAction","name":"Comment","target":["https:\/\/blogdofarnesio.com.br\/?p=365225#respond"]}]},{"@type":"WebPage","@id":"https:\/\/blogdofarnesio.com.br\/?p=365225","url":"https:\/\/blogdofarnesio.com.br\/?p=365225","name":"Delatores citam Rui Costa e esposa em esc\u00e2ndalo dos respiradores fantasmas - Blog do Farn\u00e9sio","isPartOf":{"@id":"https:\/\/blogdofarnesio.com.br\/#website"},"primaryImageOfPage":{"@id":"https:\/\/blogdofarnesio.com.br\/?p=365225#primaryimage"},"image":{"@id":"https:\/\/blogdofarnesio.com.br\/?p=365225#primaryimage"},"thumbnailUrl":"https:\/\/blogdofarnesio.com.br\/wp-content\/uploads\/2020\/04\/blogqspRui-Costa-PapoCorreria-\u2014-Foto-Reprodu\u00e7\u00e3o.jpeg","datePublished":"2024-04-03T20:33:00+00:00","breadcrumb":{"@id":"https:\/\/blogdofarnesio.com.br\/?p=365225#breadcrumb"},"inLanguage":"pt-BR","potentialAction":[{"@type":"ReadAction","target":["https:\/\/blogdofarnesio.com.br\/?p=365225"]}]},{"@type":"ImageObject","inLanguage":"pt-BR","@id":"https:\/\/blogdofarnesio.com.br\/?p=365225#primaryimage","url":"https:\/\/blogdofarnesio.com.br\/wp-content\/uploads\/2020\/04\/blogqspRui-Costa-PapoCorreria-\u2014-Foto-Reprodu\u00e7\u00e3o.jpeg","contentUrl":"https:\/\/blogdofarnesio.com.br\/wp-content\/uploads\/2020\/04\/blogqspRui-Costa-PapoCorreria-\u2014-Foto-Reprodu\u00e7\u00e3o.jpeg","width":600,"height":339},{"@type":"BreadcrumbList","@id":"https:\/\/blogdofarnesio.com.br\/?p=365225#breadcrumb","itemListElement":[{"@type":"ListItem","position":1,"name":"In\u00edcio","item":"https:\/\/blogdofarnesio.com.br\/"},{"@type":"ListItem","position":2,"name":"Delatores citam Rui Costa e esposa em esc\u00e2ndalo dos respiradores fantasmas"}]},{"@type":"WebSite","@id":"https:\/\/blogdofarnesio.com.br\/#website","url":"https:\/\/blogdofarnesio.com.br\/","name":"Blog do Farn\u00e9sio","description":"Quer Saber Pol\u00edtica?","publisher":{"@id":"https:\/\/blogdofarnesio.com.br\/#organization"},"potentialAction":[{"@type":"SearchAction","target":{"@type":"EntryPoint","urlTemplate":"https:\/\/blogdofarnesio.com.br\/?s={search_term_string}"},"query-input":{"@type":"PropertyValueSpecification","valueRequired":true,"valueName":"search_term_string"}}],"inLanguage":"pt-BR"},{"@type":"Organization","@id":"https:\/\/blogdofarnesio.com.br\/#organization","name":"Blog do Farn\u00e9sio","url":"https:\/\/blogdofarnesio.com.br\/","logo":{"@type":"ImageObject","inLanguage":"pt-BR","@id":"https:\/\/blogdofarnesio.com.br\/#\/schema\/logo\/image\/","url":"https:\/\/blogdofarnesio.com.br\/wp-content\/uploads\/2026\/03\/cropped-logo_new-1.png","contentUrl":"https:\/\/blogdofarnesio.com.br\/wp-content\/uploads\/2026\/03\/cropped-logo_new-1.png","width":881,"height":685,"caption":"Blog do Farn\u00e9sio"},"image":{"@id":"https:\/\/blogdofarnesio.com.br\/#\/schema\/logo\/image\/"},"sameAs":["https:\/\/www.facebook.com\/BlogQuerSaberPolitica\/"]},{"@type":"Person","@id":"https:\/\/blogdofarnesio.com.br\/#\/schema\/person\/bb9b23ae3ad0609ce8df7b6c9e76824d","name":"Farn\u00e9sio","image":{"@type":"ImageObject","inLanguage":"pt-BR","@id":"https:\/\/secure.gravatar.com\/avatar\/986aa4c61ccdb66f8555bf88fc2a65609d00bcabd4d2d94377a727547345cbca?s=96&d=mm&r=g","url":"https:\/\/secure.gravatar.com\/avatar\/986aa4c61ccdb66f8555bf88fc2a65609d00bcabd4d2d94377a727547345cbca?s=96&d=mm&r=g","contentUrl":"https:\/\/secure.gravatar.com\/avatar\/986aa4c61ccdb66f8555bf88fc2a65609d00bcabd4d2d94377a727547345cbca?s=96&d=mm&r=g","caption":"Farn\u00e9sio"},"description":"Radialista blogueiro, chegou a Petrolina\/Juazeiro em setembro de 1980, Farn\u00e9sio Silva \u00e9 de Arapiraca-Alagoas.","sameAs":["http:\/\/blogdofarnesio.com.br","https:\/\/www.facebook.com\/?ref=tn_tnmn","https:\/\/www.instagram.com\/?utm_source=pwa_homescreen","https:\/\/youtube.com.br\/"],"url":"https:\/\/blogdofarnesio.com.br\/?author=2"}]}},"_links":{"self":[{"href":"https:\/\/blogdofarnesio.com.br\/index.php?rest_route=\/wp\/v2\/posts\/365225","targetHints":{"allow":["GET"]}}],"collection":[{"href":"https:\/\/blogdofarnesio.com.br\/index.php?rest_route=\/wp\/v2\/posts"}],"about":[{"href":"https:\/\/blogdofarnesio.com.br\/index.php?rest_route=\/wp\/v2\/types\/post"}],"author":[{"embeddable":true,"href":"https:\/\/blogdofarnesio.com.br\/index.php?rest_route=\/wp\/v2\/users\/2"}],"replies":[{"embeddable":true,"href":"https:\/\/blogdofarnesio.com.br\/index.php?rest_route=%2Fwp%2Fv2%2Fcomments&post=365225"}],"version-history":[{"count":0,"href":"https:\/\/blogdofarnesio.com.br\/index.php?rest_route=\/wp\/v2\/posts\/365225\/revisions"}],"wp:featuredmedia":[{"embeddable":true,"href":"https:\/\/blogdofarnesio.com.br\/index.php?rest_route=\/wp\/v2\/media\/255994"}],"wp:attachment":[{"href":"https:\/\/blogdofarnesio.com.br\/index.php?rest_route=%2Fwp%2Fv2%2Fmedia&parent=365225"}],"wp:term":[{"taxonomy":"category","embeddable":true,"href":"https:\/\/blogdofarnesio.com.br\/index.php?rest_route=%2Fwp%2Fv2%2Fcategories&post=365225"},{"taxonomy":"post_tag","embeddable":true,"href":"https:\/\/blogdofarnesio.com.br\/index.php?rest_route=%2Fwp%2Fv2%2Ftags&post=365225"}],"curies":[{"name":"wp","href":"https:\/\/api.w.org\/{rel}","templated":true}]}}