{"id":364661,"date":"2024-03-26T10:03:29","date_gmt":"2024-03-26T13:03:29","guid":{"rendered":"https:\/\/blogdofarnesio.com.br\/?p=364661"},"modified":"2024-03-26T16:20:07","modified_gmt":"2024-03-26T19:20:07","slug":"raquel-lyra-entrega-em-petrolina-espaco-de-atendimento-especializado-para-criancas-com-transtorno-do-espectro-autista-e-novo-posto-para-emissao-de-passaportes","status":"publish","type":"post","link":"https:\/\/blogdofarnesio.com.br\/?p=364661","title":{"rendered":"Raquel Lyra entrega em Petrolina espa\u00e7o de atendimento especializado para crian\u00e7as com Transtorno do Espectro Autista e novo posto para emiss\u00e3o de passaportes"},"content":{"rendered":"<div><span style=\"font-family: Arial; font-size: medium;\">Iniciando importante agenda de entregas em Petrolina, no Sert\u00e3o do S\u00e3o Francisco, a governadora Raquel Lyra participou nesta ter\u00e7a-feira (26) da inaugura\u00e7\u00e3o de um novo posto para emiss\u00e3o de passaportes que funcionar\u00e1 em sistema de parceria entre o Governo de Pernambuco e a Pol\u00edcia Federal no Expresso Cidad\u00e3o do munic\u00edpio. <\/span><\/div>\n<div><\/div>\n<div><span style=\"font-family: Arial; font-size: medium;\"><img loading=\"lazy\" decoding=\"async\" class=\"aligncenter wp-image-364663 size-full\" src=\"https:\/\/blogdofarnesio.com.br\/wp-content\/uploads\/2024\/03\/blogqsppet-raquel-expresso-cidadao-9-e1711480498655.jpg\" alt=\"\" width=\"600\" height=\"450\" \/>Em seguida, no mesmo local, a gestora entregou um espa\u00e7o de atendimento especializado para crian\u00e7as com Transtorno do Espectro Autista (TEA) e neurodivergentes. A iniciativa, desenvolvida pela Secretaria de Administra\u00e7\u00e3o do Estado (SAD), \u00e9 a primeira deste tipo no interior do Estado e promove o acesso \u00e0 cidadania e mais acolhimento ao p\u00fablico infantil com TEA.<\/span><\/div>\n<div><span style=\"font-family: Arial; font-size: medium;\">\u00a0<\/span><\/div>\n<div><span style=\"font-family: Arial; font-size: medium;\">\u201cEstamos inaugurando este espa\u00e7o de atendimento especializado para pessoas que t\u00eam TEA e outras neurodiversidades. Foi formulada uma cartilha para que os cidad\u00e3os possam se familiarizar com o atendimento e tamb\u00e9m estamos oferecendo um ambiente mais acolhedor e com menos est\u00edmulos. Uma iniciativa que oferece mais dignidade e cidadania aos pernambucanos&#8221;, destacou a governadora Raquel Lyra logo ap\u00f3s a agenda que contou com a presen\u00e7a do prefeito de Petrolina, Sim\u00e3o Durando, outros prefeitos da regi\u00e3o, secret\u00e1rios e lideran\u00e7as de diversas cidades sertanejas.\u00a0<\/span><\/div>\n<div><span style=\"font-family: Arial; font-size: medium;\">\u00a0<\/span><\/div>\n<div><span style=\"font-family: Arial; font-size: medium;\"><img loading=\"lazy\" decoding=\"async\" class=\"aligncenter wp-image-364662 size-full\" src=\"https:\/\/blogdofarnesio.com.br\/wp-content\/uploads\/2024\/03\/blogqsppet-raquel-expresso-cidadao-8-e1711480553403.jpg\" alt=\"\" width=\"600\" height=\"450\" \/>Aqueles que precisarem do atendimento receber\u00e3o um crach\u00e1 com cord\u00e3o que traz a simbologia do TEA para auxiliar a equipe do Expresso Cidad\u00e3o a identificar e prestar o suporte necess\u00e1rio, al\u00e9m de abafadores de ru\u00eddo, para minimizar a sensibilidade auditiva. A sala foi equipada com brinquedos e livros, e decorada com o objetivo de minimizar est\u00edmulos visuais externos e oferecer um ambiente mais acolhedor.\u00a0<\/span><\/div>\n<div><span style=\"font-family: Arial; font-size: medium;\">\u00a0<\/span><\/div>\n<div><span style=\"font-family: Arial; font-size: medium;\">Para ter acesso ao servi\u00e7o, o usu\u00e1rio dever\u00e1 realizar o agendamento no portal\u00a0<b><a href=\"http:\/\/www.pecidadao.pe.gov.br\/\" target=\"_blank\" rel=\"noopener\" data-saferedirecturl=\"https:\/\/www.google.com\/url?q=http:\/\/www.pecidadao.pe.gov.br&amp;source=gmail&amp;ust=1711561959591000&amp;usg=AOvVaw3DET-bH8RdnEWmwx6kMgqs\">www.pecidadao.pe.gov.br<\/a><\/b>. No dia do procedimento agendado, basta chegar no hor\u00e1rio marcado e sinalizar na recep\u00e7\u00e3o que deseja atendimento na sala especializada. N\u00e3o \u00e9 necess\u00e1rio apresentar laudo. Depois, basta se dirigir \u00e0 espera para aguardar o servi\u00e7o.<\/span><\/div>\n<div><span style=\"font-family: Arial; font-size: medium;\">\u00a0<\/span><\/div>\n<p><img loading=\"lazy\" decoding=\"async\" class=\"aligncenter wp-image-364669 size-full\" style=\"font-family: Arial; font-size: medium;\" src=\"https:\/\/blogdofarnesio.com.br\/wp-content\/uploads\/2024\/03\/blogqsppet-raquel-expresso-cidadao-6-e1711480638748.jpg\" alt=\"\" width=\"600\" height=\"450\" \/><\/p>\n<div><span style=\"font-family: Arial; font-size: medium;\">A primeira unidade a receber um espa\u00e7o desse tipo foi o Expresso Cidad\u00e3o do Pina, no Recife, inaugurado em janeiro de 2024. O Expresso Cidad\u00e3o ainda elaborou a Cartilha de Apoio para Atendimento Especializado.\u00a0<\/span><\/div>\n<div><span style=\"font-family: Arial; font-size: medium;\">\u00a0<\/span><\/div>\n<div><span style=\"font-family: Arial; font-size: medium;\"><b>EMISS\u00c3O DE PASSAPORTES<\/b><\/span><\/div>\n<div><span style=\"font-family: Arial; font-size: medium;\">Resultado de uma parceria entre o Governo de Pernambuco e a Pol\u00edcia Federal, hoje ainda foi inaugurado um posto para emiss\u00e3o de passaportes que tamb\u00e9m funcionar\u00e1 no Expresso Cidad\u00e3o de Petrolina. O espa\u00e7o, localizado no River Shopping, no centro do munic\u00edpio, tem capacidade para 30 agendamentos di\u00e1rios, o que representa 650 passaportes confeccionados mensalmente. Al\u00e9m desse servi\u00e7o, o Expresso Cidad\u00e3o Petrolina atualmente realiza uma m\u00e9dia de 12 mil atendimentos mensais e conta com oito parceiros, entre eles: Detran, Compesa, Instituto de Identifica\u00e7\u00e3o Tavares Buril (IITB) e Bombeiros.<\/span><\/div>\n<div><span style=\"font-family: Arial; font-size: medium;\">\u00a0<\/span><\/div>\n<div><span style=\"font-family: Arial; font-size: medium;\">&#8220;Estamos, com a Pol\u00edcia Federal, inaugurando hoje o posto para emiss\u00e3o de passaporte no munic\u00edpio de Petrolina. Isso representa mais comodidade para a popula\u00e7\u00e3o que vive no Sert\u00e3o de Pernambuco, que n\u00e3o precisa mais se deslocar para outros mun\u00edcipios ou para a capital para fazer a solicita\u00e7\u00e3o do seu documento. Al\u00e9m disso, o Expresso Cidad\u00e3o tamb\u00e9m oferece outros servi\u00e7os, como a emiss\u00e3o de carteira de identidade, o que garante cidadania para todos os que moram nesta regi\u00e3o&#8221;, ressaltou Raquel Lyra<\/span><\/div>\n<div><span style=\"font-family: Arial; font-size: medium;\">\u00a0<\/span><\/div>\n<div><span style=\"font-family: Arial; font-size: medium;\">O superintendente regional da Pol\u00edcia Federal, Ant\u00f4nio de P\u00e1dua, registrou a import\u00e2ncia do novo espa\u00e7o em Petrolina. \u201cEsta \u00e9 uma data de muita comemora\u00e7\u00e3o, pois justamente no ano em que a Pol\u00edcia Federal completa 80 anos, pela primeira vez na hist\u00f3ria, estamos em Petrolina fazendo a entrega do posto de passaporte&#8221;, disse.<\/span><\/div>\n<div><span style=\"font-family: Arial; font-size: medium;\">\u00a0<\/span><\/div>\n<div><span style=\"font-family: Arial; font-size: medium;\">Tamb\u00e9m estiveram presentes na agenda os prefeitos Vilmar Cappellaro (Lagoa Grande), Rafael Cavalcanti (Afr\u00e2nio), Galego de Nanai (Cabrob\u00f3), George Duarte (Santa Maria da Boa Vista), a vereadora Lucinha Mota, os ex-deputados Dulcicleide e Odacy Amorim, os secret\u00e1rios estaduais coronel Herc\u00edlio Mamede (Casa Militar), Diogo Bezerra (Mobilidade e Infraestrutura), Alessandro Carvalho (Defesa Social), Guilherme Coelho (assessor especial da governadora), o diretor-presidente da Ag\u00eancia de Desenvolvimento Econ\u00f4mico de Pernambuco (Adepe), Andr\u00e9 Teixeira; al\u00e9m de vereadores da regi\u00e3o.<\/span><\/div>\n","protected":false},"excerpt":{"rendered":"<p>Iniciando importante agenda de entregas em Petrolina, no Sert\u00e3o do S\u00e3o Francisco, a governadora Raquel Lyra participou nesta ter\u00e7a-feira (26) da inaugura\u00e7\u00e3o de um novo posto para emiss\u00e3o de passaportes que funcionar\u00e1 em sistema de parceria entre o Governo de Pernambuco e a Pol\u00edcia Federal no Expresso Cidad\u00e3o do munic\u00edpio. Em seguida, no mesmo local, a gestora entregou um espa\u00e7o de atendimento especializado para crian\u00e7as com Transtorno do Espectro Autista (TEA) e neurodivergentes. A iniciativa, desenvolvida pela Secretaria de Administra\u00e7\u00e3o do Estado (SAD), \u00e9 a primeira deste tipo no interior do Estado e promove o acesso \u00e0 cidadania e mais acolhimento ao p\u00fablico infantil com TEA. \u00a0 \u201cEstamos inaugurando este espa\u00e7o de atendimento especializado para pessoas que t\u00eam TEA e&hellip; <\/p>\n","protected":false},"author":2,"featured_media":364664,"comment_status":"open","ping_status":"open","sticky":false,"template":"","format":"standard","meta":{"_acf_changed":false,"footnotes":""},"categories":[44],"tags":[],"class_list":["post-364661","post","type-post","status-publish","format-standard","has-post-thumbnail","hentry","category-administracao"],"acf":[],"yoast_head":"<!-- This site is optimized with the Yoast SEO plugin v27.4 - https:\/\/yoast.com\/product\/yoast-seo-wordpress\/ -->\n<title>Raquel Lyra entrega em Petrolina espa\u00e7o de atendimento especializado para crian\u00e7as com Transtorno do Espectro Autista e novo posto para emiss\u00e3o de passaportes - Blog do Farn\u00e9sio<\/title>\n<meta name=\"robots\" content=\"index, follow, max-snippet:-1, max-image-preview:large, max-video-preview:-1\" \/>\n<link rel=\"canonical\" href=\"https:\/\/blogdofarnesio.com.br\/?p=364661\" \/>\n<meta property=\"og:locale\" content=\"pt_BR\" \/>\n<meta property=\"og:type\" content=\"article\" \/>\n<meta property=\"og:title\" content=\"Raquel Lyra entrega em Petrolina espa\u00e7o de atendimento especializado para crian\u00e7as com Transtorno do Espectro Autista e novo posto para emiss\u00e3o de passaportes - Blog do Farn\u00e9sio\" \/>\n<meta property=\"og:description\" content=\"Iniciando importante agenda de entregas em Petrolina, no Sert\u00e3o do S\u00e3o Francisco, a governadora Raquel Lyra participou nesta ter\u00e7a-feira (26) da inaugura\u00e7\u00e3o de um novo posto para emiss\u00e3o de passaportes que funcionar\u00e1 em sistema de parceria entre o Governo de Pernambuco e a Pol\u00edcia Federal no Expresso Cidad\u00e3o do munic\u00edpio. Em seguida, no mesmo local, a gestora entregou um espa\u00e7o de atendimento especializado para crian\u00e7as com Transtorno do Espectro Autista (TEA) e neurodivergentes. A iniciativa, desenvolvida pela Secretaria de Administra\u00e7\u00e3o do Estado (SAD), \u00e9 a primeira deste tipo no interior do Estado e promove o acesso \u00e0 cidadania e mais acolhimento ao p\u00fablico infantil com TEA. \u00a0 \u201cEstamos inaugurando este espa\u00e7o de atendimento especializado para pessoas que t\u00eam TEA e&hellip;\" \/>\n<meta property=\"og:url\" content=\"https:\/\/blogdofarnesio.com.br\/?p=364661\" \/>\n<meta property=\"og:site_name\" content=\"Blog do Farn\u00e9sio\" \/>\n<meta property=\"article:publisher\" content=\"https:\/\/www.facebook.com\/BlogQuerSaberPolitica\/\" \/>\n<meta property=\"article:author\" content=\"https:\/\/www.facebook.com\/?ref=tn_tnmn\" \/>\n<meta property=\"article:published_time\" content=\"2024-03-26T13:03:29+00:00\" \/>\n<meta property=\"article:modified_time\" content=\"2024-03-26T19:20:07+00:00\" \/>\n<meta property=\"og:image\" content=\"https:\/\/blogdofarnesio.com.br\/wp-content\/uploads\/2024\/03\/blogqsppet-raquel-expresso-cidadao-1.jpg\" \/>\n\t<meta property=\"og:image:width\" content=\"1920\" \/>\n\t<meta property=\"og:image:height\" content=\"1440\" \/>\n\t<meta property=\"og:image:type\" content=\"image\/jpeg\" \/>\n<meta name=\"author\" content=\"Farn\u00e9sio\" \/>\n<meta name=\"twitter:card\" content=\"summary_large_image\" \/>\n<meta name=\"twitter:label1\" content=\"Escrito por\" \/>\n\t<meta name=\"twitter:data1\" content=\"Farn\u00e9sio\" \/>\n\t<meta name=\"twitter:label2\" content=\"Est. tempo de leitura\" \/>\n\t<meta name=\"twitter:data2\" content=\"5 minutos\" \/>\n<script type=\"application\/ld+json\" class=\"yoast-schema-graph\">{\"@context\":\"https:\\\/\\\/schema.org\",\"@graph\":[{\"@type\":\"Article\",\"@id\":\"https:\\\/\\\/blogdofarnesio.com.br\\\/?p=364661#article\",\"isPartOf\":{\"@id\":\"https:\\\/\\\/blogdofarnesio.com.br\\\/?p=364661\"},\"author\":{\"name\":\"Farn\u00e9sio\",\"@id\":\"https:\\\/\\\/blogdofarnesio.com.br\\\/#\\\/schema\\\/person\\\/bb9b23ae3ad0609ce8df7b6c9e76824d\"},\"headline\":\"Raquel Lyra entrega em Petrolina espa\u00e7o de atendimento especializado para crian\u00e7as com Transtorno do Espectro Autista e novo posto para emiss\u00e3o de passaportes\",\"datePublished\":\"2024-03-26T13:03:29+00:00\",\"dateModified\":\"2024-03-26T19:20:07+00:00\",\"mainEntityOfPage\":{\"@id\":\"https:\\\/\\\/blogdofarnesio.com.br\\\/?p=364661\"},\"wordCount\":734,\"commentCount\":0,\"publisher\":{\"@id\":\"https:\\\/\\\/blogdofarnesio.com.br\\\/#organization\"},\"image\":{\"@id\":\"https:\\\/\\\/blogdofarnesio.com.br\\\/?p=364661#primaryimage\"},\"thumbnailUrl\":\"https:\\\/\\\/blogdofarnesio.com.br\\\/wp-content\\\/uploads\\\/2024\\\/03\\\/blogqsppet-raquel-expresso-cidadao-1.jpg\",\"articleSection\":[\"Administra\u00e7\u00e3o\"],\"inLanguage\":\"pt-BR\",\"potentialAction\":[{\"@type\":\"CommentAction\",\"name\":\"Comment\",\"target\":[\"https:\\\/\\\/blogdofarnesio.com.br\\\/?p=364661#respond\"]}]},{\"@type\":\"WebPage\",\"@id\":\"https:\\\/\\\/blogdofarnesio.com.br\\\/?p=364661\",\"url\":\"https:\\\/\\\/blogdofarnesio.com.br\\\/?p=364661\",\"name\":\"Raquel Lyra entrega em Petrolina espa\u00e7o de atendimento especializado para crian\u00e7as com Transtorno do Espectro Autista e novo posto para emiss\u00e3o de passaportes - Blog do Farn\u00e9sio\",\"isPartOf\":{\"@id\":\"https:\\\/\\\/blogdofarnesio.com.br\\\/#website\"},\"primaryImageOfPage\":{\"@id\":\"https:\\\/\\\/blogdofarnesio.com.br\\\/?p=364661#primaryimage\"},\"image\":{\"@id\":\"https:\\\/\\\/blogdofarnesio.com.br\\\/?p=364661#primaryimage\"},\"thumbnailUrl\":\"https:\\\/\\\/blogdofarnesio.com.br\\\/wp-content\\\/uploads\\\/2024\\\/03\\\/blogqsppet-raquel-expresso-cidadao-1.jpg\",\"datePublished\":\"2024-03-26T13:03:29+00:00\",\"dateModified\":\"2024-03-26T19:20:07+00:00\",\"breadcrumb\":{\"@id\":\"https:\\\/\\\/blogdofarnesio.com.br\\\/?p=364661#breadcrumb\"},\"inLanguage\":\"pt-BR\",\"potentialAction\":[{\"@type\":\"ReadAction\",\"target\":[\"https:\\\/\\\/blogdofarnesio.com.br\\\/?p=364661\"]}]},{\"@type\":\"ImageObject\",\"inLanguage\":\"pt-BR\",\"@id\":\"https:\\\/\\\/blogdofarnesio.com.br\\\/?p=364661#primaryimage\",\"url\":\"https:\\\/\\\/blogdofarnesio.com.br\\\/wp-content\\\/uploads\\\/2024\\\/03\\\/blogqsppet-raquel-expresso-cidadao-1.jpg\",\"contentUrl\":\"https:\\\/\\\/blogdofarnesio.com.br\\\/wp-content\\\/uploads\\\/2024\\\/03\\\/blogqsppet-raquel-expresso-cidadao-1.jpg\",\"width\":1920,\"height\":1440},{\"@type\":\"BreadcrumbList\",\"@id\":\"https:\\\/\\\/blogdofarnesio.com.br\\\/?p=364661#breadcrumb\",\"itemListElement\":[{\"@type\":\"ListItem\",\"position\":1,\"name\":\"In\u00edcio\",\"item\":\"https:\\\/\\\/blogdofarnesio.com.br\\\/\"},{\"@type\":\"ListItem\",\"position\":2,\"name\":\"Raquel Lyra entrega em Petrolina espa\u00e7o de atendimento especializado para crian\u00e7as com Transtorno do Espectro Autista e novo posto para emiss\u00e3o de passaportes\"}]},{\"@type\":\"WebSite\",\"@id\":\"https:\\\/\\\/blogdofarnesio.com.br\\\/#website\",\"url\":\"https:\\\/\\\/blogdofarnesio.com.br\\\/\",\"name\":\"Blog do Farn\u00e9sio\",\"description\":\"Quer Saber Pol\u00edtica?\",\"publisher\":{\"@id\":\"https:\\\/\\\/blogdofarnesio.com.br\\\/#organization\"},\"potentialAction\":[{\"@type\":\"SearchAction\",\"target\":{\"@type\":\"EntryPoint\",\"urlTemplate\":\"https:\\\/\\\/blogdofarnesio.com.br\\\/?s={search_term_string}\"},\"query-input\":{\"@type\":\"PropertyValueSpecification\",\"valueRequired\":true,\"valueName\":\"search_term_string\"}}],\"inLanguage\":\"pt-BR\"},{\"@type\":\"Organization\",\"@id\":\"https:\\\/\\\/blogdofarnesio.com.br\\\/#organization\",\"name\":\"Blog do Farn\u00e9sio\",\"url\":\"https:\\\/\\\/blogdofarnesio.com.br\\\/\",\"logo\":{\"@type\":\"ImageObject\",\"inLanguage\":\"pt-BR\",\"@id\":\"https:\\\/\\\/blogdofarnesio.com.br\\\/#\\\/schema\\\/logo\\\/image\\\/\",\"url\":\"https:\\\/\\\/blogdofarnesio.com.br\\\/wp-content\\\/uploads\\\/2026\\\/03\\\/cropped-logo_new-1.png\",\"contentUrl\":\"https:\\\/\\\/blogdofarnesio.com.br\\\/wp-content\\\/uploads\\\/2026\\\/03\\\/cropped-logo_new-1.png\",\"width\":881,\"height\":685,\"caption\":\"Blog do Farn\u00e9sio\"},\"image\":{\"@id\":\"https:\\\/\\\/blogdofarnesio.com.br\\\/#\\\/schema\\\/logo\\\/image\\\/\"},\"sameAs\":[\"https:\\\/\\\/www.facebook.com\\\/BlogQuerSaberPolitica\\\/\"]},{\"@type\":\"Person\",\"@id\":\"https:\\\/\\\/blogdofarnesio.com.br\\\/#\\\/schema\\\/person\\\/bb9b23ae3ad0609ce8df7b6c9e76824d\",\"name\":\"Farn\u00e9sio\",\"image\":{\"@type\":\"ImageObject\",\"inLanguage\":\"pt-BR\",\"@id\":\"https:\\\/\\\/secure.gravatar.com\\\/avatar\\\/986aa4c61ccdb66f8555bf88fc2a65609d00bcabd4d2d94377a727547345cbca?s=96&d=mm&r=g\",\"url\":\"https:\\\/\\\/secure.gravatar.com\\\/avatar\\\/986aa4c61ccdb66f8555bf88fc2a65609d00bcabd4d2d94377a727547345cbca?s=96&d=mm&r=g\",\"contentUrl\":\"https:\\\/\\\/secure.gravatar.com\\\/avatar\\\/986aa4c61ccdb66f8555bf88fc2a65609d00bcabd4d2d94377a727547345cbca?s=96&d=mm&r=g\",\"caption\":\"Farn\u00e9sio\"},\"description\":\"Radialista blogueiro, chegou a Petrolina\\\/Juazeiro em setembro de 1980, Farn\u00e9sio Silva \u00e9 de Arapiraca-Alagoas.\",\"sameAs\":[\"http:\\\/\\\/blogdofarnesio.com.br\",\"https:\\\/\\\/www.facebook.com\\\/?ref=tn_tnmn\",\"https:\\\/\\\/www.instagram.com\\\/?utm_source=pwa_homescreen\",\"https:\\\/\\\/youtube.com.br\\\/\"],\"url\":\"https:\\\/\\\/blogdofarnesio.com.br\\\/?author=2\"}]}<\/script>\n<!-- \/ Yoast SEO plugin. -->","yoast_head_json":{"title":"Raquel Lyra entrega em Petrolina espa\u00e7o de atendimento especializado para crian\u00e7as com Transtorno do Espectro Autista e novo posto para emiss\u00e3o de passaportes - Blog do Farn\u00e9sio","robots":{"index":"index","follow":"follow","max-snippet":"max-snippet:-1","max-image-preview":"max-image-preview:large","max-video-preview":"max-video-preview:-1"},"canonical":"https:\/\/blogdofarnesio.com.br\/?p=364661","og_locale":"pt_BR","og_type":"article","og_title":"Raquel Lyra entrega em Petrolina espa\u00e7o de atendimento especializado para crian\u00e7as com Transtorno do Espectro Autista e novo posto para emiss\u00e3o de passaportes - Blog do Farn\u00e9sio","og_description":"Iniciando importante agenda de entregas em Petrolina, no Sert\u00e3o do S\u00e3o Francisco, a governadora Raquel Lyra participou nesta ter\u00e7a-feira (26) da inaugura\u00e7\u00e3o de um novo posto para emiss\u00e3o de passaportes que funcionar\u00e1 em sistema de parceria entre o Governo de Pernambuco e a Pol\u00edcia Federal no Expresso Cidad\u00e3o do munic\u00edpio. Em seguida, no mesmo local, a gestora entregou um espa\u00e7o de atendimento especializado para crian\u00e7as com Transtorno do Espectro Autista (TEA) e neurodivergentes. A iniciativa, desenvolvida pela Secretaria de Administra\u00e7\u00e3o do Estado (SAD), \u00e9 a primeira deste tipo no interior do Estado e promove o acesso \u00e0 cidadania e mais acolhimento ao p\u00fablico infantil com TEA. \u00a0 \u201cEstamos inaugurando este espa\u00e7o de atendimento especializado para pessoas que t\u00eam TEA e&hellip;","og_url":"https:\/\/blogdofarnesio.com.br\/?p=364661","og_site_name":"Blog do Farn\u00e9sio","article_publisher":"https:\/\/www.facebook.com\/BlogQuerSaberPolitica\/","article_author":"https:\/\/www.facebook.com\/?ref=tn_tnmn","article_published_time":"2024-03-26T13:03:29+00:00","article_modified_time":"2024-03-26T19:20:07+00:00","og_image":[{"width":1920,"height":1440,"url":"https:\/\/blogdofarnesio.com.br\/wp-content\/uploads\/2024\/03\/blogqsppet-raquel-expresso-cidadao-1.jpg","type":"image\/jpeg"}],"author":"Farn\u00e9sio","twitter_card":"summary_large_image","twitter_misc":{"Escrito por":"Farn\u00e9sio","Est. tempo de leitura":"5 minutos"},"schema":{"@context":"https:\/\/schema.org","@graph":[{"@type":"Article","@id":"https:\/\/blogdofarnesio.com.br\/?p=364661#article","isPartOf":{"@id":"https:\/\/blogdofarnesio.com.br\/?p=364661"},"author":{"name":"Farn\u00e9sio","@id":"https:\/\/blogdofarnesio.com.br\/#\/schema\/person\/bb9b23ae3ad0609ce8df7b6c9e76824d"},"headline":"Raquel Lyra entrega em Petrolina espa\u00e7o de atendimento especializado para crian\u00e7as com Transtorno do Espectro Autista e novo posto para emiss\u00e3o de passaportes","datePublished":"2024-03-26T13:03:29+00:00","dateModified":"2024-03-26T19:20:07+00:00","mainEntityOfPage":{"@id":"https:\/\/blogdofarnesio.com.br\/?p=364661"},"wordCount":734,"commentCount":0,"publisher":{"@id":"https:\/\/blogdofarnesio.com.br\/#organization"},"image":{"@id":"https:\/\/blogdofarnesio.com.br\/?p=364661#primaryimage"},"thumbnailUrl":"https:\/\/blogdofarnesio.com.br\/wp-content\/uploads\/2024\/03\/blogqsppet-raquel-expresso-cidadao-1.jpg","articleSection":["Administra\u00e7\u00e3o"],"inLanguage":"pt-BR","potentialAction":[{"@type":"CommentAction","name":"Comment","target":["https:\/\/blogdofarnesio.com.br\/?p=364661#respond"]}]},{"@type":"WebPage","@id":"https:\/\/blogdofarnesio.com.br\/?p=364661","url":"https:\/\/blogdofarnesio.com.br\/?p=364661","name":"Raquel Lyra entrega em Petrolina espa\u00e7o de atendimento especializado para crian\u00e7as com Transtorno do Espectro Autista e novo posto para emiss\u00e3o de passaportes - Blog do Farn\u00e9sio","isPartOf":{"@id":"https:\/\/blogdofarnesio.com.br\/#website"},"primaryImageOfPage":{"@id":"https:\/\/blogdofarnesio.com.br\/?p=364661#primaryimage"},"image":{"@id":"https:\/\/blogdofarnesio.com.br\/?p=364661#primaryimage"},"thumbnailUrl":"https:\/\/blogdofarnesio.com.br\/wp-content\/uploads\/2024\/03\/blogqsppet-raquel-expresso-cidadao-1.jpg","datePublished":"2024-03-26T13:03:29+00:00","dateModified":"2024-03-26T19:20:07+00:00","breadcrumb":{"@id":"https:\/\/blogdofarnesio.com.br\/?p=364661#breadcrumb"},"inLanguage":"pt-BR","potentialAction":[{"@type":"ReadAction","target":["https:\/\/blogdofarnesio.com.br\/?p=364661"]}]},{"@type":"ImageObject","inLanguage":"pt-BR","@id":"https:\/\/blogdofarnesio.com.br\/?p=364661#primaryimage","url":"https:\/\/blogdofarnesio.com.br\/wp-content\/uploads\/2024\/03\/blogqsppet-raquel-expresso-cidadao-1.jpg","contentUrl":"https:\/\/blogdofarnesio.com.br\/wp-content\/uploads\/2024\/03\/blogqsppet-raquel-expresso-cidadao-1.jpg","width":1920,"height":1440},{"@type":"BreadcrumbList","@id":"https:\/\/blogdofarnesio.com.br\/?p=364661#breadcrumb","itemListElement":[{"@type":"ListItem","position":1,"name":"In\u00edcio","item":"https:\/\/blogdofarnesio.com.br\/"},{"@type":"ListItem","position":2,"name":"Raquel Lyra entrega em Petrolina espa\u00e7o de atendimento especializado para crian\u00e7as com Transtorno do Espectro Autista e novo posto para emiss\u00e3o de passaportes"}]},{"@type":"WebSite","@id":"https:\/\/blogdofarnesio.com.br\/#website","url":"https:\/\/blogdofarnesio.com.br\/","name":"Blog do Farn\u00e9sio","description":"Quer Saber Pol\u00edtica?","publisher":{"@id":"https:\/\/blogdofarnesio.com.br\/#organization"},"potentialAction":[{"@type":"SearchAction","target":{"@type":"EntryPoint","urlTemplate":"https:\/\/blogdofarnesio.com.br\/?s={search_term_string}"},"query-input":{"@type":"PropertyValueSpecification","valueRequired":true,"valueName":"search_term_string"}}],"inLanguage":"pt-BR"},{"@type":"Organization","@id":"https:\/\/blogdofarnesio.com.br\/#organization","name":"Blog do Farn\u00e9sio","url":"https:\/\/blogdofarnesio.com.br\/","logo":{"@type":"ImageObject","inLanguage":"pt-BR","@id":"https:\/\/blogdofarnesio.com.br\/#\/schema\/logo\/image\/","url":"https:\/\/blogdofarnesio.com.br\/wp-content\/uploads\/2026\/03\/cropped-logo_new-1.png","contentUrl":"https:\/\/blogdofarnesio.com.br\/wp-content\/uploads\/2026\/03\/cropped-logo_new-1.png","width":881,"height":685,"caption":"Blog do Farn\u00e9sio"},"image":{"@id":"https:\/\/blogdofarnesio.com.br\/#\/schema\/logo\/image\/"},"sameAs":["https:\/\/www.facebook.com\/BlogQuerSaberPolitica\/"]},{"@type":"Person","@id":"https:\/\/blogdofarnesio.com.br\/#\/schema\/person\/bb9b23ae3ad0609ce8df7b6c9e76824d","name":"Farn\u00e9sio","image":{"@type":"ImageObject","inLanguage":"pt-BR","@id":"https:\/\/secure.gravatar.com\/avatar\/986aa4c61ccdb66f8555bf88fc2a65609d00bcabd4d2d94377a727547345cbca?s=96&d=mm&r=g","url":"https:\/\/secure.gravatar.com\/avatar\/986aa4c61ccdb66f8555bf88fc2a65609d00bcabd4d2d94377a727547345cbca?s=96&d=mm&r=g","contentUrl":"https:\/\/secure.gravatar.com\/avatar\/986aa4c61ccdb66f8555bf88fc2a65609d00bcabd4d2d94377a727547345cbca?s=96&d=mm&r=g","caption":"Farn\u00e9sio"},"description":"Radialista blogueiro, chegou a Petrolina\/Juazeiro em setembro de 1980, Farn\u00e9sio Silva \u00e9 de Arapiraca-Alagoas.","sameAs":["http:\/\/blogdofarnesio.com.br","https:\/\/www.facebook.com\/?ref=tn_tnmn","https:\/\/www.instagram.com\/?utm_source=pwa_homescreen","https:\/\/youtube.com.br\/"],"url":"https:\/\/blogdofarnesio.com.br\/?author=2"}]}},"_links":{"self":[{"href":"https:\/\/blogdofarnesio.com.br\/index.php?rest_route=\/wp\/v2\/posts\/364661","targetHints":{"allow":["GET"]}}],"collection":[{"href":"https:\/\/blogdofarnesio.com.br\/index.php?rest_route=\/wp\/v2\/posts"}],"about":[{"href":"https:\/\/blogdofarnesio.com.br\/index.php?rest_route=\/wp\/v2\/types\/post"}],"author":[{"embeddable":true,"href":"https:\/\/blogdofarnesio.com.br\/index.php?rest_route=\/wp\/v2\/users\/2"}],"replies":[{"embeddable":true,"href":"https:\/\/blogdofarnesio.com.br\/index.php?rest_route=%2Fwp%2Fv2%2Fcomments&post=364661"}],"version-history":[{"count":0,"href":"https:\/\/blogdofarnesio.com.br\/index.php?rest_route=\/wp\/v2\/posts\/364661\/revisions"}],"wp:featuredmedia":[{"embeddable":true,"href":"https:\/\/blogdofarnesio.com.br\/index.php?rest_route=\/wp\/v2\/media\/364664"}],"wp:attachment":[{"href":"https:\/\/blogdofarnesio.com.br\/index.php?rest_route=%2Fwp%2Fv2%2Fmedia&parent=364661"}],"wp:term":[{"taxonomy":"category","embeddable":true,"href":"https:\/\/blogdofarnesio.com.br\/index.php?rest_route=%2Fwp%2Fv2%2Fcategories&post=364661"},{"taxonomy":"post_tag","embeddable":true,"href":"https:\/\/blogdofarnesio.com.br\/index.php?rest_route=%2Fwp%2Fv2%2Ftags&post=364661"}],"curies":[{"name":"wp","href":"https:\/\/api.w.org\/{rel}","templated":true}]}}