{"id":364589,"date":"2024-03-31T15:00:25","date_gmt":"2024-03-31T18:00:25","guid":{"rendered":"https:\/\/blogdofarnesio.com.br\/?p=364589"},"modified":"2024-03-31T09:40:52","modified_gmt":"2024-03-31T12:40:52","slug":"prefeitura-de-petrolina-orienta-familias-de-estudantes-sobre-a-importancia-em-manter-a-frequencia-escolar","status":"publish","type":"post","link":"https:\/\/blogdofarnesio.com.br\/?p=364589","title":{"rendered":"Prefeitura de Petrolina orienta fam\u00edlias de estudantes sobre a import\u00e2ncia em manter a frequ\u00eancia escolar"},"content":{"rendered":"<p>A Prefeitura de Petrolina tem desenvolvido a\u00e7\u00f5es estrat\u00e9gicas para dirimir problemas como evas\u00e3o escolar e abandono na rede municipal. O r\u00edgido controle da frequ\u00eancia escolar, busca ativa e a intensifica\u00e7\u00e3o da aprendizagem s\u00e3o alguns dos trabalhos realizados de forma permanente pela Secretaria de Educa\u00e7\u00e3o, Cultura e Esportes.<\/p>\n<p>Para fomentar a perman\u00eancia dos alunos na escola, acolh\u00ea-los e fortalecer esse v\u00ednculo, a gest\u00e3o municipal deu in\u00edcio a uma s\u00e9rie de encontros com pais e respons\u00e1veis pelos discentes, para apresentar o funcionamento das unidades de ensino, as atividades pedag\u00f3gicas desenvolvidas durante o ano letivo e a import\u00e2ncia do cuidado com a frequ\u00eancia escolar, que \u00e9 um forte instrumento de combate \u00e0 evas\u00e3o e realiza\u00e7\u00e3o de sonhos.<\/p>\n<p>Em parceria com a Secretaria de Desenvolvimento Social e Direitos Humanos (SEDESDH), o primeiro encontro aconteceu na Escola Jo\u00e3o Rodrigues de Macedo, localizada em Crist\u00e1lia, e que atende alunos da Educa\u00e7\u00e3o Infantil ao Ensino Fundamental. Na ocasi\u00e3o, a equipe da Secretaria de Educa\u00e7\u00e3o falou sobre o acompanhamento e registro da frequ\u00eancia para evitar advert\u00eancia, bloqueio, suspens\u00e3o ou cancelamento do benef\u00edcio. Desde 2021, as crian\u00e7as de 4 e 5 anos da rede p\u00fablica precisam cumprir um m\u00ednimo de 60% de frequ\u00eancia escolar. J\u00e1 para o p\u00fablico de 6 a 17 anos, o percentual m\u00ednimo exigido \u00e9 de 75%.<\/p>\n<p>A gest\u00e3o destaca o quanto \u00e9 fundamental que as crian\u00e7as e jovens estejam matriculados e frequentando regularmente as aulas, pois \u00e9 um fator importante para o sucesso educacional e assegura a perman\u00eancia dos alunos. Fortalecer esse v\u00ednculo entre fam\u00edlia e escola \u00e9 essencial para gerar frutos positivos no programa Busca Ativa. Os estudantes precisam ter a escola como um ponto de acolhimento.<\/p>\n","protected":false},"excerpt":{"rendered":"<p>A Prefeitura de Petrolina tem desenvolvido a\u00e7\u00f5es estrat\u00e9gicas para dirimir problemas como evas\u00e3o escolar e abandono na rede municipal. O r\u00edgido controle da frequ\u00eancia escolar, busca ativa e a intensifica\u00e7\u00e3o da aprendizagem s\u00e3o alguns dos trabalhos realizados de forma permanente pela Secretaria de Educa\u00e7\u00e3o, Cultura e Esportes. Para fomentar a perman\u00eancia dos alunos na escola, acolh\u00ea-los e fortalecer esse v\u00ednculo, a gest\u00e3o municipal deu in\u00edcio a uma s\u00e9rie de encontros com pais e respons\u00e1veis pelos discentes, para apresentar o funcionamento das unidades de ensino, as atividades pedag\u00f3gicas desenvolvidas durante o ano letivo e a import\u00e2ncia do cuidado com a frequ\u00eancia escolar, que \u00e9 um forte instrumento de combate \u00e0 evas\u00e3o e realiza\u00e7\u00e3o de sonhos. Em parceria com a Secretaria de&hellip; <\/p>\n","protected":false},"author":2,"featured_media":364590,"comment_status":"open","ping_status":"open","sticky":false,"template":"","format":"standard","meta":{"_acf_changed":false,"footnotes":""},"categories":[6],"tags":[],"class_list":["post-364589","post","type-post","status-publish","format-standard","has-post-thumbnail","hentry","category-educacao"],"acf":[],"yoast_head":"<!-- This site is optimized with the Yoast SEO plugin v27.4 - https:\/\/yoast.com\/product\/yoast-seo-wordpress\/ -->\n<title>Prefeitura de Petrolina orienta fam\u00edlias de estudantes sobre a import\u00e2ncia em manter a frequ\u00eancia escolar - Blog do Farn\u00e9sio<\/title>\n<meta name=\"robots\" content=\"index, follow, max-snippet:-1, max-image-preview:large, max-video-preview:-1\" \/>\n<link rel=\"canonical\" href=\"http:\/\/blogdofarnesio.com.br\/?p=364589\" \/>\n<meta property=\"og:locale\" content=\"pt_BR\" \/>\n<meta property=\"og:type\" content=\"article\" \/>\n<meta property=\"og:title\" content=\"Prefeitura de Petrolina orienta fam\u00edlias de estudantes sobre a import\u00e2ncia em manter a frequ\u00eancia escolar - Blog do Farn\u00e9sio\" \/>\n<meta property=\"og:description\" content=\"A Prefeitura de Petrolina tem desenvolvido a\u00e7\u00f5es estrat\u00e9gicas para dirimir problemas como evas\u00e3o escolar e abandono na rede municipal. O r\u00edgido controle da frequ\u00eancia escolar, busca ativa e a intensifica\u00e7\u00e3o da aprendizagem s\u00e3o alguns dos trabalhos realizados de forma permanente pela Secretaria de Educa\u00e7\u00e3o, Cultura e Esportes. Para fomentar a perman\u00eancia dos alunos na escola, acolh\u00ea-los e fortalecer esse v\u00ednculo, a gest\u00e3o municipal deu in\u00edcio a uma s\u00e9rie de encontros com pais e respons\u00e1veis pelos discentes, para apresentar o funcionamento das unidades de ensino, as atividades pedag\u00f3gicas desenvolvidas durante o ano letivo e a import\u00e2ncia do cuidado com a frequ\u00eancia escolar, que \u00e9 um forte instrumento de combate \u00e0 evas\u00e3o e realiza\u00e7\u00e3o de sonhos. Em parceria com a Secretaria de&hellip;\" \/>\n<meta property=\"og:url\" content=\"http:\/\/blogdofarnesio.com.br\/?p=364589\" \/>\n<meta property=\"og:site_name\" content=\"Blog do Farn\u00e9sio\" \/>\n<meta property=\"article:publisher\" content=\"https:\/\/www.facebook.com\/BlogQuerSaberPolitica\/\" \/>\n<meta property=\"article:author\" content=\"https:\/\/www.facebook.com\/?ref=tn_tnmn\" \/>\n<meta property=\"article:published_time\" content=\"2024-03-31T18:00:25+00:00\" \/>\n<meta property=\"og:image\" content=\"http:\/\/blogdofarnesio.com.br\/wp-content\/uploads\/2024\/03\/reuniao-pais-e-mestres2-e1711401015535.jpeg\" \/>\n\t<meta property=\"og:image:width\" content=\"500\" \/>\n\t<meta property=\"og:image:height\" content=\"381\" \/>\n\t<meta property=\"og:image:type\" content=\"image\/jpeg\" \/>\n<meta name=\"author\" content=\"Farn\u00e9sio\" \/>\n<meta name=\"twitter:card\" content=\"summary_large_image\" \/>\n<meta name=\"twitter:label1\" content=\"Escrito por\" \/>\n\t<meta name=\"twitter:data1\" content=\"Farn\u00e9sio\" \/>\n\t<meta name=\"twitter:label2\" content=\"Est. tempo de leitura\" \/>\n\t<meta name=\"twitter:data2\" content=\"2 minutos\" \/>\n<script type=\"application\/ld+json\" class=\"yoast-schema-graph\">{\"@context\":\"https:\\\/\\\/schema.org\",\"@graph\":[{\"@type\":\"Article\",\"@id\":\"http:\\\/\\\/blogdofarnesio.com.br\\\/?p=364589#article\",\"isPartOf\":{\"@id\":\"http:\\\/\\\/blogdofarnesio.com.br\\\/?p=364589\"},\"author\":{\"name\":\"Farn\u00e9sio\",\"@id\":\"https:\\\/\\\/blogdofarnesio.com.br\\\/#\\\/schema\\\/person\\\/bb9b23ae3ad0609ce8df7b6c9e76824d\"},\"headline\":\"Prefeitura de Petrolina orienta fam\u00edlias de estudantes sobre a import\u00e2ncia em manter a frequ\u00eancia escolar\",\"datePublished\":\"2024-03-31T18:00:25+00:00\",\"mainEntityOfPage\":{\"@id\":\"http:\\\/\\\/blogdofarnesio.com.br\\\/?p=364589\"},\"wordCount\":318,\"commentCount\":0,\"publisher\":{\"@id\":\"https:\\\/\\\/blogdofarnesio.com.br\\\/#organization\"},\"image\":{\"@id\":\"http:\\\/\\\/blogdofarnesio.com.br\\\/?p=364589#primaryimage\"},\"thumbnailUrl\":\"https:\\\/\\\/blogdofarnesio.com.br\\\/wp-content\\\/uploads\\\/2024\\\/03\\\/reuniao-pais-e-mestres2-e1711401015535.jpeg\",\"articleSection\":[\"Educa\u00e7\u00e3o\"],\"inLanguage\":\"pt-BR\",\"potentialAction\":[{\"@type\":\"CommentAction\",\"name\":\"Comment\",\"target\":[\"http:\\\/\\\/blogdofarnesio.com.br\\\/?p=364589#respond\"]}]},{\"@type\":\"WebPage\",\"@id\":\"http:\\\/\\\/blogdofarnesio.com.br\\\/?p=364589\",\"url\":\"http:\\\/\\\/blogdofarnesio.com.br\\\/?p=364589\",\"name\":\"Prefeitura de Petrolina orienta fam\u00edlias de estudantes sobre a import\u00e2ncia em manter a frequ\u00eancia escolar - Blog do Farn\u00e9sio\",\"isPartOf\":{\"@id\":\"https:\\\/\\\/blogdofarnesio.com.br\\\/#website\"},\"primaryImageOfPage\":{\"@id\":\"http:\\\/\\\/blogdofarnesio.com.br\\\/?p=364589#primaryimage\"},\"image\":{\"@id\":\"http:\\\/\\\/blogdofarnesio.com.br\\\/?p=364589#primaryimage\"},\"thumbnailUrl\":\"https:\\\/\\\/blogdofarnesio.com.br\\\/wp-content\\\/uploads\\\/2024\\\/03\\\/reuniao-pais-e-mestres2-e1711401015535.jpeg\",\"datePublished\":\"2024-03-31T18:00:25+00:00\",\"breadcrumb\":{\"@id\":\"http:\\\/\\\/blogdofarnesio.com.br\\\/?p=364589#breadcrumb\"},\"inLanguage\":\"pt-BR\",\"potentialAction\":[{\"@type\":\"ReadAction\",\"target\":[\"http:\\\/\\\/blogdofarnesio.com.br\\\/?p=364589\"]}]},{\"@type\":\"ImageObject\",\"inLanguage\":\"pt-BR\",\"@id\":\"http:\\\/\\\/blogdofarnesio.com.br\\\/?p=364589#primaryimage\",\"url\":\"https:\\\/\\\/blogdofarnesio.com.br\\\/wp-content\\\/uploads\\\/2024\\\/03\\\/reuniao-pais-e-mestres2-e1711401015535.jpeg\",\"contentUrl\":\"https:\\\/\\\/blogdofarnesio.com.br\\\/wp-content\\\/uploads\\\/2024\\\/03\\\/reuniao-pais-e-mestres2-e1711401015535.jpeg\",\"width\":500,\"height\":381},{\"@type\":\"BreadcrumbList\",\"@id\":\"http:\\\/\\\/blogdofarnesio.com.br\\\/?p=364589#breadcrumb\",\"itemListElement\":[{\"@type\":\"ListItem\",\"position\":1,\"name\":\"In\u00edcio\",\"item\":\"https:\\\/\\\/blogdofarnesio.com.br\\\/\"},{\"@type\":\"ListItem\",\"position\":2,\"name\":\"Prefeitura de Petrolina orienta fam\u00edlias de estudantes sobre a import\u00e2ncia em manter a frequ\u00eancia escolar\"}]},{\"@type\":\"WebSite\",\"@id\":\"https:\\\/\\\/blogdofarnesio.com.br\\\/#website\",\"url\":\"https:\\\/\\\/blogdofarnesio.com.br\\\/\",\"name\":\"Blog do Farn\u00e9sio\",\"description\":\"Quer Saber Pol\u00edtica?\",\"publisher\":{\"@id\":\"https:\\\/\\\/blogdofarnesio.com.br\\\/#organization\"},\"potentialAction\":[{\"@type\":\"SearchAction\",\"target\":{\"@type\":\"EntryPoint\",\"urlTemplate\":\"https:\\\/\\\/blogdofarnesio.com.br\\\/?s={search_term_string}\"},\"query-input\":{\"@type\":\"PropertyValueSpecification\",\"valueRequired\":true,\"valueName\":\"search_term_string\"}}],\"inLanguage\":\"pt-BR\"},{\"@type\":\"Organization\",\"@id\":\"https:\\\/\\\/blogdofarnesio.com.br\\\/#organization\",\"name\":\"Blog do Farn\u00e9sio\",\"url\":\"https:\\\/\\\/blogdofarnesio.com.br\\\/\",\"logo\":{\"@type\":\"ImageObject\",\"inLanguage\":\"pt-BR\",\"@id\":\"https:\\\/\\\/blogdofarnesio.com.br\\\/#\\\/schema\\\/logo\\\/image\\\/\",\"url\":\"https:\\\/\\\/blogdofarnesio.com.br\\\/wp-content\\\/uploads\\\/2026\\\/03\\\/cropped-logo_new-1.png\",\"contentUrl\":\"https:\\\/\\\/blogdofarnesio.com.br\\\/wp-content\\\/uploads\\\/2026\\\/03\\\/cropped-logo_new-1.png\",\"width\":881,\"height\":685,\"caption\":\"Blog do Farn\u00e9sio\"},\"image\":{\"@id\":\"https:\\\/\\\/blogdofarnesio.com.br\\\/#\\\/schema\\\/logo\\\/image\\\/\"},\"sameAs\":[\"https:\\\/\\\/www.facebook.com\\\/BlogQuerSaberPolitica\\\/\"]},{\"@type\":\"Person\",\"@id\":\"https:\\\/\\\/blogdofarnesio.com.br\\\/#\\\/schema\\\/person\\\/bb9b23ae3ad0609ce8df7b6c9e76824d\",\"name\":\"Farn\u00e9sio\",\"image\":{\"@type\":\"ImageObject\",\"inLanguage\":\"pt-BR\",\"@id\":\"https:\\\/\\\/secure.gravatar.com\\\/avatar\\\/986aa4c61ccdb66f8555bf88fc2a65609d00bcabd4d2d94377a727547345cbca?s=96&d=mm&r=g\",\"url\":\"https:\\\/\\\/secure.gravatar.com\\\/avatar\\\/986aa4c61ccdb66f8555bf88fc2a65609d00bcabd4d2d94377a727547345cbca?s=96&d=mm&r=g\",\"contentUrl\":\"https:\\\/\\\/secure.gravatar.com\\\/avatar\\\/986aa4c61ccdb66f8555bf88fc2a65609d00bcabd4d2d94377a727547345cbca?s=96&d=mm&r=g\",\"caption\":\"Farn\u00e9sio\"},\"description\":\"Radialista blogueiro, chegou a Petrolina\\\/Juazeiro em setembro de 1980, Farn\u00e9sio Silva \u00e9 de Arapiraca-Alagoas.\",\"sameAs\":[\"http:\\\/\\\/blogdofarnesio.com.br\",\"https:\\\/\\\/www.facebook.com\\\/?ref=tn_tnmn\",\"https:\\\/\\\/www.instagram.com\\\/?utm_source=pwa_homescreen\",\"https:\\\/\\\/youtube.com.br\\\/\"],\"url\":\"https:\\\/\\\/blogdofarnesio.com.br\\\/?author=2\"}]}<\/script>\n<!-- \/ Yoast SEO plugin. -->","yoast_head_json":{"title":"Prefeitura de Petrolina orienta fam\u00edlias de estudantes sobre a import\u00e2ncia em manter a frequ\u00eancia escolar - Blog do Farn\u00e9sio","robots":{"index":"index","follow":"follow","max-snippet":"max-snippet:-1","max-image-preview":"max-image-preview:large","max-video-preview":"max-video-preview:-1"},"canonical":"http:\/\/blogdofarnesio.com.br\/?p=364589","og_locale":"pt_BR","og_type":"article","og_title":"Prefeitura de Petrolina orienta fam\u00edlias de estudantes sobre a import\u00e2ncia em manter a frequ\u00eancia escolar - Blog do Farn\u00e9sio","og_description":"A Prefeitura de Petrolina tem desenvolvido a\u00e7\u00f5es estrat\u00e9gicas para dirimir problemas como evas\u00e3o escolar e abandono na rede municipal. O r\u00edgido controle da frequ\u00eancia escolar, busca ativa e a intensifica\u00e7\u00e3o da aprendizagem s\u00e3o alguns dos trabalhos realizados de forma permanente pela Secretaria de Educa\u00e7\u00e3o, Cultura e Esportes. Para fomentar a perman\u00eancia dos alunos na escola, acolh\u00ea-los e fortalecer esse v\u00ednculo, a gest\u00e3o municipal deu in\u00edcio a uma s\u00e9rie de encontros com pais e respons\u00e1veis pelos discentes, para apresentar o funcionamento das unidades de ensino, as atividades pedag\u00f3gicas desenvolvidas durante o ano letivo e a import\u00e2ncia do cuidado com a frequ\u00eancia escolar, que \u00e9 um forte instrumento de combate \u00e0 evas\u00e3o e realiza\u00e7\u00e3o de sonhos. Em parceria com a Secretaria de&hellip;","og_url":"http:\/\/blogdofarnesio.com.br\/?p=364589","og_site_name":"Blog do Farn\u00e9sio","article_publisher":"https:\/\/www.facebook.com\/BlogQuerSaberPolitica\/","article_author":"https:\/\/www.facebook.com\/?ref=tn_tnmn","article_published_time":"2024-03-31T18:00:25+00:00","og_image":[{"width":500,"height":381,"url":"http:\/\/blogdofarnesio.com.br\/wp-content\/uploads\/2024\/03\/reuniao-pais-e-mestres2-e1711401015535.jpeg","type":"image\/jpeg"}],"author":"Farn\u00e9sio","twitter_card":"summary_large_image","twitter_misc":{"Escrito por":"Farn\u00e9sio","Est. tempo de leitura":"2 minutos"},"schema":{"@context":"https:\/\/schema.org","@graph":[{"@type":"Article","@id":"http:\/\/blogdofarnesio.com.br\/?p=364589#article","isPartOf":{"@id":"http:\/\/blogdofarnesio.com.br\/?p=364589"},"author":{"name":"Farn\u00e9sio","@id":"https:\/\/blogdofarnesio.com.br\/#\/schema\/person\/bb9b23ae3ad0609ce8df7b6c9e76824d"},"headline":"Prefeitura de Petrolina orienta fam\u00edlias de estudantes sobre a import\u00e2ncia em manter a frequ\u00eancia escolar","datePublished":"2024-03-31T18:00:25+00:00","mainEntityOfPage":{"@id":"http:\/\/blogdofarnesio.com.br\/?p=364589"},"wordCount":318,"commentCount":0,"publisher":{"@id":"https:\/\/blogdofarnesio.com.br\/#organization"},"image":{"@id":"http:\/\/blogdofarnesio.com.br\/?p=364589#primaryimage"},"thumbnailUrl":"https:\/\/blogdofarnesio.com.br\/wp-content\/uploads\/2024\/03\/reuniao-pais-e-mestres2-e1711401015535.jpeg","articleSection":["Educa\u00e7\u00e3o"],"inLanguage":"pt-BR","potentialAction":[{"@type":"CommentAction","name":"Comment","target":["http:\/\/blogdofarnesio.com.br\/?p=364589#respond"]}]},{"@type":"WebPage","@id":"http:\/\/blogdofarnesio.com.br\/?p=364589","url":"http:\/\/blogdofarnesio.com.br\/?p=364589","name":"Prefeitura de Petrolina orienta fam\u00edlias de estudantes sobre a import\u00e2ncia em manter a frequ\u00eancia escolar - Blog do Farn\u00e9sio","isPartOf":{"@id":"https:\/\/blogdofarnesio.com.br\/#website"},"primaryImageOfPage":{"@id":"http:\/\/blogdofarnesio.com.br\/?p=364589#primaryimage"},"image":{"@id":"http:\/\/blogdofarnesio.com.br\/?p=364589#primaryimage"},"thumbnailUrl":"https:\/\/blogdofarnesio.com.br\/wp-content\/uploads\/2024\/03\/reuniao-pais-e-mestres2-e1711401015535.jpeg","datePublished":"2024-03-31T18:00:25+00:00","breadcrumb":{"@id":"http:\/\/blogdofarnesio.com.br\/?p=364589#breadcrumb"},"inLanguage":"pt-BR","potentialAction":[{"@type":"ReadAction","target":["http:\/\/blogdofarnesio.com.br\/?p=364589"]}]},{"@type":"ImageObject","inLanguage":"pt-BR","@id":"http:\/\/blogdofarnesio.com.br\/?p=364589#primaryimage","url":"https:\/\/blogdofarnesio.com.br\/wp-content\/uploads\/2024\/03\/reuniao-pais-e-mestres2-e1711401015535.jpeg","contentUrl":"https:\/\/blogdofarnesio.com.br\/wp-content\/uploads\/2024\/03\/reuniao-pais-e-mestres2-e1711401015535.jpeg","width":500,"height":381},{"@type":"BreadcrumbList","@id":"http:\/\/blogdofarnesio.com.br\/?p=364589#breadcrumb","itemListElement":[{"@type":"ListItem","position":1,"name":"In\u00edcio","item":"https:\/\/blogdofarnesio.com.br\/"},{"@type":"ListItem","position":2,"name":"Prefeitura de Petrolina orienta fam\u00edlias de estudantes sobre a import\u00e2ncia em manter a frequ\u00eancia escolar"}]},{"@type":"WebSite","@id":"https:\/\/blogdofarnesio.com.br\/#website","url":"https:\/\/blogdofarnesio.com.br\/","name":"Blog do Farn\u00e9sio","description":"Quer Saber Pol\u00edtica?","publisher":{"@id":"https:\/\/blogdofarnesio.com.br\/#organization"},"potentialAction":[{"@type":"SearchAction","target":{"@type":"EntryPoint","urlTemplate":"https:\/\/blogdofarnesio.com.br\/?s={search_term_string}"},"query-input":{"@type":"PropertyValueSpecification","valueRequired":true,"valueName":"search_term_string"}}],"inLanguage":"pt-BR"},{"@type":"Organization","@id":"https:\/\/blogdofarnesio.com.br\/#organization","name":"Blog do Farn\u00e9sio","url":"https:\/\/blogdofarnesio.com.br\/","logo":{"@type":"ImageObject","inLanguage":"pt-BR","@id":"https:\/\/blogdofarnesio.com.br\/#\/schema\/logo\/image\/","url":"https:\/\/blogdofarnesio.com.br\/wp-content\/uploads\/2026\/03\/cropped-logo_new-1.png","contentUrl":"https:\/\/blogdofarnesio.com.br\/wp-content\/uploads\/2026\/03\/cropped-logo_new-1.png","width":881,"height":685,"caption":"Blog do Farn\u00e9sio"},"image":{"@id":"https:\/\/blogdofarnesio.com.br\/#\/schema\/logo\/image\/"},"sameAs":["https:\/\/www.facebook.com\/BlogQuerSaberPolitica\/"]},{"@type":"Person","@id":"https:\/\/blogdofarnesio.com.br\/#\/schema\/person\/bb9b23ae3ad0609ce8df7b6c9e76824d","name":"Farn\u00e9sio","image":{"@type":"ImageObject","inLanguage":"pt-BR","@id":"https:\/\/secure.gravatar.com\/avatar\/986aa4c61ccdb66f8555bf88fc2a65609d00bcabd4d2d94377a727547345cbca?s=96&d=mm&r=g","url":"https:\/\/secure.gravatar.com\/avatar\/986aa4c61ccdb66f8555bf88fc2a65609d00bcabd4d2d94377a727547345cbca?s=96&d=mm&r=g","contentUrl":"https:\/\/secure.gravatar.com\/avatar\/986aa4c61ccdb66f8555bf88fc2a65609d00bcabd4d2d94377a727547345cbca?s=96&d=mm&r=g","caption":"Farn\u00e9sio"},"description":"Radialista blogueiro, chegou a Petrolina\/Juazeiro em setembro de 1980, Farn\u00e9sio Silva \u00e9 de Arapiraca-Alagoas.","sameAs":["http:\/\/blogdofarnesio.com.br","https:\/\/www.facebook.com\/?ref=tn_tnmn","https:\/\/www.instagram.com\/?utm_source=pwa_homescreen","https:\/\/youtube.com.br\/"],"url":"https:\/\/blogdofarnesio.com.br\/?author=2"}]}},"_links":{"self":[{"href":"https:\/\/blogdofarnesio.com.br\/index.php?rest_route=\/wp\/v2\/posts\/364589","targetHints":{"allow":["GET"]}}],"collection":[{"href":"https:\/\/blogdofarnesio.com.br\/index.php?rest_route=\/wp\/v2\/posts"}],"about":[{"href":"https:\/\/blogdofarnesio.com.br\/index.php?rest_route=\/wp\/v2\/types\/post"}],"author":[{"embeddable":true,"href":"https:\/\/blogdofarnesio.com.br\/index.php?rest_route=\/wp\/v2\/users\/2"}],"replies":[{"embeddable":true,"href":"https:\/\/blogdofarnesio.com.br\/index.php?rest_route=%2Fwp%2Fv2%2Fcomments&post=364589"}],"version-history":[{"count":0,"href":"https:\/\/blogdofarnesio.com.br\/index.php?rest_route=\/wp\/v2\/posts\/364589\/revisions"}],"wp:featuredmedia":[{"embeddable":true,"href":"https:\/\/blogdofarnesio.com.br\/index.php?rest_route=\/wp\/v2\/media\/364590"}],"wp:attachment":[{"href":"https:\/\/blogdofarnesio.com.br\/index.php?rest_route=%2Fwp%2Fv2%2Fmedia&parent=364589"}],"wp:term":[{"taxonomy":"category","embeddable":true,"href":"https:\/\/blogdofarnesio.com.br\/index.php?rest_route=%2Fwp%2Fv2%2Fcategories&post=364589"},{"taxonomy":"post_tag","embeddable":true,"href":"https:\/\/blogdofarnesio.com.br\/index.php?rest_route=%2Fwp%2Fv2%2Ftags&post=364589"}],"curies":[{"name":"wp","href":"https:\/\/api.w.org\/{rel}","templated":true}]}}