{"id":364530,"date":"2024-03-26T10:03:32","date_gmt":"2024-03-26T13:03:32","guid":{"rendered":"https:\/\/blogdofarnesio.com.br\/?p=364530"},"modified":"2024-03-25T17:17:54","modified_gmt":"2024-03-25T20:17:54","slug":"pernambucanos-poderao-tirar-nova-carteira-de-identidade-nacional-a-partir-de-abril","status":"publish","type":"post","link":"https:\/\/blogdofarnesio.com.br\/?p=364530","title":{"rendered":"Pernambucanos poder\u00e3o tirar nova Carteira de Identidade Nacional a partir de abril"},"content":{"rendered":"<h5 class=\"desc_noticia\"><small class=\"text-muted\">Por:<\/small><span style=\"font-size: 16px;\">\u00a0<\/span><a class=\"small\" style=\"font-size: 16px;\" title=\"Diario de Pernambuco\" href=\"mailto:politica@diariodepernambuco.com.br\">Diario de Pernambuc0\u00a0 &#8211;\u00a0\u00a0<\/a><\/h5>\n<div class=\"abas\">\n<div id=\"pills-tabContent\" class=\"tab-content\">\n<div id=\"abanoticia\" class=\"tab-pane fade show active\" role=\"tabpanel\" aria-labelledby=\"pills-noticia-tab\">\n<div class=\"news_body\">\n<div class=\"font_change\">\n<div class=\"w-100 d-block float-end mb-3\">\n<div id=\"st-1\" class=\"sharethis-inline-share-buttons st-right st-inline-share-buttons st-animated\">\n<div class=\"st-btn\" data-network=\"email\"><img decoding=\"async\" src=\"https:\/\/platform-cdn.sharethis.com\/img\/email.svg\" alt=\"email sharing button\" \/><\/div>\n<\/div>\n<\/div>\n<div class=\"fonteNoticia\">\n<div>A nova Carteira de Identidade Nacional poder\u00e1 ser tirada em Pernambuco, a partir de abril. Na quinta (21), o Governo do Estado promoveu uma solenidade que marcou a chegada oficial do documento.<\/div>\n<div><\/div>\n<div>O evento aconteceu na sede do Instituto de Identifica\u00e7\u00e3o Tavares Buril (IITB), em Santo Amaro, na \u00e1rea central do Recife. Ele contou com a presen\u00e7a da governadora Raquel Lyra (PSDB).<\/div>\n<div><\/div>\n<div>Segundo o gerente do IITB, o delegado Paulo Jean, o lan\u00e7amento da nova identidade \u00e9 um &#8220;marco hist\u00f3rico&#8221;.\u00a0 O governo informou, durante a solenidade, que ser\u00e1 elaborado um calend\u00e1rio, apontando as prioridades.\u00a0Jean afirmou que a carteira mudou, ms o sistema de solicita\u00e7\u00e3o \u00e9 o mesmo.<\/div>\n<div><\/div>\n<div>O agendamento deve ser realizado pelo site\u00a0<a href=\"https:\/\/www.pecidadao.pe.gov.br\/\" target=\"blank\" rel=\"noopener\">https:\/\/www.pecidadao.pe.gov.br\/<\/a>.<\/div>\n<div><\/div>\n<div>A pessoa entre l\u00e1 e apenas vai ter que cumprir um cronograma.<\/div>\n<div><\/div>\n<div>&#8220;A primeira identidade nacional vai estar liberada para pessoas acima de 60 anos. Com tr\u00eas meses, a gente baixa essa idade de 60 para at\u00e9 49 e, assim, sucessivamente&#8221;, afirmou. Ainda de acordo com o governo, os estudantes que n\u00e3o t\u00eam identidade ser\u00e3o convocados automaticamente.<\/div>\n<div><\/div>\n<div>&#8220;Os idosos, acima de 65, em primeira via j\u00e1 tiram automaticamente, j\u00e1 \u00e9 a carteira nova&#8221;, acrescentou Jean.<\/div>\n<div><strong>\u00a0<\/strong><\/div>\n<div><strong>Conhe\u00e7a a carteira\u00a0<\/strong><\/div>\n<div><\/div>\n<div>A Nova Carteira de Identidade tem padr\u00e3o nacional e n\u00famero \u00fanico para todo o Pa\u00eds, o CPF.\u00a0Al\u00e9m disso, possui um fluxo oficial de emiss\u00e3o e de dados de identifica\u00e7\u00e3o em todo o pa\u00eds. Assim, suspende o uso de informa\u00e7\u00f5es divergentes na identifica\u00e7\u00e3o do cidad\u00e3o.\u00a0A nova carteira estabelece um fluxo nacional em tempo real para todos os \u00f3rg\u00e3os de identifica\u00e7\u00e3o.<\/div>\n<div><\/div>\n<div>Segundo o Governo federal, isso permite\u00a0 a &#8220;redu\u00e7\u00e3o das fraudes e custos para sociedade, tudo em conformidade com a Lei Geral de Prote\u00e7\u00e3o de Dados&#8221;.<\/div>\n<div><\/div>\n<div><strong>Como funciona<\/strong><\/div>\n<div><\/div>\n<div>Ao utilizar o CPF como n\u00famero \u00fanico, a carteira estrutura os cadastros administrativos, amplia as verifica\u00e7\u00f5es de Seguran\u00e7a P\u00fablica.<\/div>\n<div><\/div>\n<div>Ao permitir a integra\u00e7\u00e3o de dados de forma segura e por um fluxo em tempo real, o novo documento tamb\u00e9m possibilita que diferentes \u00e1reas do governo atuem de forma integrada para atender as necessidades dos cidad\u00e3os.<\/div>\n<div><\/div>\n<div>A CIN tamb\u00e9m inova ao incluir tecnologias e elementos de seguran\u00e7a e garante a identifica\u00e7\u00e3o por meio de um documento seguro em conformidade com padr\u00f5es internacionais.<\/div>\n<div><\/div>\n<div>Entre as inova\u00e7\u00f5es incorporadas pela CIN est\u00e1 a inclus\u00e3o do QR Code, que apresenta a op\u00e7\u00e3o de checagem f\u00e1cil e confi\u00e1vel pela Seguran\u00e7a P\u00fablica e por unidades de atendimentos p\u00fablicos e privados, al\u00e9m da inclus\u00e3o de uma \u00e1rea espec\u00edfica no documento da Machine Readable Zone (MRZ), com possibilidade de utiliza\u00e7\u00e3o como documento de viagem, desde que haja acordo entre pa\u00edses.<\/div>\n<div><\/div>\n<div><strong>Laborat\u00f3rio\u00a0<\/strong><\/div>\n<div><\/div>\n<div>As for\u00e7as de seguran\u00e7a p\u00fablica de Pernambuco ganharam um refor\u00e7o tecnol\u00f3gico para as a\u00e7\u00f5es de combate ao crime.\u00a0Na quinta (21), foi inaugurado o Laborat\u00f3rio de Per\u00edcia Papilosc\u00f3pica Forense, na sede do Instituto de Identifica\u00e7\u00e3o Tavares Buril (IITB), no Centro do\u00a0 Recife. O laborat\u00f3rio recebeu investimentos de R$ 1,1 milh\u00e3o<\/div>\n<div><\/div>\n<div>&#8220;Atrav\u00e9s do laborat\u00f3rio a gente vai conseguir identificar suspeito de crime com qualidade e celeridade&#8221;, afrmou Paulo Jean.<\/div>\n<div><\/div>\n<\/div>\n<\/div>\n<\/div>\n<\/div>\n<\/div>\n<\/div>\n","protected":false},"excerpt":{"rendered":"<p>Por:\u00a0Diario de Pernambuc0\u00a0 &#8211;\u00a0\u00a0 A nova Carteira de Identidade Nacional poder\u00e1 ser tirada em Pernambuco, a partir de abril. Na quinta (21), o Governo do Estado promoveu uma solenidade que marcou a chegada oficial do documento. O evento aconteceu na sede do Instituto de Identifica\u00e7\u00e3o Tavares Buril (IITB), em Santo Amaro, na \u00e1rea central do Recife. Ele contou com a presen\u00e7a da governadora Raquel Lyra (PSDB). Segundo o gerente do IITB, o delegado Paulo Jean, o lan\u00e7amento da nova identidade \u00e9 um &#8220;marco hist\u00f3rico&#8221;.\u00a0 O governo informou, durante a solenidade, que ser\u00e1 elaborado um calend\u00e1rio, apontando as prioridades.\u00a0Jean afirmou que a carteira mudou, ms o sistema de solicita\u00e7\u00e3o \u00e9 o mesmo. O agendamento deve ser realizado pelo site\u00a0https:\/\/www.pecidadao.pe.gov.br\/. A pessoa&hellip; <\/p>\n","protected":false},"author":2,"featured_media":364531,"comment_status":"open","ping_status":"open","sticky":false,"template":"","format":"standard","meta":{"_acf_changed":false,"footnotes":""},"categories":[5],"tags":[],"class_list":["post-364530","post","type-post","status-publish","format-standard","has-post-thumbnail","hentry","category-seguranca"],"acf":[],"yoast_head":"<!-- This site is optimized with the Yoast SEO plugin v27.4 - https:\/\/yoast.com\/product\/yoast-seo-wordpress\/ -->\n<title>Pernambucanos poder\u00e3o tirar nova Carteira de Identidade Nacional a partir de abril - Blog do Farn\u00e9sio<\/title>\n<meta name=\"robots\" content=\"index, follow, max-snippet:-1, max-image-preview:large, max-video-preview:-1\" \/>\n<link rel=\"canonical\" href=\"https:\/\/blogdofarnesio.com.br\/?p=364530\" \/>\n<meta property=\"og:locale\" content=\"pt_BR\" \/>\n<meta property=\"og:type\" content=\"article\" \/>\n<meta property=\"og:title\" content=\"Pernambucanos poder\u00e3o tirar nova Carteira de Identidade Nacional a partir de abril - Blog do Farn\u00e9sio\" \/>\n<meta property=\"og:description\" content=\"Por:\u00a0Diario de Pernambuc0\u00a0 &#8211;\u00a0\u00a0 A nova Carteira de Identidade Nacional poder\u00e1 ser tirada em Pernambuco, a partir de abril. Na quinta (21), o Governo do Estado promoveu uma solenidade que marcou a chegada oficial do documento. O evento aconteceu na sede do Instituto de Identifica\u00e7\u00e3o Tavares Buril (IITB), em Santo Amaro, na \u00e1rea central do Recife. Ele contou com a presen\u00e7a da governadora Raquel Lyra (PSDB). Segundo o gerente do IITB, o delegado Paulo Jean, o lan\u00e7amento da nova identidade \u00e9 um &#8220;marco hist\u00f3rico&#8221;.\u00a0 O governo informou, durante a solenidade, que ser\u00e1 elaborado um calend\u00e1rio, apontando as prioridades.\u00a0Jean afirmou que a carteira mudou, ms o sistema de solicita\u00e7\u00e3o \u00e9 o mesmo. O agendamento deve ser realizado pelo site\u00a0https:\/\/www.pecidadao.pe.gov.br\/. A pessoa&hellip;\" \/>\n<meta property=\"og:url\" content=\"https:\/\/blogdofarnesio.com.br\/?p=364530\" \/>\n<meta property=\"og:site_name\" content=\"Blog do Farn\u00e9sio\" \/>\n<meta property=\"article:publisher\" content=\"https:\/\/www.facebook.com\/BlogQuerSaberPolitica\/\" \/>\n<meta property=\"article:author\" content=\"https:\/\/www.facebook.com\/?ref=tn_tnmn\" \/>\n<meta property=\"article:published_time\" content=\"2024-03-26T13:03:32+00:00\" \/>\n<meta property=\"og:image\" content=\"https:\/\/blogdofarnesio.com.br\/wp-content\/uploads\/2024\/03\/blogqspNova-carteira-de-identidade-sera-emitida-no-Esdtado-Foto-Rafael-Vieira-DP-e1711374531741.jpeg\" \/>\n\t<meta property=\"og:image:width\" content=\"560\" \/>\n\t<meta property=\"og:image:height\" content=\"373\" \/>\n\t<meta property=\"og:image:type\" content=\"image\/jpeg\" \/>\n<meta name=\"author\" content=\"Farn\u00e9sio\" \/>\n<meta name=\"twitter:card\" content=\"summary_large_image\" \/>\n<meta name=\"twitter:label1\" content=\"Escrito por\" \/>\n\t<meta name=\"twitter:data1\" content=\"Farn\u00e9sio\" \/>\n\t<meta name=\"twitter:label2\" content=\"Est. tempo de leitura\" \/>\n\t<meta name=\"twitter:data2\" content=\"4 minutos\" \/>\n<script type=\"application\/ld+json\" class=\"yoast-schema-graph\">{\"@context\":\"https:\\\/\\\/schema.org\",\"@graph\":[{\"@type\":\"Article\",\"@id\":\"https:\\\/\\\/blogdofarnesio.com.br\\\/?p=364530#article\",\"isPartOf\":{\"@id\":\"https:\\\/\\\/blogdofarnesio.com.br\\\/?p=364530\"},\"author\":{\"name\":\"Farn\u00e9sio\",\"@id\":\"https:\\\/\\\/blogdofarnesio.com.br\\\/#\\\/schema\\\/person\\\/bb9b23ae3ad0609ce8df7b6c9e76824d\"},\"headline\":\"Pernambucanos poder\u00e3o tirar nova Carteira de Identidade Nacional a partir de abril\",\"datePublished\":\"2024-03-26T13:03:32+00:00\",\"mainEntityOfPage\":{\"@id\":\"https:\\\/\\\/blogdofarnesio.com.br\\\/?p=364530\"},\"wordCount\":569,\"commentCount\":0,\"publisher\":{\"@id\":\"https:\\\/\\\/blogdofarnesio.com.br\\\/#organization\"},\"image\":{\"@id\":\"https:\\\/\\\/blogdofarnesio.com.br\\\/?p=364530#primaryimage\"},\"thumbnailUrl\":\"https:\\\/\\\/blogdofarnesio.com.br\\\/wp-content\\\/uploads\\\/2024\\\/03\\\/blogqspNova-carteira-de-identidade-sera-emitida-no-Esdtado-Foto-Rafael-Vieira-DP-e1711374531741.jpeg\",\"articleSection\":[\"Seguran\u00e7a\"],\"inLanguage\":\"pt-BR\",\"potentialAction\":[{\"@type\":\"CommentAction\",\"name\":\"Comment\",\"target\":[\"https:\\\/\\\/blogdofarnesio.com.br\\\/?p=364530#respond\"]}]},{\"@type\":\"WebPage\",\"@id\":\"https:\\\/\\\/blogdofarnesio.com.br\\\/?p=364530\",\"url\":\"https:\\\/\\\/blogdofarnesio.com.br\\\/?p=364530\",\"name\":\"Pernambucanos poder\u00e3o tirar nova Carteira de Identidade Nacional a partir de abril - Blog do Farn\u00e9sio\",\"isPartOf\":{\"@id\":\"https:\\\/\\\/blogdofarnesio.com.br\\\/#website\"},\"primaryImageOfPage\":{\"@id\":\"https:\\\/\\\/blogdofarnesio.com.br\\\/?p=364530#primaryimage\"},\"image\":{\"@id\":\"https:\\\/\\\/blogdofarnesio.com.br\\\/?p=364530#primaryimage\"},\"thumbnailUrl\":\"https:\\\/\\\/blogdofarnesio.com.br\\\/wp-content\\\/uploads\\\/2024\\\/03\\\/blogqspNova-carteira-de-identidade-sera-emitida-no-Esdtado-Foto-Rafael-Vieira-DP-e1711374531741.jpeg\",\"datePublished\":\"2024-03-26T13:03:32+00:00\",\"breadcrumb\":{\"@id\":\"https:\\\/\\\/blogdofarnesio.com.br\\\/?p=364530#breadcrumb\"},\"inLanguage\":\"pt-BR\",\"potentialAction\":[{\"@type\":\"ReadAction\",\"target\":[\"https:\\\/\\\/blogdofarnesio.com.br\\\/?p=364530\"]}]},{\"@type\":\"ImageObject\",\"inLanguage\":\"pt-BR\",\"@id\":\"https:\\\/\\\/blogdofarnesio.com.br\\\/?p=364530#primaryimage\",\"url\":\"https:\\\/\\\/blogdofarnesio.com.br\\\/wp-content\\\/uploads\\\/2024\\\/03\\\/blogqspNova-carteira-de-identidade-sera-emitida-no-Esdtado-Foto-Rafael-Vieira-DP-e1711374531741.jpeg\",\"contentUrl\":\"https:\\\/\\\/blogdofarnesio.com.br\\\/wp-content\\\/uploads\\\/2024\\\/03\\\/blogqspNova-carteira-de-identidade-sera-emitida-no-Esdtado-Foto-Rafael-Vieira-DP-e1711374531741.jpeg\",\"width\":560,\"height\":373},{\"@type\":\"BreadcrumbList\",\"@id\":\"https:\\\/\\\/blogdofarnesio.com.br\\\/?p=364530#breadcrumb\",\"itemListElement\":[{\"@type\":\"ListItem\",\"position\":1,\"name\":\"In\u00edcio\",\"item\":\"https:\\\/\\\/blogdofarnesio.com.br\\\/\"},{\"@type\":\"ListItem\",\"position\":2,\"name\":\"Pernambucanos poder\u00e3o tirar nova Carteira de Identidade Nacional a partir de abril\"}]},{\"@type\":\"WebSite\",\"@id\":\"https:\\\/\\\/blogdofarnesio.com.br\\\/#website\",\"url\":\"https:\\\/\\\/blogdofarnesio.com.br\\\/\",\"name\":\"Blog do Farn\u00e9sio\",\"description\":\"Quer Saber Pol\u00edtica?\",\"publisher\":{\"@id\":\"https:\\\/\\\/blogdofarnesio.com.br\\\/#organization\"},\"potentialAction\":[{\"@type\":\"SearchAction\",\"target\":{\"@type\":\"EntryPoint\",\"urlTemplate\":\"https:\\\/\\\/blogdofarnesio.com.br\\\/?s={search_term_string}\"},\"query-input\":{\"@type\":\"PropertyValueSpecification\",\"valueRequired\":true,\"valueName\":\"search_term_string\"}}],\"inLanguage\":\"pt-BR\"},{\"@type\":\"Organization\",\"@id\":\"https:\\\/\\\/blogdofarnesio.com.br\\\/#organization\",\"name\":\"Blog do Farn\u00e9sio\",\"url\":\"https:\\\/\\\/blogdofarnesio.com.br\\\/\",\"logo\":{\"@type\":\"ImageObject\",\"inLanguage\":\"pt-BR\",\"@id\":\"https:\\\/\\\/blogdofarnesio.com.br\\\/#\\\/schema\\\/logo\\\/image\\\/\",\"url\":\"https:\\\/\\\/blogdofarnesio.com.br\\\/wp-content\\\/uploads\\\/2026\\\/03\\\/cropped-logo_new-1.png\",\"contentUrl\":\"https:\\\/\\\/blogdofarnesio.com.br\\\/wp-content\\\/uploads\\\/2026\\\/03\\\/cropped-logo_new-1.png\",\"width\":881,\"height\":685,\"caption\":\"Blog do Farn\u00e9sio\"},\"image\":{\"@id\":\"https:\\\/\\\/blogdofarnesio.com.br\\\/#\\\/schema\\\/logo\\\/image\\\/\"},\"sameAs\":[\"https:\\\/\\\/www.facebook.com\\\/BlogQuerSaberPolitica\\\/\"]},{\"@type\":\"Person\",\"@id\":\"https:\\\/\\\/blogdofarnesio.com.br\\\/#\\\/schema\\\/person\\\/bb9b23ae3ad0609ce8df7b6c9e76824d\",\"name\":\"Farn\u00e9sio\",\"image\":{\"@type\":\"ImageObject\",\"inLanguage\":\"pt-BR\",\"@id\":\"https:\\\/\\\/secure.gravatar.com\\\/avatar\\\/986aa4c61ccdb66f8555bf88fc2a65609d00bcabd4d2d94377a727547345cbca?s=96&d=mm&r=g\",\"url\":\"https:\\\/\\\/secure.gravatar.com\\\/avatar\\\/986aa4c61ccdb66f8555bf88fc2a65609d00bcabd4d2d94377a727547345cbca?s=96&d=mm&r=g\",\"contentUrl\":\"https:\\\/\\\/secure.gravatar.com\\\/avatar\\\/986aa4c61ccdb66f8555bf88fc2a65609d00bcabd4d2d94377a727547345cbca?s=96&d=mm&r=g\",\"caption\":\"Farn\u00e9sio\"},\"description\":\"Radialista blogueiro, chegou a Petrolina\\\/Juazeiro em setembro de 1980, Farn\u00e9sio Silva \u00e9 de Arapiraca-Alagoas.\",\"sameAs\":[\"http:\\\/\\\/blogdofarnesio.com.br\",\"https:\\\/\\\/www.facebook.com\\\/?ref=tn_tnmn\",\"https:\\\/\\\/www.instagram.com\\\/?utm_source=pwa_homescreen\",\"https:\\\/\\\/youtube.com.br\\\/\"],\"url\":\"https:\\\/\\\/blogdofarnesio.com.br\\\/?author=2\"}]}<\/script>\n<!-- \/ Yoast SEO plugin. -->","yoast_head_json":{"title":"Pernambucanos poder\u00e3o tirar nova Carteira de Identidade Nacional a partir de abril - Blog do Farn\u00e9sio","robots":{"index":"index","follow":"follow","max-snippet":"max-snippet:-1","max-image-preview":"max-image-preview:large","max-video-preview":"max-video-preview:-1"},"canonical":"https:\/\/blogdofarnesio.com.br\/?p=364530","og_locale":"pt_BR","og_type":"article","og_title":"Pernambucanos poder\u00e3o tirar nova Carteira de Identidade Nacional a partir de abril - Blog do Farn\u00e9sio","og_description":"Por:\u00a0Diario de Pernambuc0\u00a0 &#8211;\u00a0\u00a0 A nova Carteira de Identidade Nacional poder\u00e1 ser tirada em Pernambuco, a partir de abril. Na quinta (21), o Governo do Estado promoveu uma solenidade que marcou a chegada oficial do documento. O evento aconteceu na sede do Instituto de Identifica\u00e7\u00e3o Tavares Buril (IITB), em Santo Amaro, na \u00e1rea central do Recife. Ele contou com a presen\u00e7a da governadora Raquel Lyra (PSDB). Segundo o gerente do IITB, o delegado Paulo Jean, o lan\u00e7amento da nova identidade \u00e9 um &#8220;marco hist\u00f3rico&#8221;.\u00a0 O governo informou, durante a solenidade, que ser\u00e1 elaborado um calend\u00e1rio, apontando as prioridades.\u00a0Jean afirmou que a carteira mudou, ms o sistema de solicita\u00e7\u00e3o \u00e9 o mesmo. O agendamento deve ser realizado pelo site\u00a0https:\/\/www.pecidadao.pe.gov.br\/. A pessoa&hellip;","og_url":"https:\/\/blogdofarnesio.com.br\/?p=364530","og_site_name":"Blog do Farn\u00e9sio","article_publisher":"https:\/\/www.facebook.com\/BlogQuerSaberPolitica\/","article_author":"https:\/\/www.facebook.com\/?ref=tn_tnmn","article_published_time":"2024-03-26T13:03:32+00:00","og_image":[{"width":560,"height":373,"url":"https:\/\/blogdofarnesio.com.br\/wp-content\/uploads\/2024\/03\/blogqspNova-carteira-de-identidade-sera-emitida-no-Esdtado-Foto-Rafael-Vieira-DP-e1711374531741.jpeg","type":"image\/jpeg"}],"author":"Farn\u00e9sio","twitter_card":"summary_large_image","twitter_misc":{"Escrito por":"Farn\u00e9sio","Est. tempo de leitura":"4 minutos"},"schema":{"@context":"https:\/\/schema.org","@graph":[{"@type":"Article","@id":"https:\/\/blogdofarnesio.com.br\/?p=364530#article","isPartOf":{"@id":"https:\/\/blogdofarnesio.com.br\/?p=364530"},"author":{"name":"Farn\u00e9sio","@id":"https:\/\/blogdofarnesio.com.br\/#\/schema\/person\/bb9b23ae3ad0609ce8df7b6c9e76824d"},"headline":"Pernambucanos poder\u00e3o tirar nova Carteira de Identidade Nacional a partir de abril","datePublished":"2024-03-26T13:03:32+00:00","mainEntityOfPage":{"@id":"https:\/\/blogdofarnesio.com.br\/?p=364530"},"wordCount":569,"commentCount":0,"publisher":{"@id":"https:\/\/blogdofarnesio.com.br\/#organization"},"image":{"@id":"https:\/\/blogdofarnesio.com.br\/?p=364530#primaryimage"},"thumbnailUrl":"https:\/\/blogdofarnesio.com.br\/wp-content\/uploads\/2024\/03\/blogqspNova-carteira-de-identidade-sera-emitida-no-Esdtado-Foto-Rafael-Vieira-DP-e1711374531741.jpeg","articleSection":["Seguran\u00e7a"],"inLanguage":"pt-BR","potentialAction":[{"@type":"CommentAction","name":"Comment","target":["https:\/\/blogdofarnesio.com.br\/?p=364530#respond"]}]},{"@type":"WebPage","@id":"https:\/\/blogdofarnesio.com.br\/?p=364530","url":"https:\/\/blogdofarnesio.com.br\/?p=364530","name":"Pernambucanos poder\u00e3o tirar nova Carteira de Identidade Nacional a partir de abril - Blog do Farn\u00e9sio","isPartOf":{"@id":"https:\/\/blogdofarnesio.com.br\/#website"},"primaryImageOfPage":{"@id":"https:\/\/blogdofarnesio.com.br\/?p=364530#primaryimage"},"image":{"@id":"https:\/\/blogdofarnesio.com.br\/?p=364530#primaryimage"},"thumbnailUrl":"https:\/\/blogdofarnesio.com.br\/wp-content\/uploads\/2024\/03\/blogqspNova-carteira-de-identidade-sera-emitida-no-Esdtado-Foto-Rafael-Vieira-DP-e1711374531741.jpeg","datePublished":"2024-03-26T13:03:32+00:00","breadcrumb":{"@id":"https:\/\/blogdofarnesio.com.br\/?p=364530#breadcrumb"},"inLanguage":"pt-BR","potentialAction":[{"@type":"ReadAction","target":["https:\/\/blogdofarnesio.com.br\/?p=364530"]}]},{"@type":"ImageObject","inLanguage":"pt-BR","@id":"https:\/\/blogdofarnesio.com.br\/?p=364530#primaryimage","url":"https:\/\/blogdofarnesio.com.br\/wp-content\/uploads\/2024\/03\/blogqspNova-carteira-de-identidade-sera-emitida-no-Esdtado-Foto-Rafael-Vieira-DP-e1711374531741.jpeg","contentUrl":"https:\/\/blogdofarnesio.com.br\/wp-content\/uploads\/2024\/03\/blogqspNova-carteira-de-identidade-sera-emitida-no-Esdtado-Foto-Rafael-Vieira-DP-e1711374531741.jpeg","width":560,"height":373},{"@type":"BreadcrumbList","@id":"https:\/\/blogdofarnesio.com.br\/?p=364530#breadcrumb","itemListElement":[{"@type":"ListItem","position":1,"name":"In\u00edcio","item":"https:\/\/blogdofarnesio.com.br\/"},{"@type":"ListItem","position":2,"name":"Pernambucanos poder\u00e3o tirar nova Carteira de Identidade Nacional a partir de abril"}]},{"@type":"WebSite","@id":"https:\/\/blogdofarnesio.com.br\/#website","url":"https:\/\/blogdofarnesio.com.br\/","name":"Blog do Farn\u00e9sio","description":"Quer Saber Pol\u00edtica?","publisher":{"@id":"https:\/\/blogdofarnesio.com.br\/#organization"},"potentialAction":[{"@type":"SearchAction","target":{"@type":"EntryPoint","urlTemplate":"https:\/\/blogdofarnesio.com.br\/?s={search_term_string}"},"query-input":{"@type":"PropertyValueSpecification","valueRequired":true,"valueName":"search_term_string"}}],"inLanguage":"pt-BR"},{"@type":"Organization","@id":"https:\/\/blogdofarnesio.com.br\/#organization","name":"Blog do Farn\u00e9sio","url":"https:\/\/blogdofarnesio.com.br\/","logo":{"@type":"ImageObject","inLanguage":"pt-BR","@id":"https:\/\/blogdofarnesio.com.br\/#\/schema\/logo\/image\/","url":"https:\/\/blogdofarnesio.com.br\/wp-content\/uploads\/2026\/03\/cropped-logo_new-1.png","contentUrl":"https:\/\/blogdofarnesio.com.br\/wp-content\/uploads\/2026\/03\/cropped-logo_new-1.png","width":881,"height":685,"caption":"Blog do Farn\u00e9sio"},"image":{"@id":"https:\/\/blogdofarnesio.com.br\/#\/schema\/logo\/image\/"},"sameAs":["https:\/\/www.facebook.com\/BlogQuerSaberPolitica\/"]},{"@type":"Person","@id":"https:\/\/blogdofarnesio.com.br\/#\/schema\/person\/bb9b23ae3ad0609ce8df7b6c9e76824d","name":"Farn\u00e9sio","image":{"@type":"ImageObject","inLanguage":"pt-BR","@id":"https:\/\/secure.gravatar.com\/avatar\/986aa4c61ccdb66f8555bf88fc2a65609d00bcabd4d2d94377a727547345cbca?s=96&d=mm&r=g","url":"https:\/\/secure.gravatar.com\/avatar\/986aa4c61ccdb66f8555bf88fc2a65609d00bcabd4d2d94377a727547345cbca?s=96&d=mm&r=g","contentUrl":"https:\/\/secure.gravatar.com\/avatar\/986aa4c61ccdb66f8555bf88fc2a65609d00bcabd4d2d94377a727547345cbca?s=96&d=mm&r=g","caption":"Farn\u00e9sio"},"description":"Radialista blogueiro, chegou a Petrolina\/Juazeiro em setembro de 1980, Farn\u00e9sio Silva \u00e9 de Arapiraca-Alagoas.","sameAs":["http:\/\/blogdofarnesio.com.br","https:\/\/www.facebook.com\/?ref=tn_tnmn","https:\/\/www.instagram.com\/?utm_source=pwa_homescreen","https:\/\/youtube.com.br\/"],"url":"https:\/\/blogdofarnesio.com.br\/?author=2"}]}},"_links":{"self":[{"href":"https:\/\/blogdofarnesio.com.br\/index.php?rest_route=\/wp\/v2\/posts\/364530","targetHints":{"allow":["GET"]}}],"collection":[{"href":"https:\/\/blogdofarnesio.com.br\/index.php?rest_route=\/wp\/v2\/posts"}],"about":[{"href":"https:\/\/blogdofarnesio.com.br\/index.php?rest_route=\/wp\/v2\/types\/post"}],"author":[{"embeddable":true,"href":"https:\/\/blogdofarnesio.com.br\/index.php?rest_route=\/wp\/v2\/users\/2"}],"replies":[{"embeddable":true,"href":"https:\/\/blogdofarnesio.com.br\/index.php?rest_route=%2Fwp%2Fv2%2Fcomments&post=364530"}],"version-history":[{"count":0,"href":"https:\/\/blogdofarnesio.com.br\/index.php?rest_route=\/wp\/v2\/posts\/364530\/revisions"}],"wp:featuredmedia":[{"embeddable":true,"href":"https:\/\/blogdofarnesio.com.br\/index.php?rest_route=\/wp\/v2\/media\/364531"}],"wp:attachment":[{"href":"https:\/\/blogdofarnesio.com.br\/index.php?rest_route=%2Fwp%2Fv2%2Fmedia&parent=364530"}],"wp:term":[{"taxonomy":"category","embeddable":true,"href":"https:\/\/blogdofarnesio.com.br\/index.php?rest_route=%2Fwp%2Fv2%2Fcategories&post=364530"},{"taxonomy":"post_tag","embeddable":true,"href":"https:\/\/blogdofarnesio.com.br\/index.php?rest_route=%2Fwp%2Fv2%2Ftags&post=364530"}],"curies":[{"name":"wp","href":"https:\/\/api.w.org\/{rel}","templated":true}]}}