{"id":364425,"date":"2024-03-25T08:02:34","date_gmt":"2024-03-25T11:02:34","guid":{"rendered":"https:\/\/blogdofarnesio.com.br\/?p=364425"},"modified":"2024-03-23T09:50:17","modified_gmt":"2024-03-23T12:50:17","slug":"terceirizados-da-educacao-da-bahia-iniciam-greve-nesta-segunda-feira-por-atrasos-salariais","status":"publish","type":"post","link":"https:\/\/blogdofarnesio.com.br\/?p=364425","title":{"rendered":"Terceirizados da Educa\u00e7\u00e3o da BAhia iniciam greve nesta segunda-feira por atrasos salariais"},"content":{"rendered":"<div><\/div>\n<div>\n<div>\n<table role=\"presentation\" border=\"0\" cellspacing=\"0\" cellpadding=\"0\" align=\"center\">\n<tbody>\n<tr>\n<td>\n<div class=\"m_7507767486035928508mj-column-per-100\">\n<table role=\"presentation\" border=\"0\" width=\"100%\" cellspacing=\"0\" cellpadding=\"0\">\n<tbody>\n<tr>\n<td>\n<table role=\"presentation\" border=\"0\" width=\"100%\" cellspacing=\"0\" cellpadding=\"0\">\n<tbody>\n<tr>\n<td align=\"center\">\n<table role=\"presentation\" border=\"0\" cellspacing=\"0\" cellpadding=\"0\">\n<tbody>\n<tr>\n<td><\/td>\n<\/tr>\n<\/tbody>\n<\/table>\n<\/td>\n<\/tr>\n<tr>\n<td align=\"left\">\n<div>\n<p>Ap\u00f3s assembleia realizada na quinta-feira (21) pelo SINTRAL Bahia, sindicato que representa os trabalhadores terceirizados da Educa\u00e7\u00e3o do estado, foi aprovada por unanimidade uma greve geral para esta segunda-feira (25\/03), sem previs\u00e3o para t\u00e9rmino. A decis\u00e3o ocorre em meio a protestos contra as empresas Confian\u00e7a e CSH, contratadas pela Secretaria de Educa\u00e7\u00e3o da Bahia, ap\u00f3s o descumprimento de acordo para efetuar os pagamentos de sal\u00e1rio e benef\u00edcios atrasados, mesmo com acordo firmado para pagamento in\u00edcio do m\u00eas de mar\u00e7o.<\/p>\n<p>A persist\u00eancia da inadimpl\u00eancia foi confirmada nesta ter\u00e7a-feira (19), apesar dos repetidos apelos e manifesta\u00e7\u00f5es organizadas pelo sindicato em busca de uma solu\u00e7\u00e3o para os d\u00e9bitos pendentes desde janeiro deste ano. Um recente ato diante da Secretaria evidenciou o impasse, culminando no an\u00fancio da potencial paralisa\u00e7\u00e3o.<\/p>\n<p><a href=\"https:\/\/click.cse360.com.br\/Click\/AddCampaignEmailClick\/664fdfa3-de6d-4672-4501-08dc49d4d8f8\/https%253a%252f%252fdrive.google.com%252ffile%252fd%252f1GP4MtwO7I7LUj-B9a_dNs_ru_yHFYW91%252fview%253fusp%253dsharing\/ecc81b22-56d0-406f-0450-08d7c5ff26d2\/blogqsp@gmail.com\/True\" target=\"_blank\" rel=\"noopener noreferrer\" data-saferedirecturl=\"https:\/\/www.google.com\/url?q=https:\/\/click.cse360.com.br\/Click\/AddCampaignEmailClick\/664fdfa3-de6d-4672-4501-08dc49d4d8f8\/https%25253a%25252f%25252fdrive.google.com%25252ffile%25252fd%25252f1GP4MtwO7I7LUj-B9a_dNs_ru_yHFYW91%25252fview%25253fusp%25253dsharing\/ecc81b22-56d0-406f-0450-08d7c5ff26d2\/blogqsp@gmail.com\/True&amp;source=gmail&amp;ust=1711222358542000&amp;usg=AOvVaw2T_3bS-1py1E6ZRO2V3hup\"><strong>Clique AQUI e confira o of\u00edcio sobre a greve<\/strong><\/a><\/p>\n<p>Mauricio Roxo, presidente do SINTRAL Bahia, expressou frustra\u00e7\u00e3o com a falta de progresso nas negocia\u00e7\u00f5es. &#8220;Nosso compromisso sempre foi resolver essa quest\u00e3o atrav\u00e9s do di\u00e1logo. Contudo, a falta de a\u00e7\u00e3o por parte das empresas contratadas nos deixou sem alternativa. Ela ignoraram o acordo e fazem o que querem. A secretaria fez sua parte, est\u00e1 cobrando, mas as empresas n\u00e3o respeitam nem os pedidos de um \u00f3rg\u00e3o p\u00fablico&#8221;, declarou Roxo.<\/p>\n<p>A disputa entre o SINTRAL Bahia e as firmas terceirizadas tem sido marcada por tentativas frustradas de acordo, com o sindicato empenhado em garantir o cumprimento dos direitos dos trabalhadores. &#8220;A continuidade do descumprimento dos termos acordados levou a esta conjuntura cr\u00edtica. Os profissionais terceirizados da Educa\u00e7\u00e3o, essenciais para a manuten\u00e7\u00e3o das atividades escolares estaduais, veem na greve um \u00faltimo recurso para que suas demandas sejam atendidas. Esperamos que um acordo satisfat\u00f3rio seja alcan\u00e7ado, evitando impactos ainda maiores no sistema educacional da regi\u00e3o&#8221;, completa o presidente do SINTRAL Bahia.<\/p>\n<p>&#8212;-<\/p>\n<p><strong>Mais informa\u00e7\u00f5es<\/strong><\/p>\n<p>Assessoria SINTRAL &#8211; F\u00e1bio Busian (11) 987265475 ou\u00a0<a href=\"mailto:fbusian@gmail.com\" target=\"_blank\" rel=\"noopener\">fbusian@gmail.com<\/a><\/p>\n<\/div>\n<\/td>\n<\/tr>\n<\/tbody>\n<\/table>\n<\/td>\n<\/tr>\n<\/tbody>\n<\/table>\n<\/div>\n<\/td>\n<\/tr>\n<\/tbody>\n<\/table>\n<\/div>\n<\/div>\n","protected":false},"excerpt":{"rendered":"<p>Ap\u00f3s assembleia realizada na quinta-feira (21) pelo SINTRAL Bahia, sindicato que representa os trabalhadores terceirizados da Educa\u00e7\u00e3o do estado, foi aprovada por unanimidade uma greve geral para esta segunda-feira (25\/03), sem previs\u00e3o para t\u00e9rmino. A decis\u00e3o ocorre em meio a protestos contra as empresas Confian\u00e7a e CSH, contratadas pela Secretaria de Educa\u00e7\u00e3o da Bahia, ap\u00f3s o descumprimento de acordo para efetuar os pagamentos de sal\u00e1rio e benef\u00edcios atrasados, mesmo com acordo firmado para pagamento in\u00edcio do m\u00eas de mar\u00e7o. A persist\u00eancia da inadimpl\u00eancia foi confirmada nesta ter\u00e7a-feira (19), apesar dos repetidos apelos e manifesta\u00e7\u00f5es organizadas pelo sindicato em busca de uma solu\u00e7\u00e3o para os d\u00e9bitos pendentes desde janeiro deste ano. Um recente ato diante da Secretaria evidenciou o impasse, culminando&hellip; <\/p>\n","protected":false},"author":2,"featured_media":364426,"comment_status":"open","ping_status":"open","sticky":false,"template":"","format":"standard","meta":{"_acf_changed":false,"footnotes":""},"categories":[6,19],"tags":[],"class_list":["post-364425","post","type-post","status-publish","format-standard","has-post-thumbnail","hentry","category-educacao","category-servidores"],"acf":[],"yoast_head":"<!-- This site is optimized with the Yoast SEO plugin v27.4 - https:\/\/yoast.com\/product\/yoast-seo-wordpress\/ -->\n<title>Terceirizados da Educa\u00e7\u00e3o da BAhia iniciam greve nesta segunda-feira por atrasos salariais - Blog do Farn\u00e9sio<\/title>\n<meta name=\"robots\" content=\"index, follow, max-snippet:-1, max-image-preview:large, max-video-preview:-1\" \/>\n<link rel=\"canonical\" href=\"https:\/\/blogdofarnesio.com.br\/?p=364425\" \/>\n<meta property=\"og:locale\" content=\"pt_BR\" \/>\n<meta property=\"og:type\" content=\"article\" \/>\n<meta property=\"og:title\" content=\"Terceirizados da Educa\u00e7\u00e3o da BAhia iniciam greve nesta segunda-feira por atrasos salariais - Blog do Farn\u00e9sio\" \/>\n<meta property=\"og:description\" content=\"Ap\u00f3s assembleia realizada na quinta-feira (21) pelo SINTRAL Bahia, sindicato que representa os trabalhadores terceirizados da Educa\u00e7\u00e3o do estado, foi aprovada por unanimidade uma greve geral para esta segunda-feira (25\/03), sem previs\u00e3o para t\u00e9rmino. A decis\u00e3o ocorre em meio a protestos contra as empresas Confian\u00e7a e CSH, contratadas pela Secretaria de Educa\u00e7\u00e3o da Bahia, ap\u00f3s o descumprimento de acordo para efetuar os pagamentos de sal\u00e1rio e benef\u00edcios atrasados, mesmo com acordo firmado para pagamento in\u00edcio do m\u00eas de mar\u00e7o. A persist\u00eancia da inadimpl\u00eancia foi confirmada nesta ter\u00e7a-feira (19), apesar dos repetidos apelos e manifesta\u00e7\u00f5es organizadas pelo sindicato em busca de uma solu\u00e7\u00e3o para os d\u00e9bitos pendentes desde janeiro deste ano. Um recente ato diante da Secretaria evidenciou o impasse, culminando&hellip;\" \/>\n<meta property=\"og:url\" content=\"https:\/\/blogdofarnesio.com.br\/?p=364425\" \/>\n<meta property=\"og:site_name\" content=\"Blog do Farn\u00e9sio\" \/>\n<meta property=\"article:publisher\" content=\"https:\/\/www.facebook.com\/BlogQuerSaberPolitica\/\" \/>\n<meta property=\"article:author\" content=\"https:\/\/www.facebook.com\/?ref=tn_tnmn\" \/>\n<meta property=\"article:published_time\" content=\"2024-03-25T11:02:34+00:00\" \/>\n<meta property=\"og:image\" content=\"https:\/\/blogdofarnesio.com.br\/wp-content\/uploads\/2024\/03\/blogqspbahia-sintral-e1711198164716.jpg\" \/>\n\t<meta property=\"og:image:width\" content=\"600\" \/>\n\t<meta property=\"og:image:height\" content=\"450\" \/>\n\t<meta property=\"og:image:type\" content=\"image\/jpeg\" \/>\n<meta name=\"author\" content=\"Farn\u00e9sio\" \/>\n<meta name=\"twitter:card\" content=\"summary_large_image\" \/>\n<meta name=\"twitter:label1\" content=\"Escrito por\" \/>\n\t<meta name=\"twitter:data1\" content=\"Farn\u00e9sio\" \/>\n\t<meta name=\"twitter:label2\" content=\"Est. tempo de leitura\" \/>\n\t<meta name=\"twitter:data2\" content=\"2 minutos\" \/>\n<script type=\"application\/ld+json\" class=\"yoast-schema-graph\">{\"@context\":\"https:\\\/\\\/schema.org\",\"@graph\":[{\"@type\":\"Article\",\"@id\":\"https:\\\/\\\/blogdofarnesio.com.br\\\/?p=364425#article\",\"isPartOf\":{\"@id\":\"https:\\\/\\\/blogdofarnesio.com.br\\\/?p=364425\"},\"author\":{\"name\":\"Farn\u00e9sio\",\"@id\":\"https:\\\/\\\/blogdofarnesio.com.br\\\/#\\\/schema\\\/person\\\/bb9b23ae3ad0609ce8df7b6c9e76824d\"},\"headline\":\"Terceirizados da Educa\u00e7\u00e3o da BAhia iniciam greve nesta segunda-feira por atrasos salariais\",\"datePublished\":\"2024-03-25T11:02:34+00:00\",\"mainEntityOfPage\":{\"@id\":\"https:\\\/\\\/blogdofarnesio.com.br\\\/?p=364425\"},\"wordCount\":353,\"commentCount\":0,\"publisher\":{\"@id\":\"https:\\\/\\\/blogdofarnesio.com.br\\\/#organization\"},\"image\":{\"@id\":\"https:\\\/\\\/blogdofarnesio.com.br\\\/?p=364425#primaryimage\"},\"thumbnailUrl\":\"https:\\\/\\\/blogdofarnesio.com.br\\\/wp-content\\\/uploads\\\/2024\\\/03\\\/blogqspbahia-sintral-e1711198164716.jpg\",\"articleSection\":[\"Educa\u00e7\u00e3o\",\"Servidores\"],\"inLanguage\":\"pt-BR\",\"potentialAction\":[{\"@type\":\"CommentAction\",\"name\":\"Comment\",\"target\":[\"https:\\\/\\\/blogdofarnesio.com.br\\\/?p=364425#respond\"]}]},{\"@type\":\"WebPage\",\"@id\":\"https:\\\/\\\/blogdofarnesio.com.br\\\/?p=364425\",\"url\":\"https:\\\/\\\/blogdofarnesio.com.br\\\/?p=364425\",\"name\":\"Terceirizados da Educa\u00e7\u00e3o da BAhia iniciam greve nesta segunda-feira por atrasos salariais - Blog do Farn\u00e9sio\",\"isPartOf\":{\"@id\":\"https:\\\/\\\/blogdofarnesio.com.br\\\/#website\"},\"primaryImageOfPage\":{\"@id\":\"https:\\\/\\\/blogdofarnesio.com.br\\\/?p=364425#primaryimage\"},\"image\":{\"@id\":\"https:\\\/\\\/blogdofarnesio.com.br\\\/?p=364425#primaryimage\"},\"thumbnailUrl\":\"https:\\\/\\\/blogdofarnesio.com.br\\\/wp-content\\\/uploads\\\/2024\\\/03\\\/blogqspbahia-sintral-e1711198164716.jpg\",\"datePublished\":\"2024-03-25T11:02:34+00:00\",\"breadcrumb\":{\"@id\":\"https:\\\/\\\/blogdofarnesio.com.br\\\/?p=364425#breadcrumb\"},\"inLanguage\":\"pt-BR\",\"potentialAction\":[{\"@type\":\"ReadAction\",\"target\":[\"https:\\\/\\\/blogdofarnesio.com.br\\\/?p=364425\"]}]},{\"@type\":\"ImageObject\",\"inLanguage\":\"pt-BR\",\"@id\":\"https:\\\/\\\/blogdofarnesio.com.br\\\/?p=364425#primaryimage\",\"url\":\"https:\\\/\\\/blogdofarnesio.com.br\\\/wp-content\\\/uploads\\\/2024\\\/03\\\/blogqspbahia-sintral-e1711198164716.jpg\",\"contentUrl\":\"https:\\\/\\\/blogdofarnesio.com.br\\\/wp-content\\\/uploads\\\/2024\\\/03\\\/blogqspbahia-sintral-e1711198164716.jpg\",\"width\":600,\"height\":450},{\"@type\":\"BreadcrumbList\",\"@id\":\"https:\\\/\\\/blogdofarnesio.com.br\\\/?p=364425#breadcrumb\",\"itemListElement\":[{\"@type\":\"ListItem\",\"position\":1,\"name\":\"In\u00edcio\",\"item\":\"https:\\\/\\\/blogdofarnesio.com.br\\\/\"},{\"@type\":\"ListItem\",\"position\":2,\"name\":\"Terceirizados da Educa\u00e7\u00e3o da BAhia iniciam greve nesta segunda-feira por atrasos salariais\"}]},{\"@type\":\"WebSite\",\"@id\":\"https:\\\/\\\/blogdofarnesio.com.br\\\/#website\",\"url\":\"https:\\\/\\\/blogdofarnesio.com.br\\\/\",\"name\":\"Blog do Farn\u00e9sio\",\"description\":\"Quer Saber Pol\u00edtica?\",\"publisher\":{\"@id\":\"https:\\\/\\\/blogdofarnesio.com.br\\\/#organization\"},\"potentialAction\":[{\"@type\":\"SearchAction\",\"target\":{\"@type\":\"EntryPoint\",\"urlTemplate\":\"https:\\\/\\\/blogdofarnesio.com.br\\\/?s={search_term_string}\"},\"query-input\":{\"@type\":\"PropertyValueSpecification\",\"valueRequired\":true,\"valueName\":\"search_term_string\"}}],\"inLanguage\":\"pt-BR\"},{\"@type\":\"Organization\",\"@id\":\"https:\\\/\\\/blogdofarnesio.com.br\\\/#organization\",\"name\":\"Blog do Farn\u00e9sio\",\"url\":\"https:\\\/\\\/blogdofarnesio.com.br\\\/\",\"logo\":{\"@type\":\"ImageObject\",\"inLanguage\":\"pt-BR\",\"@id\":\"https:\\\/\\\/blogdofarnesio.com.br\\\/#\\\/schema\\\/logo\\\/image\\\/\",\"url\":\"https:\\\/\\\/blogdofarnesio.com.br\\\/wp-content\\\/uploads\\\/2026\\\/03\\\/cropped-logo_new-1.png\",\"contentUrl\":\"https:\\\/\\\/blogdofarnesio.com.br\\\/wp-content\\\/uploads\\\/2026\\\/03\\\/cropped-logo_new-1.png\",\"width\":881,\"height\":685,\"caption\":\"Blog do Farn\u00e9sio\"},\"image\":{\"@id\":\"https:\\\/\\\/blogdofarnesio.com.br\\\/#\\\/schema\\\/logo\\\/image\\\/\"},\"sameAs\":[\"https:\\\/\\\/www.facebook.com\\\/BlogQuerSaberPolitica\\\/\"]},{\"@type\":\"Person\",\"@id\":\"https:\\\/\\\/blogdofarnesio.com.br\\\/#\\\/schema\\\/person\\\/bb9b23ae3ad0609ce8df7b6c9e76824d\",\"name\":\"Farn\u00e9sio\",\"image\":{\"@type\":\"ImageObject\",\"inLanguage\":\"pt-BR\",\"@id\":\"https:\\\/\\\/secure.gravatar.com\\\/avatar\\\/986aa4c61ccdb66f8555bf88fc2a65609d00bcabd4d2d94377a727547345cbca?s=96&d=mm&r=g\",\"url\":\"https:\\\/\\\/secure.gravatar.com\\\/avatar\\\/986aa4c61ccdb66f8555bf88fc2a65609d00bcabd4d2d94377a727547345cbca?s=96&d=mm&r=g\",\"contentUrl\":\"https:\\\/\\\/secure.gravatar.com\\\/avatar\\\/986aa4c61ccdb66f8555bf88fc2a65609d00bcabd4d2d94377a727547345cbca?s=96&d=mm&r=g\",\"caption\":\"Farn\u00e9sio\"},\"description\":\"Radialista blogueiro, chegou a Petrolina\\\/Juazeiro em setembro de 1980, Farn\u00e9sio Silva \u00e9 de Arapiraca-Alagoas.\",\"sameAs\":[\"http:\\\/\\\/blogdofarnesio.com.br\",\"https:\\\/\\\/www.facebook.com\\\/?ref=tn_tnmn\",\"https:\\\/\\\/www.instagram.com\\\/?utm_source=pwa_homescreen\",\"https:\\\/\\\/youtube.com.br\\\/\"],\"url\":\"https:\\\/\\\/blogdofarnesio.com.br\\\/?author=2\"}]}<\/script>\n<!-- \/ Yoast SEO plugin. -->","yoast_head_json":{"title":"Terceirizados da Educa\u00e7\u00e3o da BAhia iniciam greve nesta segunda-feira por atrasos salariais - Blog do Farn\u00e9sio","robots":{"index":"index","follow":"follow","max-snippet":"max-snippet:-1","max-image-preview":"max-image-preview:large","max-video-preview":"max-video-preview:-1"},"canonical":"https:\/\/blogdofarnesio.com.br\/?p=364425","og_locale":"pt_BR","og_type":"article","og_title":"Terceirizados da Educa\u00e7\u00e3o da BAhia iniciam greve nesta segunda-feira por atrasos salariais - Blog do Farn\u00e9sio","og_description":"Ap\u00f3s assembleia realizada na quinta-feira (21) pelo SINTRAL Bahia, sindicato que representa os trabalhadores terceirizados da Educa\u00e7\u00e3o do estado, foi aprovada por unanimidade uma greve geral para esta segunda-feira (25\/03), sem previs\u00e3o para t\u00e9rmino. A decis\u00e3o ocorre em meio a protestos contra as empresas Confian\u00e7a e CSH, contratadas pela Secretaria de Educa\u00e7\u00e3o da Bahia, ap\u00f3s o descumprimento de acordo para efetuar os pagamentos de sal\u00e1rio e benef\u00edcios atrasados, mesmo com acordo firmado para pagamento in\u00edcio do m\u00eas de mar\u00e7o. A persist\u00eancia da inadimpl\u00eancia foi confirmada nesta ter\u00e7a-feira (19), apesar dos repetidos apelos e manifesta\u00e7\u00f5es organizadas pelo sindicato em busca de uma solu\u00e7\u00e3o para os d\u00e9bitos pendentes desde janeiro deste ano. Um recente ato diante da Secretaria evidenciou o impasse, culminando&hellip;","og_url":"https:\/\/blogdofarnesio.com.br\/?p=364425","og_site_name":"Blog do Farn\u00e9sio","article_publisher":"https:\/\/www.facebook.com\/BlogQuerSaberPolitica\/","article_author":"https:\/\/www.facebook.com\/?ref=tn_tnmn","article_published_time":"2024-03-25T11:02:34+00:00","og_image":[{"width":600,"height":450,"url":"https:\/\/blogdofarnesio.com.br\/wp-content\/uploads\/2024\/03\/blogqspbahia-sintral-e1711198164716.jpg","type":"image\/jpeg"}],"author":"Farn\u00e9sio","twitter_card":"summary_large_image","twitter_misc":{"Escrito por":"Farn\u00e9sio","Est. tempo de leitura":"2 minutos"},"schema":{"@context":"https:\/\/schema.org","@graph":[{"@type":"Article","@id":"https:\/\/blogdofarnesio.com.br\/?p=364425#article","isPartOf":{"@id":"https:\/\/blogdofarnesio.com.br\/?p=364425"},"author":{"name":"Farn\u00e9sio","@id":"https:\/\/blogdofarnesio.com.br\/#\/schema\/person\/bb9b23ae3ad0609ce8df7b6c9e76824d"},"headline":"Terceirizados da Educa\u00e7\u00e3o da BAhia iniciam greve nesta segunda-feira por atrasos salariais","datePublished":"2024-03-25T11:02:34+00:00","mainEntityOfPage":{"@id":"https:\/\/blogdofarnesio.com.br\/?p=364425"},"wordCount":353,"commentCount":0,"publisher":{"@id":"https:\/\/blogdofarnesio.com.br\/#organization"},"image":{"@id":"https:\/\/blogdofarnesio.com.br\/?p=364425#primaryimage"},"thumbnailUrl":"https:\/\/blogdofarnesio.com.br\/wp-content\/uploads\/2024\/03\/blogqspbahia-sintral-e1711198164716.jpg","articleSection":["Educa\u00e7\u00e3o","Servidores"],"inLanguage":"pt-BR","potentialAction":[{"@type":"CommentAction","name":"Comment","target":["https:\/\/blogdofarnesio.com.br\/?p=364425#respond"]}]},{"@type":"WebPage","@id":"https:\/\/blogdofarnesio.com.br\/?p=364425","url":"https:\/\/blogdofarnesio.com.br\/?p=364425","name":"Terceirizados da Educa\u00e7\u00e3o da BAhia iniciam greve nesta segunda-feira por atrasos salariais - Blog do Farn\u00e9sio","isPartOf":{"@id":"https:\/\/blogdofarnesio.com.br\/#website"},"primaryImageOfPage":{"@id":"https:\/\/blogdofarnesio.com.br\/?p=364425#primaryimage"},"image":{"@id":"https:\/\/blogdofarnesio.com.br\/?p=364425#primaryimage"},"thumbnailUrl":"https:\/\/blogdofarnesio.com.br\/wp-content\/uploads\/2024\/03\/blogqspbahia-sintral-e1711198164716.jpg","datePublished":"2024-03-25T11:02:34+00:00","breadcrumb":{"@id":"https:\/\/blogdofarnesio.com.br\/?p=364425#breadcrumb"},"inLanguage":"pt-BR","potentialAction":[{"@type":"ReadAction","target":["https:\/\/blogdofarnesio.com.br\/?p=364425"]}]},{"@type":"ImageObject","inLanguage":"pt-BR","@id":"https:\/\/blogdofarnesio.com.br\/?p=364425#primaryimage","url":"https:\/\/blogdofarnesio.com.br\/wp-content\/uploads\/2024\/03\/blogqspbahia-sintral-e1711198164716.jpg","contentUrl":"https:\/\/blogdofarnesio.com.br\/wp-content\/uploads\/2024\/03\/blogqspbahia-sintral-e1711198164716.jpg","width":600,"height":450},{"@type":"BreadcrumbList","@id":"https:\/\/blogdofarnesio.com.br\/?p=364425#breadcrumb","itemListElement":[{"@type":"ListItem","position":1,"name":"In\u00edcio","item":"https:\/\/blogdofarnesio.com.br\/"},{"@type":"ListItem","position":2,"name":"Terceirizados da Educa\u00e7\u00e3o da BAhia iniciam greve nesta segunda-feira por atrasos salariais"}]},{"@type":"WebSite","@id":"https:\/\/blogdofarnesio.com.br\/#website","url":"https:\/\/blogdofarnesio.com.br\/","name":"Blog do Farn\u00e9sio","description":"Quer Saber Pol\u00edtica?","publisher":{"@id":"https:\/\/blogdofarnesio.com.br\/#organization"},"potentialAction":[{"@type":"SearchAction","target":{"@type":"EntryPoint","urlTemplate":"https:\/\/blogdofarnesio.com.br\/?s={search_term_string}"},"query-input":{"@type":"PropertyValueSpecification","valueRequired":true,"valueName":"search_term_string"}}],"inLanguage":"pt-BR"},{"@type":"Organization","@id":"https:\/\/blogdofarnesio.com.br\/#organization","name":"Blog do Farn\u00e9sio","url":"https:\/\/blogdofarnesio.com.br\/","logo":{"@type":"ImageObject","inLanguage":"pt-BR","@id":"https:\/\/blogdofarnesio.com.br\/#\/schema\/logo\/image\/","url":"https:\/\/blogdofarnesio.com.br\/wp-content\/uploads\/2026\/03\/cropped-logo_new-1.png","contentUrl":"https:\/\/blogdofarnesio.com.br\/wp-content\/uploads\/2026\/03\/cropped-logo_new-1.png","width":881,"height":685,"caption":"Blog do Farn\u00e9sio"},"image":{"@id":"https:\/\/blogdofarnesio.com.br\/#\/schema\/logo\/image\/"},"sameAs":["https:\/\/www.facebook.com\/BlogQuerSaberPolitica\/"]},{"@type":"Person","@id":"https:\/\/blogdofarnesio.com.br\/#\/schema\/person\/bb9b23ae3ad0609ce8df7b6c9e76824d","name":"Farn\u00e9sio","image":{"@type":"ImageObject","inLanguage":"pt-BR","@id":"https:\/\/secure.gravatar.com\/avatar\/986aa4c61ccdb66f8555bf88fc2a65609d00bcabd4d2d94377a727547345cbca?s=96&d=mm&r=g","url":"https:\/\/secure.gravatar.com\/avatar\/986aa4c61ccdb66f8555bf88fc2a65609d00bcabd4d2d94377a727547345cbca?s=96&d=mm&r=g","contentUrl":"https:\/\/secure.gravatar.com\/avatar\/986aa4c61ccdb66f8555bf88fc2a65609d00bcabd4d2d94377a727547345cbca?s=96&d=mm&r=g","caption":"Farn\u00e9sio"},"description":"Radialista blogueiro, chegou a Petrolina\/Juazeiro em setembro de 1980, Farn\u00e9sio Silva \u00e9 de Arapiraca-Alagoas.","sameAs":["http:\/\/blogdofarnesio.com.br","https:\/\/www.facebook.com\/?ref=tn_tnmn","https:\/\/www.instagram.com\/?utm_source=pwa_homescreen","https:\/\/youtube.com.br\/"],"url":"https:\/\/blogdofarnesio.com.br\/?author=2"}]}},"_links":{"self":[{"href":"https:\/\/blogdofarnesio.com.br\/index.php?rest_route=\/wp\/v2\/posts\/364425","targetHints":{"allow":["GET"]}}],"collection":[{"href":"https:\/\/blogdofarnesio.com.br\/index.php?rest_route=\/wp\/v2\/posts"}],"about":[{"href":"https:\/\/blogdofarnesio.com.br\/index.php?rest_route=\/wp\/v2\/types\/post"}],"author":[{"embeddable":true,"href":"https:\/\/blogdofarnesio.com.br\/index.php?rest_route=\/wp\/v2\/users\/2"}],"replies":[{"embeddable":true,"href":"https:\/\/blogdofarnesio.com.br\/index.php?rest_route=%2Fwp%2Fv2%2Fcomments&post=364425"}],"version-history":[{"count":0,"href":"https:\/\/blogdofarnesio.com.br\/index.php?rest_route=\/wp\/v2\/posts\/364425\/revisions"}],"wp:featuredmedia":[{"embeddable":true,"href":"https:\/\/blogdofarnesio.com.br\/index.php?rest_route=\/wp\/v2\/media\/364426"}],"wp:attachment":[{"href":"https:\/\/blogdofarnesio.com.br\/index.php?rest_route=%2Fwp%2Fv2%2Fmedia&parent=364425"}],"wp:term":[{"taxonomy":"category","embeddable":true,"href":"https:\/\/blogdofarnesio.com.br\/index.php?rest_route=%2Fwp%2Fv2%2Fcategories&post=364425"},{"taxonomy":"post_tag","embeddable":true,"href":"https:\/\/blogdofarnesio.com.br\/index.php?rest_route=%2Fwp%2Fv2%2Ftags&post=364425"}],"curies":[{"name":"wp","href":"https:\/\/api.w.org\/{rel}","templated":true}]}}