{"id":364393,"date":"2024-03-25T09:43:10","date_gmt":"2024-03-25T12:43:10","guid":{"rendered":"https:\/\/blogdofarnesio.com.br\/?p=364393"},"modified":"2024-03-24T13:54:11","modified_gmt":"2024-03-24T16:54:11","slug":"gestao-suzana-ramos-apresenta-maiores-reajustes-salariais-da-historia-de-juazeiro-para-servidores-municipais","status":"publish","type":"post","link":"https:\/\/blogdofarnesio.com.br\/?p=364393","title":{"rendered":"Gest\u00e3o Suzana Ramos apresenta maiores reajustes salariais da hist\u00f3ria de Juazeiro para servidores municipais"},"content":{"rendered":"<p style=\"font-weight: 400;\">A gest\u00e3o Suzana Ramos vem se destacando pela valoriza\u00e7\u00e3o dos servidores municipais de Juazeiro. Desde 2021, quando assumiu a prefeitura, a prefeita vem concedendo reajustes salariais que superam os \u00edndices dos anos anteriores, consolidando uma pol\u00edtica de reconhecimento e respeito aos servidores p\u00fablicos municipais, destacando-se o aumento de 11% em 2022, o maior da hist\u00f3ria de Juazeiro.<\/p>\n<p style=\"font-weight: 400;\">Em 2021, o reajuste foi de 4,52%, seguido por 11% em 2022, o maior da hist\u00f3ria de Juazeiro. J\u00e1 em 2023, os servidores receberam 6% de aumento em janeiro, com um adicional de 1% em outubro, totalizando 7%. Para 2024, est\u00e1 previsto um reajuste de 5%, al\u00e9m do aumento do aux\u00edlio alimenta\u00e7\u00e3o para R$ 280,00 e do teto salarial para os servidores foi elevado de R$ 3.000,00 para R$ 4.000,00.<\/p>\n<p style=\"font-weight: 400;\">&#8220;Valorizar o servidor p\u00fablico \u00e9 investir na qualidade dos servi\u00e7os prestados \u00e0 nossa popula\u00e7\u00e3o. Desde o in\u00edcio da nossa gest\u00e3o, trabalhamos para construir uma pol\u00edtica de valoriza\u00e7\u00e3o justa e transparente, que reconhece o empenho e a dedica\u00e7\u00e3o dos servidores de Juazeiro\u201d, disse Suzana Ramos.<\/p>\n<p style=\"font-weight: 400;\">\u201cComparando com os reajustes concedidos em gest\u00f5es anteriores, fica evidente o compromisso da gest\u00e3o Suzana Ramos com a valoriza\u00e7\u00e3o dos servidores. Desde 2017, os aumentos t\u00eam sido consistentes, atingindo picos not\u00e1veis. Em 2021, o reajuste foi de 4,52%, seguido por um impressionante aumento de 11% em 2022. Esses n\u00fameros superam amplamente os registros anteriores, como os reajustes de 2017 (6,30%), 2018 (3,0%), 2019 (3,79%), e 2020 (4,49%)\u201d, disse o secret\u00e1rio de Gest\u00e3o de Pessoas, Luciano Lustosa.<\/p>\n<p style=\"font-weight: 400;\">Al\u00e9m dos aumentos salariais, a gest\u00e3o de Susana Ramos tamb\u00e9m reinstaurou a progress\u00e3o horizontal e vertical anual, conforme estabelecido pela lei do Plano de Cargos, Carreira e Remunera\u00e7\u00e3o (PCCR), que n\u00e3o estava sendo realizada nas gest\u00f5es anteriores.<\/p>\n","protected":false},"excerpt":{"rendered":"<p>A gest\u00e3o Suzana Ramos vem se destacando pela valoriza\u00e7\u00e3o dos servidores municipais de Juazeiro. Desde 2021, quando assumiu a prefeitura, a prefeita vem concedendo reajustes salariais que superam os \u00edndices dos anos anteriores, consolidando uma pol\u00edtica de reconhecimento e respeito aos servidores p\u00fablicos municipais, destacando-se o aumento de 11% em 2022, o maior da hist\u00f3ria de Juazeiro. Em 2021, o reajuste foi de 4,52%, seguido por 11% em 2022, o maior da hist\u00f3ria de Juazeiro. J\u00e1 em 2023, os servidores receberam 6% de aumento em janeiro, com um adicional de 1% em outubro, totalizando 7%. Para 2024, est\u00e1 previsto um reajuste de 5%, al\u00e9m do aumento do aux\u00edlio alimenta\u00e7\u00e3o para R$ 280,00 e do teto salarial para os servidores foi&hellip; <\/p>\n","protected":false},"author":2,"featured_media":364394,"comment_status":"open","ping_status":"open","sticky":false,"template":"","format":"standard","meta":{"_acf_changed":false,"footnotes":""},"categories":[44,19],"tags":[],"class_list":["post-364393","post","type-post","status-publish","format-standard","has-post-thumbnail","hentry","category-administracao","category-servidores"],"acf":[],"yoast_head":"<!-- This site is optimized with the Yoast SEO plugin v27.4 - https:\/\/yoast.com\/product\/yoast-seo-wordpress\/ -->\n<title>Gest\u00e3o Suzana Ramos apresenta maiores reajustes salariais da hist\u00f3ria de Juazeiro para servidores municipais - Blog do Farn\u00e9sio<\/title>\n<meta name=\"robots\" content=\"index, follow, max-snippet:-1, max-image-preview:large, max-video-preview:-1\" \/>\n<link rel=\"canonical\" href=\"https:\/\/blogdofarnesio.com.br\/?p=364393\" \/>\n<meta property=\"og:locale\" content=\"pt_BR\" \/>\n<meta property=\"og:type\" content=\"article\" \/>\n<meta property=\"og:title\" content=\"Gest\u00e3o Suzana Ramos apresenta maiores reajustes salariais da hist\u00f3ria de Juazeiro para servidores municipais - Blog do Farn\u00e9sio\" \/>\n<meta property=\"og:description\" content=\"A gest\u00e3o Suzana Ramos vem se destacando pela valoriza\u00e7\u00e3o dos servidores municipais de Juazeiro. Desde 2021, quando assumiu a prefeitura, a prefeita vem concedendo reajustes salariais que superam os \u00edndices dos anos anteriores, consolidando uma pol\u00edtica de reconhecimento e respeito aos servidores p\u00fablicos municipais, destacando-se o aumento de 11% em 2022, o maior da hist\u00f3ria de Juazeiro. Em 2021, o reajuste foi de 4,52%, seguido por 11% em 2022, o maior da hist\u00f3ria de Juazeiro. J\u00e1 em 2023, os servidores receberam 6% de aumento em janeiro, com um adicional de 1% em outubro, totalizando 7%. Para 2024, est\u00e1 previsto um reajuste de 5%, al\u00e9m do aumento do aux\u00edlio alimenta\u00e7\u00e3o para R$ 280,00 e do teto salarial para os servidores foi&hellip;\" \/>\n<meta property=\"og:url\" content=\"https:\/\/blogdofarnesio.com.br\/?p=364393\" \/>\n<meta property=\"og:site_name\" content=\"Blog do Farn\u00e9sio\" \/>\n<meta property=\"article:publisher\" content=\"https:\/\/www.facebook.com\/BlogQuerSaberPolitica\/\" \/>\n<meta property=\"article:author\" content=\"https:\/\/www.facebook.com\/?ref=tn_tnmn\" \/>\n<meta property=\"article:published_time\" content=\"2024-03-25T12:43:10+00:00\" \/>\n<meta property=\"og:image\" content=\"https:\/\/blogdofarnesio.com.br\/wp-content\/uploads\/2024\/03\/card-aumento-salarial-e1711136685495.jpeg\" \/>\n\t<meta property=\"og:image:width\" content=\"400\" \/>\n\t<meta property=\"og:image:height\" content=\"358\" \/>\n\t<meta property=\"og:image:type\" content=\"image\/jpeg\" \/>\n<meta name=\"author\" content=\"Farn\u00e9sio\" \/>\n<meta name=\"twitter:card\" content=\"summary_large_image\" \/>\n<meta name=\"twitter:label1\" content=\"Escrito por\" \/>\n\t<meta name=\"twitter:data1\" content=\"Farn\u00e9sio\" \/>\n\t<meta name=\"twitter:label2\" content=\"Est. tempo de leitura\" \/>\n\t<meta name=\"twitter:data2\" content=\"2 minutos\" \/>\n<script type=\"application\/ld+json\" class=\"yoast-schema-graph\">{\"@context\":\"https:\\\/\\\/schema.org\",\"@graph\":[{\"@type\":\"Article\",\"@id\":\"https:\\\/\\\/blogdofarnesio.com.br\\\/?p=364393#article\",\"isPartOf\":{\"@id\":\"https:\\\/\\\/blogdofarnesio.com.br\\\/?p=364393\"},\"author\":{\"name\":\"Farn\u00e9sio\",\"@id\":\"https:\\\/\\\/blogdofarnesio.com.br\\\/#\\\/schema\\\/person\\\/bb9b23ae3ad0609ce8df7b6c9e76824d\"},\"headline\":\"Gest\u00e3o Suzana Ramos apresenta maiores reajustes salariais da hist\u00f3ria de Juazeiro para servidores municipais\",\"datePublished\":\"2024-03-25T12:43:10+00:00\",\"mainEntityOfPage\":{\"@id\":\"https:\\\/\\\/blogdofarnesio.com.br\\\/?p=364393\"},\"wordCount\":301,\"commentCount\":0,\"publisher\":{\"@id\":\"https:\\\/\\\/blogdofarnesio.com.br\\\/#organization\"},\"image\":{\"@id\":\"https:\\\/\\\/blogdofarnesio.com.br\\\/?p=364393#primaryimage\"},\"thumbnailUrl\":\"https:\\\/\\\/blogdofarnesio.com.br\\\/wp-content\\\/uploads\\\/2024\\\/03\\\/card-aumento-salarial-e1711136685495.jpeg\",\"articleSection\":[\"Administra\u00e7\u00e3o\",\"Servidores\"],\"inLanguage\":\"pt-BR\",\"potentialAction\":[{\"@type\":\"CommentAction\",\"name\":\"Comment\",\"target\":[\"https:\\\/\\\/blogdofarnesio.com.br\\\/?p=364393#respond\"]}]},{\"@type\":\"WebPage\",\"@id\":\"https:\\\/\\\/blogdofarnesio.com.br\\\/?p=364393\",\"url\":\"https:\\\/\\\/blogdofarnesio.com.br\\\/?p=364393\",\"name\":\"Gest\u00e3o Suzana Ramos apresenta maiores reajustes salariais da hist\u00f3ria de Juazeiro para servidores municipais - Blog do Farn\u00e9sio\",\"isPartOf\":{\"@id\":\"https:\\\/\\\/blogdofarnesio.com.br\\\/#website\"},\"primaryImageOfPage\":{\"@id\":\"https:\\\/\\\/blogdofarnesio.com.br\\\/?p=364393#primaryimage\"},\"image\":{\"@id\":\"https:\\\/\\\/blogdofarnesio.com.br\\\/?p=364393#primaryimage\"},\"thumbnailUrl\":\"https:\\\/\\\/blogdofarnesio.com.br\\\/wp-content\\\/uploads\\\/2024\\\/03\\\/card-aumento-salarial-e1711136685495.jpeg\",\"datePublished\":\"2024-03-25T12:43:10+00:00\",\"breadcrumb\":{\"@id\":\"https:\\\/\\\/blogdofarnesio.com.br\\\/?p=364393#breadcrumb\"},\"inLanguage\":\"pt-BR\",\"potentialAction\":[{\"@type\":\"ReadAction\",\"target\":[\"https:\\\/\\\/blogdofarnesio.com.br\\\/?p=364393\"]}]},{\"@type\":\"ImageObject\",\"inLanguage\":\"pt-BR\",\"@id\":\"https:\\\/\\\/blogdofarnesio.com.br\\\/?p=364393#primaryimage\",\"url\":\"https:\\\/\\\/blogdofarnesio.com.br\\\/wp-content\\\/uploads\\\/2024\\\/03\\\/card-aumento-salarial-e1711136685495.jpeg\",\"contentUrl\":\"https:\\\/\\\/blogdofarnesio.com.br\\\/wp-content\\\/uploads\\\/2024\\\/03\\\/card-aumento-salarial-e1711136685495.jpeg\",\"width\":400,\"height\":358},{\"@type\":\"BreadcrumbList\",\"@id\":\"https:\\\/\\\/blogdofarnesio.com.br\\\/?p=364393#breadcrumb\",\"itemListElement\":[{\"@type\":\"ListItem\",\"position\":1,\"name\":\"In\u00edcio\",\"item\":\"https:\\\/\\\/blogdofarnesio.com.br\\\/\"},{\"@type\":\"ListItem\",\"position\":2,\"name\":\"Gest\u00e3o Suzana Ramos apresenta maiores reajustes salariais da hist\u00f3ria de Juazeiro para servidores municipais\"}]},{\"@type\":\"WebSite\",\"@id\":\"https:\\\/\\\/blogdofarnesio.com.br\\\/#website\",\"url\":\"https:\\\/\\\/blogdofarnesio.com.br\\\/\",\"name\":\"Blog do Farn\u00e9sio\",\"description\":\"Quer Saber Pol\u00edtica?\",\"publisher\":{\"@id\":\"https:\\\/\\\/blogdofarnesio.com.br\\\/#organization\"},\"potentialAction\":[{\"@type\":\"SearchAction\",\"target\":{\"@type\":\"EntryPoint\",\"urlTemplate\":\"https:\\\/\\\/blogdofarnesio.com.br\\\/?s={search_term_string}\"},\"query-input\":{\"@type\":\"PropertyValueSpecification\",\"valueRequired\":true,\"valueName\":\"search_term_string\"}}],\"inLanguage\":\"pt-BR\"},{\"@type\":\"Organization\",\"@id\":\"https:\\\/\\\/blogdofarnesio.com.br\\\/#organization\",\"name\":\"Blog do Farn\u00e9sio\",\"url\":\"https:\\\/\\\/blogdofarnesio.com.br\\\/\",\"logo\":{\"@type\":\"ImageObject\",\"inLanguage\":\"pt-BR\",\"@id\":\"https:\\\/\\\/blogdofarnesio.com.br\\\/#\\\/schema\\\/logo\\\/image\\\/\",\"url\":\"https:\\\/\\\/blogdofarnesio.com.br\\\/wp-content\\\/uploads\\\/2026\\\/03\\\/cropped-logo_new-1.png\",\"contentUrl\":\"https:\\\/\\\/blogdofarnesio.com.br\\\/wp-content\\\/uploads\\\/2026\\\/03\\\/cropped-logo_new-1.png\",\"width\":881,\"height\":685,\"caption\":\"Blog do Farn\u00e9sio\"},\"image\":{\"@id\":\"https:\\\/\\\/blogdofarnesio.com.br\\\/#\\\/schema\\\/logo\\\/image\\\/\"},\"sameAs\":[\"https:\\\/\\\/www.facebook.com\\\/BlogQuerSaberPolitica\\\/\"]},{\"@type\":\"Person\",\"@id\":\"https:\\\/\\\/blogdofarnesio.com.br\\\/#\\\/schema\\\/person\\\/bb9b23ae3ad0609ce8df7b6c9e76824d\",\"name\":\"Farn\u00e9sio\",\"image\":{\"@type\":\"ImageObject\",\"inLanguage\":\"pt-BR\",\"@id\":\"https:\\\/\\\/secure.gravatar.com\\\/avatar\\\/986aa4c61ccdb66f8555bf88fc2a65609d00bcabd4d2d94377a727547345cbca?s=96&d=mm&r=g\",\"url\":\"https:\\\/\\\/secure.gravatar.com\\\/avatar\\\/986aa4c61ccdb66f8555bf88fc2a65609d00bcabd4d2d94377a727547345cbca?s=96&d=mm&r=g\",\"contentUrl\":\"https:\\\/\\\/secure.gravatar.com\\\/avatar\\\/986aa4c61ccdb66f8555bf88fc2a65609d00bcabd4d2d94377a727547345cbca?s=96&d=mm&r=g\",\"caption\":\"Farn\u00e9sio\"},\"description\":\"Radialista blogueiro, chegou a Petrolina\\\/Juazeiro em setembro de 1980, Farn\u00e9sio Silva \u00e9 de Arapiraca-Alagoas.\",\"sameAs\":[\"http:\\\/\\\/blogdofarnesio.com.br\",\"https:\\\/\\\/www.facebook.com\\\/?ref=tn_tnmn\",\"https:\\\/\\\/www.instagram.com\\\/?utm_source=pwa_homescreen\",\"https:\\\/\\\/youtube.com.br\\\/\"],\"url\":\"https:\\\/\\\/blogdofarnesio.com.br\\\/?author=2\"}]}<\/script>\n<!-- \/ Yoast SEO plugin. -->","yoast_head_json":{"title":"Gest\u00e3o Suzana Ramos apresenta maiores reajustes salariais da hist\u00f3ria de Juazeiro para servidores municipais - Blog do Farn\u00e9sio","robots":{"index":"index","follow":"follow","max-snippet":"max-snippet:-1","max-image-preview":"max-image-preview:large","max-video-preview":"max-video-preview:-1"},"canonical":"https:\/\/blogdofarnesio.com.br\/?p=364393","og_locale":"pt_BR","og_type":"article","og_title":"Gest\u00e3o Suzana Ramos apresenta maiores reajustes salariais da hist\u00f3ria de Juazeiro para servidores municipais - Blog do Farn\u00e9sio","og_description":"A gest\u00e3o Suzana Ramos vem se destacando pela valoriza\u00e7\u00e3o dos servidores municipais de Juazeiro. Desde 2021, quando assumiu a prefeitura, a prefeita vem concedendo reajustes salariais que superam os \u00edndices dos anos anteriores, consolidando uma pol\u00edtica de reconhecimento e respeito aos servidores p\u00fablicos municipais, destacando-se o aumento de 11% em 2022, o maior da hist\u00f3ria de Juazeiro. Em 2021, o reajuste foi de 4,52%, seguido por 11% em 2022, o maior da hist\u00f3ria de Juazeiro. J\u00e1 em 2023, os servidores receberam 6% de aumento em janeiro, com um adicional de 1% em outubro, totalizando 7%. Para 2024, est\u00e1 previsto um reajuste de 5%, al\u00e9m do aumento do aux\u00edlio alimenta\u00e7\u00e3o para R$ 280,00 e do teto salarial para os servidores foi&hellip;","og_url":"https:\/\/blogdofarnesio.com.br\/?p=364393","og_site_name":"Blog do Farn\u00e9sio","article_publisher":"https:\/\/www.facebook.com\/BlogQuerSaberPolitica\/","article_author":"https:\/\/www.facebook.com\/?ref=tn_tnmn","article_published_time":"2024-03-25T12:43:10+00:00","og_image":[{"width":400,"height":358,"url":"https:\/\/blogdofarnesio.com.br\/wp-content\/uploads\/2024\/03\/card-aumento-salarial-e1711136685495.jpeg","type":"image\/jpeg"}],"author":"Farn\u00e9sio","twitter_card":"summary_large_image","twitter_misc":{"Escrito por":"Farn\u00e9sio","Est. tempo de leitura":"2 minutos"},"schema":{"@context":"https:\/\/schema.org","@graph":[{"@type":"Article","@id":"https:\/\/blogdofarnesio.com.br\/?p=364393#article","isPartOf":{"@id":"https:\/\/blogdofarnesio.com.br\/?p=364393"},"author":{"name":"Farn\u00e9sio","@id":"https:\/\/blogdofarnesio.com.br\/#\/schema\/person\/bb9b23ae3ad0609ce8df7b6c9e76824d"},"headline":"Gest\u00e3o Suzana Ramos apresenta maiores reajustes salariais da hist\u00f3ria de Juazeiro para servidores municipais","datePublished":"2024-03-25T12:43:10+00:00","mainEntityOfPage":{"@id":"https:\/\/blogdofarnesio.com.br\/?p=364393"},"wordCount":301,"commentCount":0,"publisher":{"@id":"https:\/\/blogdofarnesio.com.br\/#organization"},"image":{"@id":"https:\/\/blogdofarnesio.com.br\/?p=364393#primaryimage"},"thumbnailUrl":"https:\/\/blogdofarnesio.com.br\/wp-content\/uploads\/2024\/03\/card-aumento-salarial-e1711136685495.jpeg","articleSection":["Administra\u00e7\u00e3o","Servidores"],"inLanguage":"pt-BR","potentialAction":[{"@type":"CommentAction","name":"Comment","target":["https:\/\/blogdofarnesio.com.br\/?p=364393#respond"]}]},{"@type":"WebPage","@id":"https:\/\/blogdofarnesio.com.br\/?p=364393","url":"https:\/\/blogdofarnesio.com.br\/?p=364393","name":"Gest\u00e3o Suzana Ramos apresenta maiores reajustes salariais da hist\u00f3ria de Juazeiro para servidores municipais - Blog do Farn\u00e9sio","isPartOf":{"@id":"https:\/\/blogdofarnesio.com.br\/#website"},"primaryImageOfPage":{"@id":"https:\/\/blogdofarnesio.com.br\/?p=364393#primaryimage"},"image":{"@id":"https:\/\/blogdofarnesio.com.br\/?p=364393#primaryimage"},"thumbnailUrl":"https:\/\/blogdofarnesio.com.br\/wp-content\/uploads\/2024\/03\/card-aumento-salarial-e1711136685495.jpeg","datePublished":"2024-03-25T12:43:10+00:00","breadcrumb":{"@id":"https:\/\/blogdofarnesio.com.br\/?p=364393#breadcrumb"},"inLanguage":"pt-BR","potentialAction":[{"@type":"ReadAction","target":["https:\/\/blogdofarnesio.com.br\/?p=364393"]}]},{"@type":"ImageObject","inLanguage":"pt-BR","@id":"https:\/\/blogdofarnesio.com.br\/?p=364393#primaryimage","url":"https:\/\/blogdofarnesio.com.br\/wp-content\/uploads\/2024\/03\/card-aumento-salarial-e1711136685495.jpeg","contentUrl":"https:\/\/blogdofarnesio.com.br\/wp-content\/uploads\/2024\/03\/card-aumento-salarial-e1711136685495.jpeg","width":400,"height":358},{"@type":"BreadcrumbList","@id":"https:\/\/blogdofarnesio.com.br\/?p=364393#breadcrumb","itemListElement":[{"@type":"ListItem","position":1,"name":"In\u00edcio","item":"https:\/\/blogdofarnesio.com.br\/"},{"@type":"ListItem","position":2,"name":"Gest\u00e3o Suzana Ramos apresenta maiores reajustes salariais da hist\u00f3ria de Juazeiro para servidores municipais"}]},{"@type":"WebSite","@id":"https:\/\/blogdofarnesio.com.br\/#website","url":"https:\/\/blogdofarnesio.com.br\/","name":"Blog do Farn\u00e9sio","description":"Quer Saber Pol\u00edtica?","publisher":{"@id":"https:\/\/blogdofarnesio.com.br\/#organization"},"potentialAction":[{"@type":"SearchAction","target":{"@type":"EntryPoint","urlTemplate":"https:\/\/blogdofarnesio.com.br\/?s={search_term_string}"},"query-input":{"@type":"PropertyValueSpecification","valueRequired":true,"valueName":"search_term_string"}}],"inLanguage":"pt-BR"},{"@type":"Organization","@id":"https:\/\/blogdofarnesio.com.br\/#organization","name":"Blog do Farn\u00e9sio","url":"https:\/\/blogdofarnesio.com.br\/","logo":{"@type":"ImageObject","inLanguage":"pt-BR","@id":"https:\/\/blogdofarnesio.com.br\/#\/schema\/logo\/image\/","url":"https:\/\/blogdofarnesio.com.br\/wp-content\/uploads\/2026\/03\/cropped-logo_new-1.png","contentUrl":"https:\/\/blogdofarnesio.com.br\/wp-content\/uploads\/2026\/03\/cropped-logo_new-1.png","width":881,"height":685,"caption":"Blog do Farn\u00e9sio"},"image":{"@id":"https:\/\/blogdofarnesio.com.br\/#\/schema\/logo\/image\/"},"sameAs":["https:\/\/www.facebook.com\/BlogQuerSaberPolitica\/"]},{"@type":"Person","@id":"https:\/\/blogdofarnesio.com.br\/#\/schema\/person\/bb9b23ae3ad0609ce8df7b6c9e76824d","name":"Farn\u00e9sio","image":{"@type":"ImageObject","inLanguage":"pt-BR","@id":"https:\/\/secure.gravatar.com\/avatar\/986aa4c61ccdb66f8555bf88fc2a65609d00bcabd4d2d94377a727547345cbca?s=96&d=mm&r=g","url":"https:\/\/secure.gravatar.com\/avatar\/986aa4c61ccdb66f8555bf88fc2a65609d00bcabd4d2d94377a727547345cbca?s=96&d=mm&r=g","contentUrl":"https:\/\/secure.gravatar.com\/avatar\/986aa4c61ccdb66f8555bf88fc2a65609d00bcabd4d2d94377a727547345cbca?s=96&d=mm&r=g","caption":"Farn\u00e9sio"},"description":"Radialista blogueiro, chegou a Petrolina\/Juazeiro em setembro de 1980, Farn\u00e9sio Silva \u00e9 de Arapiraca-Alagoas.","sameAs":["http:\/\/blogdofarnesio.com.br","https:\/\/www.facebook.com\/?ref=tn_tnmn","https:\/\/www.instagram.com\/?utm_source=pwa_homescreen","https:\/\/youtube.com.br\/"],"url":"https:\/\/blogdofarnesio.com.br\/?author=2"}]}},"_links":{"self":[{"href":"https:\/\/blogdofarnesio.com.br\/index.php?rest_route=\/wp\/v2\/posts\/364393","targetHints":{"allow":["GET"]}}],"collection":[{"href":"https:\/\/blogdofarnesio.com.br\/index.php?rest_route=\/wp\/v2\/posts"}],"about":[{"href":"https:\/\/blogdofarnesio.com.br\/index.php?rest_route=\/wp\/v2\/types\/post"}],"author":[{"embeddable":true,"href":"https:\/\/blogdofarnesio.com.br\/index.php?rest_route=\/wp\/v2\/users\/2"}],"replies":[{"embeddable":true,"href":"https:\/\/blogdofarnesio.com.br\/index.php?rest_route=%2Fwp%2Fv2%2Fcomments&post=364393"}],"version-history":[{"count":0,"href":"https:\/\/blogdofarnesio.com.br\/index.php?rest_route=\/wp\/v2\/posts\/364393\/revisions"}],"wp:featuredmedia":[{"embeddable":true,"href":"https:\/\/blogdofarnesio.com.br\/index.php?rest_route=\/wp\/v2\/media\/364394"}],"wp:attachment":[{"href":"https:\/\/blogdofarnesio.com.br\/index.php?rest_route=%2Fwp%2Fv2%2Fmedia&parent=364393"}],"wp:term":[{"taxonomy":"category","embeddable":true,"href":"https:\/\/blogdofarnesio.com.br\/index.php?rest_route=%2Fwp%2Fv2%2Fcategories&post=364393"},{"taxonomy":"post_tag","embeddable":true,"href":"https:\/\/blogdofarnesio.com.br\/index.php?rest_route=%2Fwp%2Fv2%2Ftags&post=364393"}],"curies":[{"name":"wp","href":"https:\/\/api.w.org\/{rel}","templated":true}]}}