{"id":364360,"date":"2024-03-22T16:04:10","date_gmt":"2024-03-22T19:04:10","guid":{"rendered":"https:\/\/blogdofarnesio.com.br\/?p=364360"},"modified":"2024-03-22T12:36:40","modified_gmt":"2024-03-22T15:36:40","slug":"79-pesquisadores-da-univasf-figuram-em-ranking-de-cientistas-mais-citados-do-mundo","status":"publish","type":"post","link":"https:\/\/blogdofarnesio.com.br\/?p=364360","title":{"rendered":"79 pesquisadores da Univasf figuram em ranking de cientistas mais citados do mundo"},"content":{"rendered":"<div id=\"viewlet-below-content-title\">\n<div id=\"viewlet-social-like\" class=\"horizontal\">\n<div class=\"sociallike-network-whatsapp\">A Universidade Federal do Vale do S\u00e3o Francisco (Univasf) possui 79 pesquisadores entre os cientistas mais citados do mundo, de acordo com o ranking <a href=\"https:\/\/www.adscientificindex.com\/?university=Universidade+Federal+do+Vale+do+S%C3%A3o+Francisco+UNIVASF\" target=\"_blank\" rel=\"noopener\">AD Scientific Index 2024<\/a>, sistema de classifica\u00e7\u00e3o baseado no desempenho individual e no impacto de suas produ\u00e7\u00f5es. O \u00edndice internacional leva em considera\u00e7\u00e3o cita\u00e7\u00f5es no Google Acad\u00eamico e trabalhos realizados pelos cientistas nos \u00faltimos seis anos. Os professores da Univasf s\u00e3o destaques nas \u00e1reas de Antropologia, Ecologia, Engenharias, Farm\u00e1cia, Educa\u00e7\u00e3o F\u00edsica, Medicina, Zootecnia, entre outras.<\/div>\n<\/div>\n<\/div>\n<div>\n<p>O AD Scientific Index utiliza nove indicadores, dentre eles o h-index, que considera o n\u00famero de cita\u00e7\u00f5es recebidas pelas publica\u00e7\u00f5es, e o i10, que rastreia os artigos com dez ou mais cita\u00e7\u00f5es. Em 2024, o \u00cdndice Cient\u00edfico AD analisou 23.189 institui\u00e7\u00f5es de todo o mundo. Das institui\u00e7\u00f5es analisadas, 2.064 s\u00e3o da Am\u00e9rica Latina e 578 do Brasil, com um total de 43.178 cientistas brasileiros citados. De acordo com a classifica\u00e7\u00e3o de Institui\u00e7\u00f5es deste ano, a\u00a0<a href=\"https:\/\/www.adscientificindex.com\/university-ranking\/?q=Universidade%20Federal%20do%20Vale%20do%20S%C3%A3o%20Francisco%20UNIVASF\" target=\"_blank\" rel=\"noopener\">Univasf est\u00e1 posicionada em 140\u00ba lugar no Brasil<\/a>\u00a0e ocupa a 310\u00aa posi\u00e7\u00e3o entre as universidades da Am\u00e9rica Latina.<\/p>\n<table class=\"invisible\">\n<tbody>\n<tr>\n<td><img loading=\"lazy\" decoding=\"async\" class=\"image-inline\" title=\"\" src=\"https:\/\/portais.univasf.edu.br\/imagens\/copy_of_WhatsAppImage20240321at9.36.55AM.jpeg\" alt=\"\" width=\"310\" height=\"414\" \/><br \/>\n<span class=\"discreet\">Adriana Mayumi atua na \u00e1rea de microbiologia do solo.<\/span><\/td>\n<\/tr>\n<\/tbody>\n<\/table>\n<p>Com \u00e1rea de atua\u00e7\u00e3o em Microbiologia do Solo, a docente do Colegiado de Zootecnia Adriana Mayumi Yano-Melo est\u00e1 entre os pesquisadores da Univasf em destaque no ranking AD Scientific Index 2024. Para ela, o trabalho que realiza na institui\u00e7\u00e3o contribui para o avan\u00e7o do conhecimento cient\u00edfico. A professora ainda destaca a relev\u00e2ncia deste reconhecimento enquanto mulher pesquisadora. \u201cAlgumas \u00e1reas da Ci\u00eancia n\u00e3o possuem ainda um equil\u00edbrio na quantidade de mulheres reconhecidas como pesquisadoras, mesmo com um incremento no n\u00famero de doutoras formadas no Brasil. Neste sentido, acho que o reconhecimento valoriza nosso trabalho e nos estimula a buscar novos desafios\u201d, diz Adriana.<\/p>\n<p>A oportunidade de ter constru\u00eddo v\u00ednculos profissionais com grandes pesquisadores e ter um objeto de estudo que permeia as \u00e1reas das ci\u00eancias naturais e sociais s\u00e3o alguns dos fatores que, segundo o professor do Colegiado de Ecologia Felipe Silva Ferreira, contribu\u00edram para a sua coloca\u00e7\u00e3o no ranking internacional. \u201cNosso trabalho tem tido boa receptividade dentro da comunidade cient\u00edfica. \u00c9 gratificante ter reconhecimento, pois mostra que estamos desenvolvendo pesquisas de destaque, mesmo estando em uma universidade no interior do Nordeste. Isso tamb\u00e9m reflete na possibilidade de oferecer aos nossos estudantes condi\u00e7\u00f5es de aprender e produzir ci\u00eancia com qualidade\u201d, enfatiza Ferreira.<\/p>\n<table class=\"invisible\">\n<tbody>\n<tr>\n<td><img loading=\"lazy\" decoding=\"async\" class=\"image-inline\" title=\"\" src=\"https:\/\/portais.univasf.edu.br\/imagens\/WhatsAppImage20240321at2.25.03PM.jpeg\" alt=\"\" width=\"272\" height=\"363\" \/><br \/>\n<span class=\"discreet\">Felipe Silva \u00e9 docente do Colegiado de Ecologia.<\/span><\/td>\n<\/tr>\n<\/tbody>\n<\/table>\n<p>Doutora em F\u00edsica da Mat\u00e9ria Condensada e coordenadora do Grupo de Pesquisa S\u00edntese, Caracteriza\u00e7\u00e3o e Luminesc\u00eancia de Materiais (SCL-Mat) da Univasf, Raquel Aline Pessoa Oliveira, professora do Colegiado de Engenharia El\u00e9trica, tamb\u00e9m se sente privilegiada por ter sua produ\u00e7\u00e3o cient\u00edfica reconhecida internacionalmente. Ela atua na \u00e1rea de materiais cer\u00e2micos, v\u00edtreos e detectores de radia\u00e7\u00e3o ionizante. \u201cEstar entre os pesquisadores da Univasf citados no ranking AD Scientific Index \u00e9 um privil\u00e9gio, uma valida\u00e7\u00e3o da qualidade das publica\u00e7\u00f5es cient\u00edficas e, tamb\u00e9m, motiva\u00e7\u00e3o para inspirar futuras gera\u00e7\u00f5es de mulheres cientistas, garantindo a equidade e a diversidade na comunidade cient\u00edfica\u201d, destaca.<\/p>\n<p>O docente do Colegiado de Farm\u00e1cia Jackson Guedes ocupa a\u00a0<a href=\"https:\/\/www.adscientificindex.com\/scientist\/jackson-roberto-guedes-da-silva-almeida\/1087991\" target=\"_blank\" rel=\"noopener\">primeira coloca\u00e7\u00e3o<\/a>\u00a0entre os pesquisadores da Univasf citados no AD Scientific Index e est\u00e1 entre os 3% dos cientistas mais citados no Brasil e 10% dos cientistas mais relevantes do mundo. \u201cAcredito que isto \u00e9 fruto de um trabalho feito com dedica\u00e7\u00e3o e perseveran\u00e7a. Temos uma equipe bem formada, alunos dedicados que cumprem os objetivos dos projetos e conseguem transform\u00e1-los em resultados e publica\u00e7\u00f5es, al\u00e9m de uma ampla rede de colaboradores, tanto no Brasil como no exterior\u201d, diz o professor.<\/p>\n<table class=\"invisible\">\n<tbody>\n<tr>\n<td><img loading=\"lazy\" decoding=\"async\" class=\"image-inline\" title=\"\" src=\"https:\/\/portais.univasf.edu.br\/imagens\/jacksonrobertoguedesdasilvaalmeida.jpg\" alt=\"\" width=\"362\" height=\"280\" \/><br \/>\n<span class=\"discreet\">Guedes ocupa o primeiro lugar entre os pesquisadores da Univasf.<\/span><\/td>\n<\/tr>\n<\/tbody>\n<\/table>\n<p>Guedes ainda ressalta a relev\u00e2ncia desse resultado para a Univasf. \u201c\u00c9 uma honra representar a Universidade nesse ranking e dar visibilidade para a institui\u00e7\u00e3o, para o curso de Farm\u00e1cia, para as p\u00f3s-gradua\u00e7\u00f5es em que atuo aqui e, principalmente, contribuir para a internacionaliza\u00e7\u00e3o da nossa Universidade\u201d, conclui.<\/p>\n<table class=\"listing\" align=\"left\">\n<tbody>\n<tr>\n<td colspan=\"2\">\n<p align=\"center\"><b>Univasf no AD Scientific Index 2024<\/b><\/p>\n<\/td>\n<\/tr>\n<tr>\n<td>\n<p align=\"center\">Relev\u00e2ncia Internacional<\/p>\n<\/td>\n<td>\n<p align=\"center\">N\u00famero de Pesquisadores da Univasf<\/p>\n<\/td>\n<\/tr>\n<tr>\n<td>\n<p align=\"center\">10% mais relevantes<\/p>\n<\/td>\n<td>\n<p align=\"center\">1<\/p>\n<\/td>\n<\/tr>\n<tr>\n<td>\n<p align=\"center\">20% mais relevantes<\/p>\n<\/td>\n<td>\n<p align=\"center\">7<\/p>\n<\/td>\n<\/tr>\n<tr>\n<td>\n<p align=\"center\">30% mais relevantes<\/p>\n<\/td>\n<td>\n<p align=\"center\">15<\/p>\n<\/td>\n<\/tr>\n<tr>\n<td>\n<p align=\"center\">40% mais relevantes<\/p>\n<\/td>\n<td>\n<p align=\"center\">25<\/p>\n<\/td>\n<\/tr>\n<tr>\n<td>\n<p align=\"center\">50% mais relevantes<\/p>\n<\/td>\n<td>\n<p align=\"center\">38<\/p>\n<\/td>\n<\/tr>\n<tr>\n<td>\n<p align=\"center\">60% mais relevantes<\/p>\n<\/td>\n<td>\n<p align=\"center\">45<\/p>\n<\/td>\n<\/tr>\n<tr>\n<td>\n<p align=\"center\">70% mais relevantes<\/p>\n<\/td>\n<td>\n<p align=\"center\">53<\/p>\n<\/td>\n<\/tr>\n<tr>\n<td>\n<p align=\"center\">80% mais relevantes<\/p>\n<\/td>\n<td>\n<p align=\"center\">61<\/p>\n<\/td>\n<\/tr>\n<tr>\n<td>\n<p align=\"center\">90% mais relevantes<\/p>\n<\/td>\n<td>\n<p align=\"center\">71<\/p>\n<\/td>\n<\/tr>\n<\/tbody>\n<\/table>\n<p>&nbsp;<\/p>\n<\/div>\n","protected":false},"excerpt":{"rendered":"<p>A Universidade Federal do Vale do S\u00e3o Francisco (Univasf) possui 79 pesquisadores entre os cientistas mais citados do mundo, de acordo com o ranking AD Scientific Index 2024, sistema de classifica\u00e7\u00e3o baseado no desempenho individual e no impacto de suas produ\u00e7\u00f5es. O \u00edndice internacional leva em considera\u00e7\u00e3o cita\u00e7\u00f5es no Google Acad\u00eamico e trabalhos realizados pelos cientistas nos \u00faltimos seis anos. Os professores da Univasf s\u00e3o destaques nas \u00e1reas de Antropologia, Ecologia, Engenharias, Farm\u00e1cia, Educa\u00e7\u00e3o F\u00edsica, Medicina, Zootecnia, entre outras. O AD Scientific Index utiliza nove indicadores, dentre eles o h-index, que considera o n\u00famero de cita\u00e7\u00f5es recebidas pelas publica\u00e7\u00f5es, e o i10, que rastreia os artigos com dez ou mais cita\u00e7\u00f5es. Em 2024, o \u00cdndice Cient\u00edfico AD analisou 23.189 institui\u00e7\u00f5es&hellip; <\/p>\n","protected":false},"author":2,"featured_media":364361,"comment_status":"open","ping_status":"open","sticky":false,"template":"","format":"standard","meta":{"_acf_changed":false,"footnotes":""},"categories":[6,51],"tags":[],"class_list":["post-364360","post","type-post","status-publish","format-standard","has-post-thumbnail","hentry","category-educacao","category-pesquisa"],"acf":[],"yoast_head":"<!-- This site is optimized with the Yoast SEO plugin v27.4 - https:\/\/yoast.com\/product\/yoast-seo-wordpress\/ -->\n<title>79 pesquisadores da Univasf figuram em ranking de cientistas mais citados do mundo - Blog do Farn\u00e9sio<\/title>\n<meta name=\"robots\" content=\"index, follow, max-snippet:-1, max-image-preview:large, max-video-preview:-1\" \/>\n<link rel=\"canonical\" href=\"https:\/\/blogdofarnesio.com.br\/?p=364360\" \/>\n<meta property=\"og:locale\" content=\"pt_BR\" \/>\n<meta property=\"og:type\" content=\"article\" \/>\n<meta property=\"og:title\" content=\"79 pesquisadores da Univasf figuram em ranking de cientistas mais citados do mundo - Blog do Farn\u00e9sio\" \/>\n<meta property=\"og:description\" content=\"A Universidade Federal do Vale do S\u00e3o Francisco (Univasf) possui 79 pesquisadores entre os cientistas mais citados do mundo, de acordo com o ranking AD Scientific Index 2024, sistema de classifica\u00e7\u00e3o baseado no desempenho individual e no impacto de suas produ\u00e7\u00f5es. O \u00edndice internacional leva em considera\u00e7\u00e3o cita\u00e7\u00f5es no Google Acad\u00eamico e trabalhos realizados pelos cientistas nos \u00faltimos seis anos. Os professores da Univasf s\u00e3o destaques nas \u00e1reas de Antropologia, Ecologia, Engenharias, Farm\u00e1cia, Educa\u00e7\u00e3o F\u00edsica, Medicina, Zootecnia, entre outras. O AD Scientific Index utiliza nove indicadores, dentre eles o h-index, que considera o n\u00famero de cita\u00e7\u00f5es recebidas pelas publica\u00e7\u00f5es, e o i10, que rastreia os artigos com dez ou mais cita\u00e7\u00f5es. Em 2024, o \u00cdndice Cient\u00edfico AD analisou 23.189 institui\u00e7\u00f5es&hellip;\" \/>\n<meta property=\"og:url\" content=\"https:\/\/blogdofarnesio.com.br\/?p=364360\" \/>\n<meta property=\"og:site_name\" content=\"Blog do Farn\u00e9sio\" \/>\n<meta property=\"article:publisher\" content=\"https:\/\/www.facebook.com\/BlogQuerSaberPolitica\/\" \/>\n<meta property=\"article:author\" content=\"https:\/\/www.facebook.com\/?ref=tn_tnmn\" \/>\n<meta property=\"article:published_time\" content=\"2024-03-22T19:04:10+00:00\" \/>\n<meta property=\"og:image\" content=\"https:\/\/blogdofarnesio.com.br\/wp-content\/uploads\/2024\/03\/blogqspunivasf-Raquel-Aline-Oliveira-esta-entre-os-docentes-listados-no-Ranking-mundial-e1711121672794.jpeg\" \/>\n\t<meta property=\"og:image:width\" content=\"556\" \/>\n\t<meta property=\"og:image:height\" content=\"452\" \/>\n\t<meta property=\"og:image:type\" content=\"image\/jpeg\" \/>\n<meta name=\"author\" content=\"Farn\u00e9sio\" \/>\n<meta name=\"twitter:card\" content=\"summary_large_image\" \/>\n<meta name=\"twitter:label1\" content=\"Escrito por\" \/>\n\t<meta name=\"twitter:data1\" content=\"Farn\u00e9sio\" \/>\n\t<meta name=\"twitter:label2\" content=\"Est. tempo de leitura\" \/>\n\t<meta name=\"twitter:data2\" content=\"5 minutos\" \/>\n<script type=\"application\/ld+json\" class=\"yoast-schema-graph\">{\"@context\":\"https:\\\/\\\/schema.org\",\"@graph\":[{\"@type\":\"Article\",\"@id\":\"https:\\\/\\\/blogdofarnesio.com.br\\\/?p=364360#article\",\"isPartOf\":{\"@id\":\"https:\\\/\\\/blogdofarnesio.com.br\\\/?p=364360\"},\"author\":{\"name\":\"Farn\u00e9sio\",\"@id\":\"https:\\\/\\\/blogdofarnesio.com.br\\\/#\\\/schema\\\/person\\\/bb9b23ae3ad0609ce8df7b6c9e76824d\"},\"headline\":\"79 pesquisadores da Univasf figuram em ranking de cientistas mais citados do mundo\",\"datePublished\":\"2024-03-22T19:04:10+00:00\",\"mainEntityOfPage\":{\"@id\":\"https:\\\/\\\/blogdofarnesio.com.br\\\/?p=364360\"},\"wordCount\":737,\"commentCount\":0,\"publisher\":{\"@id\":\"https:\\\/\\\/blogdofarnesio.com.br\\\/#organization\"},\"image\":{\"@id\":\"https:\\\/\\\/blogdofarnesio.com.br\\\/?p=364360#primaryimage\"},\"thumbnailUrl\":\"https:\\\/\\\/blogdofarnesio.com.br\\\/wp-content\\\/uploads\\\/2024\\\/03\\\/blogqspunivasf-Raquel-Aline-Oliveira-esta-entre-os-docentes-listados-no-Ranking-mundial-e1711121672794.jpeg\",\"articleSection\":[\"Educa\u00e7\u00e3o\",\"Pesquisa\"],\"inLanguage\":\"pt-BR\",\"potentialAction\":[{\"@type\":\"CommentAction\",\"name\":\"Comment\",\"target\":[\"https:\\\/\\\/blogdofarnesio.com.br\\\/?p=364360#respond\"]}]},{\"@type\":\"WebPage\",\"@id\":\"https:\\\/\\\/blogdofarnesio.com.br\\\/?p=364360\",\"url\":\"https:\\\/\\\/blogdofarnesio.com.br\\\/?p=364360\",\"name\":\"79 pesquisadores da Univasf figuram em ranking de cientistas mais citados do mundo - Blog do Farn\u00e9sio\",\"isPartOf\":{\"@id\":\"https:\\\/\\\/blogdofarnesio.com.br\\\/#website\"},\"primaryImageOfPage\":{\"@id\":\"https:\\\/\\\/blogdofarnesio.com.br\\\/?p=364360#primaryimage\"},\"image\":{\"@id\":\"https:\\\/\\\/blogdofarnesio.com.br\\\/?p=364360#primaryimage\"},\"thumbnailUrl\":\"https:\\\/\\\/blogdofarnesio.com.br\\\/wp-content\\\/uploads\\\/2024\\\/03\\\/blogqspunivasf-Raquel-Aline-Oliveira-esta-entre-os-docentes-listados-no-Ranking-mundial-e1711121672794.jpeg\",\"datePublished\":\"2024-03-22T19:04:10+00:00\",\"breadcrumb\":{\"@id\":\"https:\\\/\\\/blogdofarnesio.com.br\\\/?p=364360#breadcrumb\"},\"inLanguage\":\"pt-BR\",\"potentialAction\":[{\"@type\":\"ReadAction\",\"target\":[\"https:\\\/\\\/blogdofarnesio.com.br\\\/?p=364360\"]}]},{\"@type\":\"ImageObject\",\"inLanguage\":\"pt-BR\",\"@id\":\"https:\\\/\\\/blogdofarnesio.com.br\\\/?p=364360#primaryimage\",\"url\":\"https:\\\/\\\/blogdofarnesio.com.br\\\/wp-content\\\/uploads\\\/2024\\\/03\\\/blogqspunivasf-Raquel-Aline-Oliveira-esta-entre-os-docentes-listados-no-Ranking-mundial-e1711121672794.jpeg\",\"contentUrl\":\"https:\\\/\\\/blogdofarnesio.com.br\\\/wp-content\\\/uploads\\\/2024\\\/03\\\/blogqspunivasf-Raquel-Aline-Oliveira-esta-entre-os-docentes-listados-no-Ranking-mundial-e1711121672794.jpeg\",\"width\":556,\"height\":452},{\"@type\":\"BreadcrumbList\",\"@id\":\"https:\\\/\\\/blogdofarnesio.com.br\\\/?p=364360#breadcrumb\",\"itemListElement\":[{\"@type\":\"ListItem\",\"position\":1,\"name\":\"In\u00edcio\",\"item\":\"https:\\\/\\\/blogdofarnesio.com.br\\\/\"},{\"@type\":\"ListItem\",\"position\":2,\"name\":\"79 pesquisadores da Univasf figuram em ranking de cientistas mais citados do mundo\"}]},{\"@type\":\"WebSite\",\"@id\":\"https:\\\/\\\/blogdofarnesio.com.br\\\/#website\",\"url\":\"https:\\\/\\\/blogdofarnesio.com.br\\\/\",\"name\":\"Blog do Farn\u00e9sio\",\"description\":\"Quer Saber Pol\u00edtica?\",\"publisher\":{\"@id\":\"https:\\\/\\\/blogdofarnesio.com.br\\\/#organization\"},\"potentialAction\":[{\"@type\":\"SearchAction\",\"target\":{\"@type\":\"EntryPoint\",\"urlTemplate\":\"https:\\\/\\\/blogdofarnesio.com.br\\\/?s={search_term_string}\"},\"query-input\":{\"@type\":\"PropertyValueSpecification\",\"valueRequired\":true,\"valueName\":\"search_term_string\"}}],\"inLanguage\":\"pt-BR\"},{\"@type\":\"Organization\",\"@id\":\"https:\\\/\\\/blogdofarnesio.com.br\\\/#organization\",\"name\":\"Blog do Farn\u00e9sio\",\"url\":\"https:\\\/\\\/blogdofarnesio.com.br\\\/\",\"logo\":{\"@type\":\"ImageObject\",\"inLanguage\":\"pt-BR\",\"@id\":\"https:\\\/\\\/blogdofarnesio.com.br\\\/#\\\/schema\\\/logo\\\/image\\\/\",\"url\":\"https:\\\/\\\/blogdofarnesio.com.br\\\/wp-content\\\/uploads\\\/2026\\\/03\\\/cropped-logo_new-1.png\",\"contentUrl\":\"https:\\\/\\\/blogdofarnesio.com.br\\\/wp-content\\\/uploads\\\/2026\\\/03\\\/cropped-logo_new-1.png\",\"width\":881,\"height\":685,\"caption\":\"Blog do Farn\u00e9sio\"},\"image\":{\"@id\":\"https:\\\/\\\/blogdofarnesio.com.br\\\/#\\\/schema\\\/logo\\\/image\\\/\"},\"sameAs\":[\"https:\\\/\\\/www.facebook.com\\\/BlogQuerSaberPolitica\\\/\"]},{\"@type\":\"Person\",\"@id\":\"https:\\\/\\\/blogdofarnesio.com.br\\\/#\\\/schema\\\/person\\\/bb9b23ae3ad0609ce8df7b6c9e76824d\",\"name\":\"Farn\u00e9sio\",\"image\":{\"@type\":\"ImageObject\",\"inLanguage\":\"pt-BR\",\"@id\":\"https:\\\/\\\/secure.gravatar.com\\\/avatar\\\/986aa4c61ccdb66f8555bf88fc2a65609d00bcabd4d2d94377a727547345cbca?s=96&d=mm&r=g\",\"url\":\"https:\\\/\\\/secure.gravatar.com\\\/avatar\\\/986aa4c61ccdb66f8555bf88fc2a65609d00bcabd4d2d94377a727547345cbca?s=96&d=mm&r=g\",\"contentUrl\":\"https:\\\/\\\/secure.gravatar.com\\\/avatar\\\/986aa4c61ccdb66f8555bf88fc2a65609d00bcabd4d2d94377a727547345cbca?s=96&d=mm&r=g\",\"caption\":\"Farn\u00e9sio\"},\"description\":\"Radialista blogueiro, chegou a Petrolina\\\/Juazeiro em setembro de 1980, Farn\u00e9sio Silva \u00e9 de Arapiraca-Alagoas.\",\"sameAs\":[\"http:\\\/\\\/blogdofarnesio.com.br\",\"https:\\\/\\\/www.facebook.com\\\/?ref=tn_tnmn\",\"https:\\\/\\\/www.instagram.com\\\/?utm_source=pwa_homescreen\",\"https:\\\/\\\/youtube.com.br\\\/\"],\"url\":\"https:\\\/\\\/blogdofarnesio.com.br\\\/?author=2\"}]}<\/script>\n<!-- \/ Yoast SEO plugin. -->","yoast_head_json":{"title":"79 pesquisadores da Univasf figuram em ranking de cientistas mais citados do mundo - Blog do Farn\u00e9sio","robots":{"index":"index","follow":"follow","max-snippet":"max-snippet:-1","max-image-preview":"max-image-preview:large","max-video-preview":"max-video-preview:-1"},"canonical":"https:\/\/blogdofarnesio.com.br\/?p=364360","og_locale":"pt_BR","og_type":"article","og_title":"79 pesquisadores da Univasf figuram em ranking de cientistas mais citados do mundo - Blog do Farn\u00e9sio","og_description":"A Universidade Federal do Vale do S\u00e3o Francisco (Univasf) possui 79 pesquisadores entre os cientistas mais citados do mundo, de acordo com o ranking AD Scientific Index 2024, sistema de classifica\u00e7\u00e3o baseado no desempenho individual e no impacto de suas produ\u00e7\u00f5es. O \u00edndice internacional leva em considera\u00e7\u00e3o cita\u00e7\u00f5es no Google Acad\u00eamico e trabalhos realizados pelos cientistas nos \u00faltimos seis anos. Os professores da Univasf s\u00e3o destaques nas \u00e1reas de Antropologia, Ecologia, Engenharias, Farm\u00e1cia, Educa\u00e7\u00e3o F\u00edsica, Medicina, Zootecnia, entre outras. O AD Scientific Index utiliza nove indicadores, dentre eles o h-index, que considera o n\u00famero de cita\u00e7\u00f5es recebidas pelas publica\u00e7\u00f5es, e o i10, que rastreia os artigos com dez ou mais cita\u00e7\u00f5es. Em 2024, o \u00cdndice Cient\u00edfico AD analisou 23.189 institui\u00e7\u00f5es&hellip;","og_url":"https:\/\/blogdofarnesio.com.br\/?p=364360","og_site_name":"Blog do Farn\u00e9sio","article_publisher":"https:\/\/www.facebook.com\/BlogQuerSaberPolitica\/","article_author":"https:\/\/www.facebook.com\/?ref=tn_tnmn","article_published_time":"2024-03-22T19:04:10+00:00","og_image":[{"width":556,"height":452,"url":"https:\/\/blogdofarnesio.com.br\/wp-content\/uploads\/2024\/03\/blogqspunivasf-Raquel-Aline-Oliveira-esta-entre-os-docentes-listados-no-Ranking-mundial-e1711121672794.jpeg","type":"image\/jpeg"}],"author":"Farn\u00e9sio","twitter_card":"summary_large_image","twitter_misc":{"Escrito por":"Farn\u00e9sio","Est. tempo de leitura":"5 minutos"},"schema":{"@context":"https:\/\/schema.org","@graph":[{"@type":"Article","@id":"https:\/\/blogdofarnesio.com.br\/?p=364360#article","isPartOf":{"@id":"https:\/\/blogdofarnesio.com.br\/?p=364360"},"author":{"name":"Farn\u00e9sio","@id":"https:\/\/blogdofarnesio.com.br\/#\/schema\/person\/bb9b23ae3ad0609ce8df7b6c9e76824d"},"headline":"79 pesquisadores da Univasf figuram em ranking de cientistas mais citados do mundo","datePublished":"2024-03-22T19:04:10+00:00","mainEntityOfPage":{"@id":"https:\/\/blogdofarnesio.com.br\/?p=364360"},"wordCount":737,"commentCount":0,"publisher":{"@id":"https:\/\/blogdofarnesio.com.br\/#organization"},"image":{"@id":"https:\/\/blogdofarnesio.com.br\/?p=364360#primaryimage"},"thumbnailUrl":"https:\/\/blogdofarnesio.com.br\/wp-content\/uploads\/2024\/03\/blogqspunivasf-Raquel-Aline-Oliveira-esta-entre-os-docentes-listados-no-Ranking-mundial-e1711121672794.jpeg","articleSection":["Educa\u00e7\u00e3o","Pesquisa"],"inLanguage":"pt-BR","potentialAction":[{"@type":"CommentAction","name":"Comment","target":["https:\/\/blogdofarnesio.com.br\/?p=364360#respond"]}]},{"@type":"WebPage","@id":"https:\/\/blogdofarnesio.com.br\/?p=364360","url":"https:\/\/blogdofarnesio.com.br\/?p=364360","name":"79 pesquisadores da Univasf figuram em ranking de cientistas mais citados do mundo - Blog do Farn\u00e9sio","isPartOf":{"@id":"https:\/\/blogdofarnesio.com.br\/#website"},"primaryImageOfPage":{"@id":"https:\/\/blogdofarnesio.com.br\/?p=364360#primaryimage"},"image":{"@id":"https:\/\/blogdofarnesio.com.br\/?p=364360#primaryimage"},"thumbnailUrl":"https:\/\/blogdofarnesio.com.br\/wp-content\/uploads\/2024\/03\/blogqspunivasf-Raquel-Aline-Oliveira-esta-entre-os-docentes-listados-no-Ranking-mundial-e1711121672794.jpeg","datePublished":"2024-03-22T19:04:10+00:00","breadcrumb":{"@id":"https:\/\/blogdofarnesio.com.br\/?p=364360#breadcrumb"},"inLanguage":"pt-BR","potentialAction":[{"@type":"ReadAction","target":["https:\/\/blogdofarnesio.com.br\/?p=364360"]}]},{"@type":"ImageObject","inLanguage":"pt-BR","@id":"https:\/\/blogdofarnesio.com.br\/?p=364360#primaryimage","url":"https:\/\/blogdofarnesio.com.br\/wp-content\/uploads\/2024\/03\/blogqspunivasf-Raquel-Aline-Oliveira-esta-entre-os-docentes-listados-no-Ranking-mundial-e1711121672794.jpeg","contentUrl":"https:\/\/blogdofarnesio.com.br\/wp-content\/uploads\/2024\/03\/blogqspunivasf-Raquel-Aline-Oliveira-esta-entre-os-docentes-listados-no-Ranking-mundial-e1711121672794.jpeg","width":556,"height":452},{"@type":"BreadcrumbList","@id":"https:\/\/blogdofarnesio.com.br\/?p=364360#breadcrumb","itemListElement":[{"@type":"ListItem","position":1,"name":"In\u00edcio","item":"https:\/\/blogdofarnesio.com.br\/"},{"@type":"ListItem","position":2,"name":"79 pesquisadores da Univasf figuram em ranking de cientistas mais citados do mundo"}]},{"@type":"WebSite","@id":"https:\/\/blogdofarnesio.com.br\/#website","url":"https:\/\/blogdofarnesio.com.br\/","name":"Blog do Farn\u00e9sio","description":"Quer Saber Pol\u00edtica?","publisher":{"@id":"https:\/\/blogdofarnesio.com.br\/#organization"},"potentialAction":[{"@type":"SearchAction","target":{"@type":"EntryPoint","urlTemplate":"https:\/\/blogdofarnesio.com.br\/?s={search_term_string}"},"query-input":{"@type":"PropertyValueSpecification","valueRequired":true,"valueName":"search_term_string"}}],"inLanguage":"pt-BR"},{"@type":"Organization","@id":"https:\/\/blogdofarnesio.com.br\/#organization","name":"Blog do Farn\u00e9sio","url":"https:\/\/blogdofarnesio.com.br\/","logo":{"@type":"ImageObject","inLanguage":"pt-BR","@id":"https:\/\/blogdofarnesio.com.br\/#\/schema\/logo\/image\/","url":"https:\/\/blogdofarnesio.com.br\/wp-content\/uploads\/2026\/03\/cropped-logo_new-1.png","contentUrl":"https:\/\/blogdofarnesio.com.br\/wp-content\/uploads\/2026\/03\/cropped-logo_new-1.png","width":881,"height":685,"caption":"Blog do Farn\u00e9sio"},"image":{"@id":"https:\/\/blogdofarnesio.com.br\/#\/schema\/logo\/image\/"},"sameAs":["https:\/\/www.facebook.com\/BlogQuerSaberPolitica\/"]},{"@type":"Person","@id":"https:\/\/blogdofarnesio.com.br\/#\/schema\/person\/bb9b23ae3ad0609ce8df7b6c9e76824d","name":"Farn\u00e9sio","image":{"@type":"ImageObject","inLanguage":"pt-BR","@id":"https:\/\/secure.gravatar.com\/avatar\/986aa4c61ccdb66f8555bf88fc2a65609d00bcabd4d2d94377a727547345cbca?s=96&d=mm&r=g","url":"https:\/\/secure.gravatar.com\/avatar\/986aa4c61ccdb66f8555bf88fc2a65609d00bcabd4d2d94377a727547345cbca?s=96&d=mm&r=g","contentUrl":"https:\/\/secure.gravatar.com\/avatar\/986aa4c61ccdb66f8555bf88fc2a65609d00bcabd4d2d94377a727547345cbca?s=96&d=mm&r=g","caption":"Farn\u00e9sio"},"description":"Radialista blogueiro, chegou a Petrolina\/Juazeiro em setembro de 1980, Farn\u00e9sio Silva \u00e9 de Arapiraca-Alagoas.","sameAs":["http:\/\/blogdofarnesio.com.br","https:\/\/www.facebook.com\/?ref=tn_tnmn","https:\/\/www.instagram.com\/?utm_source=pwa_homescreen","https:\/\/youtube.com.br\/"],"url":"https:\/\/blogdofarnesio.com.br\/?author=2"}]}},"_links":{"self":[{"href":"https:\/\/blogdofarnesio.com.br\/index.php?rest_route=\/wp\/v2\/posts\/364360","targetHints":{"allow":["GET"]}}],"collection":[{"href":"https:\/\/blogdofarnesio.com.br\/index.php?rest_route=\/wp\/v2\/posts"}],"about":[{"href":"https:\/\/blogdofarnesio.com.br\/index.php?rest_route=\/wp\/v2\/types\/post"}],"author":[{"embeddable":true,"href":"https:\/\/blogdofarnesio.com.br\/index.php?rest_route=\/wp\/v2\/users\/2"}],"replies":[{"embeddable":true,"href":"https:\/\/blogdofarnesio.com.br\/index.php?rest_route=%2Fwp%2Fv2%2Fcomments&post=364360"}],"version-history":[{"count":0,"href":"https:\/\/blogdofarnesio.com.br\/index.php?rest_route=\/wp\/v2\/posts\/364360\/revisions"}],"wp:featuredmedia":[{"embeddable":true,"href":"https:\/\/blogdofarnesio.com.br\/index.php?rest_route=\/wp\/v2\/media\/364361"}],"wp:attachment":[{"href":"https:\/\/blogdofarnesio.com.br\/index.php?rest_route=%2Fwp%2Fv2%2Fmedia&parent=364360"}],"wp:term":[{"taxonomy":"category","embeddable":true,"href":"https:\/\/blogdofarnesio.com.br\/index.php?rest_route=%2Fwp%2Fv2%2Fcategories&post=364360"},{"taxonomy":"post_tag","embeddable":true,"href":"https:\/\/blogdofarnesio.com.br\/index.php?rest_route=%2Fwp%2Fv2%2Ftags&post=364360"}],"curies":[{"name":"wp","href":"https:\/\/api.w.org\/{rel}","templated":true}]}}