{"id":364355,"date":"2024-03-22T13:30:13","date_gmt":"2024-03-22T16:30:13","guid":{"rendered":"https:\/\/blogdofarnesio.com.br\/?p=364355"},"modified":"2024-03-22T11:41:41","modified_gmt":"2024-03-22T14:41:41","slug":"nesta-sexta-22-dia-mundial-da-agua-governador-lanca-edital-de-requalificacao-do-parque-do-abaete","status":"publish","type":"post","link":"https:\/\/blogdofarnesio.com.br\/?p=364355","title":{"rendered":"Nesta sexta (22), Dia Mundial da \u00c1gua, governador lan\u00e7a edital de requalifica\u00e7\u00e3o do Parque do Abaet\u00e9"},"content":{"rendered":"<p>O governador Jer\u00f4nimo Rodrigues anunciou nesta sexta-feira (22)*, Dia Mundial da \u00c1gua, o lan\u00e7amento do edital de requalifica\u00e7\u00e3o do Parque Metropolitano do Abaet\u00e9 e outras medidas que v\u00e3o proporcionar benef\u00edcios sociais e econ\u00f4micos para as comunidades local e do seu entorno.<\/p>\n<p>Uma das principais iniciativas previstas \u00e9 a reforma do Centro de Atividades do Parque do Abaet\u00e9, a primeira em 30 anos, desde a sua inaugura\u00e7\u00e3o.<\/p>\n<p><img loading=\"lazy\" decoding=\"async\" class=\"aligncenter wp-image-364358 size-full\" src=\"https:\/\/blogdofarnesio.com.br\/wp-content\/uploads\/2024\/03\/blogqspsalvador-lagoa-do-abaete-e1711118416120.webp\" alt=\"\" width=\"600\" height=\"400\" \/><\/p>\n<p>Tamb\u00e9m ser\u00e3o autorizadas a requalifica\u00e7\u00e3o da Casa da M\u00fasica do Abaet\u00e9 e a publica\u00e7\u00e3o do edital Bahia Sem Fome: \u00c1gua para Produ\u00e7\u00e3o de Alimentos e Dessedenta\u00e7\u00e3o Animal.<\/p>\n<p>As a\u00e7\u00f5es ser\u00e3o realizadas atrav\u00e9s de uma parceria entre a Secretaria de Meio Ambiente (Sema) e a Companhia de Desenvolvimento Urbano do Estado da Bahia (Conder), vinculada \u00e0 Secretaria de Desenvolvimento Urbano do Estado (Sedur).<\/p>\n","protected":false},"excerpt":{"rendered":"<p>O governador Jer\u00f4nimo Rodrigues anunciou nesta sexta-feira (22)*, Dia Mundial da \u00c1gua, o lan\u00e7amento do edital de requalifica\u00e7\u00e3o do Parque Metropolitano do Abaet\u00e9 e outras medidas que v\u00e3o proporcionar benef\u00edcios sociais e econ\u00f4micos para as comunidades local e do seu entorno. Uma das principais iniciativas previstas \u00e9 a reforma do Centro de Atividades do Parque do Abaet\u00e9, a primeira em 30 anos, desde a sua inaugura\u00e7\u00e3o. Tamb\u00e9m ser\u00e3o autorizadas a requalifica\u00e7\u00e3o da Casa da M\u00fasica do Abaet\u00e9 e a publica\u00e7\u00e3o do edital Bahia Sem Fome: \u00c1gua para Produ\u00e7\u00e3o de Alimentos e Dessedenta\u00e7\u00e3o Animal. As a\u00e7\u00f5es ser\u00e3o realizadas atrav\u00e9s de uma parceria entre a Secretaria de Meio Ambiente (Sema) e a Companhia de Desenvolvimento Urbano do Estado da Bahia (Conder), vinculada&hellip; <\/p>\n","protected":false},"author":2,"featured_media":364357,"comment_status":"open","ping_status":"open","sticky":false,"template":"","format":"standard","meta":{"_acf_changed":false,"footnotes":""},"categories":[44,11],"tags":[],"class_list":["post-364355","post","type-post","status-publish","format-standard","has-post-thumbnail","hentry","category-administracao","category-turismo"],"acf":[],"yoast_head":"<!-- This site is optimized with the Yoast SEO plugin v27.4 - https:\/\/yoast.com\/product\/yoast-seo-wordpress\/ -->\n<title>Nesta sexta (22), Dia Mundial da \u00c1gua, governador lan\u00e7a edital de requalifica\u00e7\u00e3o do Parque do Abaet\u00e9 - Blog do Farn\u00e9sio<\/title>\n<meta name=\"robots\" content=\"index, follow, max-snippet:-1, max-image-preview:large, max-video-preview:-1\" \/>\n<link rel=\"canonical\" href=\"https:\/\/blogdofarnesio.com.br\/?p=364355\" \/>\n<meta property=\"og:locale\" content=\"pt_BR\" \/>\n<meta property=\"og:type\" content=\"article\" \/>\n<meta property=\"og:title\" content=\"Nesta sexta (22), Dia Mundial da \u00c1gua, governador lan\u00e7a edital de requalifica\u00e7\u00e3o do Parque do Abaet\u00e9 - Blog do Farn\u00e9sio\" \/>\n<meta property=\"og:description\" content=\"O governador Jer\u00f4nimo Rodrigues anunciou nesta sexta-feira (22)*, Dia Mundial da \u00c1gua, o lan\u00e7amento do edital de requalifica\u00e7\u00e3o do Parque Metropolitano do Abaet\u00e9 e outras medidas que v\u00e3o proporcionar benef\u00edcios sociais e econ\u00f4micos para as comunidades local e do seu entorno. Uma das principais iniciativas previstas \u00e9 a reforma do Centro de Atividades do Parque do Abaet\u00e9, a primeira em 30 anos, desde a sua inaugura\u00e7\u00e3o. Tamb\u00e9m ser\u00e3o autorizadas a requalifica\u00e7\u00e3o da Casa da M\u00fasica do Abaet\u00e9 e a publica\u00e7\u00e3o do edital Bahia Sem Fome: \u00c1gua para Produ\u00e7\u00e3o de Alimentos e Dessedenta\u00e7\u00e3o Animal. As a\u00e7\u00f5es ser\u00e3o realizadas atrav\u00e9s de uma parceria entre a Secretaria de Meio Ambiente (Sema) e a Companhia de Desenvolvimento Urbano do Estado da Bahia (Conder), vinculada&hellip;\" \/>\n<meta property=\"og:url\" content=\"https:\/\/blogdofarnesio.com.br\/?p=364355\" \/>\n<meta property=\"og:site_name\" content=\"Blog do Farn\u00e9sio\" \/>\n<meta property=\"article:publisher\" content=\"https:\/\/www.facebook.com\/BlogQuerSaberPolitica\/\" \/>\n<meta property=\"article:author\" content=\"https:\/\/www.facebook.com\/?ref=tn_tnmn\" \/>\n<meta property=\"article:published_time\" content=\"2024-03-22T16:30:13+00:00\" \/>\n<meta property=\"og:image\" content=\"https:\/\/blogdofarnesio.com.br\/wp-content\/uploads\/2024\/03\/blogqspsalvador-abaete.jpg\" \/>\n\t<meta property=\"og:image:width\" content=\"537\" \/>\n\t<meta property=\"og:image:height\" content=\"363\" \/>\n\t<meta property=\"og:image:type\" content=\"image\/jpeg\" \/>\n<meta name=\"author\" content=\"Farn\u00e9sio\" \/>\n<meta name=\"twitter:card\" content=\"summary_large_image\" \/>\n<meta name=\"twitter:label1\" content=\"Escrito por\" \/>\n\t<meta name=\"twitter:data1\" content=\"Farn\u00e9sio\" \/>\n\t<meta name=\"twitter:label2\" content=\"Est. tempo de leitura\" \/>\n\t<meta name=\"twitter:data2\" content=\"2 minutos\" \/>\n<script type=\"application\/ld+json\" class=\"yoast-schema-graph\">{\"@context\":\"https:\\\/\\\/schema.org\",\"@graph\":[{\"@type\":\"Article\",\"@id\":\"https:\\\/\\\/blogdofarnesio.com.br\\\/?p=364355#article\",\"isPartOf\":{\"@id\":\"https:\\\/\\\/blogdofarnesio.com.br\\\/?p=364355\"},\"author\":{\"name\":\"Farn\u00e9sio\",\"@id\":\"https:\\\/\\\/blogdofarnesio.com.br\\\/#\\\/schema\\\/person\\\/bb9b23ae3ad0609ce8df7b6c9e76824d\"},\"headline\":\"Nesta sexta (22), Dia Mundial da \u00c1gua, governador lan\u00e7a edital de requalifica\u00e7\u00e3o do Parque do Abaet\u00e9\",\"datePublished\":\"2024-03-22T16:30:13+00:00\",\"mainEntityOfPage\":{\"@id\":\"https:\\\/\\\/blogdofarnesio.com.br\\\/?p=364355\"},\"wordCount\":158,\"commentCount\":0,\"publisher\":{\"@id\":\"https:\\\/\\\/blogdofarnesio.com.br\\\/#organization\"},\"image\":{\"@id\":\"https:\\\/\\\/blogdofarnesio.com.br\\\/?p=364355#primaryimage\"},\"thumbnailUrl\":\"https:\\\/\\\/blogdofarnesio.com.br\\\/wp-content\\\/uploads\\\/2024\\\/03\\\/blogqspsalvador-abaete.jpg\",\"articleSection\":[\"Administra\u00e7\u00e3o\",\"Turismo\"],\"inLanguage\":\"pt-BR\",\"potentialAction\":[{\"@type\":\"CommentAction\",\"name\":\"Comment\",\"target\":[\"https:\\\/\\\/blogdofarnesio.com.br\\\/?p=364355#respond\"]}]},{\"@type\":\"WebPage\",\"@id\":\"https:\\\/\\\/blogdofarnesio.com.br\\\/?p=364355\",\"url\":\"https:\\\/\\\/blogdofarnesio.com.br\\\/?p=364355\",\"name\":\"Nesta sexta (22), Dia Mundial da \u00c1gua, governador lan\u00e7a edital de requalifica\u00e7\u00e3o do Parque do Abaet\u00e9 - Blog do Farn\u00e9sio\",\"isPartOf\":{\"@id\":\"https:\\\/\\\/blogdofarnesio.com.br\\\/#website\"},\"primaryImageOfPage\":{\"@id\":\"https:\\\/\\\/blogdofarnesio.com.br\\\/?p=364355#primaryimage\"},\"image\":{\"@id\":\"https:\\\/\\\/blogdofarnesio.com.br\\\/?p=364355#primaryimage\"},\"thumbnailUrl\":\"https:\\\/\\\/blogdofarnesio.com.br\\\/wp-content\\\/uploads\\\/2024\\\/03\\\/blogqspsalvador-abaete.jpg\",\"datePublished\":\"2024-03-22T16:30:13+00:00\",\"breadcrumb\":{\"@id\":\"https:\\\/\\\/blogdofarnesio.com.br\\\/?p=364355#breadcrumb\"},\"inLanguage\":\"pt-BR\",\"potentialAction\":[{\"@type\":\"ReadAction\",\"target\":[\"https:\\\/\\\/blogdofarnesio.com.br\\\/?p=364355\"]}]},{\"@type\":\"ImageObject\",\"inLanguage\":\"pt-BR\",\"@id\":\"https:\\\/\\\/blogdofarnesio.com.br\\\/?p=364355#primaryimage\",\"url\":\"https:\\\/\\\/blogdofarnesio.com.br\\\/wp-content\\\/uploads\\\/2024\\\/03\\\/blogqspsalvador-abaete.jpg\",\"contentUrl\":\"https:\\\/\\\/blogdofarnesio.com.br\\\/wp-content\\\/uploads\\\/2024\\\/03\\\/blogqspsalvador-abaete.jpg\",\"width\":537,\"height\":363,\"caption\":\"Lagoa do Abaet\u00e9 - Salvador\"},{\"@type\":\"BreadcrumbList\",\"@id\":\"https:\\\/\\\/blogdofarnesio.com.br\\\/?p=364355#breadcrumb\",\"itemListElement\":[{\"@type\":\"ListItem\",\"position\":1,\"name\":\"In\u00edcio\",\"item\":\"https:\\\/\\\/blogdofarnesio.com.br\\\/\"},{\"@type\":\"ListItem\",\"position\":2,\"name\":\"Nesta sexta (22), Dia Mundial da \u00c1gua, governador lan\u00e7a edital de requalifica\u00e7\u00e3o do Parque do Abaet\u00e9\"}]},{\"@type\":\"WebSite\",\"@id\":\"https:\\\/\\\/blogdofarnesio.com.br\\\/#website\",\"url\":\"https:\\\/\\\/blogdofarnesio.com.br\\\/\",\"name\":\"Blog do Farn\u00e9sio\",\"description\":\"Quer Saber Pol\u00edtica?\",\"publisher\":{\"@id\":\"https:\\\/\\\/blogdofarnesio.com.br\\\/#organization\"},\"potentialAction\":[{\"@type\":\"SearchAction\",\"target\":{\"@type\":\"EntryPoint\",\"urlTemplate\":\"https:\\\/\\\/blogdofarnesio.com.br\\\/?s={search_term_string}\"},\"query-input\":{\"@type\":\"PropertyValueSpecification\",\"valueRequired\":true,\"valueName\":\"search_term_string\"}}],\"inLanguage\":\"pt-BR\"},{\"@type\":\"Organization\",\"@id\":\"https:\\\/\\\/blogdofarnesio.com.br\\\/#organization\",\"name\":\"Blog do Farn\u00e9sio\",\"url\":\"https:\\\/\\\/blogdofarnesio.com.br\\\/\",\"logo\":{\"@type\":\"ImageObject\",\"inLanguage\":\"pt-BR\",\"@id\":\"https:\\\/\\\/blogdofarnesio.com.br\\\/#\\\/schema\\\/logo\\\/image\\\/\",\"url\":\"https:\\\/\\\/blogdofarnesio.com.br\\\/wp-content\\\/uploads\\\/2026\\\/03\\\/cropped-logo_new-1.png\",\"contentUrl\":\"https:\\\/\\\/blogdofarnesio.com.br\\\/wp-content\\\/uploads\\\/2026\\\/03\\\/cropped-logo_new-1.png\",\"width\":881,\"height\":685,\"caption\":\"Blog do Farn\u00e9sio\"},\"image\":{\"@id\":\"https:\\\/\\\/blogdofarnesio.com.br\\\/#\\\/schema\\\/logo\\\/image\\\/\"},\"sameAs\":[\"https:\\\/\\\/www.facebook.com\\\/BlogQuerSaberPolitica\\\/\"]},{\"@type\":\"Person\",\"@id\":\"https:\\\/\\\/blogdofarnesio.com.br\\\/#\\\/schema\\\/person\\\/bb9b23ae3ad0609ce8df7b6c9e76824d\",\"name\":\"Farn\u00e9sio\",\"image\":{\"@type\":\"ImageObject\",\"inLanguage\":\"pt-BR\",\"@id\":\"https:\\\/\\\/secure.gravatar.com\\\/avatar\\\/986aa4c61ccdb66f8555bf88fc2a65609d00bcabd4d2d94377a727547345cbca?s=96&d=mm&r=g\",\"url\":\"https:\\\/\\\/secure.gravatar.com\\\/avatar\\\/986aa4c61ccdb66f8555bf88fc2a65609d00bcabd4d2d94377a727547345cbca?s=96&d=mm&r=g\",\"contentUrl\":\"https:\\\/\\\/secure.gravatar.com\\\/avatar\\\/986aa4c61ccdb66f8555bf88fc2a65609d00bcabd4d2d94377a727547345cbca?s=96&d=mm&r=g\",\"caption\":\"Farn\u00e9sio\"},\"description\":\"Radialista blogueiro, chegou a Petrolina\\\/Juazeiro em setembro de 1980, Farn\u00e9sio Silva \u00e9 de Arapiraca-Alagoas.\",\"sameAs\":[\"http:\\\/\\\/blogdofarnesio.com.br\",\"https:\\\/\\\/www.facebook.com\\\/?ref=tn_tnmn\",\"https:\\\/\\\/www.instagram.com\\\/?utm_source=pwa_homescreen\",\"https:\\\/\\\/youtube.com.br\\\/\"],\"url\":\"https:\\\/\\\/blogdofarnesio.com.br\\\/?author=2\"}]}<\/script>\n<!-- \/ Yoast SEO plugin. -->","yoast_head_json":{"title":"Nesta sexta (22), Dia Mundial da \u00c1gua, governador lan\u00e7a edital de requalifica\u00e7\u00e3o do Parque do Abaet\u00e9 - Blog do Farn\u00e9sio","robots":{"index":"index","follow":"follow","max-snippet":"max-snippet:-1","max-image-preview":"max-image-preview:large","max-video-preview":"max-video-preview:-1"},"canonical":"https:\/\/blogdofarnesio.com.br\/?p=364355","og_locale":"pt_BR","og_type":"article","og_title":"Nesta sexta (22), Dia Mundial da \u00c1gua, governador lan\u00e7a edital de requalifica\u00e7\u00e3o do Parque do Abaet\u00e9 - Blog do Farn\u00e9sio","og_description":"O governador Jer\u00f4nimo Rodrigues anunciou nesta sexta-feira (22)*, Dia Mundial da \u00c1gua, o lan\u00e7amento do edital de requalifica\u00e7\u00e3o do Parque Metropolitano do Abaet\u00e9 e outras medidas que v\u00e3o proporcionar benef\u00edcios sociais e econ\u00f4micos para as comunidades local e do seu entorno. Uma das principais iniciativas previstas \u00e9 a reforma do Centro de Atividades do Parque do Abaet\u00e9, a primeira em 30 anos, desde a sua inaugura\u00e7\u00e3o. Tamb\u00e9m ser\u00e3o autorizadas a requalifica\u00e7\u00e3o da Casa da M\u00fasica do Abaet\u00e9 e a publica\u00e7\u00e3o do edital Bahia Sem Fome: \u00c1gua para Produ\u00e7\u00e3o de Alimentos e Dessedenta\u00e7\u00e3o Animal. As a\u00e7\u00f5es ser\u00e3o realizadas atrav\u00e9s de uma parceria entre a Secretaria de Meio Ambiente (Sema) e a Companhia de Desenvolvimento Urbano do Estado da Bahia (Conder), vinculada&hellip;","og_url":"https:\/\/blogdofarnesio.com.br\/?p=364355","og_site_name":"Blog do Farn\u00e9sio","article_publisher":"https:\/\/www.facebook.com\/BlogQuerSaberPolitica\/","article_author":"https:\/\/www.facebook.com\/?ref=tn_tnmn","article_published_time":"2024-03-22T16:30:13+00:00","og_image":[{"width":537,"height":363,"url":"https:\/\/blogdofarnesio.com.br\/wp-content\/uploads\/2024\/03\/blogqspsalvador-abaete.jpg","type":"image\/jpeg"}],"author":"Farn\u00e9sio","twitter_card":"summary_large_image","twitter_misc":{"Escrito por":"Farn\u00e9sio","Est. tempo de leitura":"2 minutos"},"schema":{"@context":"https:\/\/schema.org","@graph":[{"@type":"Article","@id":"https:\/\/blogdofarnesio.com.br\/?p=364355#article","isPartOf":{"@id":"https:\/\/blogdofarnesio.com.br\/?p=364355"},"author":{"name":"Farn\u00e9sio","@id":"https:\/\/blogdofarnesio.com.br\/#\/schema\/person\/bb9b23ae3ad0609ce8df7b6c9e76824d"},"headline":"Nesta sexta (22), Dia Mundial da \u00c1gua, governador lan\u00e7a edital de requalifica\u00e7\u00e3o do Parque do Abaet\u00e9","datePublished":"2024-03-22T16:30:13+00:00","mainEntityOfPage":{"@id":"https:\/\/blogdofarnesio.com.br\/?p=364355"},"wordCount":158,"commentCount":0,"publisher":{"@id":"https:\/\/blogdofarnesio.com.br\/#organization"},"image":{"@id":"https:\/\/blogdofarnesio.com.br\/?p=364355#primaryimage"},"thumbnailUrl":"https:\/\/blogdofarnesio.com.br\/wp-content\/uploads\/2024\/03\/blogqspsalvador-abaete.jpg","articleSection":["Administra\u00e7\u00e3o","Turismo"],"inLanguage":"pt-BR","potentialAction":[{"@type":"CommentAction","name":"Comment","target":["https:\/\/blogdofarnesio.com.br\/?p=364355#respond"]}]},{"@type":"WebPage","@id":"https:\/\/blogdofarnesio.com.br\/?p=364355","url":"https:\/\/blogdofarnesio.com.br\/?p=364355","name":"Nesta sexta (22), Dia Mundial da \u00c1gua, governador lan\u00e7a edital de requalifica\u00e7\u00e3o do Parque do Abaet\u00e9 - Blog do Farn\u00e9sio","isPartOf":{"@id":"https:\/\/blogdofarnesio.com.br\/#website"},"primaryImageOfPage":{"@id":"https:\/\/blogdofarnesio.com.br\/?p=364355#primaryimage"},"image":{"@id":"https:\/\/blogdofarnesio.com.br\/?p=364355#primaryimage"},"thumbnailUrl":"https:\/\/blogdofarnesio.com.br\/wp-content\/uploads\/2024\/03\/blogqspsalvador-abaete.jpg","datePublished":"2024-03-22T16:30:13+00:00","breadcrumb":{"@id":"https:\/\/blogdofarnesio.com.br\/?p=364355#breadcrumb"},"inLanguage":"pt-BR","potentialAction":[{"@type":"ReadAction","target":["https:\/\/blogdofarnesio.com.br\/?p=364355"]}]},{"@type":"ImageObject","inLanguage":"pt-BR","@id":"https:\/\/blogdofarnesio.com.br\/?p=364355#primaryimage","url":"https:\/\/blogdofarnesio.com.br\/wp-content\/uploads\/2024\/03\/blogqspsalvador-abaete.jpg","contentUrl":"https:\/\/blogdofarnesio.com.br\/wp-content\/uploads\/2024\/03\/blogqspsalvador-abaete.jpg","width":537,"height":363,"caption":"Lagoa do Abaet\u00e9 - Salvador"},{"@type":"BreadcrumbList","@id":"https:\/\/blogdofarnesio.com.br\/?p=364355#breadcrumb","itemListElement":[{"@type":"ListItem","position":1,"name":"In\u00edcio","item":"https:\/\/blogdofarnesio.com.br\/"},{"@type":"ListItem","position":2,"name":"Nesta sexta (22), Dia Mundial da \u00c1gua, governador lan\u00e7a edital de requalifica\u00e7\u00e3o do Parque do Abaet\u00e9"}]},{"@type":"WebSite","@id":"https:\/\/blogdofarnesio.com.br\/#website","url":"https:\/\/blogdofarnesio.com.br\/","name":"Blog do Farn\u00e9sio","description":"Quer Saber Pol\u00edtica?","publisher":{"@id":"https:\/\/blogdofarnesio.com.br\/#organization"},"potentialAction":[{"@type":"SearchAction","target":{"@type":"EntryPoint","urlTemplate":"https:\/\/blogdofarnesio.com.br\/?s={search_term_string}"},"query-input":{"@type":"PropertyValueSpecification","valueRequired":true,"valueName":"search_term_string"}}],"inLanguage":"pt-BR"},{"@type":"Organization","@id":"https:\/\/blogdofarnesio.com.br\/#organization","name":"Blog do Farn\u00e9sio","url":"https:\/\/blogdofarnesio.com.br\/","logo":{"@type":"ImageObject","inLanguage":"pt-BR","@id":"https:\/\/blogdofarnesio.com.br\/#\/schema\/logo\/image\/","url":"https:\/\/blogdofarnesio.com.br\/wp-content\/uploads\/2026\/03\/cropped-logo_new-1.png","contentUrl":"https:\/\/blogdofarnesio.com.br\/wp-content\/uploads\/2026\/03\/cropped-logo_new-1.png","width":881,"height":685,"caption":"Blog do Farn\u00e9sio"},"image":{"@id":"https:\/\/blogdofarnesio.com.br\/#\/schema\/logo\/image\/"},"sameAs":["https:\/\/www.facebook.com\/BlogQuerSaberPolitica\/"]},{"@type":"Person","@id":"https:\/\/blogdofarnesio.com.br\/#\/schema\/person\/bb9b23ae3ad0609ce8df7b6c9e76824d","name":"Farn\u00e9sio","image":{"@type":"ImageObject","inLanguage":"pt-BR","@id":"https:\/\/secure.gravatar.com\/avatar\/986aa4c61ccdb66f8555bf88fc2a65609d00bcabd4d2d94377a727547345cbca?s=96&d=mm&r=g","url":"https:\/\/secure.gravatar.com\/avatar\/986aa4c61ccdb66f8555bf88fc2a65609d00bcabd4d2d94377a727547345cbca?s=96&d=mm&r=g","contentUrl":"https:\/\/secure.gravatar.com\/avatar\/986aa4c61ccdb66f8555bf88fc2a65609d00bcabd4d2d94377a727547345cbca?s=96&d=mm&r=g","caption":"Farn\u00e9sio"},"description":"Radialista blogueiro, chegou a Petrolina\/Juazeiro em setembro de 1980, Farn\u00e9sio Silva \u00e9 de Arapiraca-Alagoas.","sameAs":["http:\/\/blogdofarnesio.com.br","https:\/\/www.facebook.com\/?ref=tn_tnmn","https:\/\/www.instagram.com\/?utm_source=pwa_homescreen","https:\/\/youtube.com.br\/"],"url":"https:\/\/blogdofarnesio.com.br\/?author=2"}]}},"_links":{"self":[{"href":"https:\/\/blogdofarnesio.com.br\/index.php?rest_route=\/wp\/v2\/posts\/364355","targetHints":{"allow":["GET"]}}],"collection":[{"href":"https:\/\/blogdofarnesio.com.br\/index.php?rest_route=\/wp\/v2\/posts"}],"about":[{"href":"https:\/\/blogdofarnesio.com.br\/index.php?rest_route=\/wp\/v2\/types\/post"}],"author":[{"embeddable":true,"href":"https:\/\/blogdofarnesio.com.br\/index.php?rest_route=\/wp\/v2\/users\/2"}],"replies":[{"embeddable":true,"href":"https:\/\/blogdofarnesio.com.br\/index.php?rest_route=%2Fwp%2Fv2%2Fcomments&post=364355"}],"version-history":[{"count":0,"href":"https:\/\/blogdofarnesio.com.br\/index.php?rest_route=\/wp\/v2\/posts\/364355\/revisions"}],"wp:featuredmedia":[{"embeddable":true,"href":"https:\/\/blogdofarnesio.com.br\/index.php?rest_route=\/wp\/v2\/media\/364357"}],"wp:attachment":[{"href":"https:\/\/blogdofarnesio.com.br\/index.php?rest_route=%2Fwp%2Fv2%2Fmedia&parent=364355"}],"wp:term":[{"taxonomy":"category","embeddable":true,"href":"https:\/\/blogdofarnesio.com.br\/index.php?rest_route=%2Fwp%2Fv2%2Fcategories&post=364355"},{"taxonomy":"post_tag","embeddable":true,"href":"https:\/\/blogdofarnesio.com.br\/index.php?rest_route=%2Fwp%2Fv2%2Ftags&post=364355"}],"curies":[{"name":"wp","href":"https:\/\/api.w.org\/{rel}","templated":true}]}}