{"id":364349,"date":"2024-03-23T09:00:26","date_gmt":"2024-03-23T12:00:26","guid":{"rendered":"https:\/\/blogdofarnesio.com.br\/?p=364349"},"modified":"2024-03-22T11:06:17","modified_gmt":"2024-03-22T14:06:17","slug":"celebracao-da-semana-santa-comeca-neste-sabado-em-petrolina-confira-a-programacao","status":"publish","type":"post","link":"https:\/\/blogdofarnesio.com.br\/?p=364349","title":{"rendered":"Celebra\u00e7\u00e3o da Semana Santa come\u00e7a neste s\u00e1bado, em Petrolina; confira a programa\u00e7\u00e3o"},"content":{"rendered":"<div class=\"mc-article-header\">\n<div class=\"row content-head mc-column non-featured \">\n<div class=\"title\" data-block-type=\"title\" data-block-id=\"0\"><\/div>\n<div class=\"medium-centered subtitle\">\n<h2 class=\"content-head__subtitle\"><em>As comemora\u00e7\u00f5es da Paix\u00e3o de Cristo seguem at\u00e9 o Domingo de P\u00e1scoa, dia 31 de mar\u00e7o.<\/em><\/h2>\n<\/div>\n<\/div>\n<div class=\"content__signa-share mc-column\">\n<div class=\"content__signature\">\n<div class=\"content-publication-data\">\n<div class=\"content-publication-data__text\">\n<p class=\"content-publication-data__from\" title=\"g1 Petrolina\" data-mrf-recirculation=\"Autor\">Por g1 Petrolina\u00a0 &#8211; <span style=\"font-family: inherit; font-size: inherit; font-style: inherit; font-variant-ligatures: inherit; font-variant-caps: inherit; font-weight: inherit; text-align: center;\">\u00a0<\/span>As comemora\u00e7\u00f5es da Semana Santa em\u00a0<a class=\"\" href=\"https:\/\/g1.globo.com\/pe\/petrolina-regiao\/cidade\/petrolina\/\" data-mrf-link=\"https:\/\/g1.globo.com\/pe\/petrolina-regiao\/cidade\/petrolina\/\">Petrolina<\/a>, Sert\u00e3o de Pernambuco, come\u00e7am neste s\u00e1bado (23). A programa\u00e7\u00e3o ter\u00e1 missas, vig\u00edlias e prociss\u00f5es. As atividades ser\u00e3o realizadas at\u00e9 o dia 31 de mar\u00e7o.<\/p>\n<\/div>\n<\/div>\n<\/div>\n<\/div>\n<\/div>\n<div class=\"mc-article-body\">\n<article>\n<div class=\"wall protected-content\">\n<div id=\"chunk-2o764\">\n<div class=\"mc-column content-text active-extra-styles\" data-block-type=\"raw\" data-block-weight=\"4\" data-block-id=\"4\">\n<div class=\"content-intertitle\">\n<h2>Programa\u00e7\u00e3o da Semana Santa<\/h2>\n<\/div>\n<\/div>\n<\/div>\n<div id=\"chunk-3710k\">\n<div class=\"mc-column content-text active-extra-styles \" data-block-type=\"unstyled\" data-block-weight=\"4\" data-block-id=\"5\">\n<p class=\" content-text__container \" data-track-category=\"Link no Texto\" data-track-links=\"\" data-mrf-recirculation=\"Article links\"><strong>s\u00e1bado, 23 de mar\u00e7o<\/strong><\/p>\n<\/div>\n<\/div>\n<div id=\"chunk-2sojh\">\n<div class=\"mc-column content-text active-extra-styles\" data-block-type=\"raw\" data-block-weight=\"37\" data-block-id=\"6\">\n<ul class=\"content-unordered-list\" data-mrf-recirculation=\"Recomendado\">\n<li>17h \u2013 Santa Missa com B\u00ean\u00e7\u00e3o de Ramos na Capela de S\u00e3o Jos\u00e9;<\/li>\n<li>19h30min \u2013 B\u00ean\u00e7\u00e3o de Ramos em frente ao \u201cPalacinho\u201d, seguida de Prociss\u00e3o e Santa Missa na Igreja Matriz de Nossa Senhora Rainha dos Anjos.<\/li>\n<\/ul>\n<\/div>\n<\/div>\n<div id=\"chunk-aqhb5\">\n<div class=\"mc-column content-text active-extra-styles \" data-block-type=\"unstyled\" data-block-weight=\"4\" data-block-id=\"7\">\n<p class=\" content-text__container \" data-track-category=\"Link no Texto\" data-track-links=\"\" data-mrf-recirculation=\"Article links\"><strong>domingo, 24 de mar\u00e7o<\/strong><\/p>\n<\/div>\n<\/div>\n<div id=\"chunk-avrar\">\n<div class=\"mc-column content-text active-extra-styles\" data-block-type=\"raw\" data-block-weight=\"73\" data-block-id=\"8\">\n<ul class=\"content-unordered-list\" data-mrf-recirculation=\"Recomendado\">\n<li>8h \u2013 Solene B\u00ean\u00e7\u00e3o de Ramos na Igreja Matriz de Nossa Senhora Rainha dos Anjos, seguida de Prociss\u00e3o e Santa Missa na Igreja Catedral;<\/li>\n<li>10h30min \u2013 Santa Missa com as Crian\u00e7as e B\u00ean\u00e7\u00e3o de Ramos na Igreja Catedral 10h30min \u2013 Santa Missa com B\u00ean\u00e7\u00e3o de Ramos na Capela de S\u00e3o Jos\u00e9;<\/li>\n<li>17h \u2013 Santa Missa com B\u00ean\u00e7\u00e3o de Ramos na Igreja Catedral;<\/li>\n<li>19h30min \u2013 Santa Missa com B\u00ean\u00e7\u00e3o de Ramos na Igreja Catedral.<\/li>\n<\/ul>\n<\/div>\n<\/div>\n<div id=\"chunk-e6vh4\">\n<div class=\"mc-column content-text active-extra-styles \" data-block-type=\"unstyled\" data-block-weight=\"4\" data-block-id=\"10\">\n<p class=\" content-text__container \" data-track-category=\"Link no Texto\" data-track-links=\"\" data-mrf-recirculation=\"Article links\"><strong>segunda, 25 de mar\u00e7o<\/strong><\/p>\n<\/div>\n<\/div>\n<div id=\"chunk-igii\">\n<div class=\"mc-column content-text active-extra-styles\" data-block-type=\"raw\" data-block-weight=\"64\" data-block-id=\"11\">\n<ul class=\"content-unordered-list\" data-mrf-recirculation=\"Recomendado\">\n<li>6h25 \u2013 Santa Missa na Igreja Catedral;<\/li>\n<li>9h \u00e0s 12h \u2013 Confiss\u00f5es na Igreja Catedral;<\/li>\n<li>12h \u2013 Santa Missa na Igreja Catedral;<\/li>\n<li>14h30 \u00e0s 17h \u2013 Confiss\u00f5es na Igreja Matriz de Nossa Senhora Rainha dos Anjos;<\/li>\n<li>17h \u2013 Santa Missa na Igreja Matriz de Nossa Senhora Rainha dos Anjos;<\/li>\n<li>19h30 \u2013 Solene Seten\u00e1rio das Dores na Igreja Matriz de Nossa Senhora Rainha dos Anjos.<\/li>\n<\/ul>\n<\/div>\n<\/div>\n<div id=\"chunk-9a1bo\">\n<div class=\"mc-column content-text active-extra-styles \" data-block-type=\"unstyled\" data-block-weight=\"4\" data-block-id=\"12\">\n<p class=\" content-text__container \" data-track-category=\"Link no Texto\" data-track-links=\"\" data-mrf-recirculation=\"Article links\"><strong>ter\u00e7a, 26 de mar\u00e7o<\/strong><\/p>\n<\/div>\n<\/div>\n<div id=\"chunk-6vcrt\">\n<div class=\"mc-column content-text active-extra-styles\" data-block-type=\"raw\" data-block-weight=\"68\" data-block-id=\"13\">\n<ul class=\"content-unordered-list\" data-mrf-recirculation=\"Recomendado\">\n<li>6h25 \u2013 Santa Missa na Igreja Catedral;<\/li>\n<li>9h \u00e0s 12h \u2013 Confiss\u00f5es na Igreja Catedral;<\/li>\n<li>12h \u2013 Santa Missa na Igreja Catedral;<\/li>\n<li>14h30min \u00e0s 17h \u2013 Confiss\u00f5es na Igreja Matriz de Nossa Senhora Rainha dos Anjos 17h \u2013 Santa Missa na Igreja Matriz de Nossa Senhora Rainha dos Anjos;<\/li>\n<li>19h30min \u2013 Solene Of\u00edcio das Cinco Chagas de Nosso Senhor na Igreja Matriz de Nossa Senhora Rainha dos Anjos.<\/li>\n<\/ul>\n<\/div>\n<\/div>\n<div id=\"chunk-cv597\">\n<div class=\"mc-column content-text active-extra-styles \" data-block-type=\"unstyled\" data-block-weight=\"4\" data-block-id=\"14\">\n<p class=\" content-text__container \" data-track-category=\"Link no Texto\" data-track-links=\"\" data-mrf-recirculation=\"Article links\"><strong>quarta, 27 de mar\u00e7o<\/strong><\/p>\n<\/div>\n<\/div>\n<div id=\"chunk-4t7fl\">\n<div class=\"mc-column content-text active-extra-styles\" data-block-type=\"raw\" data-block-weight=\"96\" data-block-id=\"15\">\n<ul class=\"content-unordered-list\" data-mrf-recirculation=\"Recomendado\">\n<li>6h25min \u2013 Santa Missa na Igreja Catedral;<\/li>\n<li>9h \u2013 Santa Missa com Un\u00e7\u00e3o dos Enfermos na Igreja Matriz de Nossa Senhora Rainha dos Anjos;<\/li>\n<li>12h \u2013 Santa Missa na Igreja Catedral;<\/li>\n<li>14h30 \u00e0s 17h \u2013 Confiss\u00f5es na Igreja Matriz de Nossa Senhora Rainha dos Anjos;<\/li>\n<li>17h \u2013 Santa Missa na Igreja Matriz de Nossa Senhora Rainha dos Anjos;<\/li>\n<li>19h30 \u2013 Solene Of\u00edcio de Trevas na Igreja Matriz de Nossa Senhora Rainha dos Anjos;<\/li>\n<li>19h30min \u2013 Santa Missa com Un\u00e7\u00e3o dos Enfermos na Capela de S\u00e3o Jos\u00e9 20h30min \u2013 Via-sacra na Orla com a Comunidade Cat\u00f3lica Shalom.<\/li>\n<\/ul>\n<\/div>\n<\/div>\n<div id=\"chunk-1ldfb\">\n<div class=\"mc-column content-text active-extra-styles \" data-block-type=\"unstyled\" data-block-weight=\"4\" data-block-id=\"17\">\n<p class=\" content-text__container \" data-track-category=\"Link no Texto\" data-track-links=\"\" data-mrf-recirculation=\"Article links\"><strong>quinta, 28 de mar\u00e7o<\/strong><\/p>\n<\/div>\n<\/div>\n<div id=\"chunk-a6dt4\">\n<div class=\"mc-column content-text active-extra-styles\" data-block-type=\"raw\" data-block-weight=\"101\" data-block-id=\"18\">\n<ul class=\"content-unordered-list\" data-mrf-recirculation=\"Recomendado\">\n<li>10h \u2013 Solene Missa Estacional com Renova\u00e7\u00e3o das Promessas Sacerdotais, Consagra\u00e7\u00e3o do \u00d3leo do Crisma e B\u00ean\u00e7\u00e3o dos \u00d3leos dos Enfermos e dos Catec\u00famenos na Igreja Catedral;<\/li>\n<li>17h \u2013 Santa Missa Vespertina da Ceia do Senhor com Rito de Lava-p\u00e9s na Igreja Catedral, seguida de Traslado do Sant\u00edssimo Sacramento para o a Igreja Matriz de Nossa Senhora Rainha dos Anjos e adora\u00e7\u00e3o at\u00e9 \u00e0s 0h;<\/li>\n<li>19h30min \u2013 Santa Missa Solene da Ceia do Senhor com Rito de Lava-p\u00e9s na Capela de S\u00e3o Jos\u00e9, seguida de adora\u00e7\u00e3o at\u00e9 \u00e0s 0h. Cada fiel levar\u00e1 1kg de alimento, para as a\u00e7\u00f5es sociais da Par\u00f3quia.<\/li>\n<\/ul>\n<\/div>\n<\/div>\n<div id=\"chunk-2loca\">\n<div class=\"mc-column content-text active-extra-styles \" data-block-type=\"unstyled\" data-block-weight=\"8\" data-block-id=\"19\">\n<p class=\" content-text__container \" data-track-category=\"Link no Texto\" data-track-links=\"\" data-mrf-recirculation=\"Article links\"><strong>Rela\u00e7\u00e3o de adora\u00e7\u00e3o do dia 28 de mar\u00e7o:<\/strong><\/p>\n<\/div>\n<\/div>\n<div id=\"chunk-b6i7v\">\n<div class=\"mc-column content-text active-extra-styles\" data-block-type=\"raw\" data-block-weight=\"146\" data-block-id=\"20\">\n<ul class=\"content-unordered-list\" data-mrf-recirculation=\"Recomendado\">\n<li>19h \u00e0s 20h \u2013 Irm\u00e3s Salesianas, Irm\u00e3s Medianeiras da Paz, Irm\u00e3s Servidoras do Senhor e da Virgem de Matar\u00e1, Semin\u00e1rio S\u00e3o Jos\u00e9, Apostolado da Ora\u00e7\u00e3o, Ministros Extraordin\u00e1rios, Filhas de S\u00e3o Francisco de Sales, Fraternidade do Carmo, Pastoral da Crian\u00e7a, Pastoral da Acolhida e Servas Medianeiras da Paz;<\/li>\n<li>20h \u00e0s 21h \u2013 Capelinhas de Santa Terezinha, Homens do Ter\u00e7o, Pastoral da Liturgia, Pastoral do Batismo, Legi\u00e3o de Maria, Movimento M\u00e3e Rainha e Pastoral da Catequese;<\/li>\n<li>21h \u00e0s 22h \u2013 Pastoral da Comunica\u00e7\u00e3o, Movimento Escalada, Movimento Benedictus e Setor Juventude;<\/li>\n<li>22h \u00e0s 23h \u2013 Grupo Mission\u00e1rio, Movimento M\u00e3es que Oram pelos Filhos, Vicentinos, Obra das Voca\u00e7\u00f5es Sacerdotais, Pastoral Vocacional, Pastoral do D\u00edzimo, Grupo Bom Pastor e Filhos da Miseric\u00f3rdia;<\/li>\n<li>23h \u00e0s 0h \u2013 Casa de Passagem, Comunidade Shalom, Comunidade dos Viventes, Movimento Nova Gera\u00e7\u00e3o, JUNAC, Pastoral Familiar, Encontro de Casais com Cristo e Apostolado Nossa Senhora das L\u00e1grimas.<\/li>\n<\/ul>\n<\/div>\n<\/div>\n<div id=\"chunk-2b5m3\">\n<div class=\"mc-column content-text active-extra-styles \" data-block-type=\"unstyled\" data-block-weight=\"4\" data-block-id=\"22\">\n<p class=\" content-text__container \" data-track-category=\"Link no Texto\" data-track-links=\"\" data-mrf-recirculation=\"Article links\"><strong>sexta, 29 de mar\u00e7o<\/strong><\/p>\n<\/div>\n<\/div>\n<div id=\"chunk-9j8vg\">\n<div class=\"mc-column content-text active-extra-styles\" data-block-type=\"raw\" data-block-weight=\"143\" data-block-id=\"23\">\n<ul class=\"content-unordered-list\" data-mrf-recirculation=\"Recomendado\">\n<li>5h \u2013 Prociss\u00e3o do Encontro das Imagens do Senhor Bom Jesus dos Passos e de Nossa Senhora da Soledade Homens \u2013 Saindo com a Imagem do Senhor Bom Jesus dos Passos da Capela de S\u00e3o Jos\u00e9 \u2013 Bairro S\u00e3o Jos\u00e9 Mulheres \u2013 Saindo com a Imagem de Nossa Senhora da Soledade da Igreja Matriz de S\u00e3o Jos\u00e9 \u2013 Atr\u00e1s da Banca;<\/li>\n<li>6h \u2013 Serm\u00e3o do Encontro no Adro da Igreja Catedral do Sagrado Cora\u00e7\u00e3o de Jesus Cristo Rei pregado pelo Revmo. Pe. Frei Jos\u00e9 Adriano da Silva, O.Carm., DD. Capel\u00e3o Militar da Capelania Militar S\u00e3o Jos\u00e9, em Petrolina\/PE;<\/li>\n<li>15h \u2013 Ter\u00e7o da Miseric\u00f3rdia na Igreja Catedral (Respons\u00e1veis: Filhos da Miseric\u00f3rdia);<\/li>\n<li>16h \u2013 A\u00e7\u00e3o Lit\u00fargica com o Beijo da Cruz na Igreja Catedral, seguida da contrita prociss\u00e3o do Senhor Morto;<\/li>\n<li>18h \u2013 A\u00e7\u00e3o Lit\u00fargica com o Beijo da Cruz na Capela de S\u00e3o Jos\u00e9.<\/li>\n<\/ul>\n<\/div>\n<\/div>\n<div id=\"chunk-10c6f\">\n<div class=\"mc-column content-text active-extra-styles \" data-block-type=\"unstyled\" data-block-weight=\"4\" data-block-id=\"24\">\n<p class=\" content-text__container \" data-track-category=\"Link no Texto\" data-track-links=\"\" data-mrf-recirculation=\"Article links\"><strong>s\u00e1bado, 30 de mar\u00e7o<\/strong><\/p>\n<\/div>\n<\/div>\n<div id=\"chunk-ho5i\">\n<div class=\"mc-column content-text active-extra-styles\" data-block-type=\"raw\" data-block-weight=\"48\" data-block-id=\"25\">\n<ul class=\"content-unordered-list\" data-mrf-recirculation=\"Recomendado\">\n<li>18h \u2013 Solene Vig\u00edlia Pascal na Capela de S\u00e3o Jos\u00e9;<\/li>\n<li>20h \u2013 Solene Vig\u00edlia Pascal na Igreja Catedral A Solene Vig\u00edlia tem in\u00edcio na Pra\u00e7a Dom Malan com a B\u00ean\u00e7\u00e3o do Fogo Novo. Cada fiel dever\u00e1 trazer uma vela palito e sua garrafa com \u00e1gua para ser aben\u00e7oada.<\/li>\n<\/ul>\n<\/div>\n<\/div>\n<div id=\"chunk-8hfa4\">\n<div class=\"mc-column content-text active-extra-styles \" data-block-type=\"unstyled\" data-block-weight=\"4\" data-block-id=\"26\">\n<p class=\" content-text__container \" data-track-category=\"Link no Texto\" data-track-links=\"\" data-mrf-recirculation=\"Article links\"><strong>domingo, 31 de mar\u00e7o<\/strong><\/p>\n<\/div>\n<\/div>\n<div id=\"chunk-477tl\">\n<div class=\"mc-column content-text active-extra-styles\" data-block-type=\"raw\" data-block-weight=\"66\" data-block-id=\"28\">\n<ul class=\"content-unordered-list\" data-mrf-recirculation=\"Recomendado\">\n<li>7h30min \u2013 Solene Missa de P\u00e1scoa na Igreja Matriz de Nossa Senhora Rainha dos Anjos 9h \u2013 Solene Missa Estacional de P\u00e1scoa na Igreja Catedral;<\/li>\n<li>10h30min \u2013 Solene Missa de P\u00e1scoa com as Crian\u00e7as na Igreja Catedral;<\/li>\n<li>10h30min \u2013 Solene Missa de P\u00e1scoa na Capela de S\u00e3o Jos\u00e9;<\/li>\n<li>17h \u2013 Solene Missa de P\u00e1scoa na Igreja Catedral 19h30min \u2013 Solene Missa de P\u00e1scoa na Igreja Catedral.<\/li>\n<\/ul>\n<\/div>\n<\/div>\n<\/div>\n<\/article>\n<\/div>\n","protected":false},"excerpt":{"rendered":"<p>As comemora\u00e7\u00f5es da Paix\u00e3o de Cristo seguem at\u00e9 o Domingo de P\u00e1scoa, dia 31 de mar\u00e7o. Por g1 Petrolina\u00a0 &#8211; \u00a0As comemora\u00e7\u00f5es da Semana Santa em\u00a0Petrolina, Sert\u00e3o de Pernambuco, come\u00e7am neste s\u00e1bado (23). A programa\u00e7\u00e3o ter\u00e1 missas, vig\u00edlias e prociss\u00f5es. As atividades ser\u00e3o realizadas at\u00e9 o dia 31 de mar\u00e7o. Programa\u00e7\u00e3o da Semana Santa s\u00e1bado, 23 de mar\u00e7o 17h \u2013 Santa Missa com B\u00ean\u00e7\u00e3o de Ramos na Capela de S\u00e3o Jos\u00e9; 19h30min \u2013 B\u00ean\u00e7\u00e3o de Ramos em frente ao \u201cPalacinho\u201d, seguida de Prociss\u00e3o e Santa Missa na Igreja Matriz de Nossa Senhora Rainha dos Anjos. domingo, 24 de mar\u00e7o 8h \u2013 Solene B\u00ean\u00e7\u00e3o de Ramos na Igreja Matriz de Nossa Senhora Rainha dos Anjos, seguida de Prociss\u00e3o e Santa Missa&hellip; <\/p>\n","protected":false},"author":2,"featured_media":282254,"comment_status":"open","ping_status":"open","sticky":false,"template":"","format":"standard","meta":{"_acf_changed":false,"footnotes":""},"categories":[7],"tags":[],"class_list":["post-364349","post","type-post","status-publish","format-standard","has-post-thumbnail","hentry","category-religiao"],"acf":[],"yoast_head":"<!-- This site is optimized with the Yoast SEO plugin v27.4 - https:\/\/yoast.com\/product\/yoast-seo-wordpress\/ -->\n<title>Celebra\u00e7\u00e3o da Semana Santa come\u00e7a neste s\u00e1bado, em Petrolina; confira a programa\u00e7\u00e3o - Blog do Farn\u00e9sio<\/title>\n<meta name=\"robots\" content=\"index, follow, max-snippet:-1, max-image-preview:large, max-video-preview:-1\" \/>\n<link rel=\"canonical\" href=\"https:\/\/blogdofarnesio.com.br\/?p=364349\" \/>\n<meta property=\"og:locale\" content=\"pt_BR\" \/>\n<meta property=\"og:type\" content=\"article\" \/>\n<meta property=\"og:title\" content=\"Celebra\u00e7\u00e3o da Semana Santa come\u00e7a neste s\u00e1bado, em Petrolina; confira a programa\u00e7\u00e3o - Blog do Farn\u00e9sio\" \/>\n<meta property=\"og:description\" content=\"As comemora\u00e7\u00f5es da Paix\u00e3o de Cristo seguem at\u00e9 o Domingo de P\u00e1scoa, dia 31 de mar\u00e7o. Por g1 Petrolina\u00a0 &#8211; \u00a0As comemora\u00e7\u00f5es da Semana Santa em\u00a0Petrolina, Sert\u00e3o de Pernambuco, come\u00e7am neste s\u00e1bado (23). A programa\u00e7\u00e3o ter\u00e1 missas, vig\u00edlias e prociss\u00f5es. As atividades ser\u00e3o realizadas at\u00e9 o dia 31 de mar\u00e7o. Programa\u00e7\u00e3o da Semana Santa s\u00e1bado, 23 de mar\u00e7o 17h \u2013 Santa Missa com B\u00ean\u00e7\u00e3o de Ramos na Capela de S\u00e3o Jos\u00e9; 19h30min \u2013 B\u00ean\u00e7\u00e3o de Ramos em frente ao \u201cPalacinho\u201d, seguida de Prociss\u00e3o e Santa Missa na Igreja Matriz de Nossa Senhora Rainha dos Anjos. domingo, 24 de mar\u00e7o 8h \u2013 Solene B\u00ean\u00e7\u00e3o de Ramos na Igreja Matriz de Nossa Senhora Rainha dos Anjos, seguida de Prociss\u00e3o e Santa Missa&hellip;\" \/>\n<meta property=\"og:url\" content=\"https:\/\/blogdofarnesio.com.br\/?p=364349\" \/>\n<meta property=\"og:site_name\" content=\"Blog do Farn\u00e9sio\" \/>\n<meta property=\"article:publisher\" content=\"https:\/\/www.facebook.com\/BlogQuerSaberPolitica\/\" \/>\n<meta property=\"article:author\" content=\"https:\/\/www.facebook.com\/?ref=tn_tnmn\" \/>\n<meta property=\"article:published_time\" content=\"2024-03-23T12:00:26+00:00\" \/>\n<meta property=\"og:image\" content=\"https:\/\/blogdofarnesio.com.br\/wp-content\/uploads\/2021\/04\/blogqspsexta-paixao-via-sacra-e1650155539731.jpg\" \/>\n\t<meta property=\"og:image:width\" content=\"600\" \/>\n\t<meta property=\"og:image:height\" content=\"246\" \/>\n\t<meta property=\"og:image:type\" content=\"image\/jpeg\" \/>\n<meta name=\"author\" content=\"Farn\u00e9sio\" \/>\n<meta name=\"twitter:card\" content=\"summary_large_image\" \/>\n<meta name=\"twitter:label1\" content=\"Escrito por\" \/>\n\t<meta name=\"twitter:data1\" content=\"Farn\u00e9sio\" \/>\n\t<meta name=\"twitter:label2\" content=\"Est. tempo de leitura\" \/>\n\t<meta name=\"twitter:data2\" content=\"6 minutos\" \/>\n<script type=\"application\/ld+json\" class=\"yoast-schema-graph\">{\"@context\":\"https:\\\/\\\/schema.org\",\"@graph\":[{\"@type\":\"Article\",\"@id\":\"https:\\\/\\\/blogdofarnesio.com.br\\\/?p=364349#article\",\"isPartOf\":{\"@id\":\"https:\\\/\\\/blogdofarnesio.com.br\\\/?p=364349\"},\"author\":{\"name\":\"Farn\u00e9sio\",\"@id\":\"https:\\\/\\\/blogdofarnesio.com.br\\\/#\\\/schema\\\/person\\\/bb9b23ae3ad0609ce8df7b6c9e76824d\"},\"headline\":\"Celebra\u00e7\u00e3o da Semana Santa come\u00e7a neste s\u00e1bado, em Petrolina; confira a programa\u00e7\u00e3o\",\"datePublished\":\"2024-03-23T12:00:26+00:00\",\"mainEntityOfPage\":{\"@id\":\"https:\\\/\\\/blogdofarnesio.com.br\\\/?p=364349\"},\"wordCount\":1037,\"commentCount\":0,\"publisher\":{\"@id\":\"https:\\\/\\\/blogdofarnesio.com.br\\\/#organization\"},\"image\":{\"@id\":\"https:\\\/\\\/blogdofarnesio.com.br\\\/?p=364349#primaryimage\"},\"thumbnailUrl\":\"https:\\\/\\\/blogdofarnesio.com.br\\\/wp-content\\\/uploads\\\/2021\\\/04\\\/blogqspsexta-paixao-via-sacra-e1650155539731.jpg\",\"articleSection\":[\"Religi\u00e3o\"],\"inLanguage\":\"pt-BR\",\"potentialAction\":[{\"@type\":\"CommentAction\",\"name\":\"Comment\",\"target\":[\"https:\\\/\\\/blogdofarnesio.com.br\\\/?p=364349#respond\"]}]},{\"@type\":\"WebPage\",\"@id\":\"https:\\\/\\\/blogdofarnesio.com.br\\\/?p=364349\",\"url\":\"https:\\\/\\\/blogdofarnesio.com.br\\\/?p=364349\",\"name\":\"Celebra\u00e7\u00e3o da Semana Santa come\u00e7a neste s\u00e1bado, em Petrolina; confira a programa\u00e7\u00e3o - Blog do Farn\u00e9sio\",\"isPartOf\":{\"@id\":\"https:\\\/\\\/blogdofarnesio.com.br\\\/#website\"},\"primaryImageOfPage\":{\"@id\":\"https:\\\/\\\/blogdofarnesio.com.br\\\/?p=364349#primaryimage\"},\"image\":{\"@id\":\"https:\\\/\\\/blogdofarnesio.com.br\\\/?p=364349#primaryimage\"},\"thumbnailUrl\":\"https:\\\/\\\/blogdofarnesio.com.br\\\/wp-content\\\/uploads\\\/2021\\\/04\\\/blogqspsexta-paixao-via-sacra-e1650155539731.jpg\",\"datePublished\":\"2024-03-23T12:00:26+00:00\",\"breadcrumb\":{\"@id\":\"https:\\\/\\\/blogdofarnesio.com.br\\\/?p=364349#breadcrumb\"},\"inLanguage\":\"pt-BR\",\"potentialAction\":[{\"@type\":\"ReadAction\",\"target\":[\"https:\\\/\\\/blogdofarnesio.com.br\\\/?p=364349\"]}]},{\"@type\":\"ImageObject\",\"inLanguage\":\"pt-BR\",\"@id\":\"https:\\\/\\\/blogdofarnesio.com.br\\\/?p=364349#primaryimage\",\"url\":\"https:\\\/\\\/blogdofarnesio.com.br\\\/wp-content\\\/uploads\\\/2021\\\/04\\\/blogqspsexta-paixao-via-sacra-e1650155539731.jpg\",\"contentUrl\":\"https:\\\/\\\/blogdofarnesio.com.br\\\/wp-content\\\/uploads\\\/2021\\\/04\\\/blogqspsexta-paixao-via-sacra-e1650155539731.jpg\",\"width\":600,\"height\":246},{\"@type\":\"BreadcrumbList\",\"@id\":\"https:\\\/\\\/blogdofarnesio.com.br\\\/?p=364349#breadcrumb\",\"itemListElement\":[{\"@type\":\"ListItem\",\"position\":1,\"name\":\"In\u00edcio\",\"item\":\"https:\\\/\\\/blogdofarnesio.com.br\\\/\"},{\"@type\":\"ListItem\",\"position\":2,\"name\":\"Celebra\u00e7\u00e3o da Semana Santa come\u00e7a neste s\u00e1bado, em Petrolina; confira a programa\u00e7\u00e3o\"}]},{\"@type\":\"WebSite\",\"@id\":\"https:\\\/\\\/blogdofarnesio.com.br\\\/#website\",\"url\":\"https:\\\/\\\/blogdofarnesio.com.br\\\/\",\"name\":\"Blog do Farn\u00e9sio\",\"description\":\"Quer Saber Pol\u00edtica?\",\"publisher\":{\"@id\":\"https:\\\/\\\/blogdofarnesio.com.br\\\/#organization\"},\"potentialAction\":[{\"@type\":\"SearchAction\",\"target\":{\"@type\":\"EntryPoint\",\"urlTemplate\":\"https:\\\/\\\/blogdofarnesio.com.br\\\/?s={search_term_string}\"},\"query-input\":{\"@type\":\"PropertyValueSpecification\",\"valueRequired\":true,\"valueName\":\"search_term_string\"}}],\"inLanguage\":\"pt-BR\"},{\"@type\":\"Organization\",\"@id\":\"https:\\\/\\\/blogdofarnesio.com.br\\\/#organization\",\"name\":\"Blog do Farn\u00e9sio\",\"url\":\"https:\\\/\\\/blogdofarnesio.com.br\\\/\",\"logo\":{\"@type\":\"ImageObject\",\"inLanguage\":\"pt-BR\",\"@id\":\"https:\\\/\\\/blogdofarnesio.com.br\\\/#\\\/schema\\\/logo\\\/image\\\/\",\"url\":\"https:\\\/\\\/blogdofarnesio.com.br\\\/wp-content\\\/uploads\\\/2026\\\/03\\\/cropped-logo_new-1.png\",\"contentUrl\":\"https:\\\/\\\/blogdofarnesio.com.br\\\/wp-content\\\/uploads\\\/2026\\\/03\\\/cropped-logo_new-1.png\",\"width\":881,\"height\":685,\"caption\":\"Blog do Farn\u00e9sio\"},\"image\":{\"@id\":\"https:\\\/\\\/blogdofarnesio.com.br\\\/#\\\/schema\\\/logo\\\/image\\\/\"},\"sameAs\":[\"https:\\\/\\\/www.facebook.com\\\/BlogQuerSaberPolitica\\\/\"]},{\"@type\":\"Person\",\"@id\":\"https:\\\/\\\/blogdofarnesio.com.br\\\/#\\\/schema\\\/person\\\/bb9b23ae3ad0609ce8df7b6c9e76824d\",\"name\":\"Farn\u00e9sio\",\"image\":{\"@type\":\"ImageObject\",\"inLanguage\":\"pt-BR\",\"@id\":\"https:\\\/\\\/secure.gravatar.com\\\/avatar\\\/986aa4c61ccdb66f8555bf88fc2a65609d00bcabd4d2d94377a727547345cbca?s=96&d=mm&r=g\",\"url\":\"https:\\\/\\\/secure.gravatar.com\\\/avatar\\\/986aa4c61ccdb66f8555bf88fc2a65609d00bcabd4d2d94377a727547345cbca?s=96&d=mm&r=g\",\"contentUrl\":\"https:\\\/\\\/secure.gravatar.com\\\/avatar\\\/986aa4c61ccdb66f8555bf88fc2a65609d00bcabd4d2d94377a727547345cbca?s=96&d=mm&r=g\",\"caption\":\"Farn\u00e9sio\"},\"description\":\"Radialista blogueiro, chegou a Petrolina\\\/Juazeiro em setembro de 1980, Farn\u00e9sio Silva \u00e9 de Arapiraca-Alagoas.\",\"sameAs\":[\"http:\\\/\\\/blogdofarnesio.com.br\",\"https:\\\/\\\/www.facebook.com\\\/?ref=tn_tnmn\",\"https:\\\/\\\/www.instagram.com\\\/?utm_source=pwa_homescreen\",\"https:\\\/\\\/youtube.com.br\\\/\"],\"url\":\"https:\\\/\\\/blogdofarnesio.com.br\\\/?author=2\"}]}<\/script>\n<!-- \/ Yoast SEO plugin. -->","yoast_head_json":{"title":"Celebra\u00e7\u00e3o da Semana Santa come\u00e7a neste s\u00e1bado, em Petrolina; confira a programa\u00e7\u00e3o - Blog do Farn\u00e9sio","robots":{"index":"index","follow":"follow","max-snippet":"max-snippet:-1","max-image-preview":"max-image-preview:large","max-video-preview":"max-video-preview:-1"},"canonical":"https:\/\/blogdofarnesio.com.br\/?p=364349","og_locale":"pt_BR","og_type":"article","og_title":"Celebra\u00e7\u00e3o da Semana Santa come\u00e7a neste s\u00e1bado, em Petrolina; confira a programa\u00e7\u00e3o - Blog do Farn\u00e9sio","og_description":"As comemora\u00e7\u00f5es da Paix\u00e3o de Cristo seguem at\u00e9 o Domingo de P\u00e1scoa, dia 31 de mar\u00e7o. Por g1 Petrolina\u00a0 &#8211; \u00a0As comemora\u00e7\u00f5es da Semana Santa em\u00a0Petrolina, Sert\u00e3o de Pernambuco, come\u00e7am neste s\u00e1bado (23). A programa\u00e7\u00e3o ter\u00e1 missas, vig\u00edlias e prociss\u00f5es. As atividades ser\u00e3o realizadas at\u00e9 o dia 31 de mar\u00e7o. Programa\u00e7\u00e3o da Semana Santa s\u00e1bado, 23 de mar\u00e7o 17h \u2013 Santa Missa com B\u00ean\u00e7\u00e3o de Ramos na Capela de S\u00e3o Jos\u00e9; 19h30min \u2013 B\u00ean\u00e7\u00e3o de Ramos em frente ao \u201cPalacinho\u201d, seguida de Prociss\u00e3o e Santa Missa na Igreja Matriz de Nossa Senhora Rainha dos Anjos. domingo, 24 de mar\u00e7o 8h \u2013 Solene B\u00ean\u00e7\u00e3o de Ramos na Igreja Matriz de Nossa Senhora Rainha dos Anjos, seguida de Prociss\u00e3o e Santa Missa&hellip;","og_url":"https:\/\/blogdofarnesio.com.br\/?p=364349","og_site_name":"Blog do Farn\u00e9sio","article_publisher":"https:\/\/www.facebook.com\/BlogQuerSaberPolitica\/","article_author":"https:\/\/www.facebook.com\/?ref=tn_tnmn","article_published_time":"2024-03-23T12:00:26+00:00","og_image":[{"width":600,"height":246,"url":"https:\/\/blogdofarnesio.com.br\/wp-content\/uploads\/2021\/04\/blogqspsexta-paixao-via-sacra-e1650155539731.jpg","type":"image\/jpeg"}],"author":"Farn\u00e9sio","twitter_card":"summary_large_image","twitter_misc":{"Escrito por":"Farn\u00e9sio","Est. tempo de leitura":"6 minutos"},"schema":{"@context":"https:\/\/schema.org","@graph":[{"@type":"Article","@id":"https:\/\/blogdofarnesio.com.br\/?p=364349#article","isPartOf":{"@id":"https:\/\/blogdofarnesio.com.br\/?p=364349"},"author":{"name":"Farn\u00e9sio","@id":"https:\/\/blogdofarnesio.com.br\/#\/schema\/person\/bb9b23ae3ad0609ce8df7b6c9e76824d"},"headline":"Celebra\u00e7\u00e3o da Semana Santa come\u00e7a neste s\u00e1bado, em Petrolina; confira a programa\u00e7\u00e3o","datePublished":"2024-03-23T12:00:26+00:00","mainEntityOfPage":{"@id":"https:\/\/blogdofarnesio.com.br\/?p=364349"},"wordCount":1037,"commentCount":0,"publisher":{"@id":"https:\/\/blogdofarnesio.com.br\/#organization"},"image":{"@id":"https:\/\/blogdofarnesio.com.br\/?p=364349#primaryimage"},"thumbnailUrl":"https:\/\/blogdofarnesio.com.br\/wp-content\/uploads\/2021\/04\/blogqspsexta-paixao-via-sacra-e1650155539731.jpg","articleSection":["Religi\u00e3o"],"inLanguage":"pt-BR","potentialAction":[{"@type":"CommentAction","name":"Comment","target":["https:\/\/blogdofarnesio.com.br\/?p=364349#respond"]}]},{"@type":"WebPage","@id":"https:\/\/blogdofarnesio.com.br\/?p=364349","url":"https:\/\/blogdofarnesio.com.br\/?p=364349","name":"Celebra\u00e7\u00e3o da Semana Santa come\u00e7a neste s\u00e1bado, em Petrolina; confira a programa\u00e7\u00e3o - Blog do Farn\u00e9sio","isPartOf":{"@id":"https:\/\/blogdofarnesio.com.br\/#website"},"primaryImageOfPage":{"@id":"https:\/\/blogdofarnesio.com.br\/?p=364349#primaryimage"},"image":{"@id":"https:\/\/blogdofarnesio.com.br\/?p=364349#primaryimage"},"thumbnailUrl":"https:\/\/blogdofarnesio.com.br\/wp-content\/uploads\/2021\/04\/blogqspsexta-paixao-via-sacra-e1650155539731.jpg","datePublished":"2024-03-23T12:00:26+00:00","breadcrumb":{"@id":"https:\/\/blogdofarnesio.com.br\/?p=364349#breadcrumb"},"inLanguage":"pt-BR","potentialAction":[{"@type":"ReadAction","target":["https:\/\/blogdofarnesio.com.br\/?p=364349"]}]},{"@type":"ImageObject","inLanguage":"pt-BR","@id":"https:\/\/blogdofarnesio.com.br\/?p=364349#primaryimage","url":"https:\/\/blogdofarnesio.com.br\/wp-content\/uploads\/2021\/04\/blogqspsexta-paixao-via-sacra-e1650155539731.jpg","contentUrl":"https:\/\/blogdofarnesio.com.br\/wp-content\/uploads\/2021\/04\/blogqspsexta-paixao-via-sacra-e1650155539731.jpg","width":600,"height":246},{"@type":"BreadcrumbList","@id":"https:\/\/blogdofarnesio.com.br\/?p=364349#breadcrumb","itemListElement":[{"@type":"ListItem","position":1,"name":"In\u00edcio","item":"https:\/\/blogdofarnesio.com.br\/"},{"@type":"ListItem","position":2,"name":"Celebra\u00e7\u00e3o da Semana Santa come\u00e7a neste s\u00e1bado, em Petrolina; confira a programa\u00e7\u00e3o"}]},{"@type":"WebSite","@id":"https:\/\/blogdofarnesio.com.br\/#website","url":"https:\/\/blogdofarnesio.com.br\/","name":"Blog do Farn\u00e9sio","description":"Quer Saber Pol\u00edtica?","publisher":{"@id":"https:\/\/blogdofarnesio.com.br\/#organization"},"potentialAction":[{"@type":"SearchAction","target":{"@type":"EntryPoint","urlTemplate":"https:\/\/blogdofarnesio.com.br\/?s={search_term_string}"},"query-input":{"@type":"PropertyValueSpecification","valueRequired":true,"valueName":"search_term_string"}}],"inLanguage":"pt-BR"},{"@type":"Organization","@id":"https:\/\/blogdofarnesio.com.br\/#organization","name":"Blog do Farn\u00e9sio","url":"https:\/\/blogdofarnesio.com.br\/","logo":{"@type":"ImageObject","inLanguage":"pt-BR","@id":"https:\/\/blogdofarnesio.com.br\/#\/schema\/logo\/image\/","url":"https:\/\/blogdofarnesio.com.br\/wp-content\/uploads\/2026\/03\/cropped-logo_new-1.png","contentUrl":"https:\/\/blogdofarnesio.com.br\/wp-content\/uploads\/2026\/03\/cropped-logo_new-1.png","width":881,"height":685,"caption":"Blog do Farn\u00e9sio"},"image":{"@id":"https:\/\/blogdofarnesio.com.br\/#\/schema\/logo\/image\/"},"sameAs":["https:\/\/www.facebook.com\/BlogQuerSaberPolitica\/"]},{"@type":"Person","@id":"https:\/\/blogdofarnesio.com.br\/#\/schema\/person\/bb9b23ae3ad0609ce8df7b6c9e76824d","name":"Farn\u00e9sio","image":{"@type":"ImageObject","inLanguage":"pt-BR","@id":"https:\/\/secure.gravatar.com\/avatar\/986aa4c61ccdb66f8555bf88fc2a65609d00bcabd4d2d94377a727547345cbca?s=96&d=mm&r=g","url":"https:\/\/secure.gravatar.com\/avatar\/986aa4c61ccdb66f8555bf88fc2a65609d00bcabd4d2d94377a727547345cbca?s=96&d=mm&r=g","contentUrl":"https:\/\/secure.gravatar.com\/avatar\/986aa4c61ccdb66f8555bf88fc2a65609d00bcabd4d2d94377a727547345cbca?s=96&d=mm&r=g","caption":"Farn\u00e9sio"},"description":"Radialista blogueiro, chegou a Petrolina\/Juazeiro em setembro de 1980, Farn\u00e9sio Silva \u00e9 de Arapiraca-Alagoas.","sameAs":["http:\/\/blogdofarnesio.com.br","https:\/\/www.facebook.com\/?ref=tn_tnmn","https:\/\/www.instagram.com\/?utm_source=pwa_homescreen","https:\/\/youtube.com.br\/"],"url":"https:\/\/blogdofarnesio.com.br\/?author=2"}]}},"_links":{"self":[{"href":"https:\/\/blogdofarnesio.com.br\/index.php?rest_route=\/wp\/v2\/posts\/364349","targetHints":{"allow":["GET"]}}],"collection":[{"href":"https:\/\/blogdofarnesio.com.br\/index.php?rest_route=\/wp\/v2\/posts"}],"about":[{"href":"https:\/\/blogdofarnesio.com.br\/index.php?rest_route=\/wp\/v2\/types\/post"}],"author":[{"embeddable":true,"href":"https:\/\/blogdofarnesio.com.br\/index.php?rest_route=\/wp\/v2\/users\/2"}],"replies":[{"embeddable":true,"href":"https:\/\/blogdofarnesio.com.br\/index.php?rest_route=%2Fwp%2Fv2%2Fcomments&post=364349"}],"version-history":[{"count":0,"href":"https:\/\/blogdofarnesio.com.br\/index.php?rest_route=\/wp\/v2\/posts\/364349\/revisions"}],"wp:featuredmedia":[{"embeddable":true,"href":"https:\/\/blogdofarnesio.com.br\/index.php?rest_route=\/wp\/v2\/media\/282254"}],"wp:attachment":[{"href":"https:\/\/blogdofarnesio.com.br\/index.php?rest_route=%2Fwp%2Fv2%2Fmedia&parent=364349"}],"wp:term":[{"taxonomy":"category","embeddable":true,"href":"https:\/\/blogdofarnesio.com.br\/index.php?rest_route=%2Fwp%2Fv2%2Fcategories&post=364349"},{"taxonomy":"post_tag","embeddable":true,"href":"https:\/\/blogdofarnesio.com.br\/index.php?rest_route=%2Fwp%2Fv2%2Ftags&post=364349"}],"curies":[{"name":"wp","href":"https:\/\/api.w.org\/{rel}","templated":true}]}}