{"id":364230,"date":"2024-03-21T09:02:10","date_gmt":"2024-03-21T12:02:10","guid":{"rendered":"https:\/\/blogdofarnesio.com.br\/?p=364230"},"modified":"2024-03-21T09:02:10","modified_gmt":"2024-03-21T12:02:10","slug":"simao-durando-anuncia-programacao-do-sao-joao-de-petrolina-com-mais-de-100-atracoes-nacionais-e-regionais","status":"publish","type":"post","link":"https:\/\/blogdofarnesio.com.br\/?p=364230","title":{"rendered":"Sim\u00e3o Durando anuncia programa\u00e7\u00e3o do S\u00e3o Jo\u00e3o de Petrolina com mais de 100 atra\u00e7\u00f5es nacionais e regionais"},"content":{"rendered":"<p><i>Jo\u00e3o Gomes, Gusttavo Lima, Safad\u00e3o, Ana Castela, Alceu Valen\u00e7a, L\u00e9o Santana, Henrique &amp; Juliano, Alok e Xand Avi\u00e3o est\u00e3o entre as atra\u00e7\u00f5es<\/i><\/p>\n<p>Em grande estilo, a programa\u00e7\u00e3o do S\u00e3o Jo\u00e3o de Petrolina foi lan\u00e7ada nesta quarta-feira (20) pelo prefeito Sim\u00e3o Durando ao som de muito forr\u00f3 e anima\u00e7\u00e3o do p\u00fablico presente. Neste ano, o ciclo junino da Capital do Sert\u00e3o j\u00e1 come\u00e7a no pr\u00f3ximo m\u00eas e segue at\u00e9 o final de junho. Com o tema &#8216;Viva a nossa Arte&#8217;, a festa vem para valorizar a cultura do Vale do S\u00e3o Francisco nas mais diversas linguagens. A expectativa \u00e9 que o ciclo re\u00fana mais de 800 mil pessoas e injete 300 milh\u00f5es de reais na economia local.<\/p>\n<p>O ciclo junino ser\u00e1 aberto oficialmente com a ExpoRajada, no dia 19 de abril e segue at\u00e9 a Missa do Vaqueiro, em 30 de junho. A programa\u00e7\u00e3o ter\u00e1 ainda diversos eventos culturais como o Concerto Junino, Festa de Santo Ant\u00f4nio, Concurso de Quadrilhas e Festival de Violeiros.<\/p>\n<p>A programa\u00e7\u00e3o principal est\u00e1 confirmada com artistas do cen\u00e1rio nacional e regional. A maratona de shows no P\u00e1tio Ana das Carrancas ser\u00e1 realizada, no per\u00edodo de 14 a 24 de junho. A grade art\u00edstica conta com uma mistura de ritmos recheada do tradicional forr\u00f3, o sertanejo, a MPB, o pagode e a m\u00fasica eletr\u00f4nica. Neste ano, o evento ter\u00e1 uma novidade especial: a programa\u00e7\u00e3o contar\u00e1 com um dia a mais, totalizando dez noites de festa.<\/p>\n<p>Entre as atra\u00e7\u00f5es de renome nacional, o S\u00e3o Jo\u00e3o de Petrolina ter\u00e1 na programa\u00e7\u00e3o Alceu Valen\u00e7a; Geraldo Azevedo; Safad\u00e3o, Gusttavo Lima; Jorge e Mateus; Simone Mendes, Victor e L\u00e9o; Henrique e Juliano; Ana Castela; Lim\u00e3o com Mel; Jo\u00e3o Gomes, Luan Santana, Alok, Iguinho e Lulinha, Jorge &amp; Mateus, Dorgival Dantas, Nattan, Matheus e Kauan; Leonardo; Maiara e Maraisa; Bruno &amp; Marrone, L\u00e9o Santana, Bell Marques e muito mais.<\/p>\n<p>De acordo com o prefeito Sim\u00e3o Durando, esta edi\u00e7\u00e3o do S\u00e3o Jo\u00e3o de Petrolina ser\u00e1 a melhor j\u00e1 vista na hist\u00f3ria. \u201c\u00c9, sem d\u00favidas, o melhor e o maior ciclo junino, com mais dias de eventos e uma programa\u00e7\u00e3o impactante. Isso vai gerar mais oportunidades, empregos, renda e a valoriza\u00e7\u00e3o de nossa cultura, da nossa identidade petrolinense. O S\u00e3o Jo\u00e3o de Petrolina est\u00e1 consolidado como um dos maiores eventos do Brasil e agora damos mais um passo para levar o nome da nossa cidade para todo o pa\u00eds e o mundo. O Sert\u00e3o do S\u00e3o Francisco ser\u00e1 o palco para receber grandes artistas, milhares de turistas, um ponto de encontro para celebrar a nossa arte e nossa regi\u00e3o&#8221;, concluiu.<\/p>\n<p><b>Programa\u00e7\u00e3o completa:<\/b><\/p>\n<p>Sexta (14): Henrique e Juliano\/ L\u00e9o Santana\/ Tarc\u00edsio do Acordeon\/ Avine Vinny\/ Pedro Libe<\/p>\n<p>S\u00e1bado (15): \u00a0Bell Marques\/ Victor e Leo\/ Pablo\/ Desejo de Menina\/ Elisson Castro<\/p>\n<p>Domingo (16): Murilo Huff\/ Mano Walter\/ Alceu Valen\u00e7a\/ Geraldo Azevedo\/ Fabinho Testado<\/p>\n<p>Ter\u00e7a (18): Matheus e Kauan\/ Z\u00e9 Vaqueiro\/ Lim\u00e3o com Mel\/ Dorgival Dantas\/ Luan Estilizado<\/p>\n<p>Quarta (19): Leonardo\/ Maiara e Maraisa\/ Jo\u00e3o Gomes\/ Ra\u00ed Saia Rodada\/ Mari e Rayane<\/p>\n<p>Quinta (20): Wesley Safad\u00e3o\/ Bruno e Marrone\/ Simone Mendes\/ Eric Land\/ Taty Girl<\/p>\n<p>Sexta (21): Xand Avi\u00e3o\/ Nattan\/ Luan Santana\/ Jonas Esticado\/ Pedro Cavalcante<\/p>\n<p>S\u00e1bado (22): Gusttavo Lima\/ Z\u00e9 Neto e Cristiano\/ Ana Castela\/ Henry Freitas\/ Targino Gondim<\/p>\n<p>Domingo (23): Alok\/ \u00a0Mari Fernandez\/ Iguinho e Lulinha\/ Bruno e Denner\/ Toca do Vale<\/p>\n<p>Segunda (24): Jorge e Mateus\/ Felipe Amorim\/ Vitor Fernandes\/ Gustavo Mioto\/ Seu Desejo<\/p>\n<p><b>Calend\u00e1rio do ciclo junino de Petrolina<\/b><\/p>\n<p>19 a 21 de abril &#8211; ExpoRajada<\/p>\n<p>17 e 18 de maio &#8211; S\u00e3o Jo\u00e3o dos Bairros (Jos\u00e9 e Maria)<\/p>\n<p>24 e 25 de maio &#8211; S\u00e3o Jo\u00e3o dos Bairros (Cohab Massangano)<\/p>\n<p>28 de maio a 2 de junho &#8211; Vaquejada<\/p>\n<p>7 a 8 de junho &#8211; Concurso de Quadrilhas Juninas<\/p>\n<p>7 a 9 de junho &#8211; Jecana<\/p>\n<p>9 de junho &#8211; Corrida dos Namorados<\/p>\n<p>10 de junho &#8211; Concerto Junino<\/p>\n<p>11 de junho &#8211; 38\u00b0 Festival de Violeiros<\/p>\n<p>12 de Junho &#8211; Concurso de Sanfoneiros<\/p>\n<p>13 de junho &#8211; Festa de Santo Ant\u00f4nio na Ilha do Massangano<\/p>\n<p>14 a 24 de junho &#8211; S\u00e3o Jo\u00e3o no P\u00e1tio Ana das Carrancas<\/p>\n<p>29 \u00a0de junho &#8211; Forr\u00f3 da Espora<\/p>\n<p>30 \u00a0de junho &#8211; Missa do Vaqueiro<\/p>\n<p>Cleilma Silva- Assessora de Imprensa<br \/>\nFoto: Erlan Alexandre<\/p>\n","protected":false},"excerpt":{"rendered":"<p>Jo\u00e3o Gomes, Gusttavo Lima, Safad\u00e3o, Ana Castela, Alceu Valen\u00e7a, L\u00e9o Santana, Henrique &amp; Juliano, Alok e Xand Avi\u00e3o est\u00e3o entre as atra\u00e7\u00f5es Em grande estilo, a programa\u00e7\u00e3o do S\u00e3o Jo\u00e3o de Petrolina foi lan\u00e7ada nesta quarta-feira (20) pelo prefeito Sim\u00e3o Durando ao som de muito forr\u00f3 e anima\u00e7\u00e3o do p\u00fablico presente. Neste ano, o ciclo junino da Capital do Sert\u00e3o j\u00e1 come\u00e7a no pr\u00f3ximo m\u00eas e segue at\u00e9 o final de junho. Com o tema &#8216;Viva a nossa Arte&#8217;, a festa vem para valorizar a cultura do Vale do S\u00e3o Francisco nas mais diversas linguagens. A expectativa \u00e9 que o ciclo re\u00fana mais de 800 mil pessoas e injete 300 milh\u00f5es de reais na economia local. O ciclo junino ser\u00e1&hellip; <\/p>\n","protected":false},"author":2,"featured_media":364231,"comment_status":"open","ping_status":"open","sticky":false,"template":"","format":"standard","meta":{"_acf_changed":false,"footnotes":""},"categories":[44],"tags":[],"class_list":["post-364230","post","type-post","status-publish","format-standard","has-post-thumbnail","hentry","category-administracao"],"acf":[],"yoast_head":"<!-- This site is optimized with the Yoast SEO plugin v27.4 - https:\/\/yoast.com\/product\/yoast-seo-wordpress\/ -->\n<title>Sim\u00e3o Durando anuncia programa\u00e7\u00e3o do S\u00e3o Jo\u00e3o de Petrolina com mais de 100 atra\u00e7\u00f5es nacionais e regionais - Blog do Farn\u00e9sio<\/title>\n<meta name=\"robots\" content=\"index, follow, max-snippet:-1, max-image-preview:large, max-video-preview:-1\" \/>\n<link rel=\"canonical\" href=\"https:\/\/blogdofarnesio.com.br\/?p=364230\" \/>\n<meta property=\"og:locale\" content=\"pt_BR\" \/>\n<meta property=\"og:type\" content=\"article\" \/>\n<meta property=\"og:title\" content=\"Sim\u00e3o Durando anuncia programa\u00e7\u00e3o do S\u00e3o Jo\u00e3o de Petrolina com mais de 100 atra\u00e7\u00f5es nacionais e regionais - Blog do Farn\u00e9sio\" \/>\n<meta property=\"og:description\" content=\"Jo\u00e3o Gomes, Gusttavo Lima, Safad\u00e3o, Ana Castela, Alceu Valen\u00e7a, L\u00e9o Santana, Henrique &amp; Juliano, Alok e Xand Avi\u00e3o est\u00e3o entre as atra\u00e7\u00f5es Em grande estilo, a programa\u00e7\u00e3o do S\u00e3o Jo\u00e3o de Petrolina foi lan\u00e7ada nesta quarta-feira (20) pelo prefeito Sim\u00e3o Durando ao som de muito forr\u00f3 e anima\u00e7\u00e3o do p\u00fablico presente. Neste ano, o ciclo junino da Capital do Sert\u00e3o j\u00e1 come\u00e7a no pr\u00f3ximo m\u00eas e segue at\u00e9 o final de junho. Com o tema &#8216;Viva a nossa Arte&#8217;, a festa vem para valorizar a cultura do Vale do S\u00e3o Francisco nas mais diversas linguagens. A expectativa \u00e9 que o ciclo re\u00fana mais de 800 mil pessoas e injete 300 milh\u00f5es de reais na economia local. O ciclo junino ser\u00e1&hellip;\" \/>\n<meta property=\"og:url\" content=\"https:\/\/blogdofarnesio.com.br\/?p=364230\" \/>\n<meta property=\"og:site_name\" content=\"Blog do Farn\u00e9sio\" \/>\n<meta property=\"article:publisher\" content=\"https:\/\/www.facebook.com\/BlogQuerSaberPolitica\/\" \/>\n<meta property=\"article:author\" content=\"https:\/\/www.facebook.com\/?ref=tn_tnmn\" \/>\n<meta property=\"article:published_time\" content=\"2024-03-21T12:02:10+00:00\" \/>\n<meta property=\"og:image\" content=\"https:\/\/blogdofarnesio.com.br\/wp-content\/uploads\/2024\/03\/SJ-de-Petrolina-e1711022479104.jpeg\" \/>\n\t<meta property=\"og:image:width\" content=\"600\" \/>\n\t<meta property=\"og:image:height\" content=\"400\" \/>\n\t<meta property=\"og:image:type\" content=\"image\/jpeg\" \/>\n<meta name=\"author\" content=\"Farn\u00e9sio\" \/>\n<meta name=\"twitter:card\" content=\"summary_large_image\" \/>\n<meta name=\"twitter:label1\" content=\"Escrito por\" \/>\n\t<meta name=\"twitter:data1\" content=\"Farn\u00e9sio\" \/>\n\t<meta name=\"twitter:label2\" content=\"Est. tempo de leitura\" \/>\n\t<meta name=\"twitter:data2\" content=\"4 minutos\" \/>\n<script type=\"application\/ld+json\" class=\"yoast-schema-graph\">{\"@context\":\"https:\\\/\\\/schema.org\",\"@graph\":[{\"@type\":\"Article\",\"@id\":\"https:\\\/\\\/blogdofarnesio.com.br\\\/?p=364230#article\",\"isPartOf\":{\"@id\":\"https:\\\/\\\/blogdofarnesio.com.br\\\/?p=364230\"},\"author\":{\"name\":\"Farn\u00e9sio\",\"@id\":\"https:\\\/\\\/blogdofarnesio.com.br\\\/#\\\/schema\\\/person\\\/bb9b23ae3ad0609ce8df7b6c9e76824d\"},\"headline\":\"Sim\u00e3o Durando anuncia programa\u00e7\u00e3o do S\u00e3o Jo\u00e3o de Petrolina com mais de 100 atra\u00e7\u00f5es nacionais e regionais\",\"datePublished\":\"2024-03-21T12:02:10+00:00\",\"mainEntityOfPage\":{\"@id\":\"https:\\\/\\\/blogdofarnesio.com.br\\\/?p=364230\"},\"wordCount\":753,\"commentCount\":0,\"publisher\":{\"@id\":\"https:\\\/\\\/blogdofarnesio.com.br\\\/#organization\"},\"image\":{\"@id\":\"https:\\\/\\\/blogdofarnesio.com.br\\\/?p=364230#primaryimage\"},\"thumbnailUrl\":\"https:\\\/\\\/blogdofarnesio.com.br\\\/wp-content\\\/uploads\\\/2024\\\/03\\\/SJ-de-Petrolina-e1711022479104.jpeg\",\"articleSection\":[\"Administra\u00e7\u00e3o\"],\"inLanguage\":\"pt-BR\",\"potentialAction\":[{\"@type\":\"CommentAction\",\"name\":\"Comment\",\"target\":[\"https:\\\/\\\/blogdofarnesio.com.br\\\/?p=364230#respond\"]}]},{\"@type\":\"WebPage\",\"@id\":\"https:\\\/\\\/blogdofarnesio.com.br\\\/?p=364230\",\"url\":\"https:\\\/\\\/blogdofarnesio.com.br\\\/?p=364230\",\"name\":\"Sim\u00e3o Durando anuncia programa\u00e7\u00e3o do S\u00e3o Jo\u00e3o de Petrolina com mais de 100 atra\u00e7\u00f5es nacionais e regionais - Blog do Farn\u00e9sio\",\"isPartOf\":{\"@id\":\"https:\\\/\\\/blogdofarnesio.com.br\\\/#website\"},\"primaryImageOfPage\":{\"@id\":\"https:\\\/\\\/blogdofarnesio.com.br\\\/?p=364230#primaryimage\"},\"image\":{\"@id\":\"https:\\\/\\\/blogdofarnesio.com.br\\\/?p=364230#primaryimage\"},\"thumbnailUrl\":\"https:\\\/\\\/blogdofarnesio.com.br\\\/wp-content\\\/uploads\\\/2024\\\/03\\\/SJ-de-Petrolina-e1711022479104.jpeg\",\"datePublished\":\"2024-03-21T12:02:10+00:00\",\"breadcrumb\":{\"@id\":\"https:\\\/\\\/blogdofarnesio.com.br\\\/?p=364230#breadcrumb\"},\"inLanguage\":\"pt-BR\",\"potentialAction\":[{\"@type\":\"ReadAction\",\"target\":[\"https:\\\/\\\/blogdofarnesio.com.br\\\/?p=364230\"]}]},{\"@type\":\"ImageObject\",\"inLanguage\":\"pt-BR\",\"@id\":\"https:\\\/\\\/blogdofarnesio.com.br\\\/?p=364230#primaryimage\",\"url\":\"https:\\\/\\\/blogdofarnesio.com.br\\\/wp-content\\\/uploads\\\/2024\\\/03\\\/SJ-de-Petrolina-e1711022479104.jpeg\",\"contentUrl\":\"https:\\\/\\\/blogdofarnesio.com.br\\\/wp-content\\\/uploads\\\/2024\\\/03\\\/SJ-de-Petrolina-e1711022479104.jpeg\",\"width\":600,\"height\":400},{\"@type\":\"BreadcrumbList\",\"@id\":\"https:\\\/\\\/blogdofarnesio.com.br\\\/?p=364230#breadcrumb\",\"itemListElement\":[{\"@type\":\"ListItem\",\"position\":1,\"name\":\"In\u00edcio\",\"item\":\"https:\\\/\\\/blogdofarnesio.com.br\\\/\"},{\"@type\":\"ListItem\",\"position\":2,\"name\":\"Sim\u00e3o Durando anuncia programa\u00e7\u00e3o do S\u00e3o Jo\u00e3o de Petrolina com mais de 100 atra\u00e7\u00f5es nacionais e regionais\"}]},{\"@type\":\"WebSite\",\"@id\":\"https:\\\/\\\/blogdofarnesio.com.br\\\/#website\",\"url\":\"https:\\\/\\\/blogdofarnesio.com.br\\\/\",\"name\":\"Blog do Farn\u00e9sio\",\"description\":\"Quer Saber Pol\u00edtica?\",\"publisher\":{\"@id\":\"https:\\\/\\\/blogdofarnesio.com.br\\\/#organization\"},\"potentialAction\":[{\"@type\":\"SearchAction\",\"target\":{\"@type\":\"EntryPoint\",\"urlTemplate\":\"https:\\\/\\\/blogdofarnesio.com.br\\\/?s={search_term_string}\"},\"query-input\":{\"@type\":\"PropertyValueSpecification\",\"valueRequired\":true,\"valueName\":\"search_term_string\"}}],\"inLanguage\":\"pt-BR\"},{\"@type\":\"Organization\",\"@id\":\"https:\\\/\\\/blogdofarnesio.com.br\\\/#organization\",\"name\":\"Blog do Farn\u00e9sio\",\"url\":\"https:\\\/\\\/blogdofarnesio.com.br\\\/\",\"logo\":{\"@type\":\"ImageObject\",\"inLanguage\":\"pt-BR\",\"@id\":\"https:\\\/\\\/blogdofarnesio.com.br\\\/#\\\/schema\\\/logo\\\/image\\\/\",\"url\":\"https:\\\/\\\/blogdofarnesio.com.br\\\/wp-content\\\/uploads\\\/2026\\\/03\\\/cropped-logo_new-1.png\",\"contentUrl\":\"https:\\\/\\\/blogdofarnesio.com.br\\\/wp-content\\\/uploads\\\/2026\\\/03\\\/cropped-logo_new-1.png\",\"width\":881,\"height\":685,\"caption\":\"Blog do Farn\u00e9sio\"},\"image\":{\"@id\":\"https:\\\/\\\/blogdofarnesio.com.br\\\/#\\\/schema\\\/logo\\\/image\\\/\"},\"sameAs\":[\"https:\\\/\\\/www.facebook.com\\\/BlogQuerSaberPolitica\\\/\"]},{\"@type\":\"Person\",\"@id\":\"https:\\\/\\\/blogdofarnesio.com.br\\\/#\\\/schema\\\/person\\\/bb9b23ae3ad0609ce8df7b6c9e76824d\",\"name\":\"Farn\u00e9sio\",\"image\":{\"@type\":\"ImageObject\",\"inLanguage\":\"pt-BR\",\"@id\":\"https:\\\/\\\/secure.gravatar.com\\\/avatar\\\/986aa4c61ccdb66f8555bf88fc2a65609d00bcabd4d2d94377a727547345cbca?s=96&d=mm&r=g\",\"url\":\"https:\\\/\\\/secure.gravatar.com\\\/avatar\\\/986aa4c61ccdb66f8555bf88fc2a65609d00bcabd4d2d94377a727547345cbca?s=96&d=mm&r=g\",\"contentUrl\":\"https:\\\/\\\/secure.gravatar.com\\\/avatar\\\/986aa4c61ccdb66f8555bf88fc2a65609d00bcabd4d2d94377a727547345cbca?s=96&d=mm&r=g\",\"caption\":\"Farn\u00e9sio\"},\"description\":\"Radialista blogueiro, chegou a Petrolina\\\/Juazeiro em setembro de 1980, Farn\u00e9sio Silva \u00e9 de Arapiraca-Alagoas.\",\"sameAs\":[\"http:\\\/\\\/blogdofarnesio.com.br\",\"https:\\\/\\\/www.facebook.com\\\/?ref=tn_tnmn\",\"https:\\\/\\\/www.instagram.com\\\/?utm_source=pwa_homescreen\",\"https:\\\/\\\/youtube.com.br\\\/\"],\"url\":\"https:\\\/\\\/blogdofarnesio.com.br\\\/?author=2\"}]}<\/script>\n<!-- \/ Yoast SEO plugin. -->","yoast_head_json":{"title":"Sim\u00e3o Durando anuncia programa\u00e7\u00e3o do S\u00e3o Jo\u00e3o de Petrolina com mais de 100 atra\u00e7\u00f5es nacionais e regionais - Blog do Farn\u00e9sio","robots":{"index":"index","follow":"follow","max-snippet":"max-snippet:-1","max-image-preview":"max-image-preview:large","max-video-preview":"max-video-preview:-1"},"canonical":"https:\/\/blogdofarnesio.com.br\/?p=364230","og_locale":"pt_BR","og_type":"article","og_title":"Sim\u00e3o Durando anuncia programa\u00e7\u00e3o do S\u00e3o Jo\u00e3o de Petrolina com mais de 100 atra\u00e7\u00f5es nacionais e regionais - Blog do Farn\u00e9sio","og_description":"Jo\u00e3o Gomes, Gusttavo Lima, Safad\u00e3o, Ana Castela, Alceu Valen\u00e7a, L\u00e9o Santana, Henrique &amp; Juliano, Alok e Xand Avi\u00e3o est\u00e3o entre as atra\u00e7\u00f5es Em grande estilo, a programa\u00e7\u00e3o do S\u00e3o Jo\u00e3o de Petrolina foi lan\u00e7ada nesta quarta-feira (20) pelo prefeito Sim\u00e3o Durando ao som de muito forr\u00f3 e anima\u00e7\u00e3o do p\u00fablico presente. Neste ano, o ciclo junino da Capital do Sert\u00e3o j\u00e1 come\u00e7a no pr\u00f3ximo m\u00eas e segue at\u00e9 o final de junho. Com o tema &#8216;Viva a nossa Arte&#8217;, a festa vem para valorizar a cultura do Vale do S\u00e3o Francisco nas mais diversas linguagens. A expectativa \u00e9 que o ciclo re\u00fana mais de 800 mil pessoas e injete 300 milh\u00f5es de reais na economia local. O ciclo junino ser\u00e1&hellip;","og_url":"https:\/\/blogdofarnesio.com.br\/?p=364230","og_site_name":"Blog do Farn\u00e9sio","article_publisher":"https:\/\/www.facebook.com\/BlogQuerSaberPolitica\/","article_author":"https:\/\/www.facebook.com\/?ref=tn_tnmn","article_published_time":"2024-03-21T12:02:10+00:00","og_image":[{"width":600,"height":400,"url":"https:\/\/blogdofarnesio.com.br\/wp-content\/uploads\/2024\/03\/SJ-de-Petrolina-e1711022479104.jpeg","type":"image\/jpeg"}],"author":"Farn\u00e9sio","twitter_card":"summary_large_image","twitter_misc":{"Escrito por":"Farn\u00e9sio","Est. tempo de leitura":"4 minutos"},"schema":{"@context":"https:\/\/schema.org","@graph":[{"@type":"Article","@id":"https:\/\/blogdofarnesio.com.br\/?p=364230#article","isPartOf":{"@id":"https:\/\/blogdofarnesio.com.br\/?p=364230"},"author":{"name":"Farn\u00e9sio","@id":"https:\/\/blogdofarnesio.com.br\/#\/schema\/person\/bb9b23ae3ad0609ce8df7b6c9e76824d"},"headline":"Sim\u00e3o Durando anuncia programa\u00e7\u00e3o do S\u00e3o Jo\u00e3o de Petrolina com mais de 100 atra\u00e7\u00f5es nacionais e regionais","datePublished":"2024-03-21T12:02:10+00:00","mainEntityOfPage":{"@id":"https:\/\/blogdofarnesio.com.br\/?p=364230"},"wordCount":753,"commentCount":0,"publisher":{"@id":"https:\/\/blogdofarnesio.com.br\/#organization"},"image":{"@id":"https:\/\/blogdofarnesio.com.br\/?p=364230#primaryimage"},"thumbnailUrl":"https:\/\/blogdofarnesio.com.br\/wp-content\/uploads\/2024\/03\/SJ-de-Petrolina-e1711022479104.jpeg","articleSection":["Administra\u00e7\u00e3o"],"inLanguage":"pt-BR","potentialAction":[{"@type":"CommentAction","name":"Comment","target":["https:\/\/blogdofarnesio.com.br\/?p=364230#respond"]}]},{"@type":"WebPage","@id":"https:\/\/blogdofarnesio.com.br\/?p=364230","url":"https:\/\/blogdofarnesio.com.br\/?p=364230","name":"Sim\u00e3o Durando anuncia programa\u00e7\u00e3o do S\u00e3o Jo\u00e3o de Petrolina com mais de 100 atra\u00e7\u00f5es nacionais e regionais - Blog do Farn\u00e9sio","isPartOf":{"@id":"https:\/\/blogdofarnesio.com.br\/#website"},"primaryImageOfPage":{"@id":"https:\/\/blogdofarnesio.com.br\/?p=364230#primaryimage"},"image":{"@id":"https:\/\/blogdofarnesio.com.br\/?p=364230#primaryimage"},"thumbnailUrl":"https:\/\/blogdofarnesio.com.br\/wp-content\/uploads\/2024\/03\/SJ-de-Petrolina-e1711022479104.jpeg","datePublished":"2024-03-21T12:02:10+00:00","breadcrumb":{"@id":"https:\/\/blogdofarnesio.com.br\/?p=364230#breadcrumb"},"inLanguage":"pt-BR","potentialAction":[{"@type":"ReadAction","target":["https:\/\/blogdofarnesio.com.br\/?p=364230"]}]},{"@type":"ImageObject","inLanguage":"pt-BR","@id":"https:\/\/blogdofarnesio.com.br\/?p=364230#primaryimage","url":"https:\/\/blogdofarnesio.com.br\/wp-content\/uploads\/2024\/03\/SJ-de-Petrolina-e1711022479104.jpeg","contentUrl":"https:\/\/blogdofarnesio.com.br\/wp-content\/uploads\/2024\/03\/SJ-de-Petrolina-e1711022479104.jpeg","width":600,"height":400},{"@type":"BreadcrumbList","@id":"https:\/\/blogdofarnesio.com.br\/?p=364230#breadcrumb","itemListElement":[{"@type":"ListItem","position":1,"name":"In\u00edcio","item":"https:\/\/blogdofarnesio.com.br\/"},{"@type":"ListItem","position":2,"name":"Sim\u00e3o Durando anuncia programa\u00e7\u00e3o do S\u00e3o Jo\u00e3o de Petrolina com mais de 100 atra\u00e7\u00f5es nacionais e regionais"}]},{"@type":"WebSite","@id":"https:\/\/blogdofarnesio.com.br\/#website","url":"https:\/\/blogdofarnesio.com.br\/","name":"Blog do Farn\u00e9sio","description":"Quer Saber Pol\u00edtica?","publisher":{"@id":"https:\/\/blogdofarnesio.com.br\/#organization"},"potentialAction":[{"@type":"SearchAction","target":{"@type":"EntryPoint","urlTemplate":"https:\/\/blogdofarnesio.com.br\/?s={search_term_string}"},"query-input":{"@type":"PropertyValueSpecification","valueRequired":true,"valueName":"search_term_string"}}],"inLanguage":"pt-BR"},{"@type":"Organization","@id":"https:\/\/blogdofarnesio.com.br\/#organization","name":"Blog do Farn\u00e9sio","url":"https:\/\/blogdofarnesio.com.br\/","logo":{"@type":"ImageObject","inLanguage":"pt-BR","@id":"https:\/\/blogdofarnesio.com.br\/#\/schema\/logo\/image\/","url":"https:\/\/blogdofarnesio.com.br\/wp-content\/uploads\/2026\/03\/cropped-logo_new-1.png","contentUrl":"https:\/\/blogdofarnesio.com.br\/wp-content\/uploads\/2026\/03\/cropped-logo_new-1.png","width":881,"height":685,"caption":"Blog do Farn\u00e9sio"},"image":{"@id":"https:\/\/blogdofarnesio.com.br\/#\/schema\/logo\/image\/"},"sameAs":["https:\/\/www.facebook.com\/BlogQuerSaberPolitica\/"]},{"@type":"Person","@id":"https:\/\/blogdofarnesio.com.br\/#\/schema\/person\/bb9b23ae3ad0609ce8df7b6c9e76824d","name":"Farn\u00e9sio","image":{"@type":"ImageObject","inLanguage":"pt-BR","@id":"https:\/\/secure.gravatar.com\/avatar\/986aa4c61ccdb66f8555bf88fc2a65609d00bcabd4d2d94377a727547345cbca?s=96&d=mm&r=g","url":"https:\/\/secure.gravatar.com\/avatar\/986aa4c61ccdb66f8555bf88fc2a65609d00bcabd4d2d94377a727547345cbca?s=96&d=mm&r=g","contentUrl":"https:\/\/secure.gravatar.com\/avatar\/986aa4c61ccdb66f8555bf88fc2a65609d00bcabd4d2d94377a727547345cbca?s=96&d=mm&r=g","caption":"Farn\u00e9sio"},"description":"Radialista blogueiro, chegou a Petrolina\/Juazeiro em setembro de 1980, Farn\u00e9sio Silva \u00e9 de Arapiraca-Alagoas.","sameAs":["http:\/\/blogdofarnesio.com.br","https:\/\/www.facebook.com\/?ref=tn_tnmn","https:\/\/www.instagram.com\/?utm_source=pwa_homescreen","https:\/\/youtube.com.br\/"],"url":"https:\/\/blogdofarnesio.com.br\/?author=2"}]}},"_links":{"self":[{"href":"https:\/\/blogdofarnesio.com.br\/index.php?rest_route=\/wp\/v2\/posts\/364230","targetHints":{"allow":["GET"]}}],"collection":[{"href":"https:\/\/blogdofarnesio.com.br\/index.php?rest_route=\/wp\/v2\/posts"}],"about":[{"href":"https:\/\/blogdofarnesio.com.br\/index.php?rest_route=\/wp\/v2\/types\/post"}],"author":[{"embeddable":true,"href":"https:\/\/blogdofarnesio.com.br\/index.php?rest_route=\/wp\/v2\/users\/2"}],"replies":[{"embeddable":true,"href":"https:\/\/blogdofarnesio.com.br\/index.php?rest_route=%2Fwp%2Fv2%2Fcomments&post=364230"}],"version-history":[{"count":0,"href":"https:\/\/blogdofarnesio.com.br\/index.php?rest_route=\/wp\/v2\/posts\/364230\/revisions"}],"wp:featuredmedia":[{"embeddable":true,"href":"https:\/\/blogdofarnesio.com.br\/index.php?rest_route=\/wp\/v2\/media\/364231"}],"wp:attachment":[{"href":"https:\/\/blogdofarnesio.com.br\/index.php?rest_route=%2Fwp%2Fv2%2Fmedia&parent=364230"}],"wp:term":[{"taxonomy":"category","embeddable":true,"href":"https:\/\/blogdofarnesio.com.br\/index.php?rest_route=%2Fwp%2Fv2%2Fcategories&post=364230"},{"taxonomy":"post_tag","embeddable":true,"href":"https:\/\/blogdofarnesio.com.br\/index.php?rest_route=%2Fwp%2Fv2%2Ftags&post=364230"}],"curies":[{"name":"wp","href":"https:\/\/api.w.org\/{rel}","templated":true}]}}