{"id":364220,"date":"2024-03-21T08:42:36","date_gmt":"2024-03-21T11:42:36","guid":{"rendered":"https:\/\/blogdofarnesio.com.br\/?p=364220"},"modified":"2024-03-21T08:34:16","modified_gmt":"2024-03-21T11:34:16","slug":"pe-de-meia-alunos-podem-consultar-se-foram-contemplados-a-partir-desta-quarta-pagamentos-comecam-dia-26","status":"publish","type":"post","link":"https:\/\/blogdofarnesio.com.br\/?p=364220","title":{"rendered":"P\u00e9-de-Meia: alunos j\u00e1 podem consultar se foram contemplados; pagamentos come\u00e7am dia 26"},"content":{"rendered":"<div class=\"entry-content clearfix\">\n<p>Os estudantes do ensino m\u00e9dio da rede p\u00fablica j\u00e1 podem consultar se foram contemplados pelo programa P\u00e9-de-Meia. A informa\u00e7\u00e3o est\u00e1 dispon\u00edvel no aplicativo Jornada do Estudante, do Minist\u00e9rio da Educa\u00e7\u00e3o (MEC).<\/p>\n<p>P\u00e9-de-Meia\u00a0\u00e9 um programa do Governo Federal, que, por meio do MEC, ir\u00e1 fornecer incentivo financeiro para estudantes de baixa renda regularmente matriculados no ensino m\u00e9dio da rede p\u00fablica, como forma de combater a evas\u00e3o escolar. Ser\u00e3o contemplados alunos dos 14 aos 24 anos, cuja fam\u00edlia est\u00e1 inscrita no Cadastro \u00danico (Cad\u00danico).<\/p>\n<p>Se for beneficiado pelo programa, o aluno encontrar\u00e1 no app informa\u00e7\u00f5es como:<\/p>\n<p>\u2013 parcelas de matr\u00edcula;<\/p>\n<p>\u2013 calend\u00e1rio de pagamento;<\/p>\n<p>\u2013 data de pagamento;<\/p>\n<p>\u2013 valor da parcela;<\/p>\n<p>\u2013 identifica\u00e7\u00e3o de compet\u00eancia da parcela;<\/p>\n<p>\u2013 informa\u00e7\u00f5es de banco, ag\u00eancia e conta em que a parcela foi paga;<\/p>\n<p>\u2013 situa\u00e7\u00e3o da parcela; e<\/p>\n<p>\u2013 data de processamento de cada informa\u00e7\u00e3o.<\/p>\n<p>Para os que n\u00e3o tiverem sido contemplados,\u00a0o aplicativo deve informar o motivo da rejei\u00e7\u00e3o e apresentar orienta\u00e7\u00f5es ao estudante para solucionar a situa\u00e7\u00e3o.<\/p>\n<p><strong>Pagamento da parcela de matr\u00edcula<\/strong><\/p>\n<p>Os estudantes contemplados pelo programa v\u00e3o receber o primeiro pagamento de R$ 200, referente ao b\u00f4nus de matr\u00edcula,\u00a0entre 26 de mar\u00e7o e 3 de abril, em parcela \u00fanica.<\/p>\n<p>A data de pagamento depende do m\u00eas de anivers\u00e1rio do aluno. Esse valor n\u00e3o \u00e9 descontado do incentivo de frequ\u00eancia de R$ 1.800, que ser\u00e1 pago em nove parcelas ao longo do ano.<\/p>\n<p>Pelo programa, o governo ir\u00e1 pagar\u00a0at\u00e9 R$ 9,2 mil\u00a0para os estudantes que conclu\u00edrem os estudos. Segundo o MEC, a expectativa \u00e9 a de que o programa atenda cerca de\u00a02,5 milh\u00f5es de alunos.<\/p>\n<p>Fonte: G1<\/p>\n<\/div>\n","protected":false},"excerpt":{"rendered":"<p>Os estudantes do ensino m\u00e9dio da rede p\u00fablica j\u00e1 podem consultar se foram contemplados pelo programa P\u00e9-de-Meia. A informa\u00e7\u00e3o est\u00e1 dispon\u00edvel no aplicativo Jornada do Estudante, do Minist\u00e9rio da Educa\u00e7\u00e3o (MEC). P\u00e9-de-Meia\u00a0\u00e9 um programa do Governo Federal, que, por meio do MEC, ir\u00e1 fornecer incentivo financeiro para estudantes de baixa renda regularmente matriculados no ensino m\u00e9dio da rede p\u00fablica, como forma de combater a evas\u00e3o escolar. Ser\u00e3o contemplados alunos dos 14 aos 24 anos, cuja fam\u00edlia est\u00e1 inscrita no Cadastro \u00danico (Cad\u00danico). Se for beneficiado pelo programa, o aluno encontrar\u00e1 no app informa\u00e7\u00f5es como: \u2013 parcelas de matr\u00edcula; \u2013 calend\u00e1rio de pagamento; \u2013 data de pagamento; \u2013 valor da parcela; \u2013 identifica\u00e7\u00e3o de compet\u00eancia da parcela; \u2013 informa\u00e7\u00f5es de banco,&hellip; <\/p>\n","protected":false},"author":2,"featured_media":361850,"comment_status":"open","ping_status":"open","sticky":false,"template":"","format":"standard","meta":{"_acf_changed":false,"footnotes":""},"categories":[6],"tags":[],"class_list":["post-364220","post","type-post","status-publish","format-standard","has-post-thumbnail","hentry","category-educacao"],"acf":[],"yoast_head":"<!-- This site is optimized with the Yoast SEO plugin v27.4 - https:\/\/yoast.com\/product\/yoast-seo-wordpress\/ -->\n<title>P\u00e9-de-Meia: alunos j\u00e1 podem consultar se foram contemplados; pagamentos come\u00e7am dia 26 - Blog do Farn\u00e9sio<\/title>\n<meta name=\"robots\" content=\"index, follow, max-snippet:-1, max-image-preview:large, max-video-preview:-1\" \/>\n<link rel=\"canonical\" href=\"https:\/\/blogdofarnesio.com.br\/?p=364220\" \/>\n<meta property=\"og:locale\" content=\"pt_BR\" \/>\n<meta property=\"og:type\" content=\"article\" \/>\n<meta property=\"og:title\" content=\"P\u00e9-de-Meia: alunos j\u00e1 podem consultar se foram contemplados; pagamentos come\u00e7am dia 26 - Blog do Farn\u00e9sio\" \/>\n<meta property=\"og:description\" content=\"Os estudantes do ensino m\u00e9dio da rede p\u00fablica j\u00e1 podem consultar se foram contemplados pelo programa P\u00e9-de-Meia. A informa\u00e7\u00e3o est\u00e1 dispon\u00edvel no aplicativo Jornada do Estudante, do Minist\u00e9rio da Educa\u00e7\u00e3o (MEC). P\u00e9-de-Meia\u00a0\u00e9 um programa do Governo Federal, que, por meio do MEC, ir\u00e1 fornecer incentivo financeiro para estudantes de baixa renda regularmente matriculados no ensino m\u00e9dio da rede p\u00fablica, como forma de combater a evas\u00e3o escolar. Ser\u00e3o contemplados alunos dos 14 aos 24 anos, cuja fam\u00edlia est\u00e1 inscrita no Cadastro \u00danico (Cad\u00danico). Se for beneficiado pelo programa, o aluno encontrar\u00e1 no app informa\u00e7\u00f5es como: \u2013 parcelas de matr\u00edcula; \u2013 calend\u00e1rio de pagamento; \u2013 data de pagamento; \u2013 valor da parcela; \u2013 identifica\u00e7\u00e3o de compet\u00eancia da parcela; \u2013 informa\u00e7\u00f5es de banco,&hellip;\" \/>\n<meta property=\"og:url\" content=\"https:\/\/blogdofarnesio.com.br\/?p=364220\" \/>\n<meta property=\"og:site_name\" content=\"Blog do Farn\u00e9sio\" \/>\n<meta property=\"article:publisher\" content=\"https:\/\/www.facebook.com\/BlogQuerSaberPolitica\/\" \/>\n<meta property=\"article:author\" content=\"https:\/\/www.facebook.com\/?ref=tn_tnmn\" \/>\n<meta property=\"article:published_time\" content=\"2024-03-21T11:42:36+00:00\" \/>\n<meta property=\"og:image\" content=\"https:\/\/blogdofarnesio.com.br\/wp-content\/uploads\/2024\/02\/blogqspeducacao-escola-pedeMeia.jpg\" \/>\n\t<meta property=\"og:image:width\" content=\"450\" \/>\n\t<meta property=\"og:image:height\" content=\"335\" \/>\n\t<meta property=\"og:image:type\" content=\"image\/jpeg\" \/>\n<meta name=\"author\" content=\"Farn\u00e9sio\" \/>\n<meta name=\"twitter:card\" content=\"summary_large_image\" \/>\n<meta name=\"twitter:label1\" content=\"Escrito por\" \/>\n\t<meta name=\"twitter:data1\" content=\"Farn\u00e9sio\" \/>\n\t<meta name=\"twitter:label2\" content=\"Est. tempo de leitura\" \/>\n\t<meta name=\"twitter:data2\" content=\"2 minutos\" \/>\n<script type=\"application\/ld+json\" class=\"yoast-schema-graph\">{\"@context\":\"https:\\\/\\\/schema.org\",\"@graph\":[{\"@type\":\"Article\",\"@id\":\"https:\\\/\\\/blogdofarnesio.com.br\\\/?p=364220#article\",\"isPartOf\":{\"@id\":\"https:\\\/\\\/blogdofarnesio.com.br\\\/?p=364220\"},\"author\":{\"name\":\"Farn\u00e9sio\",\"@id\":\"https:\\\/\\\/blogdofarnesio.com.br\\\/#\\\/schema\\\/person\\\/bb9b23ae3ad0609ce8df7b6c9e76824d\"},\"headline\":\"P\u00e9-de-Meia: alunos j\u00e1 podem consultar se foram contemplados; pagamentos come\u00e7am dia 26\",\"datePublished\":\"2024-03-21T11:42:36+00:00\",\"mainEntityOfPage\":{\"@id\":\"https:\\\/\\\/blogdofarnesio.com.br\\\/?p=364220\"},\"wordCount\":302,\"commentCount\":0,\"publisher\":{\"@id\":\"https:\\\/\\\/blogdofarnesio.com.br\\\/#organization\"},\"image\":{\"@id\":\"https:\\\/\\\/blogdofarnesio.com.br\\\/?p=364220#primaryimage\"},\"thumbnailUrl\":\"https:\\\/\\\/blogdofarnesio.com.br\\\/wp-content\\\/uploads\\\/2024\\\/02\\\/blogqspeducacao-escola-pedeMeia.jpg\",\"articleSection\":[\"Educa\u00e7\u00e3o\"],\"inLanguage\":\"pt-BR\",\"potentialAction\":[{\"@type\":\"CommentAction\",\"name\":\"Comment\",\"target\":[\"https:\\\/\\\/blogdofarnesio.com.br\\\/?p=364220#respond\"]}]},{\"@type\":\"WebPage\",\"@id\":\"https:\\\/\\\/blogdofarnesio.com.br\\\/?p=364220\",\"url\":\"https:\\\/\\\/blogdofarnesio.com.br\\\/?p=364220\",\"name\":\"P\u00e9-de-Meia: alunos j\u00e1 podem consultar se foram contemplados; pagamentos come\u00e7am dia 26 - Blog do Farn\u00e9sio\",\"isPartOf\":{\"@id\":\"https:\\\/\\\/blogdofarnesio.com.br\\\/#website\"},\"primaryImageOfPage\":{\"@id\":\"https:\\\/\\\/blogdofarnesio.com.br\\\/?p=364220#primaryimage\"},\"image\":{\"@id\":\"https:\\\/\\\/blogdofarnesio.com.br\\\/?p=364220#primaryimage\"},\"thumbnailUrl\":\"https:\\\/\\\/blogdofarnesio.com.br\\\/wp-content\\\/uploads\\\/2024\\\/02\\\/blogqspeducacao-escola-pedeMeia.jpg\",\"datePublished\":\"2024-03-21T11:42:36+00:00\",\"breadcrumb\":{\"@id\":\"https:\\\/\\\/blogdofarnesio.com.br\\\/?p=364220#breadcrumb\"},\"inLanguage\":\"pt-BR\",\"potentialAction\":[{\"@type\":\"ReadAction\",\"target\":[\"https:\\\/\\\/blogdofarnesio.com.br\\\/?p=364220\"]}]},{\"@type\":\"ImageObject\",\"inLanguage\":\"pt-BR\",\"@id\":\"https:\\\/\\\/blogdofarnesio.com.br\\\/?p=364220#primaryimage\",\"url\":\"https:\\\/\\\/blogdofarnesio.com.br\\\/wp-content\\\/uploads\\\/2024\\\/02\\\/blogqspeducacao-escola-pedeMeia.jpg\",\"contentUrl\":\"https:\\\/\\\/blogdofarnesio.com.br\\\/wp-content\\\/uploads\\\/2024\\\/02\\\/blogqspeducacao-escola-pedeMeia.jpg\",\"width\":450,\"height\":335,\"caption\":\"Ilustra\u00e7\u00e3o\"},{\"@type\":\"BreadcrumbList\",\"@id\":\"https:\\\/\\\/blogdofarnesio.com.br\\\/?p=364220#breadcrumb\",\"itemListElement\":[{\"@type\":\"ListItem\",\"position\":1,\"name\":\"In\u00edcio\",\"item\":\"https:\\\/\\\/blogdofarnesio.com.br\\\/\"},{\"@type\":\"ListItem\",\"position\":2,\"name\":\"P\u00e9-de-Meia: alunos j\u00e1 podem consultar se foram contemplados; pagamentos come\u00e7am dia 26\"}]},{\"@type\":\"WebSite\",\"@id\":\"https:\\\/\\\/blogdofarnesio.com.br\\\/#website\",\"url\":\"https:\\\/\\\/blogdofarnesio.com.br\\\/\",\"name\":\"Blog do Farn\u00e9sio\",\"description\":\"Quer Saber Pol\u00edtica?\",\"publisher\":{\"@id\":\"https:\\\/\\\/blogdofarnesio.com.br\\\/#organization\"},\"potentialAction\":[{\"@type\":\"SearchAction\",\"target\":{\"@type\":\"EntryPoint\",\"urlTemplate\":\"https:\\\/\\\/blogdofarnesio.com.br\\\/?s={search_term_string}\"},\"query-input\":{\"@type\":\"PropertyValueSpecification\",\"valueRequired\":true,\"valueName\":\"search_term_string\"}}],\"inLanguage\":\"pt-BR\"},{\"@type\":\"Organization\",\"@id\":\"https:\\\/\\\/blogdofarnesio.com.br\\\/#organization\",\"name\":\"Blog do Farn\u00e9sio\",\"url\":\"https:\\\/\\\/blogdofarnesio.com.br\\\/\",\"logo\":{\"@type\":\"ImageObject\",\"inLanguage\":\"pt-BR\",\"@id\":\"https:\\\/\\\/blogdofarnesio.com.br\\\/#\\\/schema\\\/logo\\\/image\\\/\",\"url\":\"https:\\\/\\\/blogdofarnesio.com.br\\\/wp-content\\\/uploads\\\/2026\\\/03\\\/cropped-logo_new-1.png\",\"contentUrl\":\"https:\\\/\\\/blogdofarnesio.com.br\\\/wp-content\\\/uploads\\\/2026\\\/03\\\/cropped-logo_new-1.png\",\"width\":881,\"height\":685,\"caption\":\"Blog do Farn\u00e9sio\"},\"image\":{\"@id\":\"https:\\\/\\\/blogdofarnesio.com.br\\\/#\\\/schema\\\/logo\\\/image\\\/\"},\"sameAs\":[\"https:\\\/\\\/www.facebook.com\\\/BlogQuerSaberPolitica\\\/\"]},{\"@type\":\"Person\",\"@id\":\"https:\\\/\\\/blogdofarnesio.com.br\\\/#\\\/schema\\\/person\\\/bb9b23ae3ad0609ce8df7b6c9e76824d\",\"name\":\"Farn\u00e9sio\",\"image\":{\"@type\":\"ImageObject\",\"inLanguage\":\"pt-BR\",\"@id\":\"https:\\\/\\\/secure.gravatar.com\\\/avatar\\\/986aa4c61ccdb66f8555bf88fc2a65609d00bcabd4d2d94377a727547345cbca?s=96&d=mm&r=g\",\"url\":\"https:\\\/\\\/secure.gravatar.com\\\/avatar\\\/986aa4c61ccdb66f8555bf88fc2a65609d00bcabd4d2d94377a727547345cbca?s=96&d=mm&r=g\",\"contentUrl\":\"https:\\\/\\\/secure.gravatar.com\\\/avatar\\\/986aa4c61ccdb66f8555bf88fc2a65609d00bcabd4d2d94377a727547345cbca?s=96&d=mm&r=g\",\"caption\":\"Farn\u00e9sio\"},\"description\":\"Radialista blogueiro, chegou a Petrolina\\\/Juazeiro em setembro de 1980, Farn\u00e9sio Silva \u00e9 de Arapiraca-Alagoas.\",\"sameAs\":[\"http:\\\/\\\/blogdofarnesio.com.br\",\"https:\\\/\\\/www.facebook.com\\\/?ref=tn_tnmn\",\"https:\\\/\\\/www.instagram.com\\\/?utm_source=pwa_homescreen\",\"https:\\\/\\\/youtube.com.br\\\/\"],\"url\":\"https:\\\/\\\/blogdofarnesio.com.br\\\/?author=2\"}]}<\/script>\n<!-- \/ Yoast SEO plugin. -->","yoast_head_json":{"title":"P\u00e9-de-Meia: alunos j\u00e1 podem consultar se foram contemplados; pagamentos come\u00e7am dia 26 - Blog do Farn\u00e9sio","robots":{"index":"index","follow":"follow","max-snippet":"max-snippet:-1","max-image-preview":"max-image-preview:large","max-video-preview":"max-video-preview:-1"},"canonical":"https:\/\/blogdofarnesio.com.br\/?p=364220","og_locale":"pt_BR","og_type":"article","og_title":"P\u00e9-de-Meia: alunos j\u00e1 podem consultar se foram contemplados; pagamentos come\u00e7am dia 26 - Blog do Farn\u00e9sio","og_description":"Os estudantes do ensino m\u00e9dio da rede p\u00fablica j\u00e1 podem consultar se foram contemplados pelo programa P\u00e9-de-Meia. A informa\u00e7\u00e3o est\u00e1 dispon\u00edvel no aplicativo Jornada do Estudante, do Minist\u00e9rio da Educa\u00e7\u00e3o (MEC). P\u00e9-de-Meia\u00a0\u00e9 um programa do Governo Federal, que, por meio do MEC, ir\u00e1 fornecer incentivo financeiro para estudantes de baixa renda regularmente matriculados no ensino m\u00e9dio da rede p\u00fablica, como forma de combater a evas\u00e3o escolar. Ser\u00e3o contemplados alunos dos 14 aos 24 anos, cuja fam\u00edlia est\u00e1 inscrita no Cadastro \u00danico (Cad\u00danico). Se for beneficiado pelo programa, o aluno encontrar\u00e1 no app informa\u00e7\u00f5es como: \u2013 parcelas de matr\u00edcula; \u2013 calend\u00e1rio de pagamento; \u2013 data de pagamento; \u2013 valor da parcela; \u2013 identifica\u00e7\u00e3o de compet\u00eancia da parcela; \u2013 informa\u00e7\u00f5es de banco,&hellip;","og_url":"https:\/\/blogdofarnesio.com.br\/?p=364220","og_site_name":"Blog do Farn\u00e9sio","article_publisher":"https:\/\/www.facebook.com\/BlogQuerSaberPolitica\/","article_author":"https:\/\/www.facebook.com\/?ref=tn_tnmn","article_published_time":"2024-03-21T11:42:36+00:00","og_image":[{"width":450,"height":335,"url":"https:\/\/blogdofarnesio.com.br\/wp-content\/uploads\/2024\/02\/blogqspeducacao-escola-pedeMeia.jpg","type":"image\/jpeg"}],"author":"Farn\u00e9sio","twitter_card":"summary_large_image","twitter_misc":{"Escrito por":"Farn\u00e9sio","Est. tempo de leitura":"2 minutos"},"schema":{"@context":"https:\/\/schema.org","@graph":[{"@type":"Article","@id":"https:\/\/blogdofarnesio.com.br\/?p=364220#article","isPartOf":{"@id":"https:\/\/blogdofarnesio.com.br\/?p=364220"},"author":{"name":"Farn\u00e9sio","@id":"https:\/\/blogdofarnesio.com.br\/#\/schema\/person\/bb9b23ae3ad0609ce8df7b6c9e76824d"},"headline":"P\u00e9-de-Meia: alunos j\u00e1 podem consultar se foram contemplados; pagamentos come\u00e7am dia 26","datePublished":"2024-03-21T11:42:36+00:00","mainEntityOfPage":{"@id":"https:\/\/blogdofarnesio.com.br\/?p=364220"},"wordCount":302,"commentCount":0,"publisher":{"@id":"https:\/\/blogdofarnesio.com.br\/#organization"},"image":{"@id":"https:\/\/blogdofarnesio.com.br\/?p=364220#primaryimage"},"thumbnailUrl":"https:\/\/blogdofarnesio.com.br\/wp-content\/uploads\/2024\/02\/blogqspeducacao-escola-pedeMeia.jpg","articleSection":["Educa\u00e7\u00e3o"],"inLanguage":"pt-BR","potentialAction":[{"@type":"CommentAction","name":"Comment","target":["https:\/\/blogdofarnesio.com.br\/?p=364220#respond"]}]},{"@type":"WebPage","@id":"https:\/\/blogdofarnesio.com.br\/?p=364220","url":"https:\/\/blogdofarnesio.com.br\/?p=364220","name":"P\u00e9-de-Meia: alunos j\u00e1 podem consultar se foram contemplados; pagamentos come\u00e7am dia 26 - Blog do Farn\u00e9sio","isPartOf":{"@id":"https:\/\/blogdofarnesio.com.br\/#website"},"primaryImageOfPage":{"@id":"https:\/\/blogdofarnesio.com.br\/?p=364220#primaryimage"},"image":{"@id":"https:\/\/blogdofarnesio.com.br\/?p=364220#primaryimage"},"thumbnailUrl":"https:\/\/blogdofarnesio.com.br\/wp-content\/uploads\/2024\/02\/blogqspeducacao-escola-pedeMeia.jpg","datePublished":"2024-03-21T11:42:36+00:00","breadcrumb":{"@id":"https:\/\/blogdofarnesio.com.br\/?p=364220#breadcrumb"},"inLanguage":"pt-BR","potentialAction":[{"@type":"ReadAction","target":["https:\/\/blogdofarnesio.com.br\/?p=364220"]}]},{"@type":"ImageObject","inLanguage":"pt-BR","@id":"https:\/\/blogdofarnesio.com.br\/?p=364220#primaryimage","url":"https:\/\/blogdofarnesio.com.br\/wp-content\/uploads\/2024\/02\/blogqspeducacao-escola-pedeMeia.jpg","contentUrl":"https:\/\/blogdofarnesio.com.br\/wp-content\/uploads\/2024\/02\/blogqspeducacao-escola-pedeMeia.jpg","width":450,"height":335,"caption":"Ilustra\u00e7\u00e3o"},{"@type":"BreadcrumbList","@id":"https:\/\/blogdofarnesio.com.br\/?p=364220#breadcrumb","itemListElement":[{"@type":"ListItem","position":1,"name":"In\u00edcio","item":"https:\/\/blogdofarnesio.com.br\/"},{"@type":"ListItem","position":2,"name":"P\u00e9-de-Meia: alunos j\u00e1 podem consultar se foram contemplados; pagamentos come\u00e7am dia 26"}]},{"@type":"WebSite","@id":"https:\/\/blogdofarnesio.com.br\/#website","url":"https:\/\/blogdofarnesio.com.br\/","name":"Blog do Farn\u00e9sio","description":"Quer Saber Pol\u00edtica?","publisher":{"@id":"https:\/\/blogdofarnesio.com.br\/#organization"},"potentialAction":[{"@type":"SearchAction","target":{"@type":"EntryPoint","urlTemplate":"https:\/\/blogdofarnesio.com.br\/?s={search_term_string}"},"query-input":{"@type":"PropertyValueSpecification","valueRequired":true,"valueName":"search_term_string"}}],"inLanguage":"pt-BR"},{"@type":"Organization","@id":"https:\/\/blogdofarnesio.com.br\/#organization","name":"Blog do Farn\u00e9sio","url":"https:\/\/blogdofarnesio.com.br\/","logo":{"@type":"ImageObject","inLanguage":"pt-BR","@id":"https:\/\/blogdofarnesio.com.br\/#\/schema\/logo\/image\/","url":"https:\/\/blogdofarnesio.com.br\/wp-content\/uploads\/2026\/03\/cropped-logo_new-1.png","contentUrl":"https:\/\/blogdofarnesio.com.br\/wp-content\/uploads\/2026\/03\/cropped-logo_new-1.png","width":881,"height":685,"caption":"Blog do Farn\u00e9sio"},"image":{"@id":"https:\/\/blogdofarnesio.com.br\/#\/schema\/logo\/image\/"},"sameAs":["https:\/\/www.facebook.com\/BlogQuerSaberPolitica\/"]},{"@type":"Person","@id":"https:\/\/blogdofarnesio.com.br\/#\/schema\/person\/bb9b23ae3ad0609ce8df7b6c9e76824d","name":"Farn\u00e9sio","image":{"@type":"ImageObject","inLanguage":"pt-BR","@id":"https:\/\/secure.gravatar.com\/avatar\/986aa4c61ccdb66f8555bf88fc2a65609d00bcabd4d2d94377a727547345cbca?s=96&d=mm&r=g","url":"https:\/\/secure.gravatar.com\/avatar\/986aa4c61ccdb66f8555bf88fc2a65609d00bcabd4d2d94377a727547345cbca?s=96&d=mm&r=g","contentUrl":"https:\/\/secure.gravatar.com\/avatar\/986aa4c61ccdb66f8555bf88fc2a65609d00bcabd4d2d94377a727547345cbca?s=96&d=mm&r=g","caption":"Farn\u00e9sio"},"description":"Radialista blogueiro, chegou a Petrolina\/Juazeiro em setembro de 1980, Farn\u00e9sio Silva \u00e9 de Arapiraca-Alagoas.","sameAs":["http:\/\/blogdofarnesio.com.br","https:\/\/www.facebook.com\/?ref=tn_tnmn","https:\/\/www.instagram.com\/?utm_source=pwa_homescreen","https:\/\/youtube.com.br\/"],"url":"https:\/\/blogdofarnesio.com.br\/?author=2"}]}},"_links":{"self":[{"href":"https:\/\/blogdofarnesio.com.br\/index.php?rest_route=\/wp\/v2\/posts\/364220","targetHints":{"allow":["GET"]}}],"collection":[{"href":"https:\/\/blogdofarnesio.com.br\/index.php?rest_route=\/wp\/v2\/posts"}],"about":[{"href":"https:\/\/blogdofarnesio.com.br\/index.php?rest_route=\/wp\/v2\/types\/post"}],"author":[{"embeddable":true,"href":"https:\/\/blogdofarnesio.com.br\/index.php?rest_route=\/wp\/v2\/users\/2"}],"replies":[{"embeddable":true,"href":"https:\/\/blogdofarnesio.com.br\/index.php?rest_route=%2Fwp%2Fv2%2Fcomments&post=364220"}],"version-history":[{"count":0,"href":"https:\/\/blogdofarnesio.com.br\/index.php?rest_route=\/wp\/v2\/posts\/364220\/revisions"}],"wp:featuredmedia":[{"embeddable":true,"href":"https:\/\/blogdofarnesio.com.br\/index.php?rest_route=\/wp\/v2\/media\/361850"}],"wp:attachment":[{"href":"https:\/\/blogdofarnesio.com.br\/index.php?rest_route=%2Fwp%2Fv2%2Fmedia&parent=364220"}],"wp:term":[{"taxonomy":"category","embeddable":true,"href":"https:\/\/blogdofarnesio.com.br\/index.php?rest_route=%2Fwp%2Fv2%2Fcategories&post=364220"},{"taxonomy":"post_tag","embeddable":true,"href":"https:\/\/blogdofarnesio.com.br\/index.php?rest_route=%2Fwp%2Fv2%2Ftags&post=364220"}],"curies":[{"name":"wp","href":"https:\/\/api.w.org\/{rel}","templated":true}]}}