{"id":364192,"date":"2024-03-21T09:42:16","date_gmt":"2024-03-21T12:42:16","guid":{"rendered":"https:\/\/blogdofarnesio.com.br\/?p=364192"},"modified":"2024-03-20T16:26:35","modified_gmt":"2024-03-20T19:26:35","slug":"culminancia-da-jornada-pedagogica-2024-acontece-nesta-quinta-e-sexta-em-sento-se","status":"publish","type":"post","link":"https:\/\/blogdofarnesio.com.br\/?p=364192","title":{"rendered":"Culmin\u00e2ncia da Jornada Pedag\u00f3gica 2024 acontece nesta quinta e Sexta em Sento-S\u00e9"},"content":{"rendered":"<p style=\"font-weight: 400;\">\u201cPor uma Educa\u00e7\u00e3o Humanizadora: Integrando o sentir e o aprender\u201d. Este \u00e9 o tema que norteia a culmin\u00e2ncia da Jornada Pedag\u00f3gica 2024 da rede municipal de ensino de Sento-S\u00e9 que acontece nesta quinta e sexta-feira, dias 21 e 22 de mar\u00e7o.<\/p>\n<p style=\"font-weight: 400;\">O evento realizado pela Prefeitura de Sento -S\u00e9, atrav\u00e9s da Secretaria Municipal de Educa\u00e7\u00e3o (SME), ser\u00e1 aberto oficialmente, \u00e0s 16h desta quinta-feira (21), no Gin\u00e1sio de Esportes Municipal, com a Palestra Magna: Compet\u00eancias Socioemocionais na Educa\u00e7\u00e3o: Integra\u00e7\u00e3o entre o ser e o aprender que ser\u00e1 conduzida por Eduardo Shinyashiki.<\/p>\n<p style=\"font-weight: 400;\">Amanh\u00e3 (22) o evento segue com uma s\u00e9rie de palestras ministradas por profissionais de renome do meio pedag\u00f3gico, que acontecem no Col\u00e9gio Estadual Dr. Juca Sento Se, C\u00e2mara de Vereadores, Escola Municipal Nova Cana\u00e3 e Sal\u00e3o de J\u00fari do F\u00f3rum.<\/p>\n<p style=\"font-weight: 400;\">\u201cConsidero esse um dos momentos mais importantes do ano letivo, planejamos essa jornada pensando em levar aos agentes respons\u00e1veis por conduzir a educa\u00e7\u00e3o do munic\u00edpio: professores, diretores, coordenadores e demais profissionais da educa\u00e7\u00e3o, uma forma\u00e7\u00e3o para esse in\u00edcio de trabalho seja repleto de novos saberes, aprendizados e motiva\u00e7\u00e3o, para com isso viabilizar um ensino cada vez mais qualificado para os nossos educandos. Nosso planejamento \u00e9 dar continuidade \u00e0s forma\u00e7\u00f5es ao longo do ano, essa jornada marcar\u00e1 o in\u00edcio desse trabalho que entendemos ser primordial para tornar nossos profissionais cada vez mais preparados para atuar\u201d, pontuou o secret\u00e1rio municipal de Educa\u00e7\u00e3o, Jeorge Ribeiro.<\/p>\n<p style=\"font-weight: 400;\"><strong>\u00a0<\/strong><\/p>\n<p style=\"font-weight: 400;\"><strong>\u00a0<\/strong><\/p>\n<p style=\"font-weight: 400;\">PROGRAMA\u00c7\u00c3O<\/p>\n<p style=\"font-weight: 400;\">21\/03<\/p>\n<p style=\"font-weight: 400;\">16h \u2013 Credenciamento.<\/p>\n<p style=\"font-weight: 400;\">18h \u2013 Momento Cultural.<\/p>\n<p style=\"font-weight: 400;\">18h15 \u2013 Solenidade de Abertura.<\/p>\n<p style=\"font-weight: 400;\">19h \u2013 Palestra Magna: Compet\u00eancias Socioemocionais na Educa\u00e7\u00e3o: Integra\u00e7\u00e3o entre o sentir e o aprender &#8211; Eduardo Shinyashiki<\/p>\n<p style=\"font-weight: 400;\">21h \u2013 Jantar<\/p>\n<p style=\"font-weight: 400;\">Voz e viol\u00e3o<\/p>\n<p style=\"font-weight: 400;\">22\/03<\/p>\n<p style=\"font-weight: 400;\">Oficinas Tem\u00e1ticas \u2013 Das 8h \u00e0s 17h<\/p>\n<p style=\"font-weight: 400;\">Oficina 1 &#8211; Educa\u00e7\u00e3o Infantil<\/p>\n<p style=\"font-weight: 400;\">Campos de Experi\u00eancias: A a\u00e7\u00e3o e o comportamento da crian\u00e7a no centro do saber &#8211; Josirlene Cardoso Lima Fonseca.<\/p>\n<p style=\"font-weight: 400;\">Oficina 2 &#8211; Anos Iniciais do Ensino Fundamental<\/p>\n<p style=\"font-weight: 400;\">Os processos de apreens\u00e3o do conhecimento numa perspectiva hist\u00f3rico cr\u00edtica &#8211; Luiz Henrique Hora Coelho J\u00fanior.<\/p>\n<p style=\"font-weight: 400;\">Oficina 3 &#8211; Anos finais do Ensino Fundamental &#8211; Linguagens<\/p>\n<p style=\"font-weight: 400;\">O caminho para uma aprendizagem significativa nas diversas pr\u00e1ticas de linguagens &#8211; Ros\u00e2ngela Gon\u00e7alves Cunha.<\/p>\n<p style=\"font-weight: 400;\">Oficina 4 &#8211; Anos Finais do Ensino Fundamental &#8211; Ci\u00eancias Humanas Percebendo as experi\u00eancias humanas e refletindo sobre elas no campo hist\u00f3rico e Geogr\u00e1fico &#8211; Rog\u00e9rio Santos Souza.<\/p>\n<p style=\"font-weight: 400;\">Oficina 5 &#8211; Anos Finais do Ensino Fundamental &#8211; Ci\u00eancias da Natureza Ensino de Ci\u00eancias nos Anos Finais do Ensino Fundamental &#8211; Saberes e Metodologias &#8211; Livia Danily da Silva Sicopira Guedes.<\/p>\n<p style=\"font-weight: 400;\">Oficina 6 &#8211; Anos Finais do Ensino Fundamental &#8211; Matem\u00e1tica<\/p>\n<p style=\"font-weight: 400;\">O ensino da matem\u00e1tica e seus diversos campos de atua\u00e7\u00e3o &#8211; Silvia Let\u00edcia Castro Costa.<\/p>\n<p style=\"font-weight: 400;\">Oficina 7 &#8211; Educa\u00e7\u00e3o de Jovens e Adultos<\/p>\n<p style=\"font-weight: 400;\">Caminhos para uma Educa\u00e7\u00e3o Humanizadora na Educa\u00e7\u00e3o de Jovens e Adultos \u2013 EJA &#8211; Daniel Barbosa da Silva.<\/p>\n<p style=\"font-weight: 400;\">Oficina 8 &#8211; Educa\u00e7\u00e3o Inclusiva<\/p>\n<p style=\"font-weight: 400;\">Inclus\u00e3o e Acessibilidade: Construindo Pr\u00e1ticas Pedag\u00f3gicas &#8211; Rose Maria Pereira de Souza Bonfim.<\/p>\n<p style=\"font-weight: 400;\">Oficina 9 &#8211; Diretores Escolares e Equipe T\u00e9cnica da Secretaria Municipal de Educa\u00e7\u00e3o<\/p>\n<p style=\"font-weight: 400;\">Democratiza\u00e7\u00e3o da Gest\u00e3o para o Fortalecimento da Educa\u00e7\u00e3o &#8211; Gerusa do Livramento Carneiro de Oliveira Moura.<\/p>\n<p style=\"font-weight: 400;\">Oficina 10 \u2013 Turmas Multisseriadas<\/p>\n<p style=\"font-weight: 400;\">Ensino nas Classes Multisseriadas: Uma proposta educacional que acolhe e transforma &#8211; Marcos Paiva Pereira<\/p>\n","protected":false},"excerpt":{"rendered":"<p>\u201cPor uma Educa\u00e7\u00e3o Humanizadora: Integrando o sentir e o aprender\u201d. Este \u00e9 o tema que norteia a culmin\u00e2ncia da Jornada Pedag\u00f3gica 2024 da rede municipal de ensino de Sento-S\u00e9 que acontece nesta quinta e sexta-feira, dias 21 e 22 de mar\u00e7o. O evento realizado pela Prefeitura de Sento -S\u00e9, atrav\u00e9s da Secretaria Municipal de Educa\u00e7\u00e3o (SME), ser\u00e1 aberto oficialmente, \u00e0s 16h desta quinta-feira (21), no Gin\u00e1sio de Esportes Municipal, com a Palestra Magna: Compet\u00eancias Socioemocionais na Educa\u00e7\u00e3o: Integra\u00e7\u00e3o entre o ser e o aprender que ser\u00e1 conduzida por Eduardo Shinyashiki. Amanh\u00e3 (22) o evento segue com uma s\u00e9rie de palestras ministradas por profissionais de renome do meio pedag\u00f3gico, que acontecem no Col\u00e9gio Estadual Dr. Juca Sento Se, C\u00e2mara de Vereadores,&hellip; <\/p>\n","protected":false},"author":2,"featured_media":364193,"comment_status":"open","ping_status":"open","sticky":false,"template":"","format":"standard","meta":{"_acf_changed":false,"footnotes":""},"categories":[27],"tags":[],"class_list":["post-364192","post","type-post","status-publish","format-standard","has-post-thumbnail","hentry","category-cidades"],"acf":[],"yoast_head":"<!-- This site is optimized with the Yoast SEO plugin v27.4 - https:\/\/yoast.com\/product\/yoast-seo-wordpress\/ -->\n<title>Culmin\u00e2ncia da Jornada Pedag\u00f3gica 2024 acontece nesta quinta e Sexta em Sento-S\u00e9 - Blog do Farn\u00e9sio<\/title>\n<meta name=\"robots\" content=\"index, follow, max-snippet:-1, max-image-preview:large, max-video-preview:-1\" \/>\n<link rel=\"canonical\" href=\"https:\/\/blogdofarnesio.com.br\/?p=364192\" \/>\n<meta property=\"og:locale\" content=\"pt_BR\" \/>\n<meta property=\"og:type\" content=\"article\" \/>\n<meta property=\"og:title\" content=\"Culmin\u00e2ncia da Jornada Pedag\u00f3gica 2024 acontece nesta quinta e Sexta em Sento-S\u00e9 - Blog do Farn\u00e9sio\" \/>\n<meta property=\"og:description\" content=\"\u201cPor uma Educa\u00e7\u00e3o Humanizadora: Integrando o sentir e o aprender\u201d. Este \u00e9 o tema que norteia a culmin\u00e2ncia da Jornada Pedag\u00f3gica 2024 da rede municipal de ensino de Sento-S\u00e9 que acontece nesta quinta e sexta-feira, dias 21 e 22 de mar\u00e7o. O evento realizado pela Prefeitura de Sento -S\u00e9, atrav\u00e9s da Secretaria Municipal de Educa\u00e7\u00e3o (SME), ser\u00e1 aberto oficialmente, \u00e0s 16h desta quinta-feira (21), no Gin\u00e1sio de Esportes Municipal, com a Palestra Magna: Compet\u00eancias Socioemocionais na Educa\u00e7\u00e3o: Integra\u00e7\u00e3o entre o ser e o aprender que ser\u00e1 conduzida por Eduardo Shinyashiki. Amanh\u00e3 (22) o evento segue com uma s\u00e9rie de palestras ministradas por profissionais de renome do meio pedag\u00f3gico, que acontecem no Col\u00e9gio Estadual Dr. Juca Sento Se, C\u00e2mara de Vereadores,&hellip;\" \/>\n<meta property=\"og:url\" content=\"https:\/\/blogdofarnesio.com.br\/?p=364192\" \/>\n<meta property=\"og:site_name\" content=\"Blog do Farn\u00e9sio\" \/>\n<meta property=\"article:publisher\" content=\"https:\/\/www.facebook.com\/BlogQuerSaberPolitica\/\" \/>\n<meta property=\"article:author\" content=\"https:\/\/www.facebook.com\/?ref=tn_tnmn\" \/>\n<meta property=\"article:published_time\" content=\"2024-03-21T12:42:16+00:00\" \/>\n<meta property=\"og:image\" content=\"https:\/\/blogdofarnesio.com.br\/wp-content\/uploads\/2024\/03\/blogqspjornada-pedagogica-e1710956105152.jpeg\" \/>\n\t<meta property=\"og:image:width\" content=\"480\" \/>\n\t<meta property=\"og:image:height\" content=\"438\" \/>\n\t<meta property=\"og:image:type\" content=\"image\/jpeg\" \/>\n<meta name=\"author\" content=\"Farn\u00e9sio\" \/>\n<meta name=\"twitter:card\" content=\"summary_large_image\" \/>\n<meta name=\"twitter:label1\" content=\"Escrito por\" \/>\n\t<meta name=\"twitter:data1\" content=\"Farn\u00e9sio\" \/>\n\t<meta name=\"twitter:label2\" content=\"Est. tempo de leitura\" \/>\n\t<meta name=\"twitter:data2\" content=\"3 minutos\" \/>\n<script type=\"application\/ld+json\" class=\"yoast-schema-graph\">{\"@context\":\"https:\\\/\\\/schema.org\",\"@graph\":[{\"@type\":\"Article\",\"@id\":\"https:\\\/\\\/blogdofarnesio.com.br\\\/?p=364192#article\",\"isPartOf\":{\"@id\":\"https:\\\/\\\/blogdofarnesio.com.br\\\/?p=364192\"},\"author\":{\"name\":\"Farn\u00e9sio\",\"@id\":\"https:\\\/\\\/blogdofarnesio.com.br\\\/#\\\/schema\\\/person\\\/bb9b23ae3ad0609ce8df7b6c9e76824d\"},\"headline\":\"Culmin\u00e2ncia da Jornada Pedag\u00f3gica 2024 acontece nesta quinta e Sexta em Sento-S\u00e9\",\"datePublished\":\"2024-03-21T12:42:16+00:00\",\"mainEntityOfPage\":{\"@id\":\"https:\\\/\\\/blogdofarnesio.com.br\\\/?p=364192\"},\"wordCount\":583,\"commentCount\":0,\"publisher\":{\"@id\":\"https:\\\/\\\/blogdofarnesio.com.br\\\/#organization\"},\"image\":{\"@id\":\"https:\\\/\\\/blogdofarnesio.com.br\\\/?p=364192#primaryimage\"},\"thumbnailUrl\":\"https:\\\/\\\/blogdofarnesio.com.br\\\/wp-content\\\/uploads\\\/2024\\\/03\\\/blogqspjornada-pedagogica-e1710956105152.jpeg\",\"articleSection\":[\"Cidades\"],\"inLanguage\":\"pt-BR\",\"potentialAction\":[{\"@type\":\"CommentAction\",\"name\":\"Comment\",\"target\":[\"https:\\\/\\\/blogdofarnesio.com.br\\\/?p=364192#respond\"]}]},{\"@type\":\"WebPage\",\"@id\":\"https:\\\/\\\/blogdofarnesio.com.br\\\/?p=364192\",\"url\":\"https:\\\/\\\/blogdofarnesio.com.br\\\/?p=364192\",\"name\":\"Culmin\u00e2ncia da Jornada Pedag\u00f3gica 2024 acontece nesta quinta e Sexta em Sento-S\u00e9 - Blog do Farn\u00e9sio\",\"isPartOf\":{\"@id\":\"https:\\\/\\\/blogdofarnesio.com.br\\\/#website\"},\"primaryImageOfPage\":{\"@id\":\"https:\\\/\\\/blogdofarnesio.com.br\\\/?p=364192#primaryimage\"},\"image\":{\"@id\":\"https:\\\/\\\/blogdofarnesio.com.br\\\/?p=364192#primaryimage\"},\"thumbnailUrl\":\"https:\\\/\\\/blogdofarnesio.com.br\\\/wp-content\\\/uploads\\\/2024\\\/03\\\/blogqspjornada-pedagogica-e1710956105152.jpeg\",\"datePublished\":\"2024-03-21T12:42:16+00:00\",\"breadcrumb\":{\"@id\":\"https:\\\/\\\/blogdofarnesio.com.br\\\/?p=364192#breadcrumb\"},\"inLanguage\":\"pt-BR\",\"potentialAction\":[{\"@type\":\"ReadAction\",\"target\":[\"https:\\\/\\\/blogdofarnesio.com.br\\\/?p=364192\"]}]},{\"@type\":\"ImageObject\",\"inLanguage\":\"pt-BR\",\"@id\":\"https:\\\/\\\/blogdofarnesio.com.br\\\/?p=364192#primaryimage\",\"url\":\"https:\\\/\\\/blogdofarnesio.com.br\\\/wp-content\\\/uploads\\\/2024\\\/03\\\/blogqspjornada-pedagogica-e1710956105152.jpeg\",\"contentUrl\":\"https:\\\/\\\/blogdofarnesio.com.br\\\/wp-content\\\/uploads\\\/2024\\\/03\\\/blogqspjornada-pedagogica-e1710956105152.jpeg\",\"width\":480,\"height\":438},{\"@type\":\"BreadcrumbList\",\"@id\":\"https:\\\/\\\/blogdofarnesio.com.br\\\/?p=364192#breadcrumb\",\"itemListElement\":[{\"@type\":\"ListItem\",\"position\":1,\"name\":\"In\u00edcio\",\"item\":\"https:\\\/\\\/blogdofarnesio.com.br\\\/\"},{\"@type\":\"ListItem\",\"position\":2,\"name\":\"Culmin\u00e2ncia da Jornada Pedag\u00f3gica 2024 acontece nesta quinta e Sexta em Sento-S\u00e9\"}]},{\"@type\":\"WebSite\",\"@id\":\"https:\\\/\\\/blogdofarnesio.com.br\\\/#website\",\"url\":\"https:\\\/\\\/blogdofarnesio.com.br\\\/\",\"name\":\"Blog do Farn\u00e9sio\",\"description\":\"Quer Saber Pol\u00edtica?\",\"publisher\":{\"@id\":\"https:\\\/\\\/blogdofarnesio.com.br\\\/#organization\"},\"potentialAction\":[{\"@type\":\"SearchAction\",\"target\":{\"@type\":\"EntryPoint\",\"urlTemplate\":\"https:\\\/\\\/blogdofarnesio.com.br\\\/?s={search_term_string}\"},\"query-input\":{\"@type\":\"PropertyValueSpecification\",\"valueRequired\":true,\"valueName\":\"search_term_string\"}}],\"inLanguage\":\"pt-BR\"},{\"@type\":\"Organization\",\"@id\":\"https:\\\/\\\/blogdofarnesio.com.br\\\/#organization\",\"name\":\"Blog do Farn\u00e9sio\",\"url\":\"https:\\\/\\\/blogdofarnesio.com.br\\\/\",\"logo\":{\"@type\":\"ImageObject\",\"inLanguage\":\"pt-BR\",\"@id\":\"https:\\\/\\\/blogdofarnesio.com.br\\\/#\\\/schema\\\/logo\\\/image\\\/\",\"url\":\"https:\\\/\\\/blogdofarnesio.com.br\\\/wp-content\\\/uploads\\\/2026\\\/03\\\/cropped-logo_new-1.png\",\"contentUrl\":\"https:\\\/\\\/blogdofarnesio.com.br\\\/wp-content\\\/uploads\\\/2026\\\/03\\\/cropped-logo_new-1.png\",\"width\":881,\"height\":685,\"caption\":\"Blog do Farn\u00e9sio\"},\"image\":{\"@id\":\"https:\\\/\\\/blogdofarnesio.com.br\\\/#\\\/schema\\\/logo\\\/image\\\/\"},\"sameAs\":[\"https:\\\/\\\/www.facebook.com\\\/BlogQuerSaberPolitica\\\/\"]},{\"@type\":\"Person\",\"@id\":\"https:\\\/\\\/blogdofarnesio.com.br\\\/#\\\/schema\\\/person\\\/bb9b23ae3ad0609ce8df7b6c9e76824d\",\"name\":\"Farn\u00e9sio\",\"image\":{\"@type\":\"ImageObject\",\"inLanguage\":\"pt-BR\",\"@id\":\"https:\\\/\\\/secure.gravatar.com\\\/avatar\\\/986aa4c61ccdb66f8555bf88fc2a65609d00bcabd4d2d94377a727547345cbca?s=96&d=mm&r=g\",\"url\":\"https:\\\/\\\/secure.gravatar.com\\\/avatar\\\/986aa4c61ccdb66f8555bf88fc2a65609d00bcabd4d2d94377a727547345cbca?s=96&d=mm&r=g\",\"contentUrl\":\"https:\\\/\\\/secure.gravatar.com\\\/avatar\\\/986aa4c61ccdb66f8555bf88fc2a65609d00bcabd4d2d94377a727547345cbca?s=96&d=mm&r=g\",\"caption\":\"Farn\u00e9sio\"},\"description\":\"Radialista blogueiro, chegou a Petrolina\\\/Juazeiro em setembro de 1980, Farn\u00e9sio Silva \u00e9 de Arapiraca-Alagoas.\",\"sameAs\":[\"http:\\\/\\\/blogdofarnesio.com.br\",\"https:\\\/\\\/www.facebook.com\\\/?ref=tn_tnmn\",\"https:\\\/\\\/www.instagram.com\\\/?utm_source=pwa_homescreen\",\"https:\\\/\\\/youtube.com.br\\\/\"],\"url\":\"https:\\\/\\\/blogdofarnesio.com.br\\\/?author=2\"}]}<\/script>\n<!-- \/ Yoast SEO plugin. -->","yoast_head_json":{"title":"Culmin\u00e2ncia da Jornada Pedag\u00f3gica 2024 acontece nesta quinta e Sexta em Sento-S\u00e9 - Blog do Farn\u00e9sio","robots":{"index":"index","follow":"follow","max-snippet":"max-snippet:-1","max-image-preview":"max-image-preview:large","max-video-preview":"max-video-preview:-1"},"canonical":"https:\/\/blogdofarnesio.com.br\/?p=364192","og_locale":"pt_BR","og_type":"article","og_title":"Culmin\u00e2ncia da Jornada Pedag\u00f3gica 2024 acontece nesta quinta e Sexta em Sento-S\u00e9 - Blog do Farn\u00e9sio","og_description":"\u201cPor uma Educa\u00e7\u00e3o Humanizadora: Integrando o sentir e o aprender\u201d. Este \u00e9 o tema que norteia a culmin\u00e2ncia da Jornada Pedag\u00f3gica 2024 da rede municipal de ensino de Sento-S\u00e9 que acontece nesta quinta e sexta-feira, dias 21 e 22 de mar\u00e7o. O evento realizado pela Prefeitura de Sento -S\u00e9, atrav\u00e9s da Secretaria Municipal de Educa\u00e7\u00e3o (SME), ser\u00e1 aberto oficialmente, \u00e0s 16h desta quinta-feira (21), no Gin\u00e1sio de Esportes Municipal, com a Palestra Magna: Compet\u00eancias Socioemocionais na Educa\u00e7\u00e3o: Integra\u00e7\u00e3o entre o ser e o aprender que ser\u00e1 conduzida por Eduardo Shinyashiki. Amanh\u00e3 (22) o evento segue com uma s\u00e9rie de palestras ministradas por profissionais de renome do meio pedag\u00f3gico, que acontecem no Col\u00e9gio Estadual Dr. Juca Sento Se, C\u00e2mara de Vereadores,&hellip;","og_url":"https:\/\/blogdofarnesio.com.br\/?p=364192","og_site_name":"Blog do Farn\u00e9sio","article_publisher":"https:\/\/www.facebook.com\/BlogQuerSaberPolitica\/","article_author":"https:\/\/www.facebook.com\/?ref=tn_tnmn","article_published_time":"2024-03-21T12:42:16+00:00","og_image":[{"width":480,"height":438,"url":"https:\/\/blogdofarnesio.com.br\/wp-content\/uploads\/2024\/03\/blogqspjornada-pedagogica-e1710956105152.jpeg","type":"image\/jpeg"}],"author":"Farn\u00e9sio","twitter_card":"summary_large_image","twitter_misc":{"Escrito por":"Farn\u00e9sio","Est. tempo de leitura":"3 minutos"},"schema":{"@context":"https:\/\/schema.org","@graph":[{"@type":"Article","@id":"https:\/\/blogdofarnesio.com.br\/?p=364192#article","isPartOf":{"@id":"https:\/\/blogdofarnesio.com.br\/?p=364192"},"author":{"name":"Farn\u00e9sio","@id":"https:\/\/blogdofarnesio.com.br\/#\/schema\/person\/bb9b23ae3ad0609ce8df7b6c9e76824d"},"headline":"Culmin\u00e2ncia da Jornada Pedag\u00f3gica 2024 acontece nesta quinta e Sexta em Sento-S\u00e9","datePublished":"2024-03-21T12:42:16+00:00","mainEntityOfPage":{"@id":"https:\/\/blogdofarnesio.com.br\/?p=364192"},"wordCount":583,"commentCount":0,"publisher":{"@id":"https:\/\/blogdofarnesio.com.br\/#organization"},"image":{"@id":"https:\/\/blogdofarnesio.com.br\/?p=364192#primaryimage"},"thumbnailUrl":"https:\/\/blogdofarnesio.com.br\/wp-content\/uploads\/2024\/03\/blogqspjornada-pedagogica-e1710956105152.jpeg","articleSection":["Cidades"],"inLanguage":"pt-BR","potentialAction":[{"@type":"CommentAction","name":"Comment","target":["https:\/\/blogdofarnesio.com.br\/?p=364192#respond"]}]},{"@type":"WebPage","@id":"https:\/\/blogdofarnesio.com.br\/?p=364192","url":"https:\/\/blogdofarnesio.com.br\/?p=364192","name":"Culmin\u00e2ncia da Jornada Pedag\u00f3gica 2024 acontece nesta quinta e Sexta em Sento-S\u00e9 - Blog do Farn\u00e9sio","isPartOf":{"@id":"https:\/\/blogdofarnesio.com.br\/#website"},"primaryImageOfPage":{"@id":"https:\/\/blogdofarnesio.com.br\/?p=364192#primaryimage"},"image":{"@id":"https:\/\/blogdofarnesio.com.br\/?p=364192#primaryimage"},"thumbnailUrl":"https:\/\/blogdofarnesio.com.br\/wp-content\/uploads\/2024\/03\/blogqspjornada-pedagogica-e1710956105152.jpeg","datePublished":"2024-03-21T12:42:16+00:00","breadcrumb":{"@id":"https:\/\/blogdofarnesio.com.br\/?p=364192#breadcrumb"},"inLanguage":"pt-BR","potentialAction":[{"@type":"ReadAction","target":["https:\/\/blogdofarnesio.com.br\/?p=364192"]}]},{"@type":"ImageObject","inLanguage":"pt-BR","@id":"https:\/\/blogdofarnesio.com.br\/?p=364192#primaryimage","url":"https:\/\/blogdofarnesio.com.br\/wp-content\/uploads\/2024\/03\/blogqspjornada-pedagogica-e1710956105152.jpeg","contentUrl":"https:\/\/blogdofarnesio.com.br\/wp-content\/uploads\/2024\/03\/blogqspjornada-pedagogica-e1710956105152.jpeg","width":480,"height":438},{"@type":"BreadcrumbList","@id":"https:\/\/blogdofarnesio.com.br\/?p=364192#breadcrumb","itemListElement":[{"@type":"ListItem","position":1,"name":"In\u00edcio","item":"https:\/\/blogdofarnesio.com.br\/"},{"@type":"ListItem","position":2,"name":"Culmin\u00e2ncia da Jornada Pedag\u00f3gica 2024 acontece nesta quinta e Sexta em Sento-S\u00e9"}]},{"@type":"WebSite","@id":"https:\/\/blogdofarnesio.com.br\/#website","url":"https:\/\/blogdofarnesio.com.br\/","name":"Blog do Farn\u00e9sio","description":"Quer Saber Pol\u00edtica?","publisher":{"@id":"https:\/\/blogdofarnesio.com.br\/#organization"},"potentialAction":[{"@type":"SearchAction","target":{"@type":"EntryPoint","urlTemplate":"https:\/\/blogdofarnesio.com.br\/?s={search_term_string}"},"query-input":{"@type":"PropertyValueSpecification","valueRequired":true,"valueName":"search_term_string"}}],"inLanguage":"pt-BR"},{"@type":"Organization","@id":"https:\/\/blogdofarnesio.com.br\/#organization","name":"Blog do Farn\u00e9sio","url":"https:\/\/blogdofarnesio.com.br\/","logo":{"@type":"ImageObject","inLanguage":"pt-BR","@id":"https:\/\/blogdofarnesio.com.br\/#\/schema\/logo\/image\/","url":"https:\/\/blogdofarnesio.com.br\/wp-content\/uploads\/2026\/03\/cropped-logo_new-1.png","contentUrl":"https:\/\/blogdofarnesio.com.br\/wp-content\/uploads\/2026\/03\/cropped-logo_new-1.png","width":881,"height":685,"caption":"Blog do Farn\u00e9sio"},"image":{"@id":"https:\/\/blogdofarnesio.com.br\/#\/schema\/logo\/image\/"},"sameAs":["https:\/\/www.facebook.com\/BlogQuerSaberPolitica\/"]},{"@type":"Person","@id":"https:\/\/blogdofarnesio.com.br\/#\/schema\/person\/bb9b23ae3ad0609ce8df7b6c9e76824d","name":"Farn\u00e9sio","image":{"@type":"ImageObject","inLanguage":"pt-BR","@id":"https:\/\/secure.gravatar.com\/avatar\/986aa4c61ccdb66f8555bf88fc2a65609d00bcabd4d2d94377a727547345cbca?s=96&d=mm&r=g","url":"https:\/\/secure.gravatar.com\/avatar\/986aa4c61ccdb66f8555bf88fc2a65609d00bcabd4d2d94377a727547345cbca?s=96&d=mm&r=g","contentUrl":"https:\/\/secure.gravatar.com\/avatar\/986aa4c61ccdb66f8555bf88fc2a65609d00bcabd4d2d94377a727547345cbca?s=96&d=mm&r=g","caption":"Farn\u00e9sio"},"description":"Radialista blogueiro, chegou a Petrolina\/Juazeiro em setembro de 1980, Farn\u00e9sio Silva \u00e9 de Arapiraca-Alagoas.","sameAs":["http:\/\/blogdofarnesio.com.br","https:\/\/www.facebook.com\/?ref=tn_tnmn","https:\/\/www.instagram.com\/?utm_source=pwa_homescreen","https:\/\/youtube.com.br\/"],"url":"https:\/\/blogdofarnesio.com.br\/?author=2"}]}},"_links":{"self":[{"href":"https:\/\/blogdofarnesio.com.br\/index.php?rest_route=\/wp\/v2\/posts\/364192","targetHints":{"allow":["GET"]}}],"collection":[{"href":"https:\/\/blogdofarnesio.com.br\/index.php?rest_route=\/wp\/v2\/posts"}],"about":[{"href":"https:\/\/blogdofarnesio.com.br\/index.php?rest_route=\/wp\/v2\/types\/post"}],"author":[{"embeddable":true,"href":"https:\/\/blogdofarnesio.com.br\/index.php?rest_route=\/wp\/v2\/users\/2"}],"replies":[{"embeddable":true,"href":"https:\/\/blogdofarnesio.com.br\/index.php?rest_route=%2Fwp%2Fv2%2Fcomments&post=364192"}],"version-history":[{"count":0,"href":"https:\/\/blogdofarnesio.com.br\/index.php?rest_route=\/wp\/v2\/posts\/364192\/revisions"}],"wp:featuredmedia":[{"embeddable":true,"href":"https:\/\/blogdofarnesio.com.br\/index.php?rest_route=\/wp\/v2\/media\/364193"}],"wp:attachment":[{"href":"https:\/\/blogdofarnesio.com.br\/index.php?rest_route=%2Fwp%2Fv2%2Fmedia&parent=364192"}],"wp:term":[{"taxonomy":"category","embeddable":true,"href":"https:\/\/blogdofarnesio.com.br\/index.php?rest_route=%2Fwp%2Fv2%2Fcategories&post=364192"},{"taxonomy":"post_tag","embeddable":true,"href":"https:\/\/blogdofarnesio.com.br\/index.php?rest_route=%2Fwp%2Fv2%2Ftags&post=364192"}],"curies":[{"name":"wp","href":"https:\/\/api.w.org\/{rel}","templated":true}]}}