{"id":364154,"date":"2024-04-19T15:03:08","date_gmt":"2024-04-19T18:03:08","guid":{"rendered":"https:\/\/blogdofarnesio.com.br\/?p=364154"},"modified":"2024-04-19T09:16:25","modified_gmt":"2024-04-19T12:16:25","slug":"sao-joao-de-caruaru-vai-durar-72-dias-anote-toda-programacao","status":"publish","type":"post","link":"https:\/\/blogdofarnesio.com.br\/2024\/04\/sao-joao-de-caruaru-vai-durar-72-dias-anote-toda-programacao\/","title":{"rendered":"S\u00e3o Jo\u00e3o de Caruaru come\u00e7a hoje (19) e vai durar 72 dias. Anote toda programa\u00e7\u00e3o"},"content":{"rendered":"<p>DI\u00c1RIO DE PERNAMBUCO &#8211;\u00a0 programa\u00e7\u00e3o oficial do S\u00e3o Jo\u00e3o de Caruaru, no Agreste de Pernambuco, come\u00e7a hoje. A festa deste ano, cujo tema \u00e9 &#8220;A Evolu\u00e7\u00e3o do Barro&#8221;, se estender\u00e1 por 72 dias &#8211; com in\u00edcio neste 19 de abril, no S\u00e3o Jo\u00e3o da Ro\u00e7a, e encerrando no dia 29 de junho.<\/p>\n<p>Entre as novidades, al\u00e9m da estreia de uma tem\u00e1tica espec\u00edfica, o S\u00e3o Jo\u00e3o 2024 ainda conta com uma atra\u00e7\u00e3o internacional e mais dois polos adicionados em rela\u00e7\u00e3o \u00e0 edi\u00e7\u00e3o do ano passado.<\/p>\n<p>Pela primeira vez, o &#8220;Maior e Melhor S\u00e3o Jo\u00e3o do Mundo&#8221; adota um tema que marca a edi\u00e7\u00e3o. Em 2024, a festa leva o nome de \u201cA Evolu\u00e7\u00e3o do Barro\u201d, que ser\u00e1 incorporado em sua nova identidade visual. Al\u00e9m disso, o jingle oficial foi renovado com as vozes de Solange Almeida e Petr\u00facio Amorim.<\/p>\n<p>A abertura do evento \u00e9 marcada pelas apresenta\u00e7\u00f5es culturais em diferentes pontos da zona rural do munic\u00edpio, como a Quadrilha Tradicional Arrasta P\u00e9 e o grupo de dan\u00e7a Flor do Barro. No Polo Azul\u00e3o, espa\u00e7o destinado \u00e0 m\u00fasica alternativa, est\u00e3o confirmadas as presen\u00e7as de Jorge Arag\u00e3o, Marcelo D2 e Sandra S\u00e1.]<\/p>\n<p>No P\u00e1tio de Eventos Luiz Gonzaga, o principal palco da festa, os shows acontecer\u00e3o entre os dias 1\u00ba e 29 de junho. Joelma, Luan Santana, Carlinhos Brown, Maiara e Maraisa e Claudia Leitte s\u00e3o alguns dos artistas nacionais que v\u00e3o agitar o p\u00fablico. Double You, grupo italiano que bombou na d\u00e9cada de 1980, ser\u00e1 a primeira atra\u00e7\u00e3o internacional do S\u00e3o Jo\u00e3o de Caruaru. O quinteto europeu se apresenta no Dia dos Namorados, ao lado de Roupa Nova, Calcinha Preta e Amado Batista.<br \/>\nA programa\u00e7\u00e3o que abra\u00e7a a diversidade de estilos musicais, desde o forr\u00f3 cl\u00e1ssico at\u00e9 o samba, brega e m\u00fasica eletr\u00f4nica, tamb\u00e9m celebra a pluralidade religiosa, conforme destacado pelo presidente da Funda\u00e7\u00e3o de Cultura, H\u00e9rlon Cavalcanti \u201cAl\u00e9m de todos esses g\u00eaneros musicais, Caruaru tamb\u00e9m abre as portas para atra\u00e7\u00f5es cat\u00f3licas, evang\u00e9licas e de religi\u00f5es de matrizes africanas, com um dia dedicado para cada um e cada uma. \u00c9 assim que iremos fazer o maior S\u00e3o Jo\u00e3o de todos os tempos: respeitando as diferen\u00e7as e a diversidades\u201d,<br \/>\nHomenageados do S\u00e3o Jo\u00e3o de Caruaru 2024<br \/>\nO S\u00e3o Jo\u00e3o ter\u00e1 cinco homenageados, sendo dois em mem\u00f3ria: Terezinha Gonzaga, Patrim\u00f4nio Vivo de Caruaru e Mestra na arte do barro; Angela Bacarmateira, agricultora aposentada e bacamarteira do 27\u00b0 Batalh\u00e3o da Serra dos Cavalos, que tem mais de 30 anos de atua\u00e7\u00e3o em Caruaru; Adolfo Jos\u00e9: ex-vereador e empres\u00e1rio; Ariano Suassuna (em mem\u00f3ria), que ser\u00e1 lembrado pelos dez anos de sua partida; Lambreta (em mem\u00f3ria), ex-vereador.<br \/>\nConfira a programa\u00e7\u00e3o completa:<br \/>\nP\u00e1tio de Eventos Luiz Gonzaga<br \/>\nS\u00e1bado \u2013 1\u00b0 de junho<br \/>\nCarlinhos Brown<br \/>\nOrquestra de P\u00edfanos de Caruaru<br \/>\nFl\u00e1vio Jos\u00e9<br \/>\nJorge de Altinho<br \/>\nMano Walter<br \/>\nDomingo \u2013 2 de junho<br \/>\nCavaleiros do Forr\u00f3<br \/>\nLim\u00e3o com Mel<br \/>\nPriscila Senna<br \/>\nL\u00e9o Santana<br \/>\nQuinta-feira \u2013 6 de junho (noite cat\u00f3lica)<br \/>\nThiago Brado<br \/>\nAdriana Arydes<br \/>\nSexta-feira \u2013 7 de junho<br \/>\nElba Ramalho<br \/>\nJoelma<br \/>\nProjeto \u00c0 Vontade o Show (Luan Estilizado, Ra\u00ed Saia Rodada e Zezo Potiguar)<br \/>\nS\u00e1bado &#8211; 8 de junho<br \/>\nBatista Lima<br \/>\nBell Marques<br \/>\nHenrique e Juliano<br \/>\nDomingo \u2013 9 de junho<br \/>\nSamya Maia<br \/>\nTarc\u00edsio do Acordeon<br \/>\nMastruz com Leite<br \/>\nDorgival Dantas<br \/>\nQuarta-feira &#8211; 12 de junho<br \/>\nRoupa Nova<br \/>\nCalcinha Preta<br \/>\nAmado Batista<br \/>\nDouble You<\/p>\n<p>Quinta-feira \u2013 13 de junho (noite evang\u00e9lica)<br \/>\nYonara<br \/>\nIsaias Saad<br \/>\nDavi Sacer<\/p>\n<p>Sexta-feira \u2013 14 de junho<br \/>\nTropyk\u00e1lia<br \/>\nWallas Arraes<br \/>\nAlcymar Monteiro<br \/>\nClaudia Leitte<\/p>\n<p>S\u00e1bado \u2013 15 de junho<br \/>\nCalango Aceso<br \/>\nIguinho e Lulinha<br \/>\nHenry Freitas<br \/>\nAtra\u00e7\u00e3o Surpresa<br \/>\nDomingo \u2013 16 de junho<br \/>\nSolange Almeida<br \/>\nRaphaela Santos<br \/>\nSimone Mendes<br \/>\nQuinta-feira \u2013 20 de junho<br \/>\nManu Batid\u00e3o<br \/>\nMenos \u00e9 Mais<br \/>\nHugo e Guilherme<br \/>\nSexta-feira \u2013 21 de Junho<br \/>\nBeto Barbosa<br \/>\nRa\u00e7a Negra<br \/>\nMaiara e Maraisa<br \/>\nNathalia Calazans<\/p>\n<p>S\u00e1bado \u2013 22 de Junho<br \/>\nBenil<br \/>\nLuan Santana<br \/>\nMatu\u00ea<br \/>\nMatheus e Kauan<\/p>\n<p>Domingo \u2013 23 de Junho<br \/>\nMateus Fernandez<br \/>\nMagn\u00edficos<br \/>\nZ\u00e9 Neto e Cristiano<br \/>\nSegunda-feira \u2013 24 de Junho<br \/>\nPetrucio Amorim<br \/>\nAlok<br \/>\nJo\u00e3o Gomes<br \/>\nSexta-feira \u2013 28 de Junho<br \/>\nCaviar com Rapadura<br \/>\nIsrael Filho<br \/>\nBruno e Marrone<br \/>\nS\u00e1bado \u2013 29 de Junho<br \/>\nDouglas Leon<br \/>\nTodos Cantam Caruaru\/ Forr\u00f3 Gigante<br \/>\nGustavo Mioto<br \/>\nC\u00e9sar Menotti e Fabiano<\/p>\n<p>Polo Alto do Moura<br \/>\nDomingo &#8211; 2 de junho<br \/>\nForr\u00f3 Quent\u00e3o<br \/>\nAdelm\u00e1rio Coelho<br \/>\nGeraldinho Lins<br \/>\nS\u00e1bado &#8211; 8 de junho<br \/>\nBanda Aqu\u00e1rios<br \/>\nCapital do Sol<br \/>\nSantanna, O Cantador<\/p>\n<p>Domingo &#8211; 9 de junho<br \/>\nHumberto Bonny<br \/>\nBig Band a Nordestina<br \/>\nVil\u00f5es do Forr\u00f3<\/p>\n<p>S\u00e1bado -15 de junho<br \/>\nGitana Pimentel<br \/>\nAmazan<br \/>\nNovinho da Para\u00edba<br \/>\nDomingo &#8211; 16 de junho<br \/>\nTargino Gongim<br \/>\nN\u00e1dia Maia<br \/>\nCaninana<br \/>\nS\u00e1bado &#8211; 22 de junho<br \/>\nRenan Cruz<br \/>\nSilvana Salazar<br \/>\nAlex J\u00fanior<br \/>\nDomingo &#8211; 23 de junho<br \/>\nSebastian Silva<br \/>\nForr\u00f3 da Brucelose<br \/>\nMaciel Melo<br \/>\nSegunda &#8211; 24 de junho<br \/>\nRenilda Cardoso<br \/>\nAlysson<br \/>\nEdu e Maraial<br \/>\nS\u00e1bado &#8211; 29 de junho<br \/>\nPV Calado<br \/>\nVicente Nery<br \/>\nCapim com Mel<br \/>\nPolo Azul\u00e3o<br \/>\nSexta-feira \u2013 7 de Junho<br \/>\nTrajano<br \/>\nEdson Gomes<br \/>\nPaulo Miklos<br \/>\nS\u00e1bado \u2013 8 de Junho<br \/>\nTony Maciel<br \/>\nSandra S\u00e1<br \/>\nAlm\u00e9rio<br \/>\nDomingo \u2013 9 de Junho<br \/>\nErisson Porto<br \/>\nMaestro Mozart Vieira<br \/>\nQuinteto Violado<br \/>\nSexta-feira \u2013 14 de Junho<br \/>\nSangue de Barro<br \/>\nUptown Blues Band<br \/>\nAlkymenia<\/p>\n<p>S\u00e1bado &#8211; 15 de junho<br \/>\nSambar &amp; Love<br \/>\nGerlane Lopes<br \/>\nJorge Arag\u00e3o<br \/>\nDomingo \u2013 16 de Junho<br \/>\nJo\u00e3o do Pife e Banda<br \/>\n2 Irm\u00e3os<br \/>\nSilv\u00e9rio Pessoa<br \/>\nAnast\u00e1cia e Daniel Gonzaga (Show Sanfona Sentida)<br \/>\nQuinta-feira &#8211; 20 de Junho<br \/>\nSheldon<br \/>\nCarla Alves<br \/>\nConde s\u00f3 Brega<br \/>\nSexta-feira \u2013 21 de Junho<br \/>\nGilvan Neves<br \/>\nWalmir Silva<br \/>\nJoana Ang\u00e9lica (60 anos de carreira)<br \/>\nS\u00e1bado \u2013 22 de Junho<br \/>\nSombra dos Anjos<br \/>\nFunky Monks<br \/>\nAtra\u00e7\u00e3o Surpresa<br \/>\nSegunda-feira \u2013 24 de Junho<br \/>\nLos Cubanos<br \/>\nMamonas Assassinas (O Legado)<br \/>\nBuchecha<br \/>\nSexta-feira \u2013 28 de Junho<br \/>\nNoite da fogueira de xang\u00f4<br \/>\nCris Mendes<br \/>\nColibri Brasil<br \/>\nOlodum<\/p>\n","protected":false},"excerpt":{"rendered":"<p>DI\u00c1RIO DE PERNAMBUCO &#8211;\u00a0 programa\u00e7\u00e3o oficial do S\u00e3o Jo\u00e3o de Caruaru, no Agreste de Pernambuco, come\u00e7a hoje. A festa deste ano, cujo tema \u00e9 &#8220;A Evolu\u00e7\u00e3o do Barro&#8221;, se estender\u00e1 por 72 dias &#8211; com in\u00edcio neste 19 de abril, no S\u00e3o Jo\u00e3o da Ro\u00e7a, e encerrando no dia 29 de junho. Entre as novidades, al\u00e9m da estreia de uma tem\u00e1tica espec\u00edfica, o S\u00e3o Jo\u00e3o 2024 ainda conta com uma atra\u00e7\u00e3o internacional e mais dois polos adicionados em rela\u00e7\u00e3o \u00e0 edi\u00e7\u00e3o do ano passado. Pela primeira vez, o &#8220;Maior e Melhor S\u00e3o Jo\u00e3o do Mundo&#8221; adota um tema que marca a edi\u00e7\u00e3o. Em 2024, a festa leva o nome de \u201cA Evolu\u00e7\u00e3o do Barro\u201d, que ser\u00e1 incorporado em sua nova&hellip; <\/p>\n","protected":false},"author":2,"featured_media":196078,"comment_status":"open","ping_status":"open","sticky":false,"template":"","format":"standard","meta":{"_acf_changed":false,"footnotes":""},"categories":[27,10],"tags":[],"class_list":["post-364154","post","type-post","status-publish","format-standard","has-post-thumbnail","hentry","category-cidades","category-cultura"],"acf":[],"yoast_head":"<!-- This site is optimized with the Yoast SEO plugin v27.5 - https:\/\/yoast.com\/product\/yoast-seo-wordpress\/ -->\n<title>S\u00e3o Jo\u00e3o de Caruaru come\u00e7a hoje (19) e vai durar 72 dias. Anote toda programa\u00e7\u00e3o - Blog do Farn\u00e9sio<\/title>\n<meta name=\"robots\" content=\"index, follow, max-snippet:-1, max-image-preview:large, max-video-preview:-1\" \/>\n<link rel=\"canonical\" href=\"https:\/\/blogdofarnesio.com.br\/2024\/04\/sao-joao-de-caruaru-vai-durar-72-dias-anote-toda-programacao\/\" \/>\n<meta property=\"og:locale\" content=\"pt_BR\" \/>\n<meta property=\"og:type\" content=\"article\" \/>\n<meta property=\"og:title\" content=\"S\u00e3o Jo\u00e3o de Caruaru come\u00e7a hoje (19) e vai durar 72 dias. Anote toda programa\u00e7\u00e3o - Blog do Farn\u00e9sio\" \/>\n<meta property=\"og:description\" content=\"DI\u00c1RIO DE PERNAMBUCO &#8211;\u00a0 programa\u00e7\u00e3o oficial do S\u00e3o Jo\u00e3o de Caruaru, no Agreste de Pernambuco, come\u00e7a hoje. A festa deste ano, cujo tema \u00e9 &#8220;A Evolu\u00e7\u00e3o do Barro&#8221;, se estender\u00e1 por 72 dias &#8211; com in\u00edcio neste 19 de abril, no S\u00e3o Jo\u00e3o da Ro\u00e7a, e encerrando no dia 29 de junho. Entre as novidades, al\u00e9m da estreia de uma tem\u00e1tica espec\u00edfica, o S\u00e3o Jo\u00e3o 2024 ainda conta com uma atra\u00e7\u00e3o internacional e mais dois polos adicionados em rela\u00e7\u00e3o \u00e0 edi\u00e7\u00e3o do ano passado. Pela primeira vez, o &#8220;Maior e Melhor S\u00e3o Jo\u00e3o do Mundo&#8221; adota um tema que marca a edi\u00e7\u00e3o. Em 2024, a festa leva o nome de \u201cA Evolu\u00e7\u00e3o do Barro\u201d, que ser\u00e1 incorporado em sua nova&hellip;\" \/>\n<meta property=\"og:url\" content=\"https:\/\/blogdofarnesio.com.br\/2024\/04\/sao-joao-de-caruaru-vai-durar-72-dias-anote-toda-programacao\/\" \/>\n<meta property=\"og:site_name\" content=\"Blog do Farn\u00e9sio\" \/>\n<meta property=\"article:publisher\" content=\"https:\/\/www.facebook.com\/BlogQuerSaberPolitica\/\" \/>\n<meta property=\"article:author\" content=\"https:\/\/www.facebook.com\/?ref=tn_tnmn\" \/>\n<meta property=\"article:published_time\" content=\"2024-04-19T18:03:08+00:00\" \/>\n<meta property=\"og:image\" content=\"https:\/\/blogdofarnesio.com.br\/wp-content\/uploads\/2018\/04\/blogqspS\u00e3o-Jo\u00e3o-2018-de-Caruaru.jpg\" \/>\n\t<meta property=\"og:image:width\" content=\"640\" \/>\n\t<meta property=\"og:image:height\" content=\"388\" \/>\n\t<meta property=\"og:image:type\" content=\"image\/jpeg\" \/>\n<meta name=\"author\" content=\"Farn\u00e9sio\" \/>\n<meta name=\"twitter:card\" content=\"summary_large_image\" \/>\n<meta name=\"twitter:label1\" content=\"Escrito por\" \/>\n\t<meta name=\"twitter:data1\" content=\"Farn\u00e9sio\" \/>\n\t<meta name=\"twitter:label2\" content=\"Est. tempo de leitura\" \/>\n\t<meta name=\"twitter:data2\" content=\"6 minutos\" \/>\n<script type=\"application\/ld+json\" class=\"yoast-schema-graph\">{\"@context\":\"https:\\\/\\\/schema.org\",\"@graph\":[{\"@type\":\"Article\",\"@id\":\"https:\\\/\\\/blogdofarnesio.com.br\\\/2024\\\/04\\\/sao-joao-de-caruaru-vai-durar-72-dias-anote-toda-programacao\\\/#article\",\"isPartOf\":{\"@id\":\"https:\\\/\\\/blogdofarnesio.com.br\\\/2024\\\/04\\\/sao-joao-de-caruaru-vai-durar-72-dias-anote-toda-programacao\\\/\"},\"author\":{\"name\":\"Farn\u00e9sio\",\"@id\":\"https:\\\/\\\/blogdofarnesio.com.br\\\/#\\\/schema\\\/person\\\/bb9b23ae3ad0609ce8df7b6c9e76824d\"},\"headline\":\"S\u00e3o Jo\u00e3o de Caruaru come\u00e7a hoje (19) e vai durar 72 dias. Anote toda programa\u00e7\u00e3o\",\"datePublished\":\"2024-04-19T18:03:08+00:00\",\"mainEntityOfPage\":{\"@id\":\"https:\\\/\\\/blogdofarnesio.com.br\\\/2024\\\/04\\\/sao-joao-de-caruaru-vai-durar-72-dias-anote-toda-programacao\\\/\"},\"wordCount\":988,\"commentCount\":0,\"publisher\":{\"@id\":\"https:\\\/\\\/blogdofarnesio.com.br\\\/#organization\"},\"image\":{\"@id\":\"https:\\\/\\\/blogdofarnesio.com.br\\\/2024\\\/04\\\/sao-joao-de-caruaru-vai-durar-72-dias-anote-toda-programacao\\\/#primaryimage\"},\"thumbnailUrl\":\"https:\\\/\\\/blogdofarnesio.com.br\\\/wp-content\\\/uploads\\\/2018\\\/04\\\/blogqspS\u00e3o-Jo\u00e3o-2018-de-Caruaru.jpg\",\"articleSection\":[\"Cidades\",\"Cultura\"],\"inLanguage\":\"pt-BR\",\"potentialAction\":[{\"@type\":\"CommentAction\",\"name\":\"Comment\",\"target\":[\"https:\\\/\\\/blogdofarnesio.com.br\\\/2024\\\/04\\\/sao-joao-de-caruaru-vai-durar-72-dias-anote-toda-programacao\\\/#respond\"]}]},{\"@type\":\"WebPage\",\"@id\":\"https:\\\/\\\/blogdofarnesio.com.br\\\/2024\\\/04\\\/sao-joao-de-caruaru-vai-durar-72-dias-anote-toda-programacao\\\/\",\"url\":\"https:\\\/\\\/blogdofarnesio.com.br\\\/2024\\\/04\\\/sao-joao-de-caruaru-vai-durar-72-dias-anote-toda-programacao\\\/\",\"name\":\"S\u00e3o Jo\u00e3o de Caruaru come\u00e7a hoje (19) e vai durar 72 dias. Anote toda programa\u00e7\u00e3o - Blog do Farn\u00e9sio\",\"isPartOf\":{\"@id\":\"https:\\\/\\\/blogdofarnesio.com.br\\\/#website\"},\"primaryImageOfPage\":{\"@id\":\"https:\\\/\\\/blogdofarnesio.com.br\\\/2024\\\/04\\\/sao-joao-de-caruaru-vai-durar-72-dias-anote-toda-programacao\\\/#primaryimage\"},\"image\":{\"@id\":\"https:\\\/\\\/blogdofarnesio.com.br\\\/2024\\\/04\\\/sao-joao-de-caruaru-vai-durar-72-dias-anote-toda-programacao\\\/#primaryimage\"},\"thumbnailUrl\":\"https:\\\/\\\/blogdofarnesio.com.br\\\/wp-content\\\/uploads\\\/2018\\\/04\\\/blogqspS\u00e3o-Jo\u00e3o-2018-de-Caruaru.jpg\",\"datePublished\":\"2024-04-19T18:03:08+00:00\",\"breadcrumb\":{\"@id\":\"https:\\\/\\\/blogdofarnesio.com.br\\\/2024\\\/04\\\/sao-joao-de-caruaru-vai-durar-72-dias-anote-toda-programacao\\\/#breadcrumb\"},\"inLanguage\":\"pt-BR\",\"potentialAction\":[{\"@type\":\"ReadAction\",\"target\":[\"https:\\\/\\\/blogdofarnesio.com.br\\\/2024\\\/04\\\/sao-joao-de-caruaru-vai-durar-72-dias-anote-toda-programacao\\\/\"]}]},{\"@type\":\"ImageObject\",\"inLanguage\":\"pt-BR\",\"@id\":\"https:\\\/\\\/blogdofarnesio.com.br\\\/2024\\\/04\\\/sao-joao-de-caruaru-vai-durar-72-dias-anote-toda-programacao\\\/#primaryimage\",\"url\":\"https:\\\/\\\/blogdofarnesio.com.br\\\/wp-content\\\/uploads\\\/2018\\\/04\\\/blogqspS\u00e3o-Jo\u00e3o-2018-de-Caruaru.jpg\",\"contentUrl\":\"https:\\\/\\\/blogdofarnesio.com.br\\\/wp-content\\\/uploads\\\/2018\\\/04\\\/blogqspS\u00e3o-Jo\u00e3o-2018-de-Caruaru.jpg\",\"width\":640,\"height\":388},{\"@type\":\"BreadcrumbList\",\"@id\":\"https:\\\/\\\/blogdofarnesio.com.br\\\/2024\\\/04\\\/sao-joao-de-caruaru-vai-durar-72-dias-anote-toda-programacao\\\/#breadcrumb\",\"itemListElement\":[{\"@type\":\"ListItem\",\"position\":1,\"name\":\"In\u00edcio\",\"item\":\"https:\\\/\\\/blogdofarnesio.com.br\\\/\"},{\"@type\":\"ListItem\",\"position\":2,\"name\":\"S\u00e3o Jo\u00e3o de Caruaru come\u00e7a hoje (19) e vai durar 72 dias. Anote toda programa\u00e7\u00e3o\"}]},{\"@type\":\"WebSite\",\"@id\":\"https:\\\/\\\/blogdofarnesio.com.br\\\/#website\",\"url\":\"https:\\\/\\\/blogdofarnesio.com.br\\\/\",\"name\":\"Blog do Farn\u00e9sio\",\"description\":\"Quer Saber Pol\u00edtica?\",\"publisher\":{\"@id\":\"https:\\\/\\\/blogdofarnesio.com.br\\\/#organization\"},\"potentialAction\":[{\"@type\":\"SearchAction\",\"target\":{\"@type\":\"EntryPoint\",\"urlTemplate\":\"https:\\\/\\\/blogdofarnesio.com.br\\\/?s={search_term_string}\"},\"query-input\":{\"@type\":\"PropertyValueSpecification\",\"valueRequired\":true,\"valueName\":\"search_term_string\"}}],\"inLanguage\":\"pt-BR\"},{\"@type\":\"Organization\",\"@id\":\"https:\\\/\\\/blogdofarnesio.com.br\\\/#organization\",\"name\":\"Blog do Farn\u00e9sio\",\"url\":\"https:\\\/\\\/blogdofarnesio.com.br\\\/\",\"logo\":{\"@type\":\"ImageObject\",\"inLanguage\":\"pt-BR\",\"@id\":\"https:\\\/\\\/blogdofarnesio.com.br\\\/#\\\/schema\\\/logo\\\/image\\\/\",\"url\":\"https:\\\/\\\/blogdofarnesio.com.br\\\/wp-content\\\/uploads\\\/2026\\\/03\\\/cropped-logo_new-1.png\",\"contentUrl\":\"https:\\\/\\\/blogdofarnesio.com.br\\\/wp-content\\\/uploads\\\/2026\\\/03\\\/cropped-logo_new-1.png\",\"width\":881,\"height\":685,\"caption\":\"Blog do Farn\u00e9sio\"},\"image\":{\"@id\":\"https:\\\/\\\/blogdofarnesio.com.br\\\/#\\\/schema\\\/logo\\\/image\\\/\"},\"sameAs\":[\"https:\\\/\\\/www.facebook.com\\\/BlogQuerSaberPolitica\\\/\"]},{\"@type\":\"Person\",\"@id\":\"https:\\\/\\\/blogdofarnesio.com.br\\\/#\\\/schema\\\/person\\\/bb9b23ae3ad0609ce8df7b6c9e76824d\",\"name\":\"Farn\u00e9sio\",\"image\":{\"@type\":\"ImageObject\",\"inLanguage\":\"pt-BR\",\"@id\":\"https:\\\/\\\/secure.gravatar.com\\\/avatar\\\/986aa4c61ccdb66f8555bf88fc2a65609d00bcabd4d2d94377a727547345cbca?s=96&d=mm&r=g\",\"url\":\"https:\\\/\\\/secure.gravatar.com\\\/avatar\\\/986aa4c61ccdb66f8555bf88fc2a65609d00bcabd4d2d94377a727547345cbca?s=96&d=mm&r=g\",\"contentUrl\":\"https:\\\/\\\/secure.gravatar.com\\\/avatar\\\/986aa4c61ccdb66f8555bf88fc2a65609d00bcabd4d2d94377a727547345cbca?s=96&d=mm&r=g\",\"caption\":\"Farn\u00e9sio\"},\"description\":\"Radialista blogueiro, chegou a Petrolina\\\/Juazeiro em setembro de 1980, Farn\u00e9sio Silva \u00e9 de Arapiraca-Alagoas.\",\"sameAs\":[\"http:\\\/\\\/blogdofarnesio.com.br\",\"https:\\\/\\\/www.facebook.com\\\/?ref=tn_tnmn\",\"https:\\\/\\\/www.instagram.com\\\/?utm_source=pwa_homescreen\",\"https:\\\/\\\/youtube.com.br\\\/\"],\"url\":\"https:\\\/\\\/blogdofarnesio.com.br\\\/author\\\/farnesio-2\\\/\"}]}<\/script>\n<!-- \/ Yoast SEO plugin. -->","yoast_head_json":{"title":"S\u00e3o Jo\u00e3o de Caruaru come\u00e7a hoje (19) e vai durar 72 dias. Anote toda programa\u00e7\u00e3o - Blog do Farn\u00e9sio","robots":{"index":"index","follow":"follow","max-snippet":"max-snippet:-1","max-image-preview":"max-image-preview:large","max-video-preview":"max-video-preview:-1"},"canonical":"https:\/\/blogdofarnesio.com.br\/2024\/04\/sao-joao-de-caruaru-vai-durar-72-dias-anote-toda-programacao\/","og_locale":"pt_BR","og_type":"article","og_title":"S\u00e3o Jo\u00e3o de Caruaru come\u00e7a hoje (19) e vai durar 72 dias. Anote toda programa\u00e7\u00e3o - Blog do Farn\u00e9sio","og_description":"DI\u00c1RIO DE PERNAMBUCO &#8211;\u00a0 programa\u00e7\u00e3o oficial do S\u00e3o Jo\u00e3o de Caruaru, no Agreste de Pernambuco, come\u00e7a hoje. A festa deste ano, cujo tema \u00e9 &#8220;A Evolu\u00e7\u00e3o do Barro&#8221;, se estender\u00e1 por 72 dias &#8211; com in\u00edcio neste 19 de abril, no S\u00e3o Jo\u00e3o da Ro\u00e7a, e encerrando no dia 29 de junho. Entre as novidades, al\u00e9m da estreia de uma tem\u00e1tica espec\u00edfica, o S\u00e3o Jo\u00e3o 2024 ainda conta com uma atra\u00e7\u00e3o internacional e mais dois polos adicionados em rela\u00e7\u00e3o \u00e0 edi\u00e7\u00e3o do ano passado. Pela primeira vez, o &#8220;Maior e Melhor S\u00e3o Jo\u00e3o do Mundo&#8221; adota um tema que marca a edi\u00e7\u00e3o. Em 2024, a festa leva o nome de \u201cA Evolu\u00e7\u00e3o do Barro\u201d, que ser\u00e1 incorporado em sua nova&hellip;","og_url":"https:\/\/blogdofarnesio.com.br\/2024\/04\/sao-joao-de-caruaru-vai-durar-72-dias-anote-toda-programacao\/","og_site_name":"Blog do Farn\u00e9sio","article_publisher":"https:\/\/www.facebook.com\/BlogQuerSaberPolitica\/","article_author":"https:\/\/www.facebook.com\/?ref=tn_tnmn","article_published_time":"2024-04-19T18:03:08+00:00","og_image":[{"width":640,"height":388,"url":"https:\/\/blogdofarnesio.com.br\/wp-content\/uploads\/2018\/04\/blogqspS\u00e3o-Jo\u00e3o-2018-de-Caruaru.jpg","type":"image\/jpeg"}],"author":"Farn\u00e9sio","twitter_card":"summary_large_image","twitter_misc":{"Escrito por":"Farn\u00e9sio","Est. tempo de leitura":"6 minutos"},"schema":{"@context":"https:\/\/schema.org","@graph":[{"@type":"Article","@id":"https:\/\/blogdofarnesio.com.br\/2024\/04\/sao-joao-de-caruaru-vai-durar-72-dias-anote-toda-programacao\/#article","isPartOf":{"@id":"https:\/\/blogdofarnesio.com.br\/2024\/04\/sao-joao-de-caruaru-vai-durar-72-dias-anote-toda-programacao\/"},"author":{"name":"Farn\u00e9sio","@id":"https:\/\/blogdofarnesio.com.br\/#\/schema\/person\/bb9b23ae3ad0609ce8df7b6c9e76824d"},"headline":"S\u00e3o Jo\u00e3o de Caruaru come\u00e7a hoje (19) e vai durar 72 dias. Anote toda programa\u00e7\u00e3o","datePublished":"2024-04-19T18:03:08+00:00","mainEntityOfPage":{"@id":"https:\/\/blogdofarnesio.com.br\/2024\/04\/sao-joao-de-caruaru-vai-durar-72-dias-anote-toda-programacao\/"},"wordCount":988,"commentCount":0,"publisher":{"@id":"https:\/\/blogdofarnesio.com.br\/#organization"},"image":{"@id":"https:\/\/blogdofarnesio.com.br\/2024\/04\/sao-joao-de-caruaru-vai-durar-72-dias-anote-toda-programacao\/#primaryimage"},"thumbnailUrl":"https:\/\/blogdofarnesio.com.br\/wp-content\/uploads\/2018\/04\/blogqspS\u00e3o-Jo\u00e3o-2018-de-Caruaru.jpg","articleSection":["Cidades","Cultura"],"inLanguage":"pt-BR","potentialAction":[{"@type":"CommentAction","name":"Comment","target":["https:\/\/blogdofarnesio.com.br\/2024\/04\/sao-joao-de-caruaru-vai-durar-72-dias-anote-toda-programacao\/#respond"]}]},{"@type":"WebPage","@id":"https:\/\/blogdofarnesio.com.br\/2024\/04\/sao-joao-de-caruaru-vai-durar-72-dias-anote-toda-programacao\/","url":"https:\/\/blogdofarnesio.com.br\/2024\/04\/sao-joao-de-caruaru-vai-durar-72-dias-anote-toda-programacao\/","name":"S\u00e3o Jo\u00e3o de Caruaru come\u00e7a hoje (19) e vai durar 72 dias. Anote toda programa\u00e7\u00e3o - Blog do Farn\u00e9sio","isPartOf":{"@id":"https:\/\/blogdofarnesio.com.br\/#website"},"primaryImageOfPage":{"@id":"https:\/\/blogdofarnesio.com.br\/2024\/04\/sao-joao-de-caruaru-vai-durar-72-dias-anote-toda-programacao\/#primaryimage"},"image":{"@id":"https:\/\/blogdofarnesio.com.br\/2024\/04\/sao-joao-de-caruaru-vai-durar-72-dias-anote-toda-programacao\/#primaryimage"},"thumbnailUrl":"https:\/\/blogdofarnesio.com.br\/wp-content\/uploads\/2018\/04\/blogqspS\u00e3o-Jo\u00e3o-2018-de-Caruaru.jpg","datePublished":"2024-04-19T18:03:08+00:00","breadcrumb":{"@id":"https:\/\/blogdofarnesio.com.br\/2024\/04\/sao-joao-de-caruaru-vai-durar-72-dias-anote-toda-programacao\/#breadcrumb"},"inLanguage":"pt-BR","potentialAction":[{"@type":"ReadAction","target":["https:\/\/blogdofarnesio.com.br\/2024\/04\/sao-joao-de-caruaru-vai-durar-72-dias-anote-toda-programacao\/"]}]},{"@type":"ImageObject","inLanguage":"pt-BR","@id":"https:\/\/blogdofarnesio.com.br\/2024\/04\/sao-joao-de-caruaru-vai-durar-72-dias-anote-toda-programacao\/#primaryimage","url":"https:\/\/blogdofarnesio.com.br\/wp-content\/uploads\/2018\/04\/blogqspS\u00e3o-Jo\u00e3o-2018-de-Caruaru.jpg","contentUrl":"https:\/\/blogdofarnesio.com.br\/wp-content\/uploads\/2018\/04\/blogqspS\u00e3o-Jo\u00e3o-2018-de-Caruaru.jpg","width":640,"height":388},{"@type":"BreadcrumbList","@id":"https:\/\/blogdofarnesio.com.br\/2024\/04\/sao-joao-de-caruaru-vai-durar-72-dias-anote-toda-programacao\/#breadcrumb","itemListElement":[{"@type":"ListItem","position":1,"name":"In\u00edcio","item":"https:\/\/blogdofarnesio.com.br\/"},{"@type":"ListItem","position":2,"name":"S\u00e3o Jo\u00e3o de Caruaru come\u00e7a hoje (19) e vai durar 72 dias. Anote toda programa\u00e7\u00e3o"}]},{"@type":"WebSite","@id":"https:\/\/blogdofarnesio.com.br\/#website","url":"https:\/\/blogdofarnesio.com.br\/","name":"Blog do Farn\u00e9sio","description":"Quer Saber Pol\u00edtica?","publisher":{"@id":"https:\/\/blogdofarnesio.com.br\/#organization"},"potentialAction":[{"@type":"SearchAction","target":{"@type":"EntryPoint","urlTemplate":"https:\/\/blogdofarnesio.com.br\/?s={search_term_string}"},"query-input":{"@type":"PropertyValueSpecification","valueRequired":true,"valueName":"search_term_string"}}],"inLanguage":"pt-BR"},{"@type":"Organization","@id":"https:\/\/blogdofarnesio.com.br\/#organization","name":"Blog do Farn\u00e9sio","url":"https:\/\/blogdofarnesio.com.br\/","logo":{"@type":"ImageObject","inLanguage":"pt-BR","@id":"https:\/\/blogdofarnesio.com.br\/#\/schema\/logo\/image\/","url":"https:\/\/blogdofarnesio.com.br\/wp-content\/uploads\/2026\/03\/cropped-logo_new-1.png","contentUrl":"https:\/\/blogdofarnesio.com.br\/wp-content\/uploads\/2026\/03\/cropped-logo_new-1.png","width":881,"height":685,"caption":"Blog do Farn\u00e9sio"},"image":{"@id":"https:\/\/blogdofarnesio.com.br\/#\/schema\/logo\/image\/"},"sameAs":["https:\/\/www.facebook.com\/BlogQuerSaberPolitica\/"]},{"@type":"Person","@id":"https:\/\/blogdofarnesio.com.br\/#\/schema\/person\/bb9b23ae3ad0609ce8df7b6c9e76824d","name":"Farn\u00e9sio","image":{"@type":"ImageObject","inLanguage":"pt-BR","@id":"https:\/\/secure.gravatar.com\/avatar\/986aa4c61ccdb66f8555bf88fc2a65609d00bcabd4d2d94377a727547345cbca?s=96&d=mm&r=g","url":"https:\/\/secure.gravatar.com\/avatar\/986aa4c61ccdb66f8555bf88fc2a65609d00bcabd4d2d94377a727547345cbca?s=96&d=mm&r=g","contentUrl":"https:\/\/secure.gravatar.com\/avatar\/986aa4c61ccdb66f8555bf88fc2a65609d00bcabd4d2d94377a727547345cbca?s=96&d=mm&r=g","caption":"Farn\u00e9sio"},"description":"Radialista blogueiro, chegou a Petrolina\/Juazeiro em setembro de 1980, Farn\u00e9sio Silva \u00e9 de Arapiraca-Alagoas.","sameAs":["http:\/\/blogdofarnesio.com.br","https:\/\/www.facebook.com\/?ref=tn_tnmn","https:\/\/www.instagram.com\/?utm_source=pwa_homescreen","https:\/\/youtube.com.br\/"],"url":"https:\/\/blogdofarnesio.com.br\/author\/farnesio-2\/"}]}},"_links":{"self":[{"href":"https:\/\/blogdofarnesio.com.br\/wp-json\/wp\/v2\/posts\/364154","targetHints":{"allow":["GET"]}}],"collection":[{"href":"https:\/\/blogdofarnesio.com.br\/wp-json\/wp\/v2\/posts"}],"about":[{"href":"https:\/\/blogdofarnesio.com.br\/wp-json\/wp\/v2\/types\/post"}],"author":[{"embeddable":true,"href":"https:\/\/blogdofarnesio.com.br\/wp-json\/wp\/v2\/users\/2"}],"replies":[{"embeddable":true,"href":"https:\/\/blogdofarnesio.com.br\/wp-json\/wp\/v2\/comments?post=364154"}],"version-history":[{"count":0,"href":"https:\/\/blogdofarnesio.com.br\/wp-json\/wp\/v2\/posts\/364154\/revisions"}],"wp:featuredmedia":[{"embeddable":true,"href":"https:\/\/blogdofarnesio.com.br\/wp-json\/wp\/v2\/media\/196078"}],"wp:attachment":[{"href":"https:\/\/blogdofarnesio.com.br\/wp-json\/wp\/v2\/media?parent=364154"}],"wp:term":[{"taxonomy":"category","embeddable":true,"href":"https:\/\/blogdofarnesio.com.br\/wp-json\/wp\/v2\/categories?post=364154"},{"taxonomy":"post_tag","embeddable":true,"href":"https:\/\/blogdofarnesio.com.br\/wp-json\/wp\/v2\/tags?post=364154"}],"curies":[{"name":"wp","href":"https:\/\/api.w.org\/{rel}","templated":true}]}}