{"id":364009,"date":"2024-03-18T17:35:41","date_gmt":"2024-03-18T20:35:41","guid":{"rendered":"https:\/\/blogdofarnesio.com.br\/?p=364009"},"modified":"2024-03-18T16:57:23","modified_gmt":"2024-03-18T19:57:23","slug":"revisao-da-vida-toda-do-inss-e-pauta-verde-serao-julgadas-essa-semana-pelo-stf-entenda","status":"publish","type":"post","link":"https:\/\/blogdofarnesio.com.br\/?p=364009","title":{"rendered":"\u2018Revis\u00e3o da vida toda\u2019 do INSS e \u2018pauta verde\u2019 ser\u00e3o julgadas essa semana pelo STF; Entenda"},"content":{"rendered":"<div id=\"post-body-8777564957615493945\" class=\"post-body entry-content\">\n<p>Esta semana expectativa se haver\u00e1 o julgamento da \u2018revis\u00e3o da vida toda\u2019 do Instituto Nacional do Seguro Social &#8211; INSS, da \u2018pauta verde\u2019 e, possivelmente, da incid\u00eancia de PIS\/Cofins sobre aluguel de bens m\u00f3veis pelo Supremo Tribunal Federal (STF). Essa an\u00e1lise foi iniciada em 2023 no plen\u00e1rio virtual da Corte.<\/p>\n<p>Para que se possa compreender melhor, quando se fala da \u2018revis\u00e3o da vida toda\u2019, \u201cque todas as contribui\u00e7\u00f5es previdenci\u00e1rias feitas ao INSS pelos trabalhadores antes de julho de 1994 podem ser consideradas no c\u00e1lculo das aposentadorias, o que pode aumentar os rendimentos de parte dos aposentados. Agora, o que est\u00e1 em pauta \u00e9 um recurso apresentado pelo INSS contra a\u00a0decis\u00e3o\u201d, segundo esclarece reportagem de o jornal O Globo.<\/p>\n<p>Ainda de acordo com a mat\u00e9ria, o relator ministro Alexandre de Moraes havia suspenso todos os processos acerca do assunto at\u00e9 que seja conclusa a apura\u00e7\u00e3o \u2013 o que pode ocorrer at\u00e9 essa quinta-feira (21) &#8211; do recurso em fun\u00e7\u00e3o das in\u00fameras solicita\u00e7\u00f5es de revis\u00e3o dos benef\u00edcios.<\/p>\n<p>Com rela\u00e7\u00e3o aos t\u00f3picos \u2018pauta verde\u2019 e Cofins\/PIS, ser\u00e3o debatidas quest\u00f5es como combate ao desmatamento ilegal da Amaz\u00f4nia e do Pantanal e a inc\u00eandios nessas regi\u00f5es, al\u00e9m da incid\u00eancia de PIS\/Cofins sobre as receitas de loca\u00e7\u00e3o de bens m\u00f3veis.<\/p>\n<\/div>\n","protected":false},"excerpt":{"rendered":"<p>Esta semana expectativa se haver\u00e1 o julgamento da \u2018revis\u00e3o da vida toda\u2019 do Instituto Nacional do Seguro Social &#8211; INSS, da \u2018pauta verde\u2019 e, possivelmente, da incid\u00eancia de PIS\/Cofins sobre aluguel de bens m\u00f3veis pelo Supremo Tribunal Federal (STF). Essa an\u00e1lise foi iniciada em 2023 no plen\u00e1rio virtual da Corte. Para que se possa compreender melhor, quando se fala da \u2018revis\u00e3o da vida toda\u2019, \u201cque todas as contribui\u00e7\u00f5es previdenci\u00e1rias feitas ao INSS pelos trabalhadores antes de julho de 1994 podem ser consideradas no c\u00e1lculo das aposentadorias, o que pode aumentar os rendimentos de parte dos aposentados. Agora, o que est\u00e1 em pauta \u00e9 um recurso apresentado pelo INSS contra a\u00a0decis\u00e3o\u201d, segundo esclarece reportagem de o jornal O Globo. Ainda de&hellip; <\/p>\n","protected":false},"author":2,"featured_media":364010,"comment_status":"open","ping_status":"open","sticky":false,"template":"","format":"standard","meta":{"_acf_changed":false,"footnotes":""},"categories":[23],"tags":[],"class_list":["post-364009","post","type-post","status-publish","format-standard","has-post-thumbnail","hentry","category-justica"],"acf":[],"yoast_head":"<!-- This site is optimized with the Yoast SEO plugin v27.4 - https:\/\/yoast.com\/product\/yoast-seo-wordpress\/ -->\n<title>\u2018Revis\u00e3o da vida toda\u2019 do INSS e \u2018pauta verde\u2019 ser\u00e3o julgadas essa semana pelo STF; Entenda - Blog do Farn\u00e9sio<\/title>\n<meta name=\"robots\" content=\"index, follow, max-snippet:-1, max-image-preview:large, max-video-preview:-1\" \/>\n<link rel=\"canonical\" href=\"https:\/\/blogdofarnesio.com.br\/?p=364009\" \/>\n<meta property=\"og:locale\" content=\"pt_BR\" \/>\n<meta property=\"og:type\" content=\"article\" \/>\n<meta property=\"og:title\" content=\"\u2018Revis\u00e3o da vida toda\u2019 do INSS e \u2018pauta verde\u2019 ser\u00e3o julgadas essa semana pelo STF; Entenda - Blog do Farn\u00e9sio\" \/>\n<meta property=\"og:description\" content=\"Esta semana expectativa se haver\u00e1 o julgamento da \u2018revis\u00e3o da vida toda\u2019 do Instituto Nacional do Seguro Social &#8211; INSS, da \u2018pauta verde\u2019 e, possivelmente, da incid\u00eancia de PIS\/Cofins sobre aluguel de bens m\u00f3veis pelo Supremo Tribunal Federal (STF). Essa an\u00e1lise foi iniciada em 2023 no plen\u00e1rio virtual da Corte. Para que se possa compreender melhor, quando se fala da \u2018revis\u00e3o da vida toda\u2019, \u201cque todas as contribui\u00e7\u00f5es previdenci\u00e1rias feitas ao INSS pelos trabalhadores antes de julho de 1994 podem ser consideradas no c\u00e1lculo das aposentadorias, o que pode aumentar os rendimentos de parte dos aposentados. Agora, o que est\u00e1 em pauta \u00e9 um recurso apresentado pelo INSS contra a\u00a0decis\u00e3o\u201d, segundo esclarece reportagem de o jornal O Globo. Ainda de&hellip;\" \/>\n<meta property=\"og:url\" content=\"https:\/\/blogdofarnesio.com.br\/?p=364009\" \/>\n<meta property=\"og:site_name\" content=\"Blog do Farn\u00e9sio\" \/>\n<meta property=\"article:publisher\" content=\"https:\/\/www.facebook.com\/BlogQuerSaberPolitica\/\" \/>\n<meta property=\"article:author\" content=\"https:\/\/www.facebook.com\/?ref=tn_tnmn\" \/>\n<meta property=\"article:published_time\" content=\"2024-03-18T20:35:41+00:00\" \/>\n<meta property=\"og:image\" content=\"https:\/\/blogdofarnesio.com.br\/wp-content\/uploads\/2024\/03\/blogqsp-inss-aposentado-revisao-vida-toda-internet-1024x512-1-e1710791798974.jpg\" \/>\n\t<meta property=\"og:image:width\" content=\"600\" \/>\n\t<meta property=\"og:image:height\" content=\"300\" \/>\n\t<meta property=\"og:image:type\" content=\"image\/jpeg\" \/>\n<meta name=\"author\" content=\"Farn\u00e9sio\" \/>\n<meta name=\"twitter:card\" content=\"summary_large_image\" \/>\n<meta name=\"twitter:label1\" content=\"Escrito por\" \/>\n\t<meta name=\"twitter:data1\" content=\"Farn\u00e9sio\" \/>\n\t<meta name=\"twitter:label2\" content=\"Est. tempo de leitura\" \/>\n\t<meta name=\"twitter:data2\" content=\"2 minutos\" \/>\n<script type=\"application\/ld+json\" class=\"yoast-schema-graph\">{\"@context\":\"https:\\\/\\\/schema.org\",\"@graph\":[{\"@type\":\"Article\",\"@id\":\"https:\\\/\\\/blogdofarnesio.com.br\\\/?p=364009#article\",\"isPartOf\":{\"@id\":\"https:\\\/\\\/blogdofarnesio.com.br\\\/?p=364009\"},\"author\":{\"name\":\"Farn\u00e9sio\",\"@id\":\"https:\\\/\\\/blogdofarnesio.com.br\\\/#\\\/schema\\\/person\\\/bb9b23ae3ad0609ce8df7b6c9e76824d\"},\"headline\":\"\u2018Revis\u00e3o da vida toda\u2019 do INSS e \u2018pauta verde\u2019 ser\u00e3o julgadas essa semana pelo STF; Entenda\",\"datePublished\":\"2024-03-18T20:35:41+00:00\",\"mainEntityOfPage\":{\"@id\":\"https:\\\/\\\/blogdofarnesio.com.br\\\/?p=364009\"},\"wordCount\":249,\"commentCount\":0,\"publisher\":{\"@id\":\"https:\\\/\\\/blogdofarnesio.com.br\\\/#organization\"},\"image\":{\"@id\":\"https:\\\/\\\/blogdofarnesio.com.br\\\/?p=364009#primaryimage\"},\"thumbnailUrl\":\"https:\\\/\\\/blogdofarnesio.com.br\\\/wp-content\\\/uploads\\\/2024\\\/03\\\/blogqsp-inss-aposentado-revisao-vida-toda-internet-1024x512-1-e1710791798974.jpg\",\"articleSection\":[\"Justi\u00e7a\"],\"inLanguage\":\"pt-BR\",\"potentialAction\":[{\"@type\":\"CommentAction\",\"name\":\"Comment\",\"target\":[\"https:\\\/\\\/blogdofarnesio.com.br\\\/?p=364009#respond\"]}]},{\"@type\":\"WebPage\",\"@id\":\"https:\\\/\\\/blogdofarnesio.com.br\\\/?p=364009\",\"url\":\"https:\\\/\\\/blogdofarnesio.com.br\\\/?p=364009\",\"name\":\"\u2018Revis\u00e3o da vida toda\u2019 do INSS e \u2018pauta verde\u2019 ser\u00e3o julgadas essa semana pelo STF; Entenda - Blog do Farn\u00e9sio\",\"isPartOf\":{\"@id\":\"https:\\\/\\\/blogdofarnesio.com.br\\\/#website\"},\"primaryImageOfPage\":{\"@id\":\"https:\\\/\\\/blogdofarnesio.com.br\\\/?p=364009#primaryimage\"},\"image\":{\"@id\":\"https:\\\/\\\/blogdofarnesio.com.br\\\/?p=364009#primaryimage\"},\"thumbnailUrl\":\"https:\\\/\\\/blogdofarnesio.com.br\\\/wp-content\\\/uploads\\\/2024\\\/03\\\/blogqsp-inss-aposentado-revisao-vida-toda-internet-1024x512-1-e1710791798974.jpg\",\"datePublished\":\"2024-03-18T20:35:41+00:00\",\"breadcrumb\":{\"@id\":\"https:\\\/\\\/blogdofarnesio.com.br\\\/?p=364009#breadcrumb\"},\"inLanguage\":\"pt-BR\",\"potentialAction\":[{\"@type\":\"ReadAction\",\"target\":[\"https:\\\/\\\/blogdofarnesio.com.br\\\/?p=364009\"]}]},{\"@type\":\"ImageObject\",\"inLanguage\":\"pt-BR\",\"@id\":\"https:\\\/\\\/blogdofarnesio.com.br\\\/?p=364009#primaryimage\",\"url\":\"https:\\\/\\\/blogdofarnesio.com.br\\\/wp-content\\\/uploads\\\/2024\\\/03\\\/blogqsp-inss-aposentado-revisao-vida-toda-internet-1024x512-1-e1710791798974.jpg\",\"contentUrl\":\"https:\\\/\\\/blogdofarnesio.com.br\\\/wp-content\\\/uploads\\\/2024\\\/03\\\/blogqsp-inss-aposentado-revisao-vida-toda-internet-1024x512-1-e1710791798974.jpg\",\"width\":600,\"height\":300},{\"@type\":\"BreadcrumbList\",\"@id\":\"https:\\\/\\\/blogdofarnesio.com.br\\\/?p=364009#breadcrumb\",\"itemListElement\":[{\"@type\":\"ListItem\",\"position\":1,\"name\":\"In\u00edcio\",\"item\":\"https:\\\/\\\/blogdofarnesio.com.br\\\/\"},{\"@type\":\"ListItem\",\"position\":2,\"name\":\"\u2018Revis\u00e3o da vida toda\u2019 do INSS e \u2018pauta verde\u2019 ser\u00e3o julgadas essa semana pelo STF; Entenda\"}]},{\"@type\":\"WebSite\",\"@id\":\"https:\\\/\\\/blogdofarnesio.com.br\\\/#website\",\"url\":\"https:\\\/\\\/blogdofarnesio.com.br\\\/\",\"name\":\"Blog do Farn\u00e9sio\",\"description\":\"Quer Saber Pol\u00edtica?\",\"publisher\":{\"@id\":\"https:\\\/\\\/blogdofarnesio.com.br\\\/#organization\"},\"potentialAction\":[{\"@type\":\"SearchAction\",\"target\":{\"@type\":\"EntryPoint\",\"urlTemplate\":\"https:\\\/\\\/blogdofarnesio.com.br\\\/?s={search_term_string}\"},\"query-input\":{\"@type\":\"PropertyValueSpecification\",\"valueRequired\":true,\"valueName\":\"search_term_string\"}}],\"inLanguage\":\"pt-BR\"},{\"@type\":\"Organization\",\"@id\":\"https:\\\/\\\/blogdofarnesio.com.br\\\/#organization\",\"name\":\"Blog do Farn\u00e9sio\",\"url\":\"https:\\\/\\\/blogdofarnesio.com.br\\\/\",\"logo\":{\"@type\":\"ImageObject\",\"inLanguage\":\"pt-BR\",\"@id\":\"https:\\\/\\\/blogdofarnesio.com.br\\\/#\\\/schema\\\/logo\\\/image\\\/\",\"url\":\"https:\\\/\\\/blogdofarnesio.com.br\\\/wp-content\\\/uploads\\\/2026\\\/03\\\/cropped-logo_new-1.png\",\"contentUrl\":\"https:\\\/\\\/blogdofarnesio.com.br\\\/wp-content\\\/uploads\\\/2026\\\/03\\\/cropped-logo_new-1.png\",\"width\":881,\"height\":685,\"caption\":\"Blog do Farn\u00e9sio\"},\"image\":{\"@id\":\"https:\\\/\\\/blogdofarnesio.com.br\\\/#\\\/schema\\\/logo\\\/image\\\/\"},\"sameAs\":[\"https:\\\/\\\/www.facebook.com\\\/BlogQuerSaberPolitica\\\/\"]},{\"@type\":\"Person\",\"@id\":\"https:\\\/\\\/blogdofarnesio.com.br\\\/#\\\/schema\\\/person\\\/bb9b23ae3ad0609ce8df7b6c9e76824d\",\"name\":\"Farn\u00e9sio\",\"image\":{\"@type\":\"ImageObject\",\"inLanguage\":\"pt-BR\",\"@id\":\"https:\\\/\\\/secure.gravatar.com\\\/avatar\\\/986aa4c61ccdb66f8555bf88fc2a65609d00bcabd4d2d94377a727547345cbca?s=96&d=mm&r=g\",\"url\":\"https:\\\/\\\/secure.gravatar.com\\\/avatar\\\/986aa4c61ccdb66f8555bf88fc2a65609d00bcabd4d2d94377a727547345cbca?s=96&d=mm&r=g\",\"contentUrl\":\"https:\\\/\\\/secure.gravatar.com\\\/avatar\\\/986aa4c61ccdb66f8555bf88fc2a65609d00bcabd4d2d94377a727547345cbca?s=96&d=mm&r=g\",\"caption\":\"Farn\u00e9sio\"},\"description\":\"Radialista blogueiro, chegou a Petrolina\\\/Juazeiro em setembro de 1980, Farn\u00e9sio Silva \u00e9 de Arapiraca-Alagoas.\",\"sameAs\":[\"http:\\\/\\\/blogdofarnesio.com.br\",\"https:\\\/\\\/www.facebook.com\\\/?ref=tn_tnmn\",\"https:\\\/\\\/www.instagram.com\\\/?utm_source=pwa_homescreen\",\"https:\\\/\\\/youtube.com.br\\\/\"],\"url\":\"https:\\\/\\\/blogdofarnesio.com.br\\\/?author=2\"}]}<\/script>\n<!-- \/ Yoast SEO plugin. -->","yoast_head_json":{"title":"\u2018Revis\u00e3o da vida toda\u2019 do INSS e \u2018pauta verde\u2019 ser\u00e3o julgadas essa semana pelo STF; Entenda - Blog do Farn\u00e9sio","robots":{"index":"index","follow":"follow","max-snippet":"max-snippet:-1","max-image-preview":"max-image-preview:large","max-video-preview":"max-video-preview:-1"},"canonical":"https:\/\/blogdofarnesio.com.br\/?p=364009","og_locale":"pt_BR","og_type":"article","og_title":"\u2018Revis\u00e3o da vida toda\u2019 do INSS e \u2018pauta verde\u2019 ser\u00e3o julgadas essa semana pelo STF; Entenda - Blog do Farn\u00e9sio","og_description":"Esta semana expectativa se haver\u00e1 o julgamento da \u2018revis\u00e3o da vida toda\u2019 do Instituto Nacional do Seguro Social &#8211; INSS, da \u2018pauta verde\u2019 e, possivelmente, da incid\u00eancia de PIS\/Cofins sobre aluguel de bens m\u00f3veis pelo Supremo Tribunal Federal (STF). Essa an\u00e1lise foi iniciada em 2023 no plen\u00e1rio virtual da Corte. Para que se possa compreender melhor, quando se fala da \u2018revis\u00e3o da vida toda\u2019, \u201cque todas as contribui\u00e7\u00f5es previdenci\u00e1rias feitas ao INSS pelos trabalhadores antes de julho de 1994 podem ser consideradas no c\u00e1lculo das aposentadorias, o que pode aumentar os rendimentos de parte dos aposentados. Agora, o que est\u00e1 em pauta \u00e9 um recurso apresentado pelo INSS contra a\u00a0decis\u00e3o\u201d, segundo esclarece reportagem de o jornal O Globo. Ainda de&hellip;","og_url":"https:\/\/blogdofarnesio.com.br\/?p=364009","og_site_name":"Blog do Farn\u00e9sio","article_publisher":"https:\/\/www.facebook.com\/BlogQuerSaberPolitica\/","article_author":"https:\/\/www.facebook.com\/?ref=tn_tnmn","article_published_time":"2024-03-18T20:35:41+00:00","og_image":[{"width":600,"height":300,"url":"https:\/\/blogdofarnesio.com.br\/wp-content\/uploads\/2024\/03\/blogqsp-inss-aposentado-revisao-vida-toda-internet-1024x512-1-e1710791798974.jpg","type":"image\/jpeg"}],"author":"Farn\u00e9sio","twitter_card":"summary_large_image","twitter_misc":{"Escrito por":"Farn\u00e9sio","Est. tempo de leitura":"2 minutos"},"schema":{"@context":"https:\/\/schema.org","@graph":[{"@type":"Article","@id":"https:\/\/blogdofarnesio.com.br\/?p=364009#article","isPartOf":{"@id":"https:\/\/blogdofarnesio.com.br\/?p=364009"},"author":{"name":"Farn\u00e9sio","@id":"https:\/\/blogdofarnesio.com.br\/#\/schema\/person\/bb9b23ae3ad0609ce8df7b6c9e76824d"},"headline":"\u2018Revis\u00e3o da vida toda\u2019 do INSS e \u2018pauta verde\u2019 ser\u00e3o julgadas essa semana pelo STF; Entenda","datePublished":"2024-03-18T20:35:41+00:00","mainEntityOfPage":{"@id":"https:\/\/blogdofarnesio.com.br\/?p=364009"},"wordCount":249,"commentCount":0,"publisher":{"@id":"https:\/\/blogdofarnesio.com.br\/#organization"},"image":{"@id":"https:\/\/blogdofarnesio.com.br\/?p=364009#primaryimage"},"thumbnailUrl":"https:\/\/blogdofarnesio.com.br\/wp-content\/uploads\/2024\/03\/blogqsp-inss-aposentado-revisao-vida-toda-internet-1024x512-1-e1710791798974.jpg","articleSection":["Justi\u00e7a"],"inLanguage":"pt-BR","potentialAction":[{"@type":"CommentAction","name":"Comment","target":["https:\/\/blogdofarnesio.com.br\/?p=364009#respond"]}]},{"@type":"WebPage","@id":"https:\/\/blogdofarnesio.com.br\/?p=364009","url":"https:\/\/blogdofarnesio.com.br\/?p=364009","name":"\u2018Revis\u00e3o da vida toda\u2019 do INSS e \u2018pauta verde\u2019 ser\u00e3o julgadas essa semana pelo STF; Entenda - Blog do Farn\u00e9sio","isPartOf":{"@id":"https:\/\/blogdofarnesio.com.br\/#website"},"primaryImageOfPage":{"@id":"https:\/\/blogdofarnesio.com.br\/?p=364009#primaryimage"},"image":{"@id":"https:\/\/blogdofarnesio.com.br\/?p=364009#primaryimage"},"thumbnailUrl":"https:\/\/blogdofarnesio.com.br\/wp-content\/uploads\/2024\/03\/blogqsp-inss-aposentado-revisao-vida-toda-internet-1024x512-1-e1710791798974.jpg","datePublished":"2024-03-18T20:35:41+00:00","breadcrumb":{"@id":"https:\/\/blogdofarnesio.com.br\/?p=364009#breadcrumb"},"inLanguage":"pt-BR","potentialAction":[{"@type":"ReadAction","target":["https:\/\/blogdofarnesio.com.br\/?p=364009"]}]},{"@type":"ImageObject","inLanguage":"pt-BR","@id":"https:\/\/blogdofarnesio.com.br\/?p=364009#primaryimage","url":"https:\/\/blogdofarnesio.com.br\/wp-content\/uploads\/2024\/03\/blogqsp-inss-aposentado-revisao-vida-toda-internet-1024x512-1-e1710791798974.jpg","contentUrl":"https:\/\/blogdofarnesio.com.br\/wp-content\/uploads\/2024\/03\/blogqsp-inss-aposentado-revisao-vida-toda-internet-1024x512-1-e1710791798974.jpg","width":600,"height":300},{"@type":"BreadcrumbList","@id":"https:\/\/blogdofarnesio.com.br\/?p=364009#breadcrumb","itemListElement":[{"@type":"ListItem","position":1,"name":"In\u00edcio","item":"https:\/\/blogdofarnesio.com.br\/"},{"@type":"ListItem","position":2,"name":"\u2018Revis\u00e3o da vida toda\u2019 do INSS e \u2018pauta verde\u2019 ser\u00e3o julgadas essa semana pelo STF; Entenda"}]},{"@type":"WebSite","@id":"https:\/\/blogdofarnesio.com.br\/#website","url":"https:\/\/blogdofarnesio.com.br\/","name":"Blog do Farn\u00e9sio","description":"Quer Saber Pol\u00edtica?","publisher":{"@id":"https:\/\/blogdofarnesio.com.br\/#organization"},"potentialAction":[{"@type":"SearchAction","target":{"@type":"EntryPoint","urlTemplate":"https:\/\/blogdofarnesio.com.br\/?s={search_term_string}"},"query-input":{"@type":"PropertyValueSpecification","valueRequired":true,"valueName":"search_term_string"}}],"inLanguage":"pt-BR"},{"@type":"Organization","@id":"https:\/\/blogdofarnesio.com.br\/#organization","name":"Blog do Farn\u00e9sio","url":"https:\/\/blogdofarnesio.com.br\/","logo":{"@type":"ImageObject","inLanguage":"pt-BR","@id":"https:\/\/blogdofarnesio.com.br\/#\/schema\/logo\/image\/","url":"https:\/\/blogdofarnesio.com.br\/wp-content\/uploads\/2026\/03\/cropped-logo_new-1.png","contentUrl":"https:\/\/blogdofarnesio.com.br\/wp-content\/uploads\/2026\/03\/cropped-logo_new-1.png","width":881,"height":685,"caption":"Blog do Farn\u00e9sio"},"image":{"@id":"https:\/\/blogdofarnesio.com.br\/#\/schema\/logo\/image\/"},"sameAs":["https:\/\/www.facebook.com\/BlogQuerSaberPolitica\/"]},{"@type":"Person","@id":"https:\/\/blogdofarnesio.com.br\/#\/schema\/person\/bb9b23ae3ad0609ce8df7b6c9e76824d","name":"Farn\u00e9sio","image":{"@type":"ImageObject","inLanguage":"pt-BR","@id":"https:\/\/secure.gravatar.com\/avatar\/986aa4c61ccdb66f8555bf88fc2a65609d00bcabd4d2d94377a727547345cbca?s=96&d=mm&r=g","url":"https:\/\/secure.gravatar.com\/avatar\/986aa4c61ccdb66f8555bf88fc2a65609d00bcabd4d2d94377a727547345cbca?s=96&d=mm&r=g","contentUrl":"https:\/\/secure.gravatar.com\/avatar\/986aa4c61ccdb66f8555bf88fc2a65609d00bcabd4d2d94377a727547345cbca?s=96&d=mm&r=g","caption":"Farn\u00e9sio"},"description":"Radialista blogueiro, chegou a Petrolina\/Juazeiro em setembro de 1980, Farn\u00e9sio Silva \u00e9 de Arapiraca-Alagoas.","sameAs":["http:\/\/blogdofarnesio.com.br","https:\/\/www.facebook.com\/?ref=tn_tnmn","https:\/\/www.instagram.com\/?utm_source=pwa_homescreen","https:\/\/youtube.com.br\/"],"url":"https:\/\/blogdofarnesio.com.br\/?author=2"}]}},"_links":{"self":[{"href":"https:\/\/blogdofarnesio.com.br\/index.php?rest_route=\/wp\/v2\/posts\/364009","targetHints":{"allow":["GET"]}}],"collection":[{"href":"https:\/\/blogdofarnesio.com.br\/index.php?rest_route=\/wp\/v2\/posts"}],"about":[{"href":"https:\/\/blogdofarnesio.com.br\/index.php?rest_route=\/wp\/v2\/types\/post"}],"author":[{"embeddable":true,"href":"https:\/\/blogdofarnesio.com.br\/index.php?rest_route=\/wp\/v2\/users\/2"}],"replies":[{"embeddable":true,"href":"https:\/\/blogdofarnesio.com.br\/index.php?rest_route=%2Fwp%2Fv2%2Fcomments&post=364009"}],"version-history":[{"count":0,"href":"https:\/\/blogdofarnesio.com.br\/index.php?rest_route=\/wp\/v2\/posts\/364009\/revisions"}],"wp:featuredmedia":[{"embeddable":true,"href":"https:\/\/blogdofarnesio.com.br\/index.php?rest_route=\/wp\/v2\/media\/364010"}],"wp:attachment":[{"href":"https:\/\/blogdofarnesio.com.br\/index.php?rest_route=%2Fwp%2Fv2%2Fmedia&parent=364009"}],"wp:term":[{"taxonomy":"category","embeddable":true,"href":"https:\/\/blogdofarnesio.com.br\/index.php?rest_route=%2Fwp%2Fv2%2Fcategories&post=364009"},{"taxonomy":"post_tag","embeddable":true,"href":"https:\/\/blogdofarnesio.com.br\/index.php?rest_route=%2Fwp%2Fv2%2Ftags&post=364009"}],"curies":[{"name":"wp","href":"https:\/\/api.w.org\/{rel}","templated":true}]}}