{"id":363891,"date":"2024-03-17T17:00:32","date_gmt":"2024-03-17T20:00:32","guid":{"rendered":"https:\/\/blogdofarnesio.com.br\/?p=363891"},"modified":"2024-03-17T16:18:30","modified_gmt":"2024-03-17T19:18:30","slug":"suzana-ramos-participa-da-4-a-edicao-do-celebra-vale-e-assina-lei-que-institui-o-dia-municipal-do-jovem-adventista","status":"publish","type":"post","link":"https:\/\/blogdofarnesio.com.br\/?p=363891","title":{"rendered":"Suzana Ramos participa  da 4 \u00aa edi\u00e7\u00e3o do Celebra Vale e assina lei que institui o \u2018Dia Municipal do Jovem Adventista\u2019"},"content":{"rendered":"<p>A prefeita Suzana Ramos participou na noite desse s\u00e1bado (15) da 4\u00aa edi\u00e7\u00e3o do Celebra Vale da Juventude Adventista do Vale do S\u00e3o Francisco. Essa \u00e9 a primeira edi\u00e7\u00e3o do evento, depois de sancionada a Lei de n\u00ba 3.189\/2024, que institui no calend\u00e1rio oficial de eventos do munic\u00edpio de Juazeiro, o \u2018Dia Municipal Celebra Vale dos Jovens Adventistas do S\u00e9timo Dia\u2019.<\/p>\n<p>\u201cEstou muito feliz em poder criar um dia para celebra\u00e7\u00e3o da juventude Adventista de nossa Juazeiro. Eu sempre digo que, quanto mais a juventude busca a Deus, mais a sociedade se desenvolve de forma sadia. \u00c9 importante tamb\u00e9m observar a contribui\u00e7\u00e3o religiosa e social que essa juventude realiza na regi\u00e3o. Ent\u00e3o, nada mais justo do que um dia em homenagem a eles&#8221;, disse a prefeita Suzana Ramos.<\/p>\n<p>Centenas de jovens Adventistas celebraram o projeto de Lei sancionado pela prefeita Suzana Ramos. A estudante Carla Dias demonstrou muita alegria ao saber que a igreja Adventista de Juazeiro, agora, pode contar com um dia exclusivo voltado para a juventude. &#8220;N\u00e3o tem not\u00edcia melhor de se ouvir no dia em que se celebra mundialmente nosso dia. Agrade\u00e7o o empenho do vereador An\u00edbal e o carinho e a sensibilidade da prefeita Suzana Ramos em sancionar esse importante projeto. Tenho certeza que toda popula\u00e7\u00e3o de Juazeiro ganhar\u00e1 com isso&#8221;, destacou Carla.<\/p>\n<p>A 4\u00aa edi\u00e7\u00e3o do Celebra Vale \u00e9 organizado pela Igreja Adventista do S\u00e9timo dia de Juazeiro-Ba e Petrolina-Pe e tem como objetivo o incentivo da uni\u00e3o entre os jovens Adventistas e a pr\u00e1tica de ajuda comunit\u00e1ria, atrav\u00e9s de a\u00e7\u00f5es voltadas para as pessoas em situa\u00e7\u00e3o de risco social.<\/p>\n<p>O evento contou com a participa\u00e7\u00e3o de cantores e pastores de outros estados, al\u00e9m de cantores e m\u00fasicos adventistas locais. Al\u00e9m da prefeita Suzana Ramos, tamb\u00e9m esteve presente o vereador An\u00edbal e secret\u00e1rios municipais.<\/p>\n<p>Lei<br \/>\nA Lei 3.189\/2024 de 15 de mar\u00e7o institui no calend\u00e1rio oficial de eventos do munic\u00edpio o \u2018Dia Municipal Celebra Vale dos Jovens Adventistas do S\u00e9timo Dia\u2019. A Lei estabelece o terceiro s\u00e1bado de mar\u00e7o como a data comemorativa.<span style=\"color: #888888;\"><\/p>\n<p><\/span><\/p>\n","protected":false},"excerpt":{"rendered":"<p>A prefeita Suzana Ramos participou na noite desse s\u00e1bado (15) da 4\u00aa edi\u00e7\u00e3o do Celebra Vale da Juventude Adventista do Vale do S\u00e3o Francisco. Essa \u00e9 a primeira edi\u00e7\u00e3o do evento, depois de sancionada a Lei de n\u00ba 3.189\/2024, que institui no calend\u00e1rio oficial de eventos do munic\u00edpio de Juazeiro, o \u2018Dia Municipal Celebra Vale dos Jovens Adventistas do S\u00e9timo Dia\u2019. \u201cEstou muito feliz em poder criar um dia para celebra\u00e7\u00e3o da juventude Adventista de nossa Juazeiro. Eu sempre digo que, quanto mais a juventude busca a Deus, mais a sociedade se desenvolve de forma sadia. \u00c9 importante tamb\u00e9m observar a contribui\u00e7\u00e3o religiosa e social que essa juventude realiza na regi\u00e3o. Ent\u00e3o, nada mais justo do que um dia em&hellip; <\/p>\n","protected":false},"author":2,"featured_media":363892,"comment_status":"open","ping_status":"open","sticky":false,"template":"","format":"standard","meta":{"_acf_changed":false,"footnotes":""},"categories":[7],"tags":[],"class_list":["post-363891","post","type-post","status-publish","format-standard","has-post-thumbnail","hentry","category-religiao"],"acf":[],"yoast_head":"<!-- This site is optimized with the Yoast SEO plugin v27.4 - https:\/\/yoast.com\/product\/yoast-seo-wordpress\/ -->\n<title>Suzana Ramos participa da 4 \u00aa edi\u00e7\u00e3o do Celebra Vale e assina lei que institui o \u2018Dia Municipal do Jovem Adventista\u2019 - Blog do Farn\u00e9sio<\/title>\n<meta name=\"robots\" content=\"index, follow, max-snippet:-1, max-image-preview:large, max-video-preview:-1\" \/>\n<link rel=\"canonical\" href=\"https:\/\/blogdofarnesio.com.br\/?p=363891\" \/>\n<meta property=\"og:locale\" content=\"pt_BR\" \/>\n<meta property=\"og:type\" content=\"article\" \/>\n<meta property=\"og:title\" content=\"Suzana Ramos participa da 4 \u00aa edi\u00e7\u00e3o do Celebra Vale e assina lei que institui o \u2018Dia Municipal do Jovem Adventista\u2019 - Blog do Farn\u00e9sio\" \/>\n<meta property=\"og:description\" content=\"A prefeita Suzana Ramos participou na noite desse s\u00e1bado (15) da 4\u00aa edi\u00e7\u00e3o do Celebra Vale da Juventude Adventista do Vale do S\u00e3o Francisco. Essa \u00e9 a primeira edi\u00e7\u00e3o do evento, depois de sancionada a Lei de n\u00ba 3.189\/2024, que institui no calend\u00e1rio oficial de eventos do munic\u00edpio de Juazeiro, o \u2018Dia Municipal Celebra Vale dos Jovens Adventistas do S\u00e9timo Dia\u2019. \u201cEstou muito feliz em poder criar um dia para celebra\u00e7\u00e3o da juventude Adventista de nossa Juazeiro. Eu sempre digo que, quanto mais a juventude busca a Deus, mais a sociedade se desenvolve de forma sadia. \u00c9 importante tamb\u00e9m observar a contribui\u00e7\u00e3o religiosa e social que essa juventude realiza na regi\u00e3o. Ent\u00e3o, nada mais justo do que um dia em&hellip;\" \/>\n<meta property=\"og:url\" content=\"https:\/\/blogdofarnesio.com.br\/?p=363891\" \/>\n<meta property=\"og:site_name\" content=\"Blog do Farn\u00e9sio\" \/>\n<meta property=\"article:publisher\" content=\"https:\/\/www.facebook.com\/BlogQuerSaberPolitica\/\" \/>\n<meta property=\"article:author\" content=\"https:\/\/www.facebook.com\/?ref=tn_tnmn\" \/>\n<meta property=\"article:published_time\" content=\"2024-03-17T20:00:32+00:00\" \/>\n<meta property=\"og:image\" content=\"https:\/\/blogdofarnesio.com.br\/wp-content\/uploads\/2024\/03\/Arquivo-imagem-2.jpg\" \/>\n\t<meta property=\"og:image:width\" content=\"800\" \/>\n\t<meta property=\"og:image:height\" content=\"499\" \/>\n\t<meta property=\"og:image:type\" content=\"image\/jpeg\" \/>\n<meta name=\"author\" content=\"Farn\u00e9sio\" \/>\n<meta name=\"twitter:card\" content=\"summary_large_image\" \/>\n<meta name=\"twitter:label1\" content=\"Escrito por\" \/>\n\t<meta name=\"twitter:data1\" content=\"Farn\u00e9sio\" \/>\n\t<meta name=\"twitter:label2\" content=\"Est. tempo de leitura\" \/>\n\t<meta name=\"twitter:data2\" content=\"3 minutos\" \/>\n<script type=\"application\/ld+json\" class=\"yoast-schema-graph\">{\"@context\":\"https:\\\/\\\/schema.org\",\"@graph\":[{\"@type\":\"Article\",\"@id\":\"https:\\\/\\\/blogdofarnesio.com.br\\\/?p=363891#article\",\"isPartOf\":{\"@id\":\"https:\\\/\\\/blogdofarnesio.com.br\\\/?p=363891\"},\"author\":{\"name\":\"Farn\u00e9sio\",\"@id\":\"https:\\\/\\\/blogdofarnesio.com.br\\\/#\\\/schema\\\/person\\\/bb9b23ae3ad0609ce8df7b6c9e76824d\"},\"headline\":\"Suzana Ramos participa da 4 \u00aa edi\u00e7\u00e3o do Celebra Vale e assina lei que institui o \u2018Dia Municipal do Jovem Adventista\u2019\",\"datePublished\":\"2024-03-17T20:00:32+00:00\",\"mainEntityOfPage\":{\"@id\":\"https:\\\/\\\/blogdofarnesio.com.br\\\/?p=363891\"},\"wordCount\":387,\"commentCount\":0,\"publisher\":{\"@id\":\"https:\\\/\\\/blogdofarnesio.com.br\\\/#organization\"},\"image\":{\"@id\":\"https:\\\/\\\/blogdofarnesio.com.br\\\/?p=363891#primaryimage\"},\"thumbnailUrl\":\"https:\\\/\\\/blogdofarnesio.com.br\\\/wp-content\\\/uploads\\\/2024\\\/03\\\/Arquivo-imagem-2.jpg\",\"articleSection\":[\"Religi\u00e3o\"],\"inLanguage\":\"pt-BR\",\"potentialAction\":[{\"@type\":\"CommentAction\",\"name\":\"Comment\",\"target\":[\"https:\\\/\\\/blogdofarnesio.com.br\\\/?p=363891#respond\"]}]},{\"@type\":\"WebPage\",\"@id\":\"https:\\\/\\\/blogdofarnesio.com.br\\\/?p=363891\",\"url\":\"https:\\\/\\\/blogdofarnesio.com.br\\\/?p=363891\",\"name\":\"Suzana Ramos participa da 4 \u00aa edi\u00e7\u00e3o do Celebra Vale e assina lei que institui o \u2018Dia Municipal do Jovem Adventista\u2019 - Blog do Farn\u00e9sio\",\"isPartOf\":{\"@id\":\"https:\\\/\\\/blogdofarnesio.com.br\\\/#website\"},\"primaryImageOfPage\":{\"@id\":\"https:\\\/\\\/blogdofarnesio.com.br\\\/?p=363891#primaryimage\"},\"image\":{\"@id\":\"https:\\\/\\\/blogdofarnesio.com.br\\\/?p=363891#primaryimage\"},\"thumbnailUrl\":\"https:\\\/\\\/blogdofarnesio.com.br\\\/wp-content\\\/uploads\\\/2024\\\/03\\\/Arquivo-imagem-2.jpg\",\"datePublished\":\"2024-03-17T20:00:32+00:00\",\"breadcrumb\":{\"@id\":\"https:\\\/\\\/blogdofarnesio.com.br\\\/?p=363891#breadcrumb\"},\"inLanguage\":\"pt-BR\",\"potentialAction\":[{\"@type\":\"ReadAction\",\"target\":[\"https:\\\/\\\/blogdofarnesio.com.br\\\/?p=363891\"]}]},{\"@type\":\"ImageObject\",\"inLanguage\":\"pt-BR\",\"@id\":\"https:\\\/\\\/blogdofarnesio.com.br\\\/?p=363891#primaryimage\",\"url\":\"https:\\\/\\\/blogdofarnesio.com.br\\\/wp-content\\\/uploads\\\/2024\\\/03\\\/Arquivo-imagem-2.jpg\",\"contentUrl\":\"https:\\\/\\\/blogdofarnesio.com.br\\\/wp-content\\\/uploads\\\/2024\\\/03\\\/Arquivo-imagem-2.jpg\",\"width\":800,\"height\":499},{\"@type\":\"BreadcrumbList\",\"@id\":\"https:\\\/\\\/blogdofarnesio.com.br\\\/?p=363891#breadcrumb\",\"itemListElement\":[{\"@type\":\"ListItem\",\"position\":1,\"name\":\"In\u00edcio\",\"item\":\"https:\\\/\\\/blogdofarnesio.com.br\\\/\"},{\"@type\":\"ListItem\",\"position\":2,\"name\":\"Suzana Ramos participa da 4 \u00aa edi\u00e7\u00e3o do Celebra Vale e assina lei que institui o \u2018Dia Municipal do Jovem Adventista\u2019\"}]},{\"@type\":\"WebSite\",\"@id\":\"https:\\\/\\\/blogdofarnesio.com.br\\\/#website\",\"url\":\"https:\\\/\\\/blogdofarnesio.com.br\\\/\",\"name\":\"Blog do Farn\u00e9sio\",\"description\":\"Quer Saber Pol\u00edtica?\",\"publisher\":{\"@id\":\"https:\\\/\\\/blogdofarnesio.com.br\\\/#organization\"},\"potentialAction\":[{\"@type\":\"SearchAction\",\"target\":{\"@type\":\"EntryPoint\",\"urlTemplate\":\"https:\\\/\\\/blogdofarnesio.com.br\\\/?s={search_term_string}\"},\"query-input\":{\"@type\":\"PropertyValueSpecification\",\"valueRequired\":true,\"valueName\":\"search_term_string\"}}],\"inLanguage\":\"pt-BR\"},{\"@type\":\"Organization\",\"@id\":\"https:\\\/\\\/blogdofarnesio.com.br\\\/#organization\",\"name\":\"Blog do Farn\u00e9sio\",\"url\":\"https:\\\/\\\/blogdofarnesio.com.br\\\/\",\"logo\":{\"@type\":\"ImageObject\",\"inLanguage\":\"pt-BR\",\"@id\":\"https:\\\/\\\/blogdofarnesio.com.br\\\/#\\\/schema\\\/logo\\\/image\\\/\",\"url\":\"https:\\\/\\\/blogdofarnesio.com.br\\\/wp-content\\\/uploads\\\/2026\\\/03\\\/cropped-logo_new-1.png\",\"contentUrl\":\"https:\\\/\\\/blogdofarnesio.com.br\\\/wp-content\\\/uploads\\\/2026\\\/03\\\/cropped-logo_new-1.png\",\"width\":881,\"height\":685,\"caption\":\"Blog do Farn\u00e9sio\"},\"image\":{\"@id\":\"https:\\\/\\\/blogdofarnesio.com.br\\\/#\\\/schema\\\/logo\\\/image\\\/\"},\"sameAs\":[\"https:\\\/\\\/www.facebook.com\\\/BlogQuerSaberPolitica\\\/\"]},{\"@type\":\"Person\",\"@id\":\"https:\\\/\\\/blogdofarnesio.com.br\\\/#\\\/schema\\\/person\\\/bb9b23ae3ad0609ce8df7b6c9e76824d\",\"name\":\"Farn\u00e9sio\",\"image\":{\"@type\":\"ImageObject\",\"inLanguage\":\"pt-BR\",\"@id\":\"https:\\\/\\\/secure.gravatar.com\\\/avatar\\\/986aa4c61ccdb66f8555bf88fc2a65609d00bcabd4d2d94377a727547345cbca?s=96&d=mm&r=g\",\"url\":\"https:\\\/\\\/secure.gravatar.com\\\/avatar\\\/986aa4c61ccdb66f8555bf88fc2a65609d00bcabd4d2d94377a727547345cbca?s=96&d=mm&r=g\",\"contentUrl\":\"https:\\\/\\\/secure.gravatar.com\\\/avatar\\\/986aa4c61ccdb66f8555bf88fc2a65609d00bcabd4d2d94377a727547345cbca?s=96&d=mm&r=g\",\"caption\":\"Farn\u00e9sio\"},\"description\":\"Radialista blogueiro, chegou a Petrolina\\\/Juazeiro em setembro de 1980, Farn\u00e9sio Silva \u00e9 de Arapiraca-Alagoas.\",\"sameAs\":[\"http:\\\/\\\/blogdofarnesio.com.br\",\"https:\\\/\\\/www.facebook.com\\\/?ref=tn_tnmn\",\"https:\\\/\\\/www.instagram.com\\\/?utm_source=pwa_homescreen\",\"https:\\\/\\\/youtube.com.br\\\/\"],\"url\":\"https:\\\/\\\/blogdofarnesio.com.br\\\/?author=2\"}]}<\/script>\n<!-- \/ Yoast SEO plugin. -->","yoast_head_json":{"title":"Suzana Ramos participa da 4 \u00aa edi\u00e7\u00e3o do Celebra Vale e assina lei que institui o \u2018Dia Municipal do Jovem Adventista\u2019 - Blog do Farn\u00e9sio","robots":{"index":"index","follow":"follow","max-snippet":"max-snippet:-1","max-image-preview":"max-image-preview:large","max-video-preview":"max-video-preview:-1"},"canonical":"https:\/\/blogdofarnesio.com.br\/?p=363891","og_locale":"pt_BR","og_type":"article","og_title":"Suzana Ramos participa da 4 \u00aa edi\u00e7\u00e3o do Celebra Vale e assina lei que institui o \u2018Dia Municipal do Jovem Adventista\u2019 - Blog do Farn\u00e9sio","og_description":"A prefeita Suzana Ramos participou na noite desse s\u00e1bado (15) da 4\u00aa edi\u00e7\u00e3o do Celebra Vale da Juventude Adventista do Vale do S\u00e3o Francisco. Essa \u00e9 a primeira edi\u00e7\u00e3o do evento, depois de sancionada a Lei de n\u00ba 3.189\/2024, que institui no calend\u00e1rio oficial de eventos do munic\u00edpio de Juazeiro, o \u2018Dia Municipal Celebra Vale dos Jovens Adventistas do S\u00e9timo Dia\u2019. \u201cEstou muito feliz em poder criar um dia para celebra\u00e7\u00e3o da juventude Adventista de nossa Juazeiro. Eu sempre digo que, quanto mais a juventude busca a Deus, mais a sociedade se desenvolve de forma sadia. \u00c9 importante tamb\u00e9m observar a contribui\u00e7\u00e3o religiosa e social que essa juventude realiza na regi\u00e3o. Ent\u00e3o, nada mais justo do que um dia em&hellip;","og_url":"https:\/\/blogdofarnesio.com.br\/?p=363891","og_site_name":"Blog do Farn\u00e9sio","article_publisher":"https:\/\/www.facebook.com\/BlogQuerSaberPolitica\/","article_author":"https:\/\/www.facebook.com\/?ref=tn_tnmn","article_published_time":"2024-03-17T20:00:32+00:00","og_image":[{"width":800,"height":499,"url":"https:\/\/blogdofarnesio.com.br\/wp-content\/uploads\/2024\/03\/Arquivo-imagem-2.jpg","type":"image\/jpeg"}],"author":"Farn\u00e9sio","twitter_card":"summary_large_image","twitter_misc":{"Escrito por":"Farn\u00e9sio","Est. tempo de leitura":"3 minutos"},"schema":{"@context":"https:\/\/schema.org","@graph":[{"@type":"Article","@id":"https:\/\/blogdofarnesio.com.br\/?p=363891#article","isPartOf":{"@id":"https:\/\/blogdofarnesio.com.br\/?p=363891"},"author":{"name":"Farn\u00e9sio","@id":"https:\/\/blogdofarnesio.com.br\/#\/schema\/person\/bb9b23ae3ad0609ce8df7b6c9e76824d"},"headline":"Suzana Ramos participa da 4 \u00aa edi\u00e7\u00e3o do Celebra Vale e assina lei que institui o \u2018Dia Municipal do Jovem Adventista\u2019","datePublished":"2024-03-17T20:00:32+00:00","mainEntityOfPage":{"@id":"https:\/\/blogdofarnesio.com.br\/?p=363891"},"wordCount":387,"commentCount":0,"publisher":{"@id":"https:\/\/blogdofarnesio.com.br\/#organization"},"image":{"@id":"https:\/\/blogdofarnesio.com.br\/?p=363891#primaryimage"},"thumbnailUrl":"https:\/\/blogdofarnesio.com.br\/wp-content\/uploads\/2024\/03\/Arquivo-imagem-2.jpg","articleSection":["Religi\u00e3o"],"inLanguage":"pt-BR","potentialAction":[{"@type":"CommentAction","name":"Comment","target":["https:\/\/blogdofarnesio.com.br\/?p=363891#respond"]}]},{"@type":"WebPage","@id":"https:\/\/blogdofarnesio.com.br\/?p=363891","url":"https:\/\/blogdofarnesio.com.br\/?p=363891","name":"Suzana Ramos participa da 4 \u00aa edi\u00e7\u00e3o do Celebra Vale e assina lei que institui o \u2018Dia Municipal do Jovem Adventista\u2019 - Blog do Farn\u00e9sio","isPartOf":{"@id":"https:\/\/blogdofarnesio.com.br\/#website"},"primaryImageOfPage":{"@id":"https:\/\/blogdofarnesio.com.br\/?p=363891#primaryimage"},"image":{"@id":"https:\/\/blogdofarnesio.com.br\/?p=363891#primaryimage"},"thumbnailUrl":"https:\/\/blogdofarnesio.com.br\/wp-content\/uploads\/2024\/03\/Arquivo-imagem-2.jpg","datePublished":"2024-03-17T20:00:32+00:00","breadcrumb":{"@id":"https:\/\/blogdofarnesio.com.br\/?p=363891#breadcrumb"},"inLanguage":"pt-BR","potentialAction":[{"@type":"ReadAction","target":["https:\/\/blogdofarnesio.com.br\/?p=363891"]}]},{"@type":"ImageObject","inLanguage":"pt-BR","@id":"https:\/\/blogdofarnesio.com.br\/?p=363891#primaryimage","url":"https:\/\/blogdofarnesio.com.br\/wp-content\/uploads\/2024\/03\/Arquivo-imagem-2.jpg","contentUrl":"https:\/\/blogdofarnesio.com.br\/wp-content\/uploads\/2024\/03\/Arquivo-imagem-2.jpg","width":800,"height":499},{"@type":"BreadcrumbList","@id":"https:\/\/blogdofarnesio.com.br\/?p=363891#breadcrumb","itemListElement":[{"@type":"ListItem","position":1,"name":"In\u00edcio","item":"https:\/\/blogdofarnesio.com.br\/"},{"@type":"ListItem","position":2,"name":"Suzana Ramos participa da 4 \u00aa edi\u00e7\u00e3o do Celebra Vale e assina lei que institui o \u2018Dia Municipal do Jovem Adventista\u2019"}]},{"@type":"WebSite","@id":"https:\/\/blogdofarnesio.com.br\/#website","url":"https:\/\/blogdofarnesio.com.br\/","name":"Blog do Farn\u00e9sio","description":"Quer Saber Pol\u00edtica?","publisher":{"@id":"https:\/\/blogdofarnesio.com.br\/#organization"},"potentialAction":[{"@type":"SearchAction","target":{"@type":"EntryPoint","urlTemplate":"https:\/\/blogdofarnesio.com.br\/?s={search_term_string}"},"query-input":{"@type":"PropertyValueSpecification","valueRequired":true,"valueName":"search_term_string"}}],"inLanguage":"pt-BR"},{"@type":"Organization","@id":"https:\/\/blogdofarnesio.com.br\/#organization","name":"Blog do Farn\u00e9sio","url":"https:\/\/blogdofarnesio.com.br\/","logo":{"@type":"ImageObject","inLanguage":"pt-BR","@id":"https:\/\/blogdofarnesio.com.br\/#\/schema\/logo\/image\/","url":"https:\/\/blogdofarnesio.com.br\/wp-content\/uploads\/2026\/03\/cropped-logo_new-1.png","contentUrl":"https:\/\/blogdofarnesio.com.br\/wp-content\/uploads\/2026\/03\/cropped-logo_new-1.png","width":881,"height":685,"caption":"Blog do Farn\u00e9sio"},"image":{"@id":"https:\/\/blogdofarnesio.com.br\/#\/schema\/logo\/image\/"},"sameAs":["https:\/\/www.facebook.com\/BlogQuerSaberPolitica\/"]},{"@type":"Person","@id":"https:\/\/blogdofarnesio.com.br\/#\/schema\/person\/bb9b23ae3ad0609ce8df7b6c9e76824d","name":"Farn\u00e9sio","image":{"@type":"ImageObject","inLanguage":"pt-BR","@id":"https:\/\/secure.gravatar.com\/avatar\/986aa4c61ccdb66f8555bf88fc2a65609d00bcabd4d2d94377a727547345cbca?s=96&d=mm&r=g","url":"https:\/\/secure.gravatar.com\/avatar\/986aa4c61ccdb66f8555bf88fc2a65609d00bcabd4d2d94377a727547345cbca?s=96&d=mm&r=g","contentUrl":"https:\/\/secure.gravatar.com\/avatar\/986aa4c61ccdb66f8555bf88fc2a65609d00bcabd4d2d94377a727547345cbca?s=96&d=mm&r=g","caption":"Farn\u00e9sio"},"description":"Radialista blogueiro, chegou a Petrolina\/Juazeiro em setembro de 1980, Farn\u00e9sio Silva \u00e9 de Arapiraca-Alagoas.","sameAs":["http:\/\/blogdofarnesio.com.br","https:\/\/www.facebook.com\/?ref=tn_tnmn","https:\/\/www.instagram.com\/?utm_source=pwa_homescreen","https:\/\/youtube.com.br\/"],"url":"https:\/\/blogdofarnesio.com.br\/?author=2"}]}},"_links":{"self":[{"href":"https:\/\/blogdofarnesio.com.br\/index.php?rest_route=\/wp\/v2\/posts\/363891","targetHints":{"allow":["GET"]}}],"collection":[{"href":"https:\/\/blogdofarnesio.com.br\/index.php?rest_route=\/wp\/v2\/posts"}],"about":[{"href":"https:\/\/blogdofarnesio.com.br\/index.php?rest_route=\/wp\/v2\/types\/post"}],"author":[{"embeddable":true,"href":"https:\/\/blogdofarnesio.com.br\/index.php?rest_route=\/wp\/v2\/users\/2"}],"replies":[{"embeddable":true,"href":"https:\/\/blogdofarnesio.com.br\/index.php?rest_route=%2Fwp%2Fv2%2Fcomments&post=363891"}],"version-history":[{"count":0,"href":"https:\/\/blogdofarnesio.com.br\/index.php?rest_route=\/wp\/v2\/posts\/363891\/revisions"}],"wp:featuredmedia":[{"embeddable":true,"href":"https:\/\/blogdofarnesio.com.br\/index.php?rest_route=\/wp\/v2\/media\/363892"}],"wp:attachment":[{"href":"https:\/\/blogdofarnesio.com.br\/index.php?rest_route=%2Fwp%2Fv2%2Fmedia&parent=363891"}],"wp:term":[{"taxonomy":"category","embeddable":true,"href":"https:\/\/blogdofarnesio.com.br\/index.php?rest_route=%2Fwp%2Fv2%2Fcategories&post=363891"},{"taxonomy":"post_tag","embeddable":true,"href":"https:\/\/blogdofarnesio.com.br\/index.php?rest_route=%2Fwp%2Fv2%2Ftags&post=363891"}],"curies":[{"name":"wp","href":"https:\/\/api.w.org\/{rel}","templated":true}]}}