{"id":36316,"date":"2013-04-17T07:01:52","date_gmt":"2013-04-17T10:01:52","guid":{"rendered":"http:\/\/www.quersaberpolitica.com.br\/?p=36316"},"modified":"2013-04-16T18:20:08","modified_gmt":"2013-04-16T21:20:08","slug":"em-brasilia-julio-lossio-apresentara-o-nova-semente-como-palestrante-no-primeiro-seminario-internacional-da-primeira-infancia","status":"publish","type":"post","link":"https:\/\/blogdofarnesio.com.br\/?p=36316","title":{"rendered":"EM BRAS\u00cdLIA, JULIO LOSSIO APRESENTAR\u00c1 O NOVA SEMENTE COMO PALESTRANTE NO PRIMEIRO SEMIN\u00c1RIO INTERNACIONAL DA PRIMEIRA INF\u00c2NCIA"},"content":{"rendered":"<p style=\"text-align: justify\">\n<a href=\"http:\/\/www.quersaberpolitica.com.br\/2016\/wp-content\/uploads\/2013\/04\/blogqspjlbrasilia.jpg\"><img loading=\"lazy\" decoding=\"async\" class=\"alignleft size-medium wp-image-36342\" alt=\"blogqspjlbrasilia\" src=\"http:\/\/www.quersaberpolitica.com.br\/2016\/wp-content\/uploads\/2013\/04\/blogqspjlbrasilia-300x242.jpg\" width=\"300\" height=\"242\" srcset=\"https:\/\/blogdofarnesio.com.br\/wp-content\/uploads\/2013\/04\/blogqspjlbrasilia-300x242.jpg 300w, https:\/\/blogdofarnesio.com.br\/wp-content\/uploads\/2013\/04\/blogqspjlbrasilia.jpg 309w\" sizes=\"auto, (max-width: 300px) 100vw, 300px\" \/><\/a>O prefeito Julio Lossio foi convidado para apresentar um dos pain\u00e9is do Primeiro Semin\u00e1rio Internacional da Primeira Inf\u00e2ncia, promovido pela C\u00e2mara dos Deputados, em Bras\u00edlia(DF), de ontem (16) at\u00e9 amanh\u00e3 (18).<\/p>\n<p style=\"text-align: justify\">Representantes de v\u00e1rios pa\u00edses participam do evento, que discute a constru\u00e7\u00e3o de um marco legal que integre as pol\u00edticas p\u00fablicas voltadas para gestantes e crian\u00e7as de 0 a 6 anos.<\/p>\n<p style=\"text-align: justify\">Na programa\u00e7\u00e3o oficial, o prefeito de Petrolina, Julio Lossio apresentar\u00e1 todo o programa Nova Semente e o seu resultado positivo, as conquistas para as fam\u00edlias petrolinenses, que j\u00e1 receberam 98 unidades do Programa e em breve, receber\u00e3o as duas que completar\u00e3o a cent\u00e9sima creche.<\/p>\n<p style=\"text-align: justify\">A apresenta\u00e7\u00e3o de Julio Lossio ser\u00e1 na quinta-feira, pela manh\u00e3, no painel \u201cCompromissos pol\u00edticos municipais e resultados<!--more--> e sua rela\u00e7\u00e3o aos direitos da crian\u00e7a e sua aten\u00e7\u00e3o integral de qualidade durante a primeir\u00edssima inf\u00e2ncia. O prefeito explica o destaque Nova Semente, pioneiro no Brasil, entre os in\u00fameros trabalhos com foco na educa\u00e7\u00e3o em Petrolina. \u201cAtrav\u00e9s do Programa, Petrolina \u00e9 a cidade que mais cuida das crian\u00e7as e o nosso objetivo \u00e9 buscar mais investimentos e melhorar cada vez mais o \u00edndice educacional no nosso munic\u00edpio \u201d, ressalta Julio Lossio.<\/p>\n<p style=\"text-align: justify\">No Semin\u00e1rio, os participantes v\u00e3o ter oportunidade de debater os avan\u00e7os, iniciativas e desafios que o pa\u00eds precisa nessa \u00e1rea. Poder\u00e3o tamb\u00e9m conhecer experi\u00eancias que d\u00e3o certo no pa\u00eds, como o Programa Nova Semente, em Petrolina e que j\u00e1 serve de modelo para v\u00e1rios outros lugares.<\/p>\n<p style=\"text-align: justify\">Entre os assuntos discutidos est\u00e3o a elabora\u00e7\u00e3o de leis que respeitem a rela\u00e7\u00e3o da crian\u00e7a com o espa\u00e7o urbano e o meio ambiente; a regulamenta\u00e7\u00e3o da publicidade voltada \u00e0 crian\u00e7a, forma\u00e7\u00e3o e contrata\u00e7\u00e3o de cuidadores, educadores e bab\u00e1s, entre outros.<\/p>\n<p style=\"text-align: justify\">Est\u00e3o previstas as participa\u00e7\u00f5es dos ministros Aloizio Mercadante, da Educa\u00e7\u00e3o; Alexandre Padilha, da Sa\u00fade e Tereza Campelo, do Desenvolvimento Social. Outros palestrantes como Maria do Ros\u00e1rio, da Secretaria de Direitos Humanos, James Heckman; o Pr\u00eamio Nobel de Literatura; Michel Boivin, professor de Psicologia da Universidade Laval de Quebec e a consultora internacional de Sa\u00fade Global e Desenvolvimento Infantil, Mary Young; tamb\u00e9m foram convidados ao debate.<\/p>\n<p style=\"text-align: justify\">PROGRAMA NOVA SEMENTE<\/p>\n<p style=\"text-align: justify\">O programa Nova Semente, idealizado pelo gestor municipal Julio Lossio, funciona desde outubro de 2010 e mais de seis mil crian\u00e7as de 0 a 6 anos s\u00e3o assistidas diariamente com cinco refei\u00e7\u00f5es e acompanhamento m\u00e9dico, odontol\u00f3gico e nutricional,em 98 unidades do Programa j\u00e1 entregues \u00e0 popula\u00e7\u00e3o. O ensino oferecido nas creches segue o programa pedag\u00f3gico do Instituto Alfa e Beto, que realiza tamb\u00e9m treinamento espec\u00edfico junto aos professores. A a\u00e7\u00e3o tamb\u00e9m conta com parcerias de entidades sociais como o Petrape e a comunidade local.<\/p>\n<p style=\"text-align: justify\">O Nova Semente se tornou um programa educacional de destaque nacional e internacional, sendo que foi considerado pela Revista \u00c9poca como uma das apostas de desenvolvimento para o pa\u00eds em 2013 e tem servido de refer\u00eancia para v\u00e1rios outros lugares.<\/p>\n","protected":false},"excerpt":{"rendered":"<p>O prefeito Julio Lossio foi convidado para apresentar um dos pain\u00e9is do Primeiro Semin\u00e1rio Internacional da Primeira Inf\u00e2ncia, promovido pela C\u00e2mara dos Deputados, em Bras\u00edlia(DF), de ontem (16) at\u00e9 amanh\u00e3 (18). Representantes de v\u00e1rios pa\u00edses participam do evento, que discute a constru\u00e7\u00e3o de um marco legal que integre as pol\u00edticas p\u00fablicas voltadas para gestantes e crian\u00e7as de 0 a 6 anos. Na programa\u00e7\u00e3o oficial, o prefeito de Petrolina, Julio Lossio apresentar\u00e1 todo o programa Nova Semente e o seu resultado positivo, as conquistas para as fam\u00edlias petrolinenses, que j\u00e1 receberam 98 unidades do Programa e em breve, receber\u00e3o as duas que completar\u00e3o a cent\u00e9sima creche. A apresenta\u00e7\u00e3o de Julio Lossio ser\u00e1 na quinta-feira, pela manh\u00e3, no painel \u201cCompromissos pol\u00edticos municipais&hellip; <\/p>\n","protected":false},"author":3,"featured_media":0,"comment_status":"open","ping_status":"open","sticky":false,"template":"","format":"standard","meta":{"_acf_changed":false,"footnotes":""},"categories":[1],"tags":[],"class_list":["post-36316","post","type-post","status-publish","format-standard","hentry","category-politica"],"acf":[],"yoast_head":"<!-- This site is optimized with the Yoast SEO plugin v27.4 - https:\/\/yoast.com\/product\/yoast-seo-wordpress\/ -->\n<title>EM BRAS\u00cdLIA, JULIO LOSSIO APRESENTAR\u00c1 O NOVA SEMENTE COMO PALESTRANTE NO PRIMEIRO SEMIN\u00c1RIO INTERNACIONAL DA PRIMEIRA INF\u00c2NCIA - Blog do Farn\u00e9sio<\/title>\n<meta name=\"robots\" content=\"index, follow, max-snippet:-1, max-image-preview:large, max-video-preview:-1\" \/>\n<link rel=\"canonical\" href=\"http:\/\/blogdofarnesio.com.br\/?p=36316\" \/>\n<meta property=\"og:locale\" content=\"pt_BR\" \/>\n<meta property=\"og:type\" content=\"article\" \/>\n<meta property=\"og:title\" content=\"EM BRAS\u00cdLIA, JULIO LOSSIO APRESENTAR\u00c1 O NOVA SEMENTE COMO PALESTRANTE NO PRIMEIRO SEMIN\u00c1RIO INTERNACIONAL DA PRIMEIRA INF\u00c2NCIA - Blog do Farn\u00e9sio\" \/>\n<meta property=\"og:description\" content=\"O prefeito Julio Lossio foi convidado para apresentar um dos pain\u00e9is do Primeiro Semin\u00e1rio Internacional da Primeira Inf\u00e2ncia, promovido pela C\u00e2mara dos Deputados, em Bras\u00edlia(DF), de ontem (16) at\u00e9 amanh\u00e3 (18). Representantes de v\u00e1rios pa\u00edses participam do evento, que discute a constru\u00e7\u00e3o de um marco legal que integre as pol\u00edticas p\u00fablicas voltadas para gestantes e crian\u00e7as de 0 a 6 anos. Na programa\u00e7\u00e3o oficial, o prefeito de Petrolina, Julio Lossio apresentar\u00e1 todo o programa Nova Semente e o seu resultado positivo, as conquistas para as fam\u00edlias petrolinenses, que j\u00e1 receberam 98 unidades do Programa e em breve, receber\u00e3o as duas que completar\u00e3o a cent\u00e9sima creche. A apresenta\u00e7\u00e3o de Julio Lossio ser\u00e1 na quinta-feira, pela manh\u00e3, no painel \u201cCompromissos pol\u00edticos municipais&hellip;\" \/>\n<meta property=\"og:url\" content=\"http:\/\/blogdofarnesio.com.br\/?p=36316\" \/>\n<meta property=\"og:site_name\" content=\"Blog do Farn\u00e9sio\" \/>\n<meta property=\"article:publisher\" content=\"https:\/\/www.facebook.com\/BlogQuerSaberPolitica\/\" \/>\n<meta property=\"article:published_time\" content=\"2013-04-17T10:01:52+00:00\" \/>\n<meta property=\"og:image\" content=\"http:\/\/www.quersaberpolitica.com.br\/2016\/wp-content\/uploads\/2013\/04\/blogqspjlbrasilia-300x242.jpg\" \/>\n<meta name=\"author\" content=\"teste\" \/>\n<meta name=\"twitter:card\" content=\"summary_large_image\" \/>\n<meta name=\"twitter:label1\" content=\"Escrito por\" \/>\n\t<meta name=\"twitter:data1\" content=\"teste\" \/>\n\t<meta name=\"twitter:label2\" content=\"Est. tempo de leitura\" \/>\n\t<meta name=\"twitter:data2\" content=\"3 minutos\" \/>\n<script type=\"application\/ld+json\" class=\"yoast-schema-graph\">{\"@context\":\"https:\\\/\\\/schema.org\",\"@graph\":[{\"@type\":\"Article\",\"@id\":\"http:\\\/\\\/blogdofarnesio.com.br\\\/?p=36316#article\",\"isPartOf\":{\"@id\":\"http:\\\/\\\/blogdofarnesio.com.br\\\/?p=36316\"},\"author\":{\"name\":\"teste\",\"@id\":\"https:\\\/\\\/blogdofarnesio.com.br\\\/#\\\/schema\\\/person\\\/dd1bf5eba40b687199ba45ca6b97dff9\"},\"headline\":\"EM BRAS\u00cdLIA, JULIO LOSSIO APRESENTAR\u00c1 O NOVA SEMENTE COMO PALESTRANTE NO PRIMEIRO SEMIN\u00c1RIO INTERNACIONAL DA PRIMEIRA INF\u00c2NCIA\",\"datePublished\":\"2013-04-17T10:01:52+00:00\",\"mainEntityOfPage\":{\"@id\":\"http:\\\/\\\/blogdofarnesio.com.br\\\/?p=36316\"},\"wordCount\":549,\"commentCount\":0,\"publisher\":{\"@id\":\"https:\\\/\\\/blogdofarnesio.com.br\\\/#organization\"},\"image\":{\"@id\":\"http:\\\/\\\/blogdofarnesio.com.br\\\/?p=36316#primaryimage\"},\"thumbnailUrl\":\"http:\\\/\\\/www.quersaberpolitica.com.br\\\/2016\\\/wp-content\\\/uploads\\\/2013\\\/04\\\/blogqspjlbrasilia-300x242.jpg\",\"articleSection\":[\"Pol\u00edtica\"],\"inLanguage\":\"pt-BR\",\"potentialAction\":[{\"@type\":\"CommentAction\",\"name\":\"Comment\",\"target\":[\"http:\\\/\\\/blogdofarnesio.com.br\\\/?p=36316#respond\"]}]},{\"@type\":\"WebPage\",\"@id\":\"http:\\\/\\\/blogdofarnesio.com.br\\\/?p=36316\",\"url\":\"http:\\\/\\\/blogdofarnesio.com.br\\\/?p=36316\",\"name\":\"EM BRAS\u00cdLIA, JULIO LOSSIO APRESENTAR\u00c1 O NOVA SEMENTE COMO PALESTRANTE NO PRIMEIRO SEMIN\u00c1RIO INTERNACIONAL DA PRIMEIRA INF\u00c2NCIA - Blog do Farn\u00e9sio\",\"isPartOf\":{\"@id\":\"https:\\\/\\\/blogdofarnesio.com.br\\\/#website\"},\"primaryImageOfPage\":{\"@id\":\"http:\\\/\\\/blogdofarnesio.com.br\\\/?p=36316#primaryimage\"},\"image\":{\"@id\":\"http:\\\/\\\/blogdofarnesio.com.br\\\/?p=36316#primaryimage\"},\"thumbnailUrl\":\"http:\\\/\\\/www.quersaberpolitica.com.br\\\/2016\\\/wp-content\\\/uploads\\\/2013\\\/04\\\/blogqspjlbrasilia-300x242.jpg\",\"datePublished\":\"2013-04-17T10:01:52+00:00\",\"breadcrumb\":{\"@id\":\"http:\\\/\\\/blogdofarnesio.com.br\\\/?p=36316#breadcrumb\"},\"inLanguage\":\"pt-BR\",\"potentialAction\":[{\"@type\":\"ReadAction\",\"target\":[\"http:\\\/\\\/blogdofarnesio.com.br\\\/?p=36316\"]}]},{\"@type\":\"ImageObject\",\"inLanguage\":\"pt-BR\",\"@id\":\"http:\\\/\\\/blogdofarnesio.com.br\\\/?p=36316#primaryimage\",\"url\":\"http:\\\/\\\/www.quersaberpolitica.com.br\\\/2016\\\/wp-content\\\/uploads\\\/2013\\\/04\\\/blogqspjlbrasilia-300x242.jpg\",\"contentUrl\":\"http:\\\/\\\/www.quersaberpolitica.com.br\\\/2016\\\/wp-content\\\/uploads\\\/2013\\\/04\\\/blogqspjlbrasilia-300x242.jpg\"},{\"@type\":\"BreadcrumbList\",\"@id\":\"http:\\\/\\\/blogdofarnesio.com.br\\\/?p=36316#breadcrumb\",\"itemListElement\":[{\"@type\":\"ListItem\",\"position\":1,\"name\":\"In\u00edcio\",\"item\":\"https:\\\/\\\/blogdofarnesio.com.br\\\/\"},{\"@type\":\"ListItem\",\"position\":2,\"name\":\"EM BRAS\u00cdLIA, JULIO LOSSIO APRESENTAR\u00c1 O NOVA SEMENTE COMO PALESTRANTE NO PRIMEIRO SEMIN\u00c1RIO INTERNACIONAL DA PRIMEIRA INF\u00c2NCIA\"}]},{\"@type\":\"WebSite\",\"@id\":\"https:\\\/\\\/blogdofarnesio.com.br\\\/#website\",\"url\":\"https:\\\/\\\/blogdofarnesio.com.br\\\/\",\"name\":\"Blog do Farn\u00e9sio\",\"description\":\"Quer Saber Pol\u00edtica?\",\"publisher\":{\"@id\":\"https:\\\/\\\/blogdofarnesio.com.br\\\/#organization\"},\"potentialAction\":[{\"@type\":\"SearchAction\",\"target\":{\"@type\":\"EntryPoint\",\"urlTemplate\":\"https:\\\/\\\/blogdofarnesio.com.br\\\/?s={search_term_string}\"},\"query-input\":{\"@type\":\"PropertyValueSpecification\",\"valueRequired\":true,\"valueName\":\"search_term_string\"}}],\"inLanguage\":\"pt-BR\"},{\"@type\":\"Organization\",\"@id\":\"https:\\\/\\\/blogdofarnesio.com.br\\\/#organization\",\"name\":\"Blog do Farn\u00e9sio\",\"url\":\"https:\\\/\\\/blogdofarnesio.com.br\\\/\",\"logo\":{\"@type\":\"ImageObject\",\"inLanguage\":\"pt-BR\",\"@id\":\"https:\\\/\\\/blogdofarnesio.com.br\\\/#\\\/schema\\\/logo\\\/image\\\/\",\"url\":\"https:\\\/\\\/blogdofarnesio.com.br\\\/wp-content\\\/uploads\\\/2026\\\/03\\\/cropped-logo_new-1.png\",\"contentUrl\":\"https:\\\/\\\/blogdofarnesio.com.br\\\/wp-content\\\/uploads\\\/2026\\\/03\\\/cropped-logo_new-1.png\",\"width\":881,\"height\":685,\"caption\":\"Blog do Farn\u00e9sio\"},\"image\":{\"@id\":\"https:\\\/\\\/blogdofarnesio.com.br\\\/#\\\/schema\\\/logo\\\/image\\\/\"},\"sameAs\":[\"https:\\\/\\\/www.facebook.com\\\/BlogQuerSaberPolitica\\\/\"]},{\"@type\":\"Person\",\"@id\":\"https:\\\/\\\/blogdofarnesio.com.br\\\/#\\\/schema\\\/person\\\/dd1bf5eba40b687199ba45ca6b97dff9\",\"name\":\"teste\",\"image\":{\"@type\":\"ImageObject\",\"inLanguage\":\"pt-BR\",\"@id\":\"https:\\\/\\\/secure.gravatar.com\\\/avatar\\\/2172498d4914b51e1d89a0f97957b035ac4938723a5cac208135d389b6972a6d?s=96&d=mm&r=g\",\"url\":\"https:\\\/\\\/secure.gravatar.com\\\/avatar\\\/2172498d4914b51e1d89a0f97957b035ac4938723a5cac208135d389b6972a6d?s=96&d=mm&r=g\",\"contentUrl\":\"https:\\\/\\\/secure.gravatar.com\\\/avatar\\\/2172498d4914b51e1d89a0f97957b035ac4938723a5cac208135d389b6972a6d?s=96&d=mm&r=g\",\"caption\":\"teste\"},\"url\":\"https:\\\/\\\/blogdofarnesio.com.br\\\/?author=3\"}]}<\/script>\n<!-- \/ Yoast SEO plugin. -->","yoast_head_json":{"title":"EM BRAS\u00cdLIA, JULIO LOSSIO APRESENTAR\u00c1 O NOVA SEMENTE COMO PALESTRANTE NO PRIMEIRO SEMIN\u00c1RIO INTERNACIONAL DA PRIMEIRA INF\u00c2NCIA - Blog do Farn\u00e9sio","robots":{"index":"index","follow":"follow","max-snippet":"max-snippet:-1","max-image-preview":"max-image-preview:large","max-video-preview":"max-video-preview:-1"},"canonical":"http:\/\/blogdofarnesio.com.br\/?p=36316","og_locale":"pt_BR","og_type":"article","og_title":"EM BRAS\u00cdLIA, JULIO LOSSIO APRESENTAR\u00c1 O NOVA SEMENTE COMO PALESTRANTE NO PRIMEIRO SEMIN\u00c1RIO INTERNACIONAL DA PRIMEIRA INF\u00c2NCIA - Blog do Farn\u00e9sio","og_description":"O prefeito Julio Lossio foi convidado para apresentar um dos pain\u00e9is do Primeiro Semin\u00e1rio Internacional da Primeira Inf\u00e2ncia, promovido pela C\u00e2mara dos Deputados, em Bras\u00edlia(DF), de ontem (16) at\u00e9 amanh\u00e3 (18). Representantes de v\u00e1rios pa\u00edses participam do evento, que discute a constru\u00e7\u00e3o de um marco legal que integre as pol\u00edticas p\u00fablicas voltadas para gestantes e crian\u00e7as de 0 a 6 anos. Na programa\u00e7\u00e3o oficial, o prefeito de Petrolina, Julio Lossio apresentar\u00e1 todo o programa Nova Semente e o seu resultado positivo, as conquistas para as fam\u00edlias petrolinenses, que j\u00e1 receberam 98 unidades do Programa e em breve, receber\u00e3o as duas que completar\u00e3o a cent\u00e9sima creche. A apresenta\u00e7\u00e3o de Julio Lossio ser\u00e1 na quinta-feira, pela manh\u00e3, no painel \u201cCompromissos pol\u00edticos municipais&hellip;","og_url":"http:\/\/blogdofarnesio.com.br\/?p=36316","og_site_name":"Blog do Farn\u00e9sio","article_publisher":"https:\/\/www.facebook.com\/BlogQuerSaberPolitica\/","article_published_time":"2013-04-17T10:01:52+00:00","og_image":[{"url":"http:\/\/www.quersaberpolitica.com.br\/2016\/wp-content\/uploads\/2013\/04\/blogqspjlbrasilia-300x242.jpg","type":"","width":"","height":""}],"author":"teste","twitter_card":"summary_large_image","twitter_misc":{"Escrito por":"teste","Est. tempo de leitura":"3 minutos"},"schema":{"@context":"https:\/\/schema.org","@graph":[{"@type":"Article","@id":"http:\/\/blogdofarnesio.com.br\/?p=36316#article","isPartOf":{"@id":"http:\/\/blogdofarnesio.com.br\/?p=36316"},"author":{"name":"teste","@id":"https:\/\/blogdofarnesio.com.br\/#\/schema\/person\/dd1bf5eba40b687199ba45ca6b97dff9"},"headline":"EM BRAS\u00cdLIA, JULIO LOSSIO APRESENTAR\u00c1 O NOVA SEMENTE COMO PALESTRANTE NO PRIMEIRO SEMIN\u00c1RIO INTERNACIONAL DA PRIMEIRA INF\u00c2NCIA","datePublished":"2013-04-17T10:01:52+00:00","mainEntityOfPage":{"@id":"http:\/\/blogdofarnesio.com.br\/?p=36316"},"wordCount":549,"commentCount":0,"publisher":{"@id":"https:\/\/blogdofarnesio.com.br\/#organization"},"image":{"@id":"http:\/\/blogdofarnesio.com.br\/?p=36316#primaryimage"},"thumbnailUrl":"http:\/\/www.quersaberpolitica.com.br\/2016\/wp-content\/uploads\/2013\/04\/blogqspjlbrasilia-300x242.jpg","articleSection":["Pol\u00edtica"],"inLanguage":"pt-BR","potentialAction":[{"@type":"CommentAction","name":"Comment","target":["http:\/\/blogdofarnesio.com.br\/?p=36316#respond"]}]},{"@type":"WebPage","@id":"http:\/\/blogdofarnesio.com.br\/?p=36316","url":"http:\/\/blogdofarnesio.com.br\/?p=36316","name":"EM BRAS\u00cdLIA, JULIO LOSSIO APRESENTAR\u00c1 O NOVA SEMENTE COMO PALESTRANTE NO PRIMEIRO SEMIN\u00c1RIO INTERNACIONAL DA PRIMEIRA INF\u00c2NCIA - Blog do Farn\u00e9sio","isPartOf":{"@id":"https:\/\/blogdofarnesio.com.br\/#website"},"primaryImageOfPage":{"@id":"http:\/\/blogdofarnesio.com.br\/?p=36316#primaryimage"},"image":{"@id":"http:\/\/blogdofarnesio.com.br\/?p=36316#primaryimage"},"thumbnailUrl":"http:\/\/www.quersaberpolitica.com.br\/2016\/wp-content\/uploads\/2013\/04\/blogqspjlbrasilia-300x242.jpg","datePublished":"2013-04-17T10:01:52+00:00","breadcrumb":{"@id":"http:\/\/blogdofarnesio.com.br\/?p=36316#breadcrumb"},"inLanguage":"pt-BR","potentialAction":[{"@type":"ReadAction","target":["http:\/\/blogdofarnesio.com.br\/?p=36316"]}]},{"@type":"ImageObject","inLanguage":"pt-BR","@id":"http:\/\/blogdofarnesio.com.br\/?p=36316#primaryimage","url":"http:\/\/www.quersaberpolitica.com.br\/2016\/wp-content\/uploads\/2013\/04\/blogqspjlbrasilia-300x242.jpg","contentUrl":"http:\/\/www.quersaberpolitica.com.br\/2016\/wp-content\/uploads\/2013\/04\/blogqspjlbrasilia-300x242.jpg"},{"@type":"BreadcrumbList","@id":"http:\/\/blogdofarnesio.com.br\/?p=36316#breadcrumb","itemListElement":[{"@type":"ListItem","position":1,"name":"In\u00edcio","item":"https:\/\/blogdofarnesio.com.br\/"},{"@type":"ListItem","position":2,"name":"EM BRAS\u00cdLIA, JULIO LOSSIO APRESENTAR\u00c1 O NOVA SEMENTE COMO PALESTRANTE NO PRIMEIRO SEMIN\u00c1RIO INTERNACIONAL DA PRIMEIRA INF\u00c2NCIA"}]},{"@type":"WebSite","@id":"https:\/\/blogdofarnesio.com.br\/#website","url":"https:\/\/blogdofarnesio.com.br\/","name":"Blog do Farn\u00e9sio","description":"Quer Saber Pol\u00edtica?","publisher":{"@id":"https:\/\/blogdofarnesio.com.br\/#organization"},"potentialAction":[{"@type":"SearchAction","target":{"@type":"EntryPoint","urlTemplate":"https:\/\/blogdofarnesio.com.br\/?s={search_term_string}"},"query-input":{"@type":"PropertyValueSpecification","valueRequired":true,"valueName":"search_term_string"}}],"inLanguage":"pt-BR"},{"@type":"Organization","@id":"https:\/\/blogdofarnesio.com.br\/#organization","name":"Blog do Farn\u00e9sio","url":"https:\/\/blogdofarnesio.com.br\/","logo":{"@type":"ImageObject","inLanguage":"pt-BR","@id":"https:\/\/blogdofarnesio.com.br\/#\/schema\/logo\/image\/","url":"https:\/\/blogdofarnesio.com.br\/wp-content\/uploads\/2026\/03\/cropped-logo_new-1.png","contentUrl":"https:\/\/blogdofarnesio.com.br\/wp-content\/uploads\/2026\/03\/cropped-logo_new-1.png","width":881,"height":685,"caption":"Blog do Farn\u00e9sio"},"image":{"@id":"https:\/\/blogdofarnesio.com.br\/#\/schema\/logo\/image\/"},"sameAs":["https:\/\/www.facebook.com\/BlogQuerSaberPolitica\/"]},{"@type":"Person","@id":"https:\/\/blogdofarnesio.com.br\/#\/schema\/person\/dd1bf5eba40b687199ba45ca6b97dff9","name":"teste","image":{"@type":"ImageObject","inLanguage":"pt-BR","@id":"https:\/\/secure.gravatar.com\/avatar\/2172498d4914b51e1d89a0f97957b035ac4938723a5cac208135d389b6972a6d?s=96&d=mm&r=g","url":"https:\/\/secure.gravatar.com\/avatar\/2172498d4914b51e1d89a0f97957b035ac4938723a5cac208135d389b6972a6d?s=96&d=mm&r=g","contentUrl":"https:\/\/secure.gravatar.com\/avatar\/2172498d4914b51e1d89a0f97957b035ac4938723a5cac208135d389b6972a6d?s=96&d=mm&r=g","caption":"teste"},"url":"https:\/\/blogdofarnesio.com.br\/?author=3"}]}},"_links":{"self":[{"href":"https:\/\/blogdofarnesio.com.br\/index.php?rest_route=\/wp\/v2\/posts\/36316","targetHints":{"allow":["GET"]}}],"collection":[{"href":"https:\/\/blogdofarnesio.com.br\/index.php?rest_route=\/wp\/v2\/posts"}],"about":[{"href":"https:\/\/blogdofarnesio.com.br\/index.php?rest_route=\/wp\/v2\/types\/post"}],"author":[{"embeddable":true,"href":"https:\/\/blogdofarnesio.com.br\/index.php?rest_route=\/wp\/v2\/users\/3"}],"replies":[{"embeddable":true,"href":"https:\/\/blogdofarnesio.com.br\/index.php?rest_route=%2Fwp%2Fv2%2Fcomments&post=36316"}],"version-history":[{"count":0,"href":"https:\/\/blogdofarnesio.com.br\/index.php?rest_route=\/wp\/v2\/posts\/36316\/revisions"}],"wp:attachment":[{"href":"https:\/\/blogdofarnesio.com.br\/index.php?rest_route=%2Fwp%2Fv2%2Fmedia&parent=36316"}],"wp:term":[{"taxonomy":"category","embeddable":true,"href":"https:\/\/blogdofarnesio.com.br\/index.php?rest_route=%2Fwp%2Fv2%2Fcategories&post=36316"},{"taxonomy":"post_tag","embeddable":true,"href":"https:\/\/blogdofarnesio.com.br\/index.php?rest_route=%2Fwp%2Fv2%2Ftags&post=36316"}],"curies":[{"name":"wp","href":"https:\/\/api.w.org\/{rel}","templated":true}]}}