{"id":363047,"date":"2024-03-07T09:20:03","date_gmt":"2024-03-07T12:20:03","guid":{"rendered":"https:\/\/blogdofarnesio.com.br\/?p=363047"},"modified":"2024-03-07T09:01:59","modified_gmt":"2024-03-07T12:01:59","slug":"hospital-dom-malan-em-petrolina-amplia-uti-neonatal-e-dobra-o-numero-de-leitos","status":"publish","type":"post","link":"https:\/\/blogdofarnesio.com.br\/?p=363047","title":{"rendered":"Hospital Dom Malan em Petrolina amplia UTI neonatal e dobra o n\u00famero de leitos"},"content":{"rendered":"<p>O Hospital Dom Malan em Petrolina, no Sert\u00e3o de Pernambuco, est\u00e1 finalizando a reforma da \u00e1rea destinada a uma nova Unidade de Terapia Intensiva. Ser\u00e3o mais 10 novos leitos de UTI pedi\u00e1trica, dobrando a capacidade de atendimento da unidade de sa\u00fade.<\/p>\n<p>\u201cUma das nossas metas de gest\u00e3o, acordadas com a Secretaria Estadual de Sa\u00fade (SES), era a abertura da nova UTI pedi\u00e1trica com previs\u00e3o para o m\u00eas de mar\u00e7o. J\u00e1 t\u00ednhamos aqui no HDM Ismep, um local, que foi usado como \u00e1rea para pacientes de covid durante a pandemia. Colocamos nossa equipe de engenharia dentro do espa\u00e7o e adequamos o que era necess\u00e1rio.<\/p>\n<p>Estamos expandindo a rede de gases &#8211; tubula\u00e7\u00e3o em que ocorre a distribui\u00e7\u00e3o dos gases da central de gases para toda a institui\u00e7\u00e3o-\u00a0 \u00c9 rede de gases medicinais, como:oxig\u00eanio, ar comprimido, v\u00e1cuo, tudo de acordo com a norma regulamentar preconizada pelo Minist\u00e9rio da Sa\u00fade, \u201dexplicou a diretora geral do HDM Ismep, Ana Carolina Lemos.<\/p>\n<p>O Hospital Dom Malan Ismep tem hoje 10 leitos de UTI neonatal que atende pacientes de 53 munic\u00edpios da Rede PEBA (Hospitais de Pernambuco e Bahia do Sistema \u00danico de Sa\u00fade \u2013 SUS). Para o funcionamento da nova UTI tamb\u00e9m ser\u00e3o contratados mais profissionais m\u00e9dicos, enfermeiros, fisioterapeutas e t\u00e9cnicos em enfermagem. Ser\u00e3o pelo menos 41 profissionais para o atendimento na nova ala. \u201cEstamos contratando profissionais com experi\u00eancia e encontramos bons profissionais em neonatologia e pediatria, e tudo j\u00e1 est\u00e1 bem encaminhado. Estamos aguardando os equipamentos para a instala\u00e7\u00e3o de respiradores, ber\u00e7os aquecidos, incubadoras e incubadoras de transporte. Estamos nos programando para colocar esses leitos \u00e0 disposi\u00e7\u00e3o da popula\u00e7\u00e3o a partir do dia 10 de mar\u00e7o, \u201d ressaltou Ana Carolina Lemos.<\/p>\n<p>Leitos<\/p>\n<p>Com a amplia\u00e7\u00e3o da UTI, ser\u00e3o 10 para neonatologia e 10 leitos para a pediatria em toda a unidade.\u00a0 Al\u00e9m do atendimento aos beb\u00eas de alto risco na UTI neonatal, o Hospital Dom Malan Ismep tem tamb\u00e9m 32 leitos na Unidade de Cuidados Intensivos, a UCI.<\/p>\n<p>O HDM Ismep tem tamb\u00e9m 10 leitos de UTI obst\u00e9trica,que s\u00e3o os \u00fanicos no estado atendendo m\u00e3es de gesta\u00e7\u00e3o de alto risco bem como parturientes com necessidade de terapia intensiva.<\/p>\n<p>Assessoria de Comunica\u00e7\u00e3o do Hospital Dom Malan -ISMEP<\/p>\n","protected":false},"excerpt":{"rendered":"<p>O Hospital Dom Malan em Petrolina, no Sert\u00e3o de Pernambuco, est\u00e1 finalizando a reforma da \u00e1rea destinada a uma nova Unidade de Terapia Intensiva. Ser\u00e3o mais 10 novos leitos de UTI pedi\u00e1trica, dobrando a capacidade de atendimento da unidade de sa\u00fade. \u201cUma das nossas metas de gest\u00e3o, acordadas com a Secretaria Estadual de Sa\u00fade (SES), era a abertura da nova UTI pedi\u00e1trica com previs\u00e3o para o m\u00eas de mar\u00e7o. J\u00e1 t\u00ednhamos aqui no HDM Ismep, um local, que foi usado como \u00e1rea para pacientes de covid durante a pandemia. Colocamos nossa equipe de engenharia dentro do espa\u00e7o e adequamos o que era necess\u00e1rio. Estamos expandindo a rede de gases &#8211; tubula\u00e7\u00e3o em que ocorre a distribui\u00e7\u00e3o dos gases da central&hellip; <\/p>\n","protected":false},"author":2,"featured_media":363048,"comment_status":"open","ping_status":"open","sticky":false,"template":"","format":"standard","meta":{"_acf_changed":false,"footnotes":""},"categories":[4],"tags":[],"class_list":["post-363047","post","type-post","status-publish","format-standard","has-post-thumbnail","hentry","category-saude"],"acf":[],"yoast_head":"<!-- This site is optimized with the Yoast SEO plugin v27.4 - https:\/\/yoast.com\/product\/yoast-seo-wordpress\/ -->\n<title>Hospital Dom Malan em Petrolina amplia UTI neonatal e dobra o n\u00famero de leitos - Blog do Farn\u00e9sio<\/title>\n<meta name=\"robots\" content=\"index, follow, max-snippet:-1, max-image-preview:large, max-video-preview:-1\" \/>\n<link rel=\"canonical\" href=\"https:\/\/blogdofarnesio.com.br\/?p=363047\" \/>\n<meta property=\"og:locale\" content=\"pt_BR\" \/>\n<meta property=\"og:type\" content=\"article\" \/>\n<meta property=\"og:title\" content=\"Hospital Dom Malan em Petrolina amplia UTI neonatal e dobra o n\u00famero de leitos - Blog do Farn\u00e9sio\" \/>\n<meta property=\"og:description\" content=\"O Hospital Dom Malan em Petrolina, no Sert\u00e3o de Pernambuco, est\u00e1 finalizando a reforma da \u00e1rea destinada a uma nova Unidade de Terapia Intensiva. Ser\u00e3o mais 10 novos leitos de UTI pedi\u00e1trica, dobrando a capacidade de atendimento da unidade de sa\u00fade. \u201cUma das nossas metas de gest\u00e3o, acordadas com a Secretaria Estadual de Sa\u00fade (SES), era a abertura da nova UTI pedi\u00e1trica com previs\u00e3o para o m\u00eas de mar\u00e7o. J\u00e1 t\u00ednhamos aqui no HDM Ismep, um local, que foi usado como \u00e1rea para pacientes de covid durante a pandemia. Colocamos nossa equipe de engenharia dentro do espa\u00e7o e adequamos o que era necess\u00e1rio. Estamos expandindo a rede de gases &#8211; tubula\u00e7\u00e3o em que ocorre a distribui\u00e7\u00e3o dos gases da central&hellip;\" \/>\n<meta property=\"og:url\" content=\"https:\/\/blogdofarnesio.com.br\/?p=363047\" \/>\n<meta property=\"og:site_name\" content=\"Blog do Farn\u00e9sio\" \/>\n<meta property=\"article:publisher\" content=\"https:\/\/www.facebook.com\/BlogQuerSaberPolitica\/\" \/>\n<meta property=\"article:author\" content=\"https:\/\/www.facebook.com\/?ref=tn_tnmn\" \/>\n<meta property=\"article:published_time\" content=\"2024-03-07T12:20:03+00:00\" \/>\n<meta property=\"og:image\" content=\"https:\/\/blogdofarnesio.com.br\/wp-content\/uploads\/2024\/03\/NOVA-UTI-HDM-ISMEP-3-e1709812884203.jpeg\" \/>\n\t<meta property=\"og:image:width\" content=\"498\" \/>\n\t<meta property=\"og:image:height\" content=\"259\" \/>\n\t<meta property=\"og:image:type\" content=\"image\/jpeg\" \/>\n<meta name=\"author\" content=\"Farn\u00e9sio\" \/>\n<meta name=\"twitter:card\" content=\"summary_large_image\" \/>\n<meta name=\"twitter:label1\" content=\"Escrito por\" \/>\n\t<meta name=\"twitter:data1\" content=\"Farn\u00e9sio\" \/>\n\t<meta name=\"twitter:label2\" content=\"Est. tempo de leitura\" \/>\n\t<meta name=\"twitter:data2\" content=\"3 minutos\" \/>\n<script type=\"application\/ld+json\" class=\"yoast-schema-graph\">{\"@context\":\"https:\\\/\\\/schema.org\",\"@graph\":[{\"@type\":\"Article\",\"@id\":\"https:\\\/\\\/blogdofarnesio.com.br\\\/?p=363047#article\",\"isPartOf\":{\"@id\":\"https:\\\/\\\/blogdofarnesio.com.br\\\/?p=363047\"},\"author\":{\"name\":\"Farn\u00e9sio\",\"@id\":\"https:\\\/\\\/blogdofarnesio.com.br\\\/#\\\/schema\\\/person\\\/bb9b23ae3ad0609ce8df7b6c9e76824d\"},\"headline\":\"Hospital Dom Malan em Petrolina amplia UTI neonatal e dobra o n\u00famero de leitos\",\"datePublished\":\"2024-03-07T12:20:03+00:00\",\"mainEntityOfPage\":{\"@id\":\"https:\\\/\\\/blogdofarnesio.com.br\\\/?p=363047\"},\"wordCount\":410,\"commentCount\":0,\"publisher\":{\"@id\":\"https:\\\/\\\/blogdofarnesio.com.br\\\/#organization\"},\"image\":{\"@id\":\"https:\\\/\\\/blogdofarnesio.com.br\\\/?p=363047#primaryimage\"},\"thumbnailUrl\":\"https:\\\/\\\/blogdofarnesio.com.br\\\/wp-content\\\/uploads\\\/2024\\\/03\\\/NOVA-UTI-HDM-ISMEP-3-e1709812884203.jpeg\",\"articleSection\":[\"Sa\u00fade\"],\"inLanguage\":\"pt-BR\",\"potentialAction\":[{\"@type\":\"CommentAction\",\"name\":\"Comment\",\"target\":[\"https:\\\/\\\/blogdofarnesio.com.br\\\/?p=363047#respond\"]}]},{\"@type\":\"WebPage\",\"@id\":\"https:\\\/\\\/blogdofarnesio.com.br\\\/?p=363047\",\"url\":\"https:\\\/\\\/blogdofarnesio.com.br\\\/?p=363047\",\"name\":\"Hospital Dom Malan em Petrolina amplia UTI neonatal e dobra o n\u00famero de leitos - Blog do Farn\u00e9sio\",\"isPartOf\":{\"@id\":\"https:\\\/\\\/blogdofarnesio.com.br\\\/#website\"},\"primaryImageOfPage\":{\"@id\":\"https:\\\/\\\/blogdofarnesio.com.br\\\/?p=363047#primaryimage\"},\"image\":{\"@id\":\"https:\\\/\\\/blogdofarnesio.com.br\\\/?p=363047#primaryimage\"},\"thumbnailUrl\":\"https:\\\/\\\/blogdofarnesio.com.br\\\/wp-content\\\/uploads\\\/2024\\\/03\\\/NOVA-UTI-HDM-ISMEP-3-e1709812884203.jpeg\",\"datePublished\":\"2024-03-07T12:20:03+00:00\",\"breadcrumb\":{\"@id\":\"https:\\\/\\\/blogdofarnesio.com.br\\\/?p=363047#breadcrumb\"},\"inLanguage\":\"pt-BR\",\"potentialAction\":[{\"@type\":\"ReadAction\",\"target\":[\"https:\\\/\\\/blogdofarnesio.com.br\\\/?p=363047\"]}]},{\"@type\":\"ImageObject\",\"inLanguage\":\"pt-BR\",\"@id\":\"https:\\\/\\\/blogdofarnesio.com.br\\\/?p=363047#primaryimage\",\"url\":\"https:\\\/\\\/blogdofarnesio.com.br\\\/wp-content\\\/uploads\\\/2024\\\/03\\\/NOVA-UTI-HDM-ISMEP-3-e1709812884203.jpeg\",\"contentUrl\":\"https:\\\/\\\/blogdofarnesio.com.br\\\/wp-content\\\/uploads\\\/2024\\\/03\\\/NOVA-UTI-HDM-ISMEP-3-e1709812884203.jpeg\",\"width\":498,\"height\":259},{\"@type\":\"BreadcrumbList\",\"@id\":\"https:\\\/\\\/blogdofarnesio.com.br\\\/?p=363047#breadcrumb\",\"itemListElement\":[{\"@type\":\"ListItem\",\"position\":1,\"name\":\"In\u00edcio\",\"item\":\"https:\\\/\\\/blogdofarnesio.com.br\\\/\"},{\"@type\":\"ListItem\",\"position\":2,\"name\":\"Hospital Dom Malan em Petrolina amplia UTI neonatal e dobra o n\u00famero de leitos\"}]},{\"@type\":\"WebSite\",\"@id\":\"https:\\\/\\\/blogdofarnesio.com.br\\\/#website\",\"url\":\"https:\\\/\\\/blogdofarnesio.com.br\\\/\",\"name\":\"Blog do Farn\u00e9sio\",\"description\":\"Quer Saber Pol\u00edtica?\",\"publisher\":{\"@id\":\"https:\\\/\\\/blogdofarnesio.com.br\\\/#organization\"},\"potentialAction\":[{\"@type\":\"SearchAction\",\"target\":{\"@type\":\"EntryPoint\",\"urlTemplate\":\"https:\\\/\\\/blogdofarnesio.com.br\\\/?s={search_term_string}\"},\"query-input\":{\"@type\":\"PropertyValueSpecification\",\"valueRequired\":true,\"valueName\":\"search_term_string\"}}],\"inLanguage\":\"pt-BR\"},{\"@type\":\"Organization\",\"@id\":\"https:\\\/\\\/blogdofarnesio.com.br\\\/#organization\",\"name\":\"Blog do Farn\u00e9sio\",\"url\":\"https:\\\/\\\/blogdofarnesio.com.br\\\/\",\"logo\":{\"@type\":\"ImageObject\",\"inLanguage\":\"pt-BR\",\"@id\":\"https:\\\/\\\/blogdofarnesio.com.br\\\/#\\\/schema\\\/logo\\\/image\\\/\",\"url\":\"https:\\\/\\\/blogdofarnesio.com.br\\\/wp-content\\\/uploads\\\/2026\\\/03\\\/cropped-logo_new-1.png\",\"contentUrl\":\"https:\\\/\\\/blogdofarnesio.com.br\\\/wp-content\\\/uploads\\\/2026\\\/03\\\/cropped-logo_new-1.png\",\"width\":881,\"height\":685,\"caption\":\"Blog do Farn\u00e9sio\"},\"image\":{\"@id\":\"https:\\\/\\\/blogdofarnesio.com.br\\\/#\\\/schema\\\/logo\\\/image\\\/\"},\"sameAs\":[\"https:\\\/\\\/www.facebook.com\\\/BlogQuerSaberPolitica\\\/\"]},{\"@type\":\"Person\",\"@id\":\"https:\\\/\\\/blogdofarnesio.com.br\\\/#\\\/schema\\\/person\\\/bb9b23ae3ad0609ce8df7b6c9e76824d\",\"name\":\"Farn\u00e9sio\",\"image\":{\"@type\":\"ImageObject\",\"inLanguage\":\"pt-BR\",\"@id\":\"https:\\\/\\\/secure.gravatar.com\\\/avatar\\\/986aa4c61ccdb66f8555bf88fc2a65609d00bcabd4d2d94377a727547345cbca?s=96&d=mm&r=g\",\"url\":\"https:\\\/\\\/secure.gravatar.com\\\/avatar\\\/986aa4c61ccdb66f8555bf88fc2a65609d00bcabd4d2d94377a727547345cbca?s=96&d=mm&r=g\",\"contentUrl\":\"https:\\\/\\\/secure.gravatar.com\\\/avatar\\\/986aa4c61ccdb66f8555bf88fc2a65609d00bcabd4d2d94377a727547345cbca?s=96&d=mm&r=g\",\"caption\":\"Farn\u00e9sio\"},\"description\":\"Radialista blogueiro, chegou a Petrolina\\\/Juazeiro em setembro de 1980, Farn\u00e9sio Silva \u00e9 de Arapiraca-Alagoas.\",\"sameAs\":[\"http:\\\/\\\/blogdofarnesio.com.br\",\"https:\\\/\\\/www.facebook.com\\\/?ref=tn_tnmn\",\"https:\\\/\\\/www.instagram.com\\\/?utm_source=pwa_homescreen\",\"https:\\\/\\\/youtube.com.br\\\/\"],\"url\":\"https:\\\/\\\/blogdofarnesio.com.br\\\/?author=2\"}]}<\/script>\n<!-- \/ Yoast SEO plugin. -->","yoast_head_json":{"title":"Hospital Dom Malan em Petrolina amplia UTI neonatal e dobra o n\u00famero de leitos - Blog do Farn\u00e9sio","robots":{"index":"index","follow":"follow","max-snippet":"max-snippet:-1","max-image-preview":"max-image-preview:large","max-video-preview":"max-video-preview:-1"},"canonical":"https:\/\/blogdofarnesio.com.br\/?p=363047","og_locale":"pt_BR","og_type":"article","og_title":"Hospital Dom Malan em Petrolina amplia UTI neonatal e dobra o n\u00famero de leitos - Blog do Farn\u00e9sio","og_description":"O Hospital Dom Malan em Petrolina, no Sert\u00e3o de Pernambuco, est\u00e1 finalizando a reforma da \u00e1rea destinada a uma nova Unidade de Terapia Intensiva. Ser\u00e3o mais 10 novos leitos de UTI pedi\u00e1trica, dobrando a capacidade de atendimento da unidade de sa\u00fade. \u201cUma das nossas metas de gest\u00e3o, acordadas com a Secretaria Estadual de Sa\u00fade (SES), era a abertura da nova UTI pedi\u00e1trica com previs\u00e3o para o m\u00eas de mar\u00e7o. J\u00e1 t\u00ednhamos aqui no HDM Ismep, um local, que foi usado como \u00e1rea para pacientes de covid durante a pandemia. Colocamos nossa equipe de engenharia dentro do espa\u00e7o e adequamos o que era necess\u00e1rio. Estamos expandindo a rede de gases &#8211; tubula\u00e7\u00e3o em que ocorre a distribui\u00e7\u00e3o dos gases da central&hellip;","og_url":"https:\/\/blogdofarnesio.com.br\/?p=363047","og_site_name":"Blog do Farn\u00e9sio","article_publisher":"https:\/\/www.facebook.com\/BlogQuerSaberPolitica\/","article_author":"https:\/\/www.facebook.com\/?ref=tn_tnmn","article_published_time":"2024-03-07T12:20:03+00:00","og_image":[{"width":498,"height":259,"url":"https:\/\/blogdofarnesio.com.br\/wp-content\/uploads\/2024\/03\/NOVA-UTI-HDM-ISMEP-3-e1709812884203.jpeg","type":"image\/jpeg"}],"author":"Farn\u00e9sio","twitter_card":"summary_large_image","twitter_misc":{"Escrito por":"Farn\u00e9sio","Est. tempo de leitura":"3 minutos"},"schema":{"@context":"https:\/\/schema.org","@graph":[{"@type":"Article","@id":"https:\/\/blogdofarnesio.com.br\/?p=363047#article","isPartOf":{"@id":"https:\/\/blogdofarnesio.com.br\/?p=363047"},"author":{"name":"Farn\u00e9sio","@id":"https:\/\/blogdofarnesio.com.br\/#\/schema\/person\/bb9b23ae3ad0609ce8df7b6c9e76824d"},"headline":"Hospital Dom Malan em Petrolina amplia UTI neonatal e dobra o n\u00famero de leitos","datePublished":"2024-03-07T12:20:03+00:00","mainEntityOfPage":{"@id":"https:\/\/blogdofarnesio.com.br\/?p=363047"},"wordCount":410,"commentCount":0,"publisher":{"@id":"https:\/\/blogdofarnesio.com.br\/#organization"},"image":{"@id":"https:\/\/blogdofarnesio.com.br\/?p=363047#primaryimage"},"thumbnailUrl":"https:\/\/blogdofarnesio.com.br\/wp-content\/uploads\/2024\/03\/NOVA-UTI-HDM-ISMEP-3-e1709812884203.jpeg","articleSection":["Sa\u00fade"],"inLanguage":"pt-BR","potentialAction":[{"@type":"CommentAction","name":"Comment","target":["https:\/\/blogdofarnesio.com.br\/?p=363047#respond"]}]},{"@type":"WebPage","@id":"https:\/\/blogdofarnesio.com.br\/?p=363047","url":"https:\/\/blogdofarnesio.com.br\/?p=363047","name":"Hospital Dom Malan em Petrolina amplia UTI neonatal e dobra o n\u00famero de leitos - Blog do Farn\u00e9sio","isPartOf":{"@id":"https:\/\/blogdofarnesio.com.br\/#website"},"primaryImageOfPage":{"@id":"https:\/\/blogdofarnesio.com.br\/?p=363047#primaryimage"},"image":{"@id":"https:\/\/blogdofarnesio.com.br\/?p=363047#primaryimage"},"thumbnailUrl":"https:\/\/blogdofarnesio.com.br\/wp-content\/uploads\/2024\/03\/NOVA-UTI-HDM-ISMEP-3-e1709812884203.jpeg","datePublished":"2024-03-07T12:20:03+00:00","breadcrumb":{"@id":"https:\/\/blogdofarnesio.com.br\/?p=363047#breadcrumb"},"inLanguage":"pt-BR","potentialAction":[{"@type":"ReadAction","target":["https:\/\/blogdofarnesio.com.br\/?p=363047"]}]},{"@type":"ImageObject","inLanguage":"pt-BR","@id":"https:\/\/blogdofarnesio.com.br\/?p=363047#primaryimage","url":"https:\/\/blogdofarnesio.com.br\/wp-content\/uploads\/2024\/03\/NOVA-UTI-HDM-ISMEP-3-e1709812884203.jpeg","contentUrl":"https:\/\/blogdofarnesio.com.br\/wp-content\/uploads\/2024\/03\/NOVA-UTI-HDM-ISMEP-3-e1709812884203.jpeg","width":498,"height":259},{"@type":"BreadcrumbList","@id":"https:\/\/blogdofarnesio.com.br\/?p=363047#breadcrumb","itemListElement":[{"@type":"ListItem","position":1,"name":"In\u00edcio","item":"https:\/\/blogdofarnesio.com.br\/"},{"@type":"ListItem","position":2,"name":"Hospital Dom Malan em Petrolina amplia UTI neonatal e dobra o n\u00famero de leitos"}]},{"@type":"WebSite","@id":"https:\/\/blogdofarnesio.com.br\/#website","url":"https:\/\/blogdofarnesio.com.br\/","name":"Blog do Farn\u00e9sio","description":"Quer Saber Pol\u00edtica?","publisher":{"@id":"https:\/\/blogdofarnesio.com.br\/#organization"},"potentialAction":[{"@type":"SearchAction","target":{"@type":"EntryPoint","urlTemplate":"https:\/\/blogdofarnesio.com.br\/?s={search_term_string}"},"query-input":{"@type":"PropertyValueSpecification","valueRequired":true,"valueName":"search_term_string"}}],"inLanguage":"pt-BR"},{"@type":"Organization","@id":"https:\/\/blogdofarnesio.com.br\/#organization","name":"Blog do Farn\u00e9sio","url":"https:\/\/blogdofarnesio.com.br\/","logo":{"@type":"ImageObject","inLanguage":"pt-BR","@id":"https:\/\/blogdofarnesio.com.br\/#\/schema\/logo\/image\/","url":"https:\/\/blogdofarnesio.com.br\/wp-content\/uploads\/2026\/03\/cropped-logo_new-1.png","contentUrl":"https:\/\/blogdofarnesio.com.br\/wp-content\/uploads\/2026\/03\/cropped-logo_new-1.png","width":881,"height":685,"caption":"Blog do Farn\u00e9sio"},"image":{"@id":"https:\/\/blogdofarnesio.com.br\/#\/schema\/logo\/image\/"},"sameAs":["https:\/\/www.facebook.com\/BlogQuerSaberPolitica\/"]},{"@type":"Person","@id":"https:\/\/blogdofarnesio.com.br\/#\/schema\/person\/bb9b23ae3ad0609ce8df7b6c9e76824d","name":"Farn\u00e9sio","image":{"@type":"ImageObject","inLanguage":"pt-BR","@id":"https:\/\/secure.gravatar.com\/avatar\/986aa4c61ccdb66f8555bf88fc2a65609d00bcabd4d2d94377a727547345cbca?s=96&d=mm&r=g","url":"https:\/\/secure.gravatar.com\/avatar\/986aa4c61ccdb66f8555bf88fc2a65609d00bcabd4d2d94377a727547345cbca?s=96&d=mm&r=g","contentUrl":"https:\/\/secure.gravatar.com\/avatar\/986aa4c61ccdb66f8555bf88fc2a65609d00bcabd4d2d94377a727547345cbca?s=96&d=mm&r=g","caption":"Farn\u00e9sio"},"description":"Radialista blogueiro, chegou a Petrolina\/Juazeiro em setembro de 1980, Farn\u00e9sio Silva \u00e9 de Arapiraca-Alagoas.","sameAs":["http:\/\/blogdofarnesio.com.br","https:\/\/www.facebook.com\/?ref=tn_tnmn","https:\/\/www.instagram.com\/?utm_source=pwa_homescreen","https:\/\/youtube.com.br\/"],"url":"https:\/\/blogdofarnesio.com.br\/?author=2"}]}},"_links":{"self":[{"href":"https:\/\/blogdofarnesio.com.br\/index.php?rest_route=\/wp\/v2\/posts\/363047","targetHints":{"allow":["GET"]}}],"collection":[{"href":"https:\/\/blogdofarnesio.com.br\/index.php?rest_route=\/wp\/v2\/posts"}],"about":[{"href":"https:\/\/blogdofarnesio.com.br\/index.php?rest_route=\/wp\/v2\/types\/post"}],"author":[{"embeddable":true,"href":"https:\/\/blogdofarnesio.com.br\/index.php?rest_route=\/wp\/v2\/users\/2"}],"replies":[{"embeddable":true,"href":"https:\/\/blogdofarnesio.com.br\/index.php?rest_route=%2Fwp%2Fv2%2Fcomments&post=363047"}],"version-history":[{"count":0,"href":"https:\/\/blogdofarnesio.com.br\/index.php?rest_route=\/wp\/v2\/posts\/363047\/revisions"}],"wp:featuredmedia":[{"embeddable":true,"href":"https:\/\/blogdofarnesio.com.br\/index.php?rest_route=\/wp\/v2\/media\/363048"}],"wp:attachment":[{"href":"https:\/\/blogdofarnesio.com.br\/index.php?rest_route=%2Fwp%2Fv2%2Fmedia&parent=363047"}],"wp:term":[{"taxonomy":"category","embeddable":true,"href":"https:\/\/blogdofarnesio.com.br\/index.php?rest_route=%2Fwp%2Fv2%2Fcategories&post=363047"},{"taxonomy":"post_tag","embeddable":true,"href":"https:\/\/blogdofarnesio.com.br\/index.php?rest_route=%2Fwp%2Fv2%2Ftags&post=363047"}],"curies":[{"name":"wp","href":"https:\/\/api.w.org\/{rel}","templated":true}]}}