{"id":362854,"date":"2024-03-08T07:42:56","date_gmt":"2024-03-08T10:42:56","guid":{"rendered":"https:\/\/blogdofarnesio.com.br\/?p=362854"},"modified":"2024-03-04T19:36:22","modified_gmt":"2024-03-04T22:36:22","slug":"dia-da-mulher-procon-para-todos-marcara-presenca-no-mais-amor-por-elas-nesta-sexta-feira","status":"publish","type":"post","link":"https:\/\/blogdofarnesio.com.br\/?p=362854","title":{"rendered":"Dia da Mulher: \u2018Procon para Todos\u2019 marcar\u00e1 presen\u00e7a no &#8220;Mais amor por Elas&#8221; nesta sexta feira"},"content":{"rendered":"<p style=\"font-weight: 400;\">Em comemora\u00e7\u00e3o ao Dia Internacional da Mulher, a gest\u00e3o Suzana Ramos est\u00e1 organizando uma programa\u00e7\u00e3o especial de homenagens e a\u00e7\u00f5es de combate \u00e0 viol\u00eancia contra a mulher, com o tema &#8220;Mais Amor por Elas&#8221;. As atividades, que se estendem durante todo o m\u00eas de mar\u00e7o, visam promover o bem-estar feminino e conscientizar a popula\u00e7\u00e3o sobre a import\u00e2ncia da igualdade de g\u00eanero.<\/p>\n<p style=\"font-weight: 400;\">Na sexta-feira, 8 de mar\u00e7o, Dia Internacional da Mulher, o Procon, \u00f3rg\u00e3o vinculado \u00e0 Procuradoria Geral do Munic\u00edpio (PGM) participar\u00e1 da a\u00e7\u00e3o &#8220;Mais Amor por Elas&#8221; na Pra\u00e7a Imaculada Concei\u00e7\u00e3o (ao lado da Catedral), no Centro da cidade, das 14h \u00e0s 20h.<\/p>\n<p style=\"font-weight: 400;\">A equipe do &#8220;Procon para Todos&#8221; estar\u00e1 presente para oferecer diversos servi\u00e7os \u00e0 popula\u00e7\u00e3o, como cartilhas informativas \u00e0s consumidoras de todas as idades, com foco em seus direitos e como proteg\u00ea-los, orienta\u00e7\u00f5es jur\u00eddicas sobre diversos temas relacionados ao consumo, como compras on-line, direitos do consumidor em caso de v\u00edcios\/defeitos no produto, entre outros, al\u00e9m de um atendimento personalizado.<\/p>\n<p style=\"font-weight: 400;\">\u201cEstamos reunindo diversos servi\u00e7os e um deles \u00e9 levar o Procon para que as nossas mulheres possam ter tamb\u00e9m este atendimento sobre os seus direitos enquanto consumidoras. L\u00e1 a\u00a0pessoa do Procon vai fazer entrega de cartilhas informativas e \u00a0orienta\u00e7\u00f5es jur\u00eddicas\u201d, destacou a prefeita Suzana ramos, que idealizou o projeto.<\/p>\n<p style=\"font-weight: 400;\"><strong>Mais amor por Elas<\/strong><\/p>\n<p style=\"font-weight: 400;\">O projeto Mais Amor por Elas foi idealizado pela prefeita Suzana Ramos e vai envolver diversos \u00f3rg\u00e3os do munic\u00edpio, com servi\u00e7os voltados \u00e0s mulheres. Tamb\u00e9m na Pra\u00e7a da Catedral ser\u00e1 inaugurado um balan\u00e7o cheio de rosas, s\u00edmbolo da campanha, para que as mulheres reflitam sobre seus direitos e que as inspirem a denunciar quaisquer tipos de viol\u00eancia.\u00a0Al\u00e9m disso, ter\u00e1 ainda servi\u00e7os como o Sa\u00fade em Movimento, com especialidades voltadas para as mulheres, Defensoria P\u00fablica, Cad\u00danico, Cart\u00f3rio Civil, Point da Beleza, Feira da Mulher Empreendedora, AMA Cuida, al\u00e9m de doa\u00e7\u00e3o de mudas e outros servi\u00e7os voltados para as mulheres.<\/p>\n<p style=\"font-weight: 400;\">\n","protected":false},"excerpt":{"rendered":"<p>Em comemora\u00e7\u00e3o ao Dia Internacional da Mulher, a gest\u00e3o Suzana Ramos est\u00e1 organizando uma programa\u00e7\u00e3o especial de homenagens e a\u00e7\u00f5es de combate \u00e0 viol\u00eancia contra a mulher, com o tema &#8220;Mais Amor por Elas&#8221;. As atividades, que se estendem durante todo o m\u00eas de mar\u00e7o, visam promover o bem-estar feminino e conscientizar a popula\u00e7\u00e3o sobre a import\u00e2ncia da igualdade de g\u00eanero. Na sexta-feira, 8 de mar\u00e7o, Dia Internacional da Mulher, o Procon, \u00f3rg\u00e3o vinculado \u00e0 Procuradoria Geral do Munic\u00edpio (PGM) participar\u00e1 da a\u00e7\u00e3o &#8220;Mais Amor por Elas&#8221; na Pra\u00e7a Imaculada Concei\u00e7\u00e3o (ao lado da Catedral), no Centro da cidade, das 14h \u00e0s 20h. A equipe do &#8220;Procon para Todos&#8221; estar\u00e1 presente para oferecer diversos servi\u00e7os \u00e0 popula\u00e7\u00e3o, como cartilhas informativas&hellip; <\/p>\n","protected":false},"author":2,"featured_media":362855,"comment_status":"open","ping_status":"open","sticky":false,"template":"","format":"standard","meta":{"_acf_changed":false,"footnotes":""},"categories":[22],"tags":[],"class_list":["post-362854","post","type-post","status-publish","format-standard","has-post-thumbnail","hentry","category-acao-social"],"acf":[],"yoast_head":"<!-- This site is optimized with the Yoast SEO plugin v27.4 - https:\/\/yoast.com\/product\/yoast-seo-wordpress\/ -->\n<title>Dia da Mulher: \u2018Procon para Todos\u2019 marcar\u00e1 presen\u00e7a no &quot;Mais amor por Elas&quot; nesta sexta feira - Blog do Farn\u00e9sio<\/title>\n<meta name=\"robots\" content=\"index, follow, max-snippet:-1, max-image-preview:large, max-video-preview:-1\" \/>\n<link rel=\"canonical\" href=\"https:\/\/blogdofarnesio.com.br\/?p=362854\" \/>\n<meta property=\"og:locale\" content=\"pt_BR\" \/>\n<meta property=\"og:type\" content=\"article\" \/>\n<meta property=\"og:title\" content=\"Dia da Mulher: \u2018Procon para Todos\u2019 marcar\u00e1 presen\u00e7a no &quot;Mais amor por Elas&quot; nesta sexta feira - Blog do Farn\u00e9sio\" \/>\n<meta property=\"og:description\" content=\"Em comemora\u00e7\u00e3o ao Dia Internacional da Mulher, a gest\u00e3o Suzana Ramos est\u00e1 organizando uma programa\u00e7\u00e3o especial de homenagens e a\u00e7\u00f5es de combate \u00e0 viol\u00eancia contra a mulher, com o tema &#8220;Mais Amor por Elas&#8221;. As atividades, que se estendem durante todo o m\u00eas de mar\u00e7o, visam promover o bem-estar feminino e conscientizar a popula\u00e7\u00e3o sobre a import\u00e2ncia da igualdade de g\u00eanero. Na sexta-feira, 8 de mar\u00e7o, Dia Internacional da Mulher, o Procon, \u00f3rg\u00e3o vinculado \u00e0 Procuradoria Geral do Munic\u00edpio (PGM) participar\u00e1 da a\u00e7\u00e3o &#8220;Mais Amor por Elas&#8221; na Pra\u00e7a Imaculada Concei\u00e7\u00e3o (ao lado da Catedral), no Centro da cidade, das 14h \u00e0s 20h. A equipe do &#8220;Procon para Todos&#8221; estar\u00e1 presente para oferecer diversos servi\u00e7os \u00e0 popula\u00e7\u00e3o, como cartilhas informativas&hellip;\" \/>\n<meta property=\"og:url\" content=\"https:\/\/blogdofarnesio.com.br\/?p=362854\" \/>\n<meta property=\"og:site_name\" content=\"Blog do Farn\u00e9sio\" \/>\n<meta property=\"article:publisher\" content=\"https:\/\/www.facebook.com\/BlogQuerSaberPolitica\/\" \/>\n<meta property=\"article:author\" content=\"https:\/\/www.facebook.com\/?ref=tn_tnmn\" \/>\n<meta property=\"article:published_time\" content=\"2024-03-08T10:42:56+00:00\" \/>\n<meta property=\"og:image\" content=\"https:\/\/blogdofarnesio.com.br\/wp-content\/uploads\/2024\/03\/WhatsApp-Image-2024-03-04-at-11.32.01-e1709591685717.jpeg\" \/>\n\t<meta property=\"og:image:width\" content=\"440\" \/>\n\t<meta property=\"og:image:height\" content=\"436\" \/>\n\t<meta property=\"og:image:type\" content=\"image\/jpeg\" \/>\n<meta name=\"author\" content=\"Farn\u00e9sio\" \/>\n<meta name=\"twitter:card\" content=\"summary_large_image\" \/>\n<meta name=\"twitter:label1\" content=\"Escrito por\" \/>\n\t<meta name=\"twitter:data1\" content=\"Farn\u00e9sio\" \/>\n\t<meta name=\"twitter:label2\" content=\"Est. tempo de leitura\" \/>\n\t<meta name=\"twitter:data2\" content=\"2 minutos\" \/>\n<script type=\"application\/ld+json\" class=\"yoast-schema-graph\">{\"@context\":\"https:\\\/\\\/schema.org\",\"@graph\":[{\"@type\":\"Article\",\"@id\":\"https:\\\/\\\/blogdofarnesio.com.br\\\/?p=362854#article\",\"isPartOf\":{\"@id\":\"https:\\\/\\\/blogdofarnesio.com.br\\\/?p=362854\"},\"author\":{\"name\":\"Farn\u00e9sio\",\"@id\":\"https:\\\/\\\/blogdofarnesio.com.br\\\/#\\\/schema\\\/person\\\/bb9b23ae3ad0609ce8df7b6c9e76824d\"},\"headline\":\"Dia da Mulher: \u2018Procon para Todos\u2019 marcar\u00e1 presen\u00e7a no &#8220;Mais amor por Elas&#8221; nesta sexta feira\",\"datePublished\":\"2024-03-08T10:42:56+00:00\",\"mainEntityOfPage\":{\"@id\":\"https:\\\/\\\/blogdofarnesio.com.br\\\/?p=362854\"},\"wordCount\":371,\"commentCount\":0,\"publisher\":{\"@id\":\"https:\\\/\\\/blogdofarnesio.com.br\\\/#organization\"},\"image\":{\"@id\":\"https:\\\/\\\/blogdofarnesio.com.br\\\/?p=362854#primaryimage\"},\"thumbnailUrl\":\"https:\\\/\\\/blogdofarnesio.com.br\\\/wp-content\\\/uploads\\\/2024\\\/03\\\/WhatsApp-Image-2024-03-04-at-11.32.01-e1709591685717.jpeg\",\"articleSection\":[\"A\u00e7\u00e3o Social\"],\"inLanguage\":\"pt-BR\",\"potentialAction\":[{\"@type\":\"CommentAction\",\"name\":\"Comment\",\"target\":[\"https:\\\/\\\/blogdofarnesio.com.br\\\/?p=362854#respond\"]}]},{\"@type\":\"WebPage\",\"@id\":\"https:\\\/\\\/blogdofarnesio.com.br\\\/?p=362854\",\"url\":\"https:\\\/\\\/blogdofarnesio.com.br\\\/?p=362854\",\"name\":\"Dia da Mulher: \u2018Procon para Todos\u2019 marcar\u00e1 presen\u00e7a no \\\"Mais amor por Elas\\\" nesta sexta feira - Blog do Farn\u00e9sio\",\"isPartOf\":{\"@id\":\"https:\\\/\\\/blogdofarnesio.com.br\\\/#website\"},\"primaryImageOfPage\":{\"@id\":\"https:\\\/\\\/blogdofarnesio.com.br\\\/?p=362854#primaryimage\"},\"image\":{\"@id\":\"https:\\\/\\\/blogdofarnesio.com.br\\\/?p=362854#primaryimage\"},\"thumbnailUrl\":\"https:\\\/\\\/blogdofarnesio.com.br\\\/wp-content\\\/uploads\\\/2024\\\/03\\\/WhatsApp-Image-2024-03-04-at-11.32.01-e1709591685717.jpeg\",\"datePublished\":\"2024-03-08T10:42:56+00:00\",\"breadcrumb\":{\"@id\":\"https:\\\/\\\/blogdofarnesio.com.br\\\/?p=362854#breadcrumb\"},\"inLanguage\":\"pt-BR\",\"potentialAction\":[{\"@type\":\"ReadAction\",\"target\":[\"https:\\\/\\\/blogdofarnesio.com.br\\\/?p=362854\"]}]},{\"@type\":\"ImageObject\",\"inLanguage\":\"pt-BR\",\"@id\":\"https:\\\/\\\/blogdofarnesio.com.br\\\/?p=362854#primaryimage\",\"url\":\"https:\\\/\\\/blogdofarnesio.com.br\\\/wp-content\\\/uploads\\\/2024\\\/03\\\/WhatsApp-Image-2024-03-04-at-11.32.01-e1709591685717.jpeg\",\"contentUrl\":\"https:\\\/\\\/blogdofarnesio.com.br\\\/wp-content\\\/uploads\\\/2024\\\/03\\\/WhatsApp-Image-2024-03-04-at-11.32.01-e1709591685717.jpeg\",\"width\":440,\"height\":436},{\"@type\":\"BreadcrumbList\",\"@id\":\"https:\\\/\\\/blogdofarnesio.com.br\\\/?p=362854#breadcrumb\",\"itemListElement\":[{\"@type\":\"ListItem\",\"position\":1,\"name\":\"In\u00edcio\",\"item\":\"https:\\\/\\\/blogdofarnesio.com.br\\\/\"},{\"@type\":\"ListItem\",\"position\":2,\"name\":\"Dia da Mulher: \u2018Procon para Todos\u2019 marcar\u00e1 presen\u00e7a no &#8220;Mais amor por Elas&#8221; nesta sexta feira\"}]},{\"@type\":\"WebSite\",\"@id\":\"https:\\\/\\\/blogdofarnesio.com.br\\\/#website\",\"url\":\"https:\\\/\\\/blogdofarnesio.com.br\\\/\",\"name\":\"Blog do Farn\u00e9sio\",\"description\":\"Quer Saber Pol\u00edtica?\",\"publisher\":{\"@id\":\"https:\\\/\\\/blogdofarnesio.com.br\\\/#organization\"},\"potentialAction\":[{\"@type\":\"SearchAction\",\"target\":{\"@type\":\"EntryPoint\",\"urlTemplate\":\"https:\\\/\\\/blogdofarnesio.com.br\\\/?s={search_term_string}\"},\"query-input\":{\"@type\":\"PropertyValueSpecification\",\"valueRequired\":true,\"valueName\":\"search_term_string\"}}],\"inLanguage\":\"pt-BR\"},{\"@type\":\"Organization\",\"@id\":\"https:\\\/\\\/blogdofarnesio.com.br\\\/#organization\",\"name\":\"Blog do Farn\u00e9sio\",\"url\":\"https:\\\/\\\/blogdofarnesio.com.br\\\/\",\"logo\":{\"@type\":\"ImageObject\",\"inLanguage\":\"pt-BR\",\"@id\":\"https:\\\/\\\/blogdofarnesio.com.br\\\/#\\\/schema\\\/logo\\\/image\\\/\",\"url\":\"https:\\\/\\\/blogdofarnesio.com.br\\\/wp-content\\\/uploads\\\/2026\\\/03\\\/cropped-logo_new-1.png\",\"contentUrl\":\"https:\\\/\\\/blogdofarnesio.com.br\\\/wp-content\\\/uploads\\\/2026\\\/03\\\/cropped-logo_new-1.png\",\"width\":881,\"height\":685,\"caption\":\"Blog do Farn\u00e9sio\"},\"image\":{\"@id\":\"https:\\\/\\\/blogdofarnesio.com.br\\\/#\\\/schema\\\/logo\\\/image\\\/\"},\"sameAs\":[\"https:\\\/\\\/www.facebook.com\\\/BlogQuerSaberPolitica\\\/\"]},{\"@type\":\"Person\",\"@id\":\"https:\\\/\\\/blogdofarnesio.com.br\\\/#\\\/schema\\\/person\\\/bb9b23ae3ad0609ce8df7b6c9e76824d\",\"name\":\"Farn\u00e9sio\",\"image\":{\"@type\":\"ImageObject\",\"inLanguage\":\"pt-BR\",\"@id\":\"https:\\\/\\\/secure.gravatar.com\\\/avatar\\\/986aa4c61ccdb66f8555bf88fc2a65609d00bcabd4d2d94377a727547345cbca?s=96&d=mm&r=g\",\"url\":\"https:\\\/\\\/secure.gravatar.com\\\/avatar\\\/986aa4c61ccdb66f8555bf88fc2a65609d00bcabd4d2d94377a727547345cbca?s=96&d=mm&r=g\",\"contentUrl\":\"https:\\\/\\\/secure.gravatar.com\\\/avatar\\\/986aa4c61ccdb66f8555bf88fc2a65609d00bcabd4d2d94377a727547345cbca?s=96&d=mm&r=g\",\"caption\":\"Farn\u00e9sio\"},\"description\":\"Radialista blogueiro, chegou a Petrolina\\\/Juazeiro em setembro de 1980, Farn\u00e9sio Silva \u00e9 de Arapiraca-Alagoas.\",\"sameAs\":[\"http:\\\/\\\/blogdofarnesio.com.br\",\"https:\\\/\\\/www.facebook.com\\\/?ref=tn_tnmn\",\"https:\\\/\\\/www.instagram.com\\\/?utm_source=pwa_homescreen\",\"https:\\\/\\\/youtube.com.br\\\/\"],\"url\":\"https:\\\/\\\/blogdofarnesio.com.br\\\/?author=2\"}]}<\/script>\n<!-- \/ Yoast SEO plugin. -->","yoast_head_json":{"title":"Dia da Mulher: \u2018Procon para Todos\u2019 marcar\u00e1 presen\u00e7a no \"Mais amor por Elas\" nesta sexta feira - Blog do Farn\u00e9sio","robots":{"index":"index","follow":"follow","max-snippet":"max-snippet:-1","max-image-preview":"max-image-preview:large","max-video-preview":"max-video-preview:-1"},"canonical":"https:\/\/blogdofarnesio.com.br\/?p=362854","og_locale":"pt_BR","og_type":"article","og_title":"Dia da Mulher: \u2018Procon para Todos\u2019 marcar\u00e1 presen\u00e7a no \"Mais amor por Elas\" nesta sexta feira - Blog do Farn\u00e9sio","og_description":"Em comemora\u00e7\u00e3o ao Dia Internacional da Mulher, a gest\u00e3o Suzana Ramos est\u00e1 organizando uma programa\u00e7\u00e3o especial de homenagens e a\u00e7\u00f5es de combate \u00e0 viol\u00eancia contra a mulher, com o tema &#8220;Mais Amor por Elas&#8221;. As atividades, que se estendem durante todo o m\u00eas de mar\u00e7o, visam promover o bem-estar feminino e conscientizar a popula\u00e7\u00e3o sobre a import\u00e2ncia da igualdade de g\u00eanero. Na sexta-feira, 8 de mar\u00e7o, Dia Internacional da Mulher, o Procon, \u00f3rg\u00e3o vinculado \u00e0 Procuradoria Geral do Munic\u00edpio (PGM) participar\u00e1 da a\u00e7\u00e3o &#8220;Mais Amor por Elas&#8221; na Pra\u00e7a Imaculada Concei\u00e7\u00e3o (ao lado da Catedral), no Centro da cidade, das 14h \u00e0s 20h. A equipe do &#8220;Procon para Todos&#8221; estar\u00e1 presente para oferecer diversos servi\u00e7os \u00e0 popula\u00e7\u00e3o, como cartilhas informativas&hellip;","og_url":"https:\/\/blogdofarnesio.com.br\/?p=362854","og_site_name":"Blog do Farn\u00e9sio","article_publisher":"https:\/\/www.facebook.com\/BlogQuerSaberPolitica\/","article_author":"https:\/\/www.facebook.com\/?ref=tn_tnmn","article_published_time":"2024-03-08T10:42:56+00:00","og_image":[{"width":440,"height":436,"url":"https:\/\/blogdofarnesio.com.br\/wp-content\/uploads\/2024\/03\/WhatsApp-Image-2024-03-04-at-11.32.01-e1709591685717.jpeg","type":"image\/jpeg"}],"author":"Farn\u00e9sio","twitter_card":"summary_large_image","twitter_misc":{"Escrito por":"Farn\u00e9sio","Est. tempo de leitura":"2 minutos"},"schema":{"@context":"https:\/\/schema.org","@graph":[{"@type":"Article","@id":"https:\/\/blogdofarnesio.com.br\/?p=362854#article","isPartOf":{"@id":"https:\/\/blogdofarnesio.com.br\/?p=362854"},"author":{"name":"Farn\u00e9sio","@id":"https:\/\/blogdofarnesio.com.br\/#\/schema\/person\/bb9b23ae3ad0609ce8df7b6c9e76824d"},"headline":"Dia da Mulher: \u2018Procon para Todos\u2019 marcar\u00e1 presen\u00e7a no &#8220;Mais amor por Elas&#8221; nesta sexta feira","datePublished":"2024-03-08T10:42:56+00:00","mainEntityOfPage":{"@id":"https:\/\/blogdofarnesio.com.br\/?p=362854"},"wordCount":371,"commentCount":0,"publisher":{"@id":"https:\/\/blogdofarnesio.com.br\/#organization"},"image":{"@id":"https:\/\/blogdofarnesio.com.br\/?p=362854#primaryimage"},"thumbnailUrl":"https:\/\/blogdofarnesio.com.br\/wp-content\/uploads\/2024\/03\/WhatsApp-Image-2024-03-04-at-11.32.01-e1709591685717.jpeg","articleSection":["A\u00e7\u00e3o Social"],"inLanguage":"pt-BR","potentialAction":[{"@type":"CommentAction","name":"Comment","target":["https:\/\/blogdofarnesio.com.br\/?p=362854#respond"]}]},{"@type":"WebPage","@id":"https:\/\/blogdofarnesio.com.br\/?p=362854","url":"https:\/\/blogdofarnesio.com.br\/?p=362854","name":"Dia da Mulher: \u2018Procon para Todos\u2019 marcar\u00e1 presen\u00e7a no \"Mais amor por Elas\" nesta sexta feira - Blog do Farn\u00e9sio","isPartOf":{"@id":"https:\/\/blogdofarnesio.com.br\/#website"},"primaryImageOfPage":{"@id":"https:\/\/blogdofarnesio.com.br\/?p=362854#primaryimage"},"image":{"@id":"https:\/\/blogdofarnesio.com.br\/?p=362854#primaryimage"},"thumbnailUrl":"https:\/\/blogdofarnesio.com.br\/wp-content\/uploads\/2024\/03\/WhatsApp-Image-2024-03-04-at-11.32.01-e1709591685717.jpeg","datePublished":"2024-03-08T10:42:56+00:00","breadcrumb":{"@id":"https:\/\/blogdofarnesio.com.br\/?p=362854#breadcrumb"},"inLanguage":"pt-BR","potentialAction":[{"@type":"ReadAction","target":["https:\/\/blogdofarnesio.com.br\/?p=362854"]}]},{"@type":"ImageObject","inLanguage":"pt-BR","@id":"https:\/\/blogdofarnesio.com.br\/?p=362854#primaryimage","url":"https:\/\/blogdofarnesio.com.br\/wp-content\/uploads\/2024\/03\/WhatsApp-Image-2024-03-04-at-11.32.01-e1709591685717.jpeg","contentUrl":"https:\/\/blogdofarnesio.com.br\/wp-content\/uploads\/2024\/03\/WhatsApp-Image-2024-03-04-at-11.32.01-e1709591685717.jpeg","width":440,"height":436},{"@type":"BreadcrumbList","@id":"https:\/\/blogdofarnesio.com.br\/?p=362854#breadcrumb","itemListElement":[{"@type":"ListItem","position":1,"name":"In\u00edcio","item":"https:\/\/blogdofarnesio.com.br\/"},{"@type":"ListItem","position":2,"name":"Dia da Mulher: \u2018Procon para Todos\u2019 marcar\u00e1 presen\u00e7a no &#8220;Mais amor por Elas&#8221; nesta sexta feira"}]},{"@type":"WebSite","@id":"https:\/\/blogdofarnesio.com.br\/#website","url":"https:\/\/blogdofarnesio.com.br\/","name":"Blog do Farn\u00e9sio","description":"Quer Saber Pol\u00edtica?","publisher":{"@id":"https:\/\/blogdofarnesio.com.br\/#organization"},"potentialAction":[{"@type":"SearchAction","target":{"@type":"EntryPoint","urlTemplate":"https:\/\/blogdofarnesio.com.br\/?s={search_term_string}"},"query-input":{"@type":"PropertyValueSpecification","valueRequired":true,"valueName":"search_term_string"}}],"inLanguage":"pt-BR"},{"@type":"Organization","@id":"https:\/\/blogdofarnesio.com.br\/#organization","name":"Blog do Farn\u00e9sio","url":"https:\/\/blogdofarnesio.com.br\/","logo":{"@type":"ImageObject","inLanguage":"pt-BR","@id":"https:\/\/blogdofarnesio.com.br\/#\/schema\/logo\/image\/","url":"https:\/\/blogdofarnesio.com.br\/wp-content\/uploads\/2026\/03\/cropped-logo_new-1.png","contentUrl":"https:\/\/blogdofarnesio.com.br\/wp-content\/uploads\/2026\/03\/cropped-logo_new-1.png","width":881,"height":685,"caption":"Blog do Farn\u00e9sio"},"image":{"@id":"https:\/\/blogdofarnesio.com.br\/#\/schema\/logo\/image\/"},"sameAs":["https:\/\/www.facebook.com\/BlogQuerSaberPolitica\/"]},{"@type":"Person","@id":"https:\/\/blogdofarnesio.com.br\/#\/schema\/person\/bb9b23ae3ad0609ce8df7b6c9e76824d","name":"Farn\u00e9sio","image":{"@type":"ImageObject","inLanguage":"pt-BR","@id":"https:\/\/secure.gravatar.com\/avatar\/986aa4c61ccdb66f8555bf88fc2a65609d00bcabd4d2d94377a727547345cbca?s=96&d=mm&r=g","url":"https:\/\/secure.gravatar.com\/avatar\/986aa4c61ccdb66f8555bf88fc2a65609d00bcabd4d2d94377a727547345cbca?s=96&d=mm&r=g","contentUrl":"https:\/\/secure.gravatar.com\/avatar\/986aa4c61ccdb66f8555bf88fc2a65609d00bcabd4d2d94377a727547345cbca?s=96&d=mm&r=g","caption":"Farn\u00e9sio"},"description":"Radialista blogueiro, chegou a Petrolina\/Juazeiro em setembro de 1980, Farn\u00e9sio Silva \u00e9 de Arapiraca-Alagoas.","sameAs":["http:\/\/blogdofarnesio.com.br","https:\/\/www.facebook.com\/?ref=tn_tnmn","https:\/\/www.instagram.com\/?utm_source=pwa_homescreen","https:\/\/youtube.com.br\/"],"url":"https:\/\/blogdofarnesio.com.br\/?author=2"}]}},"_links":{"self":[{"href":"https:\/\/blogdofarnesio.com.br\/index.php?rest_route=\/wp\/v2\/posts\/362854","targetHints":{"allow":["GET"]}}],"collection":[{"href":"https:\/\/blogdofarnesio.com.br\/index.php?rest_route=\/wp\/v2\/posts"}],"about":[{"href":"https:\/\/blogdofarnesio.com.br\/index.php?rest_route=\/wp\/v2\/types\/post"}],"author":[{"embeddable":true,"href":"https:\/\/blogdofarnesio.com.br\/index.php?rest_route=\/wp\/v2\/users\/2"}],"replies":[{"embeddable":true,"href":"https:\/\/blogdofarnesio.com.br\/index.php?rest_route=%2Fwp%2Fv2%2Fcomments&post=362854"}],"version-history":[{"count":0,"href":"https:\/\/blogdofarnesio.com.br\/index.php?rest_route=\/wp\/v2\/posts\/362854\/revisions"}],"wp:featuredmedia":[{"embeddable":true,"href":"https:\/\/blogdofarnesio.com.br\/index.php?rest_route=\/wp\/v2\/media\/362855"}],"wp:attachment":[{"href":"https:\/\/blogdofarnesio.com.br\/index.php?rest_route=%2Fwp%2Fv2%2Fmedia&parent=362854"}],"wp:term":[{"taxonomy":"category","embeddable":true,"href":"https:\/\/blogdofarnesio.com.br\/index.php?rest_route=%2Fwp%2Fv2%2Fcategories&post=362854"},{"taxonomy":"post_tag","embeddable":true,"href":"https:\/\/blogdofarnesio.com.br\/index.php?rest_route=%2Fwp%2Fv2%2Ftags&post=362854"}],"curies":[{"name":"wp","href":"https:\/\/api.w.org\/{rel}","templated":true}]}}