{"id":36268,"date":"2013-04-16T17:00:35","date_gmt":"2013-04-16T20:00:35","guid":{"rendered":"http:\/\/www.quersaberpolitica.com.br\/?p=36268"},"modified":"2013-04-16T15:19:46","modified_gmt":"2013-04-16T18:19:46","slug":"ex-ministros-apresentam-oficio-a-favor-da-descriminalizacao-do-porte-de-drogas-para-consumo","status":"publish","type":"post","link":"https:\/\/blogdofarnesio.com.br\/?p=36268","title":{"rendered":"Ex-ministros apresentam of\u00edcio a favor da descriminaliza\u00e7\u00e3o do porte de drogas para consumo"},"content":{"rendered":"<div style=\"text-align: justify\"><img loading=\"lazy\" decoding=\"async\" class=\"alignleft\" alt=\"Ex-ministros apresentam of\u00edcio a favor da descriminaliza\u00e7\u00e3o do porte de drogas para consumo\" src=\"http:\/\/bahianoticias.com.br\/fotos\/principal_noticias\/134933\/IMAGEM_NOTICIA_5.jpg\" width=\"304\" height=\"224\" \/>Sete ex-ministros da Justi\u00e7a, dos governos Lula e Fernando Henrique, apresentam nesta ter\u00e7a-feira (16), ao ministro do Supremo Tribunal Federal (STF) Gilmar Mendes, um of\u00edcio a favor da descriminaliza\u00e7\u00e3o do porte de drogas para consumo pr\u00f3prio.<\/div>\n<div style=\"text-align: justify\"><\/div>\n<div style=\"text-align: justify\">Nelson Jobim, Jos\u00e9 Carlos Dias, Jos\u00e9 Gregori, Aloysio Nunes, Miguel Reale Junior, M\u00e1rcio Thomaz Bastos e Tarso Genro argumentam que \u201ccada cidad\u00e3o tem liberdade para construir seu pr\u00f3prio modo de vida desde que respeite o mesmo espa\u00e7o dos demais\u201d e que \u201cn\u00e3o \u00e9 leg\u00edtima a criminaliza\u00e7\u00e3o de comportamentos praticados dentro da esfera \u00edntima do indiv\u00edduo que n\u00e3o prejudiquem terceiros\u201d.<\/div>\n<div style=\"text-align: justify\"><\/div>\n<div style=\"text-align: justify\">\u201cTratar o usu\u00e1rio como cidad\u00e3o, oferecendo-lhe estrutura de tratamento, por meio de pol\u00edticas de redu\u00e7\u00e3o de danos, \u00e9 mais adequado do que estigmatiz\u00e1-lo como criminoso\u201d, diz o texto.\u00a0Gilmar Mendes \u00e9 o relator de um recurso que ganhou, em 2011, status de repercuss\u00e3o geral, cuja decis\u00e3o ser\u00e1 aplicada a todos os demais processos sobre o mesmo tema.<\/div>\n<div style=\"text-align: justify\">Informa\u00e7\u00f5es da Ag\u00eancia Brasil.<\/div>\n","protected":false},"excerpt":{"rendered":"<p>Sete ex-ministros da Justi\u00e7a, dos governos Lula e Fernando Henrique, apresentam nesta ter\u00e7a-feira (16), ao ministro do Supremo Tribunal Federal (STF) Gilmar Mendes, um of\u00edcio a favor da descriminaliza\u00e7\u00e3o do porte de drogas para consumo pr\u00f3prio. Nelson Jobim, Jos\u00e9 Carlos Dias, Jos\u00e9 Gregori, Aloysio Nunes, Miguel Reale Junior, M\u00e1rcio Thomaz Bastos e Tarso Genro argumentam que \u201ccada cidad\u00e3o tem liberdade para construir seu pr\u00f3prio modo de vida desde que respeite o mesmo espa\u00e7o dos demais\u201d e que \u201cn\u00e3o \u00e9 leg\u00edtima a criminaliza\u00e7\u00e3o de comportamentos praticados dentro da esfera \u00edntima do indiv\u00edduo que n\u00e3o prejudiquem terceiros\u201d. \u201cTratar o usu\u00e1rio como cidad\u00e3o, oferecendo-lhe estrutura de tratamento, por meio de pol\u00edticas de redu\u00e7\u00e3o de danos, \u00e9 mais adequado do que estigmatiz\u00e1-lo como criminoso\u201d,&hellip; <\/p>\n","protected":false},"author":3,"featured_media":0,"comment_status":"open","ping_status":"open","sticky":false,"template":"","format":"standard","meta":{"_acf_changed":false,"footnotes":""},"categories":[32,23],"tags":[],"class_list":["post-36268","post","type-post","status-publish","format-standard","hentry","category-costumes","category-justica"],"acf":[],"yoast_head":"<!-- This site is optimized with the Yoast SEO plugin v27.4 - https:\/\/yoast.com\/product\/yoast-seo-wordpress\/ -->\n<title>Ex-ministros apresentam of\u00edcio a favor da descriminaliza\u00e7\u00e3o do porte de drogas para consumo - Blog do Farn\u00e9sio<\/title>\n<meta name=\"robots\" content=\"index, follow, max-snippet:-1, max-image-preview:large, max-video-preview:-1\" \/>\n<link rel=\"canonical\" href=\"https:\/\/blogdofarnesio.com.br\/?p=36268\" \/>\n<meta property=\"og:locale\" content=\"pt_BR\" \/>\n<meta property=\"og:type\" content=\"article\" \/>\n<meta property=\"og:title\" content=\"Ex-ministros apresentam of\u00edcio a favor da descriminaliza\u00e7\u00e3o do porte de drogas para consumo - Blog do Farn\u00e9sio\" \/>\n<meta property=\"og:description\" content=\"Sete ex-ministros da Justi\u00e7a, dos governos Lula e Fernando Henrique, apresentam nesta ter\u00e7a-feira (16), ao ministro do Supremo Tribunal Federal (STF) Gilmar Mendes, um of\u00edcio a favor da descriminaliza\u00e7\u00e3o do porte de drogas para consumo pr\u00f3prio. Nelson Jobim, Jos\u00e9 Carlos Dias, Jos\u00e9 Gregori, Aloysio Nunes, Miguel Reale Junior, M\u00e1rcio Thomaz Bastos e Tarso Genro argumentam que \u201ccada cidad\u00e3o tem liberdade para construir seu pr\u00f3prio modo de vida desde que respeite o mesmo espa\u00e7o dos demais\u201d e que \u201cn\u00e3o \u00e9 leg\u00edtima a criminaliza\u00e7\u00e3o de comportamentos praticados dentro da esfera \u00edntima do indiv\u00edduo que n\u00e3o prejudiquem terceiros\u201d. \u201cTratar o usu\u00e1rio como cidad\u00e3o, oferecendo-lhe estrutura de tratamento, por meio de pol\u00edticas de redu\u00e7\u00e3o de danos, \u00e9 mais adequado do que estigmatiz\u00e1-lo como criminoso\u201d,&hellip;\" \/>\n<meta property=\"og:url\" content=\"https:\/\/blogdofarnesio.com.br\/?p=36268\" \/>\n<meta property=\"og:site_name\" content=\"Blog do Farn\u00e9sio\" \/>\n<meta property=\"article:publisher\" content=\"https:\/\/www.facebook.com\/BlogQuerSaberPolitica\/\" \/>\n<meta property=\"article:published_time\" content=\"2013-04-16T20:00:35+00:00\" \/>\n<meta property=\"og:image\" content=\"http:\/\/bahianoticias.com.br\/fotos\/principal_noticias\/134933\/IMAGEM_NOTICIA_5.jpg\" \/>\n<meta name=\"author\" content=\"teste\" \/>\n<meta name=\"twitter:card\" content=\"summary_large_image\" \/>\n<meta name=\"twitter:label1\" content=\"Escrito por\" \/>\n\t<meta name=\"twitter:data1\" content=\"teste\" \/>\n\t<meta name=\"twitter:label2\" content=\"Est. tempo de leitura\" \/>\n\t<meta name=\"twitter:data2\" content=\"1 minuto\" \/>\n<script type=\"application\/ld+json\" class=\"yoast-schema-graph\">{\"@context\":\"https:\\\/\\\/schema.org\",\"@graph\":[{\"@type\":\"Article\",\"@id\":\"https:\\\/\\\/blogdofarnesio.com.br\\\/?p=36268#article\",\"isPartOf\":{\"@id\":\"https:\\\/\\\/blogdofarnesio.com.br\\\/?p=36268\"},\"author\":{\"name\":\"teste\",\"@id\":\"https:\\\/\\\/blogdofarnesio.com.br\\\/#\\\/schema\\\/person\\\/dd1bf5eba40b687199ba45ca6b97dff9\"},\"headline\":\"Ex-ministros apresentam of\u00edcio a favor da descriminaliza\u00e7\u00e3o do porte de drogas para consumo\",\"datePublished\":\"2013-04-16T20:00:35+00:00\",\"mainEntityOfPage\":{\"@id\":\"https:\\\/\\\/blogdofarnesio.com.br\\\/?p=36268\"},\"wordCount\":189,\"commentCount\":0,\"publisher\":{\"@id\":\"https:\\\/\\\/blogdofarnesio.com.br\\\/#organization\"},\"image\":{\"@id\":\"https:\\\/\\\/blogdofarnesio.com.br\\\/?p=36268#primaryimage\"},\"thumbnailUrl\":\"http:\\\/\\\/bahianoticias.com.br\\\/fotos\\\/principal_noticias\\\/134933\\\/IMAGEM_NOTICIA_5.jpg\",\"articleSection\":[\"Costumes\",\"Justi\u00e7a\"],\"inLanguage\":\"pt-BR\",\"potentialAction\":[{\"@type\":\"CommentAction\",\"name\":\"Comment\",\"target\":[\"https:\\\/\\\/blogdofarnesio.com.br\\\/?p=36268#respond\"]}]},{\"@type\":\"WebPage\",\"@id\":\"https:\\\/\\\/blogdofarnesio.com.br\\\/?p=36268\",\"url\":\"https:\\\/\\\/blogdofarnesio.com.br\\\/?p=36268\",\"name\":\"Ex-ministros apresentam of\u00edcio a favor da descriminaliza\u00e7\u00e3o do porte de drogas para consumo - Blog do Farn\u00e9sio\",\"isPartOf\":{\"@id\":\"https:\\\/\\\/blogdofarnesio.com.br\\\/#website\"},\"primaryImageOfPage\":{\"@id\":\"https:\\\/\\\/blogdofarnesio.com.br\\\/?p=36268#primaryimage\"},\"image\":{\"@id\":\"https:\\\/\\\/blogdofarnesio.com.br\\\/?p=36268#primaryimage\"},\"thumbnailUrl\":\"http:\\\/\\\/bahianoticias.com.br\\\/fotos\\\/principal_noticias\\\/134933\\\/IMAGEM_NOTICIA_5.jpg\",\"datePublished\":\"2013-04-16T20:00:35+00:00\",\"breadcrumb\":{\"@id\":\"https:\\\/\\\/blogdofarnesio.com.br\\\/?p=36268#breadcrumb\"},\"inLanguage\":\"pt-BR\",\"potentialAction\":[{\"@type\":\"ReadAction\",\"target\":[\"https:\\\/\\\/blogdofarnesio.com.br\\\/?p=36268\"]}]},{\"@type\":\"ImageObject\",\"inLanguage\":\"pt-BR\",\"@id\":\"https:\\\/\\\/blogdofarnesio.com.br\\\/?p=36268#primaryimage\",\"url\":\"http:\\\/\\\/bahianoticias.com.br\\\/fotos\\\/principal_noticias\\\/134933\\\/IMAGEM_NOTICIA_5.jpg\",\"contentUrl\":\"http:\\\/\\\/bahianoticias.com.br\\\/fotos\\\/principal_noticias\\\/134933\\\/IMAGEM_NOTICIA_5.jpg\"},{\"@type\":\"BreadcrumbList\",\"@id\":\"https:\\\/\\\/blogdofarnesio.com.br\\\/?p=36268#breadcrumb\",\"itemListElement\":[{\"@type\":\"ListItem\",\"position\":1,\"name\":\"In\u00edcio\",\"item\":\"https:\\\/\\\/blogdofarnesio.com.br\\\/\"},{\"@type\":\"ListItem\",\"position\":2,\"name\":\"Ex-ministros apresentam of\u00edcio a favor da descriminaliza\u00e7\u00e3o do porte de drogas para consumo\"}]},{\"@type\":\"WebSite\",\"@id\":\"https:\\\/\\\/blogdofarnesio.com.br\\\/#website\",\"url\":\"https:\\\/\\\/blogdofarnesio.com.br\\\/\",\"name\":\"Blog do Farn\u00e9sio\",\"description\":\"Quer Saber Pol\u00edtica?\",\"publisher\":{\"@id\":\"https:\\\/\\\/blogdofarnesio.com.br\\\/#organization\"},\"potentialAction\":[{\"@type\":\"SearchAction\",\"target\":{\"@type\":\"EntryPoint\",\"urlTemplate\":\"https:\\\/\\\/blogdofarnesio.com.br\\\/?s={search_term_string}\"},\"query-input\":{\"@type\":\"PropertyValueSpecification\",\"valueRequired\":true,\"valueName\":\"search_term_string\"}}],\"inLanguage\":\"pt-BR\"},{\"@type\":\"Organization\",\"@id\":\"https:\\\/\\\/blogdofarnesio.com.br\\\/#organization\",\"name\":\"Blog do Farn\u00e9sio\",\"url\":\"https:\\\/\\\/blogdofarnesio.com.br\\\/\",\"logo\":{\"@type\":\"ImageObject\",\"inLanguage\":\"pt-BR\",\"@id\":\"https:\\\/\\\/blogdofarnesio.com.br\\\/#\\\/schema\\\/logo\\\/image\\\/\",\"url\":\"https:\\\/\\\/blogdofarnesio.com.br\\\/wp-content\\\/uploads\\\/2026\\\/03\\\/cropped-logo_new-1.png\",\"contentUrl\":\"https:\\\/\\\/blogdofarnesio.com.br\\\/wp-content\\\/uploads\\\/2026\\\/03\\\/cropped-logo_new-1.png\",\"width\":881,\"height\":685,\"caption\":\"Blog do Farn\u00e9sio\"},\"image\":{\"@id\":\"https:\\\/\\\/blogdofarnesio.com.br\\\/#\\\/schema\\\/logo\\\/image\\\/\"},\"sameAs\":[\"https:\\\/\\\/www.facebook.com\\\/BlogQuerSaberPolitica\\\/\"]},{\"@type\":\"Person\",\"@id\":\"https:\\\/\\\/blogdofarnesio.com.br\\\/#\\\/schema\\\/person\\\/dd1bf5eba40b687199ba45ca6b97dff9\",\"name\":\"teste\",\"image\":{\"@type\":\"ImageObject\",\"inLanguage\":\"pt-BR\",\"@id\":\"https:\\\/\\\/secure.gravatar.com\\\/avatar\\\/2172498d4914b51e1d89a0f97957b035ac4938723a5cac208135d389b6972a6d?s=96&d=mm&r=g\",\"url\":\"https:\\\/\\\/secure.gravatar.com\\\/avatar\\\/2172498d4914b51e1d89a0f97957b035ac4938723a5cac208135d389b6972a6d?s=96&d=mm&r=g\",\"contentUrl\":\"https:\\\/\\\/secure.gravatar.com\\\/avatar\\\/2172498d4914b51e1d89a0f97957b035ac4938723a5cac208135d389b6972a6d?s=96&d=mm&r=g\",\"caption\":\"teste\"},\"url\":\"https:\\\/\\\/blogdofarnesio.com.br\\\/?author=3\"}]}<\/script>\n<!-- \/ Yoast SEO plugin. -->","yoast_head_json":{"title":"Ex-ministros apresentam of\u00edcio a favor da descriminaliza\u00e7\u00e3o do porte de drogas para consumo - Blog do Farn\u00e9sio","robots":{"index":"index","follow":"follow","max-snippet":"max-snippet:-1","max-image-preview":"max-image-preview:large","max-video-preview":"max-video-preview:-1"},"canonical":"https:\/\/blogdofarnesio.com.br\/?p=36268","og_locale":"pt_BR","og_type":"article","og_title":"Ex-ministros apresentam of\u00edcio a favor da descriminaliza\u00e7\u00e3o do porte de drogas para consumo - Blog do Farn\u00e9sio","og_description":"Sete ex-ministros da Justi\u00e7a, dos governos Lula e Fernando Henrique, apresentam nesta ter\u00e7a-feira (16), ao ministro do Supremo Tribunal Federal (STF) Gilmar Mendes, um of\u00edcio a favor da descriminaliza\u00e7\u00e3o do porte de drogas para consumo pr\u00f3prio. Nelson Jobim, Jos\u00e9 Carlos Dias, Jos\u00e9 Gregori, Aloysio Nunes, Miguel Reale Junior, M\u00e1rcio Thomaz Bastos e Tarso Genro argumentam que \u201ccada cidad\u00e3o tem liberdade para construir seu pr\u00f3prio modo de vida desde que respeite o mesmo espa\u00e7o dos demais\u201d e que \u201cn\u00e3o \u00e9 leg\u00edtima a criminaliza\u00e7\u00e3o de comportamentos praticados dentro da esfera \u00edntima do indiv\u00edduo que n\u00e3o prejudiquem terceiros\u201d. \u201cTratar o usu\u00e1rio como cidad\u00e3o, oferecendo-lhe estrutura de tratamento, por meio de pol\u00edticas de redu\u00e7\u00e3o de danos, \u00e9 mais adequado do que estigmatiz\u00e1-lo como criminoso\u201d,&hellip;","og_url":"https:\/\/blogdofarnesio.com.br\/?p=36268","og_site_name":"Blog do Farn\u00e9sio","article_publisher":"https:\/\/www.facebook.com\/BlogQuerSaberPolitica\/","article_published_time":"2013-04-16T20:00:35+00:00","og_image":[{"url":"http:\/\/bahianoticias.com.br\/fotos\/principal_noticias\/134933\/IMAGEM_NOTICIA_5.jpg","type":"","width":"","height":""}],"author":"teste","twitter_card":"summary_large_image","twitter_misc":{"Escrito por":"teste","Est. tempo de leitura":"1 minuto"},"schema":{"@context":"https:\/\/schema.org","@graph":[{"@type":"Article","@id":"https:\/\/blogdofarnesio.com.br\/?p=36268#article","isPartOf":{"@id":"https:\/\/blogdofarnesio.com.br\/?p=36268"},"author":{"name":"teste","@id":"https:\/\/blogdofarnesio.com.br\/#\/schema\/person\/dd1bf5eba40b687199ba45ca6b97dff9"},"headline":"Ex-ministros apresentam of\u00edcio a favor da descriminaliza\u00e7\u00e3o do porte de drogas para consumo","datePublished":"2013-04-16T20:00:35+00:00","mainEntityOfPage":{"@id":"https:\/\/blogdofarnesio.com.br\/?p=36268"},"wordCount":189,"commentCount":0,"publisher":{"@id":"https:\/\/blogdofarnesio.com.br\/#organization"},"image":{"@id":"https:\/\/blogdofarnesio.com.br\/?p=36268#primaryimage"},"thumbnailUrl":"http:\/\/bahianoticias.com.br\/fotos\/principal_noticias\/134933\/IMAGEM_NOTICIA_5.jpg","articleSection":["Costumes","Justi\u00e7a"],"inLanguage":"pt-BR","potentialAction":[{"@type":"CommentAction","name":"Comment","target":["https:\/\/blogdofarnesio.com.br\/?p=36268#respond"]}]},{"@type":"WebPage","@id":"https:\/\/blogdofarnesio.com.br\/?p=36268","url":"https:\/\/blogdofarnesio.com.br\/?p=36268","name":"Ex-ministros apresentam of\u00edcio a favor da descriminaliza\u00e7\u00e3o do porte de drogas para consumo - Blog do Farn\u00e9sio","isPartOf":{"@id":"https:\/\/blogdofarnesio.com.br\/#website"},"primaryImageOfPage":{"@id":"https:\/\/blogdofarnesio.com.br\/?p=36268#primaryimage"},"image":{"@id":"https:\/\/blogdofarnesio.com.br\/?p=36268#primaryimage"},"thumbnailUrl":"http:\/\/bahianoticias.com.br\/fotos\/principal_noticias\/134933\/IMAGEM_NOTICIA_5.jpg","datePublished":"2013-04-16T20:00:35+00:00","breadcrumb":{"@id":"https:\/\/blogdofarnesio.com.br\/?p=36268#breadcrumb"},"inLanguage":"pt-BR","potentialAction":[{"@type":"ReadAction","target":["https:\/\/blogdofarnesio.com.br\/?p=36268"]}]},{"@type":"ImageObject","inLanguage":"pt-BR","@id":"https:\/\/blogdofarnesio.com.br\/?p=36268#primaryimage","url":"http:\/\/bahianoticias.com.br\/fotos\/principal_noticias\/134933\/IMAGEM_NOTICIA_5.jpg","contentUrl":"http:\/\/bahianoticias.com.br\/fotos\/principal_noticias\/134933\/IMAGEM_NOTICIA_5.jpg"},{"@type":"BreadcrumbList","@id":"https:\/\/blogdofarnesio.com.br\/?p=36268#breadcrumb","itemListElement":[{"@type":"ListItem","position":1,"name":"In\u00edcio","item":"https:\/\/blogdofarnesio.com.br\/"},{"@type":"ListItem","position":2,"name":"Ex-ministros apresentam of\u00edcio a favor da descriminaliza\u00e7\u00e3o do porte de drogas para consumo"}]},{"@type":"WebSite","@id":"https:\/\/blogdofarnesio.com.br\/#website","url":"https:\/\/blogdofarnesio.com.br\/","name":"Blog do Farn\u00e9sio","description":"Quer Saber Pol\u00edtica?","publisher":{"@id":"https:\/\/blogdofarnesio.com.br\/#organization"},"potentialAction":[{"@type":"SearchAction","target":{"@type":"EntryPoint","urlTemplate":"https:\/\/blogdofarnesio.com.br\/?s={search_term_string}"},"query-input":{"@type":"PropertyValueSpecification","valueRequired":true,"valueName":"search_term_string"}}],"inLanguage":"pt-BR"},{"@type":"Organization","@id":"https:\/\/blogdofarnesio.com.br\/#organization","name":"Blog do Farn\u00e9sio","url":"https:\/\/blogdofarnesio.com.br\/","logo":{"@type":"ImageObject","inLanguage":"pt-BR","@id":"https:\/\/blogdofarnesio.com.br\/#\/schema\/logo\/image\/","url":"https:\/\/blogdofarnesio.com.br\/wp-content\/uploads\/2026\/03\/cropped-logo_new-1.png","contentUrl":"https:\/\/blogdofarnesio.com.br\/wp-content\/uploads\/2026\/03\/cropped-logo_new-1.png","width":881,"height":685,"caption":"Blog do Farn\u00e9sio"},"image":{"@id":"https:\/\/blogdofarnesio.com.br\/#\/schema\/logo\/image\/"},"sameAs":["https:\/\/www.facebook.com\/BlogQuerSaberPolitica\/"]},{"@type":"Person","@id":"https:\/\/blogdofarnesio.com.br\/#\/schema\/person\/dd1bf5eba40b687199ba45ca6b97dff9","name":"teste","image":{"@type":"ImageObject","inLanguage":"pt-BR","@id":"https:\/\/secure.gravatar.com\/avatar\/2172498d4914b51e1d89a0f97957b035ac4938723a5cac208135d389b6972a6d?s=96&d=mm&r=g","url":"https:\/\/secure.gravatar.com\/avatar\/2172498d4914b51e1d89a0f97957b035ac4938723a5cac208135d389b6972a6d?s=96&d=mm&r=g","contentUrl":"https:\/\/secure.gravatar.com\/avatar\/2172498d4914b51e1d89a0f97957b035ac4938723a5cac208135d389b6972a6d?s=96&d=mm&r=g","caption":"teste"},"url":"https:\/\/blogdofarnesio.com.br\/?author=3"}]}},"_links":{"self":[{"href":"https:\/\/blogdofarnesio.com.br\/index.php?rest_route=\/wp\/v2\/posts\/36268","targetHints":{"allow":["GET"]}}],"collection":[{"href":"https:\/\/blogdofarnesio.com.br\/index.php?rest_route=\/wp\/v2\/posts"}],"about":[{"href":"https:\/\/blogdofarnesio.com.br\/index.php?rest_route=\/wp\/v2\/types\/post"}],"author":[{"embeddable":true,"href":"https:\/\/blogdofarnesio.com.br\/index.php?rest_route=\/wp\/v2\/users\/3"}],"replies":[{"embeddable":true,"href":"https:\/\/blogdofarnesio.com.br\/index.php?rest_route=%2Fwp%2Fv2%2Fcomments&post=36268"}],"version-history":[{"count":0,"href":"https:\/\/blogdofarnesio.com.br\/index.php?rest_route=\/wp\/v2\/posts\/36268\/revisions"}],"wp:attachment":[{"href":"https:\/\/blogdofarnesio.com.br\/index.php?rest_route=%2Fwp%2Fv2%2Fmedia&parent=36268"}],"wp:term":[{"taxonomy":"category","embeddable":true,"href":"https:\/\/blogdofarnesio.com.br\/index.php?rest_route=%2Fwp%2Fv2%2Fcategories&post=36268"},{"taxonomy":"post_tag","embeddable":true,"href":"https:\/\/blogdofarnesio.com.br\/index.php?rest_route=%2Fwp%2Fv2%2Ftags&post=36268"}],"curies":[{"name":"wp","href":"https:\/\/api.w.org\/{rel}","templated":true}]}}