{"id":362474,"date":"2024-02-29T09:22:42","date_gmt":"2024-02-29T12:22:42","guid":{"rendered":"https:\/\/blogdofarnesio.com.br\/?p=362474"},"modified":"2024-02-28T17:09:00","modified_gmt":"2024-02-28T20:09:00","slug":"em-petrolina-escolas-municipais-promovem-atividades-ludicas-de-combate-a-dengue","status":"publish","type":"post","link":"https:\/\/blogdofarnesio.com.br\/?p=362474","title":{"rendered":"Em Petrolina escolas municipais promovem atividades l\u00fadicas de combate \u00e0 dengue"},"content":{"rendered":"<p>Eliminar os criadouros do mosquito transmissor da Dengue, Zika e Chikungunya se tornou uma pr\u00e1tica frequente na Escolas Municipais de Petrolina. Desde 2017, diversas a\u00e7\u00f5es de combate ao Aedes aegypti s\u00e3o desenvolvidas em parceria com toda comunidade escolar.<\/p>\n<p>As atividades fazem parte do projeto \u201cSa\u00fade na Escola\u201d e \u00e9 promovido pela Prefeitura de Petrolina, por meio da Secretaria de Educa\u00e7\u00e3o, Cultura e Esportes e Secretaria de Sa\u00fade. O objetivo \u00e9 mobilizar os alunos da Educa\u00e7\u00e3o Infantil e Ensino Fundamental para que sejam multiplicadores de informa\u00e7\u00f5es aos pais e familiares, quanto ao cuidado com a prolifera\u00e7\u00e3o do inseto.<\/p>\n<p>Dentro do cronograma de atividades que ser\u00e3o trabalhadas durante o ano, est\u00e3o: palestras com Agentes de Endemias; atividades com desenhos, produ\u00e7\u00f5es de textos e par\u00f3dias; Confec\u00e7\u00e3o e exposi\u00e7\u00e3o do mosquito, utilizando materiais recicl\u00e1veis; Concurso de desenhos e textos; exibi\u00e7\u00e3o de v\u00eddeos; gincana, entre outras atividades para que os alunos compreendam as formas de cont\u00e1gio, preven\u00e7\u00e3o, cuidados e sintomas da doen\u00e7a.<\/p>\n<p>Durante as a\u00e7\u00f5es, os estudantes tamb\u00e9m saem pela escola para procurar poss\u00edveis criadouros do mosquito e alertar os profissionais para elimin\u00e1-los. Esse trabalho refor\u00e7a a potencialidade, desenvolve o cognitivo e promove maior socializa\u00e7\u00e3o entre os alunos.<\/p>\n<p>Para a professora da Escola Municipal Maria Soledade Alves, Juciara Maira dos Santos, as crian\u00e7as e os jovens t\u00eam um poder transformador dentro da sociedade. \u201c\u00c9 por meio da educa\u00e7\u00e3o que n\u00f3s vamos potencializar o combate ao mosquito.<\/p>\n<p>Estar presente nas unidades, levando a informa\u00e7\u00e3o de forma l\u00fadica como m\u00e9todo de conscientiza\u00e7\u00e3o contra dengue e demais arboviroses \u00e0s crian\u00e7as, sempre muito atentas e interessadas, faz com que elas levem o aprendizado para casa, conversem com os pais, av\u00f3s, um tio ou tia, tornando-os multiplicadores das a\u00e7\u00f5es. Assim, buscamos prevenir e informar a popula\u00e7\u00e3o contra o mosquito\u201d, comentou Juciara.<\/p>\n<p>&nbsp;<\/p>\n","protected":false},"excerpt":{"rendered":"<p>Eliminar os criadouros do mosquito transmissor da Dengue, Zika e Chikungunya se tornou uma pr\u00e1tica frequente na Escolas Municipais de Petrolina. Desde 2017, diversas a\u00e7\u00f5es de combate ao Aedes aegypti s\u00e3o desenvolvidas em parceria com toda comunidade escolar. As atividades fazem parte do projeto \u201cSa\u00fade na Escola\u201d e \u00e9 promovido pela Prefeitura de Petrolina, por meio da Secretaria de Educa\u00e7\u00e3o, Cultura e Esportes e Secretaria de Sa\u00fade. O objetivo \u00e9 mobilizar os alunos da Educa\u00e7\u00e3o Infantil e Ensino Fundamental para que sejam multiplicadores de informa\u00e7\u00f5es aos pais e familiares, quanto ao cuidado com a prolifera\u00e7\u00e3o do inseto. Dentro do cronograma de atividades que ser\u00e3o trabalhadas durante o ano, est\u00e3o: palestras com Agentes de Endemias; atividades com desenhos, produ\u00e7\u00f5es de textos&hellip; <\/p>\n","protected":false},"author":2,"featured_media":362476,"comment_status":"open","ping_status":"open","sticky":false,"template":"","format":"standard","meta":{"_acf_changed":false,"footnotes":""},"categories":[6,4],"tags":[],"class_list":["post-362474","post","type-post","status-publish","format-standard","has-post-thumbnail","hentry","category-educacao","category-saude"],"acf":[],"yoast_head":"<!-- This site is optimized with the Yoast SEO plugin v27.4 - https:\/\/yoast.com\/product\/yoast-seo-wordpress\/ -->\n<title>Em Petrolina escolas municipais promovem atividades l\u00fadicas de combate \u00e0 dengue - Blog do Farn\u00e9sio<\/title>\n<meta name=\"robots\" content=\"index, follow, max-snippet:-1, max-image-preview:large, max-video-preview:-1\" \/>\n<link rel=\"canonical\" href=\"https:\/\/blogdofarnesio.com.br\/?p=362474\" \/>\n<meta property=\"og:locale\" content=\"pt_BR\" \/>\n<meta property=\"og:type\" content=\"article\" \/>\n<meta property=\"og:title\" content=\"Em Petrolina escolas municipais promovem atividades l\u00fadicas de combate \u00e0 dengue - Blog do Farn\u00e9sio\" \/>\n<meta property=\"og:description\" content=\"Eliminar os criadouros do mosquito transmissor da Dengue, Zika e Chikungunya se tornou uma pr\u00e1tica frequente na Escolas Municipais de Petrolina. Desde 2017, diversas a\u00e7\u00f5es de combate ao Aedes aegypti s\u00e3o desenvolvidas em parceria com toda comunidade escolar. As atividades fazem parte do projeto \u201cSa\u00fade na Escola\u201d e \u00e9 promovido pela Prefeitura de Petrolina, por meio da Secretaria de Educa\u00e7\u00e3o, Cultura e Esportes e Secretaria de Sa\u00fade. O objetivo \u00e9 mobilizar os alunos da Educa\u00e7\u00e3o Infantil e Ensino Fundamental para que sejam multiplicadores de informa\u00e7\u00f5es aos pais e familiares, quanto ao cuidado com a prolifera\u00e7\u00e3o do inseto. Dentro do cronograma de atividades que ser\u00e3o trabalhadas durante o ano, est\u00e3o: palestras com Agentes de Endemias; atividades com desenhos, produ\u00e7\u00f5es de textos&hellip;\" \/>\n<meta property=\"og:url\" content=\"https:\/\/blogdofarnesio.com.br\/?p=362474\" \/>\n<meta property=\"og:site_name\" content=\"Blog do Farn\u00e9sio\" \/>\n<meta property=\"article:publisher\" content=\"https:\/\/www.facebook.com\/BlogQuerSaberPolitica\/\" \/>\n<meta property=\"article:author\" content=\"https:\/\/www.facebook.com\/?ref=tn_tnmn\" \/>\n<meta property=\"article:published_time\" content=\"2024-02-29T12:22:42+00:00\" \/>\n<meta property=\"og:image\" content=\"https:\/\/blogdofarnesio.com.br\/wp-content\/uploads\/2024\/02\/acoes-dengue3-e1709137069167.jpeg\" \/>\n\t<meta property=\"og:image:width\" content=\"555\" \/>\n\t<meta property=\"og:image:height\" content=\"466\" \/>\n\t<meta property=\"og:image:type\" content=\"image\/jpeg\" \/>\n<meta name=\"author\" content=\"Farn\u00e9sio\" \/>\n<meta name=\"twitter:card\" content=\"summary_large_image\" \/>\n<meta name=\"twitter:label1\" content=\"Escrito por\" \/>\n\t<meta name=\"twitter:data1\" content=\"Farn\u00e9sio\" \/>\n\t<meta name=\"twitter:label2\" content=\"Est. tempo de leitura\" \/>\n\t<meta name=\"twitter:data2\" content=\"2 minutos\" \/>\n<script type=\"application\/ld+json\" class=\"yoast-schema-graph\">{\"@context\":\"https:\\\/\\\/schema.org\",\"@graph\":[{\"@type\":\"Article\",\"@id\":\"https:\\\/\\\/blogdofarnesio.com.br\\\/?p=362474#article\",\"isPartOf\":{\"@id\":\"https:\\\/\\\/blogdofarnesio.com.br\\\/?p=362474\"},\"author\":{\"name\":\"Farn\u00e9sio\",\"@id\":\"https:\\\/\\\/blogdofarnesio.com.br\\\/#\\\/schema\\\/person\\\/bb9b23ae3ad0609ce8df7b6c9e76824d\"},\"headline\":\"Em Petrolina escolas municipais promovem atividades l\u00fadicas de combate \u00e0 dengue\",\"datePublished\":\"2024-02-29T12:22:42+00:00\",\"mainEntityOfPage\":{\"@id\":\"https:\\\/\\\/blogdofarnesio.com.br\\\/?p=362474\"},\"wordCount\":338,\"commentCount\":0,\"publisher\":{\"@id\":\"https:\\\/\\\/blogdofarnesio.com.br\\\/#organization\"},\"image\":{\"@id\":\"https:\\\/\\\/blogdofarnesio.com.br\\\/?p=362474#primaryimage\"},\"thumbnailUrl\":\"https:\\\/\\\/blogdofarnesio.com.br\\\/wp-content\\\/uploads\\\/2024\\\/02\\\/acoes-dengue3-e1709137069167.jpeg\",\"articleSection\":[\"Educa\u00e7\u00e3o\",\"Sa\u00fade\"],\"inLanguage\":\"pt-BR\",\"potentialAction\":[{\"@type\":\"CommentAction\",\"name\":\"Comment\",\"target\":[\"https:\\\/\\\/blogdofarnesio.com.br\\\/?p=362474#respond\"]}]},{\"@type\":\"WebPage\",\"@id\":\"https:\\\/\\\/blogdofarnesio.com.br\\\/?p=362474\",\"url\":\"https:\\\/\\\/blogdofarnesio.com.br\\\/?p=362474\",\"name\":\"Em Petrolina escolas municipais promovem atividades l\u00fadicas de combate \u00e0 dengue - Blog do Farn\u00e9sio\",\"isPartOf\":{\"@id\":\"https:\\\/\\\/blogdofarnesio.com.br\\\/#website\"},\"primaryImageOfPage\":{\"@id\":\"https:\\\/\\\/blogdofarnesio.com.br\\\/?p=362474#primaryimage\"},\"image\":{\"@id\":\"https:\\\/\\\/blogdofarnesio.com.br\\\/?p=362474#primaryimage\"},\"thumbnailUrl\":\"https:\\\/\\\/blogdofarnesio.com.br\\\/wp-content\\\/uploads\\\/2024\\\/02\\\/acoes-dengue3-e1709137069167.jpeg\",\"datePublished\":\"2024-02-29T12:22:42+00:00\",\"breadcrumb\":{\"@id\":\"https:\\\/\\\/blogdofarnesio.com.br\\\/?p=362474#breadcrumb\"},\"inLanguage\":\"pt-BR\",\"potentialAction\":[{\"@type\":\"ReadAction\",\"target\":[\"https:\\\/\\\/blogdofarnesio.com.br\\\/?p=362474\"]}]},{\"@type\":\"ImageObject\",\"inLanguage\":\"pt-BR\",\"@id\":\"https:\\\/\\\/blogdofarnesio.com.br\\\/?p=362474#primaryimage\",\"url\":\"https:\\\/\\\/blogdofarnesio.com.br\\\/wp-content\\\/uploads\\\/2024\\\/02\\\/acoes-dengue3-e1709137069167.jpeg\",\"contentUrl\":\"https:\\\/\\\/blogdofarnesio.com.br\\\/wp-content\\\/uploads\\\/2024\\\/02\\\/acoes-dengue3-e1709137069167.jpeg\",\"width\":555,\"height\":466},{\"@type\":\"BreadcrumbList\",\"@id\":\"https:\\\/\\\/blogdofarnesio.com.br\\\/?p=362474#breadcrumb\",\"itemListElement\":[{\"@type\":\"ListItem\",\"position\":1,\"name\":\"In\u00edcio\",\"item\":\"https:\\\/\\\/blogdofarnesio.com.br\\\/\"},{\"@type\":\"ListItem\",\"position\":2,\"name\":\"Em Petrolina escolas municipais promovem atividades l\u00fadicas de combate \u00e0 dengue\"}]},{\"@type\":\"WebSite\",\"@id\":\"https:\\\/\\\/blogdofarnesio.com.br\\\/#website\",\"url\":\"https:\\\/\\\/blogdofarnesio.com.br\\\/\",\"name\":\"Blog do Farn\u00e9sio\",\"description\":\"Quer Saber Pol\u00edtica?\",\"publisher\":{\"@id\":\"https:\\\/\\\/blogdofarnesio.com.br\\\/#organization\"},\"potentialAction\":[{\"@type\":\"SearchAction\",\"target\":{\"@type\":\"EntryPoint\",\"urlTemplate\":\"https:\\\/\\\/blogdofarnesio.com.br\\\/?s={search_term_string}\"},\"query-input\":{\"@type\":\"PropertyValueSpecification\",\"valueRequired\":true,\"valueName\":\"search_term_string\"}}],\"inLanguage\":\"pt-BR\"},{\"@type\":\"Organization\",\"@id\":\"https:\\\/\\\/blogdofarnesio.com.br\\\/#organization\",\"name\":\"Blog do Farn\u00e9sio\",\"url\":\"https:\\\/\\\/blogdofarnesio.com.br\\\/\",\"logo\":{\"@type\":\"ImageObject\",\"inLanguage\":\"pt-BR\",\"@id\":\"https:\\\/\\\/blogdofarnesio.com.br\\\/#\\\/schema\\\/logo\\\/image\\\/\",\"url\":\"https:\\\/\\\/blogdofarnesio.com.br\\\/wp-content\\\/uploads\\\/2026\\\/03\\\/cropped-logo_new-1.png\",\"contentUrl\":\"https:\\\/\\\/blogdofarnesio.com.br\\\/wp-content\\\/uploads\\\/2026\\\/03\\\/cropped-logo_new-1.png\",\"width\":881,\"height\":685,\"caption\":\"Blog do Farn\u00e9sio\"},\"image\":{\"@id\":\"https:\\\/\\\/blogdofarnesio.com.br\\\/#\\\/schema\\\/logo\\\/image\\\/\"},\"sameAs\":[\"https:\\\/\\\/www.facebook.com\\\/BlogQuerSaberPolitica\\\/\"]},{\"@type\":\"Person\",\"@id\":\"https:\\\/\\\/blogdofarnesio.com.br\\\/#\\\/schema\\\/person\\\/bb9b23ae3ad0609ce8df7b6c9e76824d\",\"name\":\"Farn\u00e9sio\",\"image\":{\"@type\":\"ImageObject\",\"inLanguage\":\"pt-BR\",\"@id\":\"https:\\\/\\\/secure.gravatar.com\\\/avatar\\\/986aa4c61ccdb66f8555bf88fc2a65609d00bcabd4d2d94377a727547345cbca?s=96&d=mm&r=g\",\"url\":\"https:\\\/\\\/secure.gravatar.com\\\/avatar\\\/986aa4c61ccdb66f8555bf88fc2a65609d00bcabd4d2d94377a727547345cbca?s=96&d=mm&r=g\",\"contentUrl\":\"https:\\\/\\\/secure.gravatar.com\\\/avatar\\\/986aa4c61ccdb66f8555bf88fc2a65609d00bcabd4d2d94377a727547345cbca?s=96&d=mm&r=g\",\"caption\":\"Farn\u00e9sio\"},\"description\":\"Radialista blogueiro, chegou a Petrolina\\\/Juazeiro em setembro de 1980, Farn\u00e9sio Silva \u00e9 de Arapiraca-Alagoas.\",\"sameAs\":[\"http:\\\/\\\/blogdofarnesio.com.br\",\"https:\\\/\\\/www.facebook.com\\\/?ref=tn_tnmn\",\"https:\\\/\\\/www.instagram.com\\\/?utm_source=pwa_homescreen\",\"https:\\\/\\\/youtube.com.br\\\/\"],\"url\":\"https:\\\/\\\/blogdofarnesio.com.br\\\/?author=2\"}]}<\/script>\n<!-- \/ Yoast SEO plugin. -->","yoast_head_json":{"title":"Em Petrolina escolas municipais promovem atividades l\u00fadicas de combate \u00e0 dengue - Blog do Farn\u00e9sio","robots":{"index":"index","follow":"follow","max-snippet":"max-snippet:-1","max-image-preview":"max-image-preview:large","max-video-preview":"max-video-preview:-1"},"canonical":"https:\/\/blogdofarnesio.com.br\/?p=362474","og_locale":"pt_BR","og_type":"article","og_title":"Em Petrolina escolas municipais promovem atividades l\u00fadicas de combate \u00e0 dengue - Blog do Farn\u00e9sio","og_description":"Eliminar os criadouros do mosquito transmissor da Dengue, Zika e Chikungunya se tornou uma pr\u00e1tica frequente na Escolas Municipais de Petrolina. Desde 2017, diversas a\u00e7\u00f5es de combate ao Aedes aegypti s\u00e3o desenvolvidas em parceria com toda comunidade escolar. As atividades fazem parte do projeto \u201cSa\u00fade na Escola\u201d e \u00e9 promovido pela Prefeitura de Petrolina, por meio da Secretaria de Educa\u00e7\u00e3o, Cultura e Esportes e Secretaria de Sa\u00fade. O objetivo \u00e9 mobilizar os alunos da Educa\u00e7\u00e3o Infantil e Ensino Fundamental para que sejam multiplicadores de informa\u00e7\u00f5es aos pais e familiares, quanto ao cuidado com a prolifera\u00e7\u00e3o do inseto. Dentro do cronograma de atividades que ser\u00e3o trabalhadas durante o ano, est\u00e3o: palestras com Agentes de Endemias; atividades com desenhos, produ\u00e7\u00f5es de textos&hellip;","og_url":"https:\/\/blogdofarnesio.com.br\/?p=362474","og_site_name":"Blog do Farn\u00e9sio","article_publisher":"https:\/\/www.facebook.com\/BlogQuerSaberPolitica\/","article_author":"https:\/\/www.facebook.com\/?ref=tn_tnmn","article_published_time":"2024-02-29T12:22:42+00:00","og_image":[{"width":555,"height":466,"url":"https:\/\/blogdofarnesio.com.br\/wp-content\/uploads\/2024\/02\/acoes-dengue3-e1709137069167.jpeg","type":"image\/jpeg"}],"author":"Farn\u00e9sio","twitter_card":"summary_large_image","twitter_misc":{"Escrito por":"Farn\u00e9sio","Est. tempo de leitura":"2 minutos"},"schema":{"@context":"https:\/\/schema.org","@graph":[{"@type":"Article","@id":"https:\/\/blogdofarnesio.com.br\/?p=362474#article","isPartOf":{"@id":"https:\/\/blogdofarnesio.com.br\/?p=362474"},"author":{"name":"Farn\u00e9sio","@id":"https:\/\/blogdofarnesio.com.br\/#\/schema\/person\/bb9b23ae3ad0609ce8df7b6c9e76824d"},"headline":"Em Petrolina escolas municipais promovem atividades l\u00fadicas de combate \u00e0 dengue","datePublished":"2024-02-29T12:22:42+00:00","mainEntityOfPage":{"@id":"https:\/\/blogdofarnesio.com.br\/?p=362474"},"wordCount":338,"commentCount":0,"publisher":{"@id":"https:\/\/blogdofarnesio.com.br\/#organization"},"image":{"@id":"https:\/\/blogdofarnesio.com.br\/?p=362474#primaryimage"},"thumbnailUrl":"https:\/\/blogdofarnesio.com.br\/wp-content\/uploads\/2024\/02\/acoes-dengue3-e1709137069167.jpeg","articleSection":["Educa\u00e7\u00e3o","Sa\u00fade"],"inLanguage":"pt-BR","potentialAction":[{"@type":"CommentAction","name":"Comment","target":["https:\/\/blogdofarnesio.com.br\/?p=362474#respond"]}]},{"@type":"WebPage","@id":"https:\/\/blogdofarnesio.com.br\/?p=362474","url":"https:\/\/blogdofarnesio.com.br\/?p=362474","name":"Em Petrolina escolas municipais promovem atividades l\u00fadicas de combate \u00e0 dengue - Blog do Farn\u00e9sio","isPartOf":{"@id":"https:\/\/blogdofarnesio.com.br\/#website"},"primaryImageOfPage":{"@id":"https:\/\/blogdofarnesio.com.br\/?p=362474#primaryimage"},"image":{"@id":"https:\/\/blogdofarnesio.com.br\/?p=362474#primaryimage"},"thumbnailUrl":"https:\/\/blogdofarnesio.com.br\/wp-content\/uploads\/2024\/02\/acoes-dengue3-e1709137069167.jpeg","datePublished":"2024-02-29T12:22:42+00:00","breadcrumb":{"@id":"https:\/\/blogdofarnesio.com.br\/?p=362474#breadcrumb"},"inLanguage":"pt-BR","potentialAction":[{"@type":"ReadAction","target":["https:\/\/blogdofarnesio.com.br\/?p=362474"]}]},{"@type":"ImageObject","inLanguage":"pt-BR","@id":"https:\/\/blogdofarnesio.com.br\/?p=362474#primaryimage","url":"https:\/\/blogdofarnesio.com.br\/wp-content\/uploads\/2024\/02\/acoes-dengue3-e1709137069167.jpeg","contentUrl":"https:\/\/blogdofarnesio.com.br\/wp-content\/uploads\/2024\/02\/acoes-dengue3-e1709137069167.jpeg","width":555,"height":466},{"@type":"BreadcrumbList","@id":"https:\/\/blogdofarnesio.com.br\/?p=362474#breadcrumb","itemListElement":[{"@type":"ListItem","position":1,"name":"In\u00edcio","item":"https:\/\/blogdofarnesio.com.br\/"},{"@type":"ListItem","position":2,"name":"Em Petrolina escolas municipais promovem atividades l\u00fadicas de combate \u00e0 dengue"}]},{"@type":"WebSite","@id":"https:\/\/blogdofarnesio.com.br\/#website","url":"https:\/\/blogdofarnesio.com.br\/","name":"Blog do Farn\u00e9sio","description":"Quer Saber Pol\u00edtica?","publisher":{"@id":"https:\/\/blogdofarnesio.com.br\/#organization"},"potentialAction":[{"@type":"SearchAction","target":{"@type":"EntryPoint","urlTemplate":"https:\/\/blogdofarnesio.com.br\/?s={search_term_string}"},"query-input":{"@type":"PropertyValueSpecification","valueRequired":true,"valueName":"search_term_string"}}],"inLanguage":"pt-BR"},{"@type":"Organization","@id":"https:\/\/blogdofarnesio.com.br\/#organization","name":"Blog do Farn\u00e9sio","url":"https:\/\/blogdofarnesio.com.br\/","logo":{"@type":"ImageObject","inLanguage":"pt-BR","@id":"https:\/\/blogdofarnesio.com.br\/#\/schema\/logo\/image\/","url":"https:\/\/blogdofarnesio.com.br\/wp-content\/uploads\/2026\/03\/cropped-logo_new-1.png","contentUrl":"https:\/\/blogdofarnesio.com.br\/wp-content\/uploads\/2026\/03\/cropped-logo_new-1.png","width":881,"height":685,"caption":"Blog do Farn\u00e9sio"},"image":{"@id":"https:\/\/blogdofarnesio.com.br\/#\/schema\/logo\/image\/"},"sameAs":["https:\/\/www.facebook.com\/BlogQuerSaberPolitica\/"]},{"@type":"Person","@id":"https:\/\/blogdofarnesio.com.br\/#\/schema\/person\/bb9b23ae3ad0609ce8df7b6c9e76824d","name":"Farn\u00e9sio","image":{"@type":"ImageObject","inLanguage":"pt-BR","@id":"https:\/\/secure.gravatar.com\/avatar\/986aa4c61ccdb66f8555bf88fc2a65609d00bcabd4d2d94377a727547345cbca?s=96&d=mm&r=g","url":"https:\/\/secure.gravatar.com\/avatar\/986aa4c61ccdb66f8555bf88fc2a65609d00bcabd4d2d94377a727547345cbca?s=96&d=mm&r=g","contentUrl":"https:\/\/secure.gravatar.com\/avatar\/986aa4c61ccdb66f8555bf88fc2a65609d00bcabd4d2d94377a727547345cbca?s=96&d=mm&r=g","caption":"Farn\u00e9sio"},"description":"Radialista blogueiro, chegou a Petrolina\/Juazeiro em setembro de 1980, Farn\u00e9sio Silva \u00e9 de Arapiraca-Alagoas.","sameAs":["http:\/\/blogdofarnesio.com.br","https:\/\/www.facebook.com\/?ref=tn_tnmn","https:\/\/www.instagram.com\/?utm_source=pwa_homescreen","https:\/\/youtube.com.br\/"],"url":"https:\/\/blogdofarnesio.com.br\/?author=2"}]}},"_links":{"self":[{"href":"https:\/\/blogdofarnesio.com.br\/index.php?rest_route=\/wp\/v2\/posts\/362474","targetHints":{"allow":["GET"]}}],"collection":[{"href":"https:\/\/blogdofarnesio.com.br\/index.php?rest_route=\/wp\/v2\/posts"}],"about":[{"href":"https:\/\/blogdofarnesio.com.br\/index.php?rest_route=\/wp\/v2\/types\/post"}],"author":[{"embeddable":true,"href":"https:\/\/blogdofarnesio.com.br\/index.php?rest_route=\/wp\/v2\/users\/2"}],"replies":[{"embeddable":true,"href":"https:\/\/blogdofarnesio.com.br\/index.php?rest_route=%2Fwp%2Fv2%2Fcomments&post=362474"}],"version-history":[{"count":0,"href":"https:\/\/blogdofarnesio.com.br\/index.php?rest_route=\/wp\/v2\/posts\/362474\/revisions"}],"wp:featuredmedia":[{"embeddable":true,"href":"https:\/\/blogdofarnesio.com.br\/index.php?rest_route=\/wp\/v2\/media\/362476"}],"wp:attachment":[{"href":"https:\/\/blogdofarnesio.com.br\/index.php?rest_route=%2Fwp%2Fv2%2Fmedia&parent=362474"}],"wp:term":[{"taxonomy":"category","embeddable":true,"href":"https:\/\/blogdofarnesio.com.br\/index.php?rest_route=%2Fwp%2Fv2%2Fcategories&post=362474"},{"taxonomy":"post_tag","embeddable":true,"href":"https:\/\/blogdofarnesio.com.br\/index.php?rest_route=%2Fwp%2Fv2%2Ftags&post=362474"}],"curies":[{"name":"wp","href":"https:\/\/api.w.org\/{rel}","templated":true}]}}