{"id":362013,"date":"2024-02-23T09:22:07","date_gmt":"2024-02-23T12:22:07","guid":{"rendered":"https:\/\/blogdofarnesio.com.br\/?p=362013"},"modified":"2024-02-22T16:33:48","modified_gmt":"2024-02-22T19:33:48","slug":"prefeitura-continua-com-operacao-emergencial-em-estradas-vicinais-de-petrolina-durante-as-chuvas","status":"publish","type":"post","link":"https:\/\/blogdofarnesio.com.br\/?p=362013","title":{"rendered":"Prefeitura continua com opera\u00e7\u00e3o emergencial em estradas vicinais de Petrolina durante as chuvas"},"content":{"rendered":"<p>Tendo em vista as \u00faltimas chuvas intensas que t\u00eam ocorrido na regi\u00e3o e o retorno do ano letivo, a Prefeitura de Petrolina, atrav\u00e9s da Secretaria de Agricultura, continua intensificando os servi\u00e7os emergenciais de melhoria de estradas vicinais da zona rural. Desde o in\u00edcio do m\u00eas, as equipes da Secretaria est\u00e3o realizando a Opera\u00e7\u00e3o de Patrolamento e Tapa-buracos na regi\u00e3o de Muqu\u00e9m, al\u00e9m das vias que ligam Lajedo a Rajada, Uru\u00e1s e Caro\u00e1, somando um total de mais de 20 km melhorados.<\/p>\n<p>Nesta quinta-feira (22), h\u00e1 equipes realizando trabalho emergencial, devidos \u00e0s chuvas, na comunidade de Gavi\u00e3o e em Lajedo, no trecho pr\u00f3ximo \u00e0 Chapada do Alegre. O servi\u00e7o de patrolamento faz parte das a\u00e7\u00f5es da Secretaria de Agricultura voltadas \u00e0 recupera\u00e7\u00e3o de vias e trechos mais danificados, principalmente, durante per\u00edodos mais intensos de chuva como este em fevereiro, que j\u00e1 tem um acumulado de 144,4 mm at\u00e9 o momento. No Muqu\u00e9m, por exemplo, 10 km foram recuperados e mais sete foram atendidos nas vias entre Lajedo a Rajada, Uru\u00e1s e Caro\u00e1.<\/p>\n<p>Vale ressaltar que a Secretaria de Agricultura mant\u00e9m um cronograma atualizado constantemente para atender as demandas urgentes das comunidades mais afetadas pelas chuvas, e onde o tr\u00e2nsito \u00e9 mais intenso devido a rota escolar e de escoamento da produ\u00e7\u00e3o agr\u00edcola, tanto da agricultura familiar, quanto da fruticultura irrigada. Para solicitar o servi\u00e7o a comunidade pode entrar em contato por meio do telefone (87) 3864-0747, ou ainda comparecer presencialmente na sede da Secretaria que est\u00e1 localizada na Rua Santa Cec\u00edlia, 35, Centro (pr\u00f3ximo ao Est\u00e1dio Paulo de Souza Coelho).<\/p>\n<p>&nbsp;<\/p>\n","protected":false},"excerpt":{"rendered":"<p>Tendo em vista as \u00faltimas chuvas intensas que t\u00eam ocorrido na regi\u00e3o e o retorno do ano letivo, a Prefeitura de Petrolina, atrav\u00e9s da Secretaria de Agricultura, continua intensificando os servi\u00e7os emergenciais de melhoria de estradas vicinais da zona rural. Desde o in\u00edcio do m\u00eas, as equipes da Secretaria est\u00e3o realizando a Opera\u00e7\u00e3o de Patrolamento e Tapa-buracos na regi\u00e3o de Muqu\u00e9m, al\u00e9m das vias que ligam Lajedo a Rajada, Uru\u00e1s e Caro\u00e1, somando um total de mais de 20 km melhorados. Nesta quinta-feira (22), h\u00e1 equipes realizando trabalho emergencial, devidos \u00e0s chuvas, na comunidade de Gavi\u00e3o e em Lajedo, no trecho pr\u00f3ximo \u00e0 Chapada do Alegre. O servi\u00e7o de patrolamento faz parte das a\u00e7\u00f5es da Secretaria de Agricultura voltadas \u00e0&hellip; <\/p>\n","protected":false},"author":2,"featured_media":362014,"comment_status":"open","ping_status":"open","sticky":false,"template":"","format":"standard","meta":{"_acf_changed":false,"footnotes":""},"categories":[17],"tags":[],"class_list":["post-362013","post","type-post","status-publish","format-standard","has-post-thumbnail","hentry","category-estradas"],"acf":[],"yoast_head":"<!-- This site is optimized with the Yoast SEO plugin v27.4 - https:\/\/yoast.com\/product\/yoast-seo-wordpress\/ -->\n<title>Prefeitura continua com opera\u00e7\u00e3o emergencial em estradas vicinais de Petrolina durante as chuvas - Blog do Farn\u00e9sio<\/title>\n<meta name=\"robots\" content=\"index, follow, max-snippet:-1, max-image-preview:large, max-video-preview:-1\" \/>\n<link rel=\"canonical\" href=\"https:\/\/blogdofarnesio.com.br\/?p=362013\" \/>\n<meta property=\"og:locale\" content=\"pt_BR\" \/>\n<meta property=\"og:type\" content=\"article\" \/>\n<meta property=\"og:title\" content=\"Prefeitura continua com opera\u00e7\u00e3o emergencial em estradas vicinais de Petrolina durante as chuvas - Blog do Farn\u00e9sio\" \/>\n<meta property=\"og:description\" content=\"Tendo em vista as \u00faltimas chuvas intensas que t\u00eam ocorrido na regi\u00e3o e o retorno do ano letivo, a Prefeitura de Petrolina, atrav\u00e9s da Secretaria de Agricultura, continua intensificando os servi\u00e7os emergenciais de melhoria de estradas vicinais da zona rural. Desde o in\u00edcio do m\u00eas, as equipes da Secretaria est\u00e3o realizando a Opera\u00e7\u00e3o de Patrolamento e Tapa-buracos na regi\u00e3o de Muqu\u00e9m, al\u00e9m das vias que ligam Lajedo a Rajada, Uru\u00e1s e Caro\u00e1, somando um total de mais de 20 km melhorados. Nesta quinta-feira (22), h\u00e1 equipes realizando trabalho emergencial, devidos \u00e0s chuvas, na comunidade de Gavi\u00e3o e em Lajedo, no trecho pr\u00f3ximo \u00e0 Chapada do Alegre. O servi\u00e7o de patrolamento faz parte das a\u00e7\u00f5es da Secretaria de Agricultura voltadas \u00e0&hellip;\" \/>\n<meta property=\"og:url\" content=\"https:\/\/blogdofarnesio.com.br\/?p=362013\" \/>\n<meta property=\"og:site_name\" content=\"Blog do Farn\u00e9sio\" \/>\n<meta property=\"article:publisher\" content=\"https:\/\/www.facebook.com\/BlogQuerSaberPolitica\/\" \/>\n<meta property=\"article:author\" content=\"https:\/\/www.facebook.com\/?ref=tn_tnmn\" \/>\n<meta property=\"article:published_time\" content=\"2024-02-23T12:22:07+00:00\" \/>\n<meta property=\"og:image\" content=\"https:\/\/blogdofarnesio.com.br\/wp-content\/uploads\/2024\/02\/Patrolamento-Prefeitura-continua-com-operacao-emergencial-em-estradas-vicinais-de-Petrolina-durante-as-chuvas-2-e1708630391640.jpeg\" \/>\n\t<meta property=\"og:image:width\" content=\"580\" \/>\n\t<meta property=\"og:image:height\" content=\"326\" \/>\n\t<meta property=\"og:image:type\" content=\"image\/jpeg\" \/>\n<meta name=\"author\" content=\"Farn\u00e9sio\" \/>\n<meta name=\"twitter:card\" content=\"summary_large_image\" \/>\n<meta name=\"twitter:label1\" content=\"Escrito por\" \/>\n\t<meta name=\"twitter:data1\" content=\"Farn\u00e9sio\" \/>\n\t<meta name=\"twitter:label2\" content=\"Est. tempo de leitura\" \/>\n\t<meta name=\"twitter:data2\" content=\"2 minutos\" \/>\n<script type=\"application\/ld+json\" class=\"yoast-schema-graph\">{\"@context\":\"https:\\\/\\\/schema.org\",\"@graph\":[{\"@type\":\"Article\",\"@id\":\"https:\\\/\\\/blogdofarnesio.com.br\\\/?p=362013#article\",\"isPartOf\":{\"@id\":\"https:\\\/\\\/blogdofarnesio.com.br\\\/?p=362013\"},\"author\":{\"name\":\"Farn\u00e9sio\",\"@id\":\"https:\\\/\\\/blogdofarnesio.com.br\\\/#\\\/schema\\\/person\\\/bb9b23ae3ad0609ce8df7b6c9e76824d\"},\"headline\":\"Prefeitura continua com opera\u00e7\u00e3o emergencial em estradas vicinais de Petrolina durante as chuvas\",\"datePublished\":\"2024-02-23T12:22:07+00:00\",\"mainEntityOfPage\":{\"@id\":\"https:\\\/\\\/blogdofarnesio.com.br\\\/?p=362013\"},\"wordCount\":293,\"commentCount\":0,\"publisher\":{\"@id\":\"https:\\\/\\\/blogdofarnesio.com.br\\\/#organization\"},\"image\":{\"@id\":\"https:\\\/\\\/blogdofarnesio.com.br\\\/?p=362013#primaryimage\"},\"thumbnailUrl\":\"https:\\\/\\\/blogdofarnesio.com.br\\\/wp-content\\\/uploads\\\/2024\\\/02\\\/Patrolamento-Prefeitura-continua-com-operacao-emergencial-em-estradas-vicinais-de-Petrolina-durante-as-chuvas-2-e1708630391640.jpeg\",\"articleSection\":[\"Estradas\"],\"inLanguage\":\"pt-BR\",\"potentialAction\":[{\"@type\":\"CommentAction\",\"name\":\"Comment\",\"target\":[\"https:\\\/\\\/blogdofarnesio.com.br\\\/?p=362013#respond\"]}]},{\"@type\":\"WebPage\",\"@id\":\"https:\\\/\\\/blogdofarnesio.com.br\\\/?p=362013\",\"url\":\"https:\\\/\\\/blogdofarnesio.com.br\\\/?p=362013\",\"name\":\"Prefeitura continua com opera\u00e7\u00e3o emergencial em estradas vicinais de Petrolina durante as chuvas - Blog do Farn\u00e9sio\",\"isPartOf\":{\"@id\":\"https:\\\/\\\/blogdofarnesio.com.br\\\/#website\"},\"primaryImageOfPage\":{\"@id\":\"https:\\\/\\\/blogdofarnesio.com.br\\\/?p=362013#primaryimage\"},\"image\":{\"@id\":\"https:\\\/\\\/blogdofarnesio.com.br\\\/?p=362013#primaryimage\"},\"thumbnailUrl\":\"https:\\\/\\\/blogdofarnesio.com.br\\\/wp-content\\\/uploads\\\/2024\\\/02\\\/Patrolamento-Prefeitura-continua-com-operacao-emergencial-em-estradas-vicinais-de-Petrolina-durante-as-chuvas-2-e1708630391640.jpeg\",\"datePublished\":\"2024-02-23T12:22:07+00:00\",\"breadcrumb\":{\"@id\":\"https:\\\/\\\/blogdofarnesio.com.br\\\/?p=362013#breadcrumb\"},\"inLanguage\":\"pt-BR\",\"potentialAction\":[{\"@type\":\"ReadAction\",\"target\":[\"https:\\\/\\\/blogdofarnesio.com.br\\\/?p=362013\"]}]},{\"@type\":\"ImageObject\",\"inLanguage\":\"pt-BR\",\"@id\":\"https:\\\/\\\/blogdofarnesio.com.br\\\/?p=362013#primaryimage\",\"url\":\"https:\\\/\\\/blogdofarnesio.com.br\\\/wp-content\\\/uploads\\\/2024\\\/02\\\/Patrolamento-Prefeitura-continua-com-operacao-emergencial-em-estradas-vicinais-de-Petrolina-durante-as-chuvas-2-e1708630391640.jpeg\",\"contentUrl\":\"https:\\\/\\\/blogdofarnesio.com.br\\\/wp-content\\\/uploads\\\/2024\\\/02\\\/Patrolamento-Prefeitura-continua-com-operacao-emergencial-em-estradas-vicinais-de-Petrolina-durante-as-chuvas-2-e1708630391640.jpeg\",\"width\":580,\"height\":326},{\"@type\":\"BreadcrumbList\",\"@id\":\"https:\\\/\\\/blogdofarnesio.com.br\\\/?p=362013#breadcrumb\",\"itemListElement\":[{\"@type\":\"ListItem\",\"position\":1,\"name\":\"In\u00edcio\",\"item\":\"https:\\\/\\\/blogdofarnesio.com.br\\\/\"},{\"@type\":\"ListItem\",\"position\":2,\"name\":\"Prefeitura continua com opera\u00e7\u00e3o emergencial em estradas vicinais de Petrolina durante as chuvas\"}]},{\"@type\":\"WebSite\",\"@id\":\"https:\\\/\\\/blogdofarnesio.com.br\\\/#website\",\"url\":\"https:\\\/\\\/blogdofarnesio.com.br\\\/\",\"name\":\"Blog do Farn\u00e9sio\",\"description\":\"Quer Saber Pol\u00edtica?\",\"publisher\":{\"@id\":\"https:\\\/\\\/blogdofarnesio.com.br\\\/#organization\"},\"potentialAction\":[{\"@type\":\"SearchAction\",\"target\":{\"@type\":\"EntryPoint\",\"urlTemplate\":\"https:\\\/\\\/blogdofarnesio.com.br\\\/?s={search_term_string}\"},\"query-input\":{\"@type\":\"PropertyValueSpecification\",\"valueRequired\":true,\"valueName\":\"search_term_string\"}}],\"inLanguage\":\"pt-BR\"},{\"@type\":\"Organization\",\"@id\":\"https:\\\/\\\/blogdofarnesio.com.br\\\/#organization\",\"name\":\"Blog do Farn\u00e9sio\",\"url\":\"https:\\\/\\\/blogdofarnesio.com.br\\\/\",\"logo\":{\"@type\":\"ImageObject\",\"inLanguage\":\"pt-BR\",\"@id\":\"https:\\\/\\\/blogdofarnesio.com.br\\\/#\\\/schema\\\/logo\\\/image\\\/\",\"url\":\"https:\\\/\\\/blogdofarnesio.com.br\\\/wp-content\\\/uploads\\\/2026\\\/03\\\/cropped-logo_new-1.png\",\"contentUrl\":\"https:\\\/\\\/blogdofarnesio.com.br\\\/wp-content\\\/uploads\\\/2026\\\/03\\\/cropped-logo_new-1.png\",\"width\":881,\"height\":685,\"caption\":\"Blog do Farn\u00e9sio\"},\"image\":{\"@id\":\"https:\\\/\\\/blogdofarnesio.com.br\\\/#\\\/schema\\\/logo\\\/image\\\/\"},\"sameAs\":[\"https:\\\/\\\/www.facebook.com\\\/BlogQuerSaberPolitica\\\/\"]},{\"@type\":\"Person\",\"@id\":\"https:\\\/\\\/blogdofarnesio.com.br\\\/#\\\/schema\\\/person\\\/bb9b23ae3ad0609ce8df7b6c9e76824d\",\"name\":\"Farn\u00e9sio\",\"image\":{\"@type\":\"ImageObject\",\"inLanguage\":\"pt-BR\",\"@id\":\"https:\\\/\\\/secure.gravatar.com\\\/avatar\\\/986aa4c61ccdb66f8555bf88fc2a65609d00bcabd4d2d94377a727547345cbca?s=96&d=mm&r=g\",\"url\":\"https:\\\/\\\/secure.gravatar.com\\\/avatar\\\/986aa4c61ccdb66f8555bf88fc2a65609d00bcabd4d2d94377a727547345cbca?s=96&d=mm&r=g\",\"contentUrl\":\"https:\\\/\\\/secure.gravatar.com\\\/avatar\\\/986aa4c61ccdb66f8555bf88fc2a65609d00bcabd4d2d94377a727547345cbca?s=96&d=mm&r=g\",\"caption\":\"Farn\u00e9sio\"},\"description\":\"Radialista blogueiro, chegou a Petrolina\\\/Juazeiro em setembro de 1980, Farn\u00e9sio Silva \u00e9 de Arapiraca-Alagoas.\",\"sameAs\":[\"http:\\\/\\\/blogdofarnesio.com.br\",\"https:\\\/\\\/www.facebook.com\\\/?ref=tn_tnmn\",\"https:\\\/\\\/www.instagram.com\\\/?utm_source=pwa_homescreen\",\"https:\\\/\\\/youtube.com.br\\\/\"],\"url\":\"https:\\\/\\\/blogdofarnesio.com.br\\\/?author=2\"}]}<\/script>\n<!-- \/ Yoast SEO plugin. -->","yoast_head_json":{"title":"Prefeitura continua com opera\u00e7\u00e3o emergencial em estradas vicinais de Petrolina durante as chuvas - Blog do Farn\u00e9sio","robots":{"index":"index","follow":"follow","max-snippet":"max-snippet:-1","max-image-preview":"max-image-preview:large","max-video-preview":"max-video-preview:-1"},"canonical":"https:\/\/blogdofarnesio.com.br\/?p=362013","og_locale":"pt_BR","og_type":"article","og_title":"Prefeitura continua com opera\u00e7\u00e3o emergencial em estradas vicinais de Petrolina durante as chuvas - Blog do Farn\u00e9sio","og_description":"Tendo em vista as \u00faltimas chuvas intensas que t\u00eam ocorrido na regi\u00e3o e o retorno do ano letivo, a Prefeitura de Petrolina, atrav\u00e9s da Secretaria de Agricultura, continua intensificando os servi\u00e7os emergenciais de melhoria de estradas vicinais da zona rural. Desde o in\u00edcio do m\u00eas, as equipes da Secretaria est\u00e3o realizando a Opera\u00e7\u00e3o de Patrolamento e Tapa-buracos na regi\u00e3o de Muqu\u00e9m, al\u00e9m das vias que ligam Lajedo a Rajada, Uru\u00e1s e Caro\u00e1, somando um total de mais de 20 km melhorados. Nesta quinta-feira (22), h\u00e1 equipes realizando trabalho emergencial, devidos \u00e0s chuvas, na comunidade de Gavi\u00e3o e em Lajedo, no trecho pr\u00f3ximo \u00e0 Chapada do Alegre. O servi\u00e7o de patrolamento faz parte das a\u00e7\u00f5es da Secretaria de Agricultura voltadas \u00e0&hellip;","og_url":"https:\/\/blogdofarnesio.com.br\/?p=362013","og_site_name":"Blog do Farn\u00e9sio","article_publisher":"https:\/\/www.facebook.com\/BlogQuerSaberPolitica\/","article_author":"https:\/\/www.facebook.com\/?ref=tn_tnmn","article_published_time":"2024-02-23T12:22:07+00:00","og_image":[{"width":580,"height":326,"url":"https:\/\/blogdofarnesio.com.br\/wp-content\/uploads\/2024\/02\/Patrolamento-Prefeitura-continua-com-operacao-emergencial-em-estradas-vicinais-de-Petrolina-durante-as-chuvas-2-e1708630391640.jpeg","type":"image\/jpeg"}],"author":"Farn\u00e9sio","twitter_card":"summary_large_image","twitter_misc":{"Escrito por":"Farn\u00e9sio","Est. tempo de leitura":"2 minutos"},"schema":{"@context":"https:\/\/schema.org","@graph":[{"@type":"Article","@id":"https:\/\/blogdofarnesio.com.br\/?p=362013#article","isPartOf":{"@id":"https:\/\/blogdofarnesio.com.br\/?p=362013"},"author":{"name":"Farn\u00e9sio","@id":"https:\/\/blogdofarnesio.com.br\/#\/schema\/person\/bb9b23ae3ad0609ce8df7b6c9e76824d"},"headline":"Prefeitura continua com opera\u00e7\u00e3o emergencial em estradas vicinais de Petrolina durante as chuvas","datePublished":"2024-02-23T12:22:07+00:00","mainEntityOfPage":{"@id":"https:\/\/blogdofarnesio.com.br\/?p=362013"},"wordCount":293,"commentCount":0,"publisher":{"@id":"https:\/\/blogdofarnesio.com.br\/#organization"},"image":{"@id":"https:\/\/blogdofarnesio.com.br\/?p=362013#primaryimage"},"thumbnailUrl":"https:\/\/blogdofarnesio.com.br\/wp-content\/uploads\/2024\/02\/Patrolamento-Prefeitura-continua-com-operacao-emergencial-em-estradas-vicinais-de-Petrolina-durante-as-chuvas-2-e1708630391640.jpeg","articleSection":["Estradas"],"inLanguage":"pt-BR","potentialAction":[{"@type":"CommentAction","name":"Comment","target":["https:\/\/blogdofarnesio.com.br\/?p=362013#respond"]}]},{"@type":"WebPage","@id":"https:\/\/blogdofarnesio.com.br\/?p=362013","url":"https:\/\/blogdofarnesio.com.br\/?p=362013","name":"Prefeitura continua com opera\u00e7\u00e3o emergencial em estradas vicinais de Petrolina durante as chuvas - Blog do Farn\u00e9sio","isPartOf":{"@id":"https:\/\/blogdofarnesio.com.br\/#website"},"primaryImageOfPage":{"@id":"https:\/\/blogdofarnesio.com.br\/?p=362013#primaryimage"},"image":{"@id":"https:\/\/blogdofarnesio.com.br\/?p=362013#primaryimage"},"thumbnailUrl":"https:\/\/blogdofarnesio.com.br\/wp-content\/uploads\/2024\/02\/Patrolamento-Prefeitura-continua-com-operacao-emergencial-em-estradas-vicinais-de-Petrolina-durante-as-chuvas-2-e1708630391640.jpeg","datePublished":"2024-02-23T12:22:07+00:00","breadcrumb":{"@id":"https:\/\/blogdofarnesio.com.br\/?p=362013#breadcrumb"},"inLanguage":"pt-BR","potentialAction":[{"@type":"ReadAction","target":["https:\/\/blogdofarnesio.com.br\/?p=362013"]}]},{"@type":"ImageObject","inLanguage":"pt-BR","@id":"https:\/\/blogdofarnesio.com.br\/?p=362013#primaryimage","url":"https:\/\/blogdofarnesio.com.br\/wp-content\/uploads\/2024\/02\/Patrolamento-Prefeitura-continua-com-operacao-emergencial-em-estradas-vicinais-de-Petrolina-durante-as-chuvas-2-e1708630391640.jpeg","contentUrl":"https:\/\/blogdofarnesio.com.br\/wp-content\/uploads\/2024\/02\/Patrolamento-Prefeitura-continua-com-operacao-emergencial-em-estradas-vicinais-de-Petrolina-durante-as-chuvas-2-e1708630391640.jpeg","width":580,"height":326},{"@type":"BreadcrumbList","@id":"https:\/\/blogdofarnesio.com.br\/?p=362013#breadcrumb","itemListElement":[{"@type":"ListItem","position":1,"name":"In\u00edcio","item":"https:\/\/blogdofarnesio.com.br\/"},{"@type":"ListItem","position":2,"name":"Prefeitura continua com opera\u00e7\u00e3o emergencial em estradas vicinais de Petrolina durante as chuvas"}]},{"@type":"WebSite","@id":"https:\/\/blogdofarnesio.com.br\/#website","url":"https:\/\/blogdofarnesio.com.br\/","name":"Blog do Farn\u00e9sio","description":"Quer Saber Pol\u00edtica?","publisher":{"@id":"https:\/\/blogdofarnesio.com.br\/#organization"},"potentialAction":[{"@type":"SearchAction","target":{"@type":"EntryPoint","urlTemplate":"https:\/\/blogdofarnesio.com.br\/?s={search_term_string}"},"query-input":{"@type":"PropertyValueSpecification","valueRequired":true,"valueName":"search_term_string"}}],"inLanguage":"pt-BR"},{"@type":"Organization","@id":"https:\/\/blogdofarnesio.com.br\/#organization","name":"Blog do Farn\u00e9sio","url":"https:\/\/blogdofarnesio.com.br\/","logo":{"@type":"ImageObject","inLanguage":"pt-BR","@id":"https:\/\/blogdofarnesio.com.br\/#\/schema\/logo\/image\/","url":"https:\/\/blogdofarnesio.com.br\/wp-content\/uploads\/2026\/03\/cropped-logo_new-1.png","contentUrl":"https:\/\/blogdofarnesio.com.br\/wp-content\/uploads\/2026\/03\/cropped-logo_new-1.png","width":881,"height":685,"caption":"Blog do Farn\u00e9sio"},"image":{"@id":"https:\/\/blogdofarnesio.com.br\/#\/schema\/logo\/image\/"},"sameAs":["https:\/\/www.facebook.com\/BlogQuerSaberPolitica\/"]},{"@type":"Person","@id":"https:\/\/blogdofarnesio.com.br\/#\/schema\/person\/bb9b23ae3ad0609ce8df7b6c9e76824d","name":"Farn\u00e9sio","image":{"@type":"ImageObject","inLanguage":"pt-BR","@id":"https:\/\/secure.gravatar.com\/avatar\/986aa4c61ccdb66f8555bf88fc2a65609d00bcabd4d2d94377a727547345cbca?s=96&d=mm&r=g","url":"https:\/\/secure.gravatar.com\/avatar\/986aa4c61ccdb66f8555bf88fc2a65609d00bcabd4d2d94377a727547345cbca?s=96&d=mm&r=g","contentUrl":"https:\/\/secure.gravatar.com\/avatar\/986aa4c61ccdb66f8555bf88fc2a65609d00bcabd4d2d94377a727547345cbca?s=96&d=mm&r=g","caption":"Farn\u00e9sio"},"description":"Radialista blogueiro, chegou a Petrolina\/Juazeiro em setembro de 1980, Farn\u00e9sio Silva \u00e9 de Arapiraca-Alagoas.","sameAs":["http:\/\/blogdofarnesio.com.br","https:\/\/www.facebook.com\/?ref=tn_tnmn","https:\/\/www.instagram.com\/?utm_source=pwa_homescreen","https:\/\/youtube.com.br\/"],"url":"https:\/\/blogdofarnesio.com.br\/?author=2"}]}},"_links":{"self":[{"href":"https:\/\/blogdofarnesio.com.br\/index.php?rest_route=\/wp\/v2\/posts\/362013","targetHints":{"allow":["GET"]}}],"collection":[{"href":"https:\/\/blogdofarnesio.com.br\/index.php?rest_route=\/wp\/v2\/posts"}],"about":[{"href":"https:\/\/blogdofarnesio.com.br\/index.php?rest_route=\/wp\/v2\/types\/post"}],"author":[{"embeddable":true,"href":"https:\/\/blogdofarnesio.com.br\/index.php?rest_route=\/wp\/v2\/users\/2"}],"replies":[{"embeddable":true,"href":"https:\/\/blogdofarnesio.com.br\/index.php?rest_route=%2Fwp%2Fv2%2Fcomments&post=362013"}],"version-history":[{"count":0,"href":"https:\/\/blogdofarnesio.com.br\/index.php?rest_route=\/wp\/v2\/posts\/362013\/revisions"}],"wp:featuredmedia":[{"embeddable":true,"href":"https:\/\/blogdofarnesio.com.br\/index.php?rest_route=\/wp\/v2\/media\/362014"}],"wp:attachment":[{"href":"https:\/\/blogdofarnesio.com.br\/index.php?rest_route=%2Fwp%2Fv2%2Fmedia&parent=362013"}],"wp:term":[{"taxonomy":"category","embeddable":true,"href":"https:\/\/blogdofarnesio.com.br\/index.php?rest_route=%2Fwp%2Fv2%2Fcategories&post=362013"},{"taxonomy":"post_tag","embeddable":true,"href":"https:\/\/blogdofarnesio.com.br\/index.php?rest_route=%2Fwp%2Fv2%2Ftags&post=362013"}],"curies":[{"name":"wp","href":"https:\/\/api.w.org\/{rel}","templated":true}]}}