{"id":361641,"date":"2024-02-19T09:02:46","date_gmt":"2024-02-19T12:02:46","guid":{"rendered":"https:\/\/blogdofarnesio.com.br\/?p=361641"},"modified":"2024-02-18T09:58:25","modified_gmt":"2024-02-18T12:58:25","slug":"camara-municipal-de-juazeiro-inicia-periodo-legislativo-2024-nesta-terca-feira-20","status":"publish","type":"post","link":"https:\/\/blogdofarnesio.com.br\/?p=361641","title":{"rendered":"C\u00e2mara Municipal de Juazeiro inicia per\u00edodo legislativo 2024 nesta ter\u00e7a-feira (20)"},"content":{"rendered":"<p style=\"font-weight: 400;\">Os vereadores de Juazeiro, no norte da Bahia, retornar\u00e3o ao trabalho amanh\u00e3 (20). A partir das 9h30 a primeira sess\u00e3o plen\u00e1ria da Casa Legislativa &#8211; Apr\u00edgio Duarte Filho, ter\u00e1 a abertura oficial dos trabalhos, contando com a presen\u00e7a da prefeita Suzana Ramos e do vice-prefeito Leonardo Bandeira, para a abertura solene das atividades parlamentares.<\/p>\n<p style=\"font-weight: 400;\">A sess\u00e3o marca o in\u00edcio da abertura do primeiro semestre de 2024, quarto e \u00faltimo ano da legislatura da Casa. Os recessos parlamentares da C\u00e2mara de Juazeiro s\u00e3o regulamentados tanto pelo Regimento Interno quanto pela Lei Org\u00e2nica do Munic\u00edpio (LOM).<\/p>\n<p style=\"font-weight: 400;\">O presidente da C\u00e2mara, o vereador Berg da Carna\u00edba, enfatiza o compromisso dos edis para com a cria\u00e7\u00e3o de leis e indica\u00e7\u00f5es de a\u00e7\u00f5es ao Poder Executivo solicitadas pelos juazeirenses.<\/p>\n<p style=\"font-weight: 400;\">\u201cAssim como no in\u00edcio da legislatura l\u00e1 em 2021, a C\u00e2mara segue em 2024 comprometida com a fiscaliza\u00e7\u00e3o do Executivo Municipal, bem como, com a cria\u00e7\u00e3o de leis e indica\u00e7\u00f5es em prol da popula\u00e7\u00e3o da nossa cidade. Convido a sociedade juazeirense para se fazer presente aos retornos oficiais dos trabalhos legislativos a partir da pr\u00f3xima ter\u00e7a-feira, e destaco ainda que estamos alinhados, verdadeiramente, com os interesses do povo que nos escolheu para represent\u00e1-los al\u00e9m do discurso, com essa constru\u00e7\u00e3o e zelo.\u201d Pontuou.<\/p>\n","protected":false},"excerpt":{"rendered":"<p>Os vereadores de Juazeiro, no norte da Bahia, retornar\u00e3o ao trabalho amanh\u00e3 (20). A partir das 9h30 a primeira sess\u00e3o plen\u00e1ria da Casa Legislativa &#8211; Apr\u00edgio Duarte Filho, ter\u00e1 a abertura oficial dos trabalhos, contando com a presen\u00e7a da prefeita Suzana Ramos e do vice-prefeito Leonardo Bandeira, para a abertura solene das atividades parlamentares. A sess\u00e3o marca o in\u00edcio da abertura do primeiro semestre de 2024, quarto e \u00faltimo ano da legislatura da Casa. Os recessos parlamentares da C\u00e2mara de Juazeiro s\u00e3o regulamentados tanto pelo Regimento Interno quanto pela Lei Org\u00e2nica do Munic\u00edpio (LOM). O presidente da C\u00e2mara, o vereador Berg da Carna\u00edba, enfatiza o compromisso dos edis para com a cria\u00e7\u00e3o de leis e indica\u00e7\u00f5es de a\u00e7\u00f5es ao Poder&hellip; <\/p>\n","protected":false},"author":2,"featured_media":153825,"comment_status":"open","ping_status":"open","sticky":false,"template":"","format":"standard","meta":{"_acf_changed":false,"footnotes":""},"categories":[1],"tags":[],"class_list":["post-361641","post","type-post","status-publish","format-standard","has-post-thumbnail","hentry","category-politica"],"acf":[],"yoast_head":"<!-- This site is optimized with the Yoast SEO plugin v27.4 - https:\/\/yoast.com\/product\/yoast-seo-wordpress\/ -->\n<title>C\u00e2mara Municipal de Juazeiro inicia per\u00edodo legislativo 2024 nesta ter\u00e7a-feira (20) - Blog do Farn\u00e9sio<\/title>\n<meta name=\"robots\" content=\"index, follow, max-snippet:-1, max-image-preview:large, max-video-preview:-1\" \/>\n<link rel=\"canonical\" href=\"https:\/\/blogdofarnesio.com.br\/?p=361641\" \/>\n<meta property=\"og:locale\" content=\"pt_BR\" \/>\n<meta property=\"og:type\" content=\"article\" \/>\n<meta property=\"og:title\" content=\"C\u00e2mara Municipal de Juazeiro inicia per\u00edodo legislativo 2024 nesta ter\u00e7a-feira (20) - Blog do Farn\u00e9sio\" \/>\n<meta property=\"og:description\" content=\"Os vereadores de Juazeiro, no norte da Bahia, retornar\u00e3o ao trabalho amanh\u00e3 (20). A partir das 9h30 a primeira sess\u00e3o plen\u00e1ria da Casa Legislativa &#8211; Apr\u00edgio Duarte Filho, ter\u00e1 a abertura oficial dos trabalhos, contando com a presen\u00e7a da prefeita Suzana Ramos e do vice-prefeito Leonardo Bandeira, para a abertura solene das atividades parlamentares. A sess\u00e3o marca o in\u00edcio da abertura do primeiro semestre de 2024, quarto e \u00faltimo ano da legislatura da Casa. Os recessos parlamentares da C\u00e2mara de Juazeiro s\u00e3o regulamentados tanto pelo Regimento Interno quanto pela Lei Org\u00e2nica do Munic\u00edpio (LOM). O presidente da C\u00e2mara, o vereador Berg da Carna\u00edba, enfatiza o compromisso dos edis para com a cria\u00e7\u00e3o de leis e indica\u00e7\u00f5es de a\u00e7\u00f5es ao Poder&hellip;\" \/>\n<meta property=\"og:url\" content=\"https:\/\/blogdofarnesio.com.br\/?p=361641\" \/>\n<meta property=\"og:site_name\" content=\"Blog do Farn\u00e9sio\" \/>\n<meta property=\"article:publisher\" content=\"https:\/\/www.facebook.com\/BlogQuerSaberPolitica\/\" \/>\n<meta property=\"article:author\" content=\"https:\/\/www.facebook.com\/?ref=tn_tnmn\" \/>\n<meta property=\"article:published_time\" content=\"2024-02-19T12:02:46+00:00\" \/>\n<meta property=\"og:image\" content=\"https:\/\/blogdofarnesio.com.br\/wp-content\/uploads\/2017\/01\/blogqsp_camaraJua_Foto-Farn\u00e9sio-Silva-3.jpg\" \/>\n\t<meta property=\"og:image:width\" content=\"420\" \/>\n\t<meta property=\"og:image:height\" content=\"224\" \/>\n\t<meta property=\"og:image:type\" content=\"image\/jpeg\" \/>\n<meta name=\"author\" content=\"Farn\u00e9sio\" \/>\n<meta name=\"twitter:card\" content=\"summary_large_image\" \/>\n<meta name=\"twitter:label1\" content=\"Escrito por\" \/>\n\t<meta name=\"twitter:data1\" content=\"Farn\u00e9sio\" \/>\n\t<meta name=\"twitter:label2\" content=\"Est. tempo de leitura\" \/>\n\t<meta name=\"twitter:data2\" content=\"2 minutos\" \/>\n<script type=\"application\/ld+json\" class=\"yoast-schema-graph\">{\"@context\":\"https:\\\/\\\/schema.org\",\"@graph\":[{\"@type\":\"Article\",\"@id\":\"https:\\\/\\\/blogdofarnesio.com.br\\\/?p=361641#article\",\"isPartOf\":{\"@id\":\"https:\\\/\\\/blogdofarnesio.com.br\\\/?p=361641\"},\"author\":{\"name\":\"Farn\u00e9sio\",\"@id\":\"https:\\\/\\\/blogdofarnesio.com.br\\\/#\\\/schema\\\/person\\\/bb9b23ae3ad0609ce8df7b6c9e76824d\"},\"headline\":\"C\u00e2mara Municipal de Juazeiro inicia per\u00edodo legislativo 2024 nesta ter\u00e7a-feira (20)\",\"datePublished\":\"2024-02-19T12:02:46+00:00\",\"mainEntityOfPage\":{\"@id\":\"https:\\\/\\\/blogdofarnesio.com.br\\\/?p=361641\"},\"wordCount\":241,\"commentCount\":0,\"publisher\":{\"@id\":\"https:\\\/\\\/blogdofarnesio.com.br\\\/#organization\"},\"image\":{\"@id\":\"https:\\\/\\\/blogdofarnesio.com.br\\\/?p=361641#primaryimage\"},\"thumbnailUrl\":\"https:\\\/\\\/blogdofarnesio.com.br\\\/wp-content\\\/uploads\\\/2017\\\/01\\\/blogqsp_camaraJua_Foto-Farn\u00e9sio-Silva-3.jpg\",\"articleSection\":[\"Pol\u00edtica\"],\"inLanguage\":\"pt-BR\",\"potentialAction\":[{\"@type\":\"CommentAction\",\"name\":\"Comment\",\"target\":[\"https:\\\/\\\/blogdofarnesio.com.br\\\/?p=361641#respond\"]}]},{\"@type\":\"WebPage\",\"@id\":\"https:\\\/\\\/blogdofarnesio.com.br\\\/?p=361641\",\"url\":\"https:\\\/\\\/blogdofarnesio.com.br\\\/?p=361641\",\"name\":\"C\u00e2mara Municipal de Juazeiro inicia per\u00edodo legislativo 2024 nesta ter\u00e7a-feira (20) - Blog do Farn\u00e9sio\",\"isPartOf\":{\"@id\":\"https:\\\/\\\/blogdofarnesio.com.br\\\/#website\"},\"primaryImageOfPage\":{\"@id\":\"https:\\\/\\\/blogdofarnesio.com.br\\\/?p=361641#primaryimage\"},\"image\":{\"@id\":\"https:\\\/\\\/blogdofarnesio.com.br\\\/?p=361641#primaryimage\"},\"thumbnailUrl\":\"https:\\\/\\\/blogdofarnesio.com.br\\\/wp-content\\\/uploads\\\/2017\\\/01\\\/blogqsp_camaraJua_Foto-Farn\u00e9sio-Silva-3.jpg\",\"datePublished\":\"2024-02-19T12:02:46+00:00\",\"breadcrumb\":{\"@id\":\"https:\\\/\\\/blogdofarnesio.com.br\\\/?p=361641#breadcrumb\"},\"inLanguage\":\"pt-BR\",\"potentialAction\":[{\"@type\":\"ReadAction\",\"target\":[\"https:\\\/\\\/blogdofarnesio.com.br\\\/?p=361641\"]}]},{\"@type\":\"ImageObject\",\"inLanguage\":\"pt-BR\",\"@id\":\"https:\\\/\\\/blogdofarnesio.com.br\\\/?p=361641#primaryimage\",\"url\":\"https:\\\/\\\/blogdofarnesio.com.br\\\/wp-content\\\/uploads\\\/2017\\\/01\\\/blogqsp_camaraJua_Foto-Farn\u00e9sio-Silva-3.jpg\",\"contentUrl\":\"https:\\\/\\\/blogdofarnesio.com.br\\\/wp-content\\\/uploads\\\/2017\\\/01\\\/blogqsp_camaraJua_Foto-Farn\u00e9sio-Silva-3.jpg\",\"width\":420,\"height\":224,\"caption\":\"Camara de veradores Juazeiro-BA FotoFarn\u00e9sio Silva\"},{\"@type\":\"BreadcrumbList\",\"@id\":\"https:\\\/\\\/blogdofarnesio.com.br\\\/?p=361641#breadcrumb\",\"itemListElement\":[{\"@type\":\"ListItem\",\"position\":1,\"name\":\"In\u00edcio\",\"item\":\"https:\\\/\\\/blogdofarnesio.com.br\\\/\"},{\"@type\":\"ListItem\",\"position\":2,\"name\":\"C\u00e2mara Municipal de Juazeiro inicia per\u00edodo legislativo 2024 nesta ter\u00e7a-feira (20)\"}]},{\"@type\":\"WebSite\",\"@id\":\"https:\\\/\\\/blogdofarnesio.com.br\\\/#website\",\"url\":\"https:\\\/\\\/blogdofarnesio.com.br\\\/\",\"name\":\"Blog do Farn\u00e9sio\",\"description\":\"Quer Saber Pol\u00edtica?\",\"publisher\":{\"@id\":\"https:\\\/\\\/blogdofarnesio.com.br\\\/#organization\"},\"potentialAction\":[{\"@type\":\"SearchAction\",\"target\":{\"@type\":\"EntryPoint\",\"urlTemplate\":\"https:\\\/\\\/blogdofarnesio.com.br\\\/?s={search_term_string}\"},\"query-input\":{\"@type\":\"PropertyValueSpecification\",\"valueRequired\":true,\"valueName\":\"search_term_string\"}}],\"inLanguage\":\"pt-BR\"},{\"@type\":\"Organization\",\"@id\":\"https:\\\/\\\/blogdofarnesio.com.br\\\/#organization\",\"name\":\"Blog do Farn\u00e9sio\",\"url\":\"https:\\\/\\\/blogdofarnesio.com.br\\\/\",\"logo\":{\"@type\":\"ImageObject\",\"inLanguage\":\"pt-BR\",\"@id\":\"https:\\\/\\\/blogdofarnesio.com.br\\\/#\\\/schema\\\/logo\\\/image\\\/\",\"url\":\"https:\\\/\\\/blogdofarnesio.com.br\\\/wp-content\\\/uploads\\\/2026\\\/03\\\/cropped-logo_new-1.png\",\"contentUrl\":\"https:\\\/\\\/blogdofarnesio.com.br\\\/wp-content\\\/uploads\\\/2026\\\/03\\\/cropped-logo_new-1.png\",\"width\":881,\"height\":685,\"caption\":\"Blog do Farn\u00e9sio\"},\"image\":{\"@id\":\"https:\\\/\\\/blogdofarnesio.com.br\\\/#\\\/schema\\\/logo\\\/image\\\/\"},\"sameAs\":[\"https:\\\/\\\/www.facebook.com\\\/BlogQuerSaberPolitica\\\/\"]},{\"@type\":\"Person\",\"@id\":\"https:\\\/\\\/blogdofarnesio.com.br\\\/#\\\/schema\\\/person\\\/bb9b23ae3ad0609ce8df7b6c9e76824d\",\"name\":\"Farn\u00e9sio\",\"image\":{\"@type\":\"ImageObject\",\"inLanguage\":\"pt-BR\",\"@id\":\"https:\\\/\\\/secure.gravatar.com\\\/avatar\\\/986aa4c61ccdb66f8555bf88fc2a65609d00bcabd4d2d94377a727547345cbca?s=96&d=mm&r=g\",\"url\":\"https:\\\/\\\/secure.gravatar.com\\\/avatar\\\/986aa4c61ccdb66f8555bf88fc2a65609d00bcabd4d2d94377a727547345cbca?s=96&d=mm&r=g\",\"contentUrl\":\"https:\\\/\\\/secure.gravatar.com\\\/avatar\\\/986aa4c61ccdb66f8555bf88fc2a65609d00bcabd4d2d94377a727547345cbca?s=96&d=mm&r=g\",\"caption\":\"Farn\u00e9sio\"},\"description\":\"Radialista blogueiro, chegou a Petrolina\\\/Juazeiro em setembro de 1980, Farn\u00e9sio Silva \u00e9 de Arapiraca-Alagoas.\",\"sameAs\":[\"http:\\\/\\\/blogdofarnesio.com.br\",\"https:\\\/\\\/www.facebook.com\\\/?ref=tn_tnmn\",\"https:\\\/\\\/www.instagram.com\\\/?utm_source=pwa_homescreen\",\"https:\\\/\\\/youtube.com.br\\\/\"],\"url\":\"https:\\\/\\\/blogdofarnesio.com.br\\\/?author=2\"}]}<\/script>\n<!-- \/ Yoast SEO plugin. -->","yoast_head_json":{"title":"C\u00e2mara Municipal de Juazeiro inicia per\u00edodo legislativo 2024 nesta ter\u00e7a-feira (20) - Blog do Farn\u00e9sio","robots":{"index":"index","follow":"follow","max-snippet":"max-snippet:-1","max-image-preview":"max-image-preview:large","max-video-preview":"max-video-preview:-1"},"canonical":"https:\/\/blogdofarnesio.com.br\/?p=361641","og_locale":"pt_BR","og_type":"article","og_title":"C\u00e2mara Municipal de Juazeiro inicia per\u00edodo legislativo 2024 nesta ter\u00e7a-feira (20) - Blog do Farn\u00e9sio","og_description":"Os vereadores de Juazeiro, no norte da Bahia, retornar\u00e3o ao trabalho amanh\u00e3 (20). A partir das 9h30 a primeira sess\u00e3o plen\u00e1ria da Casa Legislativa &#8211; Apr\u00edgio Duarte Filho, ter\u00e1 a abertura oficial dos trabalhos, contando com a presen\u00e7a da prefeita Suzana Ramos e do vice-prefeito Leonardo Bandeira, para a abertura solene das atividades parlamentares. A sess\u00e3o marca o in\u00edcio da abertura do primeiro semestre de 2024, quarto e \u00faltimo ano da legislatura da Casa. Os recessos parlamentares da C\u00e2mara de Juazeiro s\u00e3o regulamentados tanto pelo Regimento Interno quanto pela Lei Org\u00e2nica do Munic\u00edpio (LOM). O presidente da C\u00e2mara, o vereador Berg da Carna\u00edba, enfatiza o compromisso dos edis para com a cria\u00e7\u00e3o de leis e indica\u00e7\u00f5es de a\u00e7\u00f5es ao Poder&hellip;","og_url":"https:\/\/blogdofarnesio.com.br\/?p=361641","og_site_name":"Blog do Farn\u00e9sio","article_publisher":"https:\/\/www.facebook.com\/BlogQuerSaberPolitica\/","article_author":"https:\/\/www.facebook.com\/?ref=tn_tnmn","article_published_time":"2024-02-19T12:02:46+00:00","og_image":[{"width":420,"height":224,"url":"https:\/\/blogdofarnesio.com.br\/wp-content\/uploads\/2017\/01\/blogqsp_camaraJua_Foto-Farn\u00e9sio-Silva-3.jpg","type":"image\/jpeg"}],"author":"Farn\u00e9sio","twitter_card":"summary_large_image","twitter_misc":{"Escrito por":"Farn\u00e9sio","Est. tempo de leitura":"2 minutos"},"schema":{"@context":"https:\/\/schema.org","@graph":[{"@type":"Article","@id":"https:\/\/blogdofarnesio.com.br\/?p=361641#article","isPartOf":{"@id":"https:\/\/blogdofarnesio.com.br\/?p=361641"},"author":{"name":"Farn\u00e9sio","@id":"https:\/\/blogdofarnesio.com.br\/#\/schema\/person\/bb9b23ae3ad0609ce8df7b6c9e76824d"},"headline":"C\u00e2mara Municipal de Juazeiro inicia per\u00edodo legislativo 2024 nesta ter\u00e7a-feira (20)","datePublished":"2024-02-19T12:02:46+00:00","mainEntityOfPage":{"@id":"https:\/\/blogdofarnesio.com.br\/?p=361641"},"wordCount":241,"commentCount":0,"publisher":{"@id":"https:\/\/blogdofarnesio.com.br\/#organization"},"image":{"@id":"https:\/\/blogdofarnesio.com.br\/?p=361641#primaryimage"},"thumbnailUrl":"https:\/\/blogdofarnesio.com.br\/wp-content\/uploads\/2017\/01\/blogqsp_camaraJua_Foto-Farn\u00e9sio-Silva-3.jpg","articleSection":["Pol\u00edtica"],"inLanguage":"pt-BR","potentialAction":[{"@type":"CommentAction","name":"Comment","target":["https:\/\/blogdofarnesio.com.br\/?p=361641#respond"]}]},{"@type":"WebPage","@id":"https:\/\/blogdofarnesio.com.br\/?p=361641","url":"https:\/\/blogdofarnesio.com.br\/?p=361641","name":"C\u00e2mara Municipal de Juazeiro inicia per\u00edodo legislativo 2024 nesta ter\u00e7a-feira (20) - Blog do Farn\u00e9sio","isPartOf":{"@id":"https:\/\/blogdofarnesio.com.br\/#website"},"primaryImageOfPage":{"@id":"https:\/\/blogdofarnesio.com.br\/?p=361641#primaryimage"},"image":{"@id":"https:\/\/blogdofarnesio.com.br\/?p=361641#primaryimage"},"thumbnailUrl":"https:\/\/blogdofarnesio.com.br\/wp-content\/uploads\/2017\/01\/blogqsp_camaraJua_Foto-Farn\u00e9sio-Silva-3.jpg","datePublished":"2024-02-19T12:02:46+00:00","breadcrumb":{"@id":"https:\/\/blogdofarnesio.com.br\/?p=361641#breadcrumb"},"inLanguage":"pt-BR","potentialAction":[{"@type":"ReadAction","target":["https:\/\/blogdofarnesio.com.br\/?p=361641"]}]},{"@type":"ImageObject","inLanguage":"pt-BR","@id":"https:\/\/blogdofarnesio.com.br\/?p=361641#primaryimage","url":"https:\/\/blogdofarnesio.com.br\/wp-content\/uploads\/2017\/01\/blogqsp_camaraJua_Foto-Farn\u00e9sio-Silva-3.jpg","contentUrl":"https:\/\/blogdofarnesio.com.br\/wp-content\/uploads\/2017\/01\/blogqsp_camaraJua_Foto-Farn\u00e9sio-Silva-3.jpg","width":420,"height":224,"caption":"Camara de veradores Juazeiro-BA FotoFarn\u00e9sio Silva"},{"@type":"BreadcrumbList","@id":"https:\/\/blogdofarnesio.com.br\/?p=361641#breadcrumb","itemListElement":[{"@type":"ListItem","position":1,"name":"In\u00edcio","item":"https:\/\/blogdofarnesio.com.br\/"},{"@type":"ListItem","position":2,"name":"C\u00e2mara Municipal de Juazeiro inicia per\u00edodo legislativo 2024 nesta ter\u00e7a-feira (20)"}]},{"@type":"WebSite","@id":"https:\/\/blogdofarnesio.com.br\/#website","url":"https:\/\/blogdofarnesio.com.br\/","name":"Blog do Farn\u00e9sio","description":"Quer Saber Pol\u00edtica?","publisher":{"@id":"https:\/\/blogdofarnesio.com.br\/#organization"},"potentialAction":[{"@type":"SearchAction","target":{"@type":"EntryPoint","urlTemplate":"https:\/\/blogdofarnesio.com.br\/?s={search_term_string}"},"query-input":{"@type":"PropertyValueSpecification","valueRequired":true,"valueName":"search_term_string"}}],"inLanguage":"pt-BR"},{"@type":"Organization","@id":"https:\/\/blogdofarnesio.com.br\/#organization","name":"Blog do Farn\u00e9sio","url":"https:\/\/blogdofarnesio.com.br\/","logo":{"@type":"ImageObject","inLanguage":"pt-BR","@id":"https:\/\/blogdofarnesio.com.br\/#\/schema\/logo\/image\/","url":"https:\/\/blogdofarnesio.com.br\/wp-content\/uploads\/2026\/03\/cropped-logo_new-1.png","contentUrl":"https:\/\/blogdofarnesio.com.br\/wp-content\/uploads\/2026\/03\/cropped-logo_new-1.png","width":881,"height":685,"caption":"Blog do Farn\u00e9sio"},"image":{"@id":"https:\/\/blogdofarnesio.com.br\/#\/schema\/logo\/image\/"},"sameAs":["https:\/\/www.facebook.com\/BlogQuerSaberPolitica\/"]},{"@type":"Person","@id":"https:\/\/blogdofarnesio.com.br\/#\/schema\/person\/bb9b23ae3ad0609ce8df7b6c9e76824d","name":"Farn\u00e9sio","image":{"@type":"ImageObject","inLanguage":"pt-BR","@id":"https:\/\/secure.gravatar.com\/avatar\/986aa4c61ccdb66f8555bf88fc2a65609d00bcabd4d2d94377a727547345cbca?s=96&d=mm&r=g","url":"https:\/\/secure.gravatar.com\/avatar\/986aa4c61ccdb66f8555bf88fc2a65609d00bcabd4d2d94377a727547345cbca?s=96&d=mm&r=g","contentUrl":"https:\/\/secure.gravatar.com\/avatar\/986aa4c61ccdb66f8555bf88fc2a65609d00bcabd4d2d94377a727547345cbca?s=96&d=mm&r=g","caption":"Farn\u00e9sio"},"description":"Radialista blogueiro, chegou a Petrolina\/Juazeiro em setembro de 1980, Farn\u00e9sio Silva \u00e9 de Arapiraca-Alagoas.","sameAs":["http:\/\/blogdofarnesio.com.br","https:\/\/www.facebook.com\/?ref=tn_tnmn","https:\/\/www.instagram.com\/?utm_source=pwa_homescreen","https:\/\/youtube.com.br\/"],"url":"https:\/\/blogdofarnesio.com.br\/?author=2"}]}},"_links":{"self":[{"href":"https:\/\/blogdofarnesio.com.br\/index.php?rest_route=\/wp\/v2\/posts\/361641","targetHints":{"allow":["GET"]}}],"collection":[{"href":"https:\/\/blogdofarnesio.com.br\/index.php?rest_route=\/wp\/v2\/posts"}],"about":[{"href":"https:\/\/blogdofarnesio.com.br\/index.php?rest_route=\/wp\/v2\/types\/post"}],"author":[{"embeddable":true,"href":"https:\/\/blogdofarnesio.com.br\/index.php?rest_route=\/wp\/v2\/users\/2"}],"replies":[{"embeddable":true,"href":"https:\/\/blogdofarnesio.com.br\/index.php?rest_route=%2Fwp%2Fv2%2Fcomments&post=361641"}],"version-history":[{"count":0,"href":"https:\/\/blogdofarnesio.com.br\/index.php?rest_route=\/wp\/v2\/posts\/361641\/revisions"}],"wp:featuredmedia":[{"embeddable":true,"href":"https:\/\/blogdofarnesio.com.br\/index.php?rest_route=\/wp\/v2\/media\/153825"}],"wp:attachment":[{"href":"https:\/\/blogdofarnesio.com.br\/index.php?rest_route=%2Fwp%2Fv2%2Fmedia&parent=361641"}],"wp:term":[{"taxonomy":"category","embeddable":true,"href":"https:\/\/blogdofarnesio.com.br\/index.php?rest_route=%2Fwp%2Fv2%2Fcategories&post=361641"},{"taxonomy":"post_tag","embeddable":true,"href":"https:\/\/blogdofarnesio.com.br\/index.php?rest_route=%2Fwp%2Fv2%2Ftags&post=361641"}],"curies":[{"name":"wp","href":"https:\/\/api.w.org\/{rel}","templated":true}]}}