{"id":361511,"date":"2024-02-16T09:42:22","date_gmt":"2024-02-16T12:42:22","guid":{"rendered":"https:\/\/blogdofarnesio.com.br\/?p=361511"},"modified":"2024-02-16T08:56:26","modified_gmt":"2024-02-16T11:56:26","slug":"prefeitura-de-petrolina-prioriza-patrolamento-e-tapa-buracos-em-rota-escolar-da-comunidade","status":"publish","type":"post","link":"https:\/\/blogdofarnesio.com.br\/?p=361511","title":{"rendered":"Prefeitura de Petrolina prioriza patrolamento e tapa-buracos em rota escolar da comunidade"},"content":{"rendered":"<p>Desde o feriado de Carnaval as equipes da Prefeitura de Petrolina, atrav\u00e9s da Secretaria de Agricultura, est\u00e3o atuando no melhoramento de vias que fazem parte da rota escolar da comunidade do Muqu\u00e9m, na \u00e1rea ribeirinha do munic\u00edpio. A a\u00e7\u00e3o acontece de maneira emergencial logo ap\u00f3s levantamento realizado e atualizado constantemente pela Secretaria junto \u00e0s localidades.<\/p>\n<p>At\u00e9 o momento, cerca de cinco quil\u00f4metros foram recuperados no Muqu\u00e9m e os servi\u00e7os de reparo continuar\u00e3o atuando para a melhoria das estradas vicinais e, dessa forma, garantir mais seguran\u00e7a e conforto. Esses trechos s\u00e3o essenciais no tr\u00e1fego de transportes escolares e com certeza a a\u00e7\u00e3o viabilizar\u00e1 melhor acesso a todos que precisam se locomover por essas vias, inclusive, para o escoamento da produ\u00e7\u00e3o da agricultura familiar local.<\/p>\n","protected":false},"excerpt":{"rendered":"<p>Desde o feriado de Carnaval as equipes da Prefeitura de Petrolina, atrav\u00e9s da Secretaria de Agricultura, est\u00e3o atuando no melhoramento de vias que fazem parte da rota escolar da comunidade do Muqu\u00e9m, na \u00e1rea ribeirinha do munic\u00edpio. A a\u00e7\u00e3o acontece de maneira emergencial logo ap\u00f3s levantamento realizado e atualizado constantemente pela Secretaria junto \u00e0s localidades. At\u00e9 o momento, cerca de cinco quil\u00f4metros foram recuperados no Muqu\u00e9m e os servi\u00e7os de reparo continuar\u00e3o atuando para a melhoria das estradas vicinais e, dessa forma, garantir mais seguran\u00e7a e conforto. Esses trechos s\u00e3o essenciais no tr\u00e1fego de transportes escolares e com certeza a a\u00e7\u00e3o viabilizar\u00e1 melhor acesso a todos que precisam se locomover por essas vias, inclusive, para o escoamento da produ\u00e7\u00e3o da&hellip; <\/p>\n","protected":false},"author":2,"featured_media":297731,"comment_status":"open","ping_status":"open","sticky":false,"template":"","format":"standard","meta":{"_acf_changed":false,"footnotes":""},"categories":[17],"tags":[],"class_list":["post-361511","post","type-post","status-publish","format-standard","has-post-thumbnail","hentry","category-estradas"],"acf":[],"yoast_head":"<!-- This site is optimized with the Yoast SEO plugin v27.4 - https:\/\/yoast.com\/product\/yoast-seo-wordpress\/ -->\n<title>Prefeitura de Petrolina prioriza patrolamento e tapa-buracos em rota escolar da comunidade - Blog do Farn\u00e9sio<\/title>\n<meta name=\"robots\" content=\"index, follow, max-snippet:-1, max-image-preview:large, max-video-preview:-1\" \/>\n<link rel=\"canonical\" href=\"https:\/\/blogdofarnesio.com.br\/?p=361511\" \/>\n<meta property=\"og:locale\" content=\"pt_BR\" \/>\n<meta property=\"og:type\" content=\"article\" \/>\n<meta property=\"og:title\" content=\"Prefeitura de Petrolina prioriza patrolamento e tapa-buracos em rota escolar da comunidade - Blog do Farn\u00e9sio\" \/>\n<meta property=\"og:description\" content=\"Desde o feriado de Carnaval as equipes da Prefeitura de Petrolina, atrav\u00e9s da Secretaria de Agricultura, est\u00e3o atuando no melhoramento de vias que fazem parte da rota escolar da comunidade do Muqu\u00e9m, na \u00e1rea ribeirinha do munic\u00edpio. A a\u00e7\u00e3o acontece de maneira emergencial logo ap\u00f3s levantamento realizado e atualizado constantemente pela Secretaria junto \u00e0s localidades. At\u00e9 o momento, cerca de cinco quil\u00f4metros foram recuperados no Muqu\u00e9m e os servi\u00e7os de reparo continuar\u00e3o atuando para a melhoria das estradas vicinais e, dessa forma, garantir mais seguran\u00e7a e conforto. Esses trechos s\u00e3o essenciais no tr\u00e1fego de transportes escolares e com certeza a a\u00e7\u00e3o viabilizar\u00e1 melhor acesso a todos que precisam se locomover por essas vias, inclusive, para o escoamento da produ\u00e7\u00e3o da&hellip;\" \/>\n<meta property=\"og:url\" content=\"https:\/\/blogdofarnesio.com.br\/?p=361511\" \/>\n<meta property=\"og:site_name\" content=\"Blog do Farn\u00e9sio\" \/>\n<meta property=\"article:publisher\" content=\"https:\/\/www.facebook.com\/BlogQuerSaberPolitica\/\" \/>\n<meta property=\"article:author\" content=\"https:\/\/www.facebook.com\/?ref=tn_tnmn\" \/>\n<meta property=\"article:published_time\" content=\"2024-02-16T12:42:22+00:00\" \/>\n<meta property=\"og:image\" content=\"https:\/\/blogdofarnesio.com.br\/wp-content\/uploads\/2021\/10\/blogqsppet-patrolamento-estradapontadaserra.jpg\" \/>\n\t<meta property=\"og:image:width\" content=\"450\" \/>\n\t<meta property=\"og:image:height\" content=\"333\" \/>\n\t<meta property=\"og:image:type\" content=\"image\/jpeg\" \/>\n<meta name=\"author\" content=\"Farn\u00e9sio\" \/>\n<meta name=\"twitter:card\" content=\"summary_large_image\" \/>\n<meta name=\"twitter:label1\" content=\"Escrito por\" \/>\n\t<meta name=\"twitter:data1\" content=\"Farn\u00e9sio\" \/>\n\t<meta name=\"twitter:label2\" content=\"Est. tempo de leitura\" \/>\n\t<meta name=\"twitter:data2\" content=\"1 minuto\" \/>\n<script type=\"application\/ld+json\" class=\"yoast-schema-graph\">{\"@context\":\"https:\\\/\\\/schema.org\",\"@graph\":[{\"@type\":\"Article\",\"@id\":\"https:\\\/\\\/blogdofarnesio.com.br\\\/?p=361511#article\",\"isPartOf\":{\"@id\":\"https:\\\/\\\/blogdofarnesio.com.br\\\/?p=361511\"},\"author\":{\"name\":\"Farn\u00e9sio\",\"@id\":\"https:\\\/\\\/blogdofarnesio.com.br\\\/#\\\/schema\\\/person\\\/bb9b23ae3ad0609ce8df7b6c9e76824d\"},\"headline\":\"Prefeitura de Petrolina prioriza patrolamento e tapa-buracos em rota escolar da comunidade\",\"datePublished\":\"2024-02-16T12:42:22+00:00\",\"mainEntityOfPage\":{\"@id\":\"https:\\\/\\\/blogdofarnesio.com.br\\\/?p=361511\"},\"wordCount\":150,\"commentCount\":0,\"publisher\":{\"@id\":\"https:\\\/\\\/blogdofarnesio.com.br\\\/#organization\"},\"image\":{\"@id\":\"https:\\\/\\\/blogdofarnesio.com.br\\\/?p=361511#primaryimage\"},\"thumbnailUrl\":\"https:\\\/\\\/blogdofarnesio.com.br\\\/wp-content\\\/uploads\\\/2021\\\/10\\\/blogqsppet-patrolamento-estradapontadaserra.jpg\",\"articleSection\":[\"Estradas\"],\"inLanguage\":\"pt-BR\",\"potentialAction\":[{\"@type\":\"CommentAction\",\"name\":\"Comment\",\"target\":[\"https:\\\/\\\/blogdofarnesio.com.br\\\/?p=361511#respond\"]}]},{\"@type\":\"WebPage\",\"@id\":\"https:\\\/\\\/blogdofarnesio.com.br\\\/?p=361511\",\"url\":\"https:\\\/\\\/blogdofarnesio.com.br\\\/?p=361511\",\"name\":\"Prefeitura de Petrolina prioriza patrolamento e tapa-buracos em rota escolar da comunidade - Blog do Farn\u00e9sio\",\"isPartOf\":{\"@id\":\"https:\\\/\\\/blogdofarnesio.com.br\\\/#website\"},\"primaryImageOfPage\":{\"@id\":\"https:\\\/\\\/blogdofarnesio.com.br\\\/?p=361511#primaryimage\"},\"image\":{\"@id\":\"https:\\\/\\\/blogdofarnesio.com.br\\\/?p=361511#primaryimage\"},\"thumbnailUrl\":\"https:\\\/\\\/blogdofarnesio.com.br\\\/wp-content\\\/uploads\\\/2021\\\/10\\\/blogqsppet-patrolamento-estradapontadaserra.jpg\",\"datePublished\":\"2024-02-16T12:42:22+00:00\",\"breadcrumb\":{\"@id\":\"https:\\\/\\\/blogdofarnesio.com.br\\\/?p=361511#breadcrumb\"},\"inLanguage\":\"pt-BR\",\"potentialAction\":[{\"@type\":\"ReadAction\",\"target\":[\"https:\\\/\\\/blogdofarnesio.com.br\\\/?p=361511\"]}]},{\"@type\":\"ImageObject\",\"inLanguage\":\"pt-BR\",\"@id\":\"https:\\\/\\\/blogdofarnesio.com.br\\\/?p=361511#primaryimage\",\"url\":\"https:\\\/\\\/blogdofarnesio.com.br\\\/wp-content\\\/uploads\\\/2021\\\/10\\\/blogqsppet-patrolamento-estradapontadaserra.jpg\",\"contentUrl\":\"https:\\\/\\\/blogdofarnesio.com.br\\\/wp-content\\\/uploads\\\/2021\\\/10\\\/blogqsppet-patrolamento-estradapontadaserra.jpg\",\"width\":450,\"height\":333},{\"@type\":\"BreadcrumbList\",\"@id\":\"https:\\\/\\\/blogdofarnesio.com.br\\\/?p=361511#breadcrumb\",\"itemListElement\":[{\"@type\":\"ListItem\",\"position\":1,\"name\":\"In\u00edcio\",\"item\":\"https:\\\/\\\/blogdofarnesio.com.br\\\/\"},{\"@type\":\"ListItem\",\"position\":2,\"name\":\"Prefeitura de Petrolina prioriza patrolamento e tapa-buracos em rota escolar da comunidade\"}]},{\"@type\":\"WebSite\",\"@id\":\"https:\\\/\\\/blogdofarnesio.com.br\\\/#website\",\"url\":\"https:\\\/\\\/blogdofarnesio.com.br\\\/\",\"name\":\"Blog do Farn\u00e9sio\",\"description\":\"Quer Saber Pol\u00edtica?\",\"publisher\":{\"@id\":\"https:\\\/\\\/blogdofarnesio.com.br\\\/#organization\"},\"potentialAction\":[{\"@type\":\"SearchAction\",\"target\":{\"@type\":\"EntryPoint\",\"urlTemplate\":\"https:\\\/\\\/blogdofarnesio.com.br\\\/?s={search_term_string}\"},\"query-input\":{\"@type\":\"PropertyValueSpecification\",\"valueRequired\":true,\"valueName\":\"search_term_string\"}}],\"inLanguage\":\"pt-BR\"},{\"@type\":\"Organization\",\"@id\":\"https:\\\/\\\/blogdofarnesio.com.br\\\/#organization\",\"name\":\"Blog do Farn\u00e9sio\",\"url\":\"https:\\\/\\\/blogdofarnesio.com.br\\\/\",\"logo\":{\"@type\":\"ImageObject\",\"inLanguage\":\"pt-BR\",\"@id\":\"https:\\\/\\\/blogdofarnesio.com.br\\\/#\\\/schema\\\/logo\\\/image\\\/\",\"url\":\"https:\\\/\\\/blogdofarnesio.com.br\\\/wp-content\\\/uploads\\\/2026\\\/03\\\/cropped-logo_new-1.png\",\"contentUrl\":\"https:\\\/\\\/blogdofarnesio.com.br\\\/wp-content\\\/uploads\\\/2026\\\/03\\\/cropped-logo_new-1.png\",\"width\":881,\"height\":685,\"caption\":\"Blog do Farn\u00e9sio\"},\"image\":{\"@id\":\"https:\\\/\\\/blogdofarnesio.com.br\\\/#\\\/schema\\\/logo\\\/image\\\/\"},\"sameAs\":[\"https:\\\/\\\/www.facebook.com\\\/BlogQuerSaberPolitica\\\/\"]},{\"@type\":\"Person\",\"@id\":\"https:\\\/\\\/blogdofarnesio.com.br\\\/#\\\/schema\\\/person\\\/bb9b23ae3ad0609ce8df7b6c9e76824d\",\"name\":\"Farn\u00e9sio\",\"image\":{\"@type\":\"ImageObject\",\"inLanguage\":\"pt-BR\",\"@id\":\"https:\\\/\\\/secure.gravatar.com\\\/avatar\\\/986aa4c61ccdb66f8555bf88fc2a65609d00bcabd4d2d94377a727547345cbca?s=96&d=mm&r=g\",\"url\":\"https:\\\/\\\/secure.gravatar.com\\\/avatar\\\/986aa4c61ccdb66f8555bf88fc2a65609d00bcabd4d2d94377a727547345cbca?s=96&d=mm&r=g\",\"contentUrl\":\"https:\\\/\\\/secure.gravatar.com\\\/avatar\\\/986aa4c61ccdb66f8555bf88fc2a65609d00bcabd4d2d94377a727547345cbca?s=96&d=mm&r=g\",\"caption\":\"Farn\u00e9sio\"},\"description\":\"Radialista blogueiro, chegou a Petrolina\\\/Juazeiro em setembro de 1980, Farn\u00e9sio Silva \u00e9 de Arapiraca-Alagoas.\",\"sameAs\":[\"http:\\\/\\\/blogdofarnesio.com.br\",\"https:\\\/\\\/www.facebook.com\\\/?ref=tn_tnmn\",\"https:\\\/\\\/www.instagram.com\\\/?utm_source=pwa_homescreen\",\"https:\\\/\\\/youtube.com.br\\\/\"],\"url\":\"https:\\\/\\\/blogdofarnesio.com.br\\\/?author=2\"}]}<\/script>\n<!-- \/ Yoast SEO plugin. -->","yoast_head_json":{"title":"Prefeitura de Petrolina prioriza patrolamento e tapa-buracos em rota escolar da comunidade - Blog do Farn\u00e9sio","robots":{"index":"index","follow":"follow","max-snippet":"max-snippet:-1","max-image-preview":"max-image-preview:large","max-video-preview":"max-video-preview:-1"},"canonical":"https:\/\/blogdofarnesio.com.br\/?p=361511","og_locale":"pt_BR","og_type":"article","og_title":"Prefeitura de Petrolina prioriza patrolamento e tapa-buracos em rota escolar da comunidade - Blog do Farn\u00e9sio","og_description":"Desde o feriado de Carnaval as equipes da Prefeitura de Petrolina, atrav\u00e9s da Secretaria de Agricultura, est\u00e3o atuando no melhoramento de vias que fazem parte da rota escolar da comunidade do Muqu\u00e9m, na \u00e1rea ribeirinha do munic\u00edpio. A a\u00e7\u00e3o acontece de maneira emergencial logo ap\u00f3s levantamento realizado e atualizado constantemente pela Secretaria junto \u00e0s localidades. At\u00e9 o momento, cerca de cinco quil\u00f4metros foram recuperados no Muqu\u00e9m e os servi\u00e7os de reparo continuar\u00e3o atuando para a melhoria das estradas vicinais e, dessa forma, garantir mais seguran\u00e7a e conforto. Esses trechos s\u00e3o essenciais no tr\u00e1fego de transportes escolares e com certeza a a\u00e7\u00e3o viabilizar\u00e1 melhor acesso a todos que precisam se locomover por essas vias, inclusive, para o escoamento da produ\u00e7\u00e3o da&hellip;","og_url":"https:\/\/blogdofarnesio.com.br\/?p=361511","og_site_name":"Blog do Farn\u00e9sio","article_publisher":"https:\/\/www.facebook.com\/BlogQuerSaberPolitica\/","article_author":"https:\/\/www.facebook.com\/?ref=tn_tnmn","article_published_time":"2024-02-16T12:42:22+00:00","og_image":[{"width":450,"height":333,"url":"https:\/\/blogdofarnesio.com.br\/wp-content\/uploads\/2021\/10\/blogqsppet-patrolamento-estradapontadaserra.jpg","type":"image\/jpeg"}],"author":"Farn\u00e9sio","twitter_card":"summary_large_image","twitter_misc":{"Escrito por":"Farn\u00e9sio","Est. tempo de leitura":"1 minuto"},"schema":{"@context":"https:\/\/schema.org","@graph":[{"@type":"Article","@id":"https:\/\/blogdofarnesio.com.br\/?p=361511#article","isPartOf":{"@id":"https:\/\/blogdofarnesio.com.br\/?p=361511"},"author":{"name":"Farn\u00e9sio","@id":"https:\/\/blogdofarnesio.com.br\/#\/schema\/person\/bb9b23ae3ad0609ce8df7b6c9e76824d"},"headline":"Prefeitura de Petrolina prioriza patrolamento e tapa-buracos em rota escolar da comunidade","datePublished":"2024-02-16T12:42:22+00:00","mainEntityOfPage":{"@id":"https:\/\/blogdofarnesio.com.br\/?p=361511"},"wordCount":150,"commentCount":0,"publisher":{"@id":"https:\/\/blogdofarnesio.com.br\/#organization"},"image":{"@id":"https:\/\/blogdofarnesio.com.br\/?p=361511#primaryimage"},"thumbnailUrl":"https:\/\/blogdofarnesio.com.br\/wp-content\/uploads\/2021\/10\/blogqsppet-patrolamento-estradapontadaserra.jpg","articleSection":["Estradas"],"inLanguage":"pt-BR","potentialAction":[{"@type":"CommentAction","name":"Comment","target":["https:\/\/blogdofarnesio.com.br\/?p=361511#respond"]}]},{"@type":"WebPage","@id":"https:\/\/blogdofarnesio.com.br\/?p=361511","url":"https:\/\/blogdofarnesio.com.br\/?p=361511","name":"Prefeitura de Petrolina prioriza patrolamento e tapa-buracos em rota escolar da comunidade - Blog do Farn\u00e9sio","isPartOf":{"@id":"https:\/\/blogdofarnesio.com.br\/#website"},"primaryImageOfPage":{"@id":"https:\/\/blogdofarnesio.com.br\/?p=361511#primaryimage"},"image":{"@id":"https:\/\/blogdofarnesio.com.br\/?p=361511#primaryimage"},"thumbnailUrl":"https:\/\/blogdofarnesio.com.br\/wp-content\/uploads\/2021\/10\/blogqsppet-patrolamento-estradapontadaserra.jpg","datePublished":"2024-02-16T12:42:22+00:00","breadcrumb":{"@id":"https:\/\/blogdofarnesio.com.br\/?p=361511#breadcrumb"},"inLanguage":"pt-BR","potentialAction":[{"@type":"ReadAction","target":["https:\/\/blogdofarnesio.com.br\/?p=361511"]}]},{"@type":"ImageObject","inLanguage":"pt-BR","@id":"https:\/\/blogdofarnesio.com.br\/?p=361511#primaryimage","url":"https:\/\/blogdofarnesio.com.br\/wp-content\/uploads\/2021\/10\/blogqsppet-patrolamento-estradapontadaserra.jpg","contentUrl":"https:\/\/blogdofarnesio.com.br\/wp-content\/uploads\/2021\/10\/blogqsppet-patrolamento-estradapontadaserra.jpg","width":450,"height":333},{"@type":"BreadcrumbList","@id":"https:\/\/blogdofarnesio.com.br\/?p=361511#breadcrumb","itemListElement":[{"@type":"ListItem","position":1,"name":"In\u00edcio","item":"https:\/\/blogdofarnesio.com.br\/"},{"@type":"ListItem","position":2,"name":"Prefeitura de Petrolina prioriza patrolamento e tapa-buracos em rota escolar da comunidade"}]},{"@type":"WebSite","@id":"https:\/\/blogdofarnesio.com.br\/#website","url":"https:\/\/blogdofarnesio.com.br\/","name":"Blog do Farn\u00e9sio","description":"Quer Saber Pol\u00edtica?","publisher":{"@id":"https:\/\/blogdofarnesio.com.br\/#organization"},"potentialAction":[{"@type":"SearchAction","target":{"@type":"EntryPoint","urlTemplate":"https:\/\/blogdofarnesio.com.br\/?s={search_term_string}"},"query-input":{"@type":"PropertyValueSpecification","valueRequired":true,"valueName":"search_term_string"}}],"inLanguage":"pt-BR"},{"@type":"Organization","@id":"https:\/\/blogdofarnesio.com.br\/#organization","name":"Blog do Farn\u00e9sio","url":"https:\/\/blogdofarnesio.com.br\/","logo":{"@type":"ImageObject","inLanguage":"pt-BR","@id":"https:\/\/blogdofarnesio.com.br\/#\/schema\/logo\/image\/","url":"https:\/\/blogdofarnesio.com.br\/wp-content\/uploads\/2026\/03\/cropped-logo_new-1.png","contentUrl":"https:\/\/blogdofarnesio.com.br\/wp-content\/uploads\/2026\/03\/cropped-logo_new-1.png","width":881,"height":685,"caption":"Blog do Farn\u00e9sio"},"image":{"@id":"https:\/\/blogdofarnesio.com.br\/#\/schema\/logo\/image\/"},"sameAs":["https:\/\/www.facebook.com\/BlogQuerSaberPolitica\/"]},{"@type":"Person","@id":"https:\/\/blogdofarnesio.com.br\/#\/schema\/person\/bb9b23ae3ad0609ce8df7b6c9e76824d","name":"Farn\u00e9sio","image":{"@type":"ImageObject","inLanguage":"pt-BR","@id":"https:\/\/secure.gravatar.com\/avatar\/986aa4c61ccdb66f8555bf88fc2a65609d00bcabd4d2d94377a727547345cbca?s=96&d=mm&r=g","url":"https:\/\/secure.gravatar.com\/avatar\/986aa4c61ccdb66f8555bf88fc2a65609d00bcabd4d2d94377a727547345cbca?s=96&d=mm&r=g","contentUrl":"https:\/\/secure.gravatar.com\/avatar\/986aa4c61ccdb66f8555bf88fc2a65609d00bcabd4d2d94377a727547345cbca?s=96&d=mm&r=g","caption":"Farn\u00e9sio"},"description":"Radialista blogueiro, chegou a Petrolina\/Juazeiro em setembro de 1980, Farn\u00e9sio Silva \u00e9 de Arapiraca-Alagoas.","sameAs":["http:\/\/blogdofarnesio.com.br","https:\/\/www.facebook.com\/?ref=tn_tnmn","https:\/\/www.instagram.com\/?utm_source=pwa_homescreen","https:\/\/youtube.com.br\/"],"url":"https:\/\/blogdofarnesio.com.br\/?author=2"}]}},"_links":{"self":[{"href":"https:\/\/blogdofarnesio.com.br\/index.php?rest_route=\/wp\/v2\/posts\/361511","targetHints":{"allow":["GET"]}}],"collection":[{"href":"https:\/\/blogdofarnesio.com.br\/index.php?rest_route=\/wp\/v2\/posts"}],"about":[{"href":"https:\/\/blogdofarnesio.com.br\/index.php?rest_route=\/wp\/v2\/types\/post"}],"author":[{"embeddable":true,"href":"https:\/\/blogdofarnesio.com.br\/index.php?rest_route=\/wp\/v2\/users\/2"}],"replies":[{"embeddable":true,"href":"https:\/\/blogdofarnesio.com.br\/index.php?rest_route=%2Fwp%2Fv2%2Fcomments&post=361511"}],"version-history":[{"count":0,"href":"https:\/\/blogdofarnesio.com.br\/index.php?rest_route=\/wp\/v2\/posts\/361511\/revisions"}],"wp:featuredmedia":[{"embeddable":true,"href":"https:\/\/blogdofarnesio.com.br\/index.php?rest_route=\/wp\/v2\/media\/297731"}],"wp:attachment":[{"href":"https:\/\/blogdofarnesio.com.br\/index.php?rest_route=%2Fwp%2Fv2%2Fmedia&parent=361511"}],"wp:term":[{"taxonomy":"category","embeddable":true,"href":"https:\/\/blogdofarnesio.com.br\/index.php?rest_route=%2Fwp%2Fv2%2Fcategories&post=361511"},{"taxonomy":"post_tag","embeddable":true,"href":"https:\/\/blogdofarnesio.com.br\/index.php?rest_route=%2Fwp%2Fv2%2Ftags&post=361511"}],"curies":[{"name":"wp","href":"https:\/\/api.w.org\/{rel}","templated":true}]}}