{"id":361451,"date":"2024-02-15T17:35:18","date_gmt":"2024-02-15T20:35:18","guid":{"rendered":"https:\/\/blogdofarnesio.com.br\/?p=361451"},"modified":"2024-02-15T14:52:29","modified_gmt":"2024-02-15T17:52:29","slug":"israel-parece-ter-primazia-de-nao-cumprir-decisoes-que-vem-da-onu-acusa-lula","status":"publish","type":"post","link":"https:\/\/blogdofarnesio.com.br\/?p=361451","title":{"rendered":"Israel parece ter primazia de n\u00e3o cumprir decis\u00f5es que v\u00eam da ONU, acusa Lula"},"content":{"rendered":"<div class=\"sc-c22b9e79-0 eVIuxM\">\n<div class=\"sc-b4c8ccf3-0 fsXNOt\">\n<div class=\"sc-b4c8ccf3-4 dxBsro\">Por Renato Machado | Folhapress\u00a0 &#8211;<\/div>\n<\/div>\n<div class=\"sc-c22b9e79-1 ouagm\">\n<div class=\"sc-c22b9e79-3 gGKeEu\">\n<p>O presidente Luiz In\u00e1cio Lula da Silva (PT) se encontrou na manh\u00e3 desta quinta-feira (15) com o ditador eg\u00edpcio Abdel Fattah al-Sisi, no Cairo, e voltou a criticar Israel por sua opera\u00e7\u00e3o militar na Faixa de Gaza. Em pronunciamento ao lado de Sisi, Lula afirmou: &#8220;O Conselho de Seguran\u00e7a n\u00e3o pode fazer nada na guerra entre Israel e [o Hamas na] Faixa de Gaza. A \u00fanica coisa que se pode fazer \u00e9 pedir paz pela imprensa, mas me parece que Israel tem a primazia de n\u00e3o cumprir nenhuma decis\u00e3o emanada da dire\u00e7\u00e3o das Na\u00e7\u00f5es Unidas&#8221;.<br \/>\nNo m\u00eas passado, a Corte Internacional de Justi\u00e7a (CIJ), principal \u00f3rg\u00e3o judici\u00e1rio da ONU, determinou que Tel Aviv tomasse medidas para evitar a\u00e7\u00f5es que pudessem levar ao genoc\u00eddio do povo palestino, ap\u00f3s peti\u00e7\u00e3o feita pela \u00c1frica do Sul. O tribunal, por\u00e9m, n\u00e3o determinou cessar-fogo imediato, e Israel manteve sua ofensiva e o cerco ao territ\u00f3rio palestino. O Brasil apoiou a demanda sul-africana.<br \/>\nLula declarou, mais uma vez, que &#8220;o Brasil condenou de forma veemente a posi\u00e7\u00e3o do Hamas no ataque a Israel e o sequestro de centenas de pessoas. Chamamos o ato de ato terrorista&#8221;. O presidente, no entanto, tornou a condenar a rea\u00e7\u00e3o de Tel Aviv. &#8220;Mas n\u00e3o tem nenhuma explica\u00e7\u00e3o o comportamento de Israel, a pretexto de derrotar o Hamas, estar matando mulheres e crian\u00e7as, coisa jamais vista em qualquer guerra de que tenho conhecimento.&#8221;<br \/>\nO presidente cobrou novamente uma reforma do sistema multilateral e de seus \u00f3rg\u00e3os, em especial o Conselho de Seguran\u00e7a. &#8220;O que \u00e9 lament\u00e1vel \u00e9 que as institui\u00e7\u00f5es multilaterais que foram criadas para ajudar a solucionar esses problemas n\u00e3o funcionam.&#8221; Segundo ele, &#8220;\u00e9 preciso que membros atores do Conselho de Seguran\u00e7a sejam atores pacifistas e n\u00e3o atores que fomentem a guerra&#8221;.<br \/>\nLula est\u00e1 no Cairo para tratar da guerra Israel-Hamas e da libera\u00e7\u00e3o dos brasileiros que ainda se encontram na regi\u00e3o.<br \/>\nA conversa ganhou uma nova import\u00e2ncia nos \u00faltimos dias, com o an\u00fancio de Israel de ampliar suas opera\u00e7\u00f5es militares na cidade de Rafah, que \u00e9 a \u00fanica sa\u00edda da Faixa de Gaza. A cidade concentra civis, entre eles mulheres e crian\u00e7as, que fugiram do conflito em outras regi\u00f5es palestinas.<br \/>\nA primeira parte da fala de Lula foi toda feita de improviso. Depois, ele passou a ler um discurso, no qual novamente abordou a guerra entre Israel e o grupo terrorista Hamas. Lula ent\u00e3o tamb\u00e9m voltou a defender a constru\u00e7\u00e3o de um Estado palestino vi\u00e1vel economicamente e soberano.<br \/>\n&#8220;\u00c9 urgente estabelecermos um cessar-fogo definitivo que permita a presta\u00e7\u00e3o de ajuda humanit\u00e1ria sustent\u00e1vel e desimpedida e [tamb\u00e9m a] imediata e incondicional libera\u00e7\u00e3o dos ref\u00e9ns&#8221;, afirmou.<br \/>\n&#8220;O Brasil \u00e9 terminantemente contr\u00e1rio \u00e0 tentativa de deslocamento for\u00e7ado do povo palestino. Por esse motivo, entre outros, o Brasil se manifestou em apoio ao processo instaurado na Corte Internacional da Justi\u00e7a pela \u00c1frica do Sul. N\u00e3o haver\u00e1 paz sem um Estado palestino convivendo lado a lado com Israel dentro de fronteiras mutuamente acordadas e internacionalmente reconhecidas&#8221;, declarou.<br \/>\nLula est\u00e1 em viagem de tr\u00eas dias ao continente africano, onde tamb\u00e9m vai passar pela Eti\u00f3pia. O brasileiro foi recebido por Sisi por volta de 11h (6h, no Brasil), em uma grande cerim\u00f4nia oficial no pal\u00e1cio presidencial do Egito.<br \/>\nNa sequ\u00eancia, os dois passaram para uma reuni\u00e3o bilateral fechada, na qual o conflito em Gaza seria um dos principais assuntos da pauta. Segundo interlocutores, Lula iria inicialmente agradecer ao ditador eg\u00edpcio por ter auxiliado nas a\u00e7\u00f5es de evacua\u00e7\u00e3o de brasileiros que estavam na zona de conflito.<br \/>\nAl\u00e9m disso, deveria solicitar apoio para retirar os brasileiros que ainda se encontram na regi\u00e3o. Segundo o escrit\u00f3rio do Brasil em Ramallah, h\u00e1 atualmente 10 cidad\u00e3os com dupla nacionalidade e outros nove familiares deles ou pessoas em processo de imigra\u00e7\u00e3o.<br \/>\nA nova escalada nas ofensivas de Israel gerou um alerta, por causa do potencial impacto sobre civis, em particular mulheres e crian\u00e7as.<br \/>\nO Minist\u00e9rio das Rela\u00e7\u00f5es Exteriores divulgou uma nota na ter\u00e7a-feira (13) na qual afirma que haveria &#8220;graves consequ\u00eancias&#8221;, se Israel seguisse adiante com seu plano de ampliar as opera\u00e7\u00f5es militares na regi\u00e3o de Rafah.<br \/>\n&#8220;O governo brasileiro recebe, com grande preocupa\u00e7\u00e3o, o recente an\u00fancio, por parte de autoridades israelenses, de prepara\u00e7\u00e3o de nova opera\u00e7\u00e3o militar terrestre em Gaza, desta vez no Sul, na regi\u00e3o de Rafah, na fronteira com o Egito&#8221;, afirma o texto.<br \/>\n&#8220;Tal opera\u00e7\u00e3o, se levada a cabo, ter\u00e1 como graves consequ\u00eancias, al\u00e9m de novas v\u00edtimas civis, um novo movimento de deslocamento for\u00e7ado de centenas de milhares de palestinos, como vem ocorrendo desde o in\u00edcio do conflito&#8221;, completa.<br \/>\nLula e Sisi assinaram dois acordos de coopera\u00e7\u00e3oainda v\u00e3o assinar alguns acordos de coopera\u00e7\u00e3o, nas \u00e1reas de com\u00e9rcio, agricultura e ci\u00eancia e tecnologia. Tamb\u00e9m devem anunciar o lan\u00e7amento de um voo direto do Cairo a S\u00e3o Paulo.<br \/>\nAp\u00f3s o encontro com o ditador eg\u00edpcio, Lula cumprir\u00e1 agendas na sede da Liga \u00c1rabe, tamb\u00e9m no Cairo, onde ter\u00e1 um encontro com secret\u00e1rio-geral da organiza\u00e7\u00e3o, Ahmed Gheit. Ele tamb\u00e9m deve discursar em uma sess\u00e3o plen\u00e1ria extraordin\u00e1ria, com uma fala em defesa do cessar-fogo, condenando as v\u00edtimas civis do conflito, em especial mulheres e crian\u00e7as, e defendendo um Estado Palestino vi\u00e1vel economicamente.<br \/>\nAl\u00e9m da ofensiva de Israel, a chegada de Lula ao Cairo tamb\u00e9m coincide com negocia\u00e7\u00f5es em busca de um cessar-fogo que acontece na mesma cidade. Participam do processo Egito, Israel, o grupo terrorista Hamas, Qatar e Estados Unidos.<br \/>\nMesmo com a presen\u00e7a de Lula na regi\u00e3o, o Brasil n\u00e3o deve participar dos esfor\u00e7os para tentar solucionar o conflito no Oriente M\u00e9dio. No entanto, especialistas avaliam que as falas de Lula, tanto ao lado de Sisi como na Liga \u00c1rabe, t\u00eam capacidade para ganharem amplitude, por causa do momento.<br \/>\nAnt\u00f4nio Jorge Ramalho, professor do departamento de Rela\u00e7\u00f5es Internacionais da Unb, afirma que o timing \u00e9 conveniente para amplificar a mensagem do Brasil, embora a posi\u00e7\u00e3o brasileira n\u00e3o tenha a capacidade de mudar a conduta de Israel nesse momento.<br \/>\n&#8220;A escolha das datas guarda rela\u00e7\u00e3o com o sentido de urg\u00eancia para propor cessar-fogo. Veja que n\u00e3o inova em rela\u00e7\u00e3o ao que o Brasil fez na presid\u00eancia do Conselho de Seguran\u00e7a da ONU. A situa\u00e7\u00e3o no terreno agravou-se muito e o Brasil \u00e9 dos poucos pa\u00edses a propor solu\u00e7\u00e3o equilibrada. Est\u00e1 certo nisso e guarda rela\u00e7\u00e3o com a posi\u00e7\u00e3o hist\u00f3rica da PEB (Pol\u00edtica Externa Brasileira)&#8221;, afirma.<\/p>\n<\/div>\n<\/div>\n<\/div>\n","protected":false},"excerpt":{"rendered":"<p>Por Renato Machado | Folhapress\u00a0 &#8211; O presidente Luiz In\u00e1cio Lula da Silva (PT) se encontrou na manh\u00e3 desta quinta-feira (15) com o ditador eg\u00edpcio Abdel Fattah al-Sisi, no Cairo, e voltou a criticar Israel por sua opera\u00e7\u00e3o militar na Faixa de Gaza. Em pronunciamento ao lado de Sisi, Lula afirmou: &#8220;O Conselho de Seguran\u00e7a n\u00e3o pode fazer nada na guerra entre Israel e [o Hamas na] Faixa de Gaza. A \u00fanica coisa que se pode fazer \u00e9 pedir paz pela imprensa, mas me parece que Israel tem a primazia de n\u00e3o cumprir nenhuma decis\u00e3o emanada da dire\u00e7\u00e3o das Na\u00e7\u00f5es Unidas&#8221;. No m\u00eas passado, a Corte Internacional de Justi\u00e7a (CIJ), principal \u00f3rg\u00e3o judici\u00e1rio da ONU, determinou que Tel Aviv tomasse&hellip; <\/p>\n","protected":false},"author":2,"featured_media":361452,"comment_status":"open","ping_status":"open","sticky":false,"template":"","format":"standard","meta":{"_acf_changed":false,"footnotes":""},"categories":[1],"tags":[],"class_list":["post-361451","post","type-post","status-publish","format-standard","has-post-thumbnail","hentry","category-politica"],"acf":[],"yoast_head":"<!-- This site is optimized with the Yoast SEO plugin v27.4 - https:\/\/yoast.com\/product\/yoast-seo-wordpress\/ -->\n<title>Israel parece ter primazia de n\u00e3o cumprir decis\u00f5es que v\u00eam da ONU, acusa Lula - Blog do Farn\u00e9sio<\/title>\n<meta name=\"robots\" content=\"index, follow, max-snippet:-1, max-image-preview:large, max-video-preview:-1\" \/>\n<link rel=\"canonical\" href=\"https:\/\/blogdofarnesio.com.br\/?p=361451\" \/>\n<meta property=\"og:locale\" content=\"pt_BR\" \/>\n<meta property=\"og:type\" content=\"article\" \/>\n<meta property=\"og:title\" content=\"Israel parece ter primazia de n\u00e3o cumprir decis\u00f5es que v\u00eam da ONU, acusa Lula - Blog do Farn\u00e9sio\" \/>\n<meta property=\"og:description\" content=\"Por Renato Machado | Folhapress\u00a0 &#8211; O presidente Luiz In\u00e1cio Lula da Silva (PT) se encontrou na manh\u00e3 desta quinta-feira (15) com o ditador eg\u00edpcio Abdel Fattah al-Sisi, no Cairo, e voltou a criticar Israel por sua opera\u00e7\u00e3o militar na Faixa de Gaza. Em pronunciamento ao lado de Sisi, Lula afirmou: &#8220;O Conselho de Seguran\u00e7a n\u00e3o pode fazer nada na guerra entre Israel e [o Hamas na] Faixa de Gaza. A \u00fanica coisa que se pode fazer \u00e9 pedir paz pela imprensa, mas me parece que Israel tem a primazia de n\u00e3o cumprir nenhuma decis\u00e3o emanada da dire\u00e7\u00e3o das Na\u00e7\u00f5es Unidas&#8221;. No m\u00eas passado, a Corte Internacional de Justi\u00e7a (CIJ), principal \u00f3rg\u00e3o judici\u00e1rio da ONU, determinou que Tel Aviv tomasse&hellip;\" \/>\n<meta property=\"og:url\" content=\"https:\/\/blogdofarnesio.com.br\/?p=361451\" \/>\n<meta property=\"og:site_name\" content=\"Blog do Farn\u00e9sio\" \/>\n<meta property=\"article:publisher\" content=\"https:\/\/www.facebook.com\/BlogQuerSaberPolitica\/\" \/>\n<meta property=\"article:author\" content=\"https:\/\/www.facebook.com\/?ref=tn_tnmn\" \/>\n<meta property=\"article:published_time\" content=\"2024-02-15T20:35:18+00:00\" \/>\n<meta property=\"og:image\" content=\"https:\/\/blogdofarnesio.com.br\/wp-content\/uploads\/2024\/02\/blogqsplula-pres-egito-abdel-fatthah-e1708019515917.webp\" \/>\n\t<meta property=\"og:image:width\" content=\"600\" \/>\n\t<meta property=\"og:image:height\" content=\"315\" \/>\n\t<meta property=\"og:image:type\" content=\"image\/webp\" \/>\n<meta name=\"author\" content=\"Farn\u00e9sio\" \/>\n<meta name=\"twitter:card\" content=\"summary_large_image\" \/>\n<meta name=\"twitter:label1\" content=\"Escrito por\" \/>\n\t<meta name=\"twitter:data1\" content=\"Farn\u00e9sio\" \/>\n\t<meta name=\"twitter:label2\" content=\"Est. tempo de leitura\" \/>\n\t<meta name=\"twitter:data2\" content=\"6 minutos\" \/>\n<script type=\"application\/ld+json\" class=\"yoast-schema-graph\">{\"@context\":\"https:\\\/\\\/schema.org\",\"@graph\":[{\"@type\":\"Article\",\"@id\":\"https:\\\/\\\/blogdofarnesio.com.br\\\/?p=361451#article\",\"isPartOf\":{\"@id\":\"https:\\\/\\\/blogdofarnesio.com.br\\\/?p=361451\"},\"author\":{\"name\":\"Farn\u00e9sio\",\"@id\":\"https:\\\/\\\/blogdofarnesio.com.br\\\/#\\\/schema\\\/person\\\/bb9b23ae3ad0609ce8df7b6c9e76824d\"},\"headline\":\"Israel parece ter primazia de n\u00e3o cumprir decis\u00f5es que v\u00eam da ONU, acusa Lula\",\"datePublished\":\"2024-02-15T20:35:18+00:00\",\"mainEntityOfPage\":{\"@id\":\"https:\\\/\\\/blogdofarnesio.com.br\\\/?p=361451\"},\"wordCount\":1185,\"commentCount\":0,\"publisher\":{\"@id\":\"https:\\\/\\\/blogdofarnesio.com.br\\\/#organization\"},\"image\":{\"@id\":\"https:\\\/\\\/blogdofarnesio.com.br\\\/?p=361451#primaryimage\"},\"thumbnailUrl\":\"https:\\\/\\\/blogdofarnesio.com.br\\\/wp-content\\\/uploads\\\/2024\\\/02\\\/blogqsplula-pres-egito-abdel-fatthah-e1708019515917.webp\",\"articleSection\":[\"Pol\u00edtica\"],\"inLanguage\":\"pt-BR\",\"potentialAction\":[{\"@type\":\"CommentAction\",\"name\":\"Comment\",\"target\":[\"https:\\\/\\\/blogdofarnesio.com.br\\\/?p=361451#respond\"]}]},{\"@type\":\"WebPage\",\"@id\":\"https:\\\/\\\/blogdofarnesio.com.br\\\/?p=361451\",\"url\":\"https:\\\/\\\/blogdofarnesio.com.br\\\/?p=361451\",\"name\":\"Israel parece ter primazia de n\u00e3o cumprir decis\u00f5es que v\u00eam da ONU, acusa Lula - Blog do Farn\u00e9sio\",\"isPartOf\":{\"@id\":\"https:\\\/\\\/blogdofarnesio.com.br\\\/#website\"},\"primaryImageOfPage\":{\"@id\":\"https:\\\/\\\/blogdofarnesio.com.br\\\/?p=361451#primaryimage\"},\"image\":{\"@id\":\"https:\\\/\\\/blogdofarnesio.com.br\\\/?p=361451#primaryimage\"},\"thumbnailUrl\":\"https:\\\/\\\/blogdofarnesio.com.br\\\/wp-content\\\/uploads\\\/2024\\\/02\\\/blogqsplula-pres-egito-abdel-fatthah-e1708019515917.webp\",\"datePublished\":\"2024-02-15T20:35:18+00:00\",\"breadcrumb\":{\"@id\":\"https:\\\/\\\/blogdofarnesio.com.br\\\/?p=361451#breadcrumb\"},\"inLanguage\":\"pt-BR\",\"potentialAction\":[{\"@type\":\"ReadAction\",\"target\":[\"https:\\\/\\\/blogdofarnesio.com.br\\\/?p=361451\"]}]},{\"@type\":\"ImageObject\",\"inLanguage\":\"pt-BR\",\"@id\":\"https:\\\/\\\/blogdofarnesio.com.br\\\/?p=361451#primaryimage\",\"url\":\"https:\\\/\\\/blogdofarnesio.com.br\\\/wp-content\\\/uploads\\\/2024\\\/02\\\/blogqsplula-pres-egito-abdel-fatthah-e1708019515917.webp\",\"contentUrl\":\"https:\\\/\\\/blogdofarnesio.com.br\\\/wp-content\\\/uploads\\\/2024\\\/02\\\/blogqsplula-pres-egito-abdel-fatthah-e1708019515917.webp\",\"width\":600,\"height\":315},{\"@type\":\"BreadcrumbList\",\"@id\":\"https:\\\/\\\/blogdofarnesio.com.br\\\/?p=361451#breadcrumb\",\"itemListElement\":[{\"@type\":\"ListItem\",\"position\":1,\"name\":\"In\u00edcio\",\"item\":\"https:\\\/\\\/blogdofarnesio.com.br\\\/\"},{\"@type\":\"ListItem\",\"position\":2,\"name\":\"Israel parece ter primazia de n\u00e3o cumprir decis\u00f5es que v\u00eam da ONU, acusa Lula\"}]},{\"@type\":\"WebSite\",\"@id\":\"https:\\\/\\\/blogdofarnesio.com.br\\\/#website\",\"url\":\"https:\\\/\\\/blogdofarnesio.com.br\\\/\",\"name\":\"Blog do Farn\u00e9sio\",\"description\":\"Quer Saber Pol\u00edtica?\",\"publisher\":{\"@id\":\"https:\\\/\\\/blogdofarnesio.com.br\\\/#organization\"},\"potentialAction\":[{\"@type\":\"SearchAction\",\"target\":{\"@type\":\"EntryPoint\",\"urlTemplate\":\"https:\\\/\\\/blogdofarnesio.com.br\\\/?s={search_term_string}\"},\"query-input\":{\"@type\":\"PropertyValueSpecification\",\"valueRequired\":true,\"valueName\":\"search_term_string\"}}],\"inLanguage\":\"pt-BR\"},{\"@type\":\"Organization\",\"@id\":\"https:\\\/\\\/blogdofarnesio.com.br\\\/#organization\",\"name\":\"Blog do Farn\u00e9sio\",\"url\":\"https:\\\/\\\/blogdofarnesio.com.br\\\/\",\"logo\":{\"@type\":\"ImageObject\",\"inLanguage\":\"pt-BR\",\"@id\":\"https:\\\/\\\/blogdofarnesio.com.br\\\/#\\\/schema\\\/logo\\\/image\\\/\",\"url\":\"https:\\\/\\\/blogdofarnesio.com.br\\\/wp-content\\\/uploads\\\/2026\\\/03\\\/cropped-logo_new-1.png\",\"contentUrl\":\"https:\\\/\\\/blogdofarnesio.com.br\\\/wp-content\\\/uploads\\\/2026\\\/03\\\/cropped-logo_new-1.png\",\"width\":881,\"height\":685,\"caption\":\"Blog do Farn\u00e9sio\"},\"image\":{\"@id\":\"https:\\\/\\\/blogdofarnesio.com.br\\\/#\\\/schema\\\/logo\\\/image\\\/\"},\"sameAs\":[\"https:\\\/\\\/www.facebook.com\\\/BlogQuerSaberPolitica\\\/\"]},{\"@type\":\"Person\",\"@id\":\"https:\\\/\\\/blogdofarnesio.com.br\\\/#\\\/schema\\\/person\\\/bb9b23ae3ad0609ce8df7b6c9e76824d\",\"name\":\"Farn\u00e9sio\",\"image\":{\"@type\":\"ImageObject\",\"inLanguage\":\"pt-BR\",\"@id\":\"https:\\\/\\\/secure.gravatar.com\\\/avatar\\\/986aa4c61ccdb66f8555bf88fc2a65609d00bcabd4d2d94377a727547345cbca?s=96&d=mm&r=g\",\"url\":\"https:\\\/\\\/secure.gravatar.com\\\/avatar\\\/986aa4c61ccdb66f8555bf88fc2a65609d00bcabd4d2d94377a727547345cbca?s=96&d=mm&r=g\",\"contentUrl\":\"https:\\\/\\\/secure.gravatar.com\\\/avatar\\\/986aa4c61ccdb66f8555bf88fc2a65609d00bcabd4d2d94377a727547345cbca?s=96&d=mm&r=g\",\"caption\":\"Farn\u00e9sio\"},\"description\":\"Radialista blogueiro, chegou a Petrolina\\\/Juazeiro em setembro de 1980, Farn\u00e9sio Silva \u00e9 de Arapiraca-Alagoas.\",\"sameAs\":[\"http:\\\/\\\/blogdofarnesio.com.br\",\"https:\\\/\\\/www.facebook.com\\\/?ref=tn_tnmn\",\"https:\\\/\\\/www.instagram.com\\\/?utm_source=pwa_homescreen\",\"https:\\\/\\\/youtube.com.br\\\/\"],\"url\":\"https:\\\/\\\/blogdofarnesio.com.br\\\/?author=2\"}]}<\/script>\n<!-- \/ Yoast SEO plugin. -->","yoast_head_json":{"title":"Israel parece ter primazia de n\u00e3o cumprir decis\u00f5es que v\u00eam da ONU, acusa Lula - Blog do Farn\u00e9sio","robots":{"index":"index","follow":"follow","max-snippet":"max-snippet:-1","max-image-preview":"max-image-preview:large","max-video-preview":"max-video-preview:-1"},"canonical":"https:\/\/blogdofarnesio.com.br\/?p=361451","og_locale":"pt_BR","og_type":"article","og_title":"Israel parece ter primazia de n\u00e3o cumprir decis\u00f5es que v\u00eam da ONU, acusa Lula - Blog do Farn\u00e9sio","og_description":"Por Renato Machado | Folhapress\u00a0 &#8211; O presidente Luiz In\u00e1cio Lula da Silva (PT) se encontrou na manh\u00e3 desta quinta-feira (15) com o ditador eg\u00edpcio Abdel Fattah al-Sisi, no Cairo, e voltou a criticar Israel por sua opera\u00e7\u00e3o militar na Faixa de Gaza. Em pronunciamento ao lado de Sisi, Lula afirmou: &#8220;O Conselho de Seguran\u00e7a n\u00e3o pode fazer nada na guerra entre Israel e [o Hamas na] Faixa de Gaza. A \u00fanica coisa que se pode fazer \u00e9 pedir paz pela imprensa, mas me parece que Israel tem a primazia de n\u00e3o cumprir nenhuma decis\u00e3o emanada da dire\u00e7\u00e3o das Na\u00e7\u00f5es Unidas&#8221;. No m\u00eas passado, a Corte Internacional de Justi\u00e7a (CIJ), principal \u00f3rg\u00e3o judici\u00e1rio da ONU, determinou que Tel Aviv tomasse&hellip;","og_url":"https:\/\/blogdofarnesio.com.br\/?p=361451","og_site_name":"Blog do Farn\u00e9sio","article_publisher":"https:\/\/www.facebook.com\/BlogQuerSaberPolitica\/","article_author":"https:\/\/www.facebook.com\/?ref=tn_tnmn","article_published_time":"2024-02-15T20:35:18+00:00","og_image":[{"width":600,"height":315,"url":"https:\/\/blogdofarnesio.com.br\/wp-content\/uploads\/2024\/02\/blogqsplula-pres-egito-abdel-fatthah-e1708019515917.webp","type":"image\/webp"}],"author":"Farn\u00e9sio","twitter_card":"summary_large_image","twitter_misc":{"Escrito por":"Farn\u00e9sio","Est. tempo de leitura":"6 minutos"},"schema":{"@context":"https:\/\/schema.org","@graph":[{"@type":"Article","@id":"https:\/\/blogdofarnesio.com.br\/?p=361451#article","isPartOf":{"@id":"https:\/\/blogdofarnesio.com.br\/?p=361451"},"author":{"name":"Farn\u00e9sio","@id":"https:\/\/blogdofarnesio.com.br\/#\/schema\/person\/bb9b23ae3ad0609ce8df7b6c9e76824d"},"headline":"Israel parece ter primazia de n\u00e3o cumprir decis\u00f5es que v\u00eam da ONU, acusa Lula","datePublished":"2024-02-15T20:35:18+00:00","mainEntityOfPage":{"@id":"https:\/\/blogdofarnesio.com.br\/?p=361451"},"wordCount":1185,"commentCount":0,"publisher":{"@id":"https:\/\/blogdofarnesio.com.br\/#organization"},"image":{"@id":"https:\/\/blogdofarnesio.com.br\/?p=361451#primaryimage"},"thumbnailUrl":"https:\/\/blogdofarnesio.com.br\/wp-content\/uploads\/2024\/02\/blogqsplula-pres-egito-abdel-fatthah-e1708019515917.webp","articleSection":["Pol\u00edtica"],"inLanguage":"pt-BR","potentialAction":[{"@type":"CommentAction","name":"Comment","target":["https:\/\/blogdofarnesio.com.br\/?p=361451#respond"]}]},{"@type":"WebPage","@id":"https:\/\/blogdofarnesio.com.br\/?p=361451","url":"https:\/\/blogdofarnesio.com.br\/?p=361451","name":"Israel parece ter primazia de n\u00e3o cumprir decis\u00f5es que v\u00eam da ONU, acusa Lula - Blog do Farn\u00e9sio","isPartOf":{"@id":"https:\/\/blogdofarnesio.com.br\/#website"},"primaryImageOfPage":{"@id":"https:\/\/blogdofarnesio.com.br\/?p=361451#primaryimage"},"image":{"@id":"https:\/\/blogdofarnesio.com.br\/?p=361451#primaryimage"},"thumbnailUrl":"https:\/\/blogdofarnesio.com.br\/wp-content\/uploads\/2024\/02\/blogqsplula-pres-egito-abdel-fatthah-e1708019515917.webp","datePublished":"2024-02-15T20:35:18+00:00","breadcrumb":{"@id":"https:\/\/blogdofarnesio.com.br\/?p=361451#breadcrumb"},"inLanguage":"pt-BR","potentialAction":[{"@type":"ReadAction","target":["https:\/\/blogdofarnesio.com.br\/?p=361451"]}]},{"@type":"ImageObject","inLanguage":"pt-BR","@id":"https:\/\/blogdofarnesio.com.br\/?p=361451#primaryimage","url":"https:\/\/blogdofarnesio.com.br\/wp-content\/uploads\/2024\/02\/blogqsplula-pres-egito-abdel-fatthah-e1708019515917.webp","contentUrl":"https:\/\/blogdofarnesio.com.br\/wp-content\/uploads\/2024\/02\/blogqsplula-pres-egito-abdel-fatthah-e1708019515917.webp","width":600,"height":315},{"@type":"BreadcrumbList","@id":"https:\/\/blogdofarnesio.com.br\/?p=361451#breadcrumb","itemListElement":[{"@type":"ListItem","position":1,"name":"In\u00edcio","item":"https:\/\/blogdofarnesio.com.br\/"},{"@type":"ListItem","position":2,"name":"Israel parece ter primazia de n\u00e3o cumprir decis\u00f5es que v\u00eam da ONU, acusa Lula"}]},{"@type":"WebSite","@id":"https:\/\/blogdofarnesio.com.br\/#website","url":"https:\/\/blogdofarnesio.com.br\/","name":"Blog do Farn\u00e9sio","description":"Quer Saber Pol\u00edtica?","publisher":{"@id":"https:\/\/blogdofarnesio.com.br\/#organization"},"potentialAction":[{"@type":"SearchAction","target":{"@type":"EntryPoint","urlTemplate":"https:\/\/blogdofarnesio.com.br\/?s={search_term_string}"},"query-input":{"@type":"PropertyValueSpecification","valueRequired":true,"valueName":"search_term_string"}}],"inLanguage":"pt-BR"},{"@type":"Organization","@id":"https:\/\/blogdofarnesio.com.br\/#organization","name":"Blog do Farn\u00e9sio","url":"https:\/\/blogdofarnesio.com.br\/","logo":{"@type":"ImageObject","inLanguage":"pt-BR","@id":"https:\/\/blogdofarnesio.com.br\/#\/schema\/logo\/image\/","url":"https:\/\/blogdofarnesio.com.br\/wp-content\/uploads\/2026\/03\/cropped-logo_new-1.png","contentUrl":"https:\/\/blogdofarnesio.com.br\/wp-content\/uploads\/2026\/03\/cropped-logo_new-1.png","width":881,"height":685,"caption":"Blog do Farn\u00e9sio"},"image":{"@id":"https:\/\/blogdofarnesio.com.br\/#\/schema\/logo\/image\/"},"sameAs":["https:\/\/www.facebook.com\/BlogQuerSaberPolitica\/"]},{"@type":"Person","@id":"https:\/\/blogdofarnesio.com.br\/#\/schema\/person\/bb9b23ae3ad0609ce8df7b6c9e76824d","name":"Farn\u00e9sio","image":{"@type":"ImageObject","inLanguage":"pt-BR","@id":"https:\/\/secure.gravatar.com\/avatar\/986aa4c61ccdb66f8555bf88fc2a65609d00bcabd4d2d94377a727547345cbca?s=96&d=mm&r=g","url":"https:\/\/secure.gravatar.com\/avatar\/986aa4c61ccdb66f8555bf88fc2a65609d00bcabd4d2d94377a727547345cbca?s=96&d=mm&r=g","contentUrl":"https:\/\/secure.gravatar.com\/avatar\/986aa4c61ccdb66f8555bf88fc2a65609d00bcabd4d2d94377a727547345cbca?s=96&d=mm&r=g","caption":"Farn\u00e9sio"},"description":"Radialista blogueiro, chegou a Petrolina\/Juazeiro em setembro de 1980, Farn\u00e9sio Silva \u00e9 de Arapiraca-Alagoas.","sameAs":["http:\/\/blogdofarnesio.com.br","https:\/\/www.facebook.com\/?ref=tn_tnmn","https:\/\/www.instagram.com\/?utm_source=pwa_homescreen","https:\/\/youtube.com.br\/"],"url":"https:\/\/blogdofarnesio.com.br\/?author=2"}]}},"_links":{"self":[{"href":"https:\/\/blogdofarnesio.com.br\/index.php?rest_route=\/wp\/v2\/posts\/361451","targetHints":{"allow":["GET"]}}],"collection":[{"href":"https:\/\/blogdofarnesio.com.br\/index.php?rest_route=\/wp\/v2\/posts"}],"about":[{"href":"https:\/\/blogdofarnesio.com.br\/index.php?rest_route=\/wp\/v2\/types\/post"}],"author":[{"embeddable":true,"href":"https:\/\/blogdofarnesio.com.br\/index.php?rest_route=\/wp\/v2\/users\/2"}],"replies":[{"embeddable":true,"href":"https:\/\/blogdofarnesio.com.br\/index.php?rest_route=%2Fwp%2Fv2%2Fcomments&post=361451"}],"version-history":[{"count":0,"href":"https:\/\/blogdofarnesio.com.br\/index.php?rest_route=\/wp\/v2\/posts\/361451\/revisions"}],"wp:featuredmedia":[{"embeddable":true,"href":"https:\/\/blogdofarnesio.com.br\/index.php?rest_route=\/wp\/v2\/media\/361452"}],"wp:attachment":[{"href":"https:\/\/blogdofarnesio.com.br\/index.php?rest_route=%2Fwp%2Fv2%2Fmedia&parent=361451"}],"wp:term":[{"taxonomy":"category","embeddable":true,"href":"https:\/\/blogdofarnesio.com.br\/index.php?rest_route=%2Fwp%2Fv2%2Fcategories&post=361451"},{"taxonomy":"post_tag","embeddable":true,"href":"https:\/\/blogdofarnesio.com.br\/index.php?rest_route=%2Fwp%2Fv2%2Ftags&post=361451"}],"curies":[{"name":"wp","href":"https:\/\/api.w.org\/{rel}","templated":true}]}}