{"id":361418,"date":"2024-02-15T16:44:06","date_gmt":"2024-02-15T19:44:06","guid":{"rendered":"https:\/\/blogdofarnesio.com.br\/?p=361418"},"modified":"2024-02-15T14:34:40","modified_gmt":"2024-02-15T17:34:40","slug":"15-de-fevereiro-dia-internacional-de-luta-contra-o-cancer-infantil","status":"publish","type":"post","link":"https:\/\/blogdofarnesio.com.br\/?p=361418","title":{"rendered":"15 de fevereiro: Dia Internacional de Luta contra o C\u00e2ncer Infantil"},"content":{"rendered":"<p>Diagn\u00f3stico precoce, por meio de investiga\u00e7\u00e3o m\u00e9dica e tratamento especializado, s\u00e3o as principais formas de evitar a evolu\u00e7\u00e3o<\/p>\n<p>Reconhecido como a primeira causa de morte por doen\u00e7a em crian\u00e7as, o c\u00e2ncer infantil est\u00e1 atr\u00e1s apenas das mortes causadas por acidentes, no Brasil. Os dados s\u00e3o do Instituto Nacional do C\u00e2ncer (INCA) que aponta ainda que, no tri\u00eanio 2023\/2025, 7.930 novos casos de c\u00e2ncer atingir\u00e3o a popula\u00e7\u00e3o de 0 a 19 anos de idade, a cada ano no territ\u00f3rio nacional.<\/p>\n<p>Diferente dos casos na popula\u00e7\u00e3o adulta, o tumor infantil n\u00e3o possui fatores de risco ou formas de preven\u00e7\u00e3o; o diagn\u00f3stico precoce, por meio de investiga\u00e7\u00e3o m\u00e9dica e tratamento especializado, s\u00e3o as principais formas de evitar a evolu\u00e7\u00e3o.<\/p>\n<p>Ainda de acordo com o INCA, os tipos mais comuns s\u00e3o as leucemias, tumores do sistema nervoso central, linfomas, neuroblastoma, sarcomas e o tumor de Wilms, neoplasia maligna originada no rim.<\/p>\n<p>O pediatra e professor do\u00a0<a href=\"https:\/\/s2402.imxsnd24.com\/link.php?code=bDpodHRwcyUzQSUyRiUyRnd3dy5waXRhZ29yYXMuY29tLmJyJTJGbWVkaWNpbmElMkYlM0Z1bmlkYWRlJTNEZXVuJTI1YzMlMjVhMXBvbGlzJTNGdXRtX3NvdXJjZSUzRHJwJTI2dXRtX21lZGl1bSUzRGVtYWlsJTI2dXRtX2NhbXBhaWduJTNEa20yNDE6NTM4MzA0MjA2OmJsb2dxc3BAZ21haWwuY29tOmJiZmU5Zjo2ZQ==\" target=\"_blank\" rel=\"noopener\" data-saferedirecturl=\"https:\/\/www.google.com\/url?q=https:\/\/s2402.imxsnd24.com\/link.php?code%3DbDpodHRwcyUzQSUyRiUyRnd3dy5waXRhZ29yYXMuY29tLmJyJTJGbWVkaWNpbmElMkYlM0Z1bmlkYWRlJTNEZXVuJTI1YzMlMjVhMXBvbGlzJTNGdXRtX3NvdXJjZSUzRHJwJTI2dXRtX21lZGl1bSUzRGVtYWlsJTI2dXRtX2NhbXBhaWduJTNEa20yNDE6NTM4MzA0MjA2OmJsb2dxc3BAZ21haWwuY29tOmJiZmU5Zjo2ZQ%3D%3D&amp;source=gmail&amp;ust=1708088254994000&amp;usg=AOvVaw0G5i8Ch1ZDUG16hdu5ma2Y\">curso de Medicina da Faculdade Pit\u00e1goras<\/a>, Daniel Portela, orienta que pais e respons\u00e1veis fiquem atentos a sinais do corpo da crian\u00e7a. \u201cSintomas como febre persistente, suores noturnos e perda repentina de peso, podem ser confundidos com outras doen\u00e7as, por isso a informa\u00e7\u00e3o pode ser aliada para que um diagn\u00f3stico precoce salve vidas\u201d, explica o especialista.<\/p>\n<p>O m\u00e9dico tamb\u00e9m cita algumas caracter\u00edsticas espec\u00edficas nos casos de neoplasias. \u201cGeralmente surgem manchas no corpo, cansa\u00e7o, dor nos ossos, anemia, dor de cabe\u00e7a, falta de equil\u00edbrio, estrabismo e incha\u00e7os. Esses quadros s\u00e3o comuns nos diagn\u00f3sticos de c\u00e2ncer infantil\u201d, diz.<\/p>\n<p>A depender de cada caso, ser\u00e1 realizada quimioterapia, medica\u00e7\u00e3o alvo, radioterapia ou cirurgia. Portela destaca a import\u00e2ncia de realizar o tratamento numa unidade especializada, onde a crian\u00e7a ou adolescente ir\u00e1 receber apoio de uma equipe multidisciplinar. \u201cO paciente precisa de acompanhamento de todos os profissionais; uma equipe que esteja envolvida na cura, mas tamb\u00e9m na qualidade de vida f\u00edsica, psicol\u00f3gica e social desta crian\u00e7a\u201d, afirma o pediatra.<\/p>\n<p>Portela enfatiza que o c\u00e2ncer infantil n\u00e3o est\u00e1 relacionado ao estilo de vida. \u201cN\u00e3o existem fatores ambientais ou riscos de exposi\u00e7\u00e3o associados ao surgimento de tumor infantojuvenil. A \u00fanica forma de amenizar os danos causados \u00e0s crian\u00e7as \u00e9 manter a periodicidade \u00e0s consultas m\u00e9dicas\u201d, conclui.<\/p>\n<p>Em alus\u00e3o ao dia 15 de fevereiro, data conhecida internacionalmente pelo Combate ao C\u00e2ncer Infantil, o m\u00e9dico destaca os principais sintomas associados a esta enfermidade:<\/p>\n<ul>\n<li>Perda de peso cont\u00ednua e inexplic\u00e1vel;<\/li>\n<li>Dores de cabe\u00e7a com v\u00f4mito de manh\u00e3;<\/li>\n<li>Aumento do incha\u00e7o ou dor persistente nos ossos ou articula\u00e7\u00f5es;<\/li>\n<li>Aumento ou incha\u00e7o na regi\u00e3o abdominal, pesco\u00e7o ou qualquer outro local;<\/li>\n<li>Pupila esbranqui\u00e7ada ou altera\u00e7\u00f5es visuais, como estrabismo;<\/li>\n<li>Febres recorrentes n\u00e3o causadas por infec\u00e7\u00f5es;<\/li>\n<li>Manchas no corpo e sangramentos repentinos;<\/li>\n<li>Cansa\u00e7o exagerado;<\/li>\n<li>Palidez.<\/li>\n<\/ul>\n","protected":false},"excerpt":{"rendered":"<p>Diagn\u00f3stico precoce, por meio de investiga\u00e7\u00e3o m\u00e9dica e tratamento especializado, s\u00e3o as principais formas de evitar a evolu\u00e7\u00e3o Reconhecido como a primeira causa de morte por doen\u00e7a em crian\u00e7as, o c\u00e2ncer infantil est\u00e1 atr\u00e1s apenas das mortes causadas por acidentes, no Brasil. Os dados s\u00e3o do Instituto Nacional do C\u00e2ncer (INCA) que aponta ainda que, no tri\u00eanio 2023\/2025, 7.930 novos casos de c\u00e2ncer atingir\u00e3o a popula\u00e7\u00e3o de 0 a 19 anos de idade, a cada ano no territ\u00f3rio nacional. Diferente dos casos na popula\u00e7\u00e3o adulta, o tumor infantil n\u00e3o possui fatores de risco ou formas de preven\u00e7\u00e3o; o diagn\u00f3stico precoce, por meio de investiga\u00e7\u00e3o m\u00e9dica e tratamento especializado, s\u00e3o as principais formas de evitar a evolu\u00e7\u00e3o. Ainda de acordo com&hellip; <\/p>\n","protected":false},"author":2,"featured_media":361419,"comment_status":"open","ping_status":"open","sticky":false,"template":"","format":"standard","meta":{"_acf_changed":false,"footnotes":""},"categories":[4],"tags":[],"class_list":["post-361418","post","type-post","status-publish","format-standard","has-post-thumbnail","hentry","category-saude"],"acf":[],"yoast_head":"<!-- This site is optimized with the Yoast SEO plugin v27.4 - https:\/\/yoast.com\/product\/yoast-seo-wordpress\/ -->\n<title>15 de fevereiro: Dia Internacional de Luta contra o C\u00e2ncer Infantil - Blog do Farn\u00e9sio<\/title>\n<meta name=\"robots\" content=\"index, follow, max-snippet:-1, max-image-preview:large, max-video-preview:-1\" \/>\n<link rel=\"canonical\" href=\"https:\/\/blogdofarnesio.com.br\/?p=361418\" \/>\n<meta property=\"og:locale\" content=\"pt_BR\" \/>\n<meta property=\"og:type\" content=\"article\" \/>\n<meta property=\"og:title\" content=\"15 de fevereiro: Dia Internacional de Luta contra o C\u00e2ncer Infantil - Blog do Farn\u00e9sio\" \/>\n<meta property=\"og:description\" content=\"Diagn\u00f3stico precoce, por meio de investiga\u00e7\u00e3o m\u00e9dica e tratamento especializado, s\u00e3o as principais formas de evitar a evolu\u00e7\u00e3o Reconhecido como a primeira causa de morte por doen\u00e7a em crian\u00e7as, o c\u00e2ncer infantil est\u00e1 atr\u00e1s apenas das mortes causadas por acidentes, no Brasil. Os dados s\u00e3o do Instituto Nacional do C\u00e2ncer (INCA) que aponta ainda que, no tri\u00eanio 2023\/2025, 7.930 novos casos de c\u00e2ncer atingir\u00e3o a popula\u00e7\u00e3o de 0 a 19 anos de idade, a cada ano no territ\u00f3rio nacional. Diferente dos casos na popula\u00e7\u00e3o adulta, o tumor infantil n\u00e3o possui fatores de risco ou formas de preven\u00e7\u00e3o; o diagn\u00f3stico precoce, por meio de investiga\u00e7\u00e3o m\u00e9dica e tratamento especializado, s\u00e3o as principais formas de evitar a evolu\u00e7\u00e3o. Ainda de acordo com&hellip;\" \/>\n<meta property=\"og:url\" content=\"https:\/\/blogdofarnesio.com.br\/?p=361418\" \/>\n<meta property=\"og:site_name\" content=\"Blog do Farn\u00e9sio\" \/>\n<meta property=\"article:publisher\" content=\"https:\/\/www.facebook.com\/BlogQuerSaberPolitica\/\" \/>\n<meta property=\"article:author\" content=\"https:\/\/www.facebook.com\/?ref=tn_tnmn\" \/>\n<meta property=\"article:published_time\" content=\"2024-02-15T19:44:06+00:00\" \/>\n<meta property=\"og:image\" content=\"https:\/\/blogdofarnesio.com.br\/wp-content\/uploads\/2024\/02\/blogqspcrianca-cancer-e1708002225468.jpg\" \/>\n\t<meta property=\"og:image:width\" content=\"600\" \/>\n\t<meta property=\"og:image:height\" content=\"400\" \/>\n\t<meta property=\"og:image:type\" content=\"image\/jpeg\" \/>\n<meta name=\"author\" content=\"Farn\u00e9sio\" \/>\n<meta name=\"twitter:card\" content=\"summary_large_image\" \/>\n<meta name=\"twitter:label1\" content=\"Escrito por\" \/>\n\t<meta name=\"twitter:data1\" content=\"Farn\u00e9sio\" \/>\n\t<meta name=\"twitter:label2\" content=\"Est. tempo de leitura\" \/>\n\t<meta name=\"twitter:data2\" content=\"3 minutos\" \/>\n<script type=\"application\/ld+json\" class=\"yoast-schema-graph\">{\"@context\":\"https:\\\/\\\/schema.org\",\"@graph\":[{\"@type\":\"Article\",\"@id\":\"https:\\\/\\\/blogdofarnesio.com.br\\\/?p=361418#article\",\"isPartOf\":{\"@id\":\"https:\\\/\\\/blogdofarnesio.com.br\\\/?p=361418\"},\"author\":{\"name\":\"Farn\u00e9sio\",\"@id\":\"https:\\\/\\\/blogdofarnesio.com.br\\\/#\\\/schema\\\/person\\\/bb9b23ae3ad0609ce8df7b6c9e76824d\"},\"headline\":\"15 de fevereiro: Dia Internacional de Luta contra o C\u00e2ncer Infantil\",\"datePublished\":\"2024-02-15T19:44:06+00:00\",\"mainEntityOfPage\":{\"@id\":\"https:\\\/\\\/blogdofarnesio.com.br\\\/?p=361418\"},\"wordCount\":517,\"commentCount\":0,\"publisher\":{\"@id\":\"https:\\\/\\\/blogdofarnesio.com.br\\\/#organization\"},\"image\":{\"@id\":\"https:\\\/\\\/blogdofarnesio.com.br\\\/?p=361418#primaryimage\"},\"thumbnailUrl\":\"https:\\\/\\\/blogdofarnesio.com.br\\\/wp-content\\\/uploads\\\/2024\\\/02\\\/blogqspcrianca-cancer-e1708002225468.jpg\",\"articleSection\":[\"Sa\u00fade\"],\"inLanguage\":\"pt-BR\",\"potentialAction\":[{\"@type\":\"CommentAction\",\"name\":\"Comment\",\"target\":[\"https:\\\/\\\/blogdofarnesio.com.br\\\/?p=361418#respond\"]}]},{\"@type\":\"WebPage\",\"@id\":\"https:\\\/\\\/blogdofarnesio.com.br\\\/?p=361418\",\"url\":\"https:\\\/\\\/blogdofarnesio.com.br\\\/?p=361418\",\"name\":\"15 de fevereiro: Dia Internacional de Luta contra o C\u00e2ncer Infantil - Blog do Farn\u00e9sio\",\"isPartOf\":{\"@id\":\"https:\\\/\\\/blogdofarnesio.com.br\\\/#website\"},\"primaryImageOfPage\":{\"@id\":\"https:\\\/\\\/blogdofarnesio.com.br\\\/?p=361418#primaryimage\"},\"image\":{\"@id\":\"https:\\\/\\\/blogdofarnesio.com.br\\\/?p=361418#primaryimage\"},\"thumbnailUrl\":\"https:\\\/\\\/blogdofarnesio.com.br\\\/wp-content\\\/uploads\\\/2024\\\/02\\\/blogqspcrianca-cancer-e1708002225468.jpg\",\"datePublished\":\"2024-02-15T19:44:06+00:00\",\"breadcrumb\":{\"@id\":\"https:\\\/\\\/blogdofarnesio.com.br\\\/?p=361418#breadcrumb\"},\"inLanguage\":\"pt-BR\",\"potentialAction\":[{\"@type\":\"ReadAction\",\"target\":[\"https:\\\/\\\/blogdofarnesio.com.br\\\/?p=361418\"]}]},{\"@type\":\"ImageObject\",\"inLanguage\":\"pt-BR\",\"@id\":\"https:\\\/\\\/blogdofarnesio.com.br\\\/?p=361418#primaryimage\",\"url\":\"https:\\\/\\\/blogdofarnesio.com.br\\\/wp-content\\\/uploads\\\/2024\\\/02\\\/blogqspcrianca-cancer-e1708002225468.jpg\",\"contentUrl\":\"https:\\\/\\\/blogdofarnesio.com.br\\\/wp-content\\\/uploads\\\/2024\\\/02\\\/blogqspcrianca-cancer-e1708002225468.jpg\",\"width\":600,\"height\":400},{\"@type\":\"BreadcrumbList\",\"@id\":\"https:\\\/\\\/blogdofarnesio.com.br\\\/?p=361418#breadcrumb\",\"itemListElement\":[{\"@type\":\"ListItem\",\"position\":1,\"name\":\"In\u00edcio\",\"item\":\"https:\\\/\\\/blogdofarnesio.com.br\\\/\"},{\"@type\":\"ListItem\",\"position\":2,\"name\":\"15 de fevereiro: Dia Internacional de Luta contra o C\u00e2ncer Infantil\"}]},{\"@type\":\"WebSite\",\"@id\":\"https:\\\/\\\/blogdofarnesio.com.br\\\/#website\",\"url\":\"https:\\\/\\\/blogdofarnesio.com.br\\\/\",\"name\":\"Blog do Farn\u00e9sio\",\"description\":\"Quer Saber Pol\u00edtica?\",\"publisher\":{\"@id\":\"https:\\\/\\\/blogdofarnesio.com.br\\\/#organization\"},\"potentialAction\":[{\"@type\":\"SearchAction\",\"target\":{\"@type\":\"EntryPoint\",\"urlTemplate\":\"https:\\\/\\\/blogdofarnesio.com.br\\\/?s={search_term_string}\"},\"query-input\":{\"@type\":\"PropertyValueSpecification\",\"valueRequired\":true,\"valueName\":\"search_term_string\"}}],\"inLanguage\":\"pt-BR\"},{\"@type\":\"Organization\",\"@id\":\"https:\\\/\\\/blogdofarnesio.com.br\\\/#organization\",\"name\":\"Blog do Farn\u00e9sio\",\"url\":\"https:\\\/\\\/blogdofarnesio.com.br\\\/\",\"logo\":{\"@type\":\"ImageObject\",\"inLanguage\":\"pt-BR\",\"@id\":\"https:\\\/\\\/blogdofarnesio.com.br\\\/#\\\/schema\\\/logo\\\/image\\\/\",\"url\":\"https:\\\/\\\/blogdofarnesio.com.br\\\/wp-content\\\/uploads\\\/2026\\\/03\\\/cropped-logo_new-1.png\",\"contentUrl\":\"https:\\\/\\\/blogdofarnesio.com.br\\\/wp-content\\\/uploads\\\/2026\\\/03\\\/cropped-logo_new-1.png\",\"width\":881,\"height\":685,\"caption\":\"Blog do Farn\u00e9sio\"},\"image\":{\"@id\":\"https:\\\/\\\/blogdofarnesio.com.br\\\/#\\\/schema\\\/logo\\\/image\\\/\"},\"sameAs\":[\"https:\\\/\\\/www.facebook.com\\\/BlogQuerSaberPolitica\\\/\"]},{\"@type\":\"Person\",\"@id\":\"https:\\\/\\\/blogdofarnesio.com.br\\\/#\\\/schema\\\/person\\\/bb9b23ae3ad0609ce8df7b6c9e76824d\",\"name\":\"Farn\u00e9sio\",\"image\":{\"@type\":\"ImageObject\",\"inLanguage\":\"pt-BR\",\"@id\":\"https:\\\/\\\/secure.gravatar.com\\\/avatar\\\/986aa4c61ccdb66f8555bf88fc2a65609d00bcabd4d2d94377a727547345cbca?s=96&d=mm&r=g\",\"url\":\"https:\\\/\\\/secure.gravatar.com\\\/avatar\\\/986aa4c61ccdb66f8555bf88fc2a65609d00bcabd4d2d94377a727547345cbca?s=96&d=mm&r=g\",\"contentUrl\":\"https:\\\/\\\/secure.gravatar.com\\\/avatar\\\/986aa4c61ccdb66f8555bf88fc2a65609d00bcabd4d2d94377a727547345cbca?s=96&d=mm&r=g\",\"caption\":\"Farn\u00e9sio\"},\"description\":\"Radialista blogueiro, chegou a Petrolina\\\/Juazeiro em setembro de 1980, Farn\u00e9sio Silva \u00e9 de Arapiraca-Alagoas.\",\"sameAs\":[\"http:\\\/\\\/blogdofarnesio.com.br\",\"https:\\\/\\\/www.facebook.com\\\/?ref=tn_tnmn\",\"https:\\\/\\\/www.instagram.com\\\/?utm_source=pwa_homescreen\",\"https:\\\/\\\/youtube.com.br\\\/\"],\"url\":\"https:\\\/\\\/blogdofarnesio.com.br\\\/?author=2\"}]}<\/script>\n<!-- \/ Yoast SEO plugin. -->","yoast_head_json":{"title":"15 de fevereiro: Dia Internacional de Luta contra o C\u00e2ncer Infantil - Blog do Farn\u00e9sio","robots":{"index":"index","follow":"follow","max-snippet":"max-snippet:-1","max-image-preview":"max-image-preview:large","max-video-preview":"max-video-preview:-1"},"canonical":"https:\/\/blogdofarnesio.com.br\/?p=361418","og_locale":"pt_BR","og_type":"article","og_title":"15 de fevereiro: Dia Internacional de Luta contra o C\u00e2ncer Infantil - Blog do Farn\u00e9sio","og_description":"Diagn\u00f3stico precoce, por meio de investiga\u00e7\u00e3o m\u00e9dica e tratamento especializado, s\u00e3o as principais formas de evitar a evolu\u00e7\u00e3o Reconhecido como a primeira causa de morte por doen\u00e7a em crian\u00e7as, o c\u00e2ncer infantil est\u00e1 atr\u00e1s apenas das mortes causadas por acidentes, no Brasil. Os dados s\u00e3o do Instituto Nacional do C\u00e2ncer (INCA) que aponta ainda que, no tri\u00eanio 2023\/2025, 7.930 novos casos de c\u00e2ncer atingir\u00e3o a popula\u00e7\u00e3o de 0 a 19 anos de idade, a cada ano no territ\u00f3rio nacional. Diferente dos casos na popula\u00e7\u00e3o adulta, o tumor infantil n\u00e3o possui fatores de risco ou formas de preven\u00e7\u00e3o; o diagn\u00f3stico precoce, por meio de investiga\u00e7\u00e3o m\u00e9dica e tratamento especializado, s\u00e3o as principais formas de evitar a evolu\u00e7\u00e3o. Ainda de acordo com&hellip;","og_url":"https:\/\/blogdofarnesio.com.br\/?p=361418","og_site_name":"Blog do Farn\u00e9sio","article_publisher":"https:\/\/www.facebook.com\/BlogQuerSaberPolitica\/","article_author":"https:\/\/www.facebook.com\/?ref=tn_tnmn","article_published_time":"2024-02-15T19:44:06+00:00","og_image":[{"width":600,"height":400,"url":"https:\/\/blogdofarnesio.com.br\/wp-content\/uploads\/2024\/02\/blogqspcrianca-cancer-e1708002225468.jpg","type":"image\/jpeg"}],"author":"Farn\u00e9sio","twitter_card":"summary_large_image","twitter_misc":{"Escrito por":"Farn\u00e9sio","Est. tempo de leitura":"3 minutos"},"schema":{"@context":"https:\/\/schema.org","@graph":[{"@type":"Article","@id":"https:\/\/blogdofarnesio.com.br\/?p=361418#article","isPartOf":{"@id":"https:\/\/blogdofarnesio.com.br\/?p=361418"},"author":{"name":"Farn\u00e9sio","@id":"https:\/\/blogdofarnesio.com.br\/#\/schema\/person\/bb9b23ae3ad0609ce8df7b6c9e76824d"},"headline":"15 de fevereiro: Dia Internacional de Luta contra o C\u00e2ncer Infantil","datePublished":"2024-02-15T19:44:06+00:00","mainEntityOfPage":{"@id":"https:\/\/blogdofarnesio.com.br\/?p=361418"},"wordCount":517,"commentCount":0,"publisher":{"@id":"https:\/\/blogdofarnesio.com.br\/#organization"},"image":{"@id":"https:\/\/blogdofarnesio.com.br\/?p=361418#primaryimage"},"thumbnailUrl":"https:\/\/blogdofarnesio.com.br\/wp-content\/uploads\/2024\/02\/blogqspcrianca-cancer-e1708002225468.jpg","articleSection":["Sa\u00fade"],"inLanguage":"pt-BR","potentialAction":[{"@type":"CommentAction","name":"Comment","target":["https:\/\/blogdofarnesio.com.br\/?p=361418#respond"]}]},{"@type":"WebPage","@id":"https:\/\/blogdofarnesio.com.br\/?p=361418","url":"https:\/\/blogdofarnesio.com.br\/?p=361418","name":"15 de fevereiro: Dia Internacional de Luta contra o C\u00e2ncer Infantil - Blog do Farn\u00e9sio","isPartOf":{"@id":"https:\/\/blogdofarnesio.com.br\/#website"},"primaryImageOfPage":{"@id":"https:\/\/blogdofarnesio.com.br\/?p=361418#primaryimage"},"image":{"@id":"https:\/\/blogdofarnesio.com.br\/?p=361418#primaryimage"},"thumbnailUrl":"https:\/\/blogdofarnesio.com.br\/wp-content\/uploads\/2024\/02\/blogqspcrianca-cancer-e1708002225468.jpg","datePublished":"2024-02-15T19:44:06+00:00","breadcrumb":{"@id":"https:\/\/blogdofarnesio.com.br\/?p=361418#breadcrumb"},"inLanguage":"pt-BR","potentialAction":[{"@type":"ReadAction","target":["https:\/\/blogdofarnesio.com.br\/?p=361418"]}]},{"@type":"ImageObject","inLanguage":"pt-BR","@id":"https:\/\/blogdofarnesio.com.br\/?p=361418#primaryimage","url":"https:\/\/blogdofarnesio.com.br\/wp-content\/uploads\/2024\/02\/blogqspcrianca-cancer-e1708002225468.jpg","contentUrl":"https:\/\/blogdofarnesio.com.br\/wp-content\/uploads\/2024\/02\/blogqspcrianca-cancer-e1708002225468.jpg","width":600,"height":400},{"@type":"BreadcrumbList","@id":"https:\/\/blogdofarnesio.com.br\/?p=361418#breadcrumb","itemListElement":[{"@type":"ListItem","position":1,"name":"In\u00edcio","item":"https:\/\/blogdofarnesio.com.br\/"},{"@type":"ListItem","position":2,"name":"15 de fevereiro: Dia Internacional de Luta contra o C\u00e2ncer Infantil"}]},{"@type":"WebSite","@id":"https:\/\/blogdofarnesio.com.br\/#website","url":"https:\/\/blogdofarnesio.com.br\/","name":"Blog do Farn\u00e9sio","description":"Quer Saber Pol\u00edtica?","publisher":{"@id":"https:\/\/blogdofarnesio.com.br\/#organization"},"potentialAction":[{"@type":"SearchAction","target":{"@type":"EntryPoint","urlTemplate":"https:\/\/blogdofarnesio.com.br\/?s={search_term_string}"},"query-input":{"@type":"PropertyValueSpecification","valueRequired":true,"valueName":"search_term_string"}}],"inLanguage":"pt-BR"},{"@type":"Organization","@id":"https:\/\/blogdofarnesio.com.br\/#organization","name":"Blog do Farn\u00e9sio","url":"https:\/\/blogdofarnesio.com.br\/","logo":{"@type":"ImageObject","inLanguage":"pt-BR","@id":"https:\/\/blogdofarnesio.com.br\/#\/schema\/logo\/image\/","url":"https:\/\/blogdofarnesio.com.br\/wp-content\/uploads\/2026\/03\/cropped-logo_new-1.png","contentUrl":"https:\/\/blogdofarnesio.com.br\/wp-content\/uploads\/2026\/03\/cropped-logo_new-1.png","width":881,"height":685,"caption":"Blog do Farn\u00e9sio"},"image":{"@id":"https:\/\/blogdofarnesio.com.br\/#\/schema\/logo\/image\/"},"sameAs":["https:\/\/www.facebook.com\/BlogQuerSaberPolitica\/"]},{"@type":"Person","@id":"https:\/\/blogdofarnesio.com.br\/#\/schema\/person\/bb9b23ae3ad0609ce8df7b6c9e76824d","name":"Farn\u00e9sio","image":{"@type":"ImageObject","inLanguage":"pt-BR","@id":"https:\/\/secure.gravatar.com\/avatar\/986aa4c61ccdb66f8555bf88fc2a65609d00bcabd4d2d94377a727547345cbca?s=96&d=mm&r=g","url":"https:\/\/secure.gravatar.com\/avatar\/986aa4c61ccdb66f8555bf88fc2a65609d00bcabd4d2d94377a727547345cbca?s=96&d=mm&r=g","contentUrl":"https:\/\/secure.gravatar.com\/avatar\/986aa4c61ccdb66f8555bf88fc2a65609d00bcabd4d2d94377a727547345cbca?s=96&d=mm&r=g","caption":"Farn\u00e9sio"},"description":"Radialista blogueiro, chegou a Petrolina\/Juazeiro em setembro de 1980, Farn\u00e9sio Silva \u00e9 de Arapiraca-Alagoas.","sameAs":["http:\/\/blogdofarnesio.com.br","https:\/\/www.facebook.com\/?ref=tn_tnmn","https:\/\/www.instagram.com\/?utm_source=pwa_homescreen","https:\/\/youtube.com.br\/"],"url":"https:\/\/blogdofarnesio.com.br\/?author=2"}]}},"_links":{"self":[{"href":"https:\/\/blogdofarnesio.com.br\/index.php?rest_route=\/wp\/v2\/posts\/361418","targetHints":{"allow":["GET"]}}],"collection":[{"href":"https:\/\/blogdofarnesio.com.br\/index.php?rest_route=\/wp\/v2\/posts"}],"about":[{"href":"https:\/\/blogdofarnesio.com.br\/index.php?rest_route=\/wp\/v2\/types\/post"}],"author":[{"embeddable":true,"href":"https:\/\/blogdofarnesio.com.br\/index.php?rest_route=\/wp\/v2\/users\/2"}],"replies":[{"embeddable":true,"href":"https:\/\/blogdofarnesio.com.br\/index.php?rest_route=%2Fwp%2Fv2%2Fcomments&post=361418"}],"version-history":[{"count":0,"href":"https:\/\/blogdofarnesio.com.br\/index.php?rest_route=\/wp\/v2\/posts\/361418\/revisions"}],"wp:featuredmedia":[{"embeddable":true,"href":"https:\/\/blogdofarnesio.com.br\/index.php?rest_route=\/wp\/v2\/media\/361419"}],"wp:attachment":[{"href":"https:\/\/blogdofarnesio.com.br\/index.php?rest_route=%2Fwp%2Fv2%2Fmedia&parent=361418"}],"wp:term":[{"taxonomy":"category","embeddable":true,"href":"https:\/\/blogdofarnesio.com.br\/index.php?rest_route=%2Fwp%2Fv2%2Fcategories&post=361418"},{"taxonomy":"post_tag","embeddable":true,"href":"https:\/\/blogdofarnesio.com.br\/index.php?rest_route=%2Fwp%2Fv2%2Ftags&post=361418"}],"curies":[{"name":"wp","href":"https:\/\/api.w.org\/{rel}","templated":true}]}}