{"id":361376,"date":"2024-02-14T17:04:48","date_gmt":"2024-02-14T20:04:48","guid":{"rendered":"https:\/\/blogdofarnesio.com.br\/?p=361376"},"modified":"2024-02-14T14:57:37","modified_gmt":"2024-02-14T17:57:37","slug":"quem-fez-vai-ser-responsabilizado-diz-comandante-do-exercito-sobre-militares-envolvidos-em-tentativa-de-golpe-do-8-1","status":"publish","type":"post","link":"https:\/\/blogdofarnesio.com.br\/?p=361376","title":{"rendered":"&#8220;Quem fez vai ser responsabilizado&#8221;, diz comandante do Ex\u00e9rcito sobre militares envolvidos em tentativa de golpe do 8\/1"},"content":{"rendered":"<div class=\"article__text marginTop30 article_speakable\"><button class=\"parceiroButton inlineApoie247\"><\/button><b>247 &#8211;\u00a0<\/b>O general Tom\u00e1s Paiva, comandante do Ex\u00e9rcito, afirmou ser necess\u00e1rio afastar qualquer sentimento de que ilegalidades possam estar associadas \u00e0 institui\u00e7\u00e3o militar no \u00e2mbito das investiga\u00e7\u00f5es da Pol\u00edcia Federal (PF) que apuram a intentona golpista do dia 8 de janeiro do ano passado.\u201cTemos que afastar o sentimento de que isso (ilegalidades) est\u00e1 no farol, que isso pode acontecer. N\u00e3o pode acontecer. E o Ex\u00e9rcito n\u00e3o faz mais do que obriga\u00e7\u00e3o do que cumprir a lei. Ponto e acabou\u201d, disse Paiva \u00e0 coluna da jornalista\u00a0<a href=\"https:\/\/g1.globo.com\/politica\/blog\/andreia-sadi\/post\/2024\/02\/14\/comandante-tomas-paiva-sobre-investigacao-de-militares.ghtml\" target=\"_blank\" rel=\"noopener noreferrer nofollow\">Andr\u00e9ia Sadi<\/a>, do G1, nesta quarta-feira (14). \u00a0<b>&gt;&gt;&gt;\u00a0<\/b><a href=\"https:\/\/www.brasil247.com\/brasil\/mauro-cid-orientou-oficial-do-exercito-a-ignorar-recomendacao-do-mpf-para-desmobilizar-acampamentos-golpistas-manda-se-fod\" target=\"_blank\" rel=\"noopener noreferrer nofollow\"><b>Mauro Cid orientou oficial do Ex\u00e9rcito a ignorar recomenda\u00e7\u00e3o do MPF para desmobilizar acampamentos golpistas: &#8216;manda se fod**!&#8217;<\/b><\/a><\/p>\n<p>Ainda segundo ele, \u00e9 preciso separar a institui\u00e7\u00e3o de indiv\u00edduos e que todo e qualquer militar envolvido na tentativa de golpe investigada ser\u00e1 responsabilizado. \u201cQuem fez vai ser responsabilizado, mas \u00e9 preciso separar indiv\u00edduos da institui\u00e7\u00e3o. O que eu quero com meu trabalho: tenho miss\u00e3o constitucional a ser cumprida. E n\u00e3o existe linha de a\u00e7\u00e3o vi\u00e1vel para qualquer ilegalidade. \u00c9 miss\u00e3o e cumprimento constitucional\u201d, afirmou o comandante do Ex\u00e9rcito.<\/p>\n<\/div>\n","protected":false},"excerpt":{"rendered":"<p>247 &#8211;\u00a0O general Tom\u00e1s Paiva, comandante do Ex\u00e9rcito, afirmou ser necess\u00e1rio afastar qualquer sentimento de que ilegalidades possam estar associadas \u00e0 institui\u00e7\u00e3o militar no \u00e2mbito das investiga\u00e7\u00f5es da Pol\u00edcia Federal (PF) que apuram a intentona golpista do dia 8 de janeiro do ano passado.\u201cTemos que afastar o sentimento de que isso (ilegalidades) est\u00e1 no farol, que isso pode acontecer. N\u00e3o pode acontecer. E o Ex\u00e9rcito n\u00e3o faz mais do que obriga\u00e7\u00e3o do que cumprir a lei. Ponto e acabou\u201d, disse Paiva \u00e0 coluna da jornalista\u00a0Andr\u00e9ia Sadi, do G1, nesta quarta-feira (14). \u00a0&gt;&gt;&gt;\u00a0Mauro Cid orientou oficial do Ex\u00e9rcito a ignorar recomenda\u00e7\u00e3o do MPF para desmobilizar acampamentos golpistas: &#8216;manda se fod**!&#8217; Ainda segundo ele, \u00e9 preciso separar a institui\u00e7\u00e3o de indiv\u00edduos e&hellip; <\/p>\n","protected":false},"author":2,"featured_media":361377,"comment_status":"open","ping_status":"open","sticky":false,"template":"","format":"standard","meta":{"_acf_changed":false,"footnotes":""},"categories":[1],"tags":[],"class_list":["post-361376","post","type-post","status-publish","format-standard","has-post-thumbnail","hentry","category-politica"],"acf":[],"yoast_head":"<!-- This site is optimized with the Yoast SEO plugin v27.4 - https:\/\/yoast.com\/product\/yoast-seo-wordpress\/ -->\n<title>&quot;Quem fez vai ser responsabilizado&quot;, diz comandante do Ex\u00e9rcito sobre militares envolvidos em tentativa de golpe do 8\/1 - Blog do Farn\u00e9sio<\/title>\n<meta name=\"robots\" content=\"index, follow, max-snippet:-1, max-image-preview:large, max-video-preview:-1\" \/>\n<link rel=\"canonical\" href=\"https:\/\/blogdofarnesio.com.br\/?p=361376\" \/>\n<meta property=\"og:locale\" content=\"pt_BR\" \/>\n<meta property=\"og:type\" content=\"article\" \/>\n<meta property=\"og:title\" content=\"&quot;Quem fez vai ser responsabilizado&quot;, diz comandante do Ex\u00e9rcito sobre militares envolvidos em tentativa de golpe do 8\/1 - Blog do Farn\u00e9sio\" \/>\n<meta property=\"og:description\" content=\"247 &#8211;\u00a0O general Tom\u00e1s Paiva, comandante do Ex\u00e9rcito, afirmou ser necess\u00e1rio afastar qualquer sentimento de que ilegalidades possam estar associadas \u00e0 institui\u00e7\u00e3o militar no \u00e2mbito das investiga\u00e7\u00f5es da Pol\u00edcia Federal (PF) que apuram a intentona golpista do dia 8 de janeiro do ano passado.\u201cTemos que afastar o sentimento de que isso (ilegalidades) est\u00e1 no farol, que isso pode acontecer. N\u00e3o pode acontecer. E o Ex\u00e9rcito n\u00e3o faz mais do que obriga\u00e7\u00e3o do que cumprir a lei. Ponto e acabou\u201d, disse Paiva \u00e0 coluna da jornalista\u00a0Andr\u00e9ia Sadi, do G1, nesta quarta-feira (14). \u00a0&gt;&gt;&gt;\u00a0Mauro Cid orientou oficial do Ex\u00e9rcito a ignorar recomenda\u00e7\u00e3o do MPF para desmobilizar acampamentos golpistas: &#8216;manda se fod**!&#8217; Ainda segundo ele, \u00e9 preciso separar a institui\u00e7\u00e3o de indiv\u00edduos e&hellip;\" \/>\n<meta property=\"og:url\" content=\"https:\/\/blogdofarnesio.com.br\/?p=361376\" \/>\n<meta property=\"og:site_name\" content=\"Blog do Farn\u00e9sio\" \/>\n<meta property=\"article:publisher\" content=\"https:\/\/www.facebook.com\/BlogQuerSaberPolitica\/\" \/>\n<meta property=\"article:author\" content=\"https:\/\/www.facebook.com\/?ref=tn_tnmn\" \/>\n<meta property=\"article:published_time\" content=\"2024-02-14T20:04:48+00:00\" \/>\n<meta property=\"og:image\" content=\"https:\/\/blogdofarnesio.com.br\/wp-content\/uploads\/2024\/02\/blogqspcomandante-exercito-gen-tomas-ribeiro-e1707933392178.webp\" \/>\n\t<meta property=\"og:image:width\" content=\"600\" \/>\n\t<meta property=\"og:image:height\" content=\"288\" \/>\n\t<meta property=\"og:image:type\" content=\"image\/webp\" \/>\n<meta name=\"author\" content=\"Farn\u00e9sio\" \/>\n<meta name=\"twitter:card\" content=\"summary_large_image\" \/>\n<meta name=\"twitter:label1\" content=\"Escrito por\" \/>\n\t<meta name=\"twitter:data1\" content=\"Farn\u00e9sio\" \/>\n\t<meta name=\"twitter:label2\" content=\"Est. tempo de leitura\" \/>\n\t<meta name=\"twitter:data2\" content=\"2 minutos\" \/>\n<script type=\"application\/ld+json\" class=\"yoast-schema-graph\">{\"@context\":\"https:\\\/\\\/schema.org\",\"@graph\":[{\"@type\":\"Article\",\"@id\":\"https:\\\/\\\/blogdofarnesio.com.br\\\/?p=361376#article\",\"isPartOf\":{\"@id\":\"https:\\\/\\\/blogdofarnesio.com.br\\\/?p=361376\"},\"author\":{\"name\":\"Farn\u00e9sio\",\"@id\":\"https:\\\/\\\/blogdofarnesio.com.br\\\/#\\\/schema\\\/person\\\/bb9b23ae3ad0609ce8df7b6c9e76824d\"},\"headline\":\"&#8220;Quem fez vai ser responsabilizado&#8221;, diz comandante do Ex\u00e9rcito sobre militares envolvidos em tentativa de golpe do 8\\\/1\",\"datePublished\":\"2024-02-14T20:04:48+00:00\",\"mainEntityOfPage\":{\"@id\":\"https:\\\/\\\/blogdofarnesio.com.br\\\/?p=361376\"},\"wordCount\":217,\"commentCount\":0,\"publisher\":{\"@id\":\"https:\\\/\\\/blogdofarnesio.com.br\\\/#organization\"},\"image\":{\"@id\":\"https:\\\/\\\/blogdofarnesio.com.br\\\/?p=361376#primaryimage\"},\"thumbnailUrl\":\"https:\\\/\\\/blogdofarnesio.com.br\\\/wp-content\\\/uploads\\\/2024\\\/02\\\/blogqspcomandante-exercito-gen-tomas-ribeiro-e1707933392178.webp\",\"articleSection\":[\"Pol\u00edtica\"],\"inLanguage\":\"pt-BR\",\"potentialAction\":[{\"@type\":\"CommentAction\",\"name\":\"Comment\",\"target\":[\"https:\\\/\\\/blogdofarnesio.com.br\\\/?p=361376#respond\"]}]},{\"@type\":\"WebPage\",\"@id\":\"https:\\\/\\\/blogdofarnesio.com.br\\\/?p=361376\",\"url\":\"https:\\\/\\\/blogdofarnesio.com.br\\\/?p=361376\",\"name\":\"\\\"Quem fez vai ser responsabilizado\\\", diz comandante do Ex\u00e9rcito sobre militares envolvidos em tentativa de golpe do 8\\\/1 - Blog do Farn\u00e9sio\",\"isPartOf\":{\"@id\":\"https:\\\/\\\/blogdofarnesio.com.br\\\/#website\"},\"primaryImageOfPage\":{\"@id\":\"https:\\\/\\\/blogdofarnesio.com.br\\\/?p=361376#primaryimage\"},\"image\":{\"@id\":\"https:\\\/\\\/blogdofarnesio.com.br\\\/?p=361376#primaryimage\"},\"thumbnailUrl\":\"https:\\\/\\\/blogdofarnesio.com.br\\\/wp-content\\\/uploads\\\/2024\\\/02\\\/blogqspcomandante-exercito-gen-tomas-ribeiro-e1707933392178.webp\",\"datePublished\":\"2024-02-14T20:04:48+00:00\",\"breadcrumb\":{\"@id\":\"https:\\\/\\\/blogdofarnesio.com.br\\\/?p=361376#breadcrumb\"},\"inLanguage\":\"pt-BR\",\"potentialAction\":[{\"@type\":\"ReadAction\",\"target\":[\"https:\\\/\\\/blogdofarnesio.com.br\\\/?p=361376\"]}]},{\"@type\":\"ImageObject\",\"inLanguage\":\"pt-BR\",\"@id\":\"https:\\\/\\\/blogdofarnesio.com.br\\\/?p=361376#primaryimage\",\"url\":\"https:\\\/\\\/blogdofarnesio.com.br\\\/wp-content\\\/uploads\\\/2024\\\/02\\\/blogqspcomandante-exercito-gen-tomas-ribeiro-e1707933392178.webp\",\"contentUrl\":\"https:\\\/\\\/blogdofarnesio.com.br\\\/wp-content\\\/uploads\\\/2024\\\/02\\\/blogqspcomandante-exercito-gen-tomas-ribeiro-e1707933392178.webp\",\"width\":600,\"height\":288},{\"@type\":\"BreadcrumbList\",\"@id\":\"https:\\\/\\\/blogdofarnesio.com.br\\\/?p=361376#breadcrumb\",\"itemListElement\":[{\"@type\":\"ListItem\",\"position\":1,\"name\":\"In\u00edcio\",\"item\":\"https:\\\/\\\/blogdofarnesio.com.br\\\/\"},{\"@type\":\"ListItem\",\"position\":2,\"name\":\"&#8220;Quem fez vai ser responsabilizado&#8221;, diz comandante do Ex\u00e9rcito sobre militares envolvidos em tentativa de golpe do 8\\\/1\"}]},{\"@type\":\"WebSite\",\"@id\":\"https:\\\/\\\/blogdofarnesio.com.br\\\/#website\",\"url\":\"https:\\\/\\\/blogdofarnesio.com.br\\\/\",\"name\":\"Blog do Farn\u00e9sio\",\"description\":\"Quer Saber Pol\u00edtica?\",\"publisher\":{\"@id\":\"https:\\\/\\\/blogdofarnesio.com.br\\\/#organization\"},\"potentialAction\":[{\"@type\":\"SearchAction\",\"target\":{\"@type\":\"EntryPoint\",\"urlTemplate\":\"https:\\\/\\\/blogdofarnesio.com.br\\\/?s={search_term_string}\"},\"query-input\":{\"@type\":\"PropertyValueSpecification\",\"valueRequired\":true,\"valueName\":\"search_term_string\"}}],\"inLanguage\":\"pt-BR\"},{\"@type\":\"Organization\",\"@id\":\"https:\\\/\\\/blogdofarnesio.com.br\\\/#organization\",\"name\":\"Blog do Farn\u00e9sio\",\"url\":\"https:\\\/\\\/blogdofarnesio.com.br\\\/\",\"logo\":{\"@type\":\"ImageObject\",\"inLanguage\":\"pt-BR\",\"@id\":\"https:\\\/\\\/blogdofarnesio.com.br\\\/#\\\/schema\\\/logo\\\/image\\\/\",\"url\":\"https:\\\/\\\/blogdofarnesio.com.br\\\/wp-content\\\/uploads\\\/2026\\\/03\\\/cropped-logo_new-1.png\",\"contentUrl\":\"https:\\\/\\\/blogdofarnesio.com.br\\\/wp-content\\\/uploads\\\/2026\\\/03\\\/cropped-logo_new-1.png\",\"width\":881,\"height\":685,\"caption\":\"Blog do Farn\u00e9sio\"},\"image\":{\"@id\":\"https:\\\/\\\/blogdofarnesio.com.br\\\/#\\\/schema\\\/logo\\\/image\\\/\"},\"sameAs\":[\"https:\\\/\\\/www.facebook.com\\\/BlogQuerSaberPolitica\\\/\"]},{\"@type\":\"Person\",\"@id\":\"https:\\\/\\\/blogdofarnesio.com.br\\\/#\\\/schema\\\/person\\\/bb9b23ae3ad0609ce8df7b6c9e76824d\",\"name\":\"Farn\u00e9sio\",\"image\":{\"@type\":\"ImageObject\",\"inLanguage\":\"pt-BR\",\"@id\":\"https:\\\/\\\/secure.gravatar.com\\\/avatar\\\/986aa4c61ccdb66f8555bf88fc2a65609d00bcabd4d2d94377a727547345cbca?s=96&d=mm&r=g\",\"url\":\"https:\\\/\\\/secure.gravatar.com\\\/avatar\\\/986aa4c61ccdb66f8555bf88fc2a65609d00bcabd4d2d94377a727547345cbca?s=96&d=mm&r=g\",\"contentUrl\":\"https:\\\/\\\/secure.gravatar.com\\\/avatar\\\/986aa4c61ccdb66f8555bf88fc2a65609d00bcabd4d2d94377a727547345cbca?s=96&d=mm&r=g\",\"caption\":\"Farn\u00e9sio\"},\"description\":\"Radialista blogueiro, chegou a Petrolina\\\/Juazeiro em setembro de 1980, Farn\u00e9sio Silva \u00e9 de Arapiraca-Alagoas.\",\"sameAs\":[\"http:\\\/\\\/blogdofarnesio.com.br\",\"https:\\\/\\\/www.facebook.com\\\/?ref=tn_tnmn\",\"https:\\\/\\\/www.instagram.com\\\/?utm_source=pwa_homescreen\",\"https:\\\/\\\/youtube.com.br\\\/\"],\"url\":\"https:\\\/\\\/blogdofarnesio.com.br\\\/?author=2\"}]}<\/script>\n<!-- \/ Yoast SEO plugin. -->","yoast_head_json":{"title":"\"Quem fez vai ser responsabilizado\", diz comandante do Ex\u00e9rcito sobre militares envolvidos em tentativa de golpe do 8\/1 - Blog do Farn\u00e9sio","robots":{"index":"index","follow":"follow","max-snippet":"max-snippet:-1","max-image-preview":"max-image-preview:large","max-video-preview":"max-video-preview:-1"},"canonical":"https:\/\/blogdofarnesio.com.br\/?p=361376","og_locale":"pt_BR","og_type":"article","og_title":"\"Quem fez vai ser responsabilizado\", diz comandante do Ex\u00e9rcito sobre militares envolvidos em tentativa de golpe do 8\/1 - Blog do Farn\u00e9sio","og_description":"247 &#8211;\u00a0O general Tom\u00e1s Paiva, comandante do Ex\u00e9rcito, afirmou ser necess\u00e1rio afastar qualquer sentimento de que ilegalidades possam estar associadas \u00e0 institui\u00e7\u00e3o militar no \u00e2mbito das investiga\u00e7\u00f5es da Pol\u00edcia Federal (PF) que apuram a intentona golpista do dia 8 de janeiro do ano passado.\u201cTemos que afastar o sentimento de que isso (ilegalidades) est\u00e1 no farol, que isso pode acontecer. N\u00e3o pode acontecer. E o Ex\u00e9rcito n\u00e3o faz mais do que obriga\u00e7\u00e3o do que cumprir a lei. Ponto e acabou\u201d, disse Paiva \u00e0 coluna da jornalista\u00a0Andr\u00e9ia Sadi, do G1, nesta quarta-feira (14). \u00a0&gt;&gt;&gt;\u00a0Mauro Cid orientou oficial do Ex\u00e9rcito a ignorar recomenda\u00e7\u00e3o do MPF para desmobilizar acampamentos golpistas: &#8216;manda se fod**!&#8217; Ainda segundo ele, \u00e9 preciso separar a institui\u00e7\u00e3o de indiv\u00edduos e&hellip;","og_url":"https:\/\/blogdofarnesio.com.br\/?p=361376","og_site_name":"Blog do Farn\u00e9sio","article_publisher":"https:\/\/www.facebook.com\/BlogQuerSaberPolitica\/","article_author":"https:\/\/www.facebook.com\/?ref=tn_tnmn","article_published_time":"2024-02-14T20:04:48+00:00","og_image":[{"width":600,"height":288,"url":"https:\/\/blogdofarnesio.com.br\/wp-content\/uploads\/2024\/02\/blogqspcomandante-exercito-gen-tomas-ribeiro-e1707933392178.webp","type":"image\/webp"}],"author":"Farn\u00e9sio","twitter_card":"summary_large_image","twitter_misc":{"Escrito por":"Farn\u00e9sio","Est. tempo de leitura":"2 minutos"},"schema":{"@context":"https:\/\/schema.org","@graph":[{"@type":"Article","@id":"https:\/\/blogdofarnesio.com.br\/?p=361376#article","isPartOf":{"@id":"https:\/\/blogdofarnesio.com.br\/?p=361376"},"author":{"name":"Farn\u00e9sio","@id":"https:\/\/blogdofarnesio.com.br\/#\/schema\/person\/bb9b23ae3ad0609ce8df7b6c9e76824d"},"headline":"&#8220;Quem fez vai ser responsabilizado&#8221;, diz comandante do Ex\u00e9rcito sobre militares envolvidos em tentativa de golpe do 8\/1","datePublished":"2024-02-14T20:04:48+00:00","mainEntityOfPage":{"@id":"https:\/\/blogdofarnesio.com.br\/?p=361376"},"wordCount":217,"commentCount":0,"publisher":{"@id":"https:\/\/blogdofarnesio.com.br\/#organization"},"image":{"@id":"https:\/\/blogdofarnesio.com.br\/?p=361376#primaryimage"},"thumbnailUrl":"https:\/\/blogdofarnesio.com.br\/wp-content\/uploads\/2024\/02\/blogqspcomandante-exercito-gen-tomas-ribeiro-e1707933392178.webp","articleSection":["Pol\u00edtica"],"inLanguage":"pt-BR","potentialAction":[{"@type":"CommentAction","name":"Comment","target":["https:\/\/blogdofarnesio.com.br\/?p=361376#respond"]}]},{"@type":"WebPage","@id":"https:\/\/blogdofarnesio.com.br\/?p=361376","url":"https:\/\/blogdofarnesio.com.br\/?p=361376","name":"\"Quem fez vai ser responsabilizado\", diz comandante do Ex\u00e9rcito sobre militares envolvidos em tentativa de golpe do 8\/1 - Blog do Farn\u00e9sio","isPartOf":{"@id":"https:\/\/blogdofarnesio.com.br\/#website"},"primaryImageOfPage":{"@id":"https:\/\/blogdofarnesio.com.br\/?p=361376#primaryimage"},"image":{"@id":"https:\/\/blogdofarnesio.com.br\/?p=361376#primaryimage"},"thumbnailUrl":"https:\/\/blogdofarnesio.com.br\/wp-content\/uploads\/2024\/02\/blogqspcomandante-exercito-gen-tomas-ribeiro-e1707933392178.webp","datePublished":"2024-02-14T20:04:48+00:00","breadcrumb":{"@id":"https:\/\/blogdofarnesio.com.br\/?p=361376#breadcrumb"},"inLanguage":"pt-BR","potentialAction":[{"@type":"ReadAction","target":["https:\/\/blogdofarnesio.com.br\/?p=361376"]}]},{"@type":"ImageObject","inLanguage":"pt-BR","@id":"https:\/\/blogdofarnesio.com.br\/?p=361376#primaryimage","url":"https:\/\/blogdofarnesio.com.br\/wp-content\/uploads\/2024\/02\/blogqspcomandante-exercito-gen-tomas-ribeiro-e1707933392178.webp","contentUrl":"https:\/\/blogdofarnesio.com.br\/wp-content\/uploads\/2024\/02\/blogqspcomandante-exercito-gen-tomas-ribeiro-e1707933392178.webp","width":600,"height":288},{"@type":"BreadcrumbList","@id":"https:\/\/blogdofarnesio.com.br\/?p=361376#breadcrumb","itemListElement":[{"@type":"ListItem","position":1,"name":"In\u00edcio","item":"https:\/\/blogdofarnesio.com.br\/"},{"@type":"ListItem","position":2,"name":"&#8220;Quem fez vai ser responsabilizado&#8221;, diz comandante do Ex\u00e9rcito sobre militares envolvidos em tentativa de golpe do 8\/1"}]},{"@type":"WebSite","@id":"https:\/\/blogdofarnesio.com.br\/#website","url":"https:\/\/blogdofarnesio.com.br\/","name":"Blog do Farn\u00e9sio","description":"Quer Saber Pol\u00edtica?","publisher":{"@id":"https:\/\/blogdofarnesio.com.br\/#organization"},"potentialAction":[{"@type":"SearchAction","target":{"@type":"EntryPoint","urlTemplate":"https:\/\/blogdofarnesio.com.br\/?s={search_term_string}"},"query-input":{"@type":"PropertyValueSpecification","valueRequired":true,"valueName":"search_term_string"}}],"inLanguage":"pt-BR"},{"@type":"Organization","@id":"https:\/\/blogdofarnesio.com.br\/#organization","name":"Blog do Farn\u00e9sio","url":"https:\/\/blogdofarnesio.com.br\/","logo":{"@type":"ImageObject","inLanguage":"pt-BR","@id":"https:\/\/blogdofarnesio.com.br\/#\/schema\/logo\/image\/","url":"https:\/\/blogdofarnesio.com.br\/wp-content\/uploads\/2026\/03\/cropped-logo_new-1.png","contentUrl":"https:\/\/blogdofarnesio.com.br\/wp-content\/uploads\/2026\/03\/cropped-logo_new-1.png","width":881,"height":685,"caption":"Blog do Farn\u00e9sio"},"image":{"@id":"https:\/\/blogdofarnesio.com.br\/#\/schema\/logo\/image\/"},"sameAs":["https:\/\/www.facebook.com\/BlogQuerSaberPolitica\/"]},{"@type":"Person","@id":"https:\/\/blogdofarnesio.com.br\/#\/schema\/person\/bb9b23ae3ad0609ce8df7b6c9e76824d","name":"Farn\u00e9sio","image":{"@type":"ImageObject","inLanguage":"pt-BR","@id":"https:\/\/secure.gravatar.com\/avatar\/986aa4c61ccdb66f8555bf88fc2a65609d00bcabd4d2d94377a727547345cbca?s=96&d=mm&r=g","url":"https:\/\/secure.gravatar.com\/avatar\/986aa4c61ccdb66f8555bf88fc2a65609d00bcabd4d2d94377a727547345cbca?s=96&d=mm&r=g","contentUrl":"https:\/\/secure.gravatar.com\/avatar\/986aa4c61ccdb66f8555bf88fc2a65609d00bcabd4d2d94377a727547345cbca?s=96&d=mm&r=g","caption":"Farn\u00e9sio"},"description":"Radialista blogueiro, chegou a Petrolina\/Juazeiro em setembro de 1980, Farn\u00e9sio Silva \u00e9 de Arapiraca-Alagoas.","sameAs":["http:\/\/blogdofarnesio.com.br","https:\/\/www.facebook.com\/?ref=tn_tnmn","https:\/\/www.instagram.com\/?utm_source=pwa_homescreen","https:\/\/youtube.com.br\/"],"url":"https:\/\/blogdofarnesio.com.br\/?author=2"}]}},"_links":{"self":[{"href":"https:\/\/blogdofarnesio.com.br\/index.php?rest_route=\/wp\/v2\/posts\/361376","targetHints":{"allow":["GET"]}}],"collection":[{"href":"https:\/\/blogdofarnesio.com.br\/index.php?rest_route=\/wp\/v2\/posts"}],"about":[{"href":"https:\/\/blogdofarnesio.com.br\/index.php?rest_route=\/wp\/v2\/types\/post"}],"author":[{"embeddable":true,"href":"https:\/\/blogdofarnesio.com.br\/index.php?rest_route=\/wp\/v2\/users\/2"}],"replies":[{"embeddable":true,"href":"https:\/\/blogdofarnesio.com.br\/index.php?rest_route=%2Fwp%2Fv2%2Fcomments&post=361376"}],"version-history":[{"count":0,"href":"https:\/\/blogdofarnesio.com.br\/index.php?rest_route=\/wp\/v2\/posts\/361376\/revisions"}],"wp:featuredmedia":[{"embeddable":true,"href":"https:\/\/blogdofarnesio.com.br\/index.php?rest_route=\/wp\/v2\/media\/361377"}],"wp:attachment":[{"href":"https:\/\/blogdofarnesio.com.br\/index.php?rest_route=%2Fwp%2Fv2%2Fmedia&parent=361376"}],"wp:term":[{"taxonomy":"category","embeddable":true,"href":"https:\/\/blogdofarnesio.com.br\/index.php?rest_route=%2Fwp%2Fv2%2Fcategories&post=361376"},{"taxonomy":"post_tag","embeddable":true,"href":"https:\/\/blogdofarnesio.com.br\/index.php?rest_route=%2Fwp%2Fv2%2Ftags&post=361376"}],"curies":[{"name":"wp","href":"https:\/\/api.w.org\/{rel}","templated":true}]}}