{"id":361370,"date":"2024-02-14T16:04:54","date_gmt":"2024-02-14T19:04:54","guid":{"rendered":"https:\/\/blogdofarnesio.com.br\/?p=361370"},"modified":"2024-02-14T14:39:15","modified_gmt":"2024-02-14T17:39:15","slug":"bahia-sai-na-frente-e-tera-cameras-corporais-em-uso-pela-policia-militar-do-estado","status":"publish","type":"post","link":"https:\/\/blogdofarnesio.com.br\/?p=361370","title":{"rendered":"Bahia sai na frente e ter\u00e1 c\u00e2meras corporais em uso pela Pol\u00edcia Militar do estado"},"content":{"rendered":"<div id=\"post-body-6241717906015010174\" class=\"post-body entry-content\">\n<p>O Oakmont Group, empresa da \u00e1rea de seguran\u00e7a, anunciou a conquista da licita\u00e7\u00e3o para fornecer c\u00e2meras corporais para a Secretaria de Seguran\u00e7a P\u00fablica do Estado da Bahia, no Brasil.<\/p>\n<p class=\"selectable-text copyable-text iq0m558w g0rxnol2\" dir=\"ltr\"><span class=\"selectable-text copyable-text\">A empresa, em parceria com a l\u00edder mundial em solu\u00e7\u00f5es para Seguran\u00e7a P\u00fablica, Axon, foi declarada vencedora, ap\u00f3s an\u00e1lise da documenta\u00e7\u00e3o e sucesso na etapa de prova de conceito.<\/span><\/p>\n<p class=\"selectable-text copyable-text iq0m558w g0rxnol2\" dir=\"ltr\"><span class=\"selectable-text copyable-text\">A SSP-BA informou que pretende investir mais de R$ 23 milh\u00f5es por ano na solu\u00e7\u00e3o de c\u00e2meras corporais (bodycams) que ser\u00e3o acopladas nas fardas e dever\u00e3o captar, transmitir, armazenar e gerir as opera\u00e7\u00f5es policiais, al\u00e9m de efetuar cust\u00f3dia de evid\u00eancias digitais.<\/span><\/p>\n<p class=\"selectable-text copyable-text iq0m558w g0rxnol2\" dir=\"ltr\"><span class=\"selectable-text copyable-text\"><a href=\"https:\/\/blogger.googleusercontent.com\/img\/b\/R29vZ2xl\/AVvXsEgP56n9EQ8Gxkj0AWr3hjZi1fY5pwvHJ4lkGfl5F7qGmvTLNP-A3TnoidF8t1ZE4cD1czl-xm9_r_XnZDsMSWPicQjfqsGSqp6MsFu41lKgtc4u8fFUGEN3EsujZT2g7VCG7u2IQF_r_vCoQ_7CagK3vygU44bNvYgpN_5pvzOgHs1tAGlckyFkQ4jJt7Av\/s806\/1_image_2020_12_15_at_09_18_18-16954031.jpeg\"><img loading=\"lazy\" decoding=\"async\" class=\"aligncenter\" src=\"https:\/\/blogger.googleusercontent.com\/img\/b\/R29vZ2xl\/AVvXsEgP56n9EQ8Gxkj0AWr3hjZi1fY5pwvHJ4lkGfl5F7qGmvTLNP-A3TnoidF8t1ZE4cD1czl-xm9_r_XnZDsMSWPicQjfqsGSqp6MsFu41lKgtc4u8fFUGEN3EsujZT2g7VCG7u2IQF_r_vCoQ_7CagK3vygU44bNvYgpN_5pvzOgHs1tAGlckyFkQ4jJt7Av\/w544-h292\/1_image_2020_12_15_at_09_18_18-16954031.jpeg\" width=\"544\" height=\"292\" border=\"0\" data-original-height=\"443\" data-original-width=\"806\" \/><\/a>\u201cCerca de 3.300 bodycams ser\u00e3o fornecidas a Secret\u00e1ria de Seguran\u00e7a P\u00fablica da Bahia, dentro de um ano, a primeira leva de 1.100 c\u00e2meras dever\u00e1 ser entregue em at\u00e9 60 dias\u201d, explica Rodrigo Silva, Head da Unidade de Neg\u00f3cio de Seguran\u00e7a P\u00fablica.<\/span><\/p>\n<p class=\"selectable-text copyable-text iq0m558w g0rxnol2\" dir=\"ltr\"><span class=\"selectable-text copyable-text\">\u201cAs for\u00e7as policiais que utilizar\u00e3o as c\u00e2meras corporais, nesta primeira fase, devem ser a Pol\u00edcia Militar, incluindo o Batalh\u00e3o Rodovi\u00e1rio, a Pol\u00edcia Civil e a Pol\u00edcia T\u00e9cnica. Com a aquisi\u00e7\u00e3o, a Bahia se torna o sexto estado brasileiro a aderir o uso de c\u00e2meras corporais\u201d.<\/span><\/p>\n<p class=\"selectable-text copyable-text iq0m558w g0rxnol2\" dir=\"ltr\"><span class=\"selectable-text copyable-text\">Segundo a empresa, hoje, o estado tem mais de mil pris\u00f5es por reconhecimento facial, sem o uso de for\u00e7a ou armas de fogo, e com a chegada deste equipamento, a SSP\/BA ter\u00e1 mais recursos de intelig\u00eancia e mais seguran\u00e7a nas deten\u00e7\u00f5es.<\/span><\/p>\n<\/div>\n","protected":false},"excerpt":{"rendered":"<p>O Oakmont Group, empresa da \u00e1rea de seguran\u00e7a, anunciou a conquista da licita\u00e7\u00e3o para fornecer c\u00e2meras corporais para a Secretaria de Seguran\u00e7a P\u00fablica do Estado da Bahia, no Brasil. A empresa, em parceria com a l\u00edder mundial em solu\u00e7\u00f5es para Seguran\u00e7a P\u00fablica, Axon, foi declarada vencedora, ap\u00f3s an\u00e1lise da documenta\u00e7\u00e3o e sucesso na etapa de prova de conceito. A SSP-BA informou que pretende investir mais de R$ 23 milh\u00f5es por ano na solu\u00e7\u00e3o de c\u00e2meras corporais (bodycams) que ser\u00e3o acopladas nas fardas e dever\u00e3o captar, transmitir, armazenar e gerir as opera\u00e7\u00f5es policiais, al\u00e9m de efetuar cust\u00f3dia de evid\u00eancias digitais. \u201cCerca de 3.300 bodycams ser\u00e3o fornecidas a Secret\u00e1ria de Seguran\u00e7a P\u00fablica da Bahia, dentro de um ano, a primeira leva de&hellip; <\/p>\n","protected":false},"author":2,"featured_media":347458,"comment_status":"open","ping_status":"open","sticky":false,"template":"","format":"standard","meta":{"_acf_changed":false,"footnotes":""},"categories":[5],"tags":[],"class_list":["post-361370","post","type-post","status-publish","format-standard","has-post-thumbnail","hentry","category-seguranca"],"acf":[],"yoast_head":"<!-- This site is optimized with the Yoast SEO plugin v27.4 - https:\/\/yoast.com\/product\/yoast-seo-wordpress\/ -->\n<title>Bahia sai na frente e ter\u00e1 c\u00e2meras corporais em uso pela Pol\u00edcia Militar do estado - Blog do Farn\u00e9sio<\/title>\n<meta name=\"robots\" content=\"index, follow, max-snippet:-1, max-image-preview:large, max-video-preview:-1\" \/>\n<link rel=\"canonical\" href=\"https:\/\/blogdofarnesio.com.br\/?p=361370\" \/>\n<meta property=\"og:locale\" content=\"pt_BR\" \/>\n<meta property=\"og:type\" content=\"article\" \/>\n<meta property=\"og:title\" content=\"Bahia sai na frente e ter\u00e1 c\u00e2meras corporais em uso pela Pol\u00edcia Militar do estado - Blog do Farn\u00e9sio\" \/>\n<meta property=\"og:description\" content=\"O Oakmont Group, empresa da \u00e1rea de seguran\u00e7a, anunciou a conquista da licita\u00e7\u00e3o para fornecer c\u00e2meras corporais para a Secretaria de Seguran\u00e7a P\u00fablica do Estado da Bahia, no Brasil. A empresa, em parceria com a l\u00edder mundial em solu\u00e7\u00f5es para Seguran\u00e7a P\u00fablica, Axon, foi declarada vencedora, ap\u00f3s an\u00e1lise da documenta\u00e7\u00e3o e sucesso na etapa de prova de conceito. A SSP-BA informou que pretende investir mais de R$ 23 milh\u00f5es por ano na solu\u00e7\u00e3o de c\u00e2meras corporais (bodycams) que ser\u00e3o acopladas nas fardas e dever\u00e3o captar, transmitir, armazenar e gerir as opera\u00e7\u00f5es policiais, al\u00e9m de efetuar cust\u00f3dia de evid\u00eancias digitais. \u201cCerca de 3.300 bodycams ser\u00e3o fornecidas a Secret\u00e1ria de Seguran\u00e7a P\u00fablica da Bahia, dentro de um ano, a primeira leva de&hellip;\" \/>\n<meta property=\"og:url\" content=\"https:\/\/blogdofarnesio.com.br\/?p=361370\" \/>\n<meta property=\"og:site_name\" content=\"Blog do Farn\u00e9sio\" \/>\n<meta property=\"article:publisher\" content=\"https:\/\/www.facebook.com\/BlogQuerSaberPolitica\/\" \/>\n<meta property=\"article:author\" content=\"https:\/\/www.facebook.com\/?ref=tn_tnmn\" \/>\n<meta property=\"article:published_time\" content=\"2024-02-14T19:04:54+00:00\" \/>\n<meta property=\"og:image\" content=\"https:\/\/blogdofarnesio.com.br\/wp-content\/uploads\/2023\/08\/blogqsppmba-camaras-alberto-maraux-SSP.webp\" \/>\n\t<meta property=\"og:image:width\" content=\"597\" \/>\n\t<meta property=\"og:image:height\" content=\"380\" \/>\n\t<meta property=\"og:image:type\" content=\"image\/webp\" \/>\n<meta name=\"author\" content=\"Farn\u00e9sio\" \/>\n<meta name=\"twitter:card\" content=\"summary_large_image\" \/>\n<meta name=\"twitter:label1\" content=\"Escrito por\" \/>\n\t<meta name=\"twitter:data1\" content=\"Farn\u00e9sio\" \/>\n\t<meta name=\"twitter:label2\" content=\"Est. tempo de leitura\" \/>\n\t<meta name=\"twitter:data2\" content=\"2 minutos\" \/>\n<script type=\"application\/ld+json\" class=\"yoast-schema-graph\">{\"@context\":\"https:\\\/\\\/schema.org\",\"@graph\":[{\"@type\":\"Article\",\"@id\":\"https:\\\/\\\/blogdofarnesio.com.br\\\/?p=361370#article\",\"isPartOf\":{\"@id\":\"https:\\\/\\\/blogdofarnesio.com.br\\\/?p=361370\"},\"author\":{\"name\":\"Farn\u00e9sio\",\"@id\":\"https:\\\/\\\/blogdofarnesio.com.br\\\/#\\\/schema\\\/person\\\/bb9b23ae3ad0609ce8df7b6c9e76824d\"},\"headline\":\"Bahia sai na frente e ter\u00e1 c\u00e2meras corporais em uso pela Pol\u00edcia Militar do estado\",\"datePublished\":\"2024-02-14T19:04:54+00:00\",\"mainEntityOfPage\":{\"@id\":\"https:\\\/\\\/blogdofarnesio.com.br\\\/?p=361370\"},\"wordCount\":285,\"commentCount\":0,\"publisher\":{\"@id\":\"https:\\\/\\\/blogdofarnesio.com.br\\\/#organization\"},\"image\":{\"@id\":\"https:\\\/\\\/blogdofarnesio.com.br\\\/?p=361370#primaryimage\"},\"thumbnailUrl\":\"https:\\\/\\\/blogdofarnesio.com.br\\\/wp-content\\\/uploads\\\/2023\\\/08\\\/blogqsppmba-camaras-alberto-maraux-SSP.webp\",\"articleSection\":[\"Seguran\u00e7a\"],\"inLanguage\":\"pt-BR\",\"potentialAction\":[{\"@type\":\"CommentAction\",\"name\":\"Comment\",\"target\":[\"https:\\\/\\\/blogdofarnesio.com.br\\\/?p=361370#respond\"]}]},{\"@type\":\"WebPage\",\"@id\":\"https:\\\/\\\/blogdofarnesio.com.br\\\/?p=361370\",\"url\":\"https:\\\/\\\/blogdofarnesio.com.br\\\/?p=361370\",\"name\":\"Bahia sai na frente e ter\u00e1 c\u00e2meras corporais em uso pela Pol\u00edcia Militar do estado - Blog do Farn\u00e9sio\",\"isPartOf\":{\"@id\":\"https:\\\/\\\/blogdofarnesio.com.br\\\/#website\"},\"primaryImageOfPage\":{\"@id\":\"https:\\\/\\\/blogdofarnesio.com.br\\\/?p=361370#primaryimage\"},\"image\":{\"@id\":\"https:\\\/\\\/blogdofarnesio.com.br\\\/?p=361370#primaryimage\"},\"thumbnailUrl\":\"https:\\\/\\\/blogdofarnesio.com.br\\\/wp-content\\\/uploads\\\/2023\\\/08\\\/blogqsppmba-camaras-alberto-maraux-SSP.webp\",\"datePublished\":\"2024-02-14T19:04:54+00:00\",\"breadcrumb\":{\"@id\":\"https:\\\/\\\/blogdofarnesio.com.br\\\/?p=361370#breadcrumb\"},\"inLanguage\":\"pt-BR\",\"potentialAction\":[{\"@type\":\"ReadAction\",\"target\":[\"https:\\\/\\\/blogdofarnesio.com.br\\\/?p=361370\"]}]},{\"@type\":\"ImageObject\",\"inLanguage\":\"pt-BR\",\"@id\":\"https:\\\/\\\/blogdofarnesio.com.br\\\/?p=361370#primaryimage\",\"url\":\"https:\\\/\\\/blogdofarnesio.com.br\\\/wp-content\\\/uploads\\\/2023\\\/08\\\/blogqsppmba-camaras-alberto-maraux-SSP.webp\",\"contentUrl\":\"https:\\\/\\\/blogdofarnesio.com.br\\\/wp-content\\\/uploads\\\/2023\\\/08\\\/blogqsppmba-camaras-alberto-maraux-SSP.webp\",\"width\":597,\"height\":380},{\"@type\":\"BreadcrumbList\",\"@id\":\"https:\\\/\\\/blogdofarnesio.com.br\\\/?p=361370#breadcrumb\",\"itemListElement\":[{\"@type\":\"ListItem\",\"position\":1,\"name\":\"In\u00edcio\",\"item\":\"https:\\\/\\\/blogdofarnesio.com.br\\\/\"},{\"@type\":\"ListItem\",\"position\":2,\"name\":\"Bahia sai na frente e ter\u00e1 c\u00e2meras corporais em uso pela Pol\u00edcia Militar do estado\"}]},{\"@type\":\"WebSite\",\"@id\":\"https:\\\/\\\/blogdofarnesio.com.br\\\/#website\",\"url\":\"https:\\\/\\\/blogdofarnesio.com.br\\\/\",\"name\":\"Blog do Farn\u00e9sio\",\"description\":\"Quer Saber Pol\u00edtica?\",\"publisher\":{\"@id\":\"https:\\\/\\\/blogdofarnesio.com.br\\\/#organization\"},\"potentialAction\":[{\"@type\":\"SearchAction\",\"target\":{\"@type\":\"EntryPoint\",\"urlTemplate\":\"https:\\\/\\\/blogdofarnesio.com.br\\\/?s={search_term_string}\"},\"query-input\":{\"@type\":\"PropertyValueSpecification\",\"valueRequired\":true,\"valueName\":\"search_term_string\"}}],\"inLanguage\":\"pt-BR\"},{\"@type\":\"Organization\",\"@id\":\"https:\\\/\\\/blogdofarnesio.com.br\\\/#organization\",\"name\":\"Blog do Farn\u00e9sio\",\"url\":\"https:\\\/\\\/blogdofarnesio.com.br\\\/\",\"logo\":{\"@type\":\"ImageObject\",\"inLanguage\":\"pt-BR\",\"@id\":\"https:\\\/\\\/blogdofarnesio.com.br\\\/#\\\/schema\\\/logo\\\/image\\\/\",\"url\":\"https:\\\/\\\/blogdofarnesio.com.br\\\/wp-content\\\/uploads\\\/2026\\\/03\\\/cropped-logo_new-1.png\",\"contentUrl\":\"https:\\\/\\\/blogdofarnesio.com.br\\\/wp-content\\\/uploads\\\/2026\\\/03\\\/cropped-logo_new-1.png\",\"width\":881,\"height\":685,\"caption\":\"Blog do Farn\u00e9sio\"},\"image\":{\"@id\":\"https:\\\/\\\/blogdofarnesio.com.br\\\/#\\\/schema\\\/logo\\\/image\\\/\"},\"sameAs\":[\"https:\\\/\\\/www.facebook.com\\\/BlogQuerSaberPolitica\\\/\"]},{\"@type\":\"Person\",\"@id\":\"https:\\\/\\\/blogdofarnesio.com.br\\\/#\\\/schema\\\/person\\\/bb9b23ae3ad0609ce8df7b6c9e76824d\",\"name\":\"Farn\u00e9sio\",\"image\":{\"@type\":\"ImageObject\",\"inLanguage\":\"pt-BR\",\"@id\":\"https:\\\/\\\/secure.gravatar.com\\\/avatar\\\/986aa4c61ccdb66f8555bf88fc2a65609d00bcabd4d2d94377a727547345cbca?s=96&d=mm&r=g\",\"url\":\"https:\\\/\\\/secure.gravatar.com\\\/avatar\\\/986aa4c61ccdb66f8555bf88fc2a65609d00bcabd4d2d94377a727547345cbca?s=96&d=mm&r=g\",\"contentUrl\":\"https:\\\/\\\/secure.gravatar.com\\\/avatar\\\/986aa4c61ccdb66f8555bf88fc2a65609d00bcabd4d2d94377a727547345cbca?s=96&d=mm&r=g\",\"caption\":\"Farn\u00e9sio\"},\"description\":\"Radialista blogueiro, chegou a Petrolina\\\/Juazeiro em setembro de 1980, Farn\u00e9sio Silva \u00e9 de Arapiraca-Alagoas.\",\"sameAs\":[\"http:\\\/\\\/blogdofarnesio.com.br\",\"https:\\\/\\\/www.facebook.com\\\/?ref=tn_tnmn\",\"https:\\\/\\\/www.instagram.com\\\/?utm_source=pwa_homescreen\",\"https:\\\/\\\/youtube.com.br\\\/\"],\"url\":\"https:\\\/\\\/blogdofarnesio.com.br\\\/?author=2\"}]}<\/script>\n<!-- \/ Yoast SEO plugin. -->","yoast_head_json":{"title":"Bahia sai na frente e ter\u00e1 c\u00e2meras corporais em uso pela Pol\u00edcia Militar do estado - Blog do Farn\u00e9sio","robots":{"index":"index","follow":"follow","max-snippet":"max-snippet:-1","max-image-preview":"max-image-preview:large","max-video-preview":"max-video-preview:-1"},"canonical":"https:\/\/blogdofarnesio.com.br\/?p=361370","og_locale":"pt_BR","og_type":"article","og_title":"Bahia sai na frente e ter\u00e1 c\u00e2meras corporais em uso pela Pol\u00edcia Militar do estado - Blog do Farn\u00e9sio","og_description":"O Oakmont Group, empresa da \u00e1rea de seguran\u00e7a, anunciou a conquista da licita\u00e7\u00e3o para fornecer c\u00e2meras corporais para a Secretaria de Seguran\u00e7a P\u00fablica do Estado da Bahia, no Brasil. A empresa, em parceria com a l\u00edder mundial em solu\u00e7\u00f5es para Seguran\u00e7a P\u00fablica, Axon, foi declarada vencedora, ap\u00f3s an\u00e1lise da documenta\u00e7\u00e3o e sucesso na etapa de prova de conceito. A SSP-BA informou que pretende investir mais de R$ 23 milh\u00f5es por ano na solu\u00e7\u00e3o de c\u00e2meras corporais (bodycams) que ser\u00e3o acopladas nas fardas e dever\u00e3o captar, transmitir, armazenar e gerir as opera\u00e7\u00f5es policiais, al\u00e9m de efetuar cust\u00f3dia de evid\u00eancias digitais. \u201cCerca de 3.300 bodycams ser\u00e3o fornecidas a Secret\u00e1ria de Seguran\u00e7a P\u00fablica da Bahia, dentro de um ano, a primeira leva de&hellip;","og_url":"https:\/\/blogdofarnesio.com.br\/?p=361370","og_site_name":"Blog do Farn\u00e9sio","article_publisher":"https:\/\/www.facebook.com\/BlogQuerSaberPolitica\/","article_author":"https:\/\/www.facebook.com\/?ref=tn_tnmn","article_published_time":"2024-02-14T19:04:54+00:00","og_image":[{"width":597,"height":380,"url":"https:\/\/blogdofarnesio.com.br\/wp-content\/uploads\/2023\/08\/blogqsppmba-camaras-alberto-maraux-SSP.webp","type":"image\/webp"}],"author":"Farn\u00e9sio","twitter_card":"summary_large_image","twitter_misc":{"Escrito por":"Farn\u00e9sio","Est. tempo de leitura":"2 minutos"},"schema":{"@context":"https:\/\/schema.org","@graph":[{"@type":"Article","@id":"https:\/\/blogdofarnesio.com.br\/?p=361370#article","isPartOf":{"@id":"https:\/\/blogdofarnesio.com.br\/?p=361370"},"author":{"name":"Farn\u00e9sio","@id":"https:\/\/blogdofarnesio.com.br\/#\/schema\/person\/bb9b23ae3ad0609ce8df7b6c9e76824d"},"headline":"Bahia sai na frente e ter\u00e1 c\u00e2meras corporais em uso pela Pol\u00edcia Militar do estado","datePublished":"2024-02-14T19:04:54+00:00","mainEntityOfPage":{"@id":"https:\/\/blogdofarnesio.com.br\/?p=361370"},"wordCount":285,"commentCount":0,"publisher":{"@id":"https:\/\/blogdofarnesio.com.br\/#organization"},"image":{"@id":"https:\/\/blogdofarnesio.com.br\/?p=361370#primaryimage"},"thumbnailUrl":"https:\/\/blogdofarnesio.com.br\/wp-content\/uploads\/2023\/08\/blogqsppmba-camaras-alberto-maraux-SSP.webp","articleSection":["Seguran\u00e7a"],"inLanguage":"pt-BR","potentialAction":[{"@type":"CommentAction","name":"Comment","target":["https:\/\/blogdofarnesio.com.br\/?p=361370#respond"]}]},{"@type":"WebPage","@id":"https:\/\/blogdofarnesio.com.br\/?p=361370","url":"https:\/\/blogdofarnesio.com.br\/?p=361370","name":"Bahia sai na frente e ter\u00e1 c\u00e2meras corporais em uso pela Pol\u00edcia Militar do estado - Blog do Farn\u00e9sio","isPartOf":{"@id":"https:\/\/blogdofarnesio.com.br\/#website"},"primaryImageOfPage":{"@id":"https:\/\/blogdofarnesio.com.br\/?p=361370#primaryimage"},"image":{"@id":"https:\/\/blogdofarnesio.com.br\/?p=361370#primaryimage"},"thumbnailUrl":"https:\/\/blogdofarnesio.com.br\/wp-content\/uploads\/2023\/08\/blogqsppmba-camaras-alberto-maraux-SSP.webp","datePublished":"2024-02-14T19:04:54+00:00","breadcrumb":{"@id":"https:\/\/blogdofarnesio.com.br\/?p=361370#breadcrumb"},"inLanguage":"pt-BR","potentialAction":[{"@type":"ReadAction","target":["https:\/\/blogdofarnesio.com.br\/?p=361370"]}]},{"@type":"ImageObject","inLanguage":"pt-BR","@id":"https:\/\/blogdofarnesio.com.br\/?p=361370#primaryimage","url":"https:\/\/blogdofarnesio.com.br\/wp-content\/uploads\/2023\/08\/blogqsppmba-camaras-alberto-maraux-SSP.webp","contentUrl":"https:\/\/blogdofarnesio.com.br\/wp-content\/uploads\/2023\/08\/blogqsppmba-camaras-alberto-maraux-SSP.webp","width":597,"height":380},{"@type":"BreadcrumbList","@id":"https:\/\/blogdofarnesio.com.br\/?p=361370#breadcrumb","itemListElement":[{"@type":"ListItem","position":1,"name":"In\u00edcio","item":"https:\/\/blogdofarnesio.com.br\/"},{"@type":"ListItem","position":2,"name":"Bahia sai na frente e ter\u00e1 c\u00e2meras corporais em uso pela Pol\u00edcia Militar do estado"}]},{"@type":"WebSite","@id":"https:\/\/blogdofarnesio.com.br\/#website","url":"https:\/\/blogdofarnesio.com.br\/","name":"Blog do Farn\u00e9sio","description":"Quer Saber Pol\u00edtica?","publisher":{"@id":"https:\/\/blogdofarnesio.com.br\/#organization"},"potentialAction":[{"@type":"SearchAction","target":{"@type":"EntryPoint","urlTemplate":"https:\/\/blogdofarnesio.com.br\/?s={search_term_string}"},"query-input":{"@type":"PropertyValueSpecification","valueRequired":true,"valueName":"search_term_string"}}],"inLanguage":"pt-BR"},{"@type":"Organization","@id":"https:\/\/blogdofarnesio.com.br\/#organization","name":"Blog do Farn\u00e9sio","url":"https:\/\/blogdofarnesio.com.br\/","logo":{"@type":"ImageObject","inLanguage":"pt-BR","@id":"https:\/\/blogdofarnesio.com.br\/#\/schema\/logo\/image\/","url":"https:\/\/blogdofarnesio.com.br\/wp-content\/uploads\/2026\/03\/cropped-logo_new-1.png","contentUrl":"https:\/\/blogdofarnesio.com.br\/wp-content\/uploads\/2026\/03\/cropped-logo_new-1.png","width":881,"height":685,"caption":"Blog do Farn\u00e9sio"},"image":{"@id":"https:\/\/blogdofarnesio.com.br\/#\/schema\/logo\/image\/"},"sameAs":["https:\/\/www.facebook.com\/BlogQuerSaberPolitica\/"]},{"@type":"Person","@id":"https:\/\/blogdofarnesio.com.br\/#\/schema\/person\/bb9b23ae3ad0609ce8df7b6c9e76824d","name":"Farn\u00e9sio","image":{"@type":"ImageObject","inLanguage":"pt-BR","@id":"https:\/\/secure.gravatar.com\/avatar\/986aa4c61ccdb66f8555bf88fc2a65609d00bcabd4d2d94377a727547345cbca?s=96&d=mm&r=g","url":"https:\/\/secure.gravatar.com\/avatar\/986aa4c61ccdb66f8555bf88fc2a65609d00bcabd4d2d94377a727547345cbca?s=96&d=mm&r=g","contentUrl":"https:\/\/secure.gravatar.com\/avatar\/986aa4c61ccdb66f8555bf88fc2a65609d00bcabd4d2d94377a727547345cbca?s=96&d=mm&r=g","caption":"Farn\u00e9sio"},"description":"Radialista blogueiro, chegou a Petrolina\/Juazeiro em setembro de 1980, Farn\u00e9sio Silva \u00e9 de Arapiraca-Alagoas.","sameAs":["http:\/\/blogdofarnesio.com.br","https:\/\/www.facebook.com\/?ref=tn_tnmn","https:\/\/www.instagram.com\/?utm_source=pwa_homescreen","https:\/\/youtube.com.br\/"],"url":"https:\/\/blogdofarnesio.com.br\/?author=2"}]}},"_links":{"self":[{"href":"https:\/\/blogdofarnesio.com.br\/index.php?rest_route=\/wp\/v2\/posts\/361370","targetHints":{"allow":["GET"]}}],"collection":[{"href":"https:\/\/blogdofarnesio.com.br\/index.php?rest_route=\/wp\/v2\/posts"}],"about":[{"href":"https:\/\/blogdofarnesio.com.br\/index.php?rest_route=\/wp\/v2\/types\/post"}],"author":[{"embeddable":true,"href":"https:\/\/blogdofarnesio.com.br\/index.php?rest_route=\/wp\/v2\/users\/2"}],"replies":[{"embeddable":true,"href":"https:\/\/blogdofarnesio.com.br\/index.php?rest_route=%2Fwp%2Fv2%2Fcomments&post=361370"}],"version-history":[{"count":0,"href":"https:\/\/blogdofarnesio.com.br\/index.php?rest_route=\/wp\/v2\/posts\/361370\/revisions"}],"wp:featuredmedia":[{"embeddable":true,"href":"https:\/\/blogdofarnesio.com.br\/index.php?rest_route=\/wp\/v2\/media\/347458"}],"wp:attachment":[{"href":"https:\/\/blogdofarnesio.com.br\/index.php?rest_route=%2Fwp%2Fv2%2Fmedia&parent=361370"}],"wp:term":[{"taxonomy":"category","embeddable":true,"href":"https:\/\/blogdofarnesio.com.br\/index.php?rest_route=%2Fwp%2Fv2%2Fcategories&post=361370"},{"taxonomy":"post_tag","embeddable":true,"href":"https:\/\/blogdofarnesio.com.br\/index.php?rest_route=%2Fwp%2Fv2%2Ftags&post=361370"}],"curies":[{"name":"wp","href":"https:\/\/api.w.org\/{rel}","templated":true}]}}