{"id":361367,"date":"2024-02-14T16:24:53","date_gmt":"2024-02-14T19:24:53","guid":{"rendered":"https:\/\/blogdofarnesio.com.br\/?p=361367"},"modified":"2024-02-14T14:33:47","modified_gmt":"2024-02-14T17:33:47","slug":"tv-aratu-transmite-juazeirense-e-vitoria-pela-copa-do-nordeste","status":"publish","type":"post","link":"https:\/\/blogdofarnesio.com.br\/?p=361367","title":{"rendered":"TV Aratu transmite Juazeirense e Vit\u00f3ria pela Copa do Nordeste na noite de hoje"},"content":{"rendered":"<div><i>Terceira rodada ser\u00e1 hoje, quarta (14), \u00e0s 21h30; Clubes precisam pontuar<\/i><\/div>\n<div><\/div>\n<div>Confronto entre interior e capital. Juazeirense e Vit\u00f3ria se enfrentam nesta quarta-feira (14), pela terceira rodada da fase de grupos da Copa do Nordeste. A bola rola no Est\u00e1dio Adauto Moraes, em Juazeiro, \u00e0s 21h30 (de Bras\u00edlia) e ter\u00e1 transmiss\u00e3o, ao vivo, da TV Aratu, afiliada do SBT na Bahia.<\/div>\n<div><\/div>\n<div>Os clubes precisam pontuar para subir na tabela de classifica\u00e7\u00e3o. O Le\u00e3o \u00e9 o terceiro colocado do Grupo A com 4 pontos e o Canc\u00e3o de Fogo aparece na lanterna do Grupo B, ainda sem pontuar.<\/div>\n<div><\/div>\n<div>A TV Aratu vai transmitir pelo oitavo ano consecutivo a Copa do Cl\u00e1ssicos do Nordeste. Para este jogo, a transmiss\u00e3o ser\u00e1 de F\u00e1bio Gomes, com coment\u00e1rios de C\u00e1scio Cardoso e Caio Leoni.<\/div>\n","protected":false},"excerpt":{"rendered":"<p>Terceira rodada ser\u00e1 hoje, quarta (14), \u00e0s 21h30; Clubes precisam pontuar Confronto entre interior e capital. Juazeirense e Vit\u00f3ria se enfrentam nesta quarta-feira (14), pela terceira rodada da fase de grupos da Copa do Nordeste. A bola rola no Est\u00e1dio Adauto Moraes, em Juazeiro, \u00e0s 21h30 (de Bras\u00edlia) e ter\u00e1 transmiss\u00e3o, ao vivo, da TV Aratu, afiliada do SBT na Bahia. Os clubes precisam pontuar para subir na tabela de classifica\u00e7\u00e3o. O Le\u00e3o \u00e9 o terceiro colocado do Grupo A com 4 pontos e o Canc\u00e3o de Fogo aparece na lanterna do Grupo B, ainda sem pontuar. A TV Aratu vai transmitir pelo oitavo ano consecutivo a Copa do Cl\u00e1ssicos do Nordeste. Para este jogo, a transmiss\u00e3o ser\u00e1 de F\u00e1bio&hellip; <\/p>\n","protected":false},"author":2,"featured_media":331802,"comment_status":"open","ping_status":"open","sticky":false,"template":"","format":"standard","meta":{"_acf_changed":false,"footnotes":""},"categories":[8],"tags":[],"class_list":["post-361367","post","type-post","status-publish","format-standard","has-post-thumbnail","hentry","category-esportes"],"acf":[],"yoast_head":"<!-- This site is optimized with the Yoast SEO plugin v27.4 - https:\/\/yoast.com\/product\/yoast-seo-wordpress\/ -->\n<title>TV Aratu transmite Juazeirense e Vit\u00f3ria pela Copa do Nordeste na noite de hoje - Blog do Farn\u00e9sio<\/title>\n<meta name=\"robots\" content=\"index, follow, max-snippet:-1, max-image-preview:large, max-video-preview:-1\" \/>\n<link rel=\"canonical\" href=\"https:\/\/blogdofarnesio.com.br\/?p=361367\" \/>\n<meta property=\"og:locale\" content=\"pt_BR\" \/>\n<meta property=\"og:type\" content=\"article\" \/>\n<meta property=\"og:title\" content=\"TV Aratu transmite Juazeirense e Vit\u00f3ria pela Copa do Nordeste na noite de hoje - Blog do Farn\u00e9sio\" \/>\n<meta property=\"og:description\" content=\"Terceira rodada ser\u00e1 hoje, quarta (14), \u00e0s 21h30; Clubes precisam pontuar Confronto entre interior e capital. Juazeirense e Vit\u00f3ria se enfrentam nesta quarta-feira (14), pela terceira rodada da fase de grupos da Copa do Nordeste. A bola rola no Est\u00e1dio Adauto Moraes, em Juazeiro, \u00e0s 21h30 (de Bras\u00edlia) e ter\u00e1 transmiss\u00e3o, ao vivo, da TV Aratu, afiliada do SBT na Bahia. Os clubes precisam pontuar para subir na tabela de classifica\u00e7\u00e3o. O Le\u00e3o \u00e9 o terceiro colocado do Grupo A com 4 pontos e o Canc\u00e3o de Fogo aparece na lanterna do Grupo B, ainda sem pontuar. A TV Aratu vai transmitir pelo oitavo ano consecutivo a Copa do Cl\u00e1ssicos do Nordeste. Para este jogo, a transmiss\u00e3o ser\u00e1 de F\u00e1bio&hellip;\" \/>\n<meta property=\"og:url\" content=\"https:\/\/blogdofarnesio.com.br\/?p=361367\" \/>\n<meta property=\"og:site_name\" content=\"Blog do Farn\u00e9sio\" \/>\n<meta property=\"article:publisher\" content=\"https:\/\/www.facebook.com\/BlogQuerSaberPolitica\/\" \/>\n<meta property=\"article:author\" content=\"https:\/\/www.facebook.com\/?ref=tn_tnmn\" \/>\n<meta property=\"article:published_time\" content=\"2024-02-14T19:24:53+00:00\" \/>\n<meta property=\"og:image\" content=\"https:\/\/blogdofarnesio.com.br\/wp-content\/uploads\/2023\/01\/blogqspJuazeirense-x-Vitoria-1-e1674132652289.jpg\" \/>\n\t<meta property=\"og:image:width\" content=\"620\" \/>\n\t<meta property=\"og:image:height\" content=\"413\" \/>\n\t<meta property=\"og:image:type\" content=\"image\/jpeg\" \/>\n<meta name=\"author\" content=\"Farn\u00e9sio\" \/>\n<meta name=\"twitter:card\" content=\"summary_large_image\" \/>\n<meta name=\"twitter:label1\" content=\"Escrito por\" \/>\n\t<meta name=\"twitter:data1\" content=\"Farn\u00e9sio\" \/>\n\t<meta name=\"twitter:label2\" content=\"Est. tempo de leitura\" \/>\n\t<meta name=\"twitter:data2\" content=\"1 minuto\" \/>\n<script type=\"application\/ld+json\" class=\"yoast-schema-graph\">{\"@context\":\"https:\\\/\\\/schema.org\",\"@graph\":[{\"@type\":\"Article\",\"@id\":\"https:\\\/\\\/blogdofarnesio.com.br\\\/?p=361367#article\",\"isPartOf\":{\"@id\":\"https:\\\/\\\/blogdofarnesio.com.br\\\/?p=361367\"},\"author\":{\"name\":\"Farn\u00e9sio\",\"@id\":\"https:\\\/\\\/blogdofarnesio.com.br\\\/#\\\/schema\\\/person\\\/bb9b23ae3ad0609ce8df7b6c9e76824d\"},\"headline\":\"TV Aratu transmite Juazeirense e Vit\u00f3ria pela Copa do Nordeste na noite de hoje\",\"datePublished\":\"2024-02-14T19:24:53+00:00\",\"mainEntityOfPage\":{\"@id\":\"https:\\\/\\\/blogdofarnesio.com.br\\\/?p=361367\"},\"wordCount\":152,\"commentCount\":0,\"publisher\":{\"@id\":\"https:\\\/\\\/blogdofarnesio.com.br\\\/#organization\"},\"image\":{\"@id\":\"https:\\\/\\\/blogdofarnesio.com.br\\\/?p=361367#primaryimage\"},\"thumbnailUrl\":\"https:\\\/\\\/blogdofarnesio.com.br\\\/wp-content\\\/uploads\\\/2023\\\/01\\\/blogqspJuazeirense-x-Vitoria-1-e1674132652289.jpg\",\"articleSection\":[\"Esportes\"],\"inLanguage\":\"pt-BR\",\"potentialAction\":[{\"@type\":\"CommentAction\",\"name\":\"Comment\",\"target\":[\"https:\\\/\\\/blogdofarnesio.com.br\\\/?p=361367#respond\"]}]},{\"@type\":\"WebPage\",\"@id\":\"https:\\\/\\\/blogdofarnesio.com.br\\\/?p=361367\",\"url\":\"https:\\\/\\\/blogdofarnesio.com.br\\\/?p=361367\",\"name\":\"TV Aratu transmite Juazeirense e Vit\u00f3ria pela Copa do Nordeste na noite de hoje - Blog do Farn\u00e9sio\",\"isPartOf\":{\"@id\":\"https:\\\/\\\/blogdofarnesio.com.br\\\/#website\"},\"primaryImageOfPage\":{\"@id\":\"https:\\\/\\\/blogdofarnesio.com.br\\\/?p=361367#primaryimage\"},\"image\":{\"@id\":\"https:\\\/\\\/blogdofarnesio.com.br\\\/?p=361367#primaryimage\"},\"thumbnailUrl\":\"https:\\\/\\\/blogdofarnesio.com.br\\\/wp-content\\\/uploads\\\/2023\\\/01\\\/blogqspJuazeirense-x-Vitoria-1-e1674132652289.jpg\",\"datePublished\":\"2024-02-14T19:24:53+00:00\",\"breadcrumb\":{\"@id\":\"https:\\\/\\\/blogdofarnesio.com.br\\\/?p=361367#breadcrumb\"},\"inLanguage\":\"pt-BR\",\"potentialAction\":[{\"@type\":\"ReadAction\",\"target\":[\"https:\\\/\\\/blogdofarnesio.com.br\\\/?p=361367\"]}]},{\"@type\":\"ImageObject\",\"inLanguage\":\"pt-BR\",\"@id\":\"https:\\\/\\\/blogdofarnesio.com.br\\\/?p=361367#primaryimage\",\"url\":\"https:\\\/\\\/blogdofarnesio.com.br\\\/wp-content\\\/uploads\\\/2023\\\/01\\\/blogqspJuazeirense-x-Vitoria-1-e1674132652289.jpg\",\"contentUrl\":\"https:\\\/\\\/blogdofarnesio.com.br\\\/wp-content\\\/uploads\\\/2023\\\/01\\\/blogqspJuazeirense-x-Vitoria-1-e1674132652289.jpg\",\"width\":620,\"height\":413},{\"@type\":\"BreadcrumbList\",\"@id\":\"https:\\\/\\\/blogdofarnesio.com.br\\\/?p=361367#breadcrumb\",\"itemListElement\":[{\"@type\":\"ListItem\",\"position\":1,\"name\":\"In\u00edcio\",\"item\":\"https:\\\/\\\/blogdofarnesio.com.br\\\/\"},{\"@type\":\"ListItem\",\"position\":2,\"name\":\"TV Aratu transmite Juazeirense e Vit\u00f3ria pela Copa do Nordeste na noite de hoje\"}]},{\"@type\":\"WebSite\",\"@id\":\"https:\\\/\\\/blogdofarnesio.com.br\\\/#website\",\"url\":\"https:\\\/\\\/blogdofarnesio.com.br\\\/\",\"name\":\"Blog do Farn\u00e9sio\",\"description\":\"Quer Saber Pol\u00edtica?\",\"publisher\":{\"@id\":\"https:\\\/\\\/blogdofarnesio.com.br\\\/#organization\"},\"potentialAction\":[{\"@type\":\"SearchAction\",\"target\":{\"@type\":\"EntryPoint\",\"urlTemplate\":\"https:\\\/\\\/blogdofarnesio.com.br\\\/?s={search_term_string}\"},\"query-input\":{\"@type\":\"PropertyValueSpecification\",\"valueRequired\":true,\"valueName\":\"search_term_string\"}}],\"inLanguage\":\"pt-BR\"},{\"@type\":\"Organization\",\"@id\":\"https:\\\/\\\/blogdofarnesio.com.br\\\/#organization\",\"name\":\"Blog do Farn\u00e9sio\",\"url\":\"https:\\\/\\\/blogdofarnesio.com.br\\\/\",\"logo\":{\"@type\":\"ImageObject\",\"inLanguage\":\"pt-BR\",\"@id\":\"https:\\\/\\\/blogdofarnesio.com.br\\\/#\\\/schema\\\/logo\\\/image\\\/\",\"url\":\"https:\\\/\\\/blogdofarnesio.com.br\\\/wp-content\\\/uploads\\\/2026\\\/03\\\/cropped-logo_new-1.png\",\"contentUrl\":\"https:\\\/\\\/blogdofarnesio.com.br\\\/wp-content\\\/uploads\\\/2026\\\/03\\\/cropped-logo_new-1.png\",\"width\":881,\"height\":685,\"caption\":\"Blog do Farn\u00e9sio\"},\"image\":{\"@id\":\"https:\\\/\\\/blogdofarnesio.com.br\\\/#\\\/schema\\\/logo\\\/image\\\/\"},\"sameAs\":[\"https:\\\/\\\/www.facebook.com\\\/BlogQuerSaberPolitica\\\/\"]},{\"@type\":\"Person\",\"@id\":\"https:\\\/\\\/blogdofarnesio.com.br\\\/#\\\/schema\\\/person\\\/bb9b23ae3ad0609ce8df7b6c9e76824d\",\"name\":\"Farn\u00e9sio\",\"image\":{\"@type\":\"ImageObject\",\"inLanguage\":\"pt-BR\",\"@id\":\"https:\\\/\\\/secure.gravatar.com\\\/avatar\\\/986aa4c61ccdb66f8555bf88fc2a65609d00bcabd4d2d94377a727547345cbca?s=96&d=mm&r=g\",\"url\":\"https:\\\/\\\/secure.gravatar.com\\\/avatar\\\/986aa4c61ccdb66f8555bf88fc2a65609d00bcabd4d2d94377a727547345cbca?s=96&d=mm&r=g\",\"contentUrl\":\"https:\\\/\\\/secure.gravatar.com\\\/avatar\\\/986aa4c61ccdb66f8555bf88fc2a65609d00bcabd4d2d94377a727547345cbca?s=96&d=mm&r=g\",\"caption\":\"Farn\u00e9sio\"},\"description\":\"Radialista blogueiro, chegou a Petrolina\\\/Juazeiro em setembro de 1980, Farn\u00e9sio Silva \u00e9 de Arapiraca-Alagoas.\",\"sameAs\":[\"http:\\\/\\\/blogdofarnesio.com.br\",\"https:\\\/\\\/www.facebook.com\\\/?ref=tn_tnmn\",\"https:\\\/\\\/www.instagram.com\\\/?utm_source=pwa_homescreen\",\"https:\\\/\\\/youtube.com.br\\\/\"],\"url\":\"https:\\\/\\\/blogdofarnesio.com.br\\\/?author=2\"}]}<\/script>\n<!-- \/ Yoast SEO plugin. -->","yoast_head_json":{"title":"TV Aratu transmite Juazeirense e Vit\u00f3ria pela Copa do Nordeste na noite de hoje - Blog do Farn\u00e9sio","robots":{"index":"index","follow":"follow","max-snippet":"max-snippet:-1","max-image-preview":"max-image-preview:large","max-video-preview":"max-video-preview:-1"},"canonical":"https:\/\/blogdofarnesio.com.br\/?p=361367","og_locale":"pt_BR","og_type":"article","og_title":"TV Aratu transmite Juazeirense e Vit\u00f3ria pela Copa do Nordeste na noite de hoje - Blog do Farn\u00e9sio","og_description":"Terceira rodada ser\u00e1 hoje, quarta (14), \u00e0s 21h30; Clubes precisam pontuar Confronto entre interior e capital. Juazeirense e Vit\u00f3ria se enfrentam nesta quarta-feira (14), pela terceira rodada da fase de grupos da Copa do Nordeste. A bola rola no Est\u00e1dio Adauto Moraes, em Juazeiro, \u00e0s 21h30 (de Bras\u00edlia) e ter\u00e1 transmiss\u00e3o, ao vivo, da TV Aratu, afiliada do SBT na Bahia. Os clubes precisam pontuar para subir na tabela de classifica\u00e7\u00e3o. O Le\u00e3o \u00e9 o terceiro colocado do Grupo A com 4 pontos e o Canc\u00e3o de Fogo aparece na lanterna do Grupo B, ainda sem pontuar. A TV Aratu vai transmitir pelo oitavo ano consecutivo a Copa do Cl\u00e1ssicos do Nordeste. Para este jogo, a transmiss\u00e3o ser\u00e1 de F\u00e1bio&hellip;","og_url":"https:\/\/blogdofarnesio.com.br\/?p=361367","og_site_name":"Blog do Farn\u00e9sio","article_publisher":"https:\/\/www.facebook.com\/BlogQuerSaberPolitica\/","article_author":"https:\/\/www.facebook.com\/?ref=tn_tnmn","article_published_time":"2024-02-14T19:24:53+00:00","og_image":[{"width":620,"height":413,"url":"https:\/\/blogdofarnesio.com.br\/wp-content\/uploads\/2023\/01\/blogqspJuazeirense-x-Vitoria-1-e1674132652289.jpg","type":"image\/jpeg"}],"author":"Farn\u00e9sio","twitter_card":"summary_large_image","twitter_misc":{"Escrito por":"Farn\u00e9sio","Est. tempo de leitura":"1 minuto"},"schema":{"@context":"https:\/\/schema.org","@graph":[{"@type":"Article","@id":"https:\/\/blogdofarnesio.com.br\/?p=361367#article","isPartOf":{"@id":"https:\/\/blogdofarnesio.com.br\/?p=361367"},"author":{"name":"Farn\u00e9sio","@id":"https:\/\/blogdofarnesio.com.br\/#\/schema\/person\/bb9b23ae3ad0609ce8df7b6c9e76824d"},"headline":"TV Aratu transmite Juazeirense e Vit\u00f3ria pela Copa do Nordeste na noite de hoje","datePublished":"2024-02-14T19:24:53+00:00","mainEntityOfPage":{"@id":"https:\/\/blogdofarnesio.com.br\/?p=361367"},"wordCount":152,"commentCount":0,"publisher":{"@id":"https:\/\/blogdofarnesio.com.br\/#organization"},"image":{"@id":"https:\/\/blogdofarnesio.com.br\/?p=361367#primaryimage"},"thumbnailUrl":"https:\/\/blogdofarnesio.com.br\/wp-content\/uploads\/2023\/01\/blogqspJuazeirense-x-Vitoria-1-e1674132652289.jpg","articleSection":["Esportes"],"inLanguage":"pt-BR","potentialAction":[{"@type":"CommentAction","name":"Comment","target":["https:\/\/blogdofarnesio.com.br\/?p=361367#respond"]}]},{"@type":"WebPage","@id":"https:\/\/blogdofarnesio.com.br\/?p=361367","url":"https:\/\/blogdofarnesio.com.br\/?p=361367","name":"TV Aratu transmite Juazeirense e Vit\u00f3ria pela Copa do Nordeste na noite de hoje - Blog do Farn\u00e9sio","isPartOf":{"@id":"https:\/\/blogdofarnesio.com.br\/#website"},"primaryImageOfPage":{"@id":"https:\/\/blogdofarnesio.com.br\/?p=361367#primaryimage"},"image":{"@id":"https:\/\/blogdofarnesio.com.br\/?p=361367#primaryimage"},"thumbnailUrl":"https:\/\/blogdofarnesio.com.br\/wp-content\/uploads\/2023\/01\/blogqspJuazeirense-x-Vitoria-1-e1674132652289.jpg","datePublished":"2024-02-14T19:24:53+00:00","breadcrumb":{"@id":"https:\/\/blogdofarnesio.com.br\/?p=361367#breadcrumb"},"inLanguage":"pt-BR","potentialAction":[{"@type":"ReadAction","target":["https:\/\/blogdofarnesio.com.br\/?p=361367"]}]},{"@type":"ImageObject","inLanguage":"pt-BR","@id":"https:\/\/blogdofarnesio.com.br\/?p=361367#primaryimage","url":"https:\/\/blogdofarnesio.com.br\/wp-content\/uploads\/2023\/01\/blogqspJuazeirense-x-Vitoria-1-e1674132652289.jpg","contentUrl":"https:\/\/blogdofarnesio.com.br\/wp-content\/uploads\/2023\/01\/blogqspJuazeirense-x-Vitoria-1-e1674132652289.jpg","width":620,"height":413},{"@type":"BreadcrumbList","@id":"https:\/\/blogdofarnesio.com.br\/?p=361367#breadcrumb","itemListElement":[{"@type":"ListItem","position":1,"name":"In\u00edcio","item":"https:\/\/blogdofarnesio.com.br\/"},{"@type":"ListItem","position":2,"name":"TV Aratu transmite Juazeirense e Vit\u00f3ria pela Copa do Nordeste na noite de hoje"}]},{"@type":"WebSite","@id":"https:\/\/blogdofarnesio.com.br\/#website","url":"https:\/\/blogdofarnesio.com.br\/","name":"Blog do Farn\u00e9sio","description":"Quer Saber Pol\u00edtica?","publisher":{"@id":"https:\/\/blogdofarnesio.com.br\/#organization"},"potentialAction":[{"@type":"SearchAction","target":{"@type":"EntryPoint","urlTemplate":"https:\/\/blogdofarnesio.com.br\/?s={search_term_string}"},"query-input":{"@type":"PropertyValueSpecification","valueRequired":true,"valueName":"search_term_string"}}],"inLanguage":"pt-BR"},{"@type":"Organization","@id":"https:\/\/blogdofarnesio.com.br\/#organization","name":"Blog do Farn\u00e9sio","url":"https:\/\/blogdofarnesio.com.br\/","logo":{"@type":"ImageObject","inLanguage":"pt-BR","@id":"https:\/\/blogdofarnesio.com.br\/#\/schema\/logo\/image\/","url":"https:\/\/blogdofarnesio.com.br\/wp-content\/uploads\/2026\/03\/cropped-logo_new-1.png","contentUrl":"https:\/\/blogdofarnesio.com.br\/wp-content\/uploads\/2026\/03\/cropped-logo_new-1.png","width":881,"height":685,"caption":"Blog do Farn\u00e9sio"},"image":{"@id":"https:\/\/blogdofarnesio.com.br\/#\/schema\/logo\/image\/"},"sameAs":["https:\/\/www.facebook.com\/BlogQuerSaberPolitica\/"]},{"@type":"Person","@id":"https:\/\/blogdofarnesio.com.br\/#\/schema\/person\/bb9b23ae3ad0609ce8df7b6c9e76824d","name":"Farn\u00e9sio","image":{"@type":"ImageObject","inLanguage":"pt-BR","@id":"https:\/\/secure.gravatar.com\/avatar\/986aa4c61ccdb66f8555bf88fc2a65609d00bcabd4d2d94377a727547345cbca?s=96&d=mm&r=g","url":"https:\/\/secure.gravatar.com\/avatar\/986aa4c61ccdb66f8555bf88fc2a65609d00bcabd4d2d94377a727547345cbca?s=96&d=mm&r=g","contentUrl":"https:\/\/secure.gravatar.com\/avatar\/986aa4c61ccdb66f8555bf88fc2a65609d00bcabd4d2d94377a727547345cbca?s=96&d=mm&r=g","caption":"Farn\u00e9sio"},"description":"Radialista blogueiro, chegou a Petrolina\/Juazeiro em setembro de 1980, Farn\u00e9sio Silva \u00e9 de Arapiraca-Alagoas.","sameAs":["http:\/\/blogdofarnesio.com.br","https:\/\/www.facebook.com\/?ref=tn_tnmn","https:\/\/www.instagram.com\/?utm_source=pwa_homescreen","https:\/\/youtube.com.br\/"],"url":"https:\/\/blogdofarnesio.com.br\/?author=2"}]}},"_links":{"self":[{"href":"https:\/\/blogdofarnesio.com.br\/index.php?rest_route=\/wp\/v2\/posts\/361367","targetHints":{"allow":["GET"]}}],"collection":[{"href":"https:\/\/blogdofarnesio.com.br\/index.php?rest_route=\/wp\/v2\/posts"}],"about":[{"href":"https:\/\/blogdofarnesio.com.br\/index.php?rest_route=\/wp\/v2\/types\/post"}],"author":[{"embeddable":true,"href":"https:\/\/blogdofarnesio.com.br\/index.php?rest_route=\/wp\/v2\/users\/2"}],"replies":[{"embeddable":true,"href":"https:\/\/blogdofarnesio.com.br\/index.php?rest_route=%2Fwp%2Fv2%2Fcomments&post=361367"}],"version-history":[{"count":0,"href":"https:\/\/blogdofarnesio.com.br\/index.php?rest_route=\/wp\/v2\/posts\/361367\/revisions"}],"wp:featuredmedia":[{"embeddable":true,"href":"https:\/\/blogdofarnesio.com.br\/index.php?rest_route=\/wp\/v2\/media\/331802"}],"wp:attachment":[{"href":"https:\/\/blogdofarnesio.com.br\/index.php?rest_route=%2Fwp%2Fv2%2Fmedia&parent=361367"}],"wp:term":[{"taxonomy":"category","embeddable":true,"href":"https:\/\/blogdofarnesio.com.br\/index.php?rest_route=%2Fwp%2Fv2%2Fcategories&post=361367"},{"taxonomy":"post_tag","embeddable":true,"href":"https:\/\/blogdofarnesio.com.br\/index.php?rest_route=%2Fwp%2Fv2%2Ftags&post=361367"}],"curies":[{"name":"wp","href":"https:\/\/api.w.org\/{rel}","templated":true}]}}