{"id":360915,"date":"2024-02-07T16:04:24","date_gmt":"2024-02-07T19:04:24","guid":{"rendered":"https:\/\/blogdofarnesio.com.br\/?p=360915"},"modified":"2024-02-07T10:43:57","modified_gmt":"2024-02-07T13:43:57","slug":"miguel-coelho-lamenta-situacao-da-policia-civil-de-pernambuco-critica-numeros-de-mortes-violentas-em-janeiro-e-enfatiza-a-ineficiencia-do-governo-estadual","status":"publish","type":"post","link":"https:\/\/blogdofarnesio.com.br\/?p=360915","title":{"rendered":"Miguel Coelho lamenta situa\u00e7\u00e3o da Pol\u00edcia Civil de Pernambuco, critica n\u00fameros de mortes violentas em janeiro e enfatiza a inefici\u00eancia do governo estadual"},"content":{"rendered":"<p>Miguel Coelho lamentou o an\u00fancio feito pelos Policiais Civis de Pernambuco, nesta ter\u00e7a-feira (06), sobre a paralisa\u00e7\u00e3o das atividades a partir da pr\u00f3xima sexta-feira (9), v\u00e9spera do carnaval oficial. A informa\u00e7\u00e3o foi divulgada ap\u00f3s insatisfa\u00e7\u00e3o gerada em uma reuni\u00e3o entre o Sindicato dos Policiais Civis de Pernambuco (Sinpol-PE) e representantes do atual Governo do Estado. Al\u00e9m disso, o pol\u00edtico critica tamb\u00e9m os resultados dos dados divulgados pela Secretaria de Defesa Social (SDS) de Pernambuco referentes ao primeiro m\u00eas de 2024, os quais revelaram um aumento alarmante no n\u00famero de mortes violentas letais intencionais.<\/p>\n<p>Diante do caos instaurado na Seguran\u00e7a P\u00fablica de Pernambuco, Miguel Coelho enfatiza a urgente necessidade de enfrentar esse problema de frente. &#8220;O estado precisa encarar de frente esse problema da seguran\u00e7a. As vidas das pessoas dependem da a\u00e7\u00e3o do governo, mas nada est\u00e1 sendo feito. Prova disso \u00e9 a real insatisfa\u00e7\u00e3o da Pol\u00edcia Civil ao realizar essa paralisa\u00e7\u00e3o\u201d, pontua.<\/p>\n<p>\u201cComo sempre tenho falado, \u00e9 preciso tomar decis\u00f5es s\u00e9rias, estruturar as for\u00e7as policiais, reajustar sal\u00e1rios, melhorar o efetivo, cuidar da sa\u00fade mental e f\u00edsica. Dar estas condi\u00e7\u00f5es de trabalho \u00e9 necess\u00e1rio para que haja um servi\u00e7o qualificado pelos profissionais tanto da Pol\u00edcia Civil quanto a Militar\u201d, complementa.<\/p>\n<p>Al\u00e9m da preocupa\u00e7\u00e3o com a Pol\u00edcia Civil, Miguel destaca o aumento da viol\u00eancia em Janeiro em Pernambuco. Foram registrados 359 casos no primeiro m\u00eas do ano, um crescimento de 24,22% em compara\u00e7\u00e3o ao mesmo per\u00edodo do ano anterior, marcando o m\u00eas com o maior \u00edndice de mortalidade desde o in\u00edcio da atual gest\u00e3o estadual.<\/p>\n<p>\u201cA criminalidade, o tr\u00e1fico de drogas, o feminic\u00eddio, os assaltos em todo o estado precisam de uma resposta atrav\u00e9s de a\u00e7\u00f5es eficazes, mas o que vemos \u00e9 a inefic\u00e1cia das medidas adotadas pelo Governo Estadual, que n\u00e3o t\u00eam surtido efeitos significativos\u201d, ressaltou Miguel.<\/p>\n<p>Segundo a SDS, 3.637 pessoas foram assassinadas em Pernambuco ao longo de 2023, destacando uma disparidade em rela\u00e7\u00e3o \u00e0 tend\u00eancia nacional, que registrou uma queda de 4% nos \u00edndices de viol\u00eancia, segundo o Minist\u00e9rio da Justi\u00e7a e Seguran\u00e7a P\u00fablica. Para Miguel Coelho, o atual governo precisa reconhecer a gravidade da situa\u00e7\u00e3o e tomar medidas urgentes para fortalecer as for\u00e7as de seguran\u00e7a e intelig\u00eancia do estado.<\/p>\n<p>&#8220;A popula\u00e7\u00e3o n\u00e3o pode ser ref\u00e9m da viol\u00eancia e nem pagar o pre\u00e7o da incompet\u00eancia dos governantes. N\u00e3o adianta ficar de bra\u00e7os cruzados.&#8221;, finaliza Miguel Coelho.<span style=\"color: #888888;\"><br \/>\n<\/span><\/p>\n","protected":false},"excerpt":{"rendered":"<p>Miguel Coelho lamentou o an\u00fancio feito pelos Policiais Civis de Pernambuco, nesta ter\u00e7a-feira (06), sobre a paralisa\u00e7\u00e3o das atividades a partir da pr\u00f3xima sexta-feira (9), v\u00e9spera do carnaval oficial. A informa\u00e7\u00e3o foi divulgada ap\u00f3s insatisfa\u00e7\u00e3o gerada em uma reuni\u00e3o entre o Sindicato dos Policiais Civis de Pernambuco (Sinpol-PE) e representantes do atual Governo do Estado. Al\u00e9m disso, o pol\u00edtico critica tamb\u00e9m os resultados dos dados divulgados pela Secretaria de Defesa Social (SDS) de Pernambuco referentes ao primeiro m\u00eas de 2024, os quais revelaram um aumento alarmante no n\u00famero de mortes violentas letais intencionais. Diante do caos instaurado na Seguran\u00e7a P\u00fablica de Pernambuco, Miguel Coelho enfatiza a urgente necessidade de enfrentar esse problema de frente. &#8220;O estado precisa encarar de frente&hellip; <\/p>\n","protected":false},"author":2,"featured_media":321368,"comment_status":"open","ping_status":"open","sticky":false,"template":"","format":"standard","meta":{"_acf_changed":false,"footnotes":""},"categories":[1],"tags":[],"class_list":["post-360915","post","type-post","status-publish","format-standard","has-post-thumbnail","hentry","category-politica"],"acf":[],"yoast_head":"<!-- This site is optimized with the Yoast SEO plugin v27.4 - https:\/\/yoast.com\/product\/yoast-seo-wordpress\/ -->\n<title>Miguel Coelho lamenta situa\u00e7\u00e3o da Pol\u00edcia Civil de Pernambuco, critica n\u00fameros de mortes violentas em janeiro e enfatiza a inefici\u00eancia do governo estadual - Blog do Farn\u00e9sio<\/title>\n<meta name=\"robots\" content=\"index, follow, max-snippet:-1, max-image-preview:large, max-video-preview:-1\" \/>\n<link rel=\"canonical\" href=\"https:\/\/blogdofarnesio.com.br\/?p=360915\" \/>\n<meta property=\"og:locale\" content=\"pt_BR\" \/>\n<meta property=\"og:type\" content=\"article\" \/>\n<meta property=\"og:title\" content=\"Miguel Coelho lamenta situa\u00e7\u00e3o da Pol\u00edcia Civil de Pernambuco, critica n\u00fameros de mortes violentas em janeiro e enfatiza a inefici\u00eancia do governo estadual - Blog do Farn\u00e9sio\" \/>\n<meta property=\"og:description\" content=\"Miguel Coelho lamentou o an\u00fancio feito pelos Policiais Civis de Pernambuco, nesta ter\u00e7a-feira (06), sobre a paralisa\u00e7\u00e3o das atividades a partir da pr\u00f3xima sexta-feira (9), v\u00e9spera do carnaval oficial. A informa\u00e7\u00e3o foi divulgada ap\u00f3s insatisfa\u00e7\u00e3o gerada em uma reuni\u00e3o entre o Sindicato dos Policiais Civis de Pernambuco (Sinpol-PE) e representantes do atual Governo do Estado. Al\u00e9m disso, o pol\u00edtico critica tamb\u00e9m os resultados dos dados divulgados pela Secretaria de Defesa Social (SDS) de Pernambuco referentes ao primeiro m\u00eas de 2024, os quais revelaram um aumento alarmante no n\u00famero de mortes violentas letais intencionais. Diante do caos instaurado na Seguran\u00e7a P\u00fablica de Pernambuco, Miguel Coelho enfatiza a urgente necessidade de enfrentar esse problema de frente. &#8220;O estado precisa encarar de frente&hellip;\" \/>\n<meta property=\"og:url\" content=\"https:\/\/blogdofarnesio.com.br\/?p=360915\" \/>\n<meta property=\"og:site_name\" content=\"Blog do Farn\u00e9sio\" \/>\n<meta property=\"article:publisher\" content=\"https:\/\/www.facebook.com\/BlogQuerSaberPolitica\/\" \/>\n<meta property=\"article:author\" content=\"https:\/\/www.facebook.com\/?ref=tn_tnmn\" \/>\n<meta property=\"article:published_time\" content=\"2024-02-07T19:04:24+00:00\" \/>\n<meta property=\"og:image\" content=\"https:\/\/blogdofarnesio.com.br\/wp-content\/uploads\/2022\/08\/Em-debate-Miguel-se-apresenta-como-pernambucano-apaixonado-e-indignado-com-o-que-fizeram-com-o-estado-e1661549352181.jpeg\" \/>\n\t<meta property=\"og:image:width\" content=\"566\" \/>\n\t<meta property=\"og:image:height\" content=\"423\" \/>\n\t<meta property=\"og:image:type\" content=\"image\/jpeg\" \/>\n<meta name=\"author\" content=\"Farn\u00e9sio\" \/>\n<meta name=\"twitter:card\" content=\"summary_large_image\" \/>\n<meta name=\"twitter:label1\" content=\"Escrito por\" \/>\n\t<meta name=\"twitter:data1\" content=\"Farn\u00e9sio\" \/>\n\t<meta name=\"twitter:label2\" content=\"Est. tempo de leitura\" \/>\n\t<meta name=\"twitter:data2\" content=\"3 minutos\" \/>\n<script type=\"application\/ld+json\" class=\"yoast-schema-graph\">{\"@context\":\"https:\\\/\\\/schema.org\",\"@graph\":[{\"@type\":\"Article\",\"@id\":\"https:\\\/\\\/blogdofarnesio.com.br\\\/?p=360915#article\",\"isPartOf\":{\"@id\":\"https:\\\/\\\/blogdofarnesio.com.br\\\/?p=360915\"},\"author\":{\"name\":\"Farn\u00e9sio\",\"@id\":\"https:\\\/\\\/blogdofarnesio.com.br\\\/#\\\/schema\\\/person\\\/bb9b23ae3ad0609ce8df7b6c9e76824d\"},\"headline\":\"Miguel Coelho lamenta situa\u00e7\u00e3o da Pol\u00edcia Civil de Pernambuco, critica n\u00fameros de mortes violentas em janeiro e enfatiza a inefici\u00eancia do governo estadual\",\"datePublished\":\"2024-02-07T19:04:24+00:00\",\"mainEntityOfPage\":{\"@id\":\"https:\\\/\\\/blogdofarnesio.com.br\\\/?p=360915\"},\"wordCount\":468,\"commentCount\":0,\"publisher\":{\"@id\":\"https:\\\/\\\/blogdofarnesio.com.br\\\/#organization\"},\"image\":{\"@id\":\"https:\\\/\\\/blogdofarnesio.com.br\\\/?p=360915#primaryimage\"},\"thumbnailUrl\":\"https:\\\/\\\/blogdofarnesio.com.br\\\/wp-content\\\/uploads\\\/2022\\\/08\\\/Em-debate-Miguel-se-apresenta-como-pernambucano-apaixonado-e-indignado-com-o-que-fizeram-com-o-estado-e1661549352181.jpeg\",\"articleSection\":[\"Pol\u00edtica\"],\"inLanguage\":\"pt-BR\",\"potentialAction\":[{\"@type\":\"CommentAction\",\"name\":\"Comment\",\"target\":[\"https:\\\/\\\/blogdofarnesio.com.br\\\/?p=360915#respond\"]}]},{\"@type\":\"WebPage\",\"@id\":\"https:\\\/\\\/blogdofarnesio.com.br\\\/?p=360915\",\"url\":\"https:\\\/\\\/blogdofarnesio.com.br\\\/?p=360915\",\"name\":\"Miguel Coelho lamenta situa\u00e7\u00e3o da Pol\u00edcia Civil de Pernambuco, critica n\u00fameros de mortes violentas em janeiro e enfatiza a inefici\u00eancia do governo estadual - Blog do Farn\u00e9sio\",\"isPartOf\":{\"@id\":\"https:\\\/\\\/blogdofarnesio.com.br\\\/#website\"},\"primaryImageOfPage\":{\"@id\":\"https:\\\/\\\/blogdofarnesio.com.br\\\/?p=360915#primaryimage\"},\"image\":{\"@id\":\"https:\\\/\\\/blogdofarnesio.com.br\\\/?p=360915#primaryimage\"},\"thumbnailUrl\":\"https:\\\/\\\/blogdofarnesio.com.br\\\/wp-content\\\/uploads\\\/2022\\\/08\\\/Em-debate-Miguel-se-apresenta-como-pernambucano-apaixonado-e-indignado-com-o-que-fizeram-com-o-estado-e1661549352181.jpeg\",\"datePublished\":\"2024-02-07T19:04:24+00:00\",\"breadcrumb\":{\"@id\":\"https:\\\/\\\/blogdofarnesio.com.br\\\/?p=360915#breadcrumb\"},\"inLanguage\":\"pt-BR\",\"potentialAction\":[{\"@type\":\"ReadAction\",\"target\":[\"https:\\\/\\\/blogdofarnesio.com.br\\\/?p=360915\"]}]},{\"@type\":\"ImageObject\",\"inLanguage\":\"pt-BR\",\"@id\":\"https:\\\/\\\/blogdofarnesio.com.br\\\/?p=360915#primaryimage\",\"url\":\"https:\\\/\\\/blogdofarnesio.com.br\\\/wp-content\\\/uploads\\\/2022\\\/08\\\/Em-debate-Miguel-se-apresenta-como-pernambucano-apaixonado-e-indignado-com-o-que-fizeram-com-o-estado-e1661549352181.jpeg\",\"contentUrl\":\"https:\\\/\\\/blogdofarnesio.com.br\\\/wp-content\\\/uploads\\\/2022\\\/08\\\/Em-debate-Miguel-se-apresenta-como-pernambucano-apaixonado-e-indignado-com-o-que-fizeram-com-o-estado-e1661549352181.jpeg\",\"width\":566,\"height\":423},{\"@type\":\"BreadcrumbList\",\"@id\":\"https:\\\/\\\/blogdofarnesio.com.br\\\/?p=360915#breadcrumb\",\"itemListElement\":[{\"@type\":\"ListItem\",\"position\":1,\"name\":\"In\u00edcio\",\"item\":\"https:\\\/\\\/blogdofarnesio.com.br\\\/\"},{\"@type\":\"ListItem\",\"position\":2,\"name\":\"Miguel Coelho lamenta situa\u00e7\u00e3o da Pol\u00edcia Civil de Pernambuco, critica n\u00fameros de mortes violentas em janeiro e enfatiza a inefici\u00eancia do governo estadual\"}]},{\"@type\":\"WebSite\",\"@id\":\"https:\\\/\\\/blogdofarnesio.com.br\\\/#website\",\"url\":\"https:\\\/\\\/blogdofarnesio.com.br\\\/\",\"name\":\"Blog do Farn\u00e9sio\",\"description\":\"Quer Saber Pol\u00edtica?\",\"publisher\":{\"@id\":\"https:\\\/\\\/blogdofarnesio.com.br\\\/#organization\"},\"potentialAction\":[{\"@type\":\"SearchAction\",\"target\":{\"@type\":\"EntryPoint\",\"urlTemplate\":\"https:\\\/\\\/blogdofarnesio.com.br\\\/?s={search_term_string}\"},\"query-input\":{\"@type\":\"PropertyValueSpecification\",\"valueRequired\":true,\"valueName\":\"search_term_string\"}}],\"inLanguage\":\"pt-BR\"},{\"@type\":\"Organization\",\"@id\":\"https:\\\/\\\/blogdofarnesio.com.br\\\/#organization\",\"name\":\"Blog do Farn\u00e9sio\",\"url\":\"https:\\\/\\\/blogdofarnesio.com.br\\\/\",\"logo\":{\"@type\":\"ImageObject\",\"inLanguage\":\"pt-BR\",\"@id\":\"https:\\\/\\\/blogdofarnesio.com.br\\\/#\\\/schema\\\/logo\\\/image\\\/\",\"url\":\"https:\\\/\\\/blogdofarnesio.com.br\\\/wp-content\\\/uploads\\\/2026\\\/03\\\/cropped-logo_new-1.png\",\"contentUrl\":\"https:\\\/\\\/blogdofarnesio.com.br\\\/wp-content\\\/uploads\\\/2026\\\/03\\\/cropped-logo_new-1.png\",\"width\":881,\"height\":685,\"caption\":\"Blog do Farn\u00e9sio\"},\"image\":{\"@id\":\"https:\\\/\\\/blogdofarnesio.com.br\\\/#\\\/schema\\\/logo\\\/image\\\/\"},\"sameAs\":[\"https:\\\/\\\/www.facebook.com\\\/BlogQuerSaberPolitica\\\/\"]},{\"@type\":\"Person\",\"@id\":\"https:\\\/\\\/blogdofarnesio.com.br\\\/#\\\/schema\\\/person\\\/bb9b23ae3ad0609ce8df7b6c9e76824d\",\"name\":\"Farn\u00e9sio\",\"image\":{\"@type\":\"ImageObject\",\"inLanguage\":\"pt-BR\",\"@id\":\"https:\\\/\\\/secure.gravatar.com\\\/avatar\\\/986aa4c61ccdb66f8555bf88fc2a65609d00bcabd4d2d94377a727547345cbca?s=96&d=mm&r=g\",\"url\":\"https:\\\/\\\/secure.gravatar.com\\\/avatar\\\/986aa4c61ccdb66f8555bf88fc2a65609d00bcabd4d2d94377a727547345cbca?s=96&d=mm&r=g\",\"contentUrl\":\"https:\\\/\\\/secure.gravatar.com\\\/avatar\\\/986aa4c61ccdb66f8555bf88fc2a65609d00bcabd4d2d94377a727547345cbca?s=96&d=mm&r=g\",\"caption\":\"Farn\u00e9sio\"},\"description\":\"Radialista blogueiro, chegou a Petrolina\\\/Juazeiro em setembro de 1980, Farn\u00e9sio Silva \u00e9 de Arapiraca-Alagoas.\",\"sameAs\":[\"http:\\\/\\\/blogdofarnesio.com.br\",\"https:\\\/\\\/www.facebook.com\\\/?ref=tn_tnmn\",\"https:\\\/\\\/www.instagram.com\\\/?utm_source=pwa_homescreen\",\"https:\\\/\\\/youtube.com.br\\\/\"],\"url\":\"https:\\\/\\\/blogdofarnesio.com.br\\\/?author=2\"}]}<\/script>\n<!-- \/ Yoast SEO plugin. -->","yoast_head_json":{"title":"Miguel Coelho lamenta situa\u00e7\u00e3o da Pol\u00edcia Civil de Pernambuco, critica n\u00fameros de mortes violentas em janeiro e enfatiza a inefici\u00eancia do governo estadual - Blog do Farn\u00e9sio","robots":{"index":"index","follow":"follow","max-snippet":"max-snippet:-1","max-image-preview":"max-image-preview:large","max-video-preview":"max-video-preview:-1"},"canonical":"https:\/\/blogdofarnesio.com.br\/?p=360915","og_locale":"pt_BR","og_type":"article","og_title":"Miguel Coelho lamenta situa\u00e7\u00e3o da Pol\u00edcia Civil de Pernambuco, critica n\u00fameros de mortes violentas em janeiro e enfatiza a inefici\u00eancia do governo estadual - Blog do Farn\u00e9sio","og_description":"Miguel Coelho lamentou o an\u00fancio feito pelos Policiais Civis de Pernambuco, nesta ter\u00e7a-feira (06), sobre a paralisa\u00e7\u00e3o das atividades a partir da pr\u00f3xima sexta-feira (9), v\u00e9spera do carnaval oficial. A informa\u00e7\u00e3o foi divulgada ap\u00f3s insatisfa\u00e7\u00e3o gerada em uma reuni\u00e3o entre o Sindicato dos Policiais Civis de Pernambuco (Sinpol-PE) e representantes do atual Governo do Estado. Al\u00e9m disso, o pol\u00edtico critica tamb\u00e9m os resultados dos dados divulgados pela Secretaria de Defesa Social (SDS) de Pernambuco referentes ao primeiro m\u00eas de 2024, os quais revelaram um aumento alarmante no n\u00famero de mortes violentas letais intencionais. Diante do caos instaurado na Seguran\u00e7a P\u00fablica de Pernambuco, Miguel Coelho enfatiza a urgente necessidade de enfrentar esse problema de frente. &#8220;O estado precisa encarar de frente&hellip;","og_url":"https:\/\/blogdofarnesio.com.br\/?p=360915","og_site_name":"Blog do Farn\u00e9sio","article_publisher":"https:\/\/www.facebook.com\/BlogQuerSaberPolitica\/","article_author":"https:\/\/www.facebook.com\/?ref=tn_tnmn","article_published_time":"2024-02-07T19:04:24+00:00","og_image":[{"width":566,"height":423,"url":"https:\/\/blogdofarnesio.com.br\/wp-content\/uploads\/2022\/08\/Em-debate-Miguel-se-apresenta-como-pernambucano-apaixonado-e-indignado-com-o-que-fizeram-com-o-estado-e1661549352181.jpeg","type":"image\/jpeg"}],"author":"Farn\u00e9sio","twitter_card":"summary_large_image","twitter_misc":{"Escrito por":"Farn\u00e9sio","Est. tempo de leitura":"3 minutos"},"schema":{"@context":"https:\/\/schema.org","@graph":[{"@type":"Article","@id":"https:\/\/blogdofarnesio.com.br\/?p=360915#article","isPartOf":{"@id":"https:\/\/blogdofarnesio.com.br\/?p=360915"},"author":{"name":"Farn\u00e9sio","@id":"https:\/\/blogdofarnesio.com.br\/#\/schema\/person\/bb9b23ae3ad0609ce8df7b6c9e76824d"},"headline":"Miguel Coelho lamenta situa\u00e7\u00e3o da Pol\u00edcia Civil de Pernambuco, critica n\u00fameros de mortes violentas em janeiro e enfatiza a inefici\u00eancia do governo estadual","datePublished":"2024-02-07T19:04:24+00:00","mainEntityOfPage":{"@id":"https:\/\/blogdofarnesio.com.br\/?p=360915"},"wordCount":468,"commentCount":0,"publisher":{"@id":"https:\/\/blogdofarnesio.com.br\/#organization"},"image":{"@id":"https:\/\/blogdofarnesio.com.br\/?p=360915#primaryimage"},"thumbnailUrl":"https:\/\/blogdofarnesio.com.br\/wp-content\/uploads\/2022\/08\/Em-debate-Miguel-se-apresenta-como-pernambucano-apaixonado-e-indignado-com-o-que-fizeram-com-o-estado-e1661549352181.jpeg","articleSection":["Pol\u00edtica"],"inLanguage":"pt-BR","potentialAction":[{"@type":"CommentAction","name":"Comment","target":["https:\/\/blogdofarnesio.com.br\/?p=360915#respond"]}]},{"@type":"WebPage","@id":"https:\/\/blogdofarnesio.com.br\/?p=360915","url":"https:\/\/blogdofarnesio.com.br\/?p=360915","name":"Miguel Coelho lamenta situa\u00e7\u00e3o da Pol\u00edcia Civil de Pernambuco, critica n\u00fameros de mortes violentas em janeiro e enfatiza a inefici\u00eancia do governo estadual - Blog do Farn\u00e9sio","isPartOf":{"@id":"https:\/\/blogdofarnesio.com.br\/#website"},"primaryImageOfPage":{"@id":"https:\/\/blogdofarnesio.com.br\/?p=360915#primaryimage"},"image":{"@id":"https:\/\/blogdofarnesio.com.br\/?p=360915#primaryimage"},"thumbnailUrl":"https:\/\/blogdofarnesio.com.br\/wp-content\/uploads\/2022\/08\/Em-debate-Miguel-se-apresenta-como-pernambucano-apaixonado-e-indignado-com-o-que-fizeram-com-o-estado-e1661549352181.jpeg","datePublished":"2024-02-07T19:04:24+00:00","breadcrumb":{"@id":"https:\/\/blogdofarnesio.com.br\/?p=360915#breadcrumb"},"inLanguage":"pt-BR","potentialAction":[{"@type":"ReadAction","target":["https:\/\/blogdofarnesio.com.br\/?p=360915"]}]},{"@type":"ImageObject","inLanguage":"pt-BR","@id":"https:\/\/blogdofarnesio.com.br\/?p=360915#primaryimage","url":"https:\/\/blogdofarnesio.com.br\/wp-content\/uploads\/2022\/08\/Em-debate-Miguel-se-apresenta-como-pernambucano-apaixonado-e-indignado-com-o-que-fizeram-com-o-estado-e1661549352181.jpeg","contentUrl":"https:\/\/blogdofarnesio.com.br\/wp-content\/uploads\/2022\/08\/Em-debate-Miguel-se-apresenta-como-pernambucano-apaixonado-e-indignado-com-o-que-fizeram-com-o-estado-e1661549352181.jpeg","width":566,"height":423},{"@type":"BreadcrumbList","@id":"https:\/\/blogdofarnesio.com.br\/?p=360915#breadcrumb","itemListElement":[{"@type":"ListItem","position":1,"name":"In\u00edcio","item":"https:\/\/blogdofarnesio.com.br\/"},{"@type":"ListItem","position":2,"name":"Miguel Coelho lamenta situa\u00e7\u00e3o da Pol\u00edcia Civil de Pernambuco, critica n\u00fameros de mortes violentas em janeiro e enfatiza a inefici\u00eancia do governo estadual"}]},{"@type":"WebSite","@id":"https:\/\/blogdofarnesio.com.br\/#website","url":"https:\/\/blogdofarnesio.com.br\/","name":"Blog do Farn\u00e9sio","description":"Quer Saber Pol\u00edtica?","publisher":{"@id":"https:\/\/blogdofarnesio.com.br\/#organization"},"potentialAction":[{"@type":"SearchAction","target":{"@type":"EntryPoint","urlTemplate":"https:\/\/blogdofarnesio.com.br\/?s={search_term_string}"},"query-input":{"@type":"PropertyValueSpecification","valueRequired":true,"valueName":"search_term_string"}}],"inLanguage":"pt-BR"},{"@type":"Organization","@id":"https:\/\/blogdofarnesio.com.br\/#organization","name":"Blog do Farn\u00e9sio","url":"https:\/\/blogdofarnesio.com.br\/","logo":{"@type":"ImageObject","inLanguage":"pt-BR","@id":"https:\/\/blogdofarnesio.com.br\/#\/schema\/logo\/image\/","url":"https:\/\/blogdofarnesio.com.br\/wp-content\/uploads\/2026\/03\/cropped-logo_new-1.png","contentUrl":"https:\/\/blogdofarnesio.com.br\/wp-content\/uploads\/2026\/03\/cropped-logo_new-1.png","width":881,"height":685,"caption":"Blog do Farn\u00e9sio"},"image":{"@id":"https:\/\/blogdofarnesio.com.br\/#\/schema\/logo\/image\/"},"sameAs":["https:\/\/www.facebook.com\/BlogQuerSaberPolitica\/"]},{"@type":"Person","@id":"https:\/\/blogdofarnesio.com.br\/#\/schema\/person\/bb9b23ae3ad0609ce8df7b6c9e76824d","name":"Farn\u00e9sio","image":{"@type":"ImageObject","inLanguage":"pt-BR","@id":"https:\/\/secure.gravatar.com\/avatar\/986aa4c61ccdb66f8555bf88fc2a65609d00bcabd4d2d94377a727547345cbca?s=96&d=mm&r=g","url":"https:\/\/secure.gravatar.com\/avatar\/986aa4c61ccdb66f8555bf88fc2a65609d00bcabd4d2d94377a727547345cbca?s=96&d=mm&r=g","contentUrl":"https:\/\/secure.gravatar.com\/avatar\/986aa4c61ccdb66f8555bf88fc2a65609d00bcabd4d2d94377a727547345cbca?s=96&d=mm&r=g","caption":"Farn\u00e9sio"},"description":"Radialista blogueiro, chegou a Petrolina\/Juazeiro em setembro de 1980, Farn\u00e9sio Silva \u00e9 de Arapiraca-Alagoas.","sameAs":["http:\/\/blogdofarnesio.com.br","https:\/\/www.facebook.com\/?ref=tn_tnmn","https:\/\/www.instagram.com\/?utm_source=pwa_homescreen","https:\/\/youtube.com.br\/"],"url":"https:\/\/blogdofarnesio.com.br\/?author=2"}]}},"_links":{"self":[{"href":"https:\/\/blogdofarnesio.com.br\/index.php?rest_route=\/wp\/v2\/posts\/360915","targetHints":{"allow":["GET"]}}],"collection":[{"href":"https:\/\/blogdofarnesio.com.br\/index.php?rest_route=\/wp\/v2\/posts"}],"about":[{"href":"https:\/\/blogdofarnesio.com.br\/index.php?rest_route=\/wp\/v2\/types\/post"}],"author":[{"embeddable":true,"href":"https:\/\/blogdofarnesio.com.br\/index.php?rest_route=\/wp\/v2\/users\/2"}],"replies":[{"embeddable":true,"href":"https:\/\/blogdofarnesio.com.br\/index.php?rest_route=%2Fwp%2Fv2%2Fcomments&post=360915"}],"version-history":[{"count":0,"href":"https:\/\/blogdofarnesio.com.br\/index.php?rest_route=\/wp\/v2\/posts\/360915\/revisions"}],"wp:featuredmedia":[{"embeddable":true,"href":"https:\/\/blogdofarnesio.com.br\/index.php?rest_route=\/wp\/v2\/media\/321368"}],"wp:attachment":[{"href":"https:\/\/blogdofarnesio.com.br\/index.php?rest_route=%2Fwp%2Fv2%2Fmedia&parent=360915"}],"wp:term":[{"taxonomy":"category","embeddable":true,"href":"https:\/\/blogdofarnesio.com.br\/index.php?rest_route=%2Fwp%2Fv2%2Fcategories&post=360915"},{"taxonomy":"post_tag","embeddable":true,"href":"https:\/\/blogdofarnesio.com.br\/index.php?rest_route=%2Fwp%2Fv2%2Ftags&post=360915"}],"curies":[{"name":"wp","href":"https:\/\/api.w.org\/{rel}","templated":true}]}}