{"id":360610,"date":"2024-02-04T09:00:40","date_gmt":"2024-02-04T12:00:40","guid":{"rendered":"https:\/\/blogdofarnesio.com.br\/?p=360610"},"modified":"2024-02-04T08:59:22","modified_gmt":"2024-02-04T11:59:22","slug":"homem-morre-apos-sofrer-choque-eletrico-na-zona-rural-de-lagoa-grande","status":"publish","type":"post","link":"https:\/\/blogdofarnesio.com.br\/?p=360610","title":{"rendered":"Homem morre ap\u00f3s sofrer choque el\u00e9trico na zona rural de Lagoa Grande"},"content":{"rendered":"<div class=\"entry-content clearfix\">\n<p>Nessa sexta-feira, 2, um homem morreu ap\u00f3s sofrer uma forte descarga el\u00e9trica na Fazenda Tanque, zona rural de Lagoa Grande, no Sert\u00e3o do S\u00e3o Francisco. Benilto Gomes Rodrigues, marido de uma servidora p\u00fablica municipal, foi socorrido para o Hospital Municipal Jos\u00e9 Henrique de Lima, mas n\u00e3o resistiu. N\u00e3o h\u00e1 informa\u00e7\u00f5es sobre como aconteceu o incidente fatal.<\/p>\n<p>Em nota, a Prefeitura de Lagoa Grande lamentou a morte do esposo da servidora que atua na Secretaria de Educa\u00e7\u00e3o e Cultura. \u201cNesse momento de tristeza e dor, o prefeito Vilmar Cappellaro, a vice-prefeita, Catharina Garziera e a secret\u00e1ria de Educa\u00e7\u00e3o, Sandra Amaral, em nome dos servidores p\u00fablicos da prefeitura, em especial aos da Seduc, prestam os seus mais sinceros sentimentos e se solidarizam com os familiares pela perda deste grande amigo\u201d, expressou.<\/p>\n<p>O corpo de Benilto foi velado na noite dessa sexta-feira na Fazenda Tanque e seguiu por volta das 8h deste s\u00e1bado, 3, para sepultamento em Santa Cruz, cidade natal dele. (Com informa\u00e7\u00f5es do Blog do Everaldo)<\/p>\n<\/div>\n","protected":false},"excerpt":{"rendered":"<p>Nessa sexta-feira, 2, um homem morreu ap\u00f3s sofrer uma forte descarga el\u00e9trica na Fazenda Tanque, zona rural de Lagoa Grande, no Sert\u00e3o do S\u00e3o Francisco. Benilto Gomes Rodrigues, marido de uma servidora p\u00fablica municipal, foi socorrido para o Hospital Municipal Jos\u00e9 Henrique de Lima, mas n\u00e3o resistiu. N\u00e3o h\u00e1 informa\u00e7\u00f5es sobre como aconteceu o incidente fatal. Em nota, a Prefeitura de Lagoa Grande lamentou a morte do esposo da servidora que atua na Secretaria de Educa\u00e7\u00e3o e Cultura. \u201cNesse momento de tristeza e dor, o prefeito Vilmar Cappellaro, a vice-prefeita, Catharina Garziera e a secret\u00e1ria de Educa\u00e7\u00e3o, Sandra Amaral, em nome dos servidores p\u00fablicos da prefeitura, em especial aos da Seduc, prestam os seus mais sinceros sentimentos e se solidarizam&hellip; <\/p>\n","protected":false},"author":2,"featured_media":360611,"comment_status":"open","ping_status":"open","sticky":false,"template":"","format":"standard","meta":{"_acf_changed":false,"footnotes":""},"categories":[27],"tags":[],"class_list":["post-360610","post","type-post","status-publish","format-standard","has-post-thumbnail","hentry","category-cidades"],"acf":[],"yoast_head":"<!-- This site is optimized with the Yoast SEO plugin v27.4 - https:\/\/yoast.com\/product\/yoast-seo-wordpress\/ -->\n<title>Homem morre ap\u00f3s sofrer choque el\u00e9trico na zona rural de Lagoa Grande - Blog do Farn\u00e9sio<\/title>\n<meta name=\"robots\" content=\"index, follow, max-snippet:-1, max-image-preview:large, max-video-preview:-1\" \/>\n<link rel=\"canonical\" href=\"https:\/\/blogdofarnesio.com.br\/?p=360610\" \/>\n<meta property=\"og:locale\" content=\"pt_BR\" \/>\n<meta property=\"og:type\" content=\"article\" \/>\n<meta property=\"og:title\" content=\"Homem morre ap\u00f3s sofrer choque el\u00e9trico na zona rural de Lagoa Grande - Blog do Farn\u00e9sio\" \/>\n<meta property=\"og:description\" content=\"Nessa sexta-feira, 2, um homem morreu ap\u00f3s sofrer uma forte descarga el\u00e9trica na Fazenda Tanque, zona rural de Lagoa Grande, no Sert\u00e3o do S\u00e3o Francisco. Benilto Gomes Rodrigues, marido de uma servidora p\u00fablica municipal, foi socorrido para o Hospital Municipal Jos\u00e9 Henrique de Lima, mas n\u00e3o resistiu. N\u00e3o h\u00e1 informa\u00e7\u00f5es sobre como aconteceu o incidente fatal. Em nota, a Prefeitura de Lagoa Grande lamentou a morte do esposo da servidora que atua na Secretaria de Educa\u00e7\u00e3o e Cultura. \u201cNesse momento de tristeza e dor, o prefeito Vilmar Cappellaro, a vice-prefeita, Catharina Garziera e a secret\u00e1ria de Educa\u00e7\u00e3o, Sandra Amaral, em nome dos servidores p\u00fablicos da prefeitura, em especial aos da Seduc, prestam os seus mais sinceros sentimentos e se solidarizam&hellip;\" \/>\n<meta property=\"og:url\" content=\"https:\/\/blogdofarnesio.com.br\/?p=360610\" \/>\n<meta property=\"og:site_name\" content=\"Blog do Farn\u00e9sio\" \/>\n<meta property=\"article:publisher\" content=\"https:\/\/www.facebook.com\/BlogQuerSaberPolitica\/\" \/>\n<meta property=\"article:author\" content=\"https:\/\/www.facebook.com\/?ref=tn_tnmn\" \/>\n<meta property=\"article:published_time\" content=\"2024-02-04T12:00:40+00:00\" \/>\n<meta property=\"og:image\" content=\"https:\/\/blogdofarnesio.com.br\/wp-content\/uploads\/2024\/02\/blogqsplgrande-choque-morte.jpg\" \/>\n\t<meta property=\"og:image:width\" content=\"450\" \/>\n\t<meta property=\"og:image:height\" content=\"323\" \/>\n\t<meta property=\"og:image:type\" content=\"image\/jpeg\" \/>\n<meta name=\"author\" content=\"Farn\u00e9sio\" \/>\n<meta name=\"twitter:card\" content=\"summary_large_image\" \/>\n<meta name=\"twitter:label1\" content=\"Escrito por\" \/>\n\t<meta name=\"twitter:data1\" content=\"Farn\u00e9sio\" \/>\n\t<meta name=\"twitter:label2\" content=\"Est. tempo de leitura\" \/>\n\t<meta name=\"twitter:data2\" content=\"2 minutos\" \/>\n<script type=\"application\/ld+json\" class=\"yoast-schema-graph\">{\"@context\":\"https:\\\/\\\/schema.org\",\"@graph\":[{\"@type\":\"Article\",\"@id\":\"https:\\\/\\\/blogdofarnesio.com.br\\\/?p=360610#article\",\"isPartOf\":{\"@id\":\"https:\\\/\\\/blogdofarnesio.com.br\\\/?p=360610\"},\"author\":{\"name\":\"Farn\u00e9sio\",\"@id\":\"https:\\\/\\\/blogdofarnesio.com.br\\\/#\\\/schema\\\/person\\\/bb9b23ae3ad0609ce8df7b6c9e76824d\"},\"headline\":\"Homem morre ap\u00f3s sofrer choque el\u00e9trico na zona rural de Lagoa Grande\",\"datePublished\":\"2024-02-04T12:00:40+00:00\",\"mainEntityOfPage\":{\"@id\":\"https:\\\/\\\/blogdofarnesio.com.br\\\/?p=360610\"},\"wordCount\":191,\"commentCount\":0,\"publisher\":{\"@id\":\"https:\\\/\\\/blogdofarnesio.com.br\\\/#organization\"},\"image\":{\"@id\":\"https:\\\/\\\/blogdofarnesio.com.br\\\/?p=360610#primaryimage\"},\"thumbnailUrl\":\"https:\\\/\\\/blogdofarnesio.com.br\\\/wp-content\\\/uploads\\\/2024\\\/02\\\/blogqsplgrande-choque-morte.jpg\",\"articleSection\":[\"Cidades\"],\"inLanguage\":\"pt-BR\",\"potentialAction\":[{\"@type\":\"CommentAction\",\"name\":\"Comment\",\"target\":[\"https:\\\/\\\/blogdofarnesio.com.br\\\/?p=360610#respond\"]}]},{\"@type\":\"WebPage\",\"@id\":\"https:\\\/\\\/blogdofarnesio.com.br\\\/?p=360610\",\"url\":\"https:\\\/\\\/blogdofarnesio.com.br\\\/?p=360610\",\"name\":\"Homem morre ap\u00f3s sofrer choque el\u00e9trico na zona rural de Lagoa Grande - Blog do Farn\u00e9sio\",\"isPartOf\":{\"@id\":\"https:\\\/\\\/blogdofarnesio.com.br\\\/#website\"},\"primaryImageOfPage\":{\"@id\":\"https:\\\/\\\/blogdofarnesio.com.br\\\/?p=360610#primaryimage\"},\"image\":{\"@id\":\"https:\\\/\\\/blogdofarnesio.com.br\\\/?p=360610#primaryimage\"},\"thumbnailUrl\":\"https:\\\/\\\/blogdofarnesio.com.br\\\/wp-content\\\/uploads\\\/2024\\\/02\\\/blogqsplgrande-choque-morte.jpg\",\"datePublished\":\"2024-02-04T12:00:40+00:00\",\"breadcrumb\":{\"@id\":\"https:\\\/\\\/blogdofarnesio.com.br\\\/?p=360610#breadcrumb\"},\"inLanguage\":\"pt-BR\",\"potentialAction\":[{\"@type\":\"ReadAction\",\"target\":[\"https:\\\/\\\/blogdofarnesio.com.br\\\/?p=360610\"]}]},{\"@type\":\"ImageObject\",\"inLanguage\":\"pt-BR\",\"@id\":\"https:\\\/\\\/blogdofarnesio.com.br\\\/?p=360610#primaryimage\",\"url\":\"https:\\\/\\\/blogdofarnesio.com.br\\\/wp-content\\\/uploads\\\/2024\\\/02\\\/blogqsplgrande-choque-morte.jpg\",\"contentUrl\":\"https:\\\/\\\/blogdofarnesio.com.br\\\/wp-content\\\/uploads\\\/2024\\\/02\\\/blogqsplgrande-choque-morte.jpg\",\"width\":450,\"height\":323},{\"@type\":\"BreadcrumbList\",\"@id\":\"https:\\\/\\\/blogdofarnesio.com.br\\\/?p=360610#breadcrumb\",\"itemListElement\":[{\"@type\":\"ListItem\",\"position\":1,\"name\":\"In\u00edcio\",\"item\":\"https:\\\/\\\/blogdofarnesio.com.br\\\/\"},{\"@type\":\"ListItem\",\"position\":2,\"name\":\"Homem morre ap\u00f3s sofrer choque el\u00e9trico na zona rural de Lagoa Grande\"}]},{\"@type\":\"WebSite\",\"@id\":\"https:\\\/\\\/blogdofarnesio.com.br\\\/#website\",\"url\":\"https:\\\/\\\/blogdofarnesio.com.br\\\/\",\"name\":\"Blog do Farn\u00e9sio\",\"description\":\"Quer Saber Pol\u00edtica?\",\"publisher\":{\"@id\":\"https:\\\/\\\/blogdofarnesio.com.br\\\/#organization\"},\"potentialAction\":[{\"@type\":\"SearchAction\",\"target\":{\"@type\":\"EntryPoint\",\"urlTemplate\":\"https:\\\/\\\/blogdofarnesio.com.br\\\/?s={search_term_string}\"},\"query-input\":{\"@type\":\"PropertyValueSpecification\",\"valueRequired\":true,\"valueName\":\"search_term_string\"}}],\"inLanguage\":\"pt-BR\"},{\"@type\":\"Organization\",\"@id\":\"https:\\\/\\\/blogdofarnesio.com.br\\\/#organization\",\"name\":\"Blog do Farn\u00e9sio\",\"url\":\"https:\\\/\\\/blogdofarnesio.com.br\\\/\",\"logo\":{\"@type\":\"ImageObject\",\"inLanguage\":\"pt-BR\",\"@id\":\"https:\\\/\\\/blogdofarnesio.com.br\\\/#\\\/schema\\\/logo\\\/image\\\/\",\"url\":\"https:\\\/\\\/blogdofarnesio.com.br\\\/wp-content\\\/uploads\\\/2026\\\/03\\\/cropped-logo_new-1.png\",\"contentUrl\":\"https:\\\/\\\/blogdofarnesio.com.br\\\/wp-content\\\/uploads\\\/2026\\\/03\\\/cropped-logo_new-1.png\",\"width\":881,\"height\":685,\"caption\":\"Blog do Farn\u00e9sio\"},\"image\":{\"@id\":\"https:\\\/\\\/blogdofarnesio.com.br\\\/#\\\/schema\\\/logo\\\/image\\\/\"},\"sameAs\":[\"https:\\\/\\\/www.facebook.com\\\/BlogQuerSaberPolitica\\\/\"]},{\"@type\":\"Person\",\"@id\":\"https:\\\/\\\/blogdofarnesio.com.br\\\/#\\\/schema\\\/person\\\/bb9b23ae3ad0609ce8df7b6c9e76824d\",\"name\":\"Farn\u00e9sio\",\"image\":{\"@type\":\"ImageObject\",\"inLanguage\":\"pt-BR\",\"@id\":\"https:\\\/\\\/secure.gravatar.com\\\/avatar\\\/986aa4c61ccdb66f8555bf88fc2a65609d00bcabd4d2d94377a727547345cbca?s=96&d=mm&r=g\",\"url\":\"https:\\\/\\\/secure.gravatar.com\\\/avatar\\\/986aa4c61ccdb66f8555bf88fc2a65609d00bcabd4d2d94377a727547345cbca?s=96&d=mm&r=g\",\"contentUrl\":\"https:\\\/\\\/secure.gravatar.com\\\/avatar\\\/986aa4c61ccdb66f8555bf88fc2a65609d00bcabd4d2d94377a727547345cbca?s=96&d=mm&r=g\",\"caption\":\"Farn\u00e9sio\"},\"description\":\"Radialista blogueiro, chegou a Petrolina\\\/Juazeiro em setembro de 1980, Farn\u00e9sio Silva \u00e9 de Arapiraca-Alagoas.\",\"sameAs\":[\"http:\\\/\\\/blogdofarnesio.com.br\",\"https:\\\/\\\/www.facebook.com\\\/?ref=tn_tnmn\",\"https:\\\/\\\/www.instagram.com\\\/?utm_source=pwa_homescreen\",\"https:\\\/\\\/youtube.com.br\\\/\"],\"url\":\"https:\\\/\\\/blogdofarnesio.com.br\\\/?author=2\"}]}<\/script>\n<!-- \/ Yoast SEO plugin. -->","yoast_head_json":{"title":"Homem morre ap\u00f3s sofrer choque el\u00e9trico na zona rural de Lagoa Grande - Blog do Farn\u00e9sio","robots":{"index":"index","follow":"follow","max-snippet":"max-snippet:-1","max-image-preview":"max-image-preview:large","max-video-preview":"max-video-preview:-1"},"canonical":"https:\/\/blogdofarnesio.com.br\/?p=360610","og_locale":"pt_BR","og_type":"article","og_title":"Homem morre ap\u00f3s sofrer choque el\u00e9trico na zona rural de Lagoa Grande - Blog do Farn\u00e9sio","og_description":"Nessa sexta-feira, 2, um homem morreu ap\u00f3s sofrer uma forte descarga el\u00e9trica na Fazenda Tanque, zona rural de Lagoa Grande, no Sert\u00e3o do S\u00e3o Francisco. Benilto Gomes Rodrigues, marido de uma servidora p\u00fablica municipal, foi socorrido para o Hospital Municipal Jos\u00e9 Henrique de Lima, mas n\u00e3o resistiu. N\u00e3o h\u00e1 informa\u00e7\u00f5es sobre como aconteceu o incidente fatal. Em nota, a Prefeitura de Lagoa Grande lamentou a morte do esposo da servidora que atua na Secretaria de Educa\u00e7\u00e3o e Cultura. \u201cNesse momento de tristeza e dor, o prefeito Vilmar Cappellaro, a vice-prefeita, Catharina Garziera e a secret\u00e1ria de Educa\u00e7\u00e3o, Sandra Amaral, em nome dos servidores p\u00fablicos da prefeitura, em especial aos da Seduc, prestam os seus mais sinceros sentimentos e se solidarizam&hellip;","og_url":"https:\/\/blogdofarnesio.com.br\/?p=360610","og_site_name":"Blog do Farn\u00e9sio","article_publisher":"https:\/\/www.facebook.com\/BlogQuerSaberPolitica\/","article_author":"https:\/\/www.facebook.com\/?ref=tn_tnmn","article_published_time":"2024-02-04T12:00:40+00:00","og_image":[{"width":450,"height":323,"url":"https:\/\/blogdofarnesio.com.br\/wp-content\/uploads\/2024\/02\/blogqsplgrande-choque-morte.jpg","type":"image\/jpeg"}],"author":"Farn\u00e9sio","twitter_card":"summary_large_image","twitter_misc":{"Escrito por":"Farn\u00e9sio","Est. tempo de leitura":"2 minutos"},"schema":{"@context":"https:\/\/schema.org","@graph":[{"@type":"Article","@id":"https:\/\/blogdofarnesio.com.br\/?p=360610#article","isPartOf":{"@id":"https:\/\/blogdofarnesio.com.br\/?p=360610"},"author":{"name":"Farn\u00e9sio","@id":"https:\/\/blogdofarnesio.com.br\/#\/schema\/person\/bb9b23ae3ad0609ce8df7b6c9e76824d"},"headline":"Homem morre ap\u00f3s sofrer choque el\u00e9trico na zona rural de Lagoa Grande","datePublished":"2024-02-04T12:00:40+00:00","mainEntityOfPage":{"@id":"https:\/\/blogdofarnesio.com.br\/?p=360610"},"wordCount":191,"commentCount":0,"publisher":{"@id":"https:\/\/blogdofarnesio.com.br\/#organization"},"image":{"@id":"https:\/\/blogdofarnesio.com.br\/?p=360610#primaryimage"},"thumbnailUrl":"https:\/\/blogdofarnesio.com.br\/wp-content\/uploads\/2024\/02\/blogqsplgrande-choque-morte.jpg","articleSection":["Cidades"],"inLanguage":"pt-BR","potentialAction":[{"@type":"CommentAction","name":"Comment","target":["https:\/\/blogdofarnesio.com.br\/?p=360610#respond"]}]},{"@type":"WebPage","@id":"https:\/\/blogdofarnesio.com.br\/?p=360610","url":"https:\/\/blogdofarnesio.com.br\/?p=360610","name":"Homem morre ap\u00f3s sofrer choque el\u00e9trico na zona rural de Lagoa Grande - Blog do Farn\u00e9sio","isPartOf":{"@id":"https:\/\/blogdofarnesio.com.br\/#website"},"primaryImageOfPage":{"@id":"https:\/\/blogdofarnesio.com.br\/?p=360610#primaryimage"},"image":{"@id":"https:\/\/blogdofarnesio.com.br\/?p=360610#primaryimage"},"thumbnailUrl":"https:\/\/blogdofarnesio.com.br\/wp-content\/uploads\/2024\/02\/blogqsplgrande-choque-morte.jpg","datePublished":"2024-02-04T12:00:40+00:00","breadcrumb":{"@id":"https:\/\/blogdofarnesio.com.br\/?p=360610#breadcrumb"},"inLanguage":"pt-BR","potentialAction":[{"@type":"ReadAction","target":["https:\/\/blogdofarnesio.com.br\/?p=360610"]}]},{"@type":"ImageObject","inLanguage":"pt-BR","@id":"https:\/\/blogdofarnesio.com.br\/?p=360610#primaryimage","url":"https:\/\/blogdofarnesio.com.br\/wp-content\/uploads\/2024\/02\/blogqsplgrande-choque-morte.jpg","contentUrl":"https:\/\/blogdofarnesio.com.br\/wp-content\/uploads\/2024\/02\/blogqsplgrande-choque-morte.jpg","width":450,"height":323},{"@type":"BreadcrumbList","@id":"https:\/\/blogdofarnesio.com.br\/?p=360610#breadcrumb","itemListElement":[{"@type":"ListItem","position":1,"name":"In\u00edcio","item":"https:\/\/blogdofarnesio.com.br\/"},{"@type":"ListItem","position":2,"name":"Homem morre ap\u00f3s sofrer choque el\u00e9trico na zona rural de Lagoa Grande"}]},{"@type":"WebSite","@id":"https:\/\/blogdofarnesio.com.br\/#website","url":"https:\/\/blogdofarnesio.com.br\/","name":"Blog do Farn\u00e9sio","description":"Quer Saber Pol\u00edtica?","publisher":{"@id":"https:\/\/blogdofarnesio.com.br\/#organization"},"potentialAction":[{"@type":"SearchAction","target":{"@type":"EntryPoint","urlTemplate":"https:\/\/blogdofarnesio.com.br\/?s={search_term_string}"},"query-input":{"@type":"PropertyValueSpecification","valueRequired":true,"valueName":"search_term_string"}}],"inLanguage":"pt-BR"},{"@type":"Organization","@id":"https:\/\/blogdofarnesio.com.br\/#organization","name":"Blog do Farn\u00e9sio","url":"https:\/\/blogdofarnesio.com.br\/","logo":{"@type":"ImageObject","inLanguage":"pt-BR","@id":"https:\/\/blogdofarnesio.com.br\/#\/schema\/logo\/image\/","url":"https:\/\/blogdofarnesio.com.br\/wp-content\/uploads\/2026\/03\/cropped-logo_new-1.png","contentUrl":"https:\/\/blogdofarnesio.com.br\/wp-content\/uploads\/2026\/03\/cropped-logo_new-1.png","width":881,"height":685,"caption":"Blog do Farn\u00e9sio"},"image":{"@id":"https:\/\/blogdofarnesio.com.br\/#\/schema\/logo\/image\/"},"sameAs":["https:\/\/www.facebook.com\/BlogQuerSaberPolitica\/"]},{"@type":"Person","@id":"https:\/\/blogdofarnesio.com.br\/#\/schema\/person\/bb9b23ae3ad0609ce8df7b6c9e76824d","name":"Farn\u00e9sio","image":{"@type":"ImageObject","inLanguage":"pt-BR","@id":"https:\/\/secure.gravatar.com\/avatar\/986aa4c61ccdb66f8555bf88fc2a65609d00bcabd4d2d94377a727547345cbca?s=96&d=mm&r=g","url":"https:\/\/secure.gravatar.com\/avatar\/986aa4c61ccdb66f8555bf88fc2a65609d00bcabd4d2d94377a727547345cbca?s=96&d=mm&r=g","contentUrl":"https:\/\/secure.gravatar.com\/avatar\/986aa4c61ccdb66f8555bf88fc2a65609d00bcabd4d2d94377a727547345cbca?s=96&d=mm&r=g","caption":"Farn\u00e9sio"},"description":"Radialista blogueiro, chegou a Petrolina\/Juazeiro em setembro de 1980, Farn\u00e9sio Silva \u00e9 de Arapiraca-Alagoas.","sameAs":["http:\/\/blogdofarnesio.com.br","https:\/\/www.facebook.com\/?ref=tn_tnmn","https:\/\/www.instagram.com\/?utm_source=pwa_homescreen","https:\/\/youtube.com.br\/"],"url":"https:\/\/blogdofarnesio.com.br\/?author=2"}]}},"_links":{"self":[{"href":"https:\/\/blogdofarnesio.com.br\/index.php?rest_route=\/wp\/v2\/posts\/360610","targetHints":{"allow":["GET"]}}],"collection":[{"href":"https:\/\/blogdofarnesio.com.br\/index.php?rest_route=\/wp\/v2\/posts"}],"about":[{"href":"https:\/\/blogdofarnesio.com.br\/index.php?rest_route=\/wp\/v2\/types\/post"}],"author":[{"embeddable":true,"href":"https:\/\/blogdofarnesio.com.br\/index.php?rest_route=\/wp\/v2\/users\/2"}],"replies":[{"embeddable":true,"href":"https:\/\/blogdofarnesio.com.br\/index.php?rest_route=%2Fwp%2Fv2%2Fcomments&post=360610"}],"version-history":[{"count":0,"href":"https:\/\/blogdofarnesio.com.br\/index.php?rest_route=\/wp\/v2\/posts\/360610\/revisions"}],"wp:featuredmedia":[{"embeddable":true,"href":"https:\/\/blogdofarnesio.com.br\/index.php?rest_route=\/wp\/v2\/media\/360611"}],"wp:attachment":[{"href":"https:\/\/blogdofarnesio.com.br\/index.php?rest_route=%2Fwp%2Fv2%2Fmedia&parent=360610"}],"wp:term":[{"taxonomy":"category","embeddable":true,"href":"https:\/\/blogdofarnesio.com.br\/index.php?rest_route=%2Fwp%2Fv2%2Fcategories&post=360610"},{"taxonomy":"post_tag","embeddable":true,"href":"https:\/\/blogdofarnesio.com.br\/index.php?rest_route=%2Fwp%2Fv2%2Ftags&post=360610"}],"curies":[{"name":"wp","href":"https:\/\/api.w.org\/{rel}","templated":true}]}}