{"id":360577,"date":"2024-02-03T14:00:19","date_gmt":"2024-02-03T17:00:19","guid":{"rendered":"https:\/\/blogdofarnesio.com.br\/?p=360577"},"modified":"2024-02-03T09:42:30","modified_gmt":"2024-02-03T12:42:30","slug":"confira-os-inscritos-para-selecao-do-programa-de-residencia-medica-de-juazeiro-prova-sera-neste-domingo-04","status":"publish","type":"post","link":"https:\/\/blogdofarnesio.com.br\/?p=360577","title":{"rendered":"Confira os inscritos para sele\u00e7\u00e3o do programa de resid\u00eancia m\u00e9dica de Juazeiro; Prova ser\u00e1 neste domingo (04)"},"content":{"rendered":"<p><span>A Prefeitura de Juazeiro, atrav\u00e9s da Secretaria de Sa\u00fade (Sesau), divulgou nesta quinta-feira (01), a lista dos candidatos inscritos para a sele\u00e7\u00e3o da Resid\u00eancia M\u00e9dica de Medicina da Fam\u00edlia e Comunidade, nos programas de Ginecologia e Obstetr\u00edcia, e Ortopedia e Traumatologia promovidos pela Coordena\u00e7\u00e3o Regional de Resid\u00eancia M\u00e9dica (COREME) do Fundo Municipal de Sa\u00fade.<\/span><\/p>\n<p><span>As provas ser\u00e3o aplicadas neste domingo, dia 04 de fevereiro, das 14h \u00e0s 18h na Faculdade Est\u00e1cio de Juazeiro.<\/span><\/p>\n<p><span>Processo seletivo<\/span><\/p>\n<p><span>O processo seletivo est\u00e1 sendo realizado em duas etapas: prova te\u00f3rica l, de car\u00e1ter classificat\u00f3rio e eliminat\u00f3rio, e an\u00e1lise curricular.<\/span><\/p>\n<p><span>A lista com os candidatos selecionados est\u00e1 no link\u00a0<\/span><a href=\"https:\/\/doem.org.br\/ba\/juazeiro\/diarios\/previsualizar\/ZNqnpZa1\" target=\"_blank\" rel=\"noopener\" data-saferedirecturl=\"https:\/\/www.google.com\/url?q=https:\/\/doem.org.br\/ba\/juazeiro\/diarios\/previsualizar\/ZNqnpZa1&amp;source=gmail&amp;ust=1707045172421000&amp;usg=AOvVaw3mVjyG9cUl5wnVZlaHjdVj\"><span>https:\/\/doem.org.br\/ba\/<\/span><wbr \/><span>juazeiro\/diarios\/<\/span><wbr \/><span>previsualizar\/ZNqnpZa1<\/span><\/a><\/p>\n<p><span>Est\u00e3o sendo disponibilizadas 05 vagas de ampla concorr\u00eancia e uma vaga para cota em Medicina da Fam\u00edlia, 2 vagas para Ginecologia e Obstetr\u00edcia e 2 vagas para Ortopedia e Traumatologia.<\/span><\/p>\n<p><span>\u2013<\/span><\/p>\n","protected":false},"excerpt":{"rendered":"<p>A Prefeitura de Juazeiro, atrav\u00e9s da Secretaria de Sa\u00fade (Sesau), divulgou nesta quinta-feira (01), a lista dos candidatos inscritos para a sele\u00e7\u00e3o da Resid\u00eancia M\u00e9dica de Medicina da Fam\u00edlia e Comunidade, nos programas de Ginecologia e Obstetr\u00edcia, e Ortopedia e Traumatologia promovidos pela Coordena\u00e7\u00e3o Regional de Resid\u00eancia M\u00e9dica (COREME) do Fundo Municipal de Sa\u00fade. As provas ser\u00e3o aplicadas neste domingo, dia 04 de fevereiro, das 14h \u00e0s 18h na Faculdade Est\u00e1cio de Juazeiro. Processo seletivo O processo seletivo est\u00e1 sendo realizado em duas etapas: prova te\u00f3rica l, de car\u00e1ter classificat\u00f3rio e eliminat\u00f3rio, e an\u00e1lise curricular. A lista com os candidatos selecionados est\u00e1 no link\u00a0https:\/\/doem.org.br\/ba\/juazeiro\/diarios\/previsualizar\/ZNqnpZa1 Est\u00e3o sendo disponibilizadas 05 vagas de ampla concorr\u00eancia e uma vaga para cota em Medicina da&hellip; <\/p>\n","protected":false},"author":2,"featured_media":330302,"comment_status":"open","ping_status":"open","sticky":false,"template":"","format":"standard","meta":{"_acf_changed":false,"footnotes":""},"categories":[31],"tags":[],"class_list":["post-360577","post","type-post","status-publish","format-standard","has-post-thumbnail","hentry","category-concursos"],"acf":[],"yoast_head":"<!-- This site is optimized with the Yoast SEO plugin v27.4 - https:\/\/yoast.com\/product\/yoast-seo-wordpress\/ -->\n<title>Confira os inscritos para sele\u00e7\u00e3o do programa de resid\u00eancia m\u00e9dica de Juazeiro; Prova ser\u00e1 neste domingo (04) - Blog do Farn\u00e9sio<\/title>\n<meta name=\"robots\" content=\"index, follow, max-snippet:-1, max-image-preview:large, max-video-preview:-1\" \/>\n<link rel=\"canonical\" href=\"https:\/\/blogdofarnesio.com.br\/?p=360577\" \/>\n<meta property=\"og:locale\" content=\"pt_BR\" \/>\n<meta property=\"og:type\" content=\"article\" \/>\n<meta property=\"og:title\" content=\"Confira os inscritos para sele\u00e7\u00e3o do programa de resid\u00eancia m\u00e9dica de Juazeiro; Prova ser\u00e1 neste domingo (04) - Blog do Farn\u00e9sio\" \/>\n<meta property=\"og:description\" content=\"A Prefeitura de Juazeiro, atrav\u00e9s da Secretaria de Sa\u00fade (Sesau), divulgou nesta quinta-feira (01), a lista dos candidatos inscritos para a sele\u00e7\u00e3o da Resid\u00eancia M\u00e9dica de Medicina da Fam\u00edlia e Comunidade, nos programas de Ginecologia e Obstetr\u00edcia, e Ortopedia e Traumatologia promovidos pela Coordena\u00e7\u00e3o Regional de Resid\u00eancia M\u00e9dica (COREME) do Fundo Municipal de Sa\u00fade. As provas ser\u00e3o aplicadas neste domingo, dia 04 de fevereiro, das 14h \u00e0s 18h na Faculdade Est\u00e1cio de Juazeiro. Processo seletivo O processo seletivo est\u00e1 sendo realizado em duas etapas: prova te\u00f3rica l, de car\u00e1ter classificat\u00f3rio e eliminat\u00f3rio, e an\u00e1lise curricular. A lista com os candidatos selecionados est\u00e1 no link\u00a0https:\/\/doem.org.br\/ba\/juazeiro\/diarios\/previsualizar\/ZNqnpZa1 Est\u00e3o sendo disponibilizadas 05 vagas de ampla concorr\u00eancia e uma vaga para cota em Medicina da&hellip;\" \/>\n<meta property=\"og:url\" content=\"https:\/\/blogdofarnesio.com.br\/?p=360577\" \/>\n<meta property=\"og:site_name\" content=\"Blog do Farn\u00e9sio\" \/>\n<meta property=\"article:publisher\" content=\"https:\/\/www.facebook.com\/BlogQuerSaberPolitica\/\" \/>\n<meta property=\"article:author\" content=\"https:\/\/www.facebook.com\/?ref=tn_tnmn\" \/>\n<meta property=\"article:published_time\" content=\"2024-02-03T17:00:19+00:00\" \/>\n<meta property=\"og:image\" content=\"https:\/\/blogdofarnesio.com.br\/wp-content\/uploads\/2022\/12\/blogqspmedico-residencia.jpg\" \/>\n\t<meta property=\"og:image:width\" content=\"604\" \/>\n\t<meta property=\"og:image:height\" content=\"262\" \/>\n\t<meta property=\"og:image:type\" content=\"image\/jpeg\" \/>\n<meta name=\"author\" content=\"Farn\u00e9sio\" \/>\n<meta name=\"twitter:card\" content=\"summary_large_image\" \/>\n<meta name=\"twitter:label1\" content=\"Escrito por\" \/>\n\t<meta name=\"twitter:data1\" content=\"Farn\u00e9sio\" \/>\n\t<meta name=\"twitter:label2\" content=\"Est. tempo de leitura\" \/>\n\t<meta name=\"twitter:data2\" content=\"1 minuto\" \/>\n<script type=\"application\/ld+json\" class=\"yoast-schema-graph\">{\"@context\":\"https:\\\/\\\/schema.org\",\"@graph\":[{\"@type\":\"Article\",\"@id\":\"https:\\\/\\\/blogdofarnesio.com.br\\\/?p=360577#article\",\"isPartOf\":{\"@id\":\"https:\\\/\\\/blogdofarnesio.com.br\\\/?p=360577\"},\"author\":{\"name\":\"Farn\u00e9sio\",\"@id\":\"https:\\\/\\\/blogdofarnesio.com.br\\\/#\\\/schema\\\/person\\\/bb9b23ae3ad0609ce8df7b6c9e76824d\"},\"headline\":\"Confira os inscritos para sele\u00e7\u00e3o do programa de resid\u00eancia m\u00e9dica de Juazeiro; Prova ser\u00e1 neste domingo (04)\",\"datePublished\":\"2024-02-03T17:00:19+00:00\",\"mainEntityOfPage\":{\"@id\":\"https:\\\/\\\/blogdofarnesio.com.br\\\/?p=360577\"},\"wordCount\":179,\"commentCount\":0,\"publisher\":{\"@id\":\"https:\\\/\\\/blogdofarnesio.com.br\\\/#organization\"},\"image\":{\"@id\":\"https:\\\/\\\/blogdofarnesio.com.br\\\/?p=360577#primaryimage\"},\"thumbnailUrl\":\"https:\\\/\\\/blogdofarnesio.com.br\\\/wp-content\\\/uploads\\\/2022\\\/12\\\/blogqspmedico-residencia.jpg\",\"articleSection\":[\"Concursos\"],\"inLanguage\":\"pt-BR\",\"potentialAction\":[{\"@type\":\"CommentAction\",\"name\":\"Comment\",\"target\":[\"https:\\\/\\\/blogdofarnesio.com.br\\\/?p=360577#respond\"]}]},{\"@type\":\"WebPage\",\"@id\":\"https:\\\/\\\/blogdofarnesio.com.br\\\/?p=360577\",\"url\":\"https:\\\/\\\/blogdofarnesio.com.br\\\/?p=360577\",\"name\":\"Confira os inscritos para sele\u00e7\u00e3o do programa de resid\u00eancia m\u00e9dica de Juazeiro; Prova ser\u00e1 neste domingo (04) - Blog do Farn\u00e9sio\",\"isPartOf\":{\"@id\":\"https:\\\/\\\/blogdofarnesio.com.br\\\/#website\"},\"primaryImageOfPage\":{\"@id\":\"https:\\\/\\\/blogdofarnesio.com.br\\\/?p=360577#primaryimage\"},\"image\":{\"@id\":\"https:\\\/\\\/blogdofarnesio.com.br\\\/?p=360577#primaryimage\"},\"thumbnailUrl\":\"https:\\\/\\\/blogdofarnesio.com.br\\\/wp-content\\\/uploads\\\/2022\\\/12\\\/blogqspmedico-residencia.jpg\",\"datePublished\":\"2024-02-03T17:00:19+00:00\",\"breadcrumb\":{\"@id\":\"https:\\\/\\\/blogdofarnesio.com.br\\\/?p=360577#breadcrumb\"},\"inLanguage\":\"pt-BR\",\"potentialAction\":[{\"@type\":\"ReadAction\",\"target\":[\"https:\\\/\\\/blogdofarnesio.com.br\\\/?p=360577\"]}]},{\"@type\":\"ImageObject\",\"inLanguage\":\"pt-BR\",\"@id\":\"https:\\\/\\\/blogdofarnesio.com.br\\\/?p=360577#primaryimage\",\"url\":\"https:\\\/\\\/blogdofarnesio.com.br\\\/wp-content\\\/uploads\\\/2022\\\/12\\\/blogqspmedico-residencia.jpg\",\"contentUrl\":\"https:\\\/\\\/blogdofarnesio.com.br\\\/wp-content\\\/uploads\\\/2022\\\/12\\\/blogqspmedico-residencia.jpg\",\"width\":604,\"height\":262},{\"@type\":\"BreadcrumbList\",\"@id\":\"https:\\\/\\\/blogdofarnesio.com.br\\\/?p=360577#breadcrumb\",\"itemListElement\":[{\"@type\":\"ListItem\",\"position\":1,\"name\":\"In\u00edcio\",\"item\":\"https:\\\/\\\/blogdofarnesio.com.br\\\/\"},{\"@type\":\"ListItem\",\"position\":2,\"name\":\"Confira os inscritos para sele\u00e7\u00e3o do programa de resid\u00eancia m\u00e9dica de Juazeiro; Prova ser\u00e1 neste domingo (04)\"}]},{\"@type\":\"WebSite\",\"@id\":\"https:\\\/\\\/blogdofarnesio.com.br\\\/#website\",\"url\":\"https:\\\/\\\/blogdofarnesio.com.br\\\/\",\"name\":\"Blog do Farn\u00e9sio\",\"description\":\"Quer Saber Pol\u00edtica?\",\"publisher\":{\"@id\":\"https:\\\/\\\/blogdofarnesio.com.br\\\/#organization\"},\"potentialAction\":[{\"@type\":\"SearchAction\",\"target\":{\"@type\":\"EntryPoint\",\"urlTemplate\":\"https:\\\/\\\/blogdofarnesio.com.br\\\/?s={search_term_string}\"},\"query-input\":{\"@type\":\"PropertyValueSpecification\",\"valueRequired\":true,\"valueName\":\"search_term_string\"}}],\"inLanguage\":\"pt-BR\"},{\"@type\":\"Organization\",\"@id\":\"https:\\\/\\\/blogdofarnesio.com.br\\\/#organization\",\"name\":\"Blog do Farn\u00e9sio\",\"url\":\"https:\\\/\\\/blogdofarnesio.com.br\\\/\",\"logo\":{\"@type\":\"ImageObject\",\"inLanguage\":\"pt-BR\",\"@id\":\"https:\\\/\\\/blogdofarnesio.com.br\\\/#\\\/schema\\\/logo\\\/image\\\/\",\"url\":\"https:\\\/\\\/blogdofarnesio.com.br\\\/wp-content\\\/uploads\\\/2026\\\/03\\\/cropped-logo_new-1.png\",\"contentUrl\":\"https:\\\/\\\/blogdofarnesio.com.br\\\/wp-content\\\/uploads\\\/2026\\\/03\\\/cropped-logo_new-1.png\",\"width\":881,\"height\":685,\"caption\":\"Blog do Farn\u00e9sio\"},\"image\":{\"@id\":\"https:\\\/\\\/blogdofarnesio.com.br\\\/#\\\/schema\\\/logo\\\/image\\\/\"},\"sameAs\":[\"https:\\\/\\\/www.facebook.com\\\/BlogQuerSaberPolitica\\\/\"]},{\"@type\":\"Person\",\"@id\":\"https:\\\/\\\/blogdofarnesio.com.br\\\/#\\\/schema\\\/person\\\/bb9b23ae3ad0609ce8df7b6c9e76824d\",\"name\":\"Farn\u00e9sio\",\"image\":{\"@type\":\"ImageObject\",\"inLanguage\":\"pt-BR\",\"@id\":\"https:\\\/\\\/secure.gravatar.com\\\/avatar\\\/986aa4c61ccdb66f8555bf88fc2a65609d00bcabd4d2d94377a727547345cbca?s=96&d=mm&r=g\",\"url\":\"https:\\\/\\\/secure.gravatar.com\\\/avatar\\\/986aa4c61ccdb66f8555bf88fc2a65609d00bcabd4d2d94377a727547345cbca?s=96&d=mm&r=g\",\"contentUrl\":\"https:\\\/\\\/secure.gravatar.com\\\/avatar\\\/986aa4c61ccdb66f8555bf88fc2a65609d00bcabd4d2d94377a727547345cbca?s=96&d=mm&r=g\",\"caption\":\"Farn\u00e9sio\"},\"description\":\"Radialista blogueiro, chegou a Petrolina\\\/Juazeiro em setembro de 1980, Farn\u00e9sio Silva \u00e9 de Arapiraca-Alagoas.\",\"sameAs\":[\"http:\\\/\\\/blogdofarnesio.com.br\",\"https:\\\/\\\/www.facebook.com\\\/?ref=tn_tnmn\",\"https:\\\/\\\/www.instagram.com\\\/?utm_source=pwa_homescreen\",\"https:\\\/\\\/youtube.com.br\\\/\"],\"url\":\"https:\\\/\\\/blogdofarnesio.com.br\\\/?author=2\"}]}<\/script>\n<!-- \/ Yoast SEO plugin. -->","yoast_head_json":{"title":"Confira os inscritos para sele\u00e7\u00e3o do programa de resid\u00eancia m\u00e9dica de Juazeiro; Prova ser\u00e1 neste domingo (04) - Blog do Farn\u00e9sio","robots":{"index":"index","follow":"follow","max-snippet":"max-snippet:-1","max-image-preview":"max-image-preview:large","max-video-preview":"max-video-preview:-1"},"canonical":"https:\/\/blogdofarnesio.com.br\/?p=360577","og_locale":"pt_BR","og_type":"article","og_title":"Confira os inscritos para sele\u00e7\u00e3o do programa de resid\u00eancia m\u00e9dica de Juazeiro; Prova ser\u00e1 neste domingo (04) - Blog do Farn\u00e9sio","og_description":"A Prefeitura de Juazeiro, atrav\u00e9s da Secretaria de Sa\u00fade (Sesau), divulgou nesta quinta-feira (01), a lista dos candidatos inscritos para a sele\u00e7\u00e3o da Resid\u00eancia M\u00e9dica de Medicina da Fam\u00edlia e Comunidade, nos programas de Ginecologia e Obstetr\u00edcia, e Ortopedia e Traumatologia promovidos pela Coordena\u00e7\u00e3o Regional de Resid\u00eancia M\u00e9dica (COREME) do Fundo Municipal de Sa\u00fade. As provas ser\u00e3o aplicadas neste domingo, dia 04 de fevereiro, das 14h \u00e0s 18h na Faculdade Est\u00e1cio de Juazeiro. Processo seletivo O processo seletivo est\u00e1 sendo realizado em duas etapas: prova te\u00f3rica l, de car\u00e1ter classificat\u00f3rio e eliminat\u00f3rio, e an\u00e1lise curricular. A lista com os candidatos selecionados est\u00e1 no link\u00a0https:\/\/doem.org.br\/ba\/juazeiro\/diarios\/previsualizar\/ZNqnpZa1 Est\u00e3o sendo disponibilizadas 05 vagas de ampla concorr\u00eancia e uma vaga para cota em Medicina da&hellip;","og_url":"https:\/\/blogdofarnesio.com.br\/?p=360577","og_site_name":"Blog do Farn\u00e9sio","article_publisher":"https:\/\/www.facebook.com\/BlogQuerSaberPolitica\/","article_author":"https:\/\/www.facebook.com\/?ref=tn_tnmn","article_published_time":"2024-02-03T17:00:19+00:00","og_image":[{"width":604,"height":262,"url":"https:\/\/blogdofarnesio.com.br\/wp-content\/uploads\/2022\/12\/blogqspmedico-residencia.jpg","type":"image\/jpeg"}],"author":"Farn\u00e9sio","twitter_card":"summary_large_image","twitter_misc":{"Escrito por":"Farn\u00e9sio","Est. tempo de leitura":"1 minuto"},"schema":{"@context":"https:\/\/schema.org","@graph":[{"@type":"Article","@id":"https:\/\/blogdofarnesio.com.br\/?p=360577#article","isPartOf":{"@id":"https:\/\/blogdofarnesio.com.br\/?p=360577"},"author":{"name":"Farn\u00e9sio","@id":"https:\/\/blogdofarnesio.com.br\/#\/schema\/person\/bb9b23ae3ad0609ce8df7b6c9e76824d"},"headline":"Confira os inscritos para sele\u00e7\u00e3o do programa de resid\u00eancia m\u00e9dica de Juazeiro; Prova ser\u00e1 neste domingo (04)","datePublished":"2024-02-03T17:00:19+00:00","mainEntityOfPage":{"@id":"https:\/\/blogdofarnesio.com.br\/?p=360577"},"wordCount":179,"commentCount":0,"publisher":{"@id":"https:\/\/blogdofarnesio.com.br\/#organization"},"image":{"@id":"https:\/\/blogdofarnesio.com.br\/?p=360577#primaryimage"},"thumbnailUrl":"https:\/\/blogdofarnesio.com.br\/wp-content\/uploads\/2022\/12\/blogqspmedico-residencia.jpg","articleSection":["Concursos"],"inLanguage":"pt-BR","potentialAction":[{"@type":"CommentAction","name":"Comment","target":["https:\/\/blogdofarnesio.com.br\/?p=360577#respond"]}]},{"@type":"WebPage","@id":"https:\/\/blogdofarnesio.com.br\/?p=360577","url":"https:\/\/blogdofarnesio.com.br\/?p=360577","name":"Confira os inscritos para sele\u00e7\u00e3o do programa de resid\u00eancia m\u00e9dica de Juazeiro; Prova ser\u00e1 neste domingo (04) - Blog do Farn\u00e9sio","isPartOf":{"@id":"https:\/\/blogdofarnesio.com.br\/#website"},"primaryImageOfPage":{"@id":"https:\/\/blogdofarnesio.com.br\/?p=360577#primaryimage"},"image":{"@id":"https:\/\/blogdofarnesio.com.br\/?p=360577#primaryimage"},"thumbnailUrl":"https:\/\/blogdofarnesio.com.br\/wp-content\/uploads\/2022\/12\/blogqspmedico-residencia.jpg","datePublished":"2024-02-03T17:00:19+00:00","breadcrumb":{"@id":"https:\/\/blogdofarnesio.com.br\/?p=360577#breadcrumb"},"inLanguage":"pt-BR","potentialAction":[{"@type":"ReadAction","target":["https:\/\/blogdofarnesio.com.br\/?p=360577"]}]},{"@type":"ImageObject","inLanguage":"pt-BR","@id":"https:\/\/blogdofarnesio.com.br\/?p=360577#primaryimage","url":"https:\/\/blogdofarnesio.com.br\/wp-content\/uploads\/2022\/12\/blogqspmedico-residencia.jpg","contentUrl":"https:\/\/blogdofarnesio.com.br\/wp-content\/uploads\/2022\/12\/blogqspmedico-residencia.jpg","width":604,"height":262},{"@type":"BreadcrumbList","@id":"https:\/\/blogdofarnesio.com.br\/?p=360577#breadcrumb","itemListElement":[{"@type":"ListItem","position":1,"name":"In\u00edcio","item":"https:\/\/blogdofarnesio.com.br\/"},{"@type":"ListItem","position":2,"name":"Confira os inscritos para sele\u00e7\u00e3o do programa de resid\u00eancia m\u00e9dica de Juazeiro; Prova ser\u00e1 neste domingo (04)"}]},{"@type":"WebSite","@id":"https:\/\/blogdofarnesio.com.br\/#website","url":"https:\/\/blogdofarnesio.com.br\/","name":"Blog do Farn\u00e9sio","description":"Quer Saber Pol\u00edtica?","publisher":{"@id":"https:\/\/blogdofarnesio.com.br\/#organization"},"potentialAction":[{"@type":"SearchAction","target":{"@type":"EntryPoint","urlTemplate":"https:\/\/blogdofarnesio.com.br\/?s={search_term_string}"},"query-input":{"@type":"PropertyValueSpecification","valueRequired":true,"valueName":"search_term_string"}}],"inLanguage":"pt-BR"},{"@type":"Organization","@id":"https:\/\/blogdofarnesio.com.br\/#organization","name":"Blog do Farn\u00e9sio","url":"https:\/\/blogdofarnesio.com.br\/","logo":{"@type":"ImageObject","inLanguage":"pt-BR","@id":"https:\/\/blogdofarnesio.com.br\/#\/schema\/logo\/image\/","url":"https:\/\/blogdofarnesio.com.br\/wp-content\/uploads\/2026\/03\/cropped-logo_new-1.png","contentUrl":"https:\/\/blogdofarnesio.com.br\/wp-content\/uploads\/2026\/03\/cropped-logo_new-1.png","width":881,"height":685,"caption":"Blog do Farn\u00e9sio"},"image":{"@id":"https:\/\/blogdofarnesio.com.br\/#\/schema\/logo\/image\/"},"sameAs":["https:\/\/www.facebook.com\/BlogQuerSaberPolitica\/"]},{"@type":"Person","@id":"https:\/\/blogdofarnesio.com.br\/#\/schema\/person\/bb9b23ae3ad0609ce8df7b6c9e76824d","name":"Farn\u00e9sio","image":{"@type":"ImageObject","inLanguage":"pt-BR","@id":"https:\/\/secure.gravatar.com\/avatar\/986aa4c61ccdb66f8555bf88fc2a65609d00bcabd4d2d94377a727547345cbca?s=96&d=mm&r=g","url":"https:\/\/secure.gravatar.com\/avatar\/986aa4c61ccdb66f8555bf88fc2a65609d00bcabd4d2d94377a727547345cbca?s=96&d=mm&r=g","contentUrl":"https:\/\/secure.gravatar.com\/avatar\/986aa4c61ccdb66f8555bf88fc2a65609d00bcabd4d2d94377a727547345cbca?s=96&d=mm&r=g","caption":"Farn\u00e9sio"},"description":"Radialista blogueiro, chegou a Petrolina\/Juazeiro em setembro de 1980, Farn\u00e9sio Silva \u00e9 de Arapiraca-Alagoas.","sameAs":["http:\/\/blogdofarnesio.com.br","https:\/\/www.facebook.com\/?ref=tn_tnmn","https:\/\/www.instagram.com\/?utm_source=pwa_homescreen","https:\/\/youtube.com.br\/"],"url":"https:\/\/blogdofarnesio.com.br\/?author=2"}]}},"_links":{"self":[{"href":"https:\/\/blogdofarnesio.com.br\/index.php?rest_route=\/wp\/v2\/posts\/360577","targetHints":{"allow":["GET"]}}],"collection":[{"href":"https:\/\/blogdofarnesio.com.br\/index.php?rest_route=\/wp\/v2\/posts"}],"about":[{"href":"https:\/\/blogdofarnesio.com.br\/index.php?rest_route=\/wp\/v2\/types\/post"}],"author":[{"embeddable":true,"href":"https:\/\/blogdofarnesio.com.br\/index.php?rest_route=\/wp\/v2\/users\/2"}],"replies":[{"embeddable":true,"href":"https:\/\/blogdofarnesio.com.br\/index.php?rest_route=%2Fwp%2Fv2%2Fcomments&post=360577"}],"version-history":[{"count":0,"href":"https:\/\/blogdofarnesio.com.br\/index.php?rest_route=\/wp\/v2\/posts\/360577\/revisions"}],"wp:featuredmedia":[{"embeddable":true,"href":"https:\/\/blogdofarnesio.com.br\/index.php?rest_route=\/wp\/v2\/media\/330302"}],"wp:attachment":[{"href":"https:\/\/blogdofarnesio.com.br\/index.php?rest_route=%2Fwp%2Fv2%2Fmedia&parent=360577"}],"wp:term":[{"taxonomy":"category","embeddable":true,"href":"https:\/\/blogdofarnesio.com.br\/index.php?rest_route=%2Fwp%2Fv2%2Fcategories&post=360577"},{"taxonomy":"post_tag","embeddable":true,"href":"https:\/\/blogdofarnesio.com.br\/index.php?rest_route=%2Fwp%2Fv2%2Ftags&post=360577"}],"curies":[{"name":"wp","href":"https:\/\/api.w.org\/{rel}","templated":true}]}}