{"id":360361,"date":"2024-02-01T08:22:21","date_gmt":"2024-02-01T11:22:21","guid":{"rendered":"https:\/\/blogdofarnesio.com.br\/?p=360361"},"modified":"2024-01-31T18:11:46","modified_gmt":"2024-01-31T21:11:46","slug":"escandalo-municipal-mesmo-em-situacao-de-emergencia-prefeito-de-campo-alegre-contrata-show-de-gusttavo-lima-por-r13-mi","status":"publish","type":"post","link":"https:\/\/blogdofarnesio.com.br\/?p=360361","title":{"rendered":"Esc\u00e2ndalo municipal: Mesmo em situa\u00e7\u00e3o de emerg\u00eancia, prefeito de Campo alegre contrata show de Gusttavo Lima por R$1,3 mi"},"content":{"rendered":"<div class=\"sc-c22b9e79-0 eVIuxM\">\n<div class=\"sc-b4c8ccf3-0 fsXNOt\">\n<div class=\"sc-b4c8ccf3-4 dxBsro\">A prefeitura de Campo Alegre de Lourdes, na regi\u00e3o norte do estado, contratou o cantor Gusttavo Lima, pelo cach\u00ea de R$ 1,3 milh\u00e3o, durante o per\u00edodo de situa\u00e7\u00e3o de emerg\u00eancia no munic\u00edpio, em decorr\u00eancia da estiagem prolongada. O cantor foi contratado para cantar nos festejos em homenagem a Nossa Senhora de Lourdes, no dia 9 de fevereiro.<\/div>\n<\/div>\n<div class=\"sc-c22b9e79-1 ouagm\">\n<div class=\"sc-c22b9e79-3 gGKeEu\">\n<p>Campo Alegre de Lourdes est\u00e1 em situa\u00e7\u00e3o de emerg\u00eancia desde 11 setembro de 2023, quando a cidade entrou na lista do Sistema Nacional De Prote\u00e7\u00e3o e Defesa Civil (SINPDEC), e vai at\u00e9 mar\u00e7o, devido \u00e0 validade de seis meses da medida. Por meio desta dilig\u00eancia, o munic\u00edpio ganha o direito de pedir recursos financeiros emergenciais ao estado.<\/p>\n<p><img loading=\"lazy\" decoding=\"async\" class=\"aligncenter wp-image-245619 \" src=\"https:\/\/blogdofarnesio.com.br\/wp-content\/uploads\/2019\/12\/blogqspPref-Campo-Alegre-Enilson-Rodrigues-300x225.jpg\" alt=\"\" width=\"460\" height=\"345\" srcset=\"https:\/\/blogdofarnesio.com.br\/wp-content\/uploads\/2019\/12\/blogqspPref-Campo-Alegre-Enilson-Rodrigues-300x225.jpg 300w, https:\/\/blogdofarnesio.com.br\/wp-content\/uploads\/2019\/12\/blogqspPref-Campo-Alegre-Enilson-Rodrigues-768x576.jpg 768w, https:\/\/blogdofarnesio.com.br\/wp-content\/uploads\/2019\/12\/blogqspPref-Campo-Alegre-Enilson-Rodrigues-360x270.jpg 360w, https:\/\/blogdofarnesio.com.br\/wp-content\/uploads\/2019\/12\/blogqspPref-Campo-Alegre-Enilson-Rodrigues-750x563.jpg 750w, https:\/\/blogdofarnesio.com.br\/wp-content\/uploads\/2019\/12\/blogqspPref-Campo-Alegre-Enilson-Rodrigues.jpg 960w\" sizes=\"auto, (max-width: 460px) 100vw, 460px\" \/>Segundo o jornal O Globo, o show foi contratado sem licita\u00e7\u00e3o pelo prefeito Enilson Marcelo Rodrigues da Silva (PCdoB) e o valor acordado, de R$1,3 milh\u00e3o, \u00e9 tr\u00eas vezes maior do que todo o montante destinado ao or\u00e7amento da Cultura da cidade em 2023, que foi de R$ 413 mil.<\/p>\n<p>De acordo com o contrato, o show deve ter uma hora e meia, e R$ 1,1 milh\u00e3o \u00e9 destinado ao cach\u00ea e os R$ 200 mil restantes ser\u00e3o utilizados para transporte do artista e sua equipe. O valor total foi parcelado em cinco vezes.<\/p>\n<p>A prefeitura tamb\u00e9m ser\u00e1 respons\u00e1vel pelo custeio da hospedagem, transporte local, camarim e carregadores de equipamentos. \u201cA hospedagem do artista dever\u00e1 ocorrer em hotel com n\u00edvel de servi\u00e7os e comodidade com grau de excel\u00eancia na cidade onde ficar\u00e1 hospedado\u201d, ressalta o contrato. At\u00e9 o momento, a prefeitura de Campo Alegre de Lourdes n\u00e3o se pronunciou sobre o caso.<\/p>\n<p><iframe id=\"instagram-embed-0\" class=\"instagram-media instagram-media-rendered\" src=\"https:\/\/www.instagram.com\/reel\/C1Jv2VNARvV\/embed\/captioned\/?cr=1&amp;v=14&amp;wp=540&amp;rd=https%3A%2F%2Fwww.bahianoticias.com.br&amp;rp=%2F#%7B%22ci%22%3A0%2C%22os%22%3A2557.1000000089407%2C%22ls%22%3A437.70000000298023%2C%22le%22%3A2100.9000000059605%7D\" height=\"1130\" frameborder=\"0\" scrolling=\"no\" allowfullscreen=\"allowfullscreen\" data-instgrm-payload-id=\"instagram-media-payload-0\" data-mce-fragment=\"1\"><\/iframe><\/div>\n<\/div>\n<div>\n<div class=\"sc-a2085f8e-0 gKIthy\"><\/div>\n<\/div>\n<\/div>\n<div class=\"sc-c22b9e79-0 eVIuxM\">\n<div class=\"sc-b4c8ccf3-0 fsXNOt\"><\/div>\n<\/div>\n","protected":false},"excerpt":{"rendered":"<p>A prefeitura de Campo Alegre de Lourdes, na regi\u00e3o norte do estado, contratou o cantor Gusttavo Lima, pelo cach\u00ea de R$ 1,3 milh\u00e3o, durante o per\u00edodo de situa\u00e7\u00e3o de emerg\u00eancia no munic\u00edpio, em decorr\u00eancia da estiagem prolongada. O cantor foi contratado para cantar nos festejos em homenagem a Nossa Senhora de Lourdes, no dia 9 de fevereiro. Campo Alegre de Lourdes est\u00e1 em situa\u00e7\u00e3o de emerg\u00eancia desde 11 setembro de 2023, quando a cidade entrou na lista do Sistema Nacional De Prote\u00e7\u00e3o e Defesa Civil (SINPDEC), e vai at\u00e9 mar\u00e7o, devido \u00e0 validade de seis meses da medida. Por meio desta dilig\u00eancia, o munic\u00edpio ganha o direito de pedir recursos financeiros emergenciais ao estado. Segundo o jornal O Globo, o&hellip; <\/p>\n","protected":false},"author":2,"featured_media":358784,"comment_status":"open","ping_status":"open","sticky":false,"template":"","format":"standard","meta":{"_acf_changed":false,"footnotes":""},"categories":[27],"tags":[],"class_list":["post-360361","post","type-post","status-publish","format-standard","has-post-thumbnail","hentry","category-cidades"],"acf":[],"yoast_head":"<!-- This site is optimized with the Yoast SEO plugin v27.4 - https:\/\/yoast.com\/product\/yoast-seo-wordpress\/ -->\n<title>Esc\u00e2ndalo municipal: Mesmo em situa\u00e7\u00e3o de emerg\u00eancia, prefeito de Campo alegre contrata show de Gusttavo Lima por R$1,3 mi - Blog do Farn\u00e9sio<\/title>\n<meta name=\"robots\" content=\"index, follow, max-snippet:-1, max-image-preview:large, max-video-preview:-1\" \/>\n<link rel=\"canonical\" href=\"https:\/\/blogdofarnesio.com.br\/?p=360361\" \/>\n<meta property=\"og:locale\" content=\"pt_BR\" \/>\n<meta property=\"og:type\" content=\"article\" \/>\n<meta property=\"og:title\" content=\"Esc\u00e2ndalo municipal: Mesmo em situa\u00e7\u00e3o de emerg\u00eancia, prefeito de Campo alegre contrata show de Gusttavo Lima por R$1,3 mi - Blog do Farn\u00e9sio\" \/>\n<meta property=\"og:description\" content=\"A prefeitura de Campo Alegre de Lourdes, na regi\u00e3o norte do estado, contratou o cantor Gusttavo Lima, pelo cach\u00ea de R$ 1,3 milh\u00e3o, durante o per\u00edodo de situa\u00e7\u00e3o de emerg\u00eancia no munic\u00edpio, em decorr\u00eancia da estiagem prolongada. O cantor foi contratado para cantar nos festejos em homenagem a Nossa Senhora de Lourdes, no dia 9 de fevereiro. Campo Alegre de Lourdes est\u00e1 em situa\u00e7\u00e3o de emerg\u00eancia desde 11 setembro de 2023, quando a cidade entrou na lista do Sistema Nacional De Prote\u00e7\u00e3o e Defesa Civil (SINPDEC), e vai at\u00e9 mar\u00e7o, devido \u00e0 validade de seis meses da medida. Por meio desta dilig\u00eancia, o munic\u00edpio ganha o direito de pedir recursos financeiros emergenciais ao estado. Segundo o jornal O Globo, o&hellip;\" \/>\n<meta property=\"og:url\" content=\"https:\/\/blogdofarnesio.com.br\/?p=360361\" \/>\n<meta property=\"og:site_name\" content=\"Blog do Farn\u00e9sio\" \/>\n<meta property=\"article:publisher\" content=\"https:\/\/www.facebook.com\/BlogQuerSaberPolitica\/\" \/>\n<meta property=\"article:author\" content=\"https:\/\/www.facebook.com\/?ref=tn_tnmn\" \/>\n<meta property=\"article:published_time\" content=\"2024-02-01T11:22:21+00:00\" \/>\n<meta property=\"og:image\" content=\"https:\/\/blogdofarnesio.com.br\/wp-content\/uploads\/2024\/01\/blogqspcampo-al-lourdes-e1704983500348.jpg\" \/>\n\t<meta property=\"og:image:width\" content=\"540\" \/>\n\t<meta property=\"og:image:height\" content=\"270\" \/>\n\t<meta property=\"og:image:type\" content=\"image\/jpeg\" \/>\n<meta name=\"author\" content=\"Farn\u00e9sio\" \/>\n<meta name=\"twitter:card\" content=\"summary_large_image\" \/>\n<meta name=\"twitter:label1\" content=\"Escrito por\" \/>\n\t<meta name=\"twitter:data1\" content=\"Farn\u00e9sio\" \/>\n\t<meta name=\"twitter:label2\" content=\"Est. tempo de leitura\" \/>\n\t<meta name=\"twitter:data2\" content=\"2 minutos\" \/>\n<script type=\"application\/ld+json\" class=\"yoast-schema-graph\">{\"@context\":\"https:\\\/\\\/schema.org\",\"@graph\":[{\"@type\":\"Article\",\"@id\":\"https:\\\/\\\/blogdofarnesio.com.br\\\/?p=360361#article\",\"isPartOf\":{\"@id\":\"https:\\\/\\\/blogdofarnesio.com.br\\\/?p=360361\"},\"author\":{\"name\":\"Farn\u00e9sio\",\"@id\":\"https:\\\/\\\/blogdofarnesio.com.br\\\/#\\\/schema\\\/person\\\/bb9b23ae3ad0609ce8df7b6c9e76824d\"},\"headline\":\"Esc\u00e2ndalo municipal: Mesmo em situa\u00e7\u00e3o de emerg\u00eancia, prefeito de Campo alegre contrata show de Gusttavo Lima por R$1,3 mi\",\"datePublished\":\"2024-02-01T11:22:21+00:00\",\"mainEntityOfPage\":{\"@id\":\"https:\\\/\\\/blogdofarnesio.com.br\\\/?p=360361\"},\"wordCount\":302,\"commentCount\":0,\"publisher\":{\"@id\":\"https:\\\/\\\/blogdofarnesio.com.br\\\/#organization\"},\"image\":{\"@id\":\"https:\\\/\\\/blogdofarnesio.com.br\\\/?p=360361#primaryimage\"},\"thumbnailUrl\":\"https:\\\/\\\/blogdofarnesio.com.br\\\/wp-content\\\/uploads\\\/2024\\\/01\\\/blogqspcampo-al-lourdes-e1704983500348.jpg\",\"articleSection\":[\"Cidades\"],\"inLanguage\":\"pt-BR\",\"potentialAction\":[{\"@type\":\"CommentAction\",\"name\":\"Comment\",\"target\":[\"https:\\\/\\\/blogdofarnesio.com.br\\\/?p=360361#respond\"]}]},{\"@type\":\"WebPage\",\"@id\":\"https:\\\/\\\/blogdofarnesio.com.br\\\/?p=360361\",\"url\":\"https:\\\/\\\/blogdofarnesio.com.br\\\/?p=360361\",\"name\":\"Esc\u00e2ndalo municipal: Mesmo em situa\u00e7\u00e3o de emerg\u00eancia, prefeito de Campo alegre contrata show de Gusttavo Lima por R$1,3 mi - Blog do Farn\u00e9sio\",\"isPartOf\":{\"@id\":\"https:\\\/\\\/blogdofarnesio.com.br\\\/#website\"},\"primaryImageOfPage\":{\"@id\":\"https:\\\/\\\/blogdofarnesio.com.br\\\/?p=360361#primaryimage\"},\"image\":{\"@id\":\"https:\\\/\\\/blogdofarnesio.com.br\\\/?p=360361#primaryimage\"},\"thumbnailUrl\":\"https:\\\/\\\/blogdofarnesio.com.br\\\/wp-content\\\/uploads\\\/2024\\\/01\\\/blogqspcampo-al-lourdes-e1704983500348.jpg\",\"datePublished\":\"2024-02-01T11:22:21+00:00\",\"breadcrumb\":{\"@id\":\"https:\\\/\\\/blogdofarnesio.com.br\\\/?p=360361#breadcrumb\"},\"inLanguage\":\"pt-BR\",\"potentialAction\":[{\"@type\":\"ReadAction\",\"target\":[\"https:\\\/\\\/blogdofarnesio.com.br\\\/?p=360361\"]}]},{\"@type\":\"ImageObject\",\"inLanguage\":\"pt-BR\",\"@id\":\"https:\\\/\\\/blogdofarnesio.com.br\\\/?p=360361#primaryimage\",\"url\":\"https:\\\/\\\/blogdofarnesio.com.br\\\/wp-content\\\/uploads\\\/2024\\\/01\\\/blogqspcampo-al-lourdes-e1704983500348.jpg\",\"contentUrl\":\"https:\\\/\\\/blogdofarnesio.com.br\\\/wp-content\\\/uploads\\\/2024\\\/01\\\/blogqspcampo-al-lourdes-e1704983500348.jpg\",\"width\":540,\"height\":270},{\"@type\":\"BreadcrumbList\",\"@id\":\"https:\\\/\\\/blogdofarnesio.com.br\\\/?p=360361#breadcrumb\",\"itemListElement\":[{\"@type\":\"ListItem\",\"position\":1,\"name\":\"In\u00edcio\",\"item\":\"https:\\\/\\\/blogdofarnesio.com.br\\\/\"},{\"@type\":\"ListItem\",\"position\":2,\"name\":\"Esc\u00e2ndalo municipal: Mesmo em situa\u00e7\u00e3o de emerg\u00eancia, prefeito de Campo alegre contrata show de Gusttavo Lima por R$1,3 mi\"}]},{\"@type\":\"WebSite\",\"@id\":\"https:\\\/\\\/blogdofarnesio.com.br\\\/#website\",\"url\":\"https:\\\/\\\/blogdofarnesio.com.br\\\/\",\"name\":\"Blog do Farn\u00e9sio\",\"description\":\"Quer Saber Pol\u00edtica?\",\"publisher\":{\"@id\":\"https:\\\/\\\/blogdofarnesio.com.br\\\/#organization\"},\"potentialAction\":[{\"@type\":\"SearchAction\",\"target\":{\"@type\":\"EntryPoint\",\"urlTemplate\":\"https:\\\/\\\/blogdofarnesio.com.br\\\/?s={search_term_string}\"},\"query-input\":{\"@type\":\"PropertyValueSpecification\",\"valueRequired\":true,\"valueName\":\"search_term_string\"}}],\"inLanguage\":\"pt-BR\"},{\"@type\":\"Organization\",\"@id\":\"https:\\\/\\\/blogdofarnesio.com.br\\\/#organization\",\"name\":\"Blog do Farn\u00e9sio\",\"url\":\"https:\\\/\\\/blogdofarnesio.com.br\\\/\",\"logo\":{\"@type\":\"ImageObject\",\"inLanguage\":\"pt-BR\",\"@id\":\"https:\\\/\\\/blogdofarnesio.com.br\\\/#\\\/schema\\\/logo\\\/image\\\/\",\"url\":\"https:\\\/\\\/blogdofarnesio.com.br\\\/wp-content\\\/uploads\\\/2026\\\/03\\\/cropped-logo_new-1.png\",\"contentUrl\":\"https:\\\/\\\/blogdofarnesio.com.br\\\/wp-content\\\/uploads\\\/2026\\\/03\\\/cropped-logo_new-1.png\",\"width\":881,\"height\":685,\"caption\":\"Blog do Farn\u00e9sio\"},\"image\":{\"@id\":\"https:\\\/\\\/blogdofarnesio.com.br\\\/#\\\/schema\\\/logo\\\/image\\\/\"},\"sameAs\":[\"https:\\\/\\\/www.facebook.com\\\/BlogQuerSaberPolitica\\\/\"]},{\"@type\":\"Person\",\"@id\":\"https:\\\/\\\/blogdofarnesio.com.br\\\/#\\\/schema\\\/person\\\/bb9b23ae3ad0609ce8df7b6c9e76824d\",\"name\":\"Farn\u00e9sio\",\"image\":{\"@type\":\"ImageObject\",\"inLanguage\":\"pt-BR\",\"@id\":\"https:\\\/\\\/secure.gravatar.com\\\/avatar\\\/986aa4c61ccdb66f8555bf88fc2a65609d00bcabd4d2d94377a727547345cbca?s=96&d=mm&r=g\",\"url\":\"https:\\\/\\\/secure.gravatar.com\\\/avatar\\\/986aa4c61ccdb66f8555bf88fc2a65609d00bcabd4d2d94377a727547345cbca?s=96&d=mm&r=g\",\"contentUrl\":\"https:\\\/\\\/secure.gravatar.com\\\/avatar\\\/986aa4c61ccdb66f8555bf88fc2a65609d00bcabd4d2d94377a727547345cbca?s=96&d=mm&r=g\",\"caption\":\"Farn\u00e9sio\"},\"description\":\"Radialista blogueiro, chegou a Petrolina\\\/Juazeiro em setembro de 1980, Farn\u00e9sio Silva \u00e9 de Arapiraca-Alagoas.\",\"sameAs\":[\"http:\\\/\\\/blogdofarnesio.com.br\",\"https:\\\/\\\/www.facebook.com\\\/?ref=tn_tnmn\",\"https:\\\/\\\/www.instagram.com\\\/?utm_source=pwa_homescreen\",\"https:\\\/\\\/youtube.com.br\\\/\"],\"url\":\"https:\\\/\\\/blogdofarnesio.com.br\\\/?author=2\"}]}<\/script>\n<!-- \/ Yoast SEO plugin. -->","yoast_head_json":{"title":"Esc\u00e2ndalo municipal: Mesmo em situa\u00e7\u00e3o de emerg\u00eancia, prefeito de Campo alegre contrata show de Gusttavo Lima por R$1,3 mi - Blog do Farn\u00e9sio","robots":{"index":"index","follow":"follow","max-snippet":"max-snippet:-1","max-image-preview":"max-image-preview:large","max-video-preview":"max-video-preview:-1"},"canonical":"https:\/\/blogdofarnesio.com.br\/?p=360361","og_locale":"pt_BR","og_type":"article","og_title":"Esc\u00e2ndalo municipal: Mesmo em situa\u00e7\u00e3o de emerg\u00eancia, prefeito de Campo alegre contrata show de Gusttavo Lima por R$1,3 mi - Blog do Farn\u00e9sio","og_description":"A prefeitura de Campo Alegre de Lourdes, na regi\u00e3o norte do estado, contratou o cantor Gusttavo Lima, pelo cach\u00ea de R$ 1,3 milh\u00e3o, durante o per\u00edodo de situa\u00e7\u00e3o de emerg\u00eancia no munic\u00edpio, em decorr\u00eancia da estiagem prolongada. O cantor foi contratado para cantar nos festejos em homenagem a Nossa Senhora de Lourdes, no dia 9 de fevereiro. Campo Alegre de Lourdes est\u00e1 em situa\u00e7\u00e3o de emerg\u00eancia desde 11 setembro de 2023, quando a cidade entrou na lista do Sistema Nacional De Prote\u00e7\u00e3o e Defesa Civil (SINPDEC), e vai at\u00e9 mar\u00e7o, devido \u00e0 validade de seis meses da medida. Por meio desta dilig\u00eancia, o munic\u00edpio ganha o direito de pedir recursos financeiros emergenciais ao estado. Segundo o jornal O Globo, o&hellip;","og_url":"https:\/\/blogdofarnesio.com.br\/?p=360361","og_site_name":"Blog do Farn\u00e9sio","article_publisher":"https:\/\/www.facebook.com\/BlogQuerSaberPolitica\/","article_author":"https:\/\/www.facebook.com\/?ref=tn_tnmn","article_published_time":"2024-02-01T11:22:21+00:00","og_image":[{"width":540,"height":270,"url":"https:\/\/blogdofarnesio.com.br\/wp-content\/uploads\/2024\/01\/blogqspcampo-al-lourdes-e1704983500348.jpg","type":"image\/jpeg"}],"author":"Farn\u00e9sio","twitter_card":"summary_large_image","twitter_misc":{"Escrito por":"Farn\u00e9sio","Est. tempo de leitura":"2 minutos"},"schema":{"@context":"https:\/\/schema.org","@graph":[{"@type":"Article","@id":"https:\/\/blogdofarnesio.com.br\/?p=360361#article","isPartOf":{"@id":"https:\/\/blogdofarnesio.com.br\/?p=360361"},"author":{"name":"Farn\u00e9sio","@id":"https:\/\/blogdofarnesio.com.br\/#\/schema\/person\/bb9b23ae3ad0609ce8df7b6c9e76824d"},"headline":"Esc\u00e2ndalo municipal: Mesmo em situa\u00e7\u00e3o de emerg\u00eancia, prefeito de Campo alegre contrata show de Gusttavo Lima por R$1,3 mi","datePublished":"2024-02-01T11:22:21+00:00","mainEntityOfPage":{"@id":"https:\/\/blogdofarnesio.com.br\/?p=360361"},"wordCount":302,"commentCount":0,"publisher":{"@id":"https:\/\/blogdofarnesio.com.br\/#organization"},"image":{"@id":"https:\/\/blogdofarnesio.com.br\/?p=360361#primaryimage"},"thumbnailUrl":"https:\/\/blogdofarnesio.com.br\/wp-content\/uploads\/2024\/01\/blogqspcampo-al-lourdes-e1704983500348.jpg","articleSection":["Cidades"],"inLanguage":"pt-BR","potentialAction":[{"@type":"CommentAction","name":"Comment","target":["https:\/\/blogdofarnesio.com.br\/?p=360361#respond"]}]},{"@type":"WebPage","@id":"https:\/\/blogdofarnesio.com.br\/?p=360361","url":"https:\/\/blogdofarnesio.com.br\/?p=360361","name":"Esc\u00e2ndalo municipal: Mesmo em situa\u00e7\u00e3o de emerg\u00eancia, prefeito de Campo alegre contrata show de Gusttavo Lima por R$1,3 mi - Blog do Farn\u00e9sio","isPartOf":{"@id":"https:\/\/blogdofarnesio.com.br\/#website"},"primaryImageOfPage":{"@id":"https:\/\/blogdofarnesio.com.br\/?p=360361#primaryimage"},"image":{"@id":"https:\/\/blogdofarnesio.com.br\/?p=360361#primaryimage"},"thumbnailUrl":"https:\/\/blogdofarnesio.com.br\/wp-content\/uploads\/2024\/01\/blogqspcampo-al-lourdes-e1704983500348.jpg","datePublished":"2024-02-01T11:22:21+00:00","breadcrumb":{"@id":"https:\/\/blogdofarnesio.com.br\/?p=360361#breadcrumb"},"inLanguage":"pt-BR","potentialAction":[{"@type":"ReadAction","target":["https:\/\/blogdofarnesio.com.br\/?p=360361"]}]},{"@type":"ImageObject","inLanguage":"pt-BR","@id":"https:\/\/blogdofarnesio.com.br\/?p=360361#primaryimage","url":"https:\/\/blogdofarnesio.com.br\/wp-content\/uploads\/2024\/01\/blogqspcampo-al-lourdes-e1704983500348.jpg","contentUrl":"https:\/\/blogdofarnesio.com.br\/wp-content\/uploads\/2024\/01\/blogqspcampo-al-lourdes-e1704983500348.jpg","width":540,"height":270},{"@type":"BreadcrumbList","@id":"https:\/\/blogdofarnesio.com.br\/?p=360361#breadcrumb","itemListElement":[{"@type":"ListItem","position":1,"name":"In\u00edcio","item":"https:\/\/blogdofarnesio.com.br\/"},{"@type":"ListItem","position":2,"name":"Esc\u00e2ndalo municipal: Mesmo em situa\u00e7\u00e3o de emerg\u00eancia, prefeito de Campo alegre contrata show de Gusttavo Lima por R$1,3 mi"}]},{"@type":"WebSite","@id":"https:\/\/blogdofarnesio.com.br\/#website","url":"https:\/\/blogdofarnesio.com.br\/","name":"Blog do Farn\u00e9sio","description":"Quer Saber Pol\u00edtica?","publisher":{"@id":"https:\/\/blogdofarnesio.com.br\/#organization"},"potentialAction":[{"@type":"SearchAction","target":{"@type":"EntryPoint","urlTemplate":"https:\/\/blogdofarnesio.com.br\/?s={search_term_string}"},"query-input":{"@type":"PropertyValueSpecification","valueRequired":true,"valueName":"search_term_string"}}],"inLanguage":"pt-BR"},{"@type":"Organization","@id":"https:\/\/blogdofarnesio.com.br\/#organization","name":"Blog do Farn\u00e9sio","url":"https:\/\/blogdofarnesio.com.br\/","logo":{"@type":"ImageObject","inLanguage":"pt-BR","@id":"https:\/\/blogdofarnesio.com.br\/#\/schema\/logo\/image\/","url":"https:\/\/blogdofarnesio.com.br\/wp-content\/uploads\/2026\/03\/cropped-logo_new-1.png","contentUrl":"https:\/\/blogdofarnesio.com.br\/wp-content\/uploads\/2026\/03\/cropped-logo_new-1.png","width":881,"height":685,"caption":"Blog do Farn\u00e9sio"},"image":{"@id":"https:\/\/blogdofarnesio.com.br\/#\/schema\/logo\/image\/"},"sameAs":["https:\/\/www.facebook.com\/BlogQuerSaberPolitica\/"]},{"@type":"Person","@id":"https:\/\/blogdofarnesio.com.br\/#\/schema\/person\/bb9b23ae3ad0609ce8df7b6c9e76824d","name":"Farn\u00e9sio","image":{"@type":"ImageObject","inLanguage":"pt-BR","@id":"https:\/\/secure.gravatar.com\/avatar\/986aa4c61ccdb66f8555bf88fc2a65609d00bcabd4d2d94377a727547345cbca?s=96&d=mm&r=g","url":"https:\/\/secure.gravatar.com\/avatar\/986aa4c61ccdb66f8555bf88fc2a65609d00bcabd4d2d94377a727547345cbca?s=96&d=mm&r=g","contentUrl":"https:\/\/secure.gravatar.com\/avatar\/986aa4c61ccdb66f8555bf88fc2a65609d00bcabd4d2d94377a727547345cbca?s=96&d=mm&r=g","caption":"Farn\u00e9sio"},"description":"Radialista blogueiro, chegou a Petrolina\/Juazeiro em setembro de 1980, Farn\u00e9sio Silva \u00e9 de Arapiraca-Alagoas.","sameAs":["http:\/\/blogdofarnesio.com.br","https:\/\/www.facebook.com\/?ref=tn_tnmn","https:\/\/www.instagram.com\/?utm_source=pwa_homescreen","https:\/\/youtube.com.br\/"],"url":"https:\/\/blogdofarnesio.com.br\/?author=2"}]}},"_links":{"self":[{"href":"https:\/\/blogdofarnesio.com.br\/index.php?rest_route=\/wp\/v2\/posts\/360361","targetHints":{"allow":["GET"]}}],"collection":[{"href":"https:\/\/blogdofarnesio.com.br\/index.php?rest_route=\/wp\/v2\/posts"}],"about":[{"href":"https:\/\/blogdofarnesio.com.br\/index.php?rest_route=\/wp\/v2\/types\/post"}],"author":[{"embeddable":true,"href":"https:\/\/blogdofarnesio.com.br\/index.php?rest_route=\/wp\/v2\/users\/2"}],"replies":[{"embeddable":true,"href":"https:\/\/blogdofarnesio.com.br\/index.php?rest_route=%2Fwp%2Fv2%2Fcomments&post=360361"}],"version-history":[{"count":0,"href":"https:\/\/blogdofarnesio.com.br\/index.php?rest_route=\/wp\/v2\/posts\/360361\/revisions"}],"wp:featuredmedia":[{"embeddable":true,"href":"https:\/\/blogdofarnesio.com.br\/index.php?rest_route=\/wp\/v2\/media\/358784"}],"wp:attachment":[{"href":"https:\/\/blogdofarnesio.com.br\/index.php?rest_route=%2Fwp%2Fv2%2Fmedia&parent=360361"}],"wp:term":[{"taxonomy":"category","embeddable":true,"href":"https:\/\/blogdofarnesio.com.br\/index.php?rest_route=%2Fwp%2Fv2%2Fcategories&post=360361"},{"taxonomy":"post_tag","embeddable":true,"href":"https:\/\/blogdofarnesio.com.br\/index.php?rest_route=%2Fwp%2Fv2%2Ftags&post=360361"}],"curies":[{"name":"wp","href":"https:\/\/api.w.org\/{rel}","templated":true}]}}