{"id":360235,"date":"2024-01-31T07:42:29","date_gmt":"2024-01-31T10:42:29","guid":{"rendered":"https:\/\/blogdofarnesio.com.br\/?p=360235"},"modified":"2024-01-30T13:47:06","modified_gmt":"2024-01-30T16:47:06","slug":"confira-os-locais-de-provas-do-concurso-da-ammpla-no-proximo-fim-de-semana-em-petrolina","status":"publish","type":"post","link":"https:\/\/blogdofarnesio.com.br\/?p=360235","title":{"rendered":"Confira os locais de provas do concurso da AMMPLA no pr\u00f3ximo fim de semana em Petrolina"},"content":{"rendered":"<div id=\"nav\">\n<div id=\"speedbump\">\n<div class=\"yn\">\n<div class=\"zn\">\n<div class=\"An\">\n<div class=\"En\">A Prefeitura de Petrolina, atrav\u00e9s da Autarquia Municipal de Mobilidade de Petrolina (AMMPLA), informa que foi disponibilizado, nessa segunda-feira (29), os locais das provas do concurso p\u00fablico para o preenchimento de vagas para a carga de Agente de Tr\u00e2nsito e Transporte do munic\u00edpio, que acontecer\u00e1 no domingo (04).<\/div>\n<\/div>\n<\/div>\n<\/div>\n<\/div>\n<\/div>\n<div id=\"views\">\n<div id=\"cv_\" class=\" vf  \">\n<div class=\"xf\">\n<div class=\"pf\">\n<div class=\"kh\">\n<div class=\"Xh\">\n<div class=\"og\" data-onclick=\"cvmsgcontainercl+23\">\n<div id=\"cvcmsg_18d5ac7132a8a53e\" class=\"Xf\">\n<div id=\"cvcfullmsg_18d5ac7132a8a53e\" class=\"ug\">\n<div id=\"cvcmsgbod_18d5ac7132a8a53e\" class=\"zh\">\n<div class=\"mh\">\n<div class=\"Mg Og \" dir=\"ltr\">\n<div dir=\"ltr\">\n<p><span>O edital com locais e hor\u00e1rios est\u00e1 dispon\u00edvel no site do Instituto de Desenvolvimento Institucional Brasileiro (IDIB) atrav\u00e9s do link:\u00a0<\/span><a href=\"https:\/\/www.idib.org.br\/Concurso.aspx?ID=274\" target=\"_blank\" rel=\"noopener\" data-saferedirecturl=\"https:\/\/www.google.com\/url?hl=pt-BR&amp;q=https:\/\/www.idib.org.br\/Concurso.aspx?ID%3D274&amp;source=gmail&amp;ust=1706719130983000&amp;usg=AOvVaw0vEzVN4QhRbWVGmlm2KGFu\"><span>https:\/\/www.idib.org.br\/\u00a0<\/span><wbr \/><span>Concurso.aspx?ID=274<\/span><\/a><span> .\u00a0 \u00a0<\/span><\/p>\n<p><span>A Autarquia alerta ainda que os candidatos devem estar atentos ao seu local de prova e aos hor\u00e1rios para n\u00e3o ter contratempos. Os quartos ser\u00e3o abertos \u00e0s 13h e fechados \u00e0s 14h, portanto, o ideal \u00e9 que se programem para chegar com 30 minutos de anteced\u00eancia.<\/span><\/p>\n<p>&nbsp;<\/p>\n<\/div>\n<\/div>\n<\/div>\n<\/div>\n<\/div>\n<\/div>\n<\/div>\n<\/div>\n<\/div>\n<\/div>\n<\/div>\n<\/div>\n<\/div>\n","protected":false},"excerpt":{"rendered":"<p>A Prefeitura de Petrolina, atrav\u00e9s da Autarquia Municipal de Mobilidade de Petrolina (AMMPLA), informa que foi disponibilizado, nessa segunda-feira (29), os locais das provas do concurso p\u00fablico para o preenchimento de vagas para a carga de Agente de Tr\u00e2nsito e Transporte do munic\u00edpio, que acontecer\u00e1 no domingo (04). O edital com locais e hor\u00e1rios est\u00e1 dispon\u00edvel no site do Instituto de Desenvolvimento Institucional Brasileiro (IDIB) atrav\u00e9s do link:\u00a0https:\/\/www.idib.org.br\/\u00a0Concurso.aspx?ID=274 .\u00a0 \u00a0 A Autarquia alerta ainda que os candidatos devem estar atentos ao seu local de prova e aos hor\u00e1rios para n\u00e3o ter contratempos. Os quartos ser\u00e3o abertos \u00e0s 13h e fechados \u00e0s 14h, portanto, o ideal \u00e9 que se programem para chegar com 30 minutos de anteced\u00eancia. &nbsp;<\/p>\n","protected":false},"author":2,"featured_media":344985,"comment_status":"open","ping_status":"open","sticky":false,"template":"","format":"standard","meta":{"_acf_changed":false,"footnotes":""},"categories":[31],"tags":[],"class_list":["post-360235","post","type-post","status-publish","format-standard","has-post-thumbnail","hentry","category-concursos"],"acf":[],"yoast_head":"<!-- This site is optimized with the Yoast SEO plugin v27.4 - https:\/\/yoast.com\/product\/yoast-seo-wordpress\/ -->\n<title>Confira os locais de provas do concurso da AMMPLA no pr\u00f3ximo fim de semana em Petrolina - Blog do Farn\u00e9sio<\/title>\n<meta name=\"robots\" content=\"index, follow, max-snippet:-1, max-image-preview:large, max-video-preview:-1\" \/>\n<link rel=\"canonical\" href=\"https:\/\/blogdofarnesio.com.br\/?p=360235\" \/>\n<meta property=\"og:locale\" content=\"pt_BR\" \/>\n<meta property=\"og:type\" content=\"article\" \/>\n<meta property=\"og:title\" content=\"Confira os locais de provas do concurso da AMMPLA no pr\u00f3ximo fim de semana em Petrolina - Blog do Farn\u00e9sio\" \/>\n<meta property=\"og:description\" content=\"A Prefeitura de Petrolina, atrav\u00e9s da Autarquia Municipal de Mobilidade de Petrolina (AMMPLA), informa que foi disponibilizado, nessa segunda-feira (29), os locais das provas do concurso p\u00fablico para o preenchimento de vagas para a carga de Agente de Tr\u00e2nsito e Transporte do munic\u00edpio, que acontecer\u00e1 no domingo (04). O edital com locais e hor\u00e1rios est\u00e1 dispon\u00edvel no site do Instituto de Desenvolvimento Institucional Brasileiro (IDIB) atrav\u00e9s do link:\u00a0https:\/\/www.idib.org.br\/\u00a0Concurso.aspx?ID=274 .\u00a0 \u00a0 A Autarquia alerta ainda que os candidatos devem estar atentos ao seu local de prova e aos hor\u00e1rios para n\u00e3o ter contratempos. Os quartos ser\u00e3o abertos \u00e0s 13h e fechados \u00e0s 14h, portanto, o ideal \u00e9 que se programem para chegar com 30 minutos de anteced\u00eancia. &nbsp;\" \/>\n<meta property=\"og:url\" content=\"https:\/\/blogdofarnesio.com.br\/?p=360235\" \/>\n<meta property=\"og:site_name\" content=\"Blog do Farn\u00e9sio\" \/>\n<meta property=\"article:publisher\" content=\"https:\/\/www.facebook.com\/BlogQuerSaberPolitica\/\" \/>\n<meta property=\"article:author\" content=\"https:\/\/www.facebook.com\/?ref=tn_tnmn\" \/>\n<meta property=\"article:published_time\" content=\"2024-01-31T10:42:29+00:00\" \/>\n<meta property=\"og:image\" content=\"https:\/\/blogdofarnesio.com.br\/wp-content\/uploads\/2023\/07\/blogqsppet-ammpla-.png\" \/>\n\t<meta property=\"og:image:width\" content=\"664\" \/>\n\t<meta property=\"og:image:height\" content=\"197\" \/>\n\t<meta property=\"og:image:type\" content=\"image\/png\" \/>\n<meta name=\"author\" content=\"Farn\u00e9sio\" \/>\n<meta name=\"twitter:card\" content=\"summary_large_image\" \/>\n<meta name=\"twitter:label1\" content=\"Escrito por\" \/>\n\t<meta name=\"twitter:data1\" content=\"Farn\u00e9sio\" \/>\n\t<meta name=\"twitter:label2\" content=\"Est. tempo de leitura\" \/>\n\t<meta name=\"twitter:data2\" content=\"1 minuto\" \/>\n<script type=\"application\/ld+json\" class=\"yoast-schema-graph\">{\"@context\":\"https:\\\/\\\/schema.org\",\"@graph\":[{\"@type\":\"Article\",\"@id\":\"https:\\\/\\\/blogdofarnesio.com.br\\\/?p=360235#article\",\"isPartOf\":{\"@id\":\"https:\\\/\\\/blogdofarnesio.com.br\\\/?p=360235\"},\"author\":{\"name\":\"Farn\u00e9sio\",\"@id\":\"https:\\\/\\\/blogdofarnesio.com.br\\\/#\\\/schema\\\/person\\\/bb9b23ae3ad0609ce8df7b6c9e76824d\"},\"headline\":\"Confira os locais de provas do concurso da AMMPLA no pr\u00f3ximo fim de semana em Petrolina\",\"datePublished\":\"2024-01-31T10:42:29+00:00\",\"mainEntityOfPage\":{\"@id\":\"https:\\\/\\\/blogdofarnesio.com.br\\\/?p=360235\"},\"wordCount\":147,\"commentCount\":0,\"publisher\":{\"@id\":\"https:\\\/\\\/blogdofarnesio.com.br\\\/#organization\"},\"image\":{\"@id\":\"https:\\\/\\\/blogdofarnesio.com.br\\\/?p=360235#primaryimage\"},\"thumbnailUrl\":\"https:\\\/\\\/blogdofarnesio.com.br\\\/wp-content\\\/uploads\\\/2023\\\/07\\\/blogqsppet-ammpla-.png\",\"articleSection\":[\"Concursos\"],\"inLanguage\":\"pt-BR\",\"potentialAction\":[{\"@type\":\"CommentAction\",\"name\":\"Comment\",\"target\":[\"https:\\\/\\\/blogdofarnesio.com.br\\\/?p=360235#respond\"]}]},{\"@type\":\"WebPage\",\"@id\":\"https:\\\/\\\/blogdofarnesio.com.br\\\/?p=360235\",\"url\":\"https:\\\/\\\/blogdofarnesio.com.br\\\/?p=360235\",\"name\":\"Confira os locais de provas do concurso da AMMPLA no pr\u00f3ximo fim de semana em Petrolina - Blog do Farn\u00e9sio\",\"isPartOf\":{\"@id\":\"https:\\\/\\\/blogdofarnesio.com.br\\\/#website\"},\"primaryImageOfPage\":{\"@id\":\"https:\\\/\\\/blogdofarnesio.com.br\\\/?p=360235#primaryimage\"},\"image\":{\"@id\":\"https:\\\/\\\/blogdofarnesio.com.br\\\/?p=360235#primaryimage\"},\"thumbnailUrl\":\"https:\\\/\\\/blogdofarnesio.com.br\\\/wp-content\\\/uploads\\\/2023\\\/07\\\/blogqsppet-ammpla-.png\",\"datePublished\":\"2024-01-31T10:42:29+00:00\",\"breadcrumb\":{\"@id\":\"https:\\\/\\\/blogdofarnesio.com.br\\\/?p=360235#breadcrumb\"},\"inLanguage\":\"pt-BR\",\"potentialAction\":[{\"@type\":\"ReadAction\",\"target\":[\"https:\\\/\\\/blogdofarnesio.com.br\\\/?p=360235\"]}]},{\"@type\":\"ImageObject\",\"inLanguage\":\"pt-BR\",\"@id\":\"https:\\\/\\\/blogdofarnesio.com.br\\\/?p=360235#primaryimage\",\"url\":\"https:\\\/\\\/blogdofarnesio.com.br\\\/wp-content\\\/uploads\\\/2023\\\/07\\\/blogqsppet-ammpla-.png\",\"contentUrl\":\"https:\\\/\\\/blogdofarnesio.com.br\\\/wp-content\\\/uploads\\\/2023\\\/07\\\/blogqsppet-ammpla-.png\",\"width\":664,\"height\":197},{\"@type\":\"BreadcrumbList\",\"@id\":\"https:\\\/\\\/blogdofarnesio.com.br\\\/?p=360235#breadcrumb\",\"itemListElement\":[{\"@type\":\"ListItem\",\"position\":1,\"name\":\"In\u00edcio\",\"item\":\"https:\\\/\\\/blogdofarnesio.com.br\\\/\"},{\"@type\":\"ListItem\",\"position\":2,\"name\":\"Confira os locais de provas do concurso da AMMPLA no pr\u00f3ximo fim de semana em Petrolina\"}]},{\"@type\":\"WebSite\",\"@id\":\"https:\\\/\\\/blogdofarnesio.com.br\\\/#website\",\"url\":\"https:\\\/\\\/blogdofarnesio.com.br\\\/\",\"name\":\"Blog do Farn\u00e9sio\",\"description\":\"Quer Saber Pol\u00edtica?\",\"publisher\":{\"@id\":\"https:\\\/\\\/blogdofarnesio.com.br\\\/#organization\"},\"potentialAction\":[{\"@type\":\"SearchAction\",\"target\":{\"@type\":\"EntryPoint\",\"urlTemplate\":\"https:\\\/\\\/blogdofarnesio.com.br\\\/?s={search_term_string}\"},\"query-input\":{\"@type\":\"PropertyValueSpecification\",\"valueRequired\":true,\"valueName\":\"search_term_string\"}}],\"inLanguage\":\"pt-BR\"},{\"@type\":\"Organization\",\"@id\":\"https:\\\/\\\/blogdofarnesio.com.br\\\/#organization\",\"name\":\"Blog do Farn\u00e9sio\",\"url\":\"https:\\\/\\\/blogdofarnesio.com.br\\\/\",\"logo\":{\"@type\":\"ImageObject\",\"inLanguage\":\"pt-BR\",\"@id\":\"https:\\\/\\\/blogdofarnesio.com.br\\\/#\\\/schema\\\/logo\\\/image\\\/\",\"url\":\"https:\\\/\\\/blogdofarnesio.com.br\\\/wp-content\\\/uploads\\\/2026\\\/03\\\/cropped-logo_new-1.png\",\"contentUrl\":\"https:\\\/\\\/blogdofarnesio.com.br\\\/wp-content\\\/uploads\\\/2026\\\/03\\\/cropped-logo_new-1.png\",\"width\":881,\"height\":685,\"caption\":\"Blog do Farn\u00e9sio\"},\"image\":{\"@id\":\"https:\\\/\\\/blogdofarnesio.com.br\\\/#\\\/schema\\\/logo\\\/image\\\/\"},\"sameAs\":[\"https:\\\/\\\/www.facebook.com\\\/BlogQuerSaberPolitica\\\/\"]},{\"@type\":\"Person\",\"@id\":\"https:\\\/\\\/blogdofarnesio.com.br\\\/#\\\/schema\\\/person\\\/bb9b23ae3ad0609ce8df7b6c9e76824d\",\"name\":\"Farn\u00e9sio\",\"image\":{\"@type\":\"ImageObject\",\"inLanguage\":\"pt-BR\",\"@id\":\"https:\\\/\\\/secure.gravatar.com\\\/avatar\\\/986aa4c61ccdb66f8555bf88fc2a65609d00bcabd4d2d94377a727547345cbca?s=96&d=mm&r=g\",\"url\":\"https:\\\/\\\/secure.gravatar.com\\\/avatar\\\/986aa4c61ccdb66f8555bf88fc2a65609d00bcabd4d2d94377a727547345cbca?s=96&d=mm&r=g\",\"contentUrl\":\"https:\\\/\\\/secure.gravatar.com\\\/avatar\\\/986aa4c61ccdb66f8555bf88fc2a65609d00bcabd4d2d94377a727547345cbca?s=96&d=mm&r=g\",\"caption\":\"Farn\u00e9sio\"},\"description\":\"Radialista blogueiro, chegou a Petrolina\\\/Juazeiro em setembro de 1980, Farn\u00e9sio Silva \u00e9 de Arapiraca-Alagoas.\",\"sameAs\":[\"http:\\\/\\\/blogdofarnesio.com.br\",\"https:\\\/\\\/www.facebook.com\\\/?ref=tn_tnmn\",\"https:\\\/\\\/www.instagram.com\\\/?utm_source=pwa_homescreen\",\"https:\\\/\\\/youtube.com.br\\\/\"],\"url\":\"https:\\\/\\\/blogdofarnesio.com.br\\\/?author=2\"}]}<\/script>\n<!-- \/ Yoast SEO plugin. -->","yoast_head_json":{"title":"Confira os locais de provas do concurso da AMMPLA no pr\u00f3ximo fim de semana em Petrolina - Blog do Farn\u00e9sio","robots":{"index":"index","follow":"follow","max-snippet":"max-snippet:-1","max-image-preview":"max-image-preview:large","max-video-preview":"max-video-preview:-1"},"canonical":"https:\/\/blogdofarnesio.com.br\/?p=360235","og_locale":"pt_BR","og_type":"article","og_title":"Confira os locais de provas do concurso da AMMPLA no pr\u00f3ximo fim de semana em Petrolina - Blog do Farn\u00e9sio","og_description":"A Prefeitura de Petrolina, atrav\u00e9s da Autarquia Municipal de Mobilidade de Petrolina (AMMPLA), informa que foi disponibilizado, nessa segunda-feira (29), os locais das provas do concurso p\u00fablico para o preenchimento de vagas para a carga de Agente de Tr\u00e2nsito e Transporte do munic\u00edpio, que acontecer\u00e1 no domingo (04). O edital com locais e hor\u00e1rios est\u00e1 dispon\u00edvel no site do Instituto de Desenvolvimento Institucional Brasileiro (IDIB) atrav\u00e9s do link:\u00a0https:\/\/www.idib.org.br\/\u00a0Concurso.aspx?ID=274 .\u00a0 \u00a0 A Autarquia alerta ainda que os candidatos devem estar atentos ao seu local de prova e aos hor\u00e1rios para n\u00e3o ter contratempos. Os quartos ser\u00e3o abertos \u00e0s 13h e fechados \u00e0s 14h, portanto, o ideal \u00e9 que se programem para chegar com 30 minutos de anteced\u00eancia. &nbsp;","og_url":"https:\/\/blogdofarnesio.com.br\/?p=360235","og_site_name":"Blog do Farn\u00e9sio","article_publisher":"https:\/\/www.facebook.com\/BlogQuerSaberPolitica\/","article_author":"https:\/\/www.facebook.com\/?ref=tn_tnmn","article_published_time":"2024-01-31T10:42:29+00:00","og_image":[{"width":664,"height":197,"url":"https:\/\/blogdofarnesio.com.br\/wp-content\/uploads\/2023\/07\/blogqsppet-ammpla-.png","type":"image\/png"}],"author":"Farn\u00e9sio","twitter_card":"summary_large_image","twitter_misc":{"Escrito por":"Farn\u00e9sio","Est. tempo de leitura":"1 minuto"},"schema":{"@context":"https:\/\/schema.org","@graph":[{"@type":"Article","@id":"https:\/\/blogdofarnesio.com.br\/?p=360235#article","isPartOf":{"@id":"https:\/\/blogdofarnesio.com.br\/?p=360235"},"author":{"name":"Farn\u00e9sio","@id":"https:\/\/blogdofarnesio.com.br\/#\/schema\/person\/bb9b23ae3ad0609ce8df7b6c9e76824d"},"headline":"Confira os locais de provas do concurso da AMMPLA no pr\u00f3ximo fim de semana em Petrolina","datePublished":"2024-01-31T10:42:29+00:00","mainEntityOfPage":{"@id":"https:\/\/blogdofarnesio.com.br\/?p=360235"},"wordCount":147,"commentCount":0,"publisher":{"@id":"https:\/\/blogdofarnesio.com.br\/#organization"},"image":{"@id":"https:\/\/blogdofarnesio.com.br\/?p=360235#primaryimage"},"thumbnailUrl":"https:\/\/blogdofarnesio.com.br\/wp-content\/uploads\/2023\/07\/blogqsppet-ammpla-.png","articleSection":["Concursos"],"inLanguage":"pt-BR","potentialAction":[{"@type":"CommentAction","name":"Comment","target":["https:\/\/blogdofarnesio.com.br\/?p=360235#respond"]}]},{"@type":"WebPage","@id":"https:\/\/blogdofarnesio.com.br\/?p=360235","url":"https:\/\/blogdofarnesio.com.br\/?p=360235","name":"Confira os locais de provas do concurso da AMMPLA no pr\u00f3ximo fim de semana em Petrolina - Blog do Farn\u00e9sio","isPartOf":{"@id":"https:\/\/blogdofarnesio.com.br\/#website"},"primaryImageOfPage":{"@id":"https:\/\/blogdofarnesio.com.br\/?p=360235#primaryimage"},"image":{"@id":"https:\/\/blogdofarnesio.com.br\/?p=360235#primaryimage"},"thumbnailUrl":"https:\/\/blogdofarnesio.com.br\/wp-content\/uploads\/2023\/07\/blogqsppet-ammpla-.png","datePublished":"2024-01-31T10:42:29+00:00","breadcrumb":{"@id":"https:\/\/blogdofarnesio.com.br\/?p=360235#breadcrumb"},"inLanguage":"pt-BR","potentialAction":[{"@type":"ReadAction","target":["https:\/\/blogdofarnesio.com.br\/?p=360235"]}]},{"@type":"ImageObject","inLanguage":"pt-BR","@id":"https:\/\/blogdofarnesio.com.br\/?p=360235#primaryimage","url":"https:\/\/blogdofarnesio.com.br\/wp-content\/uploads\/2023\/07\/blogqsppet-ammpla-.png","contentUrl":"https:\/\/blogdofarnesio.com.br\/wp-content\/uploads\/2023\/07\/blogqsppet-ammpla-.png","width":664,"height":197},{"@type":"BreadcrumbList","@id":"https:\/\/blogdofarnesio.com.br\/?p=360235#breadcrumb","itemListElement":[{"@type":"ListItem","position":1,"name":"In\u00edcio","item":"https:\/\/blogdofarnesio.com.br\/"},{"@type":"ListItem","position":2,"name":"Confira os locais de provas do concurso da AMMPLA no pr\u00f3ximo fim de semana em Petrolina"}]},{"@type":"WebSite","@id":"https:\/\/blogdofarnesio.com.br\/#website","url":"https:\/\/blogdofarnesio.com.br\/","name":"Blog do Farn\u00e9sio","description":"Quer Saber Pol\u00edtica?","publisher":{"@id":"https:\/\/blogdofarnesio.com.br\/#organization"},"potentialAction":[{"@type":"SearchAction","target":{"@type":"EntryPoint","urlTemplate":"https:\/\/blogdofarnesio.com.br\/?s={search_term_string}"},"query-input":{"@type":"PropertyValueSpecification","valueRequired":true,"valueName":"search_term_string"}}],"inLanguage":"pt-BR"},{"@type":"Organization","@id":"https:\/\/blogdofarnesio.com.br\/#organization","name":"Blog do Farn\u00e9sio","url":"https:\/\/blogdofarnesio.com.br\/","logo":{"@type":"ImageObject","inLanguage":"pt-BR","@id":"https:\/\/blogdofarnesio.com.br\/#\/schema\/logo\/image\/","url":"https:\/\/blogdofarnesio.com.br\/wp-content\/uploads\/2026\/03\/cropped-logo_new-1.png","contentUrl":"https:\/\/blogdofarnesio.com.br\/wp-content\/uploads\/2026\/03\/cropped-logo_new-1.png","width":881,"height":685,"caption":"Blog do Farn\u00e9sio"},"image":{"@id":"https:\/\/blogdofarnesio.com.br\/#\/schema\/logo\/image\/"},"sameAs":["https:\/\/www.facebook.com\/BlogQuerSaberPolitica\/"]},{"@type":"Person","@id":"https:\/\/blogdofarnesio.com.br\/#\/schema\/person\/bb9b23ae3ad0609ce8df7b6c9e76824d","name":"Farn\u00e9sio","image":{"@type":"ImageObject","inLanguage":"pt-BR","@id":"https:\/\/secure.gravatar.com\/avatar\/986aa4c61ccdb66f8555bf88fc2a65609d00bcabd4d2d94377a727547345cbca?s=96&d=mm&r=g","url":"https:\/\/secure.gravatar.com\/avatar\/986aa4c61ccdb66f8555bf88fc2a65609d00bcabd4d2d94377a727547345cbca?s=96&d=mm&r=g","contentUrl":"https:\/\/secure.gravatar.com\/avatar\/986aa4c61ccdb66f8555bf88fc2a65609d00bcabd4d2d94377a727547345cbca?s=96&d=mm&r=g","caption":"Farn\u00e9sio"},"description":"Radialista blogueiro, chegou a Petrolina\/Juazeiro em setembro de 1980, Farn\u00e9sio Silva \u00e9 de Arapiraca-Alagoas.","sameAs":["http:\/\/blogdofarnesio.com.br","https:\/\/www.facebook.com\/?ref=tn_tnmn","https:\/\/www.instagram.com\/?utm_source=pwa_homescreen","https:\/\/youtube.com.br\/"],"url":"https:\/\/blogdofarnesio.com.br\/?author=2"}]}},"_links":{"self":[{"href":"https:\/\/blogdofarnesio.com.br\/index.php?rest_route=\/wp\/v2\/posts\/360235","targetHints":{"allow":["GET"]}}],"collection":[{"href":"https:\/\/blogdofarnesio.com.br\/index.php?rest_route=\/wp\/v2\/posts"}],"about":[{"href":"https:\/\/blogdofarnesio.com.br\/index.php?rest_route=\/wp\/v2\/types\/post"}],"author":[{"embeddable":true,"href":"https:\/\/blogdofarnesio.com.br\/index.php?rest_route=\/wp\/v2\/users\/2"}],"replies":[{"embeddable":true,"href":"https:\/\/blogdofarnesio.com.br\/index.php?rest_route=%2Fwp%2Fv2%2Fcomments&post=360235"}],"version-history":[{"count":0,"href":"https:\/\/blogdofarnesio.com.br\/index.php?rest_route=\/wp\/v2\/posts\/360235\/revisions"}],"wp:featuredmedia":[{"embeddable":true,"href":"https:\/\/blogdofarnesio.com.br\/index.php?rest_route=\/wp\/v2\/media\/344985"}],"wp:attachment":[{"href":"https:\/\/blogdofarnesio.com.br\/index.php?rest_route=%2Fwp%2Fv2%2Fmedia&parent=360235"}],"wp:term":[{"taxonomy":"category","embeddable":true,"href":"https:\/\/blogdofarnesio.com.br\/index.php?rest_route=%2Fwp%2Fv2%2Fcategories&post=360235"},{"taxonomy":"post_tag","embeddable":true,"href":"https:\/\/blogdofarnesio.com.br\/index.php?rest_route=%2Fwp%2Fv2%2Ftags&post=360235"}],"curies":[{"name":"wp","href":"https:\/\/api.w.org\/{rel}","templated":true}]}}