{"id":359655,"date":"2024-01-23T11:35:14","date_gmt":"2024-01-23T14:35:14","guid":{"rendered":"https:\/\/blogdofarnesio.com.br\/?p=359655"},"modified":"2024-01-23T08:17:13","modified_gmt":"2024-01-23T11:17:13","slug":"governador-de-roraima-tem-mandato-cassado-pela-terceira-vez-no-tre-ja-pode-pedir-musica-no-fantastico","status":"publish","type":"post","link":"https:\/\/blogdofarnesio.com.br\/2024\/01\/governador-de-roraima-tem-mandato-cassado-pela-terceira-vez-no-tre-ja-pode-pedir-musica-no-fantastico\/","title":{"rendered":"Governador de Roraima tem mandato cassado pela terceira vez no TRE: &#8220;J\u00e1 pode pedir m\u00fasica no fant\u00e1stico&#8221;"},"content":{"rendered":"<div class=\"sc-b4c8ccf3-0 fsXNOt\"><\/div>\n<div class=\"sc-c22b9e79-1 ouagm\">\n<div class=\"sc-c22b9e79-2 eknGeG\">\n<div class=\"imgCredits\">O governador de Roraima, Antonio Denarium (PP), teve o mandato cassado pela terceira vez nesta segunda-feira (22) por ju\u00edzes do Tribunal Regional Eleitoral de Roraima (TRE-RR). Ele foi cassado por abuso de poder pol\u00edtico e econ\u00f4mico. Tamb\u00e9m foi aplicada a pena de inelegibilidade por 8 anos.<\/div>\n<\/div>\n<div class=\"sc-c22b9e79-3 gGKeEu\">\n<p>Denarium pode recorrer da decis\u00e3o e, por enquanto, permanece no cargo.<br \/>\nEm nota, a assessoria de Denarium informou que &#8220;respeita a decis\u00e3o judicial e reitera a confian\u00e7a na Justi\u00e7a e nas institui\u00e7\u00f5es democr\u00e1ticas&#8221;.<\/p>\n<p>Completou ainda que &#8220;acredita que a decis\u00e3o ser\u00e1 revertida em inst\u00e2ncia superior, esclarecendo todas as quest\u00f5es levantadas, apresentando os contrapontos necess\u00e1rios&#8221;.<\/p>\n<p>A a\u00e7\u00e3o foi ingressada pela coliga\u00e7\u00e3o &#8220;Roraima Muito Melhor&#8221;, que tinha como advers\u00e1ria de Denarium a ex-prefeita de Boa Vista, Teresa Surita (MDB). Entre as acusa\u00e7\u00f5es do processo est\u00e3o:<\/p>\n<p>Executar reformas nas casas de eleitores roraimenses, por meio do programa \u201cMorar Melhor\u201d, em 2022 \u2014 ano de elei\u00e7\u00e3o; distribui\u00e7\u00e3o de cestas b\u00e1sicas em ano eleitoral; transfer\u00eancia de R$ 70 milh\u00f5es em recursos para munic\u00edpios \u00e0s v\u00e9speras do per\u00edodo vedado pela lei eleitoral; promo\u00e7\u00e3o pessoal de agentes p\u00fablicos;<br \/>\naumento de gastos com publicidade institucional.<\/p>\n<p>O governador j\u00e1 teve o mandato cassado por duas vezes \u2014 em agosto de 2023 por distribuir cestas b\u00e1sicas no per\u00edodo eleitoral e em agosto por executar reformas nas casas de eleitores roraimenses. Os processos devem ser julgados no Tribunal Superior Eleitoral (TSE).<\/p>\n<p><strong>Cassado por cinco votos a favor<\/strong><\/p>\n<p>Durante a sess\u00e3o desta segunda, a relatora do caso T\u00e2nia Vasconcelos julgou parcialmente procedente a a\u00e7\u00e3o. Os ju\u00edzes Joana Sarmento, Felipe Bouzada, C\u00edcero Renato Albuquerque e Elaine Bianchi votaram com a relatora.<\/p>\n<p>Eles acompanharam parcialmente o parecer do Minist\u00e9rio P\u00fablico Eleitoral (MPE), que pediu a aplica\u00e7\u00e3o de multa. J\u00e1 os ju\u00edzes Ataliba de Albuquerque e Francisco Guimar\u00e3es votaram contra.<\/p>\n<p>\u201cDiante do exposto, em parcial conson\u00e2ncia com o parecer ministerial, julgo parcialmente procedente. Por que parcialmente procedente? Porque n\u00e3o estou aplicando a pena de multa. N\u00e3o reconhe\u00e7o\u2026 Parcialmente os pedidos da inicial para cassar os diplomas e por consequ\u00eancia os mandatos dos investigados Antonio Oliveira Garcia de Almeida e Edilson Dami\u00e3o Lima, bem como aplicar a pena de inelegibilidade para as elei\u00e7\u00f5es que se realizarem nos oito anos subsequentes \u00e0s elei\u00e7\u00f5es de 2022\u201d, votou a relatora.<\/p>\n<p>A vota\u00e7\u00e3o iniciou por volta das 9h20 e encerrou \u00e0s 14h18. A relatora T\u00e2nia Vasconcelos apresentou o voto em cerca de 3 horas.<\/p>\n<p>Al\u00e9m da cassa\u00e7\u00e3o do mandato de Denarium, o do vice Edilson Dami\u00e3o (Republicanos) tamb\u00e9m foi cassado. No entanto, a pena de inelegibilidade atinge apenas o governador.<\/p>\n<p>Ao expor o voto, T\u00e2nia rejeitou a acusa\u00e7\u00e3o de aumento de gastos com publicidade. Segundo a a\u00e7\u00e3o ingressada pela coliga\u00e7\u00e3o, o governo teria extrapolado o que poderia gastar com divulga\u00e7\u00e3o no primeiro semestre do per\u00edodo eleitoral. A diverg\u00eancia, no entanto, n\u00e3o mudou a decis\u00e3o do processo.<\/p>\n<p>&#8220;Restou evidenciado que o primeiro representado [Denarium] praticou condutas contr\u00e1rias ao direito com especial desvio de finalidade utilizando a estrutura estatal e de vultosos recursos com o prop\u00f3sito de interferir no pleito eleitoral que se avizinhava objetivando conquistar ao seu projeto de se reeleger ao governo do estado de Roraima em detrimento dos demais candidatos e da legisla\u00e7\u00e3o eleitoral&#8221;, disse a magistrada.<\/p>\n<p>Nas \u00faltimas duas cassa\u00e7\u00f5es, o TRE-RR reconheceu a pr\u00e1tica de conduta vedada envolvendo os programas Morar Melhor e Cesta da Fam\u00edlia. Desta vez, tamb\u00e9m foi reconhecida a pr\u00e1tica de abuso de poder pol\u00edtico e econ\u00f4mico envolvendo os projetos.<\/p>\n<p>Ao votar para que Denarium perdesse o mandato, ela determinou que ele dever\u00e1 deixar o cargo para realiza\u00e7\u00e3o de novas elei\u00e7\u00f5es assim que for publicado o ac\u00f3rd\u00e3o do julgamento, assim como nas decis\u00f5es anteriores.<\/p>\n<p>\u201cA an\u00e1lise empreendida revela que no ano eleitoral de 2022 o gasto de recursos em medidas eleitoreiras e em flagrante infra\u00e7\u00e3o \u00e0 legisla\u00e7\u00e3o eleitoral pode ter ultrapassado o patamar de R$ 90 milh\u00f5es, considerada a execu\u00e7\u00e3o do programa Morar Melhor, as transfer\u00eancias efetuadas aos munic\u00edpios, de quase R$ 70 milh\u00f5es e apenas os gatos do primeiro quadrimestre da Cesta da Fam\u00edlia, de R$ 11 milh\u00f5es. O impacto do equil\u00edbrio empregado na disputa \u00e9 evidente diante do quadro socioecon\u00f4mico j\u00e1 demonstrado\u201d.<\/p>\n<p>Segundo mandato<\/p>\n<p>Antonio Denarium foi reeleito em 2022 para o segundo mandato com 163.167 dos votos, 56,47% do total de votos. Antes de tomar posse como governador em 2019, ele assumiu o comando do estado como interventor federal nomeado pelo ent\u00e3o presidente Michel Temer (MDB).<\/p>\n<p>O mandato como governador em 2018 foi o primeiro cargo p\u00fablico exercido por ele. Antes, era empres\u00e1rio do ramo de agroneg\u00f3cio.<\/p>\n<\/div>\n<\/div>\n","protected":false},"excerpt":{"rendered":"<p>O governador de Roraima, Antonio Denarium (PP), teve o mandato cassado pela terceira vez nesta segunda-feira (22) por ju\u00edzes do Tribunal Regional Eleitoral de Roraima (TRE-RR). Ele foi cassado por abuso de poder pol\u00edtico e econ\u00f4mico. Tamb\u00e9m foi aplicada a pena de inelegibilidade por 8 anos. Denarium pode recorrer da decis\u00e3o e, por enquanto, permanece no cargo. Em nota, a assessoria de Denarium informou que &#8220;respeita a decis\u00e3o judicial e reitera a confian\u00e7a na Justi\u00e7a e nas institui\u00e7\u00f5es democr\u00e1ticas&#8221;. Completou ainda que &#8220;acredita que a decis\u00e3o ser\u00e1 revertida em inst\u00e2ncia superior, esclarecendo todas as quest\u00f5es levantadas, apresentando os contrapontos necess\u00e1rios&#8221;. A a\u00e7\u00e3o foi ingressada pela coliga\u00e7\u00e3o &#8220;Roraima Muito Melhor&#8221;, que tinha como advers\u00e1ria de Denarium a ex-prefeita de Boa Vista,&hellip; <\/p>\n","protected":false},"author":2,"featured_media":359656,"comment_status":"open","ping_status":"open","sticky":false,"template":"","format":"standard","meta":{"_acf_changed":false,"footnotes":""},"categories":[1],"tags":[],"class_list":["post-359655","post","type-post","status-publish","format-standard","has-post-thumbnail","hentry","category-politica"],"acf":[],"yoast_head":"<!-- This site is optimized with the Yoast SEO plugin v27.5 - https:\/\/yoast.com\/product\/yoast-seo-wordpress\/ -->\n<title>Governador de Roraima tem mandato cassado pela terceira vez no TRE: &quot;J\u00e1 pode pedir m\u00fasica no fant\u00e1stico&quot; - Blog do Farn\u00e9sio<\/title>\n<meta name=\"robots\" content=\"index, follow, max-snippet:-1, max-image-preview:large, max-video-preview:-1\" \/>\n<link rel=\"canonical\" href=\"https:\/\/blogdofarnesio.com.br\/2024\/01\/governador-de-roraima-tem-mandato-cassado-pela-terceira-vez-no-tre-ja-pode-pedir-musica-no-fantastico\/\" \/>\n<meta property=\"og:locale\" content=\"pt_BR\" \/>\n<meta property=\"og:type\" content=\"article\" \/>\n<meta property=\"og:title\" content=\"Governador de Roraima tem mandato cassado pela terceira vez no TRE: &quot;J\u00e1 pode pedir m\u00fasica no fant\u00e1stico&quot; - Blog do Farn\u00e9sio\" \/>\n<meta property=\"og:description\" content=\"O governador de Roraima, Antonio Denarium (PP), teve o mandato cassado pela terceira vez nesta segunda-feira (22) por ju\u00edzes do Tribunal Regional Eleitoral de Roraima (TRE-RR). Ele foi cassado por abuso de poder pol\u00edtico e econ\u00f4mico. Tamb\u00e9m foi aplicada a pena de inelegibilidade por 8 anos. Denarium pode recorrer da decis\u00e3o e, por enquanto, permanece no cargo. Em nota, a assessoria de Denarium informou que &#8220;respeita a decis\u00e3o judicial e reitera a confian\u00e7a na Justi\u00e7a e nas institui\u00e7\u00f5es democr\u00e1ticas&#8221;. Completou ainda que &#8220;acredita que a decis\u00e3o ser\u00e1 revertida em inst\u00e2ncia superior, esclarecendo todas as quest\u00f5es levantadas, apresentando os contrapontos necess\u00e1rios&#8221;. A a\u00e7\u00e3o foi ingressada pela coliga\u00e7\u00e3o &#8220;Roraima Muito Melhor&#8221;, que tinha como advers\u00e1ria de Denarium a ex-prefeita de Boa Vista,&hellip;\" \/>\n<meta property=\"og:url\" content=\"https:\/\/blogdofarnesio.com.br\/2024\/01\/governador-de-roraima-tem-mandato-cassado-pela-terceira-vez-no-tre-ja-pode-pedir-musica-no-fantastico\/\" \/>\n<meta property=\"og:site_name\" content=\"Blog do Farn\u00e9sio\" \/>\n<meta property=\"article:publisher\" content=\"https:\/\/www.facebook.com\/BlogQuerSaberPolitica\/\" \/>\n<meta property=\"article:author\" content=\"https:\/\/www.facebook.com\/?ref=tn_tnmn\" \/>\n<meta property=\"article:published_time\" content=\"2024-01-23T14:35:14+00:00\" \/>\n<meta property=\"og:image\" content=\"https:\/\/blogdofarnesio.com.br\/wp-content\/uploads\/2024\/01\/blogqsproraima-gov-denarium.png\" \/>\n\t<meta property=\"og:image:width\" content=\"633\" \/>\n\t<meta property=\"og:image:height\" content=\"358\" \/>\n\t<meta property=\"og:image:type\" content=\"image\/png\" \/>\n<meta name=\"author\" content=\"Farn\u00e9sio\" \/>\n<meta name=\"twitter:card\" content=\"summary_large_image\" \/>\n<meta name=\"twitter:label1\" content=\"Escrito por\" \/>\n\t<meta name=\"twitter:data1\" content=\"Farn\u00e9sio\" \/>\n\t<meta name=\"twitter:label2\" content=\"Est. tempo de leitura\" \/>\n\t<meta name=\"twitter:data2\" content=\"5 minutos\" \/>\n<script type=\"application\/ld+json\" class=\"yoast-schema-graph\">{\"@context\":\"https:\\\/\\\/schema.org\",\"@graph\":[{\"@type\":\"Article\",\"@id\":\"https:\\\/\\\/blogdofarnesio.com.br\\\/2024\\\/01\\\/governador-de-roraima-tem-mandato-cassado-pela-terceira-vez-no-tre-ja-pode-pedir-musica-no-fantastico\\\/#article\",\"isPartOf\":{\"@id\":\"https:\\\/\\\/blogdofarnesio.com.br\\\/2024\\\/01\\\/governador-de-roraima-tem-mandato-cassado-pela-terceira-vez-no-tre-ja-pode-pedir-musica-no-fantastico\\\/\"},\"author\":{\"name\":\"Farn\u00e9sio\",\"@id\":\"https:\\\/\\\/blogdofarnesio.com.br\\\/#\\\/schema\\\/person\\\/bb9b23ae3ad0609ce8df7b6c9e76824d\"},\"headline\":\"Governador de Roraima tem mandato cassado pela terceira vez no TRE: &#8220;J\u00e1 pode pedir m\u00fasica no fant\u00e1stico&#8221;\",\"datePublished\":\"2024-01-23T14:35:14+00:00\",\"mainEntityOfPage\":{\"@id\":\"https:\\\/\\\/blogdofarnesio.com.br\\\/2024\\\/01\\\/governador-de-roraima-tem-mandato-cassado-pela-terceira-vez-no-tre-ja-pode-pedir-musica-no-fantastico\\\/\"},\"wordCount\":836,\"commentCount\":0,\"publisher\":{\"@id\":\"https:\\\/\\\/blogdofarnesio.com.br\\\/#organization\"},\"image\":{\"@id\":\"https:\\\/\\\/blogdofarnesio.com.br\\\/2024\\\/01\\\/governador-de-roraima-tem-mandato-cassado-pela-terceira-vez-no-tre-ja-pode-pedir-musica-no-fantastico\\\/#primaryimage\"},\"thumbnailUrl\":\"https:\\\/\\\/blogdofarnesio.com.br\\\/wp-content\\\/uploads\\\/2024\\\/01\\\/blogqsproraima-gov-denarium.png\",\"articleSection\":[\"Pol\u00edtica\"],\"inLanguage\":\"pt-BR\",\"potentialAction\":[{\"@type\":\"CommentAction\",\"name\":\"Comment\",\"target\":[\"https:\\\/\\\/blogdofarnesio.com.br\\\/2024\\\/01\\\/governador-de-roraima-tem-mandato-cassado-pela-terceira-vez-no-tre-ja-pode-pedir-musica-no-fantastico\\\/#respond\"]}]},{\"@type\":\"WebPage\",\"@id\":\"https:\\\/\\\/blogdofarnesio.com.br\\\/2024\\\/01\\\/governador-de-roraima-tem-mandato-cassado-pela-terceira-vez-no-tre-ja-pode-pedir-musica-no-fantastico\\\/\",\"url\":\"https:\\\/\\\/blogdofarnesio.com.br\\\/2024\\\/01\\\/governador-de-roraima-tem-mandato-cassado-pela-terceira-vez-no-tre-ja-pode-pedir-musica-no-fantastico\\\/\",\"name\":\"Governador de Roraima tem mandato cassado pela terceira vez no TRE: \\\"J\u00e1 pode pedir m\u00fasica no fant\u00e1stico\\\" - Blog do Farn\u00e9sio\",\"isPartOf\":{\"@id\":\"https:\\\/\\\/blogdofarnesio.com.br\\\/#website\"},\"primaryImageOfPage\":{\"@id\":\"https:\\\/\\\/blogdofarnesio.com.br\\\/2024\\\/01\\\/governador-de-roraima-tem-mandato-cassado-pela-terceira-vez-no-tre-ja-pode-pedir-musica-no-fantastico\\\/#primaryimage\"},\"image\":{\"@id\":\"https:\\\/\\\/blogdofarnesio.com.br\\\/2024\\\/01\\\/governador-de-roraima-tem-mandato-cassado-pela-terceira-vez-no-tre-ja-pode-pedir-musica-no-fantastico\\\/#primaryimage\"},\"thumbnailUrl\":\"https:\\\/\\\/blogdofarnesio.com.br\\\/wp-content\\\/uploads\\\/2024\\\/01\\\/blogqsproraima-gov-denarium.png\",\"datePublished\":\"2024-01-23T14:35:14+00:00\",\"breadcrumb\":{\"@id\":\"https:\\\/\\\/blogdofarnesio.com.br\\\/2024\\\/01\\\/governador-de-roraima-tem-mandato-cassado-pela-terceira-vez-no-tre-ja-pode-pedir-musica-no-fantastico\\\/#breadcrumb\"},\"inLanguage\":\"pt-BR\",\"potentialAction\":[{\"@type\":\"ReadAction\",\"target\":[\"https:\\\/\\\/blogdofarnesio.com.br\\\/2024\\\/01\\\/governador-de-roraima-tem-mandato-cassado-pela-terceira-vez-no-tre-ja-pode-pedir-musica-no-fantastico\\\/\"]}]},{\"@type\":\"ImageObject\",\"inLanguage\":\"pt-BR\",\"@id\":\"https:\\\/\\\/blogdofarnesio.com.br\\\/2024\\\/01\\\/governador-de-roraima-tem-mandato-cassado-pela-terceira-vez-no-tre-ja-pode-pedir-musica-no-fantastico\\\/#primaryimage\",\"url\":\"https:\\\/\\\/blogdofarnesio.com.br\\\/wp-content\\\/uploads\\\/2024\\\/01\\\/blogqsproraima-gov-denarium.png\",\"contentUrl\":\"https:\\\/\\\/blogdofarnesio.com.br\\\/wp-content\\\/uploads\\\/2024\\\/01\\\/blogqsproraima-gov-denarium.png\",\"width\":633,\"height\":358},{\"@type\":\"BreadcrumbList\",\"@id\":\"https:\\\/\\\/blogdofarnesio.com.br\\\/2024\\\/01\\\/governador-de-roraima-tem-mandato-cassado-pela-terceira-vez-no-tre-ja-pode-pedir-musica-no-fantastico\\\/#breadcrumb\",\"itemListElement\":[{\"@type\":\"ListItem\",\"position\":1,\"name\":\"In\u00edcio\",\"item\":\"https:\\\/\\\/blogdofarnesio.com.br\\\/\"},{\"@type\":\"ListItem\",\"position\":2,\"name\":\"Governador de Roraima tem mandato cassado pela terceira vez no TRE: &#8220;J\u00e1 pode pedir m\u00fasica no fant\u00e1stico&#8221;\"}]},{\"@type\":\"WebSite\",\"@id\":\"https:\\\/\\\/blogdofarnesio.com.br\\\/#website\",\"url\":\"https:\\\/\\\/blogdofarnesio.com.br\\\/\",\"name\":\"Blog do Farn\u00e9sio\",\"description\":\"Quer Saber Pol\u00edtica?\",\"publisher\":{\"@id\":\"https:\\\/\\\/blogdofarnesio.com.br\\\/#organization\"},\"potentialAction\":[{\"@type\":\"SearchAction\",\"target\":{\"@type\":\"EntryPoint\",\"urlTemplate\":\"https:\\\/\\\/blogdofarnesio.com.br\\\/?s={search_term_string}\"},\"query-input\":{\"@type\":\"PropertyValueSpecification\",\"valueRequired\":true,\"valueName\":\"search_term_string\"}}],\"inLanguage\":\"pt-BR\"},{\"@type\":\"Organization\",\"@id\":\"https:\\\/\\\/blogdofarnesio.com.br\\\/#organization\",\"name\":\"Blog do Farn\u00e9sio\",\"url\":\"https:\\\/\\\/blogdofarnesio.com.br\\\/\",\"logo\":{\"@type\":\"ImageObject\",\"inLanguage\":\"pt-BR\",\"@id\":\"https:\\\/\\\/blogdofarnesio.com.br\\\/#\\\/schema\\\/logo\\\/image\\\/\",\"url\":\"https:\\\/\\\/blogdofarnesio.com.br\\\/wp-content\\\/uploads\\\/2026\\\/03\\\/cropped-logo_new-1.png\",\"contentUrl\":\"https:\\\/\\\/blogdofarnesio.com.br\\\/wp-content\\\/uploads\\\/2026\\\/03\\\/cropped-logo_new-1.png\",\"width\":881,\"height\":685,\"caption\":\"Blog do Farn\u00e9sio\"},\"image\":{\"@id\":\"https:\\\/\\\/blogdofarnesio.com.br\\\/#\\\/schema\\\/logo\\\/image\\\/\"},\"sameAs\":[\"https:\\\/\\\/www.facebook.com\\\/BlogQuerSaberPolitica\\\/\"]},{\"@type\":\"Person\",\"@id\":\"https:\\\/\\\/blogdofarnesio.com.br\\\/#\\\/schema\\\/person\\\/bb9b23ae3ad0609ce8df7b6c9e76824d\",\"name\":\"Farn\u00e9sio\",\"image\":{\"@type\":\"ImageObject\",\"inLanguage\":\"pt-BR\",\"@id\":\"https:\\\/\\\/secure.gravatar.com\\\/avatar\\\/986aa4c61ccdb66f8555bf88fc2a65609d00bcabd4d2d94377a727547345cbca?s=96&d=mm&r=g\",\"url\":\"https:\\\/\\\/secure.gravatar.com\\\/avatar\\\/986aa4c61ccdb66f8555bf88fc2a65609d00bcabd4d2d94377a727547345cbca?s=96&d=mm&r=g\",\"contentUrl\":\"https:\\\/\\\/secure.gravatar.com\\\/avatar\\\/986aa4c61ccdb66f8555bf88fc2a65609d00bcabd4d2d94377a727547345cbca?s=96&d=mm&r=g\",\"caption\":\"Farn\u00e9sio\"},\"description\":\"Radialista blogueiro, chegou a Petrolina\\\/Juazeiro em setembro de 1980, Farn\u00e9sio Silva \u00e9 de Arapiraca-Alagoas.\",\"sameAs\":[\"http:\\\/\\\/blogdofarnesio.com.br\",\"https:\\\/\\\/www.facebook.com\\\/?ref=tn_tnmn\",\"https:\\\/\\\/www.instagram.com\\\/?utm_source=pwa_homescreen\",\"https:\\\/\\\/youtube.com.br\\\/\"],\"url\":\"https:\\\/\\\/blogdofarnesio.com.br\\\/author\\\/farnesio-2\\\/\"}]}<\/script>\n<!-- \/ Yoast SEO plugin. -->","yoast_head_json":{"title":"Governador de Roraima tem mandato cassado pela terceira vez no TRE: \"J\u00e1 pode pedir m\u00fasica no fant\u00e1stico\" - Blog do Farn\u00e9sio","robots":{"index":"index","follow":"follow","max-snippet":"max-snippet:-1","max-image-preview":"max-image-preview:large","max-video-preview":"max-video-preview:-1"},"canonical":"https:\/\/blogdofarnesio.com.br\/2024\/01\/governador-de-roraima-tem-mandato-cassado-pela-terceira-vez-no-tre-ja-pode-pedir-musica-no-fantastico\/","og_locale":"pt_BR","og_type":"article","og_title":"Governador de Roraima tem mandato cassado pela terceira vez no TRE: \"J\u00e1 pode pedir m\u00fasica no fant\u00e1stico\" - Blog do Farn\u00e9sio","og_description":"O governador de Roraima, Antonio Denarium (PP), teve o mandato cassado pela terceira vez nesta segunda-feira (22) por ju\u00edzes do Tribunal Regional Eleitoral de Roraima (TRE-RR). Ele foi cassado por abuso de poder pol\u00edtico e econ\u00f4mico. Tamb\u00e9m foi aplicada a pena de inelegibilidade por 8 anos. Denarium pode recorrer da decis\u00e3o e, por enquanto, permanece no cargo. Em nota, a assessoria de Denarium informou que &#8220;respeita a decis\u00e3o judicial e reitera a confian\u00e7a na Justi\u00e7a e nas institui\u00e7\u00f5es democr\u00e1ticas&#8221;. Completou ainda que &#8220;acredita que a decis\u00e3o ser\u00e1 revertida em inst\u00e2ncia superior, esclarecendo todas as quest\u00f5es levantadas, apresentando os contrapontos necess\u00e1rios&#8221;. A a\u00e7\u00e3o foi ingressada pela coliga\u00e7\u00e3o &#8220;Roraima Muito Melhor&#8221;, que tinha como advers\u00e1ria de Denarium a ex-prefeita de Boa Vista,&hellip;","og_url":"https:\/\/blogdofarnesio.com.br\/2024\/01\/governador-de-roraima-tem-mandato-cassado-pela-terceira-vez-no-tre-ja-pode-pedir-musica-no-fantastico\/","og_site_name":"Blog do Farn\u00e9sio","article_publisher":"https:\/\/www.facebook.com\/BlogQuerSaberPolitica\/","article_author":"https:\/\/www.facebook.com\/?ref=tn_tnmn","article_published_time":"2024-01-23T14:35:14+00:00","og_image":[{"width":633,"height":358,"url":"https:\/\/blogdofarnesio.com.br\/wp-content\/uploads\/2024\/01\/blogqsproraima-gov-denarium.png","type":"image\/png"}],"author":"Farn\u00e9sio","twitter_card":"summary_large_image","twitter_misc":{"Escrito por":"Farn\u00e9sio","Est. tempo de leitura":"5 minutos"},"schema":{"@context":"https:\/\/schema.org","@graph":[{"@type":"Article","@id":"https:\/\/blogdofarnesio.com.br\/2024\/01\/governador-de-roraima-tem-mandato-cassado-pela-terceira-vez-no-tre-ja-pode-pedir-musica-no-fantastico\/#article","isPartOf":{"@id":"https:\/\/blogdofarnesio.com.br\/2024\/01\/governador-de-roraima-tem-mandato-cassado-pela-terceira-vez-no-tre-ja-pode-pedir-musica-no-fantastico\/"},"author":{"name":"Farn\u00e9sio","@id":"https:\/\/blogdofarnesio.com.br\/#\/schema\/person\/bb9b23ae3ad0609ce8df7b6c9e76824d"},"headline":"Governador de Roraima tem mandato cassado pela terceira vez no TRE: &#8220;J\u00e1 pode pedir m\u00fasica no fant\u00e1stico&#8221;","datePublished":"2024-01-23T14:35:14+00:00","mainEntityOfPage":{"@id":"https:\/\/blogdofarnesio.com.br\/2024\/01\/governador-de-roraima-tem-mandato-cassado-pela-terceira-vez-no-tre-ja-pode-pedir-musica-no-fantastico\/"},"wordCount":836,"commentCount":0,"publisher":{"@id":"https:\/\/blogdofarnesio.com.br\/#organization"},"image":{"@id":"https:\/\/blogdofarnesio.com.br\/2024\/01\/governador-de-roraima-tem-mandato-cassado-pela-terceira-vez-no-tre-ja-pode-pedir-musica-no-fantastico\/#primaryimage"},"thumbnailUrl":"https:\/\/blogdofarnesio.com.br\/wp-content\/uploads\/2024\/01\/blogqsproraima-gov-denarium.png","articleSection":["Pol\u00edtica"],"inLanguage":"pt-BR","potentialAction":[{"@type":"CommentAction","name":"Comment","target":["https:\/\/blogdofarnesio.com.br\/2024\/01\/governador-de-roraima-tem-mandato-cassado-pela-terceira-vez-no-tre-ja-pode-pedir-musica-no-fantastico\/#respond"]}]},{"@type":"WebPage","@id":"https:\/\/blogdofarnesio.com.br\/2024\/01\/governador-de-roraima-tem-mandato-cassado-pela-terceira-vez-no-tre-ja-pode-pedir-musica-no-fantastico\/","url":"https:\/\/blogdofarnesio.com.br\/2024\/01\/governador-de-roraima-tem-mandato-cassado-pela-terceira-vez-no-tre-ja-pode-pedir-musica-no-fantastico\/","name":"Governador de Roraima tem mandato cassado pela terceira vez no TRE: \"J\u00e1 pode pedir m\u00fasica no fant\u00e1stico\" - Blog do Farn\u00e9sio","isPartOf":{"@id":"https:\/\/blogdofarnesio.com.br\/#website"},"primaryImageOfPage":{"@id":"https:\/\/blogdofarnesio.com.br\/2024\/01\/governador-de-roraima-tem-mandato-cassado-pela-terceira-vez-no-tre-ja-pode-pedir-musica-no-fantastico\/#primaryimage"},"image":{"@id":"https:\/\/blogdofarnesio.com.br\/2024\/01\/governador-de-roraima-tem-mandato-cassado-pela-terceira-vez-no-tre-ja-pode-pedir-musica-no-fantastico\/#primaryimage"},"thumbnailUrl":"https:\/\/blogdofarnesio.com.br\/wp-content\/uploads\/2024\/01\/blogqsproraima-gov-denarium.png","datePublished":"2024-01-23T14:35:14+00:00","breadcrumb":{"@id":"https:\/\/blogdofarnesio.com.br\/2024\/01\/governador-de-roraima-tem-mandato-cassado-pela-terceira-vez-no-tre-ja-pode-pedir-musica-no-fantastico\/#breadcrumb"},"inLanguage":"pt-BR","potentialAction":[{"@type":"ReadAction","target":["https:\/\/blogdofarnesio.com.br\/2024\/01\/governador-de-roraima-tem-mandato-cassado-pela-terceira-vez-no-tre-ja-pode-pedir-musica-no-fantastico\/"]}]},{"@type":"ImageObject","inLanguage":"pt-BR","@id":"https:\/\/blogdofarnesio.com.br\/2024\/01\/governador-de-roraima-tem-mandato-cassado-pela-terceira-vez-no-tre-ja-pode-pedir-musica-no-fantastico\/#primaryimage","url":"https:\/\/blogdofarnesio.com.br\/wp-content\/uploads\/2024\/01\/blogqsproraima-gov-denarium.png","contentUrl":"https:\/\/blogdofarnesio.com.br\/wp-content\/uploads\/2024\/01\/blogqsproraima-gov-denarium.png","width":633,"height":358},{"@type":"BreadcrumbList","@id":"https:\/\/blogdofarnesio.com.br\/2024\/01\/governador-de-roraima-tem-mandato-cassado-pela-terceira-vez-no-tre-ja-pode-pedir-musica-no-fantastico\/#breadcrumb","itemListElement":[{"@type":"ListItem","position":1,"name":"In\u00edcio","item":"https:\/\/blogdofarnesio.com.br\/"},{"@type":"ListItem","position":2,"name":"Governador de Roraima tem mandato cassado pela terceira vez no TRE: &#8220;J\u00e1 pode pedir m\u00fasica no fant\u00e1stico&#8221;"}]},{"@type":"WebSite","@id":"https:\/\/blogdofarnesio.com.br\/#website","url":"https:\/\/blogdofarnesio.com.br\/","name":"Blog do Farn\u00e9sio","description":"Quer Saber Pol\u00edtica?","publisher":{"@id":"https:\/\/blogdofarnesio.com.br\/#organization"},"potentialAction":[{"@type":"SearchAction","target":{"@type":"EntryPoint","urlTemplate":"https:\/\/blogdofarnesio.com.br\/?s={search_term_string}"},"query-input":{"@type":"PropertyValueSpecification","valueRequired":true,"valueName":"search_term_string"}}],"inLanguage":"pt-BR"},{"@type":"Organization","@id":"https:\/\/blogdofarnesio.com.br\/#organization","name":"Blog do Farn\u00e9sio","url":"https:\/\/blogdofarnesio.com.br\/","logo":{"@type":"ImageObject","inLanguage":"pt-BR","@id":"https:\/\/blogdofarnesio.com.br\/#\/schema\/logo\/image\/","url":"https:\/\/blogdofarnesio.com.br\/wp-content\/uploads\/2026\/03\/cropped-logo_new-1.png","contentUrl":"https:\/\/blogdofarnesio.com.br\/wp-content\/uploads\/2026\/03\/cropped-logo_new-1.png","width":881,"height":685,"caption":"Blog do Farn\u00e9sio"},"image":{"@id":"https:\/\/blogdofarnesio.com.br\/#\/schema\/logo\/image\/"},"sameAs":["https:\/\/www.facebook.com\/BlogQuerSaberPolitica\/"]},{"@type":"Person","@id":"https:\/\/blogdofarnesio.com.br\/#\/schema\/person\/bb9b23ae3ad0609ce8df7b6c9e76824d","name":"Farn\u00e9sio","image":{"@type":"ImageObject","inLanguage":"pt-BR","@id":"https:\/\/secure.gravatar.com\/avatar\/986aa4c61ccdb66f8555bf88fc2a65609d00bcabd4d2d94377a727547345cbca?s=96&d=mm&r=g","url":"https:\/\/secure.gravatar.com\/avatar\/986aa4c61ccdb66f8555bf88fc2a65609d00bcabd4d2d94377a727547345cbca?s=96&d=mm&r=g","contentUrl":"https:\/\/secure.gravatar.com\/avatar\/986aa4c61ccdb66f8555bf88fc2a65609d00bcabd4d2d94377a727547345cbca?s=96&d=mm&r=g","caption":"Farn\u00e9sio"},"description":"Radialista blogueiro, chegou a Petrolina\/Juazeiro em setembro de 1980, Farn\u00e9sio Silva \u00e9 de Arapiraca-Alagoas.","sameAs":["http:\/\/blogdofarnesio.com.br","https:\/\/www.facebook.com\/?ref=tn_tnmn","https:\/\/www.instagram.com\/?utm_source=pwa_homescreen","https:\/\/youtube.com.br\/"],"url":"https:\/\/blogdofarnesio.com.br\/author\/farnesio-2\/"}]}},"_links":{"self":[{"href":"https:\/\/blogdofarnesio.com.br\/wp-json\/wp\/v2\/posts\/359655","targetHints":{"allow":["GET"]}}],"collection":[{"href":"https:\/\/blogdofarnesio.com.br\/wp-json\/wp\/v2\/posts"}],"about":[{"href":"https:\/\/blogdofarnesio.com.br\/wp-json\/wp\/v2\/types\/post"}],"author":[{"embeddable":true,"href":"https:\/\/blogdofarnesio.com.br\/wp-json\/wp\/v2\/users\/2"}],"replies":[{"embeddable":true,"href":"https:\/\/blogdofarnesio.com.br\/wp-json\/wp\/v2\/comments?post=359655"}],"version-history":[{"count":0,"href":"https:\/\/blogdofarnesio.com.br\/wp-json\/wp\/v2\/posts\/359655\/revisions"}],"wp:featuredmedia":[{"embeddable":true,"href":"https:\/\/blogdofarnesio.com.br\/wp-json\/wp\/v2\/media\/359656"}],"wp:attachment":[{"href":"https:\/\/blogdofarnesio.com.br\/wp-json\/wp\/v2\/media?parent=359655"}],"wp:term":[{"taxonomy":"category","embeddable":true,"href":"https:\/\/blogdofarnesio.com.br\/wp-json\/wp\/v2\/categories?post=359655"},{"taxonomy":"post_tag","embeddable":true,"href":"https:\/\/blogdofarnesio.com.br\/wp-json\/wp\/v2\/tags?post=359655"}],"curies":[{"name":"wp","href":"https:\/\/api.w.org\/{rel}","templated":true}]}}