{"id":359634,"date":"2024-01-23T08:42:43","date_gmt":"2024-01-23T11:42:43","guid":{"rendered":"https:\/\/blogdofarnesio.com.br\/?p=359634"},"modified":"2024-01-22T17:36:23","modified_gmt":"2024-01-22T20:36:23","slug":"especial-concentracao-no-mercado-de-sementes-acentua-desigualdades-na-cidade-e-no-campo","status":"publish","type":"post","link":"https:\/\/blogdofarnesio.com.br\/?p=359634","title":{"rendered":"Especial: Concentra\u00e7\u00e3o no mercado de sementes acentua desigualdades na cidade e no campo"},"content":{"rendered":"<p>Vinicius Konchinski\/Brasil de Fato |<\/p>\n<p>Cerca de 40% das sementes vendidas no mundo s\u00e3o provenientes de apenas duas empresas, segundo relat\u00f3rio<\/p>\n<p>O aumento da desigualdade no Brasil e no mundo est\u00e1 ligado ao crescimento do poder exercido por algumas empresas sobre setores cruciais da economia, como o de produ\u00e7\u00e3o de sementes. Desde 2020, duas grandes companhias \u2013 Bayer, da Alemanha, e Corteva Agriscience, dos Estados Unidos \u2013 controlam 40% do mercado desses insumos, essenciais para a produ\u00e7\u00e3o de alimentos. Em 1996, elas dividiram essa mesma fatia do mercado com outras oito concorrentes que acabaram sendo incorporadas ou perderam espa\u00e7o no segmento.<\/p>\n<p>Os dados sobre a concentra\u00e7\u00e3o do mercado de sementes foram elaborados pela organiza\u00e7\u00e3o ETC Group e est\u00e3o no relat\u00f3rio \u201cDesigualdade S.A\u201d, divulgado na segunda-feira (15) pela organiza\u00e7\u00e3o internacional Oxfam, que re\u00fane informa\u00e7\u00f5es e an\u00e1lises sobre o aumento da discrep\u00e2ncia social entre ricos e pobres no mundo.<\/p>\n<p>Segundo a Oxfam, a riqueza dos cinco mais ricos do mundo dobrou desde 2020. Ao mesmo tempo, 60% da popula\u00e7\u00e3o global \u2013 cerca de 5 bilh\u00f5es de pessoas \u2013 ficou mais pobre. Isso aconteceu, em parte, por conta da concentra\u00e7\u00e3o do poder de poucas e determinadas companhias sobre agricultura, por exemplo.<\/p>\n<p>&nbsp;<\/p>\n<p>Gr\u00e1fico mostra evolu\u00e7\u00e3o da concentra\u00e7\u00e3o do mercado mundial de sementes \/ Reprodu\u00e7\u00e3o\/Oxfam<\/p>\n<p>Segundo o economista e engenheiro agr\u00f4nomo Jos\u00e9 Giacomo Baccarin, que foi secret\u00e1rio de Seguran\u00e7a Alimentar e Nutricional do governo federal entre 2003 e 2005, essas grandes empresas de sementes atuavam primeiramente na produ\u00e7\u00e3o de agrot\u00f3xicos. Expandiram suas atividades produzindo sementes transg\u00eanicas, com mudan\u00e7as gen\u00e9ticas para torn\u00e1-las mais resistentes justamente a herbicidas.<\/p>\n<p>Hoje, dominam o mercado, inclusive no Brasil. \u201cNo come\u00e7o do s\u00e9culo XXI, mais de 40% das variedades de soja usadas pelos agricultores nacionais provinham do melhoramento gen\u00e9tico produzido pela Embrapa [estatal brasileira]. Atualmente, isso n\u00e3o passa de 5%\u201d, disse Baccarin.<\/p>\n<p>O economista e agr\u00f4nomo reconhece que o trabalho delas em melhorar geneticamente as sementes traz ganhos \u00e0 agricultura pois tende a aumentar a produ\u00e7\u00e3o e reduzir pre\u00e7os. Por\u00e9m ressalta que \u00e9 ineg\u00e1vel como \u201cos monop\u00f3lios \u2013 ou duop\u00f3lio, no caso \u2013 tendem a dar \u00e0s duas empresas um grande poder de mercado e capacidade de fixar pre\u00e7os [pelos seus produtos] acima do custo m\u00e9dio&#8221;, o que \u00e9 ruim para agricultura e para popula\u00e7\u00e3o.<\/p>\n<p>Se a semente est\u00e1 mais cara, a tend\u00eancia \u00e9 que o produto fique mais caro tamb\u00e9m. O aumento de pre\u00e7o dos alimentos prejudica principalmente os mais pobres, que comprometem uma fatia maior de sua renda com a comida. Aumenta, portanto, a desigualdade.<\/p>\n<p>:: Como as privatiza\u00e7\u00f5es contribuem para o aumento da desigualdade no Brasil e no mundo ::<\/p>\n<p>Baccarin lembrou tamb\u00e9m que as grandes fornecedoras de sementes transg\u00eanicas cobram royalties de agricultores se eles usam parte da produ\u00e7\u00e3o cultivada com sementes compradas em um ano para semear no ano seguinte. Isso cria um custo extra.<\/p>\n<p>\u201cNo caso das plantas aut\u00f3gamas [que se autofecundam, como soja, arroz e caf\u00e9], os agricultores podem usar os gr\u00e3os de uma colheita como semente da pr\u00f3xima safra. Hoje as empresas de sementes exigem que sejam pagos royalties para isto. Deve-se intervir nesta cobran\u00e7a e, talvez, at\u00e9 isentar o agricultor familiar de seu pagamento\u201d, defendeu.<\/p>\n<p>Sementes crioulas<\/p>\n<p>Giselda Coelho, da dire\u00e7\u00e3o nacional do Movimentos dos Trabalhadores Rurais Sem Terra (MST), afirmou que sementes transg\u00eanicas, diferentemente das naturais, s\u00e3o pensadas para gerarem uma colheita cada vez menor quando replantadas. Isso obriga o agricultor que as utiliza a comprar sementes novas todo ano.<\/p>\n<p>\u201cVendendo sementes, as corpora\u00e7\u00f5es controlam cada vez mais a base da alimenta\u00e7\u00e3o, inclusive no Brasil\u201d, disse ela. \u201cCerca de 92% da soja produzida aqui \u00e9 transg\u00eanica e cerca de 90% do milho. Esses produtos s\u00e3o base para muitos alimentos.\u201d<\/p>\n<p>Carolina Bueno, economista e pesquisadora interessada em agricultura familiar, afirma \u00e9 uma quest\u00e3o de soberania alimentar no Brasil e no mundo reduzir o poder das grandes empresas sobre o mercado de sementes,<\/p>\n<p>Giselda, do MST, sugere fortalecer o papel da Companhia Nacional de Abastecimento (Conab) no fornecimento desses insumos e tamb\u00e9m na produ\u00e7\u00e3o de sementes naturais pelos pr\u00f3prios agricultores, chamadas de sementes crioulas.<\/p>\n<p>Essas sementes s\u00e3o coletadas em cada lavoura para abastecer a lavoura seguinte. \u00c9 um trabalho manual e dif\u00edcil, disse Giselda. Mas que ajuda a manter os agricultores independentes da ind\u00fastria.<\/p>\n<p>\u201cNo caso das sementes crioulas, o agricultor pode ir melhorando ao longo dos anos essa semente, as escolhendo dos melhores p\u00e9s, replantando. Mas isso \u00e9 um processo lento e longo\u201d, explicou, lembrando que isso \u00e9 feito sem apoio governamental.<\/p>\n<p>Edi\u00e7\u00e3o: Matheus Alves de Almeida<\/p>\n","protected":false},"excerpt":{"rendered":"<p>Vinicius Konchinski\/Brasil de Fato | Cerca de 40% das sementes vendidas no mundo s\u00e3o provenientes de apenas duas empresas, segundo relat\u00f3rio O aumento da desigualdade no Brasil e no mundo est\u00e1 ligado ao crescimento do poder exercido por algumas empresas sobre setores cruciais da economia, como o de produ\u00e7\u00e3o de sementes. Desde 2020, duas grandes companhias \u2013 Bayer, da Alemanha, e Corteva Agriscience, dos Estados Unidos \u2013 controlam 40% do mercado desses insumos, essenciais para a produ\u00e7\u00e3o de alimentos. Em 1996, elas dividiram essa mesma fatia do mercado com outras oito concorrentes que acabaram sendo incorporadas ou perderam espa\u00e7o no segmento. Os dados sobre a concentra\u00e7\u00e3o do mercado de sementes foram elaborados pela organiza\u00e7\u00e3o ETC Group e est\u00e3o no relat\u00f3rio&hellip; <\/p>\n","protected":false},"author":2,"featured_media":72524,"comment_status":"open","ping_status":"open","sticky":false,"template":"","format":"standard","meta":{"_acf_changed":false,"footnotes":""},"categories":[43],"tags":[],"class_list":["post-359634","post","type-post","status-publish","format-standard","has-post-thumbnail","hentry","category-sem-categoria"],"acf":[],"yoast_head":"<!-- This site is optimized with the Yoast SEO plugin v27.4 - https:\/\/yoast.com\/product\/yoast-seo-wordpress\/ -->\n<title>Especial: Concentra\u00e7\u00e3o no mercado de sementes acentua desigualdades na cidade e no campo - Blog do Farn\u00e9sio<\/title>\n<meta name=\"robots\" content=\"index, follow, max-snippet:-1, max-image-preview:large, max-video-preview:-1\" \/>\n<link rel=\"canonical\" href=\"https:\/\/blogdofarnesio.com.br\/?p=359634\" \/>\n<meta property=\"og:locale\" content=\"pt_BR\" \/>\n<meta property=\"og:type\" content=\"article\" \/>\n<meta property=\"og:title\" content=\"Especial: Concentra\u00e7\u00e3o no mercado de sementes acentua desigualdades na cidade e no campo - Blog do Farn\u00e9sio\" \/>\n<meta property=\"og:description\" content=\"Vinicius Konchinski\/Brasil de Fato | Cerca de 40% das sementes vendidas no mundo s\u00e3o provenientes de apenas duas empresas, segundo relat\u00f3rio O aumento da desigualdade no Brasil e no mundo est\u00e1 ligado ao crescimento do poder exercido por algumas empresas sobre setores cruciais da economia, como o de produ\u00e7\u00e3o de sementes. Desde 2020, duas grandes companhias \u2013 Bayer, da Alemanha, e Corteva Agriscience, dos Estados Unidos \u2013 controlam 40% do mercado desses insumos, essenciais para a produ\u00e7\u00e3o de alimentos. Em 1996, elas dividiram essa mesma fatia do mercado com outras oito concorrentes que acabaram sendo incorporadas ou perderam espa\u00e7o no segmento. Os dados sobre a concentra\u00e7\u00e3o do mercado de sementes foram elaborados pela organiza\u00e7\u00e3o ETC Group e est\u00e3o no relat\u00f3rio&hellip;\" \/>\n<meta property=\"og:url\" content=\"https:\/\/blogdofarnesio.com.br\/?p=359634\" \/>\n<meta property=\"og:site_name\" content=\"Blog do Farn\u00e9sio\" \/>\n<meta property=\"article:publisher\" content=\"https:\/\/www.facebook.com\/BlogQuerSaberPolitica\/\" \/>\n<meta property=\"article:author\" content=\"https:\/\/www.facebook.com\/?ref=tn_tnmn\" \/>\n<meta property=\"article:published_time\" content=\"2024-01-23T11:42:43+00:00\" \/>\n<meta property=\"og:image\" content=\"https:\/\/blogdofarnesio.com.br\/wp-content\/uploads\/2014\/02\/Produ\u00e7\u00e3o-de-campo-de-sementes-implantado-pela-EBDA-supera-expectativas.jpg\" \/>\n\t<meta property=\"og:image:width\" content=\"400\" \/>\n\t<meta property=\"og:image:height\" content=\"332\" \/>\n\t<meta property=\"og:image:type\" content=\"image\/jpeg\" \/>\n<meta name=\"author\" content=\"Farn\u00e9sio\" \/>\n<meta name=\"twitter:card\" content=\"summary_large_image\" \/>\n<meta name=\"twitter:label1\" content=\"Escrito por\" \/>\n\t<meta name=\"twitter:data1\" content=\"Farn\u00e9sio\" \/>\n\t<meta name=\"twitter:label2\" content=\"Est. tempo de leitura\" \/>\n\t<meta name=\"twitter:data2\" content=\"5 minutos\" \/>\n<script type=\"application\/ld+json\" class=\"yoast-schema-graph\">{\"@context\":\"https:\\\/\\\/schema.org\",\"@graph\":[{\"@type\":\"Article\",\"@id\":\"https:\\\/\\\/blogdofarnesio.com.br\\\/?p=359634#article\",\"isPartOf\":{\"@id\":\"https:\\\/\\\/blogdofarnesio.com.br\\\/?p=359634\"},\"author\":{\"name\":\"Farn\u00e9sio\",\"@id\":\"https:\\\/\\\/blogdofarnesio.com.br\\\/#\\\/schema\\\/person\\\/bb9b23ae3ad0609ce8df7b6c9e76824d\"},\"headline\":\"Especial: Concentra\u00e7\u00e3o no mercado de sementes acentua desigualdades na cidade e no campo\",\"datePublished\":\"2024-01-23T11:42:43+00:00\",\"mainEntityOfPage\":{\"@id\":\"https:\\\/\\\/blogdofarnesio.com.br\\\/?p=359634\"},\"wordCount\":801,\"commentCount\":0,\"publisher\":{\"@id\":\"https:\\\/\\\/blogdofarnesio.com.br\\\/#organization\"},\"image\":{\"@id\":\"https:\\\/\\\/blogdofarnesio.com.br\\\/?p=359634#primaryimage\"},\"thumbnailUrl\":\"https:\\\/\\\/blogdofarnesio.com.br\\\/wp-content\\\/uploads\\\/2014\\\/02\\\/Produ\u00e7\u00e3o-de-campo-de-sementes-implantado-pela-EBDA-supera-expectativas.jpg\",\"inLanguage\":\"pt-BR\",\"potentialAction\":[{\"@type\":\"CommentAction\",\"name\":\"Comment\",\"target\":[\"https:\\\/\\\/blogdofarnesio.com.br\\\/?p=359634#respond\"]}]},{\"@type\":\"WebPage\",\"@id\":\"https:\\\/\\\/blogdofarnesio.com.br\\\/?p=359634\",\"url\":\"https:\\\/\\\/blogdofarnesio.com.br\\\/?p=359634\",\"name\":\"Especial: Concentra\u00e7\u00e3o no mercado de sementes acentua desigualdades na cidade e no campo - Blog do Farn\u00e9sio\",\"isPartOf\":{\"@id\":\"https:\\\/\\\/blogdofarnesio.com.br\\\/#website\"},\"primaryImageOfPage\":{\"@id\":\"https:\\\/\\\/blogdofarnesio.com.br\\\/?p=359634#primaryimage\"},\"image\":{\"@id\":\"https:\\\/\\\/blogdofarnesio.com.br\\\/?p=359634#primaryimage\"},\"thumbnailUrl\":\"https:\\\/\\\/blogdofarnesio.com.br\\\/wp-content\\\/uploads\\\/2014\\\/02\\\/Produ\u00e7\u00e3o-de-campo-de-sementes-implantado-pela-EBDA-supera-expectativas.jpg\",\"datePublished\":\"2024-01-23T11:42:43+00:00\",\"breadcrumb\":{\"@id\":\"https:\\\/\\\/blogdofarnesio.com.br\\\/?p=359634#breadcrumb\"},\"inLanguage\":\"pt-BR\",\"potentialAction\":[{\"@type\":\"ReadAction\",\"target\":[\"https:\\\/\\\/blogdofarnesio.com.br\\\/?p=359634\"]}]},{\"@type\":\"ImageObject\",\"inLanguage\":\"pt-BR\",\"@id\":\"https:\\\/\\\/blogdofarnesio.com.br\\\/?p=359634#primaryimage\",\"url\":\"https:\\\/\\\/blogdofarnesio.com.br\\\/wp-content\\\/uploads\\\/2014\\\/02\\\/Produ\u00e7\u00e3o-de-campo-de-sementes-implantado-pela-EBDA-supera-expectativas.jpg\",\"contentUrl\":\"https:\\\/\\\/blogdofarnesio.com.br\\\/wp-content\\\/uploads\\\/2014\\\/02\\\/Produ\u00e7\u00e3o-de-campo-de-sementes-implantado-pela-EBDA-supera-expectativas.jpg\",\"width\":400,\"height\":332,\"caption\":\"Imagem Ilustrativa\"},{\"@type\":\"BreadcrumbList\",\"@id\":\"https:\\\/\\\/blogdofarnesio.com.br\\\/?p=359634#breadcrumb\",\"itemListElement\":[{\"@type\":\"ListItem\",\"position\":1,\"name\":\"In\u00edcio\",\"item\":\"https:\\\/\\\/blogdofarnesio.com.br\\\/\"},{\"@type\":\"ListItem\",\"position\":2,\"name\":\"Especial: Concentra\u00e7\u00e3o no mercado de sementes acentua desigualdades na cidade e no campo\"}]},{\"@type\":\"WebSite\",\"@id\":\"https:\\\/\\\/blogdofarnesio.com.br\\\/#website\",\"url\":\"https:\\\/\\\/blogdofarnesio.com.br\\\/\",\"name\":\"Blog do Farn\u00e9sio\",\"description\":\"Quer Saber Pol\u00edtica?\",\"publisher\":{\"@id\":\"https:\\\/\\\/blogdofarnesio.com.br\\\/#organization\"},\"potentialAction\":[{\"@type\":\"SearchAction\",\"target\":{\"@type\":\"EntryPoint\",\"urlTemplate\":\"https:\\\/\\\/blogdofarnesio.com.br\\\/?s={search_term_string}\"},\"query-input\":{\"@type\":\"PropertyValueSpecification\",\"valueRequired\":true,\"valueName\":\"search_term_string\"}}],\"inLanguage\":\"pt-BR\"},{\"@type\":\"Organization\",\"@id\":\"https:\\\/\\\/blogdofarnesio.com.br\\\/#organization\",\"name\":\"Blog do Farn\u00e9sio\",\"url\":\"https:\\\/\\\/blogdofarnesio.com.br\\\/\",\"logo\":{\"@type\":\"ImageObject\",\"inLanguage\":\"pt-BR\",\"@id\":\"https:\\\/\\\/blogdofarnesio.com.br\\\/#\\\/schema\\\/logo\\\/image\\\/\",\"url\":\"https:\\\/\\\/blogdofarnesio.com.br\\\/wp-content\\\/uploads\\\/2026\\\/03\\\/cropped-logo_new-1.png\",\"contentUrl\":\"https:\\\/\\\/blogdofarnesio.com.br\\\/wp-content\\\/uploads\\\/2026\\\/03\\\/cropped-logo_new-1.png\",\"width\":881,\"height\":685,\"caption\":\"Blog do Farn\u00e9sio\"},\"image\":{\"@id\":\"https:\\\/\\\/blogdofarnesio.com.br\\\/#\\\/schema\\\/logo\\\/image\\\/\"},\"sameAs\":[\"https:\\\/\\\/www.facebook.com\\\/BlogQuerSaberPolitica\\\/\"]},{\"@type\":\"Person\",\"@id\":\"https:\\\/\\\/blogdofarnesio.com.br\\\/#\\\/schema\\\/person\\\/bb9b23ae3ad0609ce8df7b6c9e76824d\",\"name\":\"Farn\u00e9sio\",\"image\":{\"@type\":\"ImageObject\",\"inLanguage\":\"pt-BR\",\"@id\":\"https:\\\/\\\/secure.gravatar.com\\\/avatar\\\/986aa4c61ccdb66f8555bf88fc2a65609d00bcabd4d2d94377a727547345cbca?s=96&d=mm&r=g\",\"url\":\"https:\\\/\\\/secure.gravatar.com\\\/avatar\\\/986aa4c61ccdb66f8555bf88fc2a65609d00bcabd4d2d94377a727547345cbca?s=96&d=mm&r=g\",\"contentUrl\":\"https:\\\/\\\/secure.gravatar.com\\\/avatar\\\/986aa4c61ccdb66f8555bf88fc2a65609d00bcabd4d2d94377a727547345cbca?s=96&d=mm&r=g\",\"caption\":\"Farn\u00e9sio\"},\"description\":\"Radialista blogueiro, chegou a Petrolina\\\/Juazeiro em setembro de 1980, Farn\u00e9sio Silva \u00e9 de Arapiraca-Alagoas.\",\"sameAs\":[\"http:\\\/\\\/blogdofarnesio.com.br\",\"https:\\\/\\\/www.facebook.com\\\/?ref=tn_tnmn\",\"https:\\\/\\\/www.instagram.com\\\/?utm_source=pwa_homescreen\",\"https:\\\/\\\/youtube.com.br\\\/\"],\"url\":\"https:\\\/\\\/blogdofarnesio.com.br\\\/?author=2\"}]}<\/script>\n<!-- \/ Yoast SEO plugin. -->","yoast_head_json":{"title":"Especial: Concentra\u00e7\u00e3o no mercado de sementes acentua desigualdades na cidade e no campo - Blog do Farn\u00e9sio","robots":{"index":"index","follow":"follow","max-snippet":"max-snippet:-1","max-image-preview":"max-image-preview:large","max-video-preview":"max-video-preview:-1"},"canonical":"https:\/\/blogdofarnesio.com.br\/?p=359634","og_locale":"pt_BR","og_type":"article","og_title":"Especial: Concentra\u00e7\u00e3o no mercado de sementes acentua desigualdades na cidade e no campo - Blog do Farn\u00e9sio","og_description":"Vinicius Konchinski\/Brasil de Fato | Cerca de 40% das sementes vendidas no mundo s\u00e3o provenientes de apenas duas empresas, segundo relat\u00f3rio O aumento da desigualdade no Brasil e no mundo est\u00e1 ligado ao crescimento do poder exercido por algumas empresas sobre setores cruciais da economia, como o de produ\u00e7\u00e3o de sementes. Desde 2020, duas grandes companhias \u2013 Bayer, da Alemanha, e Corteva Agriscience, dos Estados Unidos \u2013 controlam 40% do mercado desses insumos, essenciais para a produ\u00e7\u00e3o de alimentos. Em 1996, elas dividiram essa mesma fatia do mercado com outras oito concorrentes que acabaram sendo incorporadas ou perderam espa\u00e7o no segmento. Os dados sobre a concentra\u00e7\u00e3o do mercado de sementes foram elaborados pela organiza\u00e7\u00e3o ETC Group e est\u00e3o no relat\u00f3rio&hellip;","og_url":"https:\/\/blogdofarnesio.com.br\/?p=359634","og_site_name":"Blog do Farn\u00e9sio","article_publisher":"https:\/\/www.facebook.com\/BlogQuerSaberPolitica\/","article_author":"https:\/\/www.facebook.com\/?ref=tn_tnmn","article_published_time":"2024-01-23T11:42:43+00:00","og_image":[{"width":400,"height":332,"url":"https:\/\/blogdofarnesio.com.br\/wp-content\/uploads\/2014\/02\/Produ\u00e7\u00e3o-de-campo-de-sementes-implantado-pela-EBDA-supera-expectativas.jpg","type":"image\/jpeg"}],"author":"Farn\u00e9sio","twitter_card":"summary_large_image","twitter_misc":{"Escrito por":"Farn\u00e9sio","Est. tempo de leitura":"5 minutos"},"schema":{"@context":"https:\/\/schema.org","@graph":[{"@type":"Article","@id":"https:\/\/blogdofarnesio.com.br\/?p=359634#article","isPartOf":{"@id":"https:\/\/blogdofarnesio.com.br\/?p=359634"},"author":{"name":"Farn\u00e9sio","@id":"https:\/\/blogdofarnesio.com.br\/#\/schema\/person\/bb9b23ae3ad0609ce8df7b6c9e76824d"},"headline":"Especial: Concentra\u00e7\u00e3o no mercado de sementes acentua desigualdades na cidade e no campo","datePublished":"2024-01-23T11:42:43+00:00","mainEntityOfPage":{"@id":"https:\/\/blogdofarnesio.com.br\/?p=359634"},"wordCount":801,"commentCount":0,"publisher":{"@id":"https:\/\/blogdofarnesio.com.br\/#organization"},"image":{"@id":"https:\/\/blogdofarnesio.com.br\/?p=359634#primaryimage"},"thumbnailUrl":"https:\/\/blogdofarnesio.com.br\/wp-content\/uploads\/2014\/02\/Produ\u00e7\u00e3o-de-campo-de-sementes-implantado-pela-EBDA-supera-expectativas.jpg","inLanguage":"pt-BR","potentialAction":[{"@type":"CommentAction","name":"Comment","target":["https:\/\/blogdofarnesio.com.br\/?p=359634#respond"]}]},{"@type":"WebPage","@id":"https:\/\/blogdofarnesio.com.br\/?p=359634","url":"https:\/\/blogdofarnesio.com.br\/?p=359634","name":"Especial: Concentra\u00e7\u00e3o no mercado de sementes acentua desigualdades na cidade e no campo - Blog do Farn\u00e9sio","isPartOf":{"@id":"https:\/\/blogdofarnesio.com.br\/#website"},"primaryImageOfPage":{"@id":"https:\/\/blogdofarnesio.com.br\/?p=359634#primaryimage"},"image":{"@id":"https:\/\/blogdofarnesio.com.br\/?p=359634#primaryimage"},"thumbnailUrl":"https:\/\/blogdofarnesio.com.br\/wp-content\/uploads\/2014\/02\/Produ\u00e7\u00e3o-de-campo-de-sementes-implantado-pela-EBDA-supera-expectativas.jpg","datePublished":"2024-01-23T11:42:43+00:00","breadcrumb":{"@id":"https:\/\/blogdofarnesio.com.br\/?p=359634#breadcrumb"},"inLanguage":"pt-BR","potentialAction":[{"@type":"ReadAction","target":["https:\/\/blogdofarnesio.com.br\/?p=359634"]}]},{"@type":"ImageObject","inLanguage":"pt-BR","@id":"https:\/\/blogdofarnesio.com.br\/?p=359634#primaryimage","url":"https:\/\/blogdofarnesio.com.br\/wp-content\/uploads\/2014\/02\/Produ\u00e7\u00e3o-de-campo-de-sementes-implantado-pela-EBDA-supera-expectativas.jpg","contentUrl":"https:\/\/blogdofarnesio.com.br\/wp-content\/uploads\/2014\/02\/Produ\u00e7\u00e3o-de-campo-de-sementes-implantado-pela-EBDA-supera-expectativas.jpg","width":400,"height":332,"caption":"Imagem Ilustrativa"},{"@type":"BreadcrumbList","@id":"https:\/\/blogdofarnesio.com.br\/?p=359634#breadcrumb","itemListElement":[{"@type":"ListItem","position":1,"name":"In\u00edcio","item":"https:\/\/blogdofarnesio.com.br\/"},{"@type":"ListItem","position":2,"name":"Especial: Concentra\u00e7\u00e3o no mercado de sementes acentua desigualdades na cidade e no campo"}]},{"@type":"WebSite","@id":"https:\/\/blogdofarnesio.com.br\/#website","url":"https:\/\/blogdofarnesio.com.br\/","name":"Blog do Farn\u00e9sio","description":"Quer Saber Pol\u00edtica?","publisher":{"@id":"https:\/\/blogdofarnesio.com.br\/#organization"},"potentialAction":[{"@type":"SearchAction","target":{"@type":"EntryPoint","urlTemplate":"https:\/\/blogdofarnesio.com.br\/?s={search_term_string}"},"query-input":{"@type":"PropertyValueSpecification","valueRequired":true,"valueName":"search_term_string"}}],"inLanguage":"pt-BR"},{"@type":"Organization","@id":"https:\/\/blogdofarnesio.com.br\/#organization","name":"Blog do Farn\u00e9sio","url":"https:\/\/blogdofarnesio.com.br\/","logo":{"@type":"ImageObject","inLanguage":"pt-BR","@id":"https:\/\/blogdofarnesio.com.br\/#\/schema\/logo\/image\/","url":"https:\/\/blogdofarnesio.com.br\/wp-content\/uploads\/2026\/03\/cropped-logo_new-1.png","contentUrl":"https:\/\/blogdofarnesio.com.br\/wp-content\/uploads\/2026\/03\/cropped-logo_new-1.png","width":881,"height":685,"caption":"Blog do Farn\u00e9sio"},"image":{"@id":"https:\/\/blogdofarnesio.com.br\/#\/schema\/logo\/image\/"},"sameAs":["https:\/\/www.facebook.com\/BlogQuerSaberPolitica\/"]},{"@type":"Person","@id":"https:\/\/blogdofarnesio.com.br\/#\/schema\/person\/bb9b23ae3ad0609ce8df7b6c9e76824d","name":"Farn\u00e9sio","image":{"@type":"ImageObject","inLanguage":"pt-BR","@id":"https:\/\/secure.gravatar.com\/avatar\/986aa4c61ccdb66f8555bf88fc2a65609d00bcabd4d2d94377a727547345cbca?s=96&d=mm&r=g","url":"https:\/\/secure.gravatar.com\/avatar\/986aa4c61ccdb66f8555bf88fc2a65609d00bcabd4d2d94377a727547345cbca?s=96&d=mm&r=g","contentUrl":"https:\/\/secure.gravatar.com\/avatar\/986aa4c61ccdb66f8555bf88fc2a65609d00bcabd4d2d94377a727547345cbca?s=96&d=mm&r=g","caption":"Farn\u00e9sio"},"description":"Radialista blogueiro, chegou a Petrolina\/Juazeiro em setembro de 1980, Farn\u00e9sio Silva \u00e9 de Arapiraca-Alagoas.","sameAs":["http:\/\/blogdofarnesio.com.br","https:\/\/www.facebook.com\/?ref=tn_tnmn","https:\/\/www.instagram.com\/?utm_source=pwa_homescreen","https:\/\/youtube.com.br\/"],"url":"https:\/\/blogdofarnesio.com.br\/?author=2"}]}},"_links":{"self":[{"href":"https:\/\/blogdofarnesio.com.br\/index.php?rest_route=\/wp\/v2\/posts\/359634","targetHints":{"allow":["GET"]}}],"collection":[{"href":"https:\/\/blogdofarnesio.com.br\/index.php?rest_route=\/wp\/v2\/posts"}],"about":[{"href":"https:\/\/blogdofarnesio.com.br\/index.php?rest_route=\/wp\/v2\/types\/post"}],"author":[{"embeddable":true,"href":"https:\/\/blogdofarnesio.com.br\/index.php?rest_route=\/wp\/v2\/users\/2"}],"replies":[{"embeddable":true,"href":"https:\/\/blogdofarnesio.com.br\/index.php?rest_route=%2Fwp%2Fv2%2Fcomments&post=359634"}],"version-history":[{"count":0,"href":"https:\/\/blogdofarnesio.com.br\/index.php?rest_route=\/wp\/v2\/posts\/359634\/revisions"}],"wp:featuredmedia":[{"embeddable":true,"href":"https:\/\/blogdofarnesio.com.br\/index.php?rest_route=\/wp\/v2\/media\/72524"}],"wp:attachment":[{"href":"https:\/\/blogdofarnesio.com.br\/index.php?rest_route=%2Fwp%2Fv2%2Fmedia&parent=359634"}],"wp:term":[{"taxonomy":"category","embeddable":true,"href":"https:\/\/blogdofarnesio.com.br\/index.php?rest_route=%2Fwp%2Fv2%2Fcategories&post=359634"},{"taxonomy":"post_tag","embeddable":true,"href":"https:\/\/blogdofarnesio.com.br\/index.php?rest_route=%2Fwp%2Fv2%2Ftags&post=359634"}],"curies":[{"name":"wp","href":"https:\/\/api.w.org\/{rel}","templated":true}]}}