{"id":359595,"date":"2024-01-23T09:42:37","date_gmt":"2024-01-23T12:42:37","guid":{"rendered":"https:\/\/blogdofarnesio.com.br\/?p=359595"},"modified":"2024-01-22T15:58:06","modified_gmt":"2024-01-22T18:58:06","slug":"em-juazeiro-acontece-entrega-nesta-terca-feira-23-o-adesivo-aos-ambulantes-cadastrados-para-o-carnaval","status":"publish","type":"post","link":"https:\/\/blogdofarnesio.com.br\/?p=359595","title":{"rendered":"Em Juazeiro acontece hoje, entrega do Adesivo\/Licen\u00e7a aos ambulantes cadastrados para o carnaval"},"content":{"rendered":"<p>A Prefeitura de Juazeiro, atrav\u00e9s da Secretaria de Meio Ambiente e Ordenamento Urbano (Semaurb), informa que os adesivos do credenciamento de ambulantes para o Carnaval de Juazeiro ser\u00e3o entregues nesta ter\u00e7a-feira (23), \u00e0s 9h, na quadra do Col\u00e9gio Dr. Edson Ribeiro, que fica na Travessa Dr. Edson Ribeiro, Centro. Para receber o documento, os ambulantes devem apresentar o comprovante de pagamento do Documento de Arrecada\u00e7\u00e3o Municipal (DAM), entregue no credenciamento, e um documento de identifica\u00e7\u00e3o com foto.<\/p>\n<p>\u201c<i>Realizamos o cadastramento com humaniza\u00e7\u00e3o. O mapa estava totalmente em branco e os ambulantes tiveram a oportunidade de escolher o local onde iriam trabalhar. Temos levado ao p\u00e9 da letra o que a prefeita Suzana pediu que \u00e9 cuidar dos nossos ambulantes. Toda aten\u00e7\u00e3o e acolhimento que demos e estamos dando aos ambulantes, \u00e9 fruto de uma orienta\u00e7\u00e3o da prefeita<\/i>\u201d, destacou Isl\u00e9dio Bandeira, secret\u00e1rio da Semaurb.<\/p>\n<p>O credenciamento \u00e9 a autoriza\u00e7\u00e3o do uso de solo para a comercializa\u00e7\u00e3o de \u00a0produtos durante o Carnaval de Juazeiro. Os ambulantes tamb\u00e9m ir\u00e3o receber orienta\u00e7\u00f5es sobre seguran\u00e7a e higiene. Cerca de 500 ambulantes foram cadastrados para trabalhar no Carnaval da cidade. O evento ser\u00e1 realizado de 25 a 28 de Janeiro, no circuito da Avenida Adolfo Viana e Orla 1.<\/p>\n<p><b>Orienta\u00e7\u00f5es para os ambulantes<\/b><br \/>\nA Semaurb orienta aos ambulantes a comparecerem ao local de credenciamento com anteced\u00eancia, para evitar aglomera\u00e7\u00f5es. Tamb\u00e9m \u00e9 importante que eles estejam com todos os documentos necess\u00e1rios em m\u00e3os.<\/p>\n<p><b>Dica para a folia<\/b><br \/>\nDevido \u00e0s altas temperaturas, a gest\u00e3o municipal orienta a popula\u00e7\u00e3o a se hidratar durante a folia \u2013 a ideia \u00e9 aumentar em um ter\u00e7o a quantidade ingerida diariamente.<\/p>\n<p><b>Feriado do Carnaval de Juazeiro<\/b><br \/>\nA Prefeitura de Juazeiro decretou que na segunda-feira, 29 de janeiro, ser\u00e1 feriado relativo ao Carnaval antecipado 2024, com base na Lei Municipal n\u00ba 2.516, de 30 de dezembro de 2014.<\/p>\n","protected":false},"excerpt":{"rendered":"<p>A Prefeitura de Juazeiro, atrav\u00e9s da Secretaria de Meio Ambiente e Ordenamento Urbano (Semaurb), informa que os adesivos do credenciamento de ambulantes para o Carnaval de Juazeiro ser\u00e3o entregues nesta ter\u00e7a-feira (23), \u00e0s 9h, na quadra do Col\u00e9gio Dr. Edson Ribeiro, que fica na Travessa Dr. Edson Ribeiro, Centro. Para receber o documento, os ambulantes devem apresentar o comprovante de pagamento do Documento de Arrecada\u00e7\u00e3o Municipal (DAM), entregue no credenciamento, e um documento de identifica\u00e7\u00e3o com foto. \u201cRealizamos o cadastramento com humaniza\u00e7\u00e3o. O mapa estava totalmente em branco e os ambulantes tiveram a oportunidade de escolher o local onde iriam trabalhar. Temos levado ao p\u00e9 da letra o que a prefeita Suzana pediu que \u00e9 cuidar dos nossos ambulantes. Toda&hellip; <\/p>\n","protected":false},"author":2,"featured_media":359058,"comment_status":"open","ping_status":"open","sticky":false,"template":"","format":"standard","meta":{"_acf_changed":false,"footnotes":""},"categories":[20],"tags":[],"class_list":["post-359595","post","type-post","status-publish","format-standard","has-post-thumbnail","hentry","category-economia"],"acf":[],"yoast_head":"<!-- This site is optimized with the Yoast SEO plugin v27.4 - https:\/\/yoast.com\/product\/yoast-seo-wordpress\/ -->\n<title>Em Juazeiro acontece hoje, entrega do Adesivo\/Licen\u00e7a aos ambulantes cadastrados para o carnaval - Blog do Farn\u00e9sio<\/title>\n<meta name=\"robots\" content=\"index, follow, max-snippet:-1, max-image-preview:large, max-video-preview:-1\" \/>\n<link rel=\"canonical\" href=\"https:\/\/blogdofarnesio.com.br\/?p=359595\" \/>\n<meta property=\"og:locale\" content=\"pt_BR\" \/>\n<meta property=\"og:type\" content=\"article\" \/>\n<meta property=\"og:title\" content=\"Em Juazeiro acontece hoje, entrega do Adesivo\/Licen\u00e7a aos ambulantes cadastrados para o carnaval - Blog do Farn\u00e9sio\" \/>\n<meta property=\"og:description\" content=\"A Prefeitura de Juazeiro, atrav\u00e9s da Secretaria de Meio Ambiente e Ordenamento Urbano (Semaurb), informa que os adesivos do credenciamento de ambulantes para o Carnaval de Juazeiro ser\u00e3o entregues nesta ter\u00e7a-feira (23), \u00e0s 9h, na quadra do Col\u00e9gio Dr. Edson Ribeiro, que fica na Travessa Dr. Edson Ribeiro, Centro. Para receber o documento, os ambulantes devem apresentar o comprovante de pagamento do Documento de Arrecada\u00e7\u00e3o Municipal (DAM), entregue no credenciamento, e um documento de identifica\u00e7\u00e3o com foto. \u201cRealizamos o cadastramento com humaniza\u00e7\u00e3o. O mapa estava totalmente em branco e os ambulantes tiveram a oportunidade de escolher o local onde iriam trabalhar. Temos levado ao p\u00e9 da letra o que a prefeita Suzana pediu que \u00e9 cuidar dos nossos ambulantes. Toda&hellip;\" \/>\n<meta property=\"og:url\" content=\"https:\/\/blogdofarnesio.com.br\/?p=359595\" \/>\n<meta property=\"og:site_name\" content=\"Blog do Farn\u00e9sio\" \/>\n<meta property=\"article:publisher\" content=\"https:\/\/www.facebook.com\/BlogQuerSaberPolitica\/\" \/>\n<meta property=\"article:author\" content=\"https:\/\/www.facebook.com\/?ref=tn_tnmn\" \/>\n<meta property=\"article:published_time\" content=\"2024-01-23T12:42:37+00:00\" \/>\n<meta property=\"og:image\" content=\"https:\/\/blogdofarnesio.com.br\/wp-content\/uploads\/2024\/01\/blogqspjua-semaurb-cadastramento-de-ambulantes-1.jpeg\" \/>\n\t<meta property=\"og:image:width\" content=\"1024\" \/>\n\t<meta property=\"og:image:height\" content=\"683\" \/>\n\t<meta property=\"og:image:type\" content=\"image\/jpeg\" \/>\n<meta name=\"author\" content=\"Farn\u00e9sio\" \/>\n<meta name=\"twitter:card\" content=\"summary_large_image\" \/>\n<meta name=\"twitter:label1\" content=\"Escrito por\" \/>\n\t<meta name=\"twitter:data1\" content=\"Farn\u00e9sio\" \/>\n\t<meta name=\"twitter:label2\" content=\"Est. tempo de leitura\" \/>\n\t<meta name=\"twitter:data2\" content=\"2 minutos\" \/>\n<script type=\"application\/ld+json\" class=\"yoast-schema-graph\">{\"@context\":\"https:\\\/\\\/schema.org\",\"@graph\":[{\"@type\":\"Article\",\"@id\":\"https:\\\/\\\/blogdofarnesio.com.br\\\/?p=359595#article\",\"isPartOf\":{\"@id\":\"https:\\\/\\\/blogdofarnesio.com.br\\\/?p=359595\"},\"author\":{\"name\":\"Farn\u00e9sio\",\"@id\":\"https:\\\/\\\/blogdofarnesio.com.br\\\/#\\\/schema\\\/person\\\/bb9b23ae3ad0609ce8df7b6c9e76824d\"},\"headline\":\"Em Juazeiro acontece hoje, entrega do Adesivo\\\/Licen\u00e7a aos ambulantes cadastrados para o carnaval\",\"datePublished\":\"2024-01-23T12:42:37+00:00\",\"mainEntityOfPage\":{\"@id\":\"https:\\\/\\\/blogdofarnesio.com.br\\\/?p=359595\"},\"wordCount\":329,\"commentCount\":0,\"publisher\":{\"@id\":\"https:\\\/\\\/blogdofarnesio.com.br\\\/#organization\"},\"image\":{\"@id\":\"https:\\\/\\\/blogdofarnesio.com.br\\\/?p=359595#primaryimage\"},\"thumbnailUrl\":\"https:\\\/\\\/blogdofarnesio.com.br\\\/wp-content\\\/uploads\\\/2024\\\/01\\\/blogqspjua-semaurb-cadastramento-de-ambulantes-1.jpeg\",\"articleSection\":[\"Economia\"],\"inLanguage\":\"pt-BR\",\"potentialAction\":[{\"@type\":\"CommentAction\",\"name\":\"Comment\",\"target\":[\"https:\\\/\\\/blogdofarnesio.com.br\\\/?p=359595#respond\"]}]},{\"@type\":\"WebPage\",\"@id\":\"https:\\\/\\\/blogdofarnesio.com.br\\\/?p=359595\",\"url\":\"https:\\\/\\\/blogdofarnesio.com.br\\\/?p=359595\",\"name\":\"Em Juazeiro acontece hoje, entrega do Adesivo\\\/Licen\u00e7a aos ambulantes cadastrados para o carnaval - Blog do Farn\u00e9sio\",\"isPartOf\":{\"@id\":\"https:\\\/\\\/blogdofarnesio.com.br\\\/#website\"},\"primaryImageOfPage\":{\"@id\":\"https:\\\/\\\/blogdofarnesio.com.br\\\/?p=359595#primaryimage\"},\"image\":{\"@id\":\"https:\\\/\\\/blogdofarnesio.com.br\\\/?p=359595#primaryimage\"},\"thumbnailUrl\":\"https:\\\/\\\/blogdofarnesio.com.br\\\/wp-content\\\/uploads\\\/2024\\\/01\\\/blogqspjua-semaurb-cadastramento-de-ambulantes-1.jpeg\",\"datePublished\":\"2024-01-23T12:42:37+00:00\",\"breadcrumb\":{\"@id\":\"https:\\\/\\\/blogdofarnesio.com.br\\\/?p=359595#breadcrumb\"},\"inLanguage\":\"pt-BR\",\"potentialAction\":[{\"@type\":\"ReadAction\",\"target\":[\"https:\\\/\\\/blogdofarnesio.com.br\\\/?p=359595\"]}]},{\"@type\":\"ImageObject\",\"inLanguage\":\"pt-BR\",\"@id\":\"https:\\\/\\\/blogdofarnesio.com.br\\\/?p=359595#primaryimage\",\"url\":\"https:\\\/\\\/blogdofarnesio.com.br\\\/wp-content\\\/uploads\\\/2024\\\/01\\\/blogqspjua-semaurb-cadastramento-de-ambulantes-1.jpeg\",\"contentUrl\":\"https:\\\/\\\/blogdofarnesio.com.br\\\/wp-content\\\/uploads\\\/2024\\\/01\\\/blogqspjua-semaurb-cadastramento-de-ambulantes-1.jpeg\",\"width\":1024,\"height\":683},{\"@type\":\"BreadcrumbList\",\"@id\":\"https:\\\/\\\/blogdofarnesio.com.br\\\/?p=359595#breadcrumb\",\"itemListElement\":[{\"@type\":\"ListItem\",\"position\":1,\"name\":\"In\u00edcio\",\"item\":\"https:\\\/\\\/blogdofarnesio.com.br\\\/\"},{\"@type\":\"ListItem\",\"position\":2,\"name\":\"Em Juazeiro acontece hoje, entrega do Adesivo\\\/Licen\u00e7a aos ambulantes cadastrados para o carnaval\"}]},{\"@type\":\"WebSite\",\"@id\":\"https:\\\/\\\/blogdofarnesio.com.br\\\/#website\",\"url\":\"https:\\\/\\\/blogdofarnesio.com.br\\\/\",\"name\":\"Blog do Farn\u00e9sio\",\"description\":\"Quer Saber Pol\u00edtica?\",\"publisher\":{\"@id\":\"https:\\\/\\\/blogdofarnesio.com.br\\\/#organization\"},\"potentialAction\":[{\"@type\":\"SearchAction\",\"target\":{\"@type\":\"EntryPoint\",\"urlTemplate\":\"https:\\\/\\\/blogdofarnesio.com.br\\\/?s={search_term_string}\"},\"query-input\":{\"@type\":\"PropertyValueSpecification\",\"valueRequired\":true,\"valueName\":\"search_term_string\"}}],\"inLanguage\":\"pt-BR\"},{\"@type\":\"Organization\",\"@id\":\"https:\\\/\\\/blogdofarnesio.com.br\\\/#organization\",\"name\":\"Blog do Farn\u00e9sio\",\"url\":\"https:\\\/\\\/blogdofarnesio.com.br\\\/\",\"logo\":{\"@type\":\"ImageObject\",\"inLanguage\":\"pt-BR\",\"@id\":\"https:\\\/\\\/blogdofarnesio.com.br\\\/#\\\/schema\\\/logo\\\/image\\\/\",\"url\":\"https:\\\/\\\/blogdofarnesio.com.br\\\/wp-content\\\/uploads\\\/2026\\\/03\\\/cropped-logo_new-1.png\",\"contentUrl\":\"https:\\\/\\\/blogdofarnesio.com.br\\\/wp-content\\\/uploads\\\/2026\\\/03\\\/cropped-logo_new-1.png\",\"width\":881,\"height\":685,\"caption\":\"Blog do Farn\u00e9sio\"},\"image\":{\"@id\":\"https:\\\/\\\/blogdofarnesio.com.br\\\/#\\\/schema\\\/logo\\\/image\\\/\"},\"sameAs\":[\"https:\\\/\\\/www.facebook.com\\\/BlogQuerSaberPolitica\\\/\"]},{\"@type\":\"Person\",\"@id\":\"https:\\\/\\\/blogdofarnesio.com.br\\\/#\\\/schema\\\/person\\\/bb9b23ae3ad0609ce8df7b6c9e76824d\",\"name\":\"Farn\u00e9sio\",\"image\":{\"@type\":\"ImageObject\",\"inLanguage\":\"pt-BR\",\"@id\":\"https:\\\/\\\/secure.gravatar.com\\\/avatar\\\/986aa4c61ccdb66f8555bf88fc2a65609d00bcabd4d2d94377a727547345cbca?s=96&d=mm&r=g\",\"url\":\"https:\\\/\\\/secure.gravatar.com\\\/avatar\\\/986aa4c61ccdb66f8555bf88fc2a65609d00bcabd4d2d94377a727547345cbca?s=96&d=mm&r=g\",\"contentUrl\":\"https:\\\/\\\/secure.gravatar.com\\\/avatar\\\/986aa4c61ccdb66f8555bf88fc2a65609d00bcabd4d2d94377a727547345cbca?s=96&d=mm&r=g\",\"caption\":\"Farn\u00e9sio\"},\"description\":\"Radialista blogueiro, chegou a Petrolina\\\/Juazeiro em setembro de 1980, Farn\u00e9sio Silva \u00e9 de Arapiraca-Alagoas.\",\"sameAs\":[\"http:\\\/\\\/blogdofarnesio.com.br\",\"https:\\\/\\\/www.facebook.com\\\/?ref=tn_tnmn\",\"https:\\\/\\\/www.instagram.com\\\/?utm_source=pwa_homescreen\",\"https:\\\/\\\/youtube.com.br\\\/\"],\"url\":\"https:\\\/\\\/blogdofarnesio.com.br\\\/?author=2\"}]}<\/script>\n<!-- \/ Yoast SEO plugin. -->","yoast_head_json":{"title":"Em Juazeiro acontece hoje, entrega do Adesivo\/Licen\u00e7a aos ambulantes cadastrados para o carnaval - Blog do Farn\u00e9sio","robots":{"index":"index","follow":"follow","max-snippet":"max-snippet:-1","max-image-preview":"max-image-preview:large","max-video-preview":"max-video-preview:-1"},"canonical":"https:\/\/blogdofarnesio.com.br\/?p=359595","og_locale":"pt_BR","og_type":"article","og_title":"Em Juazeiro acontece hoje, entrega do Adesivo\/Licen\u00e7a aos ambulantes cadastrados para o carnaval - Blog do Farn\u00e9sio","og_description":"A Prefeitura de Juazeiro, atrav\u00e9s da Secretaria de Meio Ambiente e Ordenamento Urbano (Semaurb), informa que os adesivos do credenciamento de ambulantes para o Carnaval de Juazeiro ser\u00e3o entregues nesta ter\u00e7a-feira (23), \u00e0s 9h, na quadra do Col\u00e9gio Dr. Edson Ribeiro, que fica na Travessa Dr. Edson Ribeiro, Centro. Para receber o documento, os ambulantes devem apresentar o comprovante de pagamento do Documento de Arrecada\u00e7\u00e3o Municipal (DAM), entregue no credenciamento, e um documento de identifica\u00e7\u00e3o com foto. \u201cRealizamos o cadastramento com humaniza\u00e7\u00e3o. O mapa estava totalmente em branco e os ambulantes tiveram a oportunidade de escolher o local onde iriam trabalhar. Temos levado ao p\u00e9 da letra o que a prefeita Suzana pediu que \u00e9 cuidar dos nossos ambulantes. Toda&hellip;","og_url":"https:\/\/blogdofarnesio.com.br\/?p=359595","og_site_name":"Blog do Farn\u00e9sio","article_publisher":"https:\/\/www.facebook.com\/BlogQuerSaberPolitica\/","article_author":"https:\/\/www.facebook.com\/?ref=tn_tnmn","article_published_time":"2024-01-23T12:42:37+00:00","og_image":[{"width":1024,"height":683,"url":"https:\/\/blogdofarnesio.com.br\/wp-content\/uploads\/2024\/01\/blogqspjua-semaurb-cadastramento-de-ambulantes-1.jpeg","type":"image\/jpeg"}],"author":"Farn\u00e9sio","twitter_card":"summary_large_image","twitter_misc":{"Escrito por":"Farn\u00e9sio","Est. tempo de leitura":"2 minutos"},"schema":{"@context":"https:\/\/schema.org","@graph":[{"@type":"Article","@id":"https:\/\/blogdofarnesio.com.br\/?p=359595#article","isPartOf":{"@id":"https:\/\/blogdofarnesio.com.br\/?p=359595"},"author":{"name":"Farn\u00e9sio","@id":"https:\/\/blogdofarnesio.com.br\/#\/schema\/person\/bb9b23ae3ad0609ce8df7b6c9e76824d"},"headline":"Em Juazeiro acontece hoje, entrega do Adesivo\/Licen\u00e7a aos ambulantes cadastrados para o carnaval","datePublished":"2024-01-23T12:42:37+00:00","mainEntityOfPage":{"@id":"https:\/\/blogdofarnesio.com.br\/?p=359595"},"wordCount":329,"commentCount":0,"publisher":{"@id":"https:\/\/blogdofarnesio.com.br\/#organization"},"image":{"@id":"https:\/\/blogdofarnesio.com.br\/?p=359595#primaryimage"},"thumbnailUrl":"https:\/\/blogdofarnesio.com.br\/wp-content\/uploads\/2024\/01\/blogqspjua-semaurb-cadastramento-de-ambulantes-1.jpeg","articleSection":["Economia"],"inLanguage":"pt-BR","potentialAction":[{"@type":"CommentAction","name":"Comment","target":["https:\/\/blogdofarnesio.com.br\/?p=359595#respond"]}]},{"@type":"WebPage","@id":"https:\/\/blogdofarnesio.com.br\/?p=359595","url":"https:\/\/blogdofarnesio.com.br\/?p=359595","name":"Em Juazeiro acontece hoje, entrega do Adesivo\/Licen\u00e7a aos ambulantes cadastrados para o carnaval - Blog do Farn\u00e9sio","isPartOf":{"@id":"https:\/\/blogdofarnesio.com.br\/#website"},"primaryImageOfPage":{"@id":"https:\/\/blogdofarnesio.com.br\/?p=359595#primaryimage"},"image":{"@id":"https:\/\/blogdofarnesio.com.br\/?p=359595#primaryimage"},"thumbnailUrl":"https:\/\/blogdofarnesio.com.br\/wp-content\/uploads\/2024\/01\/blogqspjua-semaurb-cadastramento-de-ambulantes-1.jpeg","datePublished":"2024-01-23T12:42:37+00:00","breadcrumb":{"@id":"https:\/\/blogdofarnesio.com.br\/?p=359595#breadcrumb"},"inLanguage":"pt-BR","potentialAction":[{"@type":"ReadAction","target":["https:\/\/blogdofarnesio.com.br\/?p=359595"]}]},{"@type":"ImageObject","inLanguage":"pt-BR","@id":"https:\/\/blogdofarnesio.com.br\/?p=359595#primaryimage","url":"https:\/\/blogdofarnesio.com.br\/wp-content\/uploads\/2024\/01\/blogqspjua-semaurb-cadastramento-de-ambulantes-1.jpeg","contentUrl":"https:\/\/blogdofarnesio.com.br\/wp-content\/uploads\/2024\/01\/blogqspjua-semaurb-cadastramento-de-ambulantes-1.jpeg","width":1024,"height":683},{"@type":"BreadcrumbList","@id":"https:\/\/blogdofarnesio.com.br\/?p=359595#breadcrumb","itemListElement":[{"@type":"ListItem","position":1,"name":"In\u00edcio","item":"https:\/\/blogdofarnesio.com.br\/"},{"@type":"ListItem","position":2,"name":"Em Juazeiro acontece hoje, entrega do Adesivo\/Licen\u00e7a aos ambulantes cadastrados para o carnaval"}]},{"@type":"WebSite","@id":"https:\/\/blogdofarnesio.com.br\/#website","url":"https:\/\/blogdofarnesio.com.br\/","name":"Blog do Farn\u00e9sio","description":"Quer Saber Pol\u00edtica?","publisher":{"@id":"https:\/\/blogdofarnesio.com.br\/#organization"},"potentialAction":[{"@type":"SearchAction","target":{"@type":"EntryPoint","urlTemplate":"https:\/\/blogdofarnesio.com.br\/?s={search_term_string}"},"query-input":{"@type":"PropertyValueSpecification","valueRequired":true,"valueName":"search_term_string"}}],"inLanguage":"pt-BR"},{"@type":"Organization","@id":"https:\/\/blogdofarnesio.com.br\/#organization","name":"Blog do Farn\u00e9sio","url":"https:\/\/blogdofarnesio.com.br\/","logo":{"@type":"ImageObject","inLanguage":"pt-BR","@id":"https:\/\/blogdofarnesio.com.br\/#\/schema\/logo\/image\/","url":"https:\/\/blogdofarnesio.com.br\/wp-content\/uploads\/2026\/03\/cropped-logo_new-1.png","contentUrl":"https:\/\/blogdofarnesio.com.br\/wp-content\/uploads\/2026\/03\/cropped-logo_new-1.png","width":881,"height":685,"caption":"Blog do Farn\u00e9sio"},"image":{"@id":"https:\/\/blogdofarnesio.com.br\/#\/schema\/logo\/image\/"},"sameAs":["https:\/\/www.facebook.com\/BlogQuerSaberPolitica\/"]},{"@type":"Person","@id":"https:\/\/blogdofarnesio.com.br\/#\/schema\/person\/bb9b23ae3ad0609ce8df7b6c9e76824d","name":"Farn\u00e9sio","image":{"@type":"ImageObject","inLanguage":"pt-BR","@id":"https:\/\/secure.gravatar.com\/avatar\/986aa4c61ccdb66f8555bf88fc2a65609d00bcabd4d2d94377a727547345cbca?s=96&d=mm&r=g","url":"https:\/\/secure.gravatar.com\/avatar\/986aa4c61ccdb66f8555bf88fc2a65609d00bcabd4d2d94377a727547345cbca?s=96&d=mm&r=g","contentUrl":"https:\/\/secure.gravatar.com\/avatar\/986aa4c61ccdb66f8555bf88fc2a65609d00bcabd4d2d94377a727547345cbca?s=96&d=mm&r=g","caption":"Farn\u00e9sio"},"description":"Radialista blogueiro, chegou a Petrolina\/Juazeiro em setembro de 1980, Farn\u00e9sio Silva \u00e9 de Arapiraca-Alagoas.","sameAs":["http:\/\/blogdofarnesio.com.br","https:\/\/www.facebook.com\/?ref=tn_tnmn","https:\/\/www.instagram.com\/?utm_source=pwa_homescreen","https:\/\/youtube.com.br\/"],"url":"https:\/\/blogdofarnesio.com.br\/?author=2"}]}},"_links":{"self":[{"href":"https:\/\/blogdofarnesio.com.br\/index.php?rest_route=\/wp\/v2\/posts\/359595","targetHints":{"allow":["GET"]}}],"collection":[{"href":"https:\/\/blogdofarnesio.com.br\/index.php?rest_route=\/wp\/v2\/posts"}],"about":[{"href":"https:\/\/blogdofarnesio.com.br\/index.php?rest_route=\/wp\/v2\/types\/post"}],"author":[{"embeddable":true,"href":"https:\/\/blogdofarnesio.com.br\/index.php?rest_route=\/wp\/v2\/users\/2"}],"replies":[{"embeddable":true,"href":"https:\/\/blogdofarnesio.com.br\/index.php?rest_route=%2Fwp%2Fv2%2Fcomments&post=359595"}],"version-history":[{"count":0,"href":"https:\/\/blogdofarnesio.com.br\/index.php?rest_route=\/wp\/v2\/posts\/359595\/revisions"}],"wp:featuredmedia":[{"embeddable":true,"href":"https:\/\/blogdofarnesio.com.br\/index.php?rest_route=\/wp\/v2\/media\/359058"}],"wp:attachment":[{"href":"https:\/\/blogdofarnesio.com.br\/index.php?rest_route=%2Fwp%2Fv2%2Fmedia&parent=359595"}],"wp:term":[{"taxonomy":"category","embeddable":true,"href":"https:\/\/blogdofarnesio.com.br\/index.php?rest_route=%2Fwp%2Fv2%2Fcategories&post=359595"},{"taxonomy":"post_tag","embeddable":true,"href":"https:\/\/blogdofarnesio.com.br\/index.php?rest_route=%2Fwp%2Fv2%2Ftags&post=359595"}],"curies":[{"name":"wp","href":"https:\/\/api.w.org\/{rel}","templated":true}]}}