{"id":359580,"date":"2024-01-23T10:44:27","date_gmt":"2024-01-23T13:44:27","guid":{"rendered":"https:\/\/blogdofarnesio.com.br\/?p=359580"},"modified":"2024-01-22T17:58:43","modified_gmt":"2024-01-22T20:58:43","slug":"com-mais-de-r-45-mil-em-premiacao-concurso-de-fantasia-carnavalesca-acontece-nesa-sexta-em-petrolina","status":"publish","type":"post","link":"https:\/\/blogdofarnesio.com.br\/?p=359580","title":{"rendered":"Com mais de R$ 45 mil em premia\u00e7\u00e3o, concurso de fantasia carnavalesca acontece na pr\u00f3xima sexta em Petrolina"},"content":{"rendered":"<p>Com grande expectativa, criatividade, arte, alegria e muitas cores, os petrolinenses j\u00e1 vivem o clima dos eventos pr\u00e9-carnavalescos no munic\u00edpio. Na \u00faltima sexta-feira (19), a Prefeitura de Petrolina, atrav\u00e9s da Secretaria Executiva de Cultura, publicou no Di\u00e1rio Oficial do munic\u00edpio, a rela\u00e7\u00e3o de inscritos que participar\u00e3o do 24\u00ba Concurso de Fantasias Carnavalescas de Petrolina.<\/p>\n<p>Com premia\u00e7\u00e3o total de R$ 45.300,00, o Concurso vai contar com o desfile de 26 fantasias, que concorrer\u00e3o em quatro categorias: Luxo, Originalidade, Arranjo de Cabe\u00e7a e Infantil Fantasia de Papel, esta \u00faltima, a grande novidade deste ano, para crian\u00e7as de at\u00e9 10 anos de idade desfilarem. Outra novidade \u00e9 a mudan\u00e7a do local do desfile de apresenta\u00e7\u00e3o das fantasias, que at\u00e9 o ano passado era realizado durante o Baile Municipal e este ano ocorrer\u00e1 na pr\u00f3xima sexta-feira (26), a partir das 19h, na Pra\u00e7a 21 de Setembro. Os vencedores do Concurso desfilar\u00e3o com as suas fantasias, no tradicional e badalado Baile Municipal, no s\u00e1bado (27), no Iate Clube.<\/p>\n<p>Confira premia\u00e7\u00e3o por categoria:<\/p>\n<p>Categoria Luxo<\/p>\n<p>1\u00ba Lugar: R$ 8.400,00<\/p>\n<p>2\u00ba Lugar: R$ 6.400,00<\/p>\n<p>3\u00ba Lugar: 4.400,00<\/p>\n<p>&nbsp;<\/p>\n<p>Categoria Originalidade<\/p>\n<p>1\u00ba Lugar: R$ 6.300,00<\/p>\n<p>2\u00ba Lugar: R$ 4.300,00<\/p>\n<p>3\u00ba Lugar: R$ 3.300,00<\/p>\n<p>&nbsp;<\/p>\n<p>Categoria Arranjo de Cabe\u00e7a<\/p>\n<p>1\u00ba Lugar: R$ 3.300,00<\/p>\n<p>2\u00ba Lugar: R$ 2.300,00<\/p>\n<p>3\u00ba Lugar: R$ 1.300,00<\/p>\n<p>&nbsp;<\/p>\n<p>Categoria Infantil Fantasia de Papel<\/p>\n<p>1\u00ba Lugar: R$ 2.500,00<\/p>\n<p>2\u00ba Lugar: R$ 1.800,00<\/p>\n<p>3\u00ba Lugar: R$ 1.000,00<\/p>\n<p>&nbsp;<\/p>\n","protected":false},"excerpt":{"rendered":"<p>Com grande expectativa, criatividade, arte, alegria e muitas cores, os petrolinenses j\u00e1 vivem o clima dos eventos pr\u00e9-carnavalescos no munic\u00edpio. Na \u00faltima sexta-feira (19), a Prefeitura de Petrolina, atrav\u00e9s da Secretaria Executiva de Cultura, publicou no Di\u00e1rio Oficial do munic\u00edpio, a rela\u00e7\u00e3o de inscritos que participar\u00e3o do 24\u00ba Concurso de Fantasias Carnavalescas de Petrolina. Com premia\u00e7\u00e3o total de R$ 45.300,00, o Concurso vai contar com o desfile de 26 fantasias, que concorrer\u00e3o em quatro categorias: Luxo, Originalidade, Arranjo de Cabe\u00e7a e Infantil Fantasia de Papel, esta \u00faltima, a grande novidade deste ano, para crian\u00e7as de at\u00e9 10 anos de idade desfilarem. Outra novidade \u00e9 a mudan\u00e7a do local do desfile de apresenta\u00e7\u00e3o das fantasias, que at\u00e9 o ano passado era&hellip; <\/p>\n","protected":false},"author":2,"featured_media":306917,"comment_status":"open","ping_status":"open","sticky":false,"template":"","format":"standard","meta":{"_acf_changed":false,"footnotes":""},"categories":[31],"tags":[],"class_list":["post-359580","post","type-post","status-publish","format-standard","has-post-thumbnail","hentry","category-concursos"],"acf":[],"yoast_head":"<!-- This site is optimized with the Yoast SEO plugin v27.4 - https:\/\/yoast.com\/product\/yoast-seo-wordpress\/ -->\n<title>Com mais de R$ 45 mil em premia\u00e7\u00e3o, concurso de fantasia carnavalesca acontece na pr\u00f3xima sexta em Petrolina - Blog do Farn\u00e9sio<\/title>\n<meta name=\"robots\" content=\"index, follow, max-snippet:-1, max-image-preview:large, max-video-preview:-1\" \/>\n<link rel=\"canonical\" href=\"https:\/\/blogdofarnesio.com.br\/?p=359580\" \/>\n<meta property=\"og:locale\" content=\"pt_BR\" \/>\n<meta property=\"og:type\" content=\"article\" \/>\n<meta property=\"og:title\" content=\"Com mais de R$ 45 mil em premia\u00e7\u00e3o, concurso de fantasia carnavalesca acontece na pr\u00f3xima sexta em Petrolina - Blog do Farn\u00e9sio\" \/>\n<meta property=\"og:description\" content=\"Com grande expectativa, criatividade, arte, alegria e muitas cores, os petrolinenses j\u00e1 vivem o clima dos eventos pr\u00e9-carnavalescos no munic\u00edpio. Na \u00faltima sexta-feira (19), a Prefeitura de Petrolina, atrav\u00e9s da Secretaria Executiva de Cultura, publicou no Di\u00e1rio Oficial do munic\u00edpio, a rela\u00e7\u00e3o de inscritos que participar\u00e3o do 24\u00ba Concurso de Fantasias Carnavalescas de Petrolina. Com premia\u00e7\u00e3o total de R$ 45.300,00, o Concurso vai contar com o desfile de 26 fantasias, que concorrer\u00e3o em quatro categorias: Luxo, Originalidade, Arranjo de Cabe\u00e7a e Infantil Fantasia de Papel, esta \u00faltima, a grande novidade deste ano, para crian\u00e7as de at\u00e9 10 anos de idade desfilarem. Outra novidade \u00e9 a mudan\u00e7a do local do desfile de apresenta\u00e7\u00e3o das fantasias, que at\u00e9 o ano passado era&hellip;\" \/>\n<meta property=\"og:url\" content=\"https:\/\/blogdofarnesio.com.br\/?p=359580\" \/>\n<meta property=\"og:site_name\" content=\"Blog do Farn\u00e9sio\" \/>\n<meta property=\"article:publisher\" content=\"https:\/\/www.facebook.com\/BlogQuerSaberPolitica\/\" \/>\n<meta property=\"article:author\" content=\"https:\/\/www.facebook.com\/?ref=tn_tnmn\" \/>\n<meta property=\"article:published_time\" content=\"2024-01-23T13:44:27+00:00\" \/>\n<meta property=\"og:image\" content=\"https:\/\/blogdofarnesio.com.br\/wp-content\/uploads\/2022\/02\/blogqspcarnaval-geraldo-pontes-5-e1676919742568.jpg\" \/>\n\t<meta property=\"og:image:width\" content=\"639\" \/>\n\t<meta property=\"og:image:height\" content=\"581\" \/>\n\t<meta property=\"og:image:type\" content=\"image\/jpeg\" \/>\n<meta name=\"author\" content=\"Farn\u00e9sio\" \/>\n<meta name=\"twitter:card\" content=\"summary_large_image\" \/>\n<meta name=\"twitter:label1\" content=\"Escrito por\" \/>\n\t<meta name=\"twitter:data1\" content=\"Farn\u00e9sio\" \/>\n\t<meta name=\"twitter:label2\" content=\"Est. tempo de leitura\" \/>\n\t<meta name=\"twitter:data2\" content=\"2 minutos\" \/>\n<script type=\"application\/ld+json\" class=\"yoast-schema-graph\">{\"@context\":\"https:\\\/\\\/schema.org\",\"@graph\":[{\"@type\":\"Article\",\"@id\":\"https:\\\/\\\/blogdofarnesio.com.br\\\/?p=359580#article\",\"isPartOf\":{\"@id\":\"https:\\\/\\\/blogdofarnesio.com.br\\\/?p=359580\"},\"author\":{\"name\":\"Farn\u00e9sio\",\"@id\":\"https:\\\/\\\/blogdofarnesio.com.br\\\/#\\\/schema\\\/person\\\/bb9b23ae3ad0609ce8df7b6c9e76824d\"},\"headline\":\"Com mais de R$ 45 mil em premia\u00e7\u00e3o, concurso de fantasia carnavalesca acontece na pr\u00f3xima sexta em Petrolina\",\"datePublished\":\"2024-01-23T13:44:27+00:00\",\"mainEntityOfPage\":{\"@id\":\"https:\\\/\\\/blogdofarnesio.com.br\\\/?p=359580\"},\"wordCount\":236,\"commentCount\":0,\"publisher\":{\"@id\":\"https:\\\/\\\/blogdofarnesio.com.br\\\/#organization\"},\"image\":{\"@id\":\"https:\\\/\\\/blogdofarnesio.com.br\\\/?p=359580#primaryimage\"},\"thumbnailUrl\":\"https:\\\/\\\/blogdofarnesio.com.br\\\/wp-content\\\/uploads\\\/2022\\\/02\\\/blogqspcarnaval-geraldo-pontes-5-e1676919742568.jpg\",\"articleSection\":[\"Concursos\"],\"inLanguage\":\"pt-BR\",\"potentialAction\":[{\"@type\":\"CommentAction\",\"name\":\"Comment\",\"target\":[\"https:\\\/\\\/blogdofarnesio.com.br\\\/?p=359580#respond\"]}]},{\"@type\":\"WebPage\",\"@id\":\"https:\\\/\\\/blogdofarnesio.com.br\\\/?p=359580\",\"url\":\"https:\\\/\\\/blogdofarnesio.com.br\\\/?p=359580\",\"name\":\"Com mais de R$ 45 mil em premia\u00e7\u00e3o, concurso de fantasia carnavalesca acontece na pr\u00f3xima sexta em Petrolina - Blog do Farn\u00e9sio\",\"isPartOf\":{\"@id\":\"https:\\\/\\\/blogdofarnesio.com.br\\\/#website\"},\"primaryImageOfPage\":{\"@id\":\"https:\\\/\\\/blogdofarnesio.com.br\\\/?p=359580#primaryimage\"},\"image\":{\"@id\":\"https:\\\/\\\/blogdofarnesio.com.br\\\/?p=359580#primaryimage\"},\"thumbnailUrl\":\"https:\\\/\\\/blogdofarnesio.com.br\\\/wp-content\\\/uploads\\\/2022\\\/02\\\/blogqspcarnaval-geraldo-pontes-5-e1676919742568.jpg\",\"datePublished\":\"2024-01-23T13:44:27+00:00\",\"breadcrumb\":{\"@id\":\"https:\\\/\\\/blogdofarnesio.com.br\\\/?p=359580#breadcrumb\"},\"inLanguage\":\"pt-BR\",\"potentialAction\":[{\"@type\":\"ReadAction\",\"target\":[\"https:\\\/\\\/blogdofarnesio.com.br\\\/?p=359580\"]}]},{\"@type\":\"ImageObject\",\"inLanguage\":\"pt-BR\",\"@id\":\"https:\\\/\\\/blogdofarnesio.com.br\\\/?p=359580#primaryimage\",\"url\":\"https:\\\/\\\/blogdofarnesio.com.br\\\/wp-content\\\/uploads\\\/2022\\\/02\\\/blogqspcarnaval-geraldo-pontes-5-e1676919742568.jpg\",\"contentUrl\":\"https:\\\/\\\/blogdofarnesio.com.br\\\/wp-content\\\/uploads\\\/2022\\\/02\\\/blogqspcarnaval-geraldo-pontes-5-e1676919742568.jpg\",\"width\":639,\"height\":581},{\"@type\":\"BreadcrumbList\",\"@id\":\"https:\\\/\\\/blogdofarnesio.com.br\\\/?p=359580#breadcrumb\",\"itemListElement\":[{\"@type\":\"ListItem\",\"position\":1,\"name\":\"In\u00edcio\",\"item\":\"https:\\\/\\\/blogdofarnesio.com.br\\\/\"},{\"@type\":\"ListItem\",\"position\":2,\"name\":\"Com mais de R$ 45 mil em premia\u00e7\u00e3o, concurso de fantasia carnavalesca acontece na pr\u00f3xima sexta em Petrolina\"}]},{\"@type\":\"WebSite\",\"@id\":\"https:\\\/\\\/blogdofarnesio.com.br\\\/#website\",\"url\":\"https:\\\/\\\/blogdofarnesio.com.br\\\/\",\"name\":\"Blog do Farn\u00e9sio\",\"description\":\"Quer Saber Pol\u00edtica?\",\"publisher\":{\"@id\":\"https:\\\/\\\/blogdofarnesio.com.br\\\/#organization\"},\"potentialAction\":[{\"@type\":\"SearchAction\",\"target\":{\"@type\":\"EntryPoint\",\"urlTemplate\":\"https:\\\/\\\/blogdofarnesio.com.br\\\/?s={search_term_string}\"},\"query-input\":{\"@type\":\"PropertyValueSpecification\",\"valueRequired\":true,\"valueName\":\"search_term_string\"}}],\"inLanguage\":\"pt-BR\"},{\"@type\":\"Organization\",\"@id\":\"https:\\\/\\\/blogdofarnesio.com.br\\\/#organization\",\"name\":\"Blog do Farn\u00e9sio\",\"url\":\"https:\\\/\\\/blogdofarnesio.com.br\\\/\",\"logo\":{\"@type\":\"ImageObject\",\"inLanguage\":\"pt-BR\",\"@id\":\"https:\\\/\\\/blogdofarnesio.com.br\\\/#\\\/schema\\\/logo\\\/image\\\/\",\"url\":\"https:\\\/\\\/blogdofarnesio.com.br\\\/wp-content\\\/uploads\\\/2026\\\/03\\\/cropped-logo_new-1.png\",\"contentUrl\":\"https:\\\/\\\/blogdofarnesio.com.br\\\/wp-content\\\/uploads\\\/2026\\\/03\\\/cropped-logo_new-1.png\",\"width\":881,\"height\":685,\"caption\":\"Blog do Farn\u00e9sio\"},\"image\":{\"@id\":\"https:\\\/\\\/blogdofarnesio.com.br\\\/#\\\/schema\\\/logo\\\/image\\\/\"},\"sameAs\":[\"https:\\\/\\\/www.facebook.com\\\/BlogQuerSaberPolitica\\\/\"]},{\"@type\":\"Person\",\"@id\":\"https:\\\/\\\/blogdofarnesio.com.br\\\/#\\\/schema\\\/person\\\/bb9b23ae3ad0609ce8df7b6c9e76824d\",\"name\":\"Farn\u00e9sio\",\"image\":{\"@type\":\"ImageObject\",\"inLanguage\":\"pt-BR\",\"@id\":\"https:\\\/\\\/secure.gravatar.com\\\/avatar\\\/986aa4c61ccdb66f8555bf88fc2a65609d00bcabd4d2d94377a727547345cbca?s=96&d=mm&r=g\",\"url\":\"https:\\\/\\\/secure.gravatar.com\\\/avatar\\\/986aa4c61ccdb66f8555bf88fc2a65609d00bcabd4d2d94377a727547345cbca?s=96&d=mm&r=g\",\"contentUrl\":\"https:\\\/\\\/secure.gravatar.com\\\/avatar\\\/986aa4c61ccdb66f8555bf88fc2a65609d00bcabd4d2d94377a727547345cbca?s=96&d=mm&r=g\",\"caption\":\"Farn\u00e9sio\"},\"description\":\"Radialista blogueiro, chegou a Petrolina\\\/Juazeiro em setembro de 1980, Farn\u00e9sio Silva \u00e9 de Arapiraca-Alagoas.\",\"sameAs\":[\"http:\\\/\\\/blogdofarnesio.com.br\",\"https:\\\/\\\/www.facebook.com\\\/?ref=tn_tnmn\",\"https:\\\/\\\/www.instagram.com\\\/?utm_source=pwa_homescreen\",\"https:\\\/\\\/youtube.com.br\\\/\"],\"url\":\"https:\\\/\\\/blogdofarnesio.com.br\\\/?author=2\"}]}<\/script>\n<!-- \/ Yoast SEO plugin. -->","yoast_head_json":{"title":"Com mais de R$ 45 mil em premia\u00e7\u00e3o, concurso de fantasia carnavalesca acontece na pr\u00f3xima sexta em Petrolina - Blog do Farn\u00e9sio","robots":{"index":"index","follow":"follow","max-snippet":"max-snippet:-1","max-image-preview":"max-image-preview:large","max-video-preview":"max-video-preview:-1"},"canonical":"https:\/\/blogdofarnesio.com.br\/?p=359580","og_locale":"pt_BR","og_type":"article","og_title":"Com mais de R$ 45 mil em premia\u00e7\u00e3o, concurso de fantasia carnavalesca acontece na pr\u00f3xima sexta em Petrolina - Blog do Farn\u00e9sio","og_description":"Com grande expectativa, criatividade, arte, alegria e muitas cores, os petrolinenses j\u00e1 vivem o clima dos eventos pr\u00e9-carnavalescos no munic\u00edpio. Na \u00faltima sexta-feira (19), a Prefeitura de Petrolina, atrav\u00e9s da Secretaria Executiva de Cultura, publicou no Di\u00e1rio Oficial do munic\u00edpio, a rela\u00e7\u00e3o de inscritos que participar\u00e3o do 24\u00ba Concurso de Fantasias Carnavalescas de Petrolina. Com premia\u00e7\u00e3o total de R$ 45.300,00, o Concurso vai contar com o desfile de 26 fantasias, que concorrer\u00e3o em quatro categorias: Luxo, Originalidade, Arranjo de Cabe\u00e7a e Infantil Fantasia de Papel, esta \u00faltima, a grande novidade deste ano, para crian\u00e7as de at\u00e9 10 anos de idade desfilarem. Outra novidade \u00e9 a mudan\u00e7a do local do desfile de apresenta\u00e7\u00e3o das fantasias, que at\u00e9 o ano passado era&hellip;","og_url":"https:\/\/blogdofarnesio.com.br\/?p=359580","og_site_name":"Blog do Farn\u00e9sio","article_publisher":"https:\/\/www.facebook.com\/BlogQuerSaberPolitica\/","article_author":"https:\/\/www.facebook.com\/?ref=tn_tnmn","article_published_time":"2024-01-23T13:44:27+00:00","og_image":[{"width":639,"height":581,"url":"https:\/\/blogdofarnesio.com.br\/wp-content\/uploads\/2022\/02\/blogqspcarnaval-geraldo-pontes-5-e1676919742568.jpg","type":"image\/jpeg"}],"author":"Farn\u00e9sio","twitter_card":"summary_large_image","twitter_misc":{"Escrito por":"Farn\u00e9sio","Est. tempo de leitura":"2 minutos"},"schema":{"@context":"https:\/\/schema.org","@graph":[{"@type":"Article","@id":"https:\/\/blogdofarnesio.com.br\/?p=359580#article","isPartOf":{"@id":"https:\/\/blogdofarnesio.com.br\/?p=359580"},"author":{"name":"Farn\u00e9sio","@id":"https:\/\/blogdofarnesio.com.br\/#\/schema\/person\/bb9b23ae3ad0609ce8df7b6c9e76824d"},"headline":"Com mais de R$ 45 mil em premia\u00e7\u00e3o, concurso de fantasia carnavalesca acontece na pr\u00f3xima sexta em Petrolina","datePublished":"2024-01-23T13:44:27+00:00","mainEntityOfPage":{"@id":"https:\/\/blogdofarnesio.com.br\/?p=359580"},"wordCount":236,"commentCount":0,"publisher":{"@id":"https:\/\/blogdofarnesio.com.br\/#organization"},"image":{"@id":"https:\/\/blogdofarnesio.com.br\/?p=359580#primaryimage"},"thumbnailUrl":"https:\/\/blogdofarnesio.com.br\/wp-content\/uploads\/2022\/02\/blogqspcarnaval-geraldo-pontes-5-e1676919742568.jpg","articleSection":["Concursos"],"inLanguage":"pt-BR","potentialAction":[{"@type":"CommentAction","name":"Comment","target":["https:\/\/blogdofarnesio.com.br\/?p=359580#respond"]}]},{"@type":"WebPage","@id":"https:\/\/blogdofarnesio.com.br\/?p=359580","url":"https:\/\/blogdofarnesio.com.br\/?p=359580","name":"Com mais de R$ 45 mil em premia\u00e7\u00e3o, concurso de fantasia carnavalesca acontece na pr\u00f3xima sexta em Petrolina - Blog do Farn\u00e9sio","isPartOf":{"@id":"https:\/\/blogdofarnesio.com.br\/#website"},"primaryImageOfPage":{"@id":"https:\/\/blogdofarnesio.com.br\/?p=359580#primaryimage"},"image":{"@id":"https:\/\/blogdofarnesio.com.br\/?p=359580#primaryimage"},"thumbnailUrl":"https:\/\/blogdofarnesio.com.br\/wp-content\/uploads\/2022\/02\/blogqspcarnaval-geraldo-pontes-5-e1676919742568.jpg","datePublished":"2024-01-23T13:44:27+00:00","breadcrumb":{"@id":"https:\/\/blogdofarnesio.com.br\/?p=359580#breadcrumb"},"inLanguage":"pt-BR","potentialAction":[{"@type":"ReadAction","target":["https:\/\/blogdofarnesio.com.br\/?p=359580"]}]},{"@type":"ImageObject","inLanguage":"pt-BR","@id":"https:\/\/blogdofarnesio.com.br\/?p=359580#primaryimage","url":"https:\/\/blogdofarnesio.com.br\/wp-content\/uploads\/2022\/02\/blogqspcarnaval-geraldo-pontes-5-e1676919742568.jpg","contentUrl":"https:\/\/blogdofarnesio.com.br\/wp-content\/uploads\/2022\/02\/blogqspcarnaval-geraldo-pontes-5-e1676919742568.jpg","width":639,"height":581},{"@type":"BreadcrumbList","@id":"https:\/\/blogdofarnesio.com.br\/?p=359580#breadcrumb","itemListElement":[{"@type":"ListItem","position":1,"name":"In\u00edcio","item":"https:\/\/blogdofarnesio.com.br\/"},{"@type":"ListItem","position":2,"name":"Com mais de R$ 45 mil em premia\u00e7\u00e3o, concurso de fantasia carnavalesca acontece na pr\u00f3xima sexta em Petrolina"}]},{"@type":"WebSite","@id":"https:\/\/blogdofarnesio.com.br\/#website","url":"https:\/\/blogdofarnesio.com.br\/","name":"Blog do Farn\u00e9sio","description":"Quer Saber Pol\u00edtica?","publisher":{"@id":"https:\/\/blogdofarnesio.com.br\/#organization"},"potentialAction":[{"@type":"SearchAction","target":{"@type":"EntryPoint","urlTemplate":"https:\/\/blogdofarnesio.com.br\/?s={search_term_string}"},"query-input":{"@type":"PropertyValueSpecification","valueRequired":true,"valueName":"search_term_string"}}],"inLanguage":"pt-BR"},{"@type":"Organization","@id":"https:\/\/blogdofarnesio.com.br\/#organization","name":"Blog do Farn\u00e9sio","url":"https:\/\/blogdofarnesio.com.br\/","logo":{"@type":"ImageObject","inLanguage":"pt-BR","@id":"https:\/\/blogdofarnesio.com.br\/#\/schema\/logo\/image\/","url":"https:\/\/blogdofarnesio.com.br\/wp-content\/uploads\/2026\/03\/cropped-logo_new-1.png","contentUrl":"https:\/\/blogdofarnesio.com.br\/wp-content\/uploads\/2026\/03\/cropped-logo_new-1.png","width":881,"height":685,"caption":"Blog do Farn\u00e9sio"},"image":{"@id":"https:\/\/blogdofarnesio.com.br\/#\/schema\/logo\/image\/"},"sameAs":["https:\/\/www.facebook.com\/BlogQuerSaberPolitica\/"]},{"@type":"Person","@id":"https:\/\/blogdofarnesio.com.br\/#\/schema\/person\/bb9b23ae3ad0609ce8df7b6c9e76824d","name":"Farn\u00e9sio","image":{"@type":"ImageObject","inLanguage":"pt-BR","@id":"https:\/\/secure.gravatar.com\/avatar\/986aa4c61ccdb66f8555bf88fc2a65609d00bcabd4d2d94377a727547345cbca?s=96&d=mm&r=g","url":"https:\/\/secure.gravatar.com\/avatar\/986aa4c61ccdb66f8555bf88fc2a65609d00bcabd4d2d94377a727547345cbca?s=96&d=mm&r=g","contentUrl":"https:\/\/secure.gravatar.com\/avatar\/986aa4c61ccdb66f8555bf88fc2a65609d00bcabd4d2d94377a727547345cbca?s=96&d=mm&r=g","caption":"Farn\u00e9sio"},"description":"Radialista blogueiro, chegou a Petrolina\/Juazeiro em setembro de 1980, Farn\u00e9sio Silva \u00e9 de Arapiraca-Alagoas.","sameAs":["http:\/\/blogdofarnesio.com.br","https:\/\/www.facebook.com\/?ref=tn_tnmn","https:\/\/www.instagram.com\/?utm_source=pwa_homescreen","https:\/\/youtube.com.br\/"],"url":"https:\/\/blogdofarnesio.com.br\/?author=2"}]}},"_links":{"self":[{"href":"https:\/\/blogdofarnesio.com.br\/index.php?rest_route=\/wp\/v2\/posts\/359580","targetHints":{"allow":["GET"]}}],"collection":[{"href":"https:\/\/blogdofarnesio.com.br\/index.php?rest_route=\/wp\/v2\/posts"}],"about":[{"href":"https:\/\/blogdofarnesio.com.br\/index.php?rest_route=\/wp\/v2\/types\/post"}],"author":[{"embeddable":true,"href":"https:\/\/blogdofarnesio.com.br\/index.php?rest_route=\/wp\/v2\/users\/2"}],"replies":[{"embeddable":true,"href":"https:\/\/blogdofarnesio.com.br\/index.php?rest_route=%2Fwp%2Fv2%2Fcomments&post=359580"}],"version-history":[{"count":0,"href":"https:\/\/blogdofarnesio.com.br\/index.php?rest_route=\/wp\/v2\/posts\/359580\/revisions"}],"wp:featuredmedia":[{"embeddable":true,"href":"https:\/\/blogdofarnesio.com.br\/index.php?rest_route=\/wp\/v2\/media\/306917"}],"wp:attachment":[{"href":"https:\/\/blogdofarnesio.com.br\/index.php?rest_route=%2Fwp%2Fv2%2Fmedia&parent=359580"}],"wp:term":[{"taxonomy":"category","embeddable":true,"href":"https:\/\/blogdofarnesio.com.br\/index.php?rest_route=%2Fwp%2Fv2%2Fcategories&post=359580"},{"taxonomy":"post_tag","embeddable":true,"href":"https:\/\/blogdofarnesio.com.br\/index.php?rest_route=%2Fwp%2Fv2%2Ftags&post=359580"}],"curies":[{"name":"wp","href":"https:\/\/api.w.org\/{rel}","templated":true}]}}