{"id":359405,"date":"2024-01-22T14:22:33","date_gmt":"2024-01-22T17:22:33","guid":{"rendered":"https:\/\/blogdofarnesio.com.br\/?p=359405"},"modified":"2024-01-22T08:36:05","modified_gmt":"2024-01-22T11:36:05","slug":"obras-de-pavimentacao-levam-mais-infraestrutura-para-cinco-bairros-de-petrolina","status":"publish","type":"post","link":"https:\/\/blogdofarnesio.com.br\/?p=359405","title":{"rendered":"Obras de pavimenta\u00e7\u00e3o levam mais infraestrutura para cinco bairros de Petrolina"},"content":{"rendered":"<p>As a\u00e7\u00f5es da prefeitura para melhorar a qualidade de vida dos petrolinenses est\u00e3o por toda parte. Somente neste m\u00eas de janeiro, 11 ruas de cinco comunidades est\u00e3o sendo transformadas atrav\u00e9s de novas pavimenta\u00e7\u00f5es. As obras est\u00e3o acontecendo, ao mesmo tempo, nos bairros S\u00e3o Gon\u00e7alo, Jardim Guararapes, Vila dos Ing\u00e1s, Jardim S\u00e3o Paulo e no Jos\u00e9 e Maria.<\/p>\n<p>As interven\u00e7\u00f5es na \u00e1rea de infraestrutura s\u00e3o fruto de um recurso destinado pelo ex-senador Fernando Bezerra Coelho no valor de R$ 42 milh\u00f5es via CODEVASF.<\/p>\n<p>No momento, as equipes est\u00e3o divididas nas comunidades atuando na execu\u00e7\u00e3o de base, passeios, assentamento de meio-fio, escava\u00e7\u00e3o de sarjeta, execu\u00e7\u00e3o de micro revestimento, lan\u00e7amento de cascalho, assentamento de piso t\u00e1til, entre outros servi\u00e7os.<\/p>\n<p>Ao todo, mais de 80 ruas ser\u00e3o beneficiadas com novas pavimenta\u00e7\u00f5es, atrav\u00e9s do primeiro lote do recurso de R$42 milh\u00f5es.<\/p>\n","protected":false},"excerpt":{"rendered":"<p>As a\u00e7\u00f5es da prefeitura para melhorar a qualidade de vida dos petrolinenses est\u00e3o por toda parte. Somente neste m\u00eas de janeiro, 11 ruas de cinco comunidades est\u00e3o sendo transformadas atrav\u00e9s de novas pavimenta\u00e7\u00f5es. As obras est\u00e3o acontecendo, ao mesmo tempo, nos bairros S\u00e3o Gon\u00e7alo, Jardim Guararapes, Vila dos Ing\u00e1s, Jardim S\u00e3o Paulo e no Jos\u00e9 e Maria. As interven\u00e7\u00f5es na \u00e1rea de infraestrutura s\u00e3o fruto de um recurso destinado pelo ex-senador Fernando Bezerra Coelho no valor de R$ 42 milh\u00f5es via CODEVASF. No momento, as equipes est\u00e3o divididas nas comunidades atuando na execu\u00e7\u00e3o de base, passeios, assentamento de meio-fio, escava\u00e7\u00e3o de sarjeta, execu\u00e7\u00e3o de micro revestimento, lan\u00e7amento de cascalho, assentamento de piso t\u00e1til, entre outros servi\u00e7os. Ao todo, mais de&hellip; <\/p>\n","protected":false},"author":2,"featured_media":359406,"comment_status":"open","ping_status":"open","sticky":false,"template":"","format":"standard","meta":{"_acf_changed":false,"footnotes":""},"categories":[44],"tags":[],"class_list":["post-359405","post","type-post","status-publish","format-standard","has-post-thumbnail","hentry","category-administracao"],"acf":[],"yoast_head":"<!-- This site is optimized with the Yoast SEO plugin v27.4 - https:\/\/yoast.com\/product\/yoast-seo-wordpress\/ -->\n<title>Obras de pavimenta\u00e7\u00e3o levam mais infraestrutura para cinco bairros de Petrolina - Blog do Farn\u00e9sio<\/title>\n<meta name=\"robots\" content=\"index, follow, max-snippet:-1, max-image-preview:large, max-video-preview:-1\" \/>\n<link rel=\"canonical\" href=\"https:\/\/blogdofarnesio.com.br\/?p=359405\" \/>\n<meta property=\"og:locale\" content=\"pt_BR\" \/>\n<meta property=\"og:type\" content=\"article\" \/>\n<meta property=\"og:title\" content=\"Obras de pavimenta\u00e7\u00e3o levam mais infraestrutura para cinco bairros de Petrolina - Blog do Farn\u00e9sio\" \/>\n<meta property=\"og:description\" content=\"As a\u00e7\u00f5es da prefeitura para melhorar a qualidade de vida dos petrolinenses est\u00e3o por toda parte. Somente neste m\u00eas de janeiro, 11 ruas de cinco comunidades est\u00e3o sendo transformadas atrav\u00e9s de novas pavimenta\u00e7\u00f5es. As obras est\u00e3o acontecendo, ao mesmo tempo, nos bairros S\u00e3o Gon\u00e7alo, Jardim Guararapes, Vila dos Ing\u00e1s, Jardim S\u00e3o Paulo e no Jos\u00e9 e Maria. As interven\u00e7\u00f5es na \u00e1rea de infraestrutura s\u00e3o fruto de um recurso destinado pelo ex-senador Fernando Bezerra Coelho no valor de R$ 42 milh\u00f5es via CODEVASF. No momento, as equipes est\u00e3o divididas nas comunidades atuando na execu\u00e7\u00e3o de base, passeios, assentamento de meio-fio, escava\u00e7\u00e3o de sarjeta, execu\u00e7\u00e3o de micro revestimento, lan\u00e7amento de cascalho, assentamento de piso t\u00e1til, entre outros servi\u00e7os. Ao todo, mais de&hellip;\" \/>\n<meta property=\"og:url\" content=\"https:\/\/blogdofarnesio.com.br\/?p=359405\" \/>\n<meta property=\"og:site_name\" content=\"Blog do Farn\u00e9sio\" \/>\n<meta property=\"article:publisher\" content=\"https:\/\/www.facebook.com\/BlogQuerSaberPolitica\/\" \/>\n<meta property=\"article:author\" content=\"https:\/\/www.facebook.com\/?ref=tn_tnmn\" \/>\n<meta property=\"article:published_time\" content=\"2024-01-22T17:22:33+00:00\" \/>\n<meta property=\"og:image\" content=\"https:\/\/blogdofarnesio.com.br\/wp-content\/uploads\/2024\/01\/Pavimentacoes-Petrolina-V-e1705689329165.jpeg\" \/>\n\t<meta property=\"og:image:width\" content=\"600\" \/>\n\t<meta property=\"og:image:height\" content=\"400\" \/>\n\t<meta property=\"og:image:type\" content=\"image\/jpeg\" \/>\n<meta name=\"author\" content=\"Farn\u00e9sio\" \/>\n<meta name=\"twitter:card\" content=\"summary_large_image\" \/>\n<meta name=\"twitter:label1\" content=\"Escrito por\" \/>\n\t<meta name=\"twitter:data1\" content=\"Farn\u00e9sio\" \/>\n\t<meta name=\"twitter:label2\" content=\"Est. tempo de leitura\" \/>\n\t<meta name=\"twitter:data2\" content=\"1 minuto\" \/>\n<script type=\"application\/ld+json\" class=\"yoast-schema-graph\">{\"@context\":\"https:\\\/\\\/schema.org\",\"@graph\":[{\"@type\":\"Article\",\"@id\":\"https:\\\/\\\/blogdofarnesio.com.br\\\/?p=359405#article\",\"isPartOf\":{\"@id\":\"https:\\\/\\\/blogdofarnesio.com.br\\\/?p=359405\"},\"author\":{\"name\":\"Farn\u00e9sio\",\"@id\":\"https:\\\/\\\/blogdofarnesio.com.br\\\/#\\\/schema\\\/person\\\/bb9b23ae3ad0609ce8df7b6c9e76824d\"},\"headline\":\"Obras de pavimenta\u00e7\u00e3o levam mais infraestrutura para cinco bairros de Petrolina\",\"datePublished\":\"2024-01-22T17:22:33+00:00\",\"mainEntityOfPage\":{\"@id\":\"https:\\\/\\\/blogdofarnesio.com.br\\\/?p=359405\"},\"wordCount\":170,\"commentCount\":0,\"publisher\":{\"@id\":\"https:\\\/\\\/blogdofarnesio.com.br\\\/#organization\"},\"image\":{\"@id\":\"https:\\\/\\\/blogdofarnesio.com.br\\\/?p=359405#primaryimage\"},\"thumbnailUrl\":\"https:\\\/\\\/blogdofarnesio.com.br\\\/wp-content\\\/uploads\\\/2024\\\/01\\\/Pavimentacoes-Petrolina-V-e1705689329165.jpeg\",\"articleSection\":[\"Administra\u00e7\u00e3o\"],\"inLanguage\":\"pt-BR\",\"potentialAction\":[{\"@type\":\"CommentAction\",\"name\":\"Comment\",\"target\":[\"https:\\\/\\\/blogdofarnesio.com.br\\\/?p=359405#respond\"]}]},{\"@type\":\"WebPage\",\"@id\":\"https:\\\/\\\/blogdofarnesio.com.br\\\/?p=359405\",\"url\":\"https:\\\/\\\/blogdofarnesio.com.br\\\/?p=359405\",\"name\":\"Obras de pavimenta\u00e7\u00e3o levam mais infraestrutura para cinco bairros de Petrolina - Blog do Farn\u00e9sio\",\"isPartOf\":{\"@id\":\"https:\\\/\\\/blogdofarnesio.com.br\\\/#website\"},\"primaryImageOfPage\":{\"@id\":\"https:\\\/\\\/blogdofarnesio.com.br\\\/?p=359405#primaryimage\"},\"image\":{\"@id\":\"https:\\\/\\\/blogdofarnesio.com.br\\\/?p=359405#primaryimage\"},\"thumbnailUrl\":\"https:\\\/\\\/blogdofarnesio.com.br\\\/wp-content\\\/uploads\\\/2024\\\/01\\\/Pavimentacoes-Petrolina-V-e1705689329165.jpeg\",\"datePublished\":\"2024-01-22T17:22:33+00:00\",\"breadcrumb\":{\"@id\":\"https:\\\/\\\/blogdofarnesio.com.br\\\/?p=359405#breadcrumb\"},\"inLanguage\":\"pt-BR\",\"potentialAction\":[{\"@type\":\"ReadAction\",\"target\":[\"https:\\\/\\\/blogdofarnesio.com.br\\\/?p=359405\"]}]},{\"@type\":\"ImageObject\",\"inLanguage\":\"pt-BR\",\"@id\":\"https:\\\/\\\/blogdofarnesio.com.br\\\/?p=359405#primaryimage\",\"url\":\"https:\\\/\\\/blogdofarnesio.com.br\\\/wp-content\\\/uploads\\\/2024\\\/01\\\/Pavimentacoes-Petrolina-V-e1705689329165.jpeg\",\"contentUrl\":\"https:\\\/\\\/blogdofarnesio.com.br\\\/wp-content\\\/uploads\\\/2024\\\/01\\\/Pavimentacoes-Petrolina-V-e1705689329165.jpeg\",\"width\":600,\"height\":400},{\"@type\":\"BreadcrumbList\",\"@id\":\"https:\\\/\\\/blogdofarnesio.com.br\\\/?p=359405#breadcrumb\",\"itemListElement\":[{\"@type\":\"ListItem\",\"position\":1,\"name\":\"In\u00edcio\",\"item\":\"https:\\\/\\\/blogdofarnesio.com.br\\\/\"},{\"@type\":\"ListItem\",\"position\":2,\"name\":\"Obras de pavimenta\u00e7\u00e3o levam mais infraestrutura para cinco bairros de Petrolina\"}]},{\"@type\":\"WebSite\",\"@id\":\"https:\\\/\\\/blogdofarnesio.com.br\\\/#website\",\"url\":\"https:\\\/\\\/blogdofarnesio.com.br\\\/\",\"name\":\"Blog do Farn\u00e9sio\",\"description\":\"Quer Saber Pol\u00edtica?\",\"publisher\":{\"@id\":\"https:\\\/\\\/blogdofarnesio.com.br\\\/#organization\"},\"potentialAction\":[{\"@type\":\"SearchAction\",\"target\":{\"@type\":\"EntryPoint\",\"urlTemplate\":\"https:\\\/\\\/blogdofarnesio.com.br\\\/?s={search_term_string}\"},\"query-input\":{\"@type\":\"PropertyValueSpecification\",\"valueRequired\":true,\"valueName\":\"search_term_string\"}}],\"inLanguage\":\"pt-BR\"},{\"@type\":\"Organization\",\"@id\":\"https:\\\/\\\/blogdofarnesio.com.br\\\/#organization\",\"name\":\"Blog do Farn\u00e9sio\",\"url\":\"https:\\\/\\\/blogdofarnesio.com.br\\\/\",\"logo\":{\"@type\":\"ImageObject\",\"inLanguage\":\"pt-BR\",\"@id\":\"https:\\\/\\\/blogdofarnesio.com.br\\\/#\\\/schema\\\/logo\\\/image\\\/\",\"url\":\"https:\\\/\\\/blogdofarnesio.com.br\\\/wp-content\\\/uploads\\\/2026\\\/03\\\/cropped-logo_new-1.png\",\"contentUrl\":\"https:\\\/\\\/blogdofarnesio.com.br\\\/wp-content\\\/uploads\\\/2026\\\/03\\\/cropped-logo_new-1.png\",\"width\":881,\"height\":685,\"caption\":\"Blog do Farn\u00e9sio\"},\"image\":{\"@id\":\"https:\\\/\\\/blogdofarnesio.com.br\\\/#\\\/schema\\\/logo\\\/image\\\/\"},\"sameAs\":[\"https:\\\/\\\/www.facebook.com\\\/BlogQuerSaberPolitica\\\/\"]},{\"@type\":\"Person\",\"@id\":\"https:\\\/\\\/blogdofarnesio.com.br\\\/#\\\/schema\\\/person\\\/bb9b23ae3ad0609ce8df7b6c9e76824d\",\"name\":\"Farn\u00e9sio\",\"image\":{\"@type\":\"ImageObject\",\"inLanguage\":\"pt-BR\",\"@id\":\"https:\\\/\\\/secure.gravatar.com\\\/avatar\\\/986aa4c61ccdb66f8555bf88fc2a65609d00bcabd4d2d94377a727547345cbca?s=96&d=mm&r=g\",\"url\":\"https:\\\/\\\/secure.gravatar.com\\\/avatar\\\/986aa4c61ccdb66f8555bf88fc2a65609d00bcabd4d2d94377a727547345cbca?s=96&d=mm&r=g\",\"contentUrl\":\"https:\\\/\\\/secure.gravatar.com\\\/avatar\\\/986aa4c61ccdb66f8555bf88fc2a65609d00bcabd4d2d94377a727547345cbca?s=96&d=mm&r=g\",\"caption\":\"Farn\u00e9sio\"},\"description\":\"Radialista blogueiro, chegou a Petrolina\\\/Juazeiro em setembro de 1980, Farn\u00e9sio Silva \u00e9 de Arapiraca-Alagoas.\",\"sameAs\":[\"http:\\\/\\\/blogdofarnesio.com.br\",\"https:\\\/\\\/www.facebook.com\\\/?ref=tn_tnmn\",\"https:\\\/\\\/www.instagram.com\\\/?utm_source=pwa_homescreen\",\"https:\\\/\\\/youtube.com.br\\\/\"],\"url\":\"https:\\\/\\\/blogdofarnesio.com.br\\\/?author=2\"}]}<\/script>\n<!-- \/ Yoast SEO plugin. -->","yoast_head_json":{"title":"Obras de pavimenta\u00e7\u00e3o levam mais infraestrutura para cinco bairros de Petrolina - Blog do Farn\u00e9sio","robots":{"index":"index","follow":"follow","max-snippet":"max-snippet:-1","max-image-preview":"max-image-preview:large","max-video-preview":"max-video-preview:-1"},"canonical":"https:\/\/blogdofarnesio.com.br\/?p=359405","og_locale":"pt_BR","og_type":"article","og_title":"Obras de pavimenta\u00e7\u00e3o levam mais infraestrutura para cinco bairros de Petrolina - Blog do Farn\u00e9sio","og_description":"As a\u00e7\u00f5es da prefeitura para melhorar a qualidade de vida dos petrolinenses est\u00e3o por toda parte. Somente neste m\u00eas de janeiro, 11 ruas de cinco comunidades est\u00e3o sendo transformadas atrav\u00e9s de novas pavimenta\u00e7\u00f5es. As obras est\u00e3o acontecendo, ao mesmo tempo, nos bairros S\u00e3o Gon\u00e7alo, Jardim Guararapes, Vila dos Ing\u00e1s, Jardim S\u00e3o Paulo e no Jos\u00e9 e Maria. As interven\u00e7\u00f5es na \u00e1rea de infraestrutura s\u00e3o fruto de um recurso destinado pelo ex-senador Fernando Bezerra Coelho no valor de R$ 42 milh\u00f5es via CODEVASF. No momento, as equipes est\u00e3o divididas nas comunidades atuando na execu\u00e7\u00e3o de base, passeios, assentamento de meio-fio, escava\u00e7\u00e3o de sarjeta, execu\u00e7\u00e3o de micro revestimento, lan\u00e7amento de cascalho, assentamento de piso t\u00e1til, entre outros servi\u00e7os. Ao todo, mais de&hellip;","og_url":"https:\/\/blogdofarnesio.com.br\/?p=359405","og_site_name":"Blog do Farn\u00e9sio","article_publisher":"https:\/\/www.facebook.com\/BlogQuerSaberPolitica\/","article_author":"https:\/\/www.facebook.com\/?ref=tn_tnmn","article_published_time":"2024-01-22T17:22:33+00:00","og_image":[{"width":600,"height":400,"url":"https:\/\/blogdofarnesio.com.br\/wp-content\/uploads\/2024\/01\/Pavimentacoes-Petrolina-V-e1705689329165.jpeg","type":"image\/jpeg"}],"author":"Farn\u00e9sio","twitter_card":"summary_large_image","twitter_misc":{"Escrito por":"Farn\u00e9sio","Est. tempo de leitura":"1 minuto"},"schema":{"@context":"https:\/\/schema.org","@graph":[{"@type":"Article","@id":"https:\/\/blogdofarnesio.com.br\/?p=359405#article","isPartOf":{"@id":"https:\/\/blogdofarnesio.com.br\/?p=359405"},"author":{"name":"Farn\u00e9sio","@id":"https:\/\/blogdofarnesio.com.br\/#\/schema\/person\/bb9b23ae3ad0609ce8df7b6c9e76824d"},"headline":"Obras de pavimenta\u00e7\u00e3o levam mais infraestrutura para cinco bairros de Petrolina","datePublished":"2024-01-22T17:22:33+00:00","mainEntityOfPage":{"@id":"https:\/\/blogdofarnesio.com.br\/?p=359405"},"wordCount":170,"commentCount":0,"publisher":{"@id":"https:\/\/blogdofarnesio.com.br\/#organization"},"image":{"@id":"https:\/\/blogdofarnesio.com.br\/?p=359405#primaryimage"},"thumbnailUrl":"https:\/\/blogdofarnesio.com.br\/wp-content\/uploads\/2024\/01\/Pavimentacoes-Petrolina-V-e1705689329165.jpeg","articleSection":["Administra\u00e7\u00e3o"],"inLanguage":"pt-BR","potentialAction":[{"@type":"CommentAction","name":"Comment","target":["https:\/\/blogdofarnesio.com.br\/?p=359405#respond"]}]},{"@type":"WebPage","@id":"https:\/\/blogdofarnesio.com.br\/?p=359405","url":"https:\/\/blogdofarnesio.com.br\/?p=359405","name":"Obras de pavimenta\u00e7\u00e3o levam mais infraestrutura para cinco bairros de Petrolina - Blog do Farn\u00e9sio","isPartOf":{"@id":"https:\/\/blogdofarnesio.com.br\/#website"},"primaryImageOfPage":{"@id":"https:\/\/blogdofarnesio.com.br\/?p=359405#primaryimage"},"image":{"@id":"https:\/\/blogdofarnesio.com.br\/?p=359405#primaryimage"},"thumbnailUrl":"https:\/\/blogdofarnesio.com.br\/wp-content\/uploads\/2024\/01\/Pavimentacoes-Petrolina-V-e1705689329165.jpeg","datePublished":"2024-01-22T17:22:33+00:00","breadcrumb":{"@id":"https:\/\/blogdofarnesio.com.br\/?p=359405#breadcrumb"},"inLanguage":"pt-BR","potentialAction":[{"@type":"ReadAction","target":["https:\/\/blogdofarnesio.com.br\/?p=359405"]}]},{"@type":"ImageObject","inLanguage":"pt-BR","@id":"https:\/\/blogdofarnesio.com.br\/?p=359405#primaryimage","url":"https:\/\/blogdofarnesio.com.br\/wp-content\/uploads\/2024\/01\/Pavimentacoes-Petrolina-V-e1705689329165.jpeg","contentUrl":"https:\/\/blogdofarnesio.com.br\/wp-content\/uploads\/2024\/01\/Pavimentacoes-Petrolina-V-e1705689329165.jpeg","width":600,"height":400},{"@type":"BreadcrumbList","@id":"https:\/\/blogdofarnesio.com.br\/?p=359405#breadcrumb","itemListElement":[{"@type":"ListItem","position":1,"name":"In\u00edcio","item":"https:\/\/blogdofarnesio.com.br\/"},{"@type":"ListItem","position":2,"name":"Obras de pavimenta\u00e7\u00e3o levam mais infraestrutura para cinco bairros de Petrolina"}]},{"@type":"WebSite","@id":"https:\/\/blogdofarnesio.com.br\/#website","url":"https:\/\/blogdofarnesio.com.br\/","name":"Blog do Farn\u00e9sio","description":"Quer Saber Pol\u00edtica?","publisher":{"@id":"https:\/\/blogdofarnesio.com.br\/#organization"},"potentialAction":[{"@type":"SearchAction","target":{"@type":"EntryPoint","urlTemplate":"https:\/\/blogdofarnesio.com.br\/?s={search_term_string}"},"query-input":{"@type":"PropertyValueSpecification","valueRequired":true,"valueName":"search_term_string"}}],"inLanguage":"pt-BR"},{"@type":"Organization","@id":"https:\/\/blogdofarnesio.com.br\/#organization","name":"Blog do Farn\u00e9sio","url":"https:\/\/blogdofarnesio.com.br\/","logo":{"@type":"ImageObject","inLanguage":"pt-BR","@id":"https:\/\/blogdofarnesio.com.br\/#\/schema\/logo\/image\/","url":"https:\/\/blogdofarnesio.com.br\/wp-content\/uploads\/2026\/03\/cropped-logo_new-1.png","contentUrl":"https:\/\/blogdofarnesio.com.br\/wp-content\/uploads\/2026\/03\/cropped-logo_new-1.png","width":881,"height":685,"caption":"Blog do Farn\u00e9sio"},"image":{"@id":"https:\/\/blogdofarnesio.com.br\/#\/schema\/logo\/image\/"},"sameAs":["https:\/\/www.facebook.com\/BlogQuerSaberPolitica\/"]},{"@type":"Person","@id":"https:\/\/blogdofarnesio.com.br\/#\/schema\/person\/bb9b23ae3ad0609ce8df7b6c9e76824d","name":"Farn\u00e9sio","image":{"@type":"ImageObject","inLanguage":"pt-BR","@id":"https:\/\/secure.gravatar.com\/avatar\/986aa4c61ccdb66f8555bf88fc2a65609d00bcabd4d2d94377a727547345cbca?s=96&d=mm&r=g","url":"https:\/\/secure.gravatar.com\/avatar\/986aa4c61ccdb66f8555bf88fc2a65609d00bcabd4d2d94377a727547345cbca?s=96&d=mm&r=g","contentUrl":"https:\/\/secure.gravatar.com\/avatar\/986aa4c61ccdb66f8555bf88fc2a65609d00bcabd4d2d94377a727547345cbca?s=96&d=mm&r=g","caption":"Farn\u00e9sio"},"description":"Radialista blogueiro, chegou a Petrolina\/Juazeiro em setembro de 1980, Farn\u00e9sio Silva \u00e9 de Arapiraca-Alagoas.","sameAs":["http:\/\/blogdofarnesio.com.br","https:\/\/www.facebook.com\/?ref=tn_tnmn","https:\/\/www.instagram.com\/?utm_source=pwa_homescreen","https:\/\/youtube.com.br\/"],"url":"https:\/\/blogdofarnesio.com.br\/?author=2"}]}},"_links":{"self":[{"href":"https:\/\/blogdofarnesio.com.br\/index.php?rest_route=\/wp\/v2\/posts\/359405","targetHints":{"allow":["GET"]}}],"collection":[{"href":"https:\/\/blogdofarnesio.com.br\/index.php?rest_route=\/wp\/v2\/posts"}],"about":[{"href":"https:\/\/blogdofarnesio.com.br\/index.php?rest_route=\/wp\/v2\/types\/post"}],"author":[{"embeddable":true,"href":"https:\/\/blogdofarnesio.com.br\/index.php?rest_route=\/wp\/v2\/users\/2"}],"replies":[{"embeddable":true,"href":"https:\/\/blogdofarnesio.com.br\/index.php?rest_route=%2Fwp%2Fv2%2Fcomments&post=359405"}],"version-history":[{"count":0,"href":"https:\/\/blogdofarnesio.com.br\/index.php?rest_route=\/wp\/v2\/posts\/359405\/revisions"}],"wp:featuredmedia":[{"embeddable":true,"href":"https:\/\/blogdofarnesio.com.br\/index.php?rest_route=\/wp\/v2\/media\/359406"}],"wp:attachment":[{"href":"https:\/\/blogdofarnesio.com.br\/index.php?rest_route=%2Fwp%2Fv2%2Fmedia&parent=359405"}],"wp:term":[{"taxonomy":"category","embeddable":true,"href":"https:\/\/blogdofarnesio.com.br\/index.php?rest_route=%2Fwp%2Fv2%2Fcategories&post=359405"},{"taxonomy":"post_tag","embeddable":true,"href":"https:\/\/blogdofarnesio.com.br\/index.php?rest_route=%2Fwp%2Fv2%2Ftags&post=359405"}],"curies":[{"name":"wp","href":"https:\/\/api.w.org\/{rel}","templated":true}]}}