{"id":357683,"date":"2023-12-24T11:30:28","date_gmt":"2023-12-24T14:30:28","guid":{"rendered":"https:\/\/blogdofarnesio.com.br\/?p=357683"},"modified":"2023-12-24T09:33:25","modified_gmt":"2023-12-24T12:33:25","slug":"setur-ba-preve-65-milhoes-de-turistas-no-verao-baiano-2023-2024","status":"publish","type":"post","link":"https:\/\/blogdofarnesio.com.br\/?p=357683","title":{"rendered":"Setur-BA prev\u00ea 6,5 milh\u00f5es de turistas no ver\u00e3o baiano 2023\/2024"},"content":{"rendered":"<p>A temporada de ver\u00e3o 2023\/2024 foi aberta, nesta sexta-feira (22), com estimativas animadoras para quem desempenha atividades tur\u00edsticas na Bahia. Segundo a Secretaria de Turismo do Estado (Setur-BA), 6,5 milh\u00f5es de visitantes dever\u00e3o circular pelo territ\u00f3rio baiano na alta esta\u00e7\u00e3o, injetando R$ 9,8 bilh\u00f5es na economia.<\/p>\n<p>No ver\u00e3o passado, foram 6,2 milh\u00f5es de turistas e R$ 9 bilh\u00f5es de receita. A previs\u00e3o de crescimento no fluxo se deve ao aumento cont\u00ednuo nos \u00edndices do setor no estado, desde 2021, com n\u00fameros acima da m\u00e9dia nacional, e \u00e0s informa\u00e7\u00f5es das companhias a\u00e9reas e ag\u00eancias de viagens sobre a grande demanda de procura por destinos baianos.<\/p>\n<p>\u201cA Bahia se preparou para superar os n\u00fameros do ver\u00e3o passado, com a\u00e7\u00f5es estruturantes, capacita\u00e7\u00e3o profissional, qualifica\u00e7\u00e3o de servi\u00e7os, promo\u00e7\u00e3o das 13 zonas tur\u00edsticas e capta\u00e7\u00e3o de novos voos. Esse pacote de iniciativas credenciou o estado a registrar um alta temporada recorde em movimenta\u00e7\u00e3o tur\u00edstica\u201d, pontua o titular da Setur-BA, Maur\u00edcio Bacelar.<\/p>\n<p>Os destinos baianos mais procurados est\u00e3o localizados no litoral: Salvador (Ba\u00eda de Todos-os-Santos), Praia do Forte (Costa dos Coqueiros), Morro de S\u00e3o Paulo (Costa do Dend\u00ea), Itacar\u00e9 e Ilh\u00e9us (Costa do Cacau) e Porto Seguro (Costa do Descobrimento). Aparecem ainda na rela\u00e7\u00e3o Len\u00e7\u00f3is e Mucug\u00ea (Chapada Diamantina).<\/p>\n<p>Os brasileiros representam 89,5% dos turistas que escolhem a Bahia, tendo S\u00e3o Paulo e Rio de Janeiro como os maiores polos emissores; os estrangeiros s\u00e3o 10,5%, com lideran\u00e7a de argentinos, seguidos de espanh\u00f3is, franceses e italianos.<\/p>\n<p>Para quem pretende chegar \u00e0 Bahia de avi\u00e3o, o estado tem conectividade a\u00e9rea com todas as regi\u00f5es do Brasil e com a Am\u00e9rica do Sul (Argentina, Chile e Uruguai) e Europa (Portugal e Espanha). Do continente europeu tamb\u00e9m partem voos fretados da Pol\u00f4nia. Para atender \u00e0 grande demanda durante a alta temporada, empresas de avia\u00e7\u00e3o j\u00e1 abriram dezenas de voos extras para os aeroportos de Salvador, Porto Seguro e Ilh\u00e9us.<\/p>\n<div><\/div>\n<div id=\"m_3729390727597306086Signature\">\n<div><b>Assessoria de Comunica\u00e7\u00e3o<\/b><\/div>\n<\/div>\n","protected":false},"excerpt":{"rendered":"<p>A temporada de ver\u00e3o 2023\/2024 foi aberta, nesta sexta-feira (22), com estimativas animadoras para quem desempenha atividades tur\u00edsticas na Bahia. Segundo a Secretaria de Turismo do Estado (Setur-BA), 6,5 milh\u00f5es de visitantes dever\u00e3o circular pelo territ\u00f3rio baiano na alta esta\u00e7\u00e3o, injetando R$ 9,8 bilh\u00f5es na economia. No ver\u00e3o passado, foram 6,2 milh\u00f5es de turistas e R$ 9 bilh\u00f5es de receita. A previs\u00e3o de crescimento no fluxo se deve ao aumento cont\u00ednuo nos \u00edndices do setor no estado, desde 2021, com n\u00fameros acima da m\u00e9dia nacional, e \u00e0s informa\u00e7\u00f5es das companhias a\u00e9reas e ag\u00eancias de viagens sobre a grande demanda de procura por destinos baianos. \u201cA Bahia se preparou para superar os n\u00fameros do ver\u00e3o passado, com a\u00e7\u00f5es estruturantes, capacita\u00e7\u00e3o profissional,&hellip; <\/p>\n","protected":false},"author":2,"featured_media":357684,"comment_status":"open","ping_status":"open","sticky":false,"template":"","format":"standard","meta":{"_acf_changed":false,"footnotes":""},"categories":[11],"tags":[],"class_list":["post-357683","post","type-post","status-publish","format-standard","has-post-thumbnail","hentry","category-turismo"],"acf":[],"yoast_head":"<!-- This site is optimized with the Yoast SEO plugin v27.4 - https:\/\/yoast.com\/product\/yoast-seo-wordpress\/ -->\n<title>Setur-BA prev\u00ea 6,5 milh\u00f5es de turistas no ver\u00e3o baiano 2023\/2024 - Blog do Farn\u00e9sio<\/title>\n<meta name=\"robots\" content=\"index, follow, max-snippet:-1, max-image-preview:large, max-video-preview:-1\" \/>\n<link rel=\"canonical\" href=\"https:\/\/blogdofarnesio.com.br\/?p=357683\" \/>\n<meta property=\"og:locale\" content=\"pt_BR\" \/>\n<meta property=\"og:type\" content=\"article\" \/>\n<meta property=\"og:title\" content=\"Setur-BA prev\u00ea 6,5 milh\u00f5es de turistas no ver\u00e3o baiano 2023\/2024 - Blog do Farn\u00e9sio\" \/>\n<meta property=\"og:description\" content=\"A temporada de ver\u00e3o 2023\/2024 foi aberta, nesta sexta-feira (22), com estimativas animadoras para quem desempenha atividades tur\u00edsticas na Bahia. Segundo a Secretaria de Turismo do Estado (Setur-BA), 6,5 milh\u00f5es de visitantes dever\u00e3o circular pelo territ\u00f3rio baiano na alta esta\u00e7\u00e3o, injetando R$ 9,8 bilh\u00f5es na economia. No ver\u00e3o passado, foram 6,2 milh\u00f5es de turistas e R$ 9 bilh\u00f5es de receita. A previs\u00e3o de crescimento no fluxo se deve ao aumento cont\u00ednuo nos \u00edndices do setor no estado, desde 2021, com n\u00fameros acima da m\u00e9dia nacional, e \u00e0s informa\u00e7\u00f5es das companhias a\u00e9reas e ag\u00eancias de viagens sobre a grande demanda de procura por destinos baianos. \u201cA Bahia se preparou para superar os n\u00fameros do ver\u00e3o passado, com a\u00e7\u00f5es estruturantes, capacita\u00e7\u00e3o profissional,&hellip;\" \/>\n<meta property=\"og:url\" content=\"https:\/\/blogdofarnesio.com.br\/?p=357683\" \/>\n<meta property=\"og:site_name\" content=\"Blog do Farn\u00e9sio\" \/>\n<meta property=\"article:publisher\" content=\"https:\/\/www.facebook.com\/BlogQuerSaberPolitica\/\" \/>\n<meta property=\"article:author\" content=\"https:\/\/www.facebook.com\/?ref=tn_tnmn\" \/>\n<meta property=\"article:published_time\" content=\"2023-12-24T14:30:28+00:00\" \/>\n<meta property=\"og:image\" content=\"https:\/\/blogdofarnesio.com.br\/wp-content\/uploads\/2023\/12\/blogqspsalvador-pelourinho-e1703421172251.jpg\" \/>\n\t<meta property=\"og:image:width\" content=\"600\" \/>\n\t<meta property=\"og:image:height\" content=\"399\" \/>\n\t<meta property=\"og:image:type\" content=\"image\/jpeg\" \/>\n<meta name=\"author\" content=\"Farn\u00e9sio\" \/>\n<meta name=\"twitter:card\" content=\"summary_large_image\" \/>\n<meta name=\"twitter:label1\" content=\"Escrito por\" \/>\n\t<meta name=\"twitter:data1\" content=\"Farn\u00e9sio\" \/>\n\t<meta name=\"twitter:label2\" content=\"Est. tempo de leitura\" \/>\n\t<meta name=\"twitter:data2\" content=\"2 minutos\" \/>\n<script type=\"application\/ld+json\" class=\"yoast-schema-graph\">{\"@context\":\"https:\\\/\\\/schema.org\",\"@graph\":[{\"@type\":\"Article\",\"@id\":\"https:\\\/\\\/blogdofarnesio.com.br\\\/?p=357683#article\",\"isPartOf\":{\"@id\":\"https:\\\/\\\/blogdofarnesio.com.br\\\/?p=357683\"},\"author\":{\"name\":\"Farn\u00e9sio\",\"@id\":\"https:\\\/\\\/blogdofarnesio.com.br\\\/#\\\/schema\\\/person\\\/bb9b23ae3ad0609ce8df7b6c9e76824d\"},\"headline\":\"Setur-BA prev\u00ea 6,5 milh\u00f5es de turistas no ver\u00e3o baiano 2023\\\/2024\",\"datePublished\":\"2023-12-24T14:30:28+00:00\",\"mainEntityOfPage\":{\"@id\":\"https:\\\/\\\/blogdofarnesio.com.br\\\/?p=357683\"},\"wordCount\":358,\"commentCount\":0,\"publisher\":{\"@id\":\"https:\\\/\\\/blogdofarnesio.com.br\\\/#organization\"},\"image\":{\"@id\":\"https:\\\/\\\/blogdofarnesio.com.br\\\/?p=357683#primaryimage\"},\"thumbnailUrl\":\"https:\\\/\\\/blogdofarnesio.com.br\\\/wp-content\\\/uploads\\\/2023\\\/12\\\/blogqspsalvador-pelourinho-e1703421172251.jpg\",\"articleSection\":[\"Turismo\"],\"inLanguage\":\"pt-BR\",\"potentialAction\":[{\"@type\":\"CommentAction\",\"name\":\"Comment\",\"target\":[\"https:\\\/\\\/blogdofarnesio.com.br\\\/?p=357683#respond\"]}]},{\"@type\":\"WebPage\",\"@id\":\"https:\\\/\\\/blogdofarnesio.com.br\\\/?p=357683\",\"url\":\"https:\\\/\\\/blogdofarnesio.com.br\\\/?p=357683\",\"name\":\"Setur-BA prev\u00ea 6,5 milh\u00f5es de turistas no ver\u00e3o baiano 2023\\\/2024 - Blog do Farn\u00e9sio\",\"isPartOf\":{\"@id\":\"https:\\\/\\\/blogdofarnesio.com.br\\\/#website\"},\"primaryImageOfPage\":{\"@id\":\"https:\\\/\\\/blogdofarnesio.com.br\\\/?p=357683#primaryimage\"},\"image\":{\"@id\":\"https:\\\/\\\/blogdofarnesio.com.br\\\/?p=357683#primaryimage\"},\"thumbnailUrl\":\"https:\\\/\\\/blogdofarnesio.com.br\\\/wp-content\\\/uploads\\\/2023\\\/12\\\/blogqspsalvador-pelourinho-e1703421172251.jpg\",\"datePublished\":\"2023-12-24T14:30:28+00:00\",\"breadcrumb\":{\"@id\":\"https:\\\/\\\/blogdofarnesio.com.br\\\/?p=357683#breadcrumb\"},\"inLanguage\":\"pt-BR\",\"potentialAction\":[{\"@type\":\"ReadAction\",\"target\":[\"https:\\\/\\\/blogdofarnesio.com.br\\\/?p=357683\"]}]},{\"@type\":\"ImageObject\",\"inLanguage\":\"pt-BR\",\"@id\":\"https:\\\/\\\/blogdofarnesio.com.br\\\/?p=357683#primaryimage\",\"url\":\"https:\\\/\\\/blogdofarnesio.com.br\\\/wp-content\\\/uploads\\\/2023\\\/12\\\/blogqspsalvador-pelourinho-e1703421172251.jpg\",\"contentUrl\":\"https:\\\/\\\/blogdofarnesio.com.br\\\/wp-content\\\/uploads\\\/2023\\\/12\\\/blogqspsalvador-pelourinho-e1703421172251.jpg\",\"width\":600,\"height\":399},{\"@type\":\"BreadcrumbList\",\"@id\":\"https:\\\/\\\/blogdofarnesio.com.br\\\/?p=357683#breadcrumb\",\"itemListElement\":[{\"@type\":\"ListItem\",\"position\":1,\"name\":\"In\u00edcio\",\"item\":\"https:\\\/\\\/blogdofarnesio.com.br\\\/\"},{\"@type\":\"ListItem\",\"position\":2,\"name\":\"Setur-BA prev\u00ea 6,5 milh\u00f5es de turistas no ver\u00e3o baiano 2023\\\/2024\"}]},{\"@type\":\"WebSite\",\"@id\":\"https:\\\/\\\/blogdofarnesio.com.br\\\/#website\",\"url\":\"https:\\\/\\\/blogdofarnesio.com.br\\\/\",\"name\":\"Blog do Farn\u00e9sio\",\"description\":\"Quer Saber Pol\u00edtica?\",\"publisher\":{\"@id\":\"https:\\\/\\\/blogdofarnesio.com.br\\\/#organization\"},\"potentialAction\":[{\"@type\":\"SearchAction\",\"target\":{\"@type\":\"EntryPoint\",\"urlTemplate\":\"https:\\\/\\\/blogdofarnesio.com.br\\\/?s={search_term_string}\"},\"query-input\":{\"@type\":\"PropertyValueSpecification\",\"valueRequired\":true,\"valueName\":\"search_term_string\"}}],\"inLanguage\":\"pt-BR\"},{\"@type\":\"Organization\",\"@id\":\"https:\\\/\\\/blogdofarnesio.com.br\\\/#organization\",\"name\":\"Blog do Farn\u00e9sio\",\"url\":\"https:\\\/\\\/blogdofarnesio.com.br\\\/\",\"logo\":{\"@type\":\"ImageObject\",\"inLanguage\":\"pt-BR\",\"@id\":\"https:\\\/\\\/blogdofarnesio.com.br\\\/#\\\/schema\\\/logo\\\/image\\\/\",\"url\":\"https:\\\/\\\/blogdofarnesio.com.br\\\/wp-content\\\/uploads\\\/2026\\\/03\\\/cropped-logo_new-1.png\",\"contentUrl\":\"https:\\\/\\\/blogdofarnesio.com.br\\\/wp-content\\\/uploads\\\/2026\\\/03\\\/cropped-logo_new-1.png\",\"width\":881,\"height\":685,\"caption\":\"Blog do Farn\u00e9sio\"},\"image\":{\"@id\":\"https:\\\/\\\/blogdofarnesio.com.br\\\/#\\\/schema\\\/logo\\\/image\\\/\"},\"sameAs\":[\"https:\\\/\\\/www.facebook.com\\\/BlogQuerSaberPolitica\\\/\"]},{\"@type\":\"Person\",\"@id\":\"https:\\\/\\\/blogdofarnesio.com.br\\\/#\\\/schema\\\/person\\\/bb9b23ae3ad0609ce8df7b6c9e76824d\",\"name\":\"Farn\u00e9sio\",\"image\":{\"@type\":\"ImageObject\",\"inLanguage\":\"pt-BR\",\"@id\":\"https:\\\/\\\/secure.gravatar.com\\\/avatar\\\/986aa4c61ccdb66f8555bf88fc2a65609d00bcabd4d2d94377a727547345cbca?s=96&d=mm&r=g\",\"url\":\"https:\\\/\\\/secure.gravatar.com\\\/avatar\\\/986aa4c61ccdb66f8555bf88fc2a65609d00bcabd4d2d94377a727547345cbca?s=96&d=mm&r=g\",\"contentUrl\":\"https:\\\/\\\/secure.gravatar.com\\\/avatar\\\/986aa4c61ccdb66f8555bf88fc2a65609d00bcabd4d2d94377a727547345cbca?s=96&d=mm&r=g\",\"caption\":\"Farn\u00e9sio\"},\"description\":\"Radialista blogueiro, chegou a Petrolina\\\/Juazeiro em setembro de 1980, Farn\u00e9sio Silva \u00e9 de Arapiraca-Alagoas.\",\"sameAs\":[\"http:\\\/\\\/blogdofarnesio.com.br\",\"https:\\\/\\\/www.facebook.com\\\/?ref=tn_tnmn\",\"https:\\\/\\\/www.instagram.com\\\/?utm_source=pwa_homescreen\",\"https:\\\/\\\/youtube.com.br\\\/\"],\"url\":\"https:\\\/\\\/blogdofarnesio.com.br\\\/?author=2\"}]}<\/script>\n<!-- \/ Yoast SEO plugin. -->","yoast_head_json":{"title":"Setur-BA prev\u00ea 6,5 milh\u00f5es de turistas no ver\u00e3o baiano 2023\/2024 - Blog do Farn\u00e9sio","robots":{"index":"index","follow":"follow","max-snippet":"max-snippet:-1","max-image-preview":"max-image-preview:large","max-video-preview":"max-video-preview:-1"},"canonical":"https:\/\/blogdofarnesio.com.br\/?p=357683","og_locale":"pt_BR","og_type":"article","og_title":"Setur-BA prev\u00ea 6,5 milh\u00f5es de turistas no ver\u00e3o baiano 2023\/2024 - Blog do Farn\u00e9sio","og_description":"A temporada de ver\u00e3o 2023\/2024 foi aberta, nesta sexta-feira (22), com estimativas animadoras para quem desempenha atividades tur\u00edsticas na Bahia. Segundo a Secretaria de Turismo do Estado (Setur-BA), 6,5 milh\u00f5es de visitantes dever\u00e3o circular pelo territ\u00f3rio baiano na alta esta\u00e7\u00e3o, injetando R$ 9,8 bilh\u00f5es na economia. No ver\u00e3o passado, foram 6,2 milh\u00f5es de turistas e R$ 9 bilh\u00f5es de receita. A previs\u00e3o de crescimento no fluxo se deve ao aumento cont\u00ednuo nos \u00edndices do setor no estado, desde 2021, com n\u00fameros acima da m\u00e9dia nacional, e \u00e0s informa\u00e7\u00f5es das companhias a\u00e9reas e ag\u00eancias de viagens sobre a grande demanda de procura por destinos baianos. \u201cA Bahia se preparou para superar os n\u00fameros do ver\u00e3o passado, com a\u00e7\u00f5es estruturantes, capacita\u00e7\u00e3o profissional,&hellip;","og_url":"https:\/\/blogdofarnesio.com.br\/?p=357683","og_site_name":"Blog do Farn\u00e9sio","article_publisher":"https:\/\/www.facebook.com\/BlogQuerSaberPolitica\/","article_author":"https:\/\/www.facebook.com\/?ref=tn_tnmn","article_published_time":"2023-12-24T14:30:28+00:00","og_image":[{"width":600,"height":399,"url":"https:\/\/blogdofarnesio.com.br\/wp-content\/uploads\/2023\/12\/blogqspsalvador-pelourinho-e1703421172251.jpg","type":"image\/jpeg"}],"author":"Farn\u00e9sio","twitter_card":"summary_large_image","twitter_misc":{"Escrito por":"Farn\u00e9sio","Est. tempo de leitura":"2 minutos"},"schema":{"@context":"https:\/\/schema.org","@graph":[{"@type":"Article","@id":"https:\/\/blogdofarnesio.com.br\/?p=357683#article","isPartOf":{"@id":"https:\/\/blogdofarnesio.com.br\/?p=357683"},"author":{"name":"Farn\u00e9sio","@id":"https:\/\/blogdofarnesio.com.br\/#\/schema\/person\/bb9b23ae3ad0609ce8df7b6c9e76824d"},"headline":"Setur-BA prev\u00ea 6,5 milh\u00f5es de turistas no ver\u00e3o baiano 2023\/2024","datePublished":"2023-12-24T14:30:28+00:00","mainEntityOfPage":{"@id":"https:\/\/blogdofarnesio.com.br\/?p=357683"},"wordCount":358,"commentCount":0,"publisher":{"@id":"https:\/\/blogdofarnesio.com.br\/#organization"},"image":{"@id":"https:\/\/blogdofarnesio.com.br\/?p=357683#primaryimage"},"thumbnailUrl":"https:\/\/blogdofarnesio.com.br\/wp-content\/uploads\/2023\/12\/blogqspsalvador-pelourinho-e1703421172251.jpg","articleSection":["Turismo"],"inLanguage":"pt-BR","potentialAction":[{"@type":"CommentAction","name":"Comment","target":["https:\/\/blogdofarnesio.com.br\/?p=357683#respond"]}]},{"@type":"WebPage","@id":"https:\/\/blogdofarnesio.com.br\/?p=357683","url":"https:\/\/blogdofarnesio.com.br\/?p=357683","name":"Setur-BA prev\u00ea 6,5 milh\u00f5es de turistas no ver\u00e3o baiano 2023\/2024 - Blog do Farn\u00e9sio","isPartOf":{"@id":"https:\/\/blogdofarnesio.com.br\/#website"},"primaryImageOfPage":{"@id":"https:\/\/blogdofarnesio.com.br\/?p=357683#primaryimage"},"image":{"@id":"https:\/\/blogdofarnesio.com.br\/?p=357683#primaryimage"},"thumbnailUrl":"https:\/\/blogdofarnesio.com.br\/wp-content\/uploads\/2023\/12\/blogqspsalvador-pelourinho-e1703421172251.jpg","datePublished":"2023-12-24T14:30:28+00:00","breadcrumb":{"@id":"https:\/\/blogdofarnesio.com.br\/?p=357683#breadcrumb"},"inLanguage":"pt-BR","potentialAction":[{"@type":"ReadAction","target":["https:\/\/blogdofarnesio.com.br\/?p=357683"]}]},{"@type":"ImageObject","inLanguage":"pt-BR","@id":"https:\/\/blogdofarnesio.com.br\/?p=357683#primaryimage","url":"https:\/\/blogdofarnesio.com.br\/wp-content\/uploads\/2023\/12\/blogqspsalvador-pelourinho-e1703421172251.jpg","contentUrl":"https:\/\/blogdofarnesio.com.br\/wp-content\/uploads\/2023\/12\/blogqspsalvador-pelourinho-e1703421172251.jpg","width":600,"height":399},{"@type":"BreadcrumbList","@id":"https:\/\/blogdofarnesio.com.br\/?p=357683#breadcrumb","itemListElement":[{"@type":"ListItem","position":1,"name":"In\u00edcio","item":"https:\/\/blogdofarnesio.com.br\/"},{"@type":"ListItem","position":2,"name":"Setur-BA prev\u00ea 6,5 milh\u00f5es de turistas no ver\u00e3o baiano 2023\/2024"}]},{"@type":"WebSite","@id":"https:\/\/blogdofarnesio.com.br\/#website","url":"https:\/\/blogdofarnesio.com.br\/","name":"Blog do Farn\u00e9sio","description":"Quer Saber Pol\u00edtica?","publisher":{"@id":"https:\/\/blogdofarnesio.com.br\/#organization"},"potentialAction":[{"@type":"SearchAction","target":{"@type":"EntryPoint","urlTemplate":"https:\/\/blogdofarnesio.com.br\/?s={search_term_string}"},"query-input":{"@type":"PropertyValueSpecification","valueRequired":true,"valueName":"search_term_string"}}],"inLanguage":"pt-BR"},{"@type":"Organization","@id":"https:\/\/blogdofarnesio.com.br\/#organization","name":"Blog do Farn\u00e9sio","url":"https:\/\/blogdofarnesio.com.br\/","logo":{"@type":"ImageObject","inLanguage":"pt-BR","@id":"https:\/\/blogdofarnesio.com.br\/#\/schema\/logo\/image\/","url":"https:\/\/blogdofarnesio.com.br\/wp-content\/uploads\/2026\/03\/cropped-logo_new-1.png","contentUrl":"https:\/\/blogdofarnesio.com.br\/wp-content\/uploads\/2026\/03\/cropped-logo_new-1.png","width":881,"height":685,"caption":"Blog do Farn\u00e9sio"},"image":{"@id":"https:\/\/blogdofarnesio.com.br\/#\/schema\/logo\/image\/"},"sameAs":["https:\/\/www.facebook.com\/BlogQuerSaberPolitica\/"]},{"@type":"Person","@id":"https:\/\/blogdofarnesio.com.br\/#\/schema\/person\/bb9b23ae3ad0609ce8df7b6c9e76824d","name":"Farn\u00e9sio","image":{"@type":"ImageObject","inLanguage":"pt-BR","@id":"https:\/\/secure.gravatar.com\/avatar\/986aa4c61ccdb66f8555bf88fc2a65609d00bcabd4d2d94377a727547345cbca?s=96&d=mm&r=g","url":"https:\/\/secure.gravatar.com\/avatar\/986aa4c61ccdb66f8555bf88fc2a65609d00bcabd4d2d94377a727547345cbca?s=96&d=mm&r=g","contentUrl":"https:\/\/secure.gravatar.com\/avatar\/986aa4c61ccdb66f8555bf88fc2a65609d00bcabd4d2d94377a727547345cbca?s=96&d=mm&r=g","caption":"Farn\u00e9sio"},"description":"Radialista blogueiro, chegou a Petrolina\/Juazeiro em setembro de 1980, Farn\u00e9sio Silva \u00e9 de Arapiraca-Alagoas.","sameAs":["http:\/\/blogdofarnesio.com.br","https:\/\/www.facebook.com\/?ref=tn_tnmn","https:\/\/www.instagram.com\/?utm_source=pwa_homescreen","https:\/\/youtube.com.br\/"],"url":"https:\/\/blogdofarnesio.com.br\/?author=2"}]}},"_links":{"self":[{"href":"https:\/\/blogdofarnesio.com.br\/index.php?rest_route=\/wp\/v2\/posts\/357683","targetHints":{"allow":["GET"]}}],"collection":[{"href":"https:\/\/blogdofarnesio.com.br\/index.php?rest_route=\/wp\/v2\/posts"}],"about":[{"href":"https:\/\/blogdofarnesio.com.br\/index.php?rest_route=\/wp\/v2\/types\/post"}],"author":[{"embeddable":true,"href":"https:\/\/blogdofarnesio.com.br\/index.php?rest_route=\/wp\/v2\/users\/2"}],"replies":[{"embeddable":true,"href":"https:\/\/blogdofarnesio.com.br\/index.php?rest_route=%2Fwp%2Fv2%2Fcomments&post=357683"}],"version-history":[{"count":0,"href":"https:\/\/blogdofarnesio.com.br\/index.php?rest_route=\/wp\/v2\/posts\/357683\/revisions"}],"wp:featuredmedia":[{"embeddable":true,"href":"https:\/\/blogdofarnesio.com.br\/index.php?rest_route=\/wp\/v2\/media\/357684"}],"wp:attachment":[{"href":"https:\/\/blogdofarnesio.com.br\/index.php?rest_route=%2Fwp%2Fv2%2Fmedia&parent=357683"}],"wp:term":[{"taxonomy":"category","embeddable":true,"href":"https:\/\/blogdofarnesio.com.br\/index.php?rest_route=%2Fwp%2Fv2%2Fcategories&post=357683"},{"taxonomy":"post_tag","embeddable":true,"href":"https:\/\/blogdofarnesio.com.br\/index.php?rest_route=%2Fwp%2Fv2%2Ftags&post=357683"}],"curies":[{"name":"wp","href":"https:\/\/api.w.org\/{rel}","templated":true}]}}