{"id":356409,"date":"2023-12-06T15:30:50","date_gmt":"2023-12-06T18:30:50","guid":{"rendered":"https:\/\/blogdofarnesio.com.br\/?p=356409"},"modified":"2023-12-06T12:51:39","modified_gmt":"2023-12-06T15:51:39","slug":"contas-do-governo-lula-no-vermelho-gastou-mais-do-que-faturou","status":"publish","type":"post","link":"https:\/\/blogdofarnesio.com.br\/?p=356409","title":{"rendered":"CONTAS DO GOVERNO LULA NO VERMELHO. GASTOU MAIS DO QUE FATUROU"},"content":{"rendered":"<p>VEJA\u00a0 &#8211;\u00a0 As contas p\u00fablicas do Brasil registraram super\u00e1vit prim\u00e1rio de 14,8 bilh\u00f5es de reais em outubro, ante saldo positivo de 27,1 bilh\u00f5es de reais em outubro de 2022. <a href=\"https:\/\/r.abrilmultimidia.com.br\/mk\/cl\/f\/sh\/7nVU1aA2ng7ZOjpkfz6hY4Ati2kuF2Q\/C_oDeJQUiILj\" target=\"_blank\" rel=\"noopener\" data-saferedirecturl=\"https:\/\/www.google.com\/url?q=https:\/\/r.abrilmultimidia.com.br\/mk\/cl\/f\/sh\/7nVU1aA2ng7ZOjpkfz6hY4Ati2kuF2Q\/C_oDeJQUiILj&amp;source=gmail&amp;ust=1701963260765000&amp;usg=AOvVaw3nW58HOaohI1DA1W7k1LLA\"><strong>No acumulado do ano, entretanto, o d\u00e9ficit \u00e9 de 114,2 bilh\u00f5es de reais, equivalente a 1,08% do PIB<\/strong><\/a>.<\/p>\n<p>At\u00e9 setembro, a d\u00edvida estava em 0,97% do PIB. O aumento do rombo nas contas p\u00fablicas mostra a dificuldade do governo Lula na quest\u00e3o fiscal. No come\u00e7o do ano, o ministro da Fazenda, Fernando Haddad, tinha como objetivo entregar o d\u00e9ficit em 100 bilh\u00f5es de reais em 2023 \u2013 algo em torno de 1% do PIB.<\/p>\n<p>J\u00e1 para 2024, a meta do governo \u2013 estipulada no novo arcabou\u00e7o fiscal &#8212; \u00e9 zerar o d\u00e9ficit nas contas, o que j\u00e1 foi colocado em d\u00favida pelo pr\u00f3prio presidente\u00a0Lula.<\/p>\n","protected":false},"excerpt":{"rendered":"<p>VEJA\u00a0 &#8211;\u00a0 As contas p\u00fablicas do Brasil registraram super\u00e1vit prim\u00e1rio de 14,8 bilh\u00f5es de reais em outubro, ante saldo positivo de 27,1 bilh\u00f5es de reais em outubro de 2022. No acumulado do ano, entretanto, o d\u00e9ficit \u00e9 de 114,2 bilh\u00f5es de reais, equivalente a 1,08% do PIB. At\u00e9 setembro, a d\u00edvida estava em 0,97% do PIB. O aumento do rombo nas contas p\u00fablicas mostra a dificuldade do governo Lula na quest\u00e3o fiscal. No come\u00e7o do ano, o ministro da Fazenda, Fernando Haddad, tinha como objetivo entregar o d\u00e9ficit em 100 bilh\u00f5es de reais em 2023 \u2013 algo em torno de 1% do PIB. J\u00e1 para 2024, a meta do governo \u2013 estipulada no novo arcabou\u00e7o fiscal &#8212; \u00e9 zerar o&hellip; <\/p>\n","protected":false},"author":2,"featured_media":144943,"comment_status":"open","ping_status":"open","sticky":false,"template":"","format":"standard","meta":{"_acf_changed":false,"footnotes":""},"categories":[20],"tags":[],"class_list":["post-356409","post","type-post","status-publish","format-standard","has-post-thumbnail","hentry","category-economia"],"acf":[],"yoast_head":"<!-- This site is optimized with the Yoast SEO plugin v27.4 - https:\/\/yoast.com\/product\/yoast-seo-wordpress\/ -->\n<title>CONTAS DO GOVERNO LULA NO VERMELHO. GASTOU MAIS DO QUE FATUROU - Blog do Farn\u00e9sio<\/title>\n<meta name=\"robots\" content=\"index, follow, max-snippet:-1, max-image-preview:large, max-video-preview:-1\" \/>\n<link rel=\"canonical\" href=\"https:\/\/blogdofarnesio.com.br\/?p=356409\" \/>\n<meta property=\"og:locale\" content=\"pt_BR\" \/>\n<meta property=\"og:type\" content=\"article\" \/>\n<meta property=\"og:title\" content=\"CONTAS DO GOVERNO LULA NO VERMELHO. GASTOU MAIS DO QUE FATUROU - Blog do Farn\u00e9sio\" \/>\n<meta property=\"og:description\" content=\"VEJA\u00a0 &#8211;\u00a0 As contas p\u00fablicas do Brasil registraram super\u00e1vit prim\u00e1rio de 14,8 bilh\u00f5es de reais em outubro, ante saldo positivo de 27,1 bilh\u00f5es de reais em outubro de 2022. No acumulado do ano, entretanto, o d\u00e9ficit \u00e9 de 114,2 bilh\u00f5es de reais, equivalente a 1,08% do PIB. At\u00e9 setembro, a d\u00edvida estava em 0,97% do PIB. O aumento do rombo nas contas p\u00fablicas mostra a dificuldade do governo Lula na quest\u00e3o fiscal. No come\u00e7o do ano, o ministro da Fazenda, Fernando Haddad, tinha como objetivo entregar o d\u00e9ficit em 100 bilh\u00f5es de reais em 2023 \u2013 algo em torno de 1% do PIB. J\u00e1 para 2024, a meta do governo \u2013 estipulada no novo arcabou\u00e7o fiscal &#8212; \u00e9 zerar o&hellip;\" \/>\n<meta property=\"og:url\" content=\"https:\/\/blogdofarnesio.com.br\/?p=356409\" \/>\n<meta property=\"og:site_name\" content=\"Blog do Farn\u00e9sio\" \/>\n<meta property=\"article:publisher\" content=\"https:\/\/www.facebook.com\/BlogQuerSaberPolitica\/\" \/>\n<meta property=\"article:author\" content=\"https:\/\/www.facebook.com\/?ref=tn_tnmn\" \/>\n<meta property=\"article:published_time\" content=\"2023-12-06T18:30:50+00:00\" \/>\n<meta property=\"og:image\" content=\"https:\/\/blogdofarnesio.com.br\/wp-content\/uploads\/2016\/07\/blogqsp-economia.jpg\" \/>\n\t<meta property=\"og:image:width\" content=\"448\" \/>\n\t<meta property=\"og:image:height\" content=\"252\" \/>\n\t<meta property=\"og:image:type\" content=\"image\/jpeg\" \/>\n<meta name=\"author\" content=\"Farn\u00e9sio\" \/>\n<meta name=\"twitter:card\" content=\"summary_large_image\" \/>\n<meta name=\"twitter:label1\" content=\"Escrito por\" \/>\n\t<meta name=\"twitter:data1\" content=\"Farn\u00e9sio\" \/>\n\t<meta name=\"twitter:label2\" content=\"Est. tempo de leitura\" \/>\n\t<meta name=\"twitter:data2\" content=\"1 minuto\" \/>\n<script type=\"application\/ld+json\" class=\"yoast-schema-graph\">{\"@context\":\"https:\\\/\\\/schema.org\",\"@graph\":[{\"@type\":\"Article\",\"@id\":\"https:\\\/\\\/blogdofarnesio.com.br\\\/?p=356409#article\",\"isPartOf\":{\"@id\":\"https:\\\/\\\/blogdofarnesio.com.br\\\/?p=356409\"},\"author\":{\"name\":\"Farn\u00e9sio\",\"@id\":\"https:\\\/\\\/blogdofarnesio.com.br\\\/#\\\/schema\\\/person\\\/bb9b23ae3ad0609ce8df7b6c9e76824d\"},\"headline\":\"CONTAS DO GOVERNO LULA NO VERMELHO. GASTOU MAIS DO QUE FATUROU\",\"datePublished\":\"2023-12-06T18:30:50+00:00\",\"mainEntityOfPage\":{\"@id\":\"https:\\\/\\\/blogdofarnesio.com.br\\\/?p=356409\"},\"wordCount\":148,\"commentCount\":0,\"publisher\":{\"@id\":\"https:\\\/\\\/blogdofarnesio.com.br\\\/#organization\"},\"image\":{\"@id\":\"https:\\\/\\\/blogdofarnesio.com.br\\\/?p=356409#primaryimage\"},\"thumbnailUrl\":\"https:\\\/\\\/blogdofarnesio.com.br\\\/wp-content\\\/uploads\\\/2016\\\/07\\\/blogqsp-economia.jpg\",\"articleSection\":[\"Economia\"],\"inLanguage\":\"pt-BR\",\"potentialAction\":[{\"@type\":\"CommentAction\",\"name\":\"Comment\",\"target\":[\"https:\\\/\\\/blogdofarnesio.com.br\\\/?p=356409#respond\"]}]},{\"@type\":\"WebPage\",\"@id\":\"https:\\\/\\\/blogdofarnesio.com.br\\\/?p=356409\",\"url\":\"https:\\\/\\\/blogdofarnesio.com.br\\\/?p=356409\",\"name\":\"CONTAS DO GOVERNO LULA NO VERMELHO. GASTOU MAIS DO QUE FATUROU - Blog do Farn\u00e9sio\",\"isPartOf\":{\"@id\":\"https:\\\/\\\/blogdofarnesio.com.br\\\/#website\"},\"primaryImageOfPage\":{\"@id\":\"https:\\\/\\\/blogdofarnesio.com.br\\\/?p=356409#primaryimage\"},\"image\":{\"@id\":\"https:\\\/\\\/blogdofarnesio.com.br\\\/?p=356409#primaryimage\"},\"thumbnailUrl\":\"https:\\\/\\\/blogdofarnesio.com.br\\\/wp-content\\\/uploads\\\/2016\\\/07\\\/blogqsp-economia.jpg\",\"datePublished\":\"2023-12-06T18:30:50+00:00\",\"breadcrumb\":{\"@id\":\"https:\\\/\\\/blogdofarnesio.com.br\\\/?p=356409#breadcrumb\"},\"inLanguage\":\"pt-BR\",\"potentialAction\":[{\"@type\":\"ReadAction\",\"target\":[\"https:\\\/\\\/blogdofarnesio.com.br\\\/?p=356409\"]}]},{\"@type\":\"ImageObject\",\"inLanguage\":\"pt-BR\",\"@id\":\"https:\\\/\\\/blogdofarnesio.com.br\\\/?p=356409#primaryimage\",\"url\":\"https:\\\/\\\/blogdofarnesio.com.br\\\/wp-content\\\/uploads\\\/2016\\\/07\\\/blogqsp-economia.jpg\",\"contentUrl\":\"https:\\\/\\\/blogdofarnesio.com.br\\\/wp-content\\\/uploads\\\/2016\\\/07\\\/blogqsp-economia.jpg\",\"width\":448,\"height\":252},{\"@type\":\"BreadcrumbList\",\"@id\":\"https:\\\/\\\/blogdofarnesio.com.br\\\/?p=356409#breadcrumb\",\"itemListElement\":[{\"@type\":\"ListItem\",\"position\":1,\"name\":\"In\u00edcio\",\"item\":\"https:\\\/\\\/blogdofarnesio.com.br\\\/\"},{\"@type\":\"ListItem\",\"position\":2,\"name\":\"CONTAS DO GOVERNO LULA NO VERMELHO. GASTOU MAIS DO QUE FATUROU\"}]},{\"@type\":\"WebSite\",\"@id\":\"https:\\\/\\\/blogdofarnesio.com.br\\\/#website\",\"url\":\"https:\\\/\\\/blogdofarnesio.com.br\\\/\",\"name\":\"Blog do Farn\u00e9sio\",\"description\":\"Quer Saber Pol\u00edtica?\",\"publisher\":{\"@id\":\"https:\\\/\\\/blogdofarnesio.com.br\\\/#organization\"},\"potentialAction\":[{\"@type\":\"SearchAction\",\"target\":{\"@type\":\"EntryPoint\",\"urlTemplate\":\"https:\\\/\\\/blogdofarnesio.com.br\\\/?s={search_term_string}\"},\"query-input\":{\"@type\":\"PropertyValueSpecification\",\"valueRequired\":true,\"valueName\":\"search_term_string\"}}],\"inLanguage\":\"pt-BR\"},{\"@type\":\"Organization\",\"@id\":\"https:\\\/\\\/blogdofarnesio.com.br\\\/#organization\",\"name\":\"Blog do Farn\u00e9sio\",\"url\":\"https:\\\/\\\/blogdofarnesio.com.br\\\/\",\"logo\":{\"@type\":\"ImageObject\",\"inLanguage\":\"pt-BR\",\"@id\":\"https:\\\/\\\/blogdofarnesio.com.br\\\/#\\\/schema\\\/logo\\\/image\\\/\",\"url\":\"https:\\\/\\\/blogdofarnesio.com.br\\\/wp-content\\\/uploads\\\/2026\\\/03\\\/cropped-logo_new-1.png\",\"contentUrl\":\"https:\\\/\\\/blogdofarnesio.com.br\\\/wp-content\\\/uploads\\\/2026\\\/03\\\/cropped-logo_new-1.png\",\"width\":881,\"height\":685,\"caption\":\"Blog do Farn\u00e9sio\"},\"image\":{\"@id\":\"https:\\\/\\\/blogdofarnesio.com.br\\\/#\\\/schema\\\/logo\\\/image\\\/\"},\"sameAs\":[\"https:\\\/\\\/www.facebook.com\\\/BlogQuerSaberPolitica\\\/\"]},{\"@type\":\"Person\",\"@id\":\"https:\\\/\\\/blogdofarnesio.com.br\\\/#\\\/schema\\\/person\\\/bb9b23ae3ad0609ce8df7b6c9e76824d\",\"name\":\"Farn\u00e9sio\",\"image\":{\"@type\":\"ImageObject\",\"inLanguage\":\"pt-BR\",\"@id\":\"https:\\\/\\\/secure.gravatar.com\\\/avatar\\\/986aa4c61ccdb66f8555bf88fc2a65609d00bcabd4d2d94377a727547345cbca?s=96&d=mm&r=g\",\"url\":\"https:\\\/\\\/secure.gravatar.com\\\/avatar\\\/986aa4c61ccdb66f8555bf88fc2a65609d00bcabd4d2d94377a727547345cbca?s=96&d=mm&r=g\",\"contentUrl\":\"https:\\\/\\\/secure.gravatar.com\\\/avatar\\\/986aa4c61ccdb66f8555bf88fc2a65609d00bcabd4d2d94377a727547345cbca?s=96&d=mm&r=g\",\"caption\":\"Farn\u00e9sio\"},\"description\":\"Radialista blogueiro, chegou a Petrolina\\\/Juazeiro em setembro de 1980, Farn\u00e9sio Silva \u00e9 de Arapiraca-Alagoas.\",\"sameAs\":[\"http:\\\/\\\/blogdofarnesio.com.br\",\"https:\\\/\\\/www.facebook.com\\\/?ref=tn_tnmn\",\"https:\\\/\\\/www.instagram.com\\\/?utm_source=pwa_homescreen\",\"https:\\\/\\\/youtube.com.br\\\/\"],\"url\":\"https:\\\/\\\/blogdofarnesio.com.br\\\/?author=2\"}]}<\/script>\n<!-- \/ Yoast SEO plugin. -->","yoast_head_json":{"title":"CONTAS DO GOVERNO LULA NO VERMELHO. GASTOU MAIS DO QUE FATUROU - Blog do Farn\u00e9sio","robots":{"index":"index","follow":"follow","max-snippet":"max-snippet:-1","max-image-preview":"max-image-preview:large","max-video-preview":"max-video-preview:-1"},"canonical":"https:\/\/blogdofarnesio.com.br\/?p=356409","og_locale":"pt_BR","og_type":"article","og_title":"CONTAS DO GOVERNO LULA NO VERMELHO. GASTOU MAIS DO QUE FATUROU - Blog do Farn\u00e9sio","og_description":"VEJA\u00a0 &#8211;\u00a0 As contas p\u00fablicas do Brasil registraram super\u00e1vit prim\u00e1rio de 14,8 bilh\u00f5es de reais em outubro, ante saldo positivo de 27,1 bilh\u00f5es de reais em outubro de 2022. No acumulado do ano, entretanto, o d\u00e9ficit \u00e9 de 114,2 bilh\u00f5es de reais, equivalente a 1,08% do PIB. At\u00e9 setembro, a d\u00edvida estava em 0,97% do PIB. O aumento do rombo nas contas p\u00fablicas mostra a dificuldade do governo Lula na quest\u00e3o fiscal. No come\u00e7o do ano, o ministro da Fazenda, Fernando Haddad, tinha como objetivo entregar o d\u00e9ficit em 100 bilh\u00f5es de reais em 2023 \u2013 algo em torno de 1% do PIB. J\u00e1 para 2024, a meta do governo \u2013 estipulada no novo arcabou\u00e7o fiscal &#8212; \u00e9 zerar o&hellip;","og_url":"https:\/\/blogdofarnesio.com.br\/?p=356409","og_site_name":"Blog do Farn\u00e9sio","article_publisher":"https:\/\/www.facebook.com\/BlogQuerSaberPolitica\/","article_author":"https:\/\/www.facebook.com\/?ref=tn_tnmn","article_published_time":"2023-12-06T18:30:50+00:00","og_image":[{"width":448,"height":252,"url":"https:\/\/blogdofarnesio.com.br\/wp-content\/uploads\/2016\/07\/blogqsp-economia.jpg","type":"image\/jpeg"}],"author":"Farn\u00e9sio","twitter_card":"summary_large_image","twitter_misc":{"Escrito por":"Farn\u00e9sio","Est. tempo de leitura":"1 minuto"},"schema":{"@context":"https:\/\/schema.org","@graph":[{"@type":"Article","@id":"https:\/\/blogdofarnesio.com.br\/?p=356409#article","isPartOf":{"@id":"https:\/\/blogdofarnesio.com.br\/?p=356409"},"author":{"name":"Farn\u00e9sio","@id":"https:\/\/blogdofarnesio.com.br\/#\/schema\/person\/bb9b23ae3ad0609ce8df7b6c9e76824d"},"headline":"CONTAS DO GOVERNO LULA NO VERMELHO. GASTOU MAIS DO QUE FATUROU","datePublished":"2023-12-06T18:30:50+00:00","mainEntityOfPage":{"@id":"https:\/\/blogdofarnesio.com.br\/?p=356409"},"wordCount":148,"commentCount":0,"publisher":{"@id":"https:\/\/blogdofarnesio.com.br\/#organization"},"image":{"@id":"https:\/\/blogdofarnesio.com.br\/?p=356409#primaryimage"},"thumbnailUrl":"https:\/\/blogdofarnesio.com.br\/wp-content\/uploads\/2016\/07\/blogqsp-economia.jpg","articleSection":["Economia"],"inLanguage":"pt-BR","potentialAction":[{"@type":"CommentAction","name":"Comment","target":["https:\/\/blogdofarnesio.com.br\/?p=356409#respond"]}]},{"@type":"WebPage","@id":"https:\/\/blogdofarnesio.com.br\/?p=356409","url":"https:\/\/blogdofarnesio.com.br\/?p=356409","name":"CONTAS DO GOVERNO LULA NO VERMELHO. GASTOU MAIS DO QUE FATUROU - Blog do Farn\u00e9sio","isPartOf":{"@id":"https:\/\/blogdofarnesio.com.br\/#website"},"primaryImageOfPage":{"@id":"https:\/\/blogdofarnesio.com.br\/?p=356409#primaryimage"},"image":{"@id":"https:\/\/blogdofarnesio.com.br\/?p=356409#primaryimage"},"thumbnailUrl":"https:\/\/blogdofarnesio.com.br\/wp-content\/uploads\/2016\/07\/blogqsp-economia.jpg","datePublished":"2023-12-06T18:30:50+00:00","breadcrumb":{"@id":"https:\/\/blogdofarnesio.com.br\/?p=356409#breadcrumb"},"inLanguage":"pt-BR","potentialAction":[{"@type":"ReadAction","target":["https:\/\/blogdofarnesio.com.br\/?p=356409"]}]},{"@type":"ImageObject","inLanguage":"pt-BR","@id":"https:\/\/blogdofarnesio.com.br\/?p=356409#primaryimage","url":"https:\/\/blogdofarnesio.com.br\/wp-content\/uploads\/2016\/07\/blogqsp-economia.jpg","contentUrl":"https:\/\/blogdofarnesio.com.br\/wp-content\/uploads\/2016\/07\/blogqsp-economia.jpg","width":448,"height":252},{"@type":"BreadcrumbList","@id":"https:\/\/blogdofarnesio.com.br\/?p=356409#breadcrumb","itemListElement":[{"@type":"ListItem","position":1,"name":"In\u00edcio","item":"https:\/\/blogdofarnesio.com.br\/"},{"@type":"ListItem","position":2,"name":"CONTAS DO GOVERNO LULA NO VERMELHO. GASTOU MAIS DO QUE FATUROU"}]},{"@type":"WebSite","@id":"https:\/\/blogdofarnesio.com.br\/#website","url":"https:\/\/blogdofarnesio.com.br\/","name":"Blog do Farn\u00e9sio","description":"Quer Saber Pol\u00edtica?","publisher":{"@id":"https:\/\/blogdofarnesio.com.br\/#organization"},"potentialAction":[{"@type":"SearchAction","target":{"@type":"EntryPoint","urlTemplate":"https:\/\/blogdofarnesio.com.br\/?s={search_term_string}"},"query-input":{"@type":"PropertyValueSpecification","valueRequired":true,"valueName":"search_term_string"}}],"inLanguage":"pt-BR"},{"@type":"Organization","@id":"https:\/\/blogdofarnesio.com.br\/#organization","name":"Blog do Farn\u00e9sio","url":"https:\/\/blogdofarnesio.com.br\/","logo":{"@type":"ImageObject","inLanguage":"pt-BR","@id":"https:\/\/blogdofarnesio.com.br\/#\/schema\/logo\/image\/","url":"https:\/\/blogdofarnesio.com.br\/wp-content\/uploads\/2026\/03\/cropped-logo_new-1.png","contentUrl":"https:\/\/blogdofarnesio.com.br\/wp-content\/uploads\/2026\/03\/cropped-logo_new-1.png","width":881,"height":685,"caption":"Blog do Farn\u00e9sio"},"image":{"@id":"https:\/\/blogdofarnesio.com.br\/#\/schema\/logo\/image\/"},"sameAs":["https:\/\/www.facebook.com\/BlogQuerSaberPolitica\/"]},{"@type":"Person","@id":"https:\/\/blogdofarnesio.com.br\/#\/schema\/person\/bb9b23ae3ad0609ce8df7b6c9e76824d","name":"Farn\u00e9sio","image":{"@type":"ImageObject","inLanguage":"pt-BR","@id":"https:\/\/secure.gravatar.com\/avatar\/986aa4c61ccdb66f8555bf88fc2a65609d00bcabd4d2d94377a727547345cbca?s=96&d=mm&r=g","url":"https:\/\/secure.gravatar.com\/avatar\/986aa4c61ccdb66f8555bf88fc2a65609d00bcabd4d2d94377a727547345cbca?s=96&d=mm&r=g","contentUrl":"https:\/\/secure.gravatar.com\/avatar\/986aa4c61ccdb66f8555bf88fc2a65609d00bcabd4d2d94377a727547345cbca?s=96&d=mm&r=g","caption":"Farn\u00e9sio"},"description":"Radialista blogueiro, chegou a Petrolina\/Juazeiro em setembro de 1980, Farn\u00e9sio Silva \u00e9 de Arapiraca-Alagoas.","sameAs":["http:\/\/blogdofarnesio.com.br","https:\/\/www.facebook.com\/?ref=tn_tnmn","https:\/\/www.instagram.com\/?utm_source=pwa_homescreen","https:\/\/youtube.com.br\/"],"url":"https:\/\/blogdofarnesio.com.br\/?author=2"}]}},"_links":{"self":[{"href":"https:\/\/blogdofarnesio.com.br\/index.php?rest_route=\/wp\/v2\/posts\/356409","targetHints":{"allow":["GET"]}}],"collection":[{"href":"https:\/\/blogdofarnesio.com.br\/index.php?rest_route=\/wp\/v2\/posts"}],"about":[{"href":"https:\/\/blogdofarnesio.com.br\/index.php?rest_route=\/wp\/v2\/types\/post"}],"author":[{"embeddable":true,"href":"https:\/\/blogdofarnesio.com.br\/index.php?rest_route=\/wp\/v2\/users\/2"}],"replies":[{"embeddable":true,"href":"https:\/\/blogdofarnesio.com.br\/index.php?rest_route=%2Fwp%2Fv2%2Fcomments&post=356409"}],"version-history":[{"count":0,"href":"https:\/\/blogdofarnesio.com.br\/index.php?rest_route=\/wp\/v2\/posts\/356409\/revisions"}],"wp:featuredmedia":[{"embeddable":true,"href":"https:\/\/blogdofarnesio.com.br\/index.php?rest_route=\/wp\/v2\/media\/144943"}],"wp:attachment":[{"href":"https:\/\/blogdofarnesio.com.br\/index.php?rest_route=%2Fwp%2Fv2%2Fmedia&parent=356409"}],"wp:term":[{"taxonomy":"category","embeddable":true,"href":"https:\/\/blogdofarnesio.com.br\/index.php?rest_route=%2Fwp%2Fv2%2Fcategories&post=356409"},{"taxonomy":"post_tag","embeddable":true,"href":"https:\/\/blogdofarnesio.com.br\/index.php?rest_route=%2Fwp%2Fv2%2Ftags&post=356409"}],"curies":[{"name":"wp","href":"https:\/\/api.w.org\/{rel}","templated":true}]}}