{"id":356400,"date":"2023-12-06T14:30:50","date_gmt":"2023-12-06T17:30:50","guid":{"rendered":"https:\/\/blogdofarnesio.com.br\/?p=356400"},"modified":"2023-12-06T12:38:50","modified_gmt":"2023-12-06T15:38:50","slug":"faculdade-estacio-idomed-em-juazeiro-celebra-a-formatura-de-sua-primeira-turma-do-programa-mais-medicos-na-regiao","status":"publish","type":"post","link":"https:\/\/blogdofarnesio.com.br\/?p=356400","title":{"rendered":"Faculdade Est\u00e1cio IDOMED em Juazeiro celebra a formatura de sua primeira turma do Programa Mais M\u00e9dicos na regi\u00e3o"},"content":{"rendered":"<p><i>Institui\u00e7\u00e3o conta com os primeiros 51 m\u00e9dicos formados na regi\u00e3o e marca a hist\u00f3ria do IDOMED em Juazeiro<br \/>\n<\/i><\/p>\n<p>A Faculdade Est\u00e1cio em Juazeiro (BA), vinculada ao Instituto de Educa\u00e7\u00e3o M\u00e9dica (IDOMED), realizou a formatura de 51 m\u00e9dicos do curso implantado no \u00e2mbito do Edital do Programa Mais M\u00e9dicos de 2018. O evento, que ocorreu no Audit\u00f3rio da Universidade Federal do Vale do S\u00e3o Francisco (Univasf), representou um momento hist\u00f3rico para a institui\u00e7\u00e3o e para a sa\u00fade p\u00fablica da regi\u00e3o.<\/p>\n<p>A Institui\u00e7\u00e3o de Ensino Superior faz parte desta a\u00e7\u00e3o que ocorre em todo o Brasil, cujo objetivo \u00e9 aumentar o atendimento m\u00e9dico no Sistema \u00danico de Sa\u00fade (SUS) em cidades do interior do pa\u00eds.<\/p>\n<p>Juliane Reis est\u00e1 entre os 51 formados e concluiu o curso com bolsa integral. Para ela, a experi\u00eancia na Faculdade Est\u00e1cio IDOMED proporcionou um ensino de qualidade atrav\u00e9s do Programa Mais M\u00e9dicos. &#8220;Em 2018, comecei a cursar Medicina em outro estado.<\/p>\n<p>Ao saber que as inscri\u00e7\u00f5es para a Est\u00e1cio IDOMED de Juazeiro estavam abertas, candidatei-me ao programa de bolsas oferecido pelo Mais M\u00e9dicos. Fui aprovada e retornei a Juazeiro com grandes expectativas e imensa gratid\u00e3o pela oportunidade de cursar a gradua\u00e7\u00e3o desejada em minha cidade natal&#8221;, disse.<\/p>\n<p>&#8220;Fa\u00e7o parte da primeira turma e sabia que enfrentar\u00edamos muitos desafios. Ao olhar para tr\u00e1s, percebo o not\u00e1vel crescimento do curso enquanto minha turma progredia nos per\u00edodos. As instala\u00e7\u00f5es f\u00edsicas expandiram, e professores excepcionais se uniram a n\u00f3s.<\/p>\n<p>Durante o internato, testemunhamos todo o esfor\u00e7o dedicado para proporcionar a melhor experi\u00eancia poss\u00edvel. Sou grata pelo programa que me possibilitou cursar Medicina em minha cidade. Formei-me aqui e pretendo permanecer, aplicando tudo que aprendi nos \u00faltimos 6 anos. Foi uma jornada longa e extraordin\u00e1ria que me trouxe at\u00e9 este momento de grande realiza\u00e7\u00e3o e felicidade. O sentimento que prevalece \u00e9 de gratid\u00e3o&#8221;, complementou Reis.<\/p>\n<p>O programa Mais M\u00e9dicos tem desempenhado um papel fundamental na amplia\u00e7\u00e3o do acesso \u00e0 sa\u00fade em \u00e1reas remotas e desassistidas do pa\u00eds. O IDOMED, comprometido com a forma\u00e7\u00e3o de profissionais competentes e conscientes de seu papel social, tem se destacado por preparar m\u00e9dicos capacitados para enfrentar os desafios do sistema de sa\u00fade brasileiro.<\/p>\n<p>O diretor Luiz Rodrigues, gestor da Faculdade Est\u00e1cio IDOMED em Juazeiro, destacou a import\u00e2ncia e felicidade da forma\u00e7\u00e3o desta primeira turma. Ele ressaltou que esse marco n\u00e3o apenas contribui para a melhoria da sa\u00fade local, mas tamb\u00e9m fortalece o ensino em sa\u00fade na regi\u00e3o.<\/p>\n<p>&#8220;Estamos extremamente felizes por testemunhar a forma\u00e7\u00e3o dessa primeira turma em Juazeiro. Isso representa um avan\u00e7o significativo para a sa\u00fade da comunidade e refor\u00e7a nosso compromisso em oferecer educa\u00e7\u00e3o m\u00e9dica de qualidade. A presen\u00e7a desses profissionais qualificados, sem d\u00favida, elevar\u00e1 o n\u00edvel do mercado e contribuir\u00e1 para a excel\u00eancia no atendimento \u00e0 sa\u00fade na regi\u00e3o&#8221;, enfatizou Rodrigues.<\/p>\n<p>O CEO do IDOMED, Silvio Pessanha Neto, expressou sua satisfa\u00e7\u00e3o com a realiza\u00e7\u00e3o da primeira formatura do programa Mais M\u00e9dicos e enfatizou o compromisso da institui\u00e7\u00e3o com a forma\u00e7\u00e3o de profissionais competentes e conscientes de seu papel social. &#8220;Estamos muito orgulhosos de ver nossos estudantes concluindo com \u00eaxito o curso de medicina.<\/p>\n<p>Essa conquista reflete a dedica\u00e7\u00e3o e o empenho de nossos alunos, assim como o desenvolvimento da estrutura das unidades e servi\u00e7os de sa\u00fade da regi\u00e3o por meio dos investimentos, repasses financeiros e treinamento dos profissionais realizados pelo IDOMED, associados \u00e0 qualidade do ensino oferecida por nossa institui\u00e7\u00e3o. Estamos confiantes de que eles far\u00e3o a diferen\u00e7a na \u00e1rea da sa\u00fade e contribuir\u00e3o para o bem-estar da popula\u00e7\u00e3o&#8221;, explicou.<\/p>\n","protected":false},"excerpt":{"rendered":"<p>Institui\u00e7\u00e3o conta com os primeiros 51 m\u00e9dicos formados na regi\u00e3o e marca a hist\u00f3ria do IDOMED em Juazeiro A Faculdade Est\u00e1cio em Juazeiro (BA), vinculada ao Instituto de Educa\u00e7\u00e3o M\u00e9dica (IDOMED), realizou a formatura de 51 m\u00e9dicos do curso implantado no \u00e2mbito do Edital do Programa Mais M\u00e9dicos de 2018. O evento, que ocorreu no Audit\u00f3rio da Universidade Federal do Vale do S\u00e3o Francisco (Univasf), representou um momento hist\u00f3rico para a institui\u00e7\u00e3o e para a sa\u00fade p\u00fablica da regi\u00e3o. A Institui\u00e7\u00e3o de Ensino Superior faz parte desta a\u00e7\u00e3o que ocorre em todo o Brasil, cujo objetivo \u00e9 aumentar o atendimento m\u00e9dico no Sistema \u00danico de Sa\u00fade (SUS) em cidades do interior do pa\u00eds. Juliane Reis est\u00e1 entre os 51 formados&hellip; <\/p>\n","protected":false},"author":2,"featured_media":356401,"comment_status":"open","ping_status":"open","sticky":false,"template":"","format":"standard","meta":{"_acf_changed":false,"footnotes":""},"categories":[6],"tags":[],"class_list":["post-356400","post","type-post","status-publish","format-standard","has-post-thumbnail","hentry","category-educacao"],"acf":[],"yoast_head":"<!-- This site is optimized with the Yoast SEO plugin v27.4 - https:\/\/yoast.com\/product\/yoast-seo-wordpress\/ -->\n<title>Faculdade Est\u00e1cio IDOMED em Juazeiro celebra a formatura de sua primeira turma do Programa Mais M\u00e9dicos na regi\u00e3o - Blog do Farn\u00e9sio<\/title>\n<meta name=\"robots\" content=\"index, follow, max-snippet:-1, max-image-preview:large, max-video-preview:-1\" \/>\n<link rel=\"canonical\" href=\"https:\/\/blogdofarnesio.com.br\/?p=356400\" \/>\n<meta property=\"og:locale\" content=\"pt_BR\" \/>\n<meta property=\"og:type\" content=\"article\" \/>\n<meta property=\"og:title\" content=\"Faculdade Est\u00e1cio IDOMED em Juazeiro celebra a formatura de sua primeira turma do Programa Mais M\u00e9dicos na regi\u00e3o - Blog do Farn\u00e9sio\" \/>\n<meta property=\"og:description\" content=\"Institui\u00e7\u00e3o conta com os primeiros 51 m\u00e9dicos formados na regi\u00e3o e marca a hist\u00f3ria do IDOMED em Juazeiro A Faculdade Est\u00e1cio em Juazeiro (BA), vinculada ao Instituto de Educa\u00e7\u00e3o M\u00e9dica (IDOMED), realizou a formatura de 51 m\u00e9dicos do curso implantado no \u00e2mbito do Edital do Programa Mais M\u00e9dicos de 2018. O evento, que ocorreu no Audit\u00f3rio da Universidade Federal do Vale do S\u00e3o Francisco (Univasf), representou um momento hist\u00f3rico para a institui\u00e7\u00e3o e para a sa\u00fade p\u00fablica da regi\u00e3o. A Institui\u00e7\u00e3o de Ensino Superior faz parte desta a\u00e7\u00e3o que ocorre em todo o Brasil, cujo objetivo \u00e9 aumentar o atendimento m\u00e9dico no Sistema \u00danico de Sa\u00fade (SUS) em cidades do interior do pa\u00eds. Juliane Reis est\u00e1 entre os 51 formados&hellip;\" \/>\n<meta property=\"og:url\" content=\"https:\/\/blogdofarnesio.com.br\/?p=356400\" \/>\n<meta property=\"og:site_name\" content=\"Blog do Farn\u00e9sio\" \/>\n<meta property=\"article:publisher\" content=\"https:\/\/www.facebook.com\/BlogQuerSaberPolitica\/\" \/>\n<meta property=\"article:author\" content=\"https:\/\/www.facebook.com\/?ref=tn_tnmn\" \/>\n<meta property=\"article:published_time\" content=\"2023-12-06T17:30:50+00:00\" \/>\n<meta property=\"og:image\" content=\"https:\/\/blogdofarnesio.com.br\/wp-content\/uploads\/2023\/12\/FORMATURA2-e1701877066136.jpeg\" \/>\n\t<meta property=\"og:image:width\" content=\"524\" \/>\n\t<meta property=\"og:image:height\" content=\"295\" \/>\n\t<meta property=\"og:image:type\" content=\"image\/jpeg\" \/>\n<meta name=\"author\" content=\"Farn\u00e9sio\" \/>\n<meta name=\"twitter:card\" content=\"summary_large_image\" \/>\n<meta name=\"twitter:label1\" content=\"Escrito por\" \/>\n\t<meta name=\"twitter:data1\" content=\"Farn\u00e9sio\" \/>\n\t<meta name=\"twitter:label2\" content=\"Est. tempo de leitura\" \/>\n\t<meta name=\"twitter:data2\" content=\"4 minutos\" \/>\n<script type=\"application\/ld+json\" class=\"yoast-schema-graph\">{\"@context\":\"https:\\\/\\\/schema.org\",\"@graph\":[{\"@type\":\"Article\",\"@id\":\"https:\\\/\\\/blogdofarnesio.com.br\\\/?p=356400#article\",\"isPartOf\":{\"@id\":\"https:\\\/\\\/blogdofarnesio.com.br\\\/?p=356400\"},\"author\":{\"name\":\"Farn\u00e9sio\",\"@id\":\"https:\\\/\\\/blogdofarnesio.com.br\\\/#\\\/schema\\\/person\\\/bb9b23ae3ad0609ce8df7b6c9e76824d\"},\"headline\":\"Faculdade Est\u00e1cio IDOMED em Juazeiro celebra a formatura de sua primeira turma do Programa Mais M\u00e9dicos na regi\u00e3o\",\"datePublished\":\"2023-12-06T17:30:50+00:00\",\"mainEntityOfPage\":{\"@id\":\"https:\\\/\\\/blogdofarnesio.com.br\\\/?p=356400\"},\"wordCount\":672,\"commentCount\":0,\"publisher\":{\"@id\":\"https:\\\/\\\/blogdofarnesio.com.br\\\/#organization\"},\"image\":{\"@id\":\"https:\\\/\\\/blogdofarnesio.com.br\\\/?p=356400#primaryimage\"},\"thumbnailUrl\":\"https:\\\/\\\/blogdofarnesio.com.br\\\/wp-content\\\/uploads\\\/2023\\\/12\\\/FORMATURA2-e1701877066136.jpeg\",\"articleSection\":[\"Educa\u00e7\u00e3o\"],\"inLanguage\":\"pt-BR\",\"potentialAction\":[{\"@type\":\"CommentAction\",\"name\":\"Comment\",\"target\":[\"https:\\\/\\\/blogdofarnesio.com.br\\\/?p=356400#respond\"]}]},{\"@type\":\"WebPage\",\"@id\":\"https:\\\/\\\/blogdofarnesio.com.br\\\/?p=356400\",\"url\":\"https:\\\/\\\/blogdofarnesio.com.br\\\/?p=356400\",\"name\":\"Faculdade Est\u00e1cio IDOMED em Juazeiro celebra a formatura de sua primeira turma do Programa Mais M\u00e9dicos na regi\u00e3o - Blog do Farn\u00e9sio\",\"isPartOf\":{\"@id\":\"https:\\\/\\\/blogdofarnesio.com.br\\\/#website\"},\"primaryImageOfPage\":{\"@id\":\"https:\\\/\\\/blogdofarnesio.com.br\\\/?p=356400#primaryimage\"},\"image\":{\"@id\":\"https:\\\/\\\/blogdofarnesio.com.br\\\/?p=356400#primaryimage\"},\"thumbnailUrl\":\"https:\\\/\\\/blogdofarnesio.com.br\\\/wp-content\\\/uploads\\\/2023\\\/12\\\/FORMATURA2-e1701877066136.jpeg\",\"datePublished\":\"2023-12-06T17:30:50+00:00\",\"breadcrumb\":{\"@id\":\"https:\\\/\\\/blogdofarnesio.com.br\\\/?p=356400#breadcrumb\"},\"inLanguage\":\"pt-BR\",\"potentialAction\":[{\"@type\":\"ReadAction\",\"target\":[\"https:\\\/\\\/blogdofarnesio.com.br\\\/?p=356400\"]}]},{\"@type\":\"ImageObject\",\"inLanguage\":\"pt-BR\",\"@id\":\"https:\\\/\\\/blogdofarnesio.com.br\\\/?p=356400#primaryimage\",\"url\":\"https:\\\/\\\/blogdofarnesio.com.br\\\/wp-content\\\/uploads\\\/2023\\\/12\\\/FORMATURA2-e1701877066136.jpeg\",\"contentUrl\":\"https:\\\/\\\/blogdofarnesio.com.br\\\/wp-content\\\/uploads\\\/2023\\\/12\\\/FORMATURA2-e1701877066136.jpeg\",\"width\":524,\"height\":295,\"caption\":\"Imagem Ilustrativa\"},{\"@type\":\"BreadcrumbList\",\"@id\":\"https:\\\/\\\/blogdofarnesio.com.br\\\/?p=356400#breadcrumb\",\"itemListElement\":[{\"@type\":\"ListItem\",\"position\":1,\"name\":\"In\u00edcio\",\"item\":\"https:\\\/\\\/blogdofarnesio.com.br\\\/\"},{\"@type\":\"ListItem\",\"position\":2,\"name\":\"Faculdade Est\u00e1cio IDOMED em Juazeiro celebra a formatura de sua primeira turma do Programa Mais M\u00e9dicos na regi\u00e3o\"}]},{\"@type\":\"WebSite\",\"@id\":\"https:\\\/\\\/blogdofarnesio.com.br\\\/#website\",\"url\":\"https:\\\/\\\/blogdofarnesio.com.br\\\/\",\"name\":\"Blog do Farn\u00e9sio\",\"description\":\"Quer Saber Pol\u00edtica?\",\"publisher\":{\"@id\":\"https:\\\/\\\/blogdofarnesio.com.br\\\/#organization\"},\"potentialAction\":[{\"@type\":\"SearchAction\",\"target\":{\"@type\":\"EntryPoint\",\"urlTemplate\":\"https:\\\/\\\/blogdofarnesio.com.br\\\/?s={search_term_string}\"},\"query-input\":{\"@type\":\"PropertyValueSpecification\",\"valueRequired\":true,\"valueName\":\"search_term_string\"}}],\"inLanguage\":\"pt-BR\"},{\"@type\":\"Organization\",\"@id\":\"https:\\\/\\\/blogdofarnesio.com.br\\\/#organization\",\"name\":\"Blog do Farn\u00e9sio\",\"url\":\"https:\\\/\\\/blogdofarnesio.com.br\\\/\",\"logo\":{\"@type\":\"ImageObject\",\"inLanguage\":\"pt-BR\",\"@id\":\"https:\\\/\\\/blogdofarnesio.com.br\\\/#\\\/schema\\\/logo\\\/image\\\/\",\"url\":\"https:\\\/\\\/blogdofarnesio.com.br\\\/wp-content\\\/uploads\\\/2026\\\/03\\\/cropped-logo_new-1.png\",\"contentUrl\":\"https:\\\/\\\/blogdofarnesio.com.br\\\/wp-content\\\/uploads\\\/2026\\\/03\\\/cropped-logo_new-1.png\",\"width\":881,\"height\":685,\"caption\":\"Blog do Farn\u00e9sio\"},\"image\":{\"@id\":\"https:\\\/\\\/blogdofarnesio.com.br\\\/#\\\/schema\\\/logo\\\/image\\\/\"},\"sameAs\":[\"https:\\\/\\\/www.facebook.com\\\/BlogQuerSaberPolitica\\\/\"]},{\"@type\":\"Person\",\"@id\":\"https:\\\/\\\/blogdofarnesio.com.br\\\/#\\\/schema\\\/person\\\/bb9b23ae3ad0609ce8df7b6c9e76824d\",\"name\":\"Farn\u00e9sio\",\"image\":{\"@type\":\"ImageObject\",\"inLanguage\":\"pt-BR\",\"@id\":\"https:\\\/\\\/secure.gravatar.com\\\/avatar\\\/986aa4c61ccdb66f8555bf88fc2a65609d00bcabd4d2d94377a727547345cbca?s=96&d=mm&r=g\",\"url\":\"https:\\\/\\\/secure.gravatar.com\\\/avatar\\\/986aa4c61ccdb66f8555bf88fc2a65609d00bcabd4d2d94377a727547345cbca?s=96&d=mm&r=g\",\"contentUrl\":\"https:\\\/\\\/secure.gravatar.com\\\/avatar\\\/986aa4c61ccdb66f8555bf88fc2a65609d00bcabd4d2d94377a727547345cbca?s=96&d=mm&r=g\",\"caption\":\"Farn\u00e9sio\"},\"description\":\"Radialista blogueiro, chegou a Petrolina\\\/Juazeiro em setembro de 1980, Farn\u00e9sio Silva \u00e9 de Arapiraca-Alagoas.\",\"sameAs\":[\"http:\\\/\\\/blogdofarnesio.com.br\",\"https:\\\/\\\/www.facebook.com\\\/?ref=tn_tnmn\",\"https:\\\/\\\/www.instagram.com\\\/?utm_source=pwa_homescreen\",\"https:\\\/\\\/youtube.com.br\\\/\"],\"url\":\"https:\\\/\\\/blogdofarnesio.com.br\\\/?author=2\"}]}<\/script>\n<!-- \/ Yoast SEO plugin. -->","yoast_head_json":{"title":"Faculdade Est\u00e1cio IDOMED em Juazeiro celebra a formatura de sua primeira turma do Programa Mais M\u00e9dicos na regi\u00e3o - Blog do Farn\u00e9sio","robots":{"index":"index","follow":"follow","max-snippet":"max-snippet:-1","max-image-preview":"max-image-preview:large","max-video-preview":"max-video-preview:-1"},"canonical":"https:\/\/blogdofarnesio.com.br\/?p=356400","og_locale":"pt_BR","og_type":"article","og_title":"Faculdade Est\u00e1cio IDOMED em Juazeiro celebra a formatura de sua primeira turma do Programa Mais M\u00e9dicos na regi\u00e3o - Blog do Farn\u00e9sio","og_description":"Institui\u00e7\u00e3o conta com os primeiros 51 m\u00e9dicos formados na regi\u00e3o e marca a hist\u00f3ria do IDOMED em Juazeiro A Faculdade Est\u00e1cio em Juazeiro (BA), vinculada ao Instituto de Educa\u00e7\u00e3o M\u00e9dica (IDOMED), realizou a formatura de 51 m\u00e9dicos do curso implantado no \u00e2mbito do Edital do Programa Mais M\u00e9dicos de 2018. O evento, que ocorreu no Audit\u00f3rio da Universidade Federal do Vale do S\u00e3o Francisco (Univasf), representou um momento hist\u00f3rico para a institui\u00e7\u00e3o e para a sa\u00fade p\u00fablica da regi\u00e3o. A Institui\u00e7\u00e3o de Ensino Superior faz parte desta a\u00e7\u00e3o que ocorre em todo o Brasil, cujo objetivo \u00e9 aumentar o atendimento m\u00e9dico no Sistema \u00danico de Sa\u00fade (SUS) em cidades do interior do pa\u00eds. Juliane Reis est\u00e1 entre os 51 formados&hellip;","og_url":"https:\/\/blogdofarnesio.com.br\/?p=356400","og_site_name":"Blog do Farn\u00e9sio","article_publisher":"https:\/\/www.facebook.com\/BlogQuerSaberPolitica\/","article_author":"https:\/\/www.facebook.com\/?ref=tn_tnmn","article_published_time":"2023-12-06T17:30:50+00:00","og_image":[{"width":524,"height":295,"url":"https:\/\/blogdofarnesio.com.br\/wp-content\/uploads\/2023\/12\/FORMATURA2-e1701877066136.jpeg","type":"image\/jpeg"}],"author":"Farn\u00e9sio","twitter_card":"summary_large_image","twitter_misc":{"Escrito por":"Farn\u00e9sio","Est. tempo de leitura":"4 minutos"},"schema":{"@context":"https:\/\/schema.org","@graph":[{"@type":"Article","@id":"https:\/\/blogdofarnesio.com.br\/?p=356400#article","isPartOf":{"@id":"https:\/\/blogdofarnesio.com.br\/?p=356400"},"author":{"name":"Farn\u00e9sio","@id":"https:\/\/blogdofarnesio.com.br\/#\/schema\/person\/bb9b23ae3ad0609ce8df7b6c9e76824d"},"headline":"Faculdade Est\u00e1cio IDOMED em Juazeiro celebra a formatura de sua primeira turma do Programa Mais M\u00e9dicos na regi\u00e3o","datePublished":"2023-12-06T17:30:50+00:00","mainEntityOfPage":{"@id":"https:\/\/blogdofarnesio.com.br\/?p=356400"},"wordCount":672,"commentCount":0,"publisher":{"@id":"https:\/\/blogdofarnesio.com.br\/#organization"},"image":{"@id":"https:\/\/blogdofarnesio.com.br\/?p=356400#primaryimage"},"thumbnailUrl":"https:\/\/blogdofarnesio.com.br\/wp-content\/uploads\/2023\/12\/FORMATURA2-e1701877066136.jpeg","articleSection":["Educa\u00e7\u00e3o"],"inLanguage":"pt-BR","potentialAction":[{"@type":"CommentAction","name":"Comment","target":["https:\/\/blogdofarnesio.com.br\/?p=356400#respond"]}]},{"@type":"WebPage","@id":"https:\/\/blogdofarnesio.com.br\/?p=356400","url":"https:\/\/blogdofarnesio.com.br\/?p=356400","name":"Faculdade Est\u00e1cio IDOMED em Juazeiro celebra a formatura de sua primeira turma do Programa Mais M\u00e9dicos na regi\u00e3o - Blog do Farn\u00e9sio","isPartOf":{"@id":"https:\/\/blogdofarnesio.com.br\/#website"},"primaryImageOfPage":{"@id":"https:\/\/blogdofarnesio.com.br\/?p=356400#primaryimage"},"image":{"@id":"https:\/\/blogdofarnesio.com.br\/?p=356400#primaryimage"},"thumbnailUrl":"https:\/\/blogdofarnesio.com.br\/wp-content\/uploads\/2023\/12\/FORMATURA2-e1701877066136.jpeg","datePublished":"2023-12-06T17:30:50+00:00","breadcrumb":{"@id":"https:\/\/blogdofarnesio.com.br\/?p=356400#breadcrumb"},"inLanguage":"pt-BR","potentialAction":[{"@type":"ReadAction","target":["https:\/\/blogdofarnesio.com.br\/?p=356400"]}]},{"@type":"ImageObject","inLanguage":"pt-BR","@id":"https:\/\/blogdofarnesio.com.br\/?p=356400#primaryimage","url":"https:\/\/blogdofarnesio.com.br\/wp-content\/uploads\/2023\/12\/FORMATURA2-e1701877066136.jpeg","contentUrl":"https:\/\/blogdofarnesio.com.br\/wp-content\/uploads\/2023\/12\/FORMATURA2-e1701877066136.jpeg","width":524,"height":295,"caption":"Imagem Ilustrativa"},{"@type":"BreadcrumbList","@id":"https:\/\/blogdofarnesio.com.br\/?p=356400#breadcrumb","itemListElement":[{"@type":"ListItem","position":1,"name":"In\u00edcio","item":"https:\/\/blogdofarnesio.com.br\/"},{"@type":"ListItem","position":2,"name":"Faculdade Est\u00e1cio IDOMED em Juazeiro celebra a formatura de sua primeira turma do Programa Mais M\u00e9dicos na regi\u00e3o"}]},{"@type":"WebSite","@id":"https:\/\/blogdofarnesio.com.br\/#website","url":"https:\/\/blogdofarnesio.com.br\/","name":"Blog do Farn\u00e9sio","description":"Quer Saber Pol\u00edtica?","publisher":{"@id":"https:\/\/blogdofarnesio.com.br\/#organization"},"potentialAction":[{"@type":"SearchAction","target":{"@type":"EntryPoint","urlTemplate":"https:\/\/blogdofarnesio.com.br\/?s={search_term_string}"},"query-input":{"@type":"PropertyValueSpecification","valueRequired":true,"valueName":"search_term_string"}}],"inLanguage":"pt-BR"},{"@type":"Organization","@id":"https:\/\/blogdofarnesio.com.br\/#organization","name":"Blog do Farn\u00e9sio","url":"https:\/\/blogdofarnesio.com.br\/","logo":{"@type":"ImageObject","inLanguage":"pt-BR","@id":"https:\/\/blogdofarnesio.com.br\/#\/schema\/logo\/image\/","url":"https:\/\/blogdofarnesio.com.br\/wp-content\/uploads\/2026\/03\/cropped-logo_new-1.png","contentUrl":"https:\/\/blogdofarnesio.com.br\/wp-content\/uploads\/2026\/03\/cropped-logo_new-1.png","width":881,"height":685,"caption":"Blog do Farn\u00e9sio"},"image":{"@id":"https:\/\/blogdofarnesio.com.br\/#\/schema\/logo\/image\/"},"sameAs":["https:\/\/www.facebook.com\/BlogQuerSaberPolitica\/"]},{"@type":"Person","@id":"https:\/\/blogdofarnesio.com.br\/#\/schema\/person\/bb9b23ae3ad0609ce8df7b6c9e76824d","name":"Farn\u00e9sio","image":{"@type":"ImageObject","inLanguage":"pt-BR","@id":"https:\/\/secure.gravatar.com\/avatar\/986aa4c61ccdb66f8555bf88fc2a65609d00bcabd4d2d94377a727547345cbca?s=96&d=mm&r=g","url":"https:\/\/secure.gravatar.com\/avatar\/986aa4c61ccdb66f8555bf88fc2a65609d00bcabd4d2d94377a727547345cbca?s=96&d=mm&r=g","contentUrl":"https:\/\/secure.gravatar.com\/avatar\/986aa4c61ccdb66f8555bf88fc2a65609d00bcabd4d2d94377a727547345cbca?s=96&d=mm&r=g","caption":"Farn\u00e9sio"},"description":"Radialista blogueiro, chegou a Petrolina\/Juazeiro em setembro de 1980, Farn\u00e9sio Silva \u00e9 de Arapiraca-Alagoas.","sameAs":["http:\/\/blogdofarnesio.com.br","https:\/\/www.facebook.com\/?ref=tn_tnmn","https:\/\/www.instagram.com\/?utm_source=pwa_homescreen","https:\/\/youtube.com.br\/"],"url":"https:\/\/blogdofarnesio.com.br\/?author=2"}]}},"_links":{"self":[{"href":"https:\/\/blogdofarnesio.com.br\/index.php?rest_route=\/wp\/v2\/posts\/356400","targetHints":{"allow":["GET"]}}],"collection":[{"href":"https:\/\/blogdofarnesio.com.br\/index.php?rest_route=\/wp\/v2\/posts"}],"about":[{"href":"https:\/\/blogdofarnesio.com.br\/index.php?rest_route=\/wp\/v2\/types\/post"}],"author":[{"embeddable":true,"href":"https:\/\/blogdofarnesio.com.br\/index.php?rest_route=\/wp\/v2\/users\/2"}],"replies":[{"embeddable":true,"href":"https:\/\/blogdofarnesio.com.br\/index.php?rest_route=%2Fwp%2Fv2%2Fcomments&post=356400"}],"version-history":[{"count":0,"href":"https:\/\/blogdofarnesio.com.br\/index.php?rest_route=\/wp\/v2\/posts\/356400\/revisions"}],"wp:featuredmedia":[{"embeddable":true,"href":"https:\/\/blogdofarnesio.com.br\/index.php?rest_route=\/wp\/v2\/media\/356401"}],"wp:attachment":[{"href":"https:\/\/blogdofarnesio.com.br\/index.php?rest_route=%2Fwp%2Fv2%2Fmedia&parent=356400"}],"wp:term":[{"taxonomy":"category","embeddable":true,"href":"https:\/\/blogdofarnesio.com.br\/index.php?rest_route=%2Fwp%2Fv2%2Fcategories&post=356400"},{"taxonomy":"post_tag","embeddable":true,"href":"https:\/\/blogdofarnesio.com.br\/index.php?rest_route=%2Fwp%2Fv2%2Ftags&post=356400"}],"curies":[{"name":"wp","href":"https:\/\/api.w.org\/{rel}","templated":true}]}}