{"id":355767,"date":"2023-11-28T11:05:14","date_gmt":"2023-11-28T14:05:14","guid":{"rendered":"https:\/\/blogdofarnesio.com.br\/?p=355767"},"modified":"2023-11-28T08:47:52","modified_gmt":"2023-11-28T11:47:52","slug":"scientex-um-evento-para-ou-contra-os-estudantes-da-univasf","status":"publish","type":"post","link":"https:\/\/blogdofarnesio.com.br\/?p=355767","title":{"rendered":"Scientex: um evento para ou contra os estudantes da Univasf?"},"content":{"rendered":"<div class=\"td_block_wrap tdb_single_featured_image tdi_71 tdb-content-horiz-left td-pb-border-top td_block_template_1\" data-td-block-uid=\"tdi_71\">\n<div class=\"tdb-block-inner td-fix-index\">*Christian Anderson\u00a0 *<\/div>\n<\/div>\n<div class=\"vc_row_inner tdi_73 vc_row vc_inner wpb_row td-pb-row\">\n<div class=\"vc_column_inner tdi_78 wpb_column vc_column_container tdc-inner-column td-pb-span8\">\n<div class=\"vc_column-inner\">\n<div class=\"wpb_wrapper\">\n<div class=\"td_block_wrap tdb_single_content tdi_79 td-pb-border-top td_block_template_1 td-post-content tagdiv-type\" data-td-block-uid=\"tdi_79\">\n<div class=\"tdb-block-inner td-fix-index\">\n<p>A Scientex \u00e9 um evento realizado anualmente pela Universidade Federal do Vale de S\u00e3o Francisco (Univasf) para divulga\u00e7\u00e3o de todo o conhecimento cient\u00edfico produzido pelos estudantes de gradua\u00e7\u00e3o e p\u00f3s-gradua\u00e7\u00e3o junto aos professores.<\/p>\n<p>No entanto, quando falamos da possibilidade dos estudantes estarem presentes na atividade, a Univasf\u00a0 demonstra descaso com as condi\u00e7\u00f5es de participa\u00e7\u00e3o dos campi mais afastados da sede, prejudicando a integra\u00e7\u00e3o e a valoriza\u00e7\u00e3o dos trabalhos desenvolvidos nessas unidades<b>.<\/b><\/p>\n<p>A Scientex \u00e9 um evento realizado anualmente pela Universidade Federal do Vale de S\u00e3o Francisco (Univasf) para divulga\u00e7\u00e3o de todo o conhecimento cient\u00edfico produzido pelos estudantes de gradua\u00e7\u00e3o e p\u00f3s-gradua\u00e7\u00e3o junto aos professores. Tamb\u00e9m \u00e9 um momento de reuni\u00e3o de todos os campi e de troca de conhecimentos e experi\u00eancias. Esse ano, ele ser\u00e1 realizado no Campus Sede, em Petrolina, e contar\u00e1 com a presen\u00e7a de diversas palestras e oficinas sobre os mais variados assuntos.<\/p>\n<p>Entretanto, quando falamos da possibilidade de os alunos estarem presentes no evento, a Univasf mostra um descaso absurdo com as condi\u00e7\u00f5es de participa\u00e7\u00e3o dos estudantes dos campi mais afastados da sede. Os estudantes do Campus S\u00e3o Raimundo Nonato, no Piau\u00ed, chegaram na \u00faltima ter\u00e7a-feira (21), n\u00e3o foram recebidos pela Universidade e sequer tinham aonde ficar. Esses alunos ficaram \u00e0 deriva, esperando algum servidor da Reitoria tomar provid\u00eancia sobre a sua estadia, alimenta\u00e7\u00e3o e alojamento de maneira urgente, o que aconteceu apenas ap\u00f3s o envio de reclama\u00e7\u00f5es.<\/p>\n<p>Esses mesmos alunos foram instru\u00eddos a se alimentarem no Campus Sede. Contudo, o caf\u00e9 da manh\u00e3 n\u00e3o \u00e9 disponibilizado nesse campus, o que gerou uma situa\u00e7\u00e3o de estresse e revolta, j\u00e1 que esses alunos n\u00e3o puderam se alimentar at\u00e9 que fosse tomada uma nova provid\u00eancia de os encaminhar para o Campus Ci\u00eancias Agr\u00e1rias (CCA), no qual eles poderiam se alimentar.<\/p>\n<p>Al\u00e9m disso, \u00e9 importante destacar que o \u00f4nibus que transportava os alunos de Salgueiro estava muito velho e apresentou um problema no seu funcionamento no meio da viagem, tendo que fazer uma parada de emerg\u00eancia no meio da rodovia, pondo em risco a vida dos estudantes e dos trabalhadores respons\u00e1veis pela viagem. Gra\u00e7as a ajuda de um professor, que pagou o conserto do \u00f4nibus, esses estudantes conseguiram chegar ao destino. Esse valor pago pelo professor n\u00e3o vai ser ressarcido pela Univasf, visto que n\u00e3o foi um dos mec\u00e2nicos que possuem contrato com a institui\u00e7\u00e3o.<\/p>\n<p>A Scientex \u00e9 um espa\u00e7o para todos, mas a Univasf, por meio da falta de compromisso com a participa\u00e7\u00e3o democr\u00e1tica dos estudantes de todos os campi, acaba se posicionando, na pr\u00e1tica, contra essa ideia, dificultando a acessibilidade desses alunos a alimenta\u00e7\u00e3o, estadia e transporte e fornecendo solu\u00e7\u00f5es apenas em situa\u00e7\u00e3o de emerg\u00eancia, sem demonstrar o m\u00ednimo de planejamento e cuidado com o bem estar desses estudantes. O Diret\u00f3rio Central do Estudantes (DCE) acompanhou os descasos e vem cobrando uma postura mais compromissada da Reitoria para que a Scientex ocorra bem nos pr\u00f3ximos dias, e que a Univasf n\u00e3o volte a cometer os mesmos erros neste e nos pr\u00f3ximos eventos.<\/p>\n<p>*Christian Anderson \u00e9 membro do DCE da Univasf<\/p>\n<\/div>\n<\/div>\n<\/div>\n<\/div>\n<\/div>\n<\/div>\n","protected":false},"excerpt":{"rendered":"<p>*Christian Anderson\u00a0 * A Scientex \u00e9 um evento realizado anualmente pela Universidade Federal do Vale de S\u00e3o Francisco (Univasf) para divulga\u00e7\u00e3o de todo o conhecimento cient\u00edfico produzido pelos estudantes de gradua\u00e7\u00e3o e p\u00f3s-gradua\u00e7\u00e3o junto aos professores. No entanto, quando falamos da possibilidade dos estudantes estarem presentes na atividade, a Univasf\u00a0 demonstra descaso com as condi\u00e7\u00f5es de participa\u00e7\u00e3o dos campi mais afastados da sede, prejudicando a integra\u00e7\u00e3o e a valoriza\u00e7\u00e3o dos trabalhos desenvolvidos nessas unidades. A Scientex \u00e9 um evento realizado anualmente pela Universidade Federal do Vale de S\u00e3o Francisco (Univasf) para divulga\u00e7\u00e3o de todo o conhecimento cient\u00edfico produzido pelos estudantes de gradua\u00e7\u00e3o e p\u00f3s-gradua\u00e7\u00e3o junto aos professores. Tamb\u00e9m \u00e9 um momento de reuni\u00e3o de todos os campi e de troca&hellip; <\/p>\n","protected":false},"author":2,"featured_media":355768,"comment_status":"open","ping_status":"open","sticky":false,"template":"","format":"standard","meta":{"_acf_changed":false,"footnotes":""},"categories":[30],"tags":[],"class_list":["post-355767","post","type-post","status-publish","format-standard","has-post-thumbnail","hentry","category-artigo"],"acf":[],"yoast_head":"<!-- This site is optimized with the Yoast SEO plugin v27.4 - https:\/\/yoast.com\/product\/yoast-seo-wordpress\/ -->\n<title>Scientex: um evento para ou contra os estudantes da Univasf? - Blog do Farn\u00e9sio<\/title>\n<meta name=\"robots\" content=\"index, follow, max-snippet:-1, max-image-preview:large, max-video-preview:-1\" \/>\n<link rel=\"canonical\" href=\"https:\/\/blogdofarnesio.com.br\/?p=355767\" \/>\n<meta property=\"og:locale\" content=\"pt_BR\" \/>\n<meta property=\"og:type\" content=\"article\" \/>\n<meta property=\"og:title\" content=\"Scientex: um evento para ou contra os estudantes da Univasf? - Blog do Farn\u00e9sio\" \/>\n<meta property=\"og:description\" content=\"*Christian Anderson\u00a0 * A Scientex \u00e9 um evento realizado anualmente pela Universidade Federal do Vale de S\u00e3o Francisco (Univasf) para divulga\u00e7\u00e3o de todo o conhecimento cient\u00edfico produzido pelos estudantes de gradua\u00e7\u00e3o e p\u00f3s-gradua\u00e7\u00e3o junto aos professores. No entanto, quando falamos da possibilidade dos estudantes estarem presentes na atividade, a Univasf\u00a0 demonstra descaso com as condi\u00e7\u00f5es de participa\u00e7\u00e3o dos campi mais afastados da sede, prejudicando a integra\u00e7\u00e3o e a valoriza\u00e7\u00e3o dos trabalhos desenvolvidos nessas unidades. A Scientex \u00e9 um evento realizado anualmente pela Universidade Federal do Vale de S\u00e3o Francisco (Univasf) para divulga\u00e7\u00e3o de todo o conhecimento cient\u00edfico produzido pelos estudantes de gradua\u00e7\u00e3o e p\u00f3s-gradua\u00e7\u00e3o junto aos professores. Tamb\u00e9m \u00e9 um momento de reuni\u00e3o de todos os campi e de troca&hellip;\" \/>\n<meta property=\"og:url\" content=\"https:\/\/blogdofarnesio.com.br\/?p=355767\" \/>\n<meta property=\"og:site_name\" content=\"Blog do Farn\u00e9sio\" \/>\n<meta property=\"article:publisher\" content=\"https:\/\/www.facebook.com\/BlogQuerSaberPolitica\/\" \/>\n<meta property=\"article:author\" content=\"https:\/\/www.facebook.com\/?ref=tn_tnmn\" \/>\n<meta property=\"article:published_time\" content=\"2023-11-28T14:05:14+00:00\" \/>\n<meta property=\"og:image\" content=\"https:\/\/blogdofarnesio.com.br\/wp-content\/uploads\/2023\/11\/Foto-01-3.jpg\" \/>\n\t<meta property=\"og:image:width\" content=\"719\" \/>\n\t<meta property=\"og:image:height\" content=\"533\" \/>\n\t<meta property=\"og:image:type\" content=\"image\/jpeg\" \/>\n<meta name=\"author\" content=\"Farn\u00e9sio\" \/>\n<meta name=\"twitter:card\" content=\"summary_large_image\" \/>\n<meta name=\"twitter:label1\" content=\"Escrito por\" \/>\n\t<meta name=\"twitter:data1\" content=\"Farn\u00e9sio\" \/>\n\t<meta name=\"twitter:label2\" content=\"Est. tempo de leitura\" \/>\n\t<meta name=\"twitter:data2\" content=\"3 minutos\" \/>\n<script type=\"application\/ld+json\" class=\"yoast-schema-graph\">{\"@context\":\"https:\\\/\\\/schema.org\",\"@graph\":[{\"@type\":\"Article\",\"@id\":\"https:\\\/\\\/blogdofarnesio.com.br\\\/?p=355767#article\",\"isPartOf\":{\"@id\":\"https:\\\/\\\/blogdofarnesio.com.br\\\/?p=355767\"},\"author\":{\"name\":\"Farn\u00e9sio\",\"@id\":\"https:\\\/\\\/blogdofarnesio.com.br\\\/#\\\/schema\\\/person\\\/bb9b23ae3ad0609ce8df7b6c9e76824d\"},\"headline\":\"Scientex: um evento para ou contra os estudantes da Univasf?\",\"datePublished\":\"2023-11-28T14:05:14+00:00\",\"mainEntityOfPage\":{\"@id\":\"https:\\\/\\\/blogdofarnesio.com.br\\\/?p=355767\"},\"wordCount\":563,\"commentCount\":0,\"publisher\":{\"@id\":\"https:\\\/\\\/blogdofarnesio.com.br\\\/#organization\"},\"image\":{\"@id\":\"https:\\\/\\\/blogdofarnesio.com.br\\\/?p=355767#primaryimage\"},\"thumbnailUrl\":\"https:\\\/\\\/blogdofarnesio.com.br\\\/wp-content\\\/uploads\\\/2023\\\/11\\\/Foto-01-3.jpg\",\"articleSection\":[\"Artigo\"],\"inLanguage\":\"pt-BR\",\"potentialAction\":[{\"@type\":\"CommentAction\",\"name\":\"Comment\",\"target\":[\"https:\\\/\\\/blogdofarnesio.com.br\\\/?p=355767#respond\"]}]},{\"@type\":\"WebPage\",\"@id\":\"https:\\\/\\\/blogdofarnesio.com.br\\\/?p=355767\",\"url\":\"https:\\\/\\\/blogdofarnesio.com.br\\\/?p=355767\",\"name\":\"Scientex: um evento para ou contra os estudantes da Univasf? - Blog do Farn\u00e9sio\",\"isPartOf\":{\"@id\":\"https:\\\/\\\/blogdofarnesio.com.br\\\/#website\"},\"primaryImageOfPage\":{\"@id\":\"https:\\\/\\\/blogdofarnesio.com.br\\\/?p=355767#primaryimage\"},\"image\":{\"@id\":\"https:\\\/\\\/blogdofarnesio.com.br\\\/?p=355767#primaryimage\"},\"thumbnailUrl\":\"https:\\\/\\\/blogdofarnesio.com.br\\\/wp-content\\\/uploads\\\/2023\\\/11\\\/Foto-01-3.jpg\",\"datePublished\":\"2023-11-28T14:05:14+00:00\",\"breadcrumb\":{\"@id\":\"https:\\\/\\\/blogdofarnesio.com.br\\\/?p=355767#breadcrumb\"},\"inLanguage\":\"pt-BR\",\"potentialAction\":[{\"@type\":\"ReadAction\",\"target\":[\"https:\\\/\\\/blogdofarnesio.com.br\\\/?p=355767\"]}]},{\"@type\":\"ImageObject\",\"inLanguage\":\"pt-BR\",\"@id\":\"https:\\\/\\\/blogdofarnesio.com.br\\\/?p=355767#primaryimage\",\"url\":\"https:\\\/\\\/blogdofarnesio.com.br\\\/wp-content\\\/uploads\\\/2023\\\/11\\\/Foto-01-3.jpg\",\"contentUrl\":\"https:\\\/\\\/blogdofarnesio.com.br\\\/wp-content\\\/uploads\\\/2023\\\/11\\\/Foto-01-3.jpg\",\"width\":719,\"height\":533},{\"@type\":\"BreadcrumbList\",\"@id\":\"https:\\\/\\\/blogdofarnesio.com.br\\\/?p=355767#breadcrumb\",\"itemListElement\":[{\"@type\":\"ListItem\",\"position\":1,\"name\":\"In\u00edcio\",\"item\":\"https:\\\/\\\/blogdofarnesio.com.br\\\/\"},{\"@type\":\"ListItem\",\"position\":2,\"name\":\"Scientex: um evento para ou contra os estudantes da Univasf?\"}]},{\"@type\":\"WebSite\",\"@id\":\"https:\\\/\\\/blogdofarnesio.com.br\\\/#website\",\"url\":\"https:\\\/\\\/blogdofarnesio.com.br\\\/\",\"name\":\"Blog do Farn\u00e9sio\",\"description\":\"Quer Saber Pol\u00edtica?\",\"publisher\":{\"@id\":\"https:\\\/\\\/blogdofarnesio.com.br\\\/#organization\"},\"potentialAction\":[{\"@type\":\"SearchAction\",\"target\":{\"@type\":\"EntryPoint\",\"urlTemplate\":\"https:\\\/\\\/blogdofarnesio.com.br\\\/?s={search_term_string}\"},\"query-input\":{\"@type\":\"PropertyValueSpecification\",\"valueRequired\":true,\"valueName\":\"search_term_string\"}}],\"inLanguage\":\"pt-BR\"},{\"@type\":\"Organization\",\"@id\":\"https:\\\/\\\/blogdofarnesio.com.br\\\/#organization\",\"name\":\"Blog do Farn\u00e9sio\",\"url\":\"https:\\\/\\\/blogdofarnesio.com.br\\\/\",\"logo\":{\"@type\":\"ImageObject\",\"inLanguage\":\"pt-BR\",\"@id\":\"https:\\\/\\\/blogdofarnesio.com.br\\\/#\\\/schema\\\/logo\\\/image\\\/\",\"url\":\"https:\\\/\\\/blogdofarnesio.com.br\\\/wp-content\\\/uploads\\\/2026\\\/03\\\/cropped-logo_new-1.png\",\"contentUrl\":\"https:\\\/\\\/blogdofarnesio.com.br\\\/wp-content\\\/uploads\\\/2026\\\/03\\\/cropped-logo_new-1.png\",\"width\":881,\"height\":685,\"caption\":\"Blog do Farn\u00e9sio\"},\"image\":{\"@id\":\"https:\\\/\\\/blogdofarnesio.com.br\\\/#\\\/schema\\\/logo\\\/image\\\/\"},\"sameAs\":[\"https:\\\/\\\/www.facebook.com\\\/BlogQuerSaberPolitica\\\/\"]},{\"@type\":\"Person\",\"@id\":\"https:\\\/\\\/blogdofarnesio.com.br\\\/#\\\/schema\\\/person\\\/bb9b23ae3ad0609ce8df7b6c9e76824d\",\"name\":\"Farn\u00e9sio\",\"image\":{\"@type\":\"ImageObject\",\"inLanguage\":\"pt-BR\",\"@id\":\"https:\\\/\\\/secure.gravatar.com\\\/avatar\\\/986aa4c61ccdb66f8555bf88fc2a65609d00bcabd4d2d94377a727547345cbca?s=96&d=mm&r=g\",\"url\":\"https:\\\/\\\/secure.gravatar.com\\\/avatar\\\/986aa4c61ccdb66f8555bf88fc2a65609d00bcabd4d2d94377a727547345cbca?s=96&d=mm&r=g\",\"contentUrl\":\"https:\\\/\\\/secure.gravatar.com\\\/avatar\\\/986aa4c61ccdb66f8555bf88fc2a65609d00bcabd4d2d94377a727547345cbca?s=96&d=mm&r=g\",\"caption\":\"Farn\u00e9sio\"},\"description\":\"Radialista blogueiro, chegou a Petrolina\\\/Juazeiro em setembro de 1980, Farn\u00e9sio Silva \u00e9 de Arapiraca-Alagoas.\",\"sameAs\":[\"http:\\\/\\\/blogdofarnesio.com.br\",\"https:\\\/\\\/www.facebook.com\\\/?ref=tn_tnmn\",\"https:\\\/\\\/www.instagram.com\\\/?utm_source=pwa_homescreen\",\"https:\\\/\\\/youtube.com.br\\\/\"],\"url\":\"https:\\\/\\\/blogdofarnesio.com.br\\\/?author=2\"}]}<\/script>\n<!-- \/ Yoast SEO plugin. -->","yoast_head_json":{"title":"Scientex: um evento para ou contra os estudantes da Univasf? - Blog do Farn\u00e9sio","robots":{"index":"index","follow":"follow","max-snippet":"max-snippet:-1","max-image-preview":"max-image-preview:large","max-video-preview":"max-video-preview:-1"},"canonical":"https:\/\/blogdofarnesio.com.br\/?p=355767","og_locale":"pt_BR","og_type":"article","og_title":"Scientex: um evento para ou contra os estudantes da Univasf? - Blog do Farn\u00e9sio","og_description":"*Christian Anderson\u00a0 * A Scientex \u00e9 um evento realizado anualmente pela Universidade Federal do Vale de S\u00e3o Francisco (Univasf) para divulga\u00e7\u00e3o de todo o conhecimento cient\u00edfico produzido pelos estudantes de gradua\u00e7\u00e3o e p\u00f3s-gradua\u00e7\u00e3o junto aos professores. No entanto, quando falamos da possibilidade dos estudantes estarem presentes na atividade, a Univasf\u00a0 demonstra descaso com as condi\u00e7\u00f5es de participa\u00e7\u00e3o dos campi mais afastados da sede, prejudicando a integra\u00e7\u00e3o e a valoriza\u00e7\u00e3o dos trabalhos desenvolvidos nessas unidades. A Scientex \u00e9 um evento realizado anualmente pela Universidade Federal do Vale de S\u00e3o Francisco (Univasf) para divulga\u00e7\u00e3o de todo o conhecimento cient\u00edfico produzido pelos estudantes de gradua\u00e7\u00e3o e p\u00f3s-gradua\u00e7\u00e3o junto aos professores. Tamb\u00e9m \u00e9 um momento de reuni\u00e3o de todos os campi e de troca&hellip;","og_url":"https:\/\/blogdofarnesio.com.br\/?p=355767","og_site_name":"Blog do Farn\u00e9sio","article_publisher":"https:\/\/www.facebook.com\/BlogQuerSaberPolitica\/","article_author":"https:\/\/www.facebook.com\/?ref=tn_tnmn","article_published_time":"2023-11-28T14:05:14+00:00","og_image":[{"width":719,"height":533,"url":"https:\/\/blogdofarnesio.com.br\/wp-content\/uploads\/2023\/11\/Foto-01-3.jpg","type":"image\/jpeg"}],"author":"Farn\u00e9sio","twitter_card":"summary_large_image","twitter_misc":{"Escrito por":"Farn\u00e9sio","Est. tempo de leitura":"3 minutos"},"schema":{"@context":"https:\/\/schema.org","@graph":[{"@type":"Article","@id":"https:\/\/blogdofarnesio.com.br\/?p=355767#article","isPartOf":{"@id":"https:\/\/blogdofarnesio.com.br\/?p=355767"},"author":{"name":"Farn\u00e9sio","@id":"https:\/\/blogdofarnesio.com.br\/#\/schema\/person\/bb9b23ae3ad0609ce8df7b6c9e76824d"},"headline":"Scientex: um evento para ou contra os estudantes da Univasf?","datePublished":"2023-11-28T14:05:14+00:00","mainEntityOfPage":{"@id":"https:\/\/blogdofarnesio.com.br\/?p=355767"},"wordCount":563,"commentCount":0,"publisher":{"@id":"https:\/\/blogdofarnesio.com.br\/#organization"},"image":{"@id":"https:\/\/blogdofarnesio.com.br\/?p=355767#primaryimage"},"thumbnailUrl":"https:\/\/blogdofarnesio.com.br\/wp-content\/uploads\/2023\/11\/Foto-01-3.jpg","articleSection":["Artigo"],"inLanguage":"pt-BR","potentialAction":[{"@type":"CommentAction","name":"Comment","target":["https:\/\/blogdofarnesio.com.br\/?p=355767#respond"]}]},{"@type":"WebPage","@id":"https:\/\/blogdofarnesio.com.br\/?p=355767","url":"https:\/\/blogdofarnesio.com.br\/?p=355767","name":"Scientex: um evento para ou contra os estudantes da Univasf? - Blog do Farn\u00e9sio","isPartOf":{"@id":"https:\/\/blogdofarnesio.com.br\/#website"},"primaryImageOfPage":{"@id":"https:\/\/blogdofarnesio.com.br\/?p=355767#primaryimage"},"image":{"@id":"https:\/\/blogdofarnesio.com.br\/?p=355767#primaryimage"},"thumbnailUrl":"https:\/\/blogdofarnesio.com.br\/wp-content\/uploads\/2023\/11\/Foto-01-3.jpg","datePublished":"2023-11-28T14:05:14+00:00","breadcrumb":{"@id":"https:\/\/blogdofarnesio.com.br\/?p=355767#breadcrumb"},"inLanguage":"pt-BR","potentialAction":[{"@type":"ReadAction","target":["https:\/\/blogdofarnesio.com.br\/?p=355767"]}]},{"@type":"ImageObject","inLanguage":"pt-BR","@id":"https:\/\/blogdofarnesio.com.br\/?p=355767#primaryimage","url":"https:\/\/blogdofarnesio.com.br\/wp-content\/uploads\/2023\/11\/Foto-01-3.jpg","contentUrl":"https:\/\/blogdofarnesio.com.br\/wp-content\/uploads\/2023\/11\/Foto-01-3.jpg","width":719,"height":533},{"@type":"BreadcrumbList","@id":"https:\/\/blogdofarnesio.com.br\/?p=355767#breadcrumb","itemListElement":[{"@type":"ListItem","position":1,"name":"In\u00edcio","item":"https:\/\/blogdofarnesio.com.br\/"},{"@type":"ListItem","position":2,"name":"Scientex: um evento para ou contra os estudantes da Univasf?"}]},{"@type":"WebSite","@id":"https:\/\/blogdofarnesio.com.br\/#website","url":"https:\/\/blogdofarnesio.com.br\/","name":"Blog do Farn\u00e9sio","description":"Quer Saber Pol\u00edtica?","publisher":{"@id":"https:\/\/blogdofarnesio.com.br\/#organization"},"potentialAction":[{"@type":"SearchAction","target":{"@type":"EntryPoint","urlTemplate":"https:\/\/blogdofarnesio.com.br\/?s={search_term_string}"},"query-input":{"@type":"PropertyValueSpecification","valueRequired":true,"valueName":"search_term_string"}}],"inLanguage":"pt-BR"},{"@type":"Organization","@id":"https:\/\/blogdofarnesio.com.br\/#organization","name":"Blog do Farn\u00e9sio","url":"https:\/\/blogdofarnesio.com.br\/","logo":{"@type":"ImageObject","inLanguage":"pt-BR","@id":"https:\/\/blogdofarnesio.com.br\/#\/schema\/logo\/image\/","url":"https:\/\/blogdofarnesio.com.br\/wp-content\/uploads\/2026\/03\/cropped-logo_new-1.png","contentUrl":"https:\/\/blogdofarnesio.com.br\/wp-content\/uploads\/2026\/03\/cropped-logo_new-1.png","width":881,"height":685,"caption":"Blog do Farn\u00e9sio"},"image":{"@id":"https:\/\/blogdofarnesio.com.br\/#\/schema\/logo\/image\/"},"sameAs":["https:\/\/www.facebook.com\/BlogQuerSaberPolitica\/"]},{"@type":"Person","@id":"https:\/\/blogdofarnesio.com.br\/#\/schema\/person\/bb9b23ae3ad0609ce8df7b6c9e76824d","name":"Farn\u00e9sio","image":{"@type":"ImageObject","inLanguage":"pt-BR","@id":"https:\/\/secure.gravatar.com\/avatar\/986aa4c61ccdb66f8555bf88fc2a65609d00bcabd4d2d94377a727547345cbca?s=96&d=mm&r=g","url":"https:\/\/secure.gravatar.com\/avatar\/986aa4c61ccdb66f8555bf88fc2a65609d00bcabd4d2d94377a727547345cbca?s=96&d=mm&r=g","contentUrl":"https:\/\/secure.gravatar.com\/avatar\/986aa4c61ccdb66f8555bf88fc2a65609d00bcabd4d2d94377a727547345cbca?s=96&d=mm&r=g","caption":"Farn\u00e9sio"},"description":"Radialista blogueiro, chegou a Petrolina\/Juazeiro em setembro de 1980, Farn\u00e9sio Silva \u00e9 de Arapiraca-Alagoas.","sameAs":["http:\/\/blogdofarnesio.com.br","https:\/\/www.facebook.com\/?ref=tn_tnmn","https:\/\/www.instagram.com\/?utm_source=pwa_homescreen","https:\/\/youtube.com.br\/"],"url":"https:\/\/blogdofarnesio.com.br\/?author=2"}]}},"_links":{"self":[{"href":"https:\/\/blogdofarnesio.com.br\/index.php?rest_route=\/wp\/v2\/posts\/355767","targetHints":{"allow":["GET"]}}],"collection":[{"href":"https:\/\/blogdofarnesio.com.br\/index.php?rest_route=\/wp\/v2\/posts"}],"about":[{"href":"https:\/\/blogdofarnesio.com.br\/index.php?rest_route=\/wp\/v2\/types\/post"}],"author":[{"embeddable":true,"href":"https:\/\/blogdofarnesio.com.br\/index.php?rest_route=\/wp\/v2\/users\/2"}],"replies":[{"embeddable":true,"href":"https:\/\/blogdofarnesio.com.br\/index.php?rest_route=%2Fwp%2Fv2%2Fcomments&post=355767"}],"version-history":[{"count":0,"href":"https:\/\/blogdofarnesio.com.br\/index.php?rest_route=\/wp\/v2\/posts\/355767\/revisions"}],"wp:featuredmedia":[{"embeddable":true,"href":"https:\/\/blogdofarnesio.com.br\/index.php?rest_route=\/wp\/v2\/media\/355768"}],"wp:attachment":[{"href":"https:\/\/blogdofarnesio.com.br\/index.php?rest_route=%2Fwp%2Fv2%2Fmedia&parent=355767"}],"wp:term":[{"taxonomy":"category","embeddable":true,"href":"https:\/\/blogdofarnesio.com.br\/index.php?rest_route=%2Fwp%2Fv2%2Fcategories&post=355767"},{"taxonomy":"post_tag","embeddable":true,"href":"https:\/\/blogdofarnesio.com.br\/index.php?rest_route=%2Fwp%2Fv2%2Ftags&post=355767"}],"curies":[{"name":"wp","href":"https:\/\/api.w.org\/{rel}","templated":true}]}}