{"id":355183,"date":"2023-11-20T11:35:47","date_gmt":"2023-11-20T14:35:47","guid":{"rendered":"https:\/\/blogdofarnesio.com.br\/?p=355183"},"modified":"2023-11-20T10:50:46","modified_gmt":"2023-11-20T13:50:46","slug":"bolsonaro-diz-que-esperanca-volta-a-brilhar-e-aliados-celebram-vitoria-de-milei","status":"publish","type":"post","link":"https:\/\/blogdofarnesio.com.br\/?p=355183","title":{"rendered":"Bolsonaro diz que &#8216;esperan\u00e7a volta a brilhar&#8217;, e aliados celebram vit\u00f3ria de Milei"},"content":{"rendered":"<header class=\"sc-5602301d-0 gMxrIO\">\n<div class=\"sc-5602301d-1 hnHunJ\">\n<div class=\"sc-5602301d-8 gfrxng\">Por Nathalia Garcia e Marianna Holanda | Folhapress\u00a0 &#8211;<\/div>\n<\/div>\n<\/header>\n<p><main><\/p>\n<div class=\"sc-25afab15-0 bezxib\">\n<div class=\"sc-29752e04-0 iRjlQy\">\n<div class=\"sc-267b204f-0 hteqvg\">\n<article class=\"sc-81e29194-0 hVTtun\">\n<div class=\"sc-c67c3674-0 eWGCVu\">\n<div class=\"sc-c67c3674-3 jITGSO\">\n<p>O ex-presidente Jair Bolsonaro (PL) celebrou nas redes sociais a vit\u00f3ria do ultraliberal Javier Milei, eleito presidente da Argentina neste domingo (19), dizendo que &#8220;a esperan\u00e7a volta a brilhar na Am\u00e9rica do Sul&#8221;.<br \/>\nAliados do ex-chefe do Executivo tamb\u00e9m parabenizaram o presidente eleito argentino pela conquista e desejaram &#8220;sorte&#8221;, &#8220;sucesso&#8221; e &#8220;for\u00e7a&#8221; a Milei.<br \/>\n&#8220;Parab\u00e9ns ao povo argentino pela vit\u00f3ria com Milei. A esperan\u00e7a volta a brilhar na Am\u00e9rica do Sul&#8221;, escreveu Bolsonaro em sua conta no X (antigo Twitter). &#8220;Que esses bons ventos alcancem os Estados Unidos e o Brasil para que a honestidade, o progresso e a liberdade voltem para todos n\u00f3s&#8221;, acrescentou.<br \/>\nMembros da oposi\u00e7\u00e3o do governo de Luiz In\u00e1cio Lula da Silva (PT) classificaram o resultado do pleito como uma vit\u00f3ria da direita e vincularam o peronista e atual ministro da Economia Sergio Massa ao governo petista.<\/p>\n<p>O PT e integrantes do governo apoiavam Massa nas elei\u00e7\u00f5es, mas o presidente Lula nunca fez uma men\u00e7\u00e3o direta ao tema.<br \/>\nO senador Fl\u00e1vio Bolsonaro (PL-RJ) publicou no Instagram um v\u00eddeo que mostra Milei em festa, com a legenda &#8220;Javier Milei \u00e9 eleito presidente da Argentina&#8221;.<br \/>\nEm outra rede social, o filho de Bolsonaro disse ter certeza de que o ultraliberal far\u00e1 &#8220;o melhor pela Argentina&#8221; e representa um &#8220;passo decisivo rumo \u00e0 liberdade&#8221;.<br \/>\n&#8220;Que Deus ilumine seu caminho na presid\u00eancia. A Casa Rosada trar\u00e1 desafios gigantescos, mas tenho certeza de que voc\u00ea far\u00e1 o melhor pela Argentina. Pouco a pouco vamos vencendo a esquerda e o comunismo na Am\u00e9rica Latina&#8221;, afirmou Fl\u00e1vio no X.<\/p>\n<p>&#8220;Que a Argentina seja um exemplo e apenas a primeira de muitas mudan\u00e7as para melhor no nosso continente. Milei \u00e9 um passo decisivo rumo \u00e0 liberdade da Am\u00e9rica Latina!&#8221;, continuou.<br \/>\nJ\u00e1 o senador Ciro Nogueira (PI), presidente do PP e ex-ministro de Bolsonaro, afirmou em sua conta que os argentinos rejeitaram &#8220;o PT de l\u00e1&#8221; e falou em avan\u00e7o da liberdade.<br \/>\n&#8220;Hoje \u00e9 dia de autocr\u00edtica para a esquerda sul-americana, leia-se PT. A vit\u00f3ria de Milei prova que desprezar o d\u00e9ficit p\u00fablico, cair no populismo, governar para um partido e n\u00e3o para o pa\u00eds tem limite. A Argentina disse n\u00e3o ao PT de l\u00e1, t\u00e3o apoiado pelo PT daqui. A liberdade avan\u00e7a!&#8221;, escreveu.<\/p>\n<p>A deputada Bia Kicis (PL-DF), presidente da Comiss\u00e3o de Fiscaliza\u00e7\u00e3o Financeira e Controle da C\u00e2mara, desejou &#8220;sorte, sabedoria e for\u00e7a&#8221; para Milei e disse que o Brasil &#8220;n\u00e3o conseguiu&#8221; atrapalhar dessa vez.<br \/>\n&#8220;Derrota do Foro de S\u00e3o Paulo. Vit\u00f3ria para a direita. O Brasil tentou atrapalhar, mas dessa vez n\u00e3o conseguiu. Grande dia! N\u00e3o ser\u00e1 f\u00e1cil com a oposi\u00e7\u00e3o esquerdista que bem conhecemos, por isso, desejamos sorte, sabedoria e for\u00e7a a Milei&#8221;, publicou.<br \/>\nO senador Sergio Moro (Uni\u00e3o Brasil-PR) foi outro que desejou &#8220;sorte e sucesso&#8221; para o ultraliberal rec\u00e9m-eleito na Argentina e fez uma refer\u00eancia ao futebol. &#8220;Argentina ganhou duas Copas do Mundo seguidas. Sorte e sucesso agora para Milei&#8221;, disse.<br \/>\nAp\u00f3s uma ascens\u00e3o mete\u00f3rica na pol\u00edtica, Milei conseguiu 55,76% dos votos v\u00e1lidos, contra 44,23% do rival com 97,48% das urnas apuradas.<\/p>\n<p>A participa\u00e7\u00e3o dos argentinos foi de 76%, n\u00famero abaixo dos \u00edndices registrados no primeiro turno em outubro (77%) e acima do das elei\u00e7\u00f5es prim\u00e1rias em agosto (69%).<br \/>\nO deputado federal Nikolas Ferreira (PL-MG) fez uma provoca\u00e7\u00e3o \u00e0 primeira-dama do Brasil, Ros\u00e2ngela da Silva, a Janja, ao comentar a vit\u00f3ria de Milei.<br \/>\n&#8220;Aprende, Brasil. Parab\u00e9ns Argentina! E chupa essa manga, Janja&#8221;, escreveu.<br \/>\nMais cedo, Janja havia publicado uma mensagem na qual implicitamente demonstrava seu apoio ao candidato peronista.<br \/>\nNa imagem, as personagens M\u00f4nica e Mafalda \u2013 criadas, respectivamente, pelo brasileiro Maur\u00edcio de Sousa e pelo cartunista argentino Quino\u2013 est\u00e3o abra\u00e7adas. No quadrinho, a protagonista da Turma da M\u00f4nica traz uma mensagem de consolo e esperan\u00e7a.<br \/>\nNa legenda que acompanha o quadrinho, Janja escreveu &#8220;que Massa esse abra\u00e7o!&#8221;<br \/>\nEm outro post, Ferreira colocou o ultraliberal argentino no mesmo rol de Bolsonaro e do ex-presidente dos Estados Unidos, Donald Trump.<br \/>\n&#8220;A esquerda destr\u00f3i o pa\u00eds, depois vem um candidato de direita, arruma a bagun\u00e7a, perde as elei\u00e7\u00f5es e a esquerda retorna ao poder com a casa arrumada. Trump, Bolsonaro e agora Milei. Vamos ver se ir\u00e1 acontecer o mesmo com ele&#8221;, disse.<\/p>\n<p>O senador Rog\u00e9rio Marinho (PL-RN), l\u00edder da oposi\u00e7\u00e3o, tamb\u00e9m falou em liberdade e desejou que o exemplo da Argentina seja seguido pelos demais pa\u00edses da Am\u00e9rica Latina.<br \/>\n&#8220;Liberdade!!! O pulso ainda pulsa. Viva a Argentina e que seu exemplo em breve seja seguido por toda a Am\u00e9rica Latina. Milei presidente&#8221;, afirmou.<\/p>\n<\/div>\n<\/div>\n<\/article>\n<\/div>\n<\/div>\n<\/div>\n<p><\/main><\/p>\n","protected":false},"excerpt":{"rendered":"<p>Por Nathalia Garcia e Marianna Holanda | Folhapress\u00a0 &#8211; O ex-presidente Jair Bolsonaro (PL) celebrou nas redes sociais a vit\u00f3ria do ultraliberal Javier Milei, eleito presidente da Argentina neste domingo (19), dizendo que &#8220;a esperan\u00e7a volta a brilhar na Am\u00e9rica do Sul&#8221;. Aliados do ex-chefe do Executivo tamb\u00e9m parabenizaram o presidente eleito argentino pela conquista e desejaram &#8220;sorte&#8221;, &#8220;sucesso&#8221; e &#8220;for\u00e7a&#8221; a Milei. &#8220;Parab\u00e9ns ao povo argentino pela vit\u00f3ria com Milei. A esperan\u00e7a volta a brilhar na Am\u00e9rica do Sul&#8221;, escreveu Bolsonaro em sua conta no X (antigo Twitter). &#8220;Que esses bons ventos alcancem os Estados Unidos e o Brasil para que a honestidade, o progresso e a liberdade voltem para todos n\u00f3s&#8221;, acrescentou. Membros da oposi\u00e7\u00e3o do governo de&hellip; <\/p>\n","protected":false},"author":2,"featured_media":349488,"comment_status":"open","ping_status":"open","sticky":false,"template":"","format":"standard","meta":{"_acf_changed":false,"footnotes":""},"categories":[1],"tags":[],"class_list":["post-355183","post","type-post","status-publish","format-standard","has-post-thumbnail","hentry","category-politica"],"acf":[],"yoast_head":"<!-- This site is optimized with the Yoast SEO plugin v27.4 - https:\/\/yoast.com\/product\/yoast-seo-wordpress\/ -->\n<title>Bolsonaro diz que &#039;esperan\u00e7a volta a brilhar&#039;, e aliados celebram vit\u00f3ria de Milei - Blog do Farn\u00e9sio<\/title>\n<meta name=\"robots\" content=\"index, follow, max-snippet:-1, max-image-preview:large, max-video-preview:-1\" \/>\n<link rel=\"canonical\" href=\"https:\/\/blogdofarnesio.com.br\/?p=355183\" \/>\n<meta property=\"og:locale\" content=\"pt_BR\" \/>\n<meta property=\"og:type\" content=\"article\" \/>\n<meta property=\"og:title\" content=\"Bolsonaro diz que &#039;esperan\u00e7a volta a brilhar&#039;, e aliados celebram vit\u00f3ria de Milei - Blog do Farn\u00e9sio\" \/>\n<meta property=\"og:description\" content=\"Por Nathalia Garcia e Marianna Holanda | Folhapress\u00a0 &#8211; O ex-presidente Jair Bolsonaro (PL) celebrou nas redes sociais a vit\u00f3ria do ultraliberal Javier Milei, eleito presidente da Argentina neste domingo (19), dizendo que &#8220;a esperan\u00e7a volta a brilhar na Am\u00e9rica do Sul&#8221;. Aliados do ex-chefe do Executivo tamb\u00e9m parabenizaram o presidente eleito argentino pela conquista e desejaram &#8220;sorte&#8221;, &#8220;sucesso&#8221; e &#8220;for\u00e7a&#8221; a Milei. &#8220;Parab\u00e9ns ao povo argentino pela vit\u00f3ria com Milei. A esperan\u00e7a volta a brilhar na Am\u00e9rica do Sul&#8221;, escreveu Bolsonaro em sua conta no X (antigo Twitter). &#8220;Que esses bons ventos alcancem os Estados Unidos e o Brasil para que a honestidade, o progresso e a liberdade voltem para todos n\u00f3s&#8221;, acrescentou. Membros da oposi\u00e7\u00e3o do governo de&hellip;\" \/>\n<meta property=\"og:url\" content=\"https:\/\/blogdofarnesio.com.br\/?p=355183\" \/>\n<meta property=\"og:site_name\" content=\"Blog do Farn\u00e9sio\" \/>\n<meta property=\"article:publisher\" content=\"https:\/\/www.facebook.com\/BlogQuerSaberPolitica\/\" \/>\n<meta property=\"article:author\" content=\"https:\/\/www.facebook.com\/?ref=tn_tnmn\" \/>\n<meta property=\"article:published_time\" content=\"2023-11-20T14:35:47+00:00\" \/>\n<meta property=\"og:image\" content=\"https:\/\/blogdofarnesio.com.br\/wp-content\/uploads\/2023\/09\/Bolsonaro_Olimpio.webp\" \/>\n\t<meta property=\"og:image:width\" content=\"600\" \/>\n\t<meta property=\"og:image:height\" content=\"387\" \/>\n\t<meta property=\"og:image:type\" content=\"image\/webp\" \/>\n<meta name=\"author\" content=\"Farn\u00e9sio\" \/>\n<meta name=\"twitter:card\" content=\"summary_large_image\" \/>\n<meta name=\"twitter:label1\" content=\"Escrito por\" \/>\n\t<meta name=\"twitter:data1\" content=\"Farn\u00e9sio\" \/>\n\t<meta name=\"twitter:label2\" content=\"Est. tempo de leitura\" \/>\n\t<meta name=\"twitter:data2\" content=\"5 minutos\" \/>\n<script type=\"application\/ld+json\" class=\"yoast-schema-graph\">{\"@context\":\"https:\\\/\\\/schema.org\",\"@graph\":[{\"@type\":\"Article\",\"@id\":\"https:\\\/\\\/blogdofarnesio.com.br\\\/?p=355183#article\",\"isPartOf\":{\"@id\":\"https:\\\/\\\/blogdofarnesio.com.br\\\/?p=355183\"},\"author\":{\"name\":\"Farn\u00e9sio\",\"@id\":\"https:\\\/\\\/blogdofarnesio.com.br\\\/#\\\/schema\\\/person\\\/bb9b23ae3ad0609ce8df7b6c9e76824d\"},\"headline\":\"Bolsonaro diz que &#8216;esperan\u00e7a volta a brilhar&#8217;, e aliados celebram vit\u00f3ria de Milei\",\"datePublished\":\"2023-11-20T14:35:47+00:00\",\"mainEntityOfPage\":{\"@id\":\"https:\\\/\\\/blogdofarnesio.com.br\\\/?p=355183\"},\"wordCount\":829,\"commentCount\":0,\"publisher\":{\"@id\":\"https:\\\/\\\/blogdofarnesio.com.br\\\/#organization\"},\"image\":{\"@id\":\"https:\\\/\\\/blogdofarnesio.com.br\\\/?p=355183#primaryimage\"},\"thumbnailUrl\":\"https:\\\/\\\/blogdofarnesio.com.br\\\/wp-content\\\/uploads\\\/2023\\\/09\\\/Bolsonaro_Olimpio.webp\",\"articleSection\":[\"Pol\u00edtica\"],\"inLanguage\":\"pt-BR\",\"potentialAction\":[{\"@type\":\"CommentAction\",\"name\":\"Comment\",\"target\":[\"https:\\\/\\\/blogdofarnesio.com.br\\\/?p=355183#respond\"]}]},{\"@type\":\"WebPage\",\"@id\":\"https:\\\/\\\/blogdofarnesio.com.br\\\/?p=355183\",\"url\":\"https:\\\/\\\/blogdofarnesio.com.br\\\/?p=355183\",\"name\":\"Bolsonaro diz que 'esperan\u00e7a volta a brilhar', e aliados celebram vit\u00f3ria de Milei - Blog do Farn\u00e9sio\",\"isPartOf\":{\"@id\":\"https:\\\/\\\/blogdofarnesio.com.br\\\/#website\"},\"primaryImageOfPage\":{\"@id\":\"https:\\\/\\\/blogdofarnesio.com.br\\\/?p=355183#primaryimage\"},\"image\":{\"@id\":\"https:\\\/\\\/blogdofarnesio.com.br\\\/?p=355183#primaryimage\"},\"thumbnailUrl\":\"https:\\\/\\\/blogdofarnesio.com.br\\\/wp-content\\\/uploads\\\/2023\\\/09\\\/Bolsonaro_Olimpio.webp\",\"datePublished\":\"2023-11-20T14:35:47+00:00\",\"breadcrumb\":{\"@id\":\"https:\\\/\\\/blogdofarnesio.com.br\\\/?p=355183#breadcrumb\"},\"inLanguage\":\"pt-BR\",\"potentialAction\":[{\"@type\":\"ReadAction\",\"target\":[\"https:\\\/\\\/blogdofarnesio.com.br\\\/?p=355183\"]}]},{\"@type\":\"ImageObject\",\"inLanguage\":\"pt-BR\",\"@id\":\"https:\\\/\\\/blogdofarnesio.com.br\\\/?p=355183#primaryimage\",\"url\":\"https:\\\/\\\/blogdofarnesio.com.br\\\/wp-content\\\/uploads\\\/2023\\\/09\\\/Bolsonaro_Olimpio.webp\",\"contentUrl\":\"https:\\\/\\\/blogdofarnesio.com.br\\\/wp-content\\\/uploads\\\/2023\\\/09\\\/Bolsonaro_Olimpio.webp\",\"width\":600,\"height\":387},{\"@type\":\"BreadcrumbList\",\"@id\":\"https:\\\/\\\/blogdofarnesio.com.br\\\/?p=355183#breadcrumb\",\"itemListElement\":[{\"@type\":\"ListItem\",\"position\":1,\"name\":\"In\u00edcio\",\"item\":\"https:\\\/\\\/blogdofarnesio.com.br\\\/\"},{\"@type\":\"ListItem\",\"position\":2,\"name\":\"Bolsonaro diz que &#8216;esperan\u00e7a volta a brilhar&#8217;, e aliados celebram vit\u00f3ria de Milei\"}]},{\"@type\":\"WebSite\",\"@id\":\"https:\\\/\\\/blogdofarnesio.com.br\\\/#website\",\"url\":\"https:\\\/\\\/blogdofarnesio.com.br\\\/\",\"name\":\"Blog do Farn\u00e9sio\",\"description\":\"Quer Saber Pol\u00edtica?\",\"publisher\":{\"@id\":\"https:\\\/\\\/blogdofarnesio.com.br\\\/#organization\"},\"potentialAction\":[{\"@type\":\"SearchAction\",\"target\":{\"@type\":\"EntryPoint\",\"urlTemplate\":\"https:\\\/\\\/blogdofarnesio.com.br\\\/?s={search_term_string}\"},\"query-input\":{\"@type\":\"PropertyValueSpecification\",\"valueRequired\":true,\"valueName\":\"search_term_string\"}}],\"inLanguage\":\"pt-BR\"},{\"@type\":\"Organization\",\"@id\":\"https:\\\/\\\/blogdofarnesio.com.br\\\/#organization\",\"name\":\"Blog do Farn\u00e9sio\",\"url\":\"https:\\\/\\\/blogdofarnesio.com.br\\\/\",\"logo\":{\"@type\":\"ImageObject\",\"inLanguage\":\"pt-BR\",\"@id\":\"https:\\\/\\\/blogdofarnesio.com.br\\\/#\\\/schema\\\/logo\\\/image\\\/\",\"url\":\"https:\\\/\\\/blogdofarnesio.com.br\\\/wp-content\\\/uploads\\\/2026\\\/03\\\/cropped-logo_new-1.png\",\"contentUrl\":\"https:\\\/\\\/blogdofarnesio.com.br\\\/wp-content\\\/uploads\\\/2026\\\/03\\\/cropped-logo_new-1.png\",\"width\":881,\"height\":685,\"caption\":\"Blog do Farn\u00e9sio\"},\"image\":{\"@id\":\"https:\\\/\\\/blogdofarnesio.com.br\\\/#\\\/schema\\\/logo\\\/image\\\/\"},\"sameAs\":[\"https:\\\/\\\/www.facebook.com\\\/BlogQuerSaberPolitica\\\/\"]},{\"@type\":\"Person\",\"@id\":\"https:\\\/\\\/blogdofarnesio.com.br\\\/#\\\/schema\\\/person\\\/bb9b23ae3ad0609ce8df7b6c9e76824d\",\"name\":\"Farn\u00e9sio\",\"image\":{\"@type\":\"ImageObject\",\"inLanguage\":\"pt-BR\",\"@id\":\"https:\\\/\\\/secure.gravatar.com\\\/avatar\\\/986aa4c61ccdb66f8555bf88fc2a65609d00bcabd4d2d94377a727547345cbca?s=96&d=mm&r=g\",\"url\":\"https:\\\/\\\/secure.gravatar.com\\\/avatar\\\/986aa4c61ccdb66f8555bf88fc2a65609d00bcabd4d2d94377a727547345cbca?s=96&d=mm&r=g\",\"contentUrl\":\"https:\\\/\\\/secure.gravatar.com\\\/avatar\\\/986aa4c61ccdb66f8555bf88fc2a65609d00bcabd4d2d94377a727547345cbca?s=96&d=mm&r=g\",\"caption\":\"Farn\u00e9sio\"},\"description\":\"Radialista blogueiro, chegou a Petrolina\\\/Juazeiro em setembro de 1980, Farn\u00e9sio Silva \u00e9 de Arapiraca-Alagoas.\",\"sameAs\":[\"http:\\\/\\\/blogdofarnesio.com.br\",\"https:\\\/\\\/www.facebook.com\\\/?ref=tn_tnmn\",\"https:\\\/\\\/www.instagram.com\\\/?utm_source=pwa_homescreen\",\"https:\\\/\\\/youtube.com.br\\\/\"],\"url\":\"https:\\\/\\\/blogdofarnesio.com.br\\\/?author=2\"}]}<\/script>\n<!-- \/ Yoast SEO plugin. -->","yoast_head_json":{"title":"Bolsonaro diz que 'esperan\u00e7a volta a brilhar', e aliados celebram vit\u00f3ria de Milei - Blog do Farn\u00e9sio","robots":{"index":"index","follow":"follow","max-snippet":"max-snippet:-1","max-image-preview":"max-image-preview:large","max-video-preview":"max-video-preview:-1"},"canonical":"https:\/\/blogdofarnesio.com.br\/?p=355183","og_locale":"pt_BR","og_type":"article","og_title":"Bolsonaro diz que 'esperan\u00e7a volta a brilhar', e aliados celebram vit\u00f3ria de Milei - Blog do Farn\u00e9sio","og_description":"Por Nathalia Garcia e Marianna Holanda | Folhapress\u00a0 &#8211; O ex-presidente Jair Bolsonaro (PL) celebrou nas redes sociais a vit\u00f3ria do ultraliberal Javier Milei, eleito presidente da Argentina neste domingo (19), dizendo que &#8220;a esperan\u00e7a volta a brilhar na Am\u00e9rica do Sul&#8221;. Aliados do ex-chefe do Executivo tamb\u00e9m parabenizaram o presidente eleito argentino pela conquista e desejaram &#8220;sorte&#8221;, &#8220;sucesso&#8221; e &#8220;for\u00e7a&#8221; a Milei. &#8220;Parab\u00e9ns ao povo argentino pela vit\u00f3ria com Milei. A esperan\u00e7a volta a brilhar na Am\u00e9rica do Sul&#8221;, escreveu Bolsonaro em sua conta no X (antigo Twitter). &#8220;Que esses bons ventos alcancem os Estados Unidos e o Brasil para que a honestidade, o progresso e a liberdade voltem para todos n\u00f3s&#8221;, acrescentou. Membros da oposi\u00e7\u00e3o do governo de&hellip;","og_url":"https:\/\/blogdofarnesio.com.br\/?p=355183","og_site_name":"Blog do Farn\u00e9sio","article_publisher":"https:\/\/www.facebook.com\/BlogQuerSaberPolitica\/","article_author":"https:\/\/www.facebook.com\/?ref=tn_tnmn","article_published_time":"2023-11-20T14:35:47+00:00","og_image":[{"width":600,"height":387,"url":"https:\/\/blogdofarnesio.com.br\/wp-content\/uploads\/2023\/09\/Bolsonaro_Olimpio.webp","type":"image\/webp"}],"author":"Farn\u00e9sio","twitter_card":"summary_large_image","twitter_misc":{"Escrito por":"Farn\u00e9sio","Est. tempo de leitura":"5 minutos"},"schema":{"@context":"https:\/\/schema.org","@graph":[{"@type":"Article","@id":"https:\/\/blogdofarnesio.com.br\/?p=355183#article","isPartOf":{"@id":"https:\/\/blogdofarnesio.com.br\/?p=355183"},"author":{"name":"Farn\u00e9sio","@id":"https:\/\/blogdofarnesio.com.br\/#\/schema\/person\/bb9b23ae3ad0609ce8df7b6c9e76824d"},"headline":"Bolsonaro diz que &#8216;esperan\u00e7a volta a brilhar&#8217;, e aliados celebram vit\u00f3ria de Milei","datePublished":"2023-11-20T14:35:47+00:00","mainEntityOfPage":{"@id":"https:\/\/blogdofarnesio.com.br\/?p=355183"},"wordCount":829,"commentCount":0,"publisher":{"@id":"https:\/\/blogdofarnesio.com.br\/#organization"},"image":{"@id":"https:\/\/blogdofarnesio.com.br\/?p=355183#primaryimage"},"thumbnailUrl":"https:\/\/blogdofarnesio.com.br\/wp-content\/uploads\/2023\/09\/Bolsonaro_Olimpio.webp","articleSection":["Pol\u00edtica"],"inLanguage":"pt-BR","potentialAction":[{"@type":"CommentAction","name":"Comment","target":["https:\/\/blogdofarnesio.com.br\/?p=355183#respond"]}]},{"@type":"WebPage","@id":"https:\/\/blogdofarnesio.com.br\/?p=355183","url":"https:\/\/blogdofarnesio.com.br\/?p=355183","name":"Bolsonaro diz que 'esperan\u00e7a volta a brilhar', e aliados celebram vit\u00f3ria de Milei - Blog do Farn\u00e9sio","isPartOf":{"@id":"https:\/\/blogdofarnesio.com.br\/#website"},"primaryImageOfPage":{"@id":"https:\/\/blogdofarnesio.com.br\/?p=355183#primaryimage"},"image":{"@id":"https:\/\/blogdofarnesio.com.br\/?p=355183#primaryimage"},"thumbnailUrl":"https:\/\/blogdofarnesio.com.br\/wp-content\/uploads\/2023\/09\/Bolsonaro_Olimpio.webp","datePublished":"2023-11-20T14:35:47+00:00","breadcrumb":{"@id":"https:\/\/blogdofarnesio.com.br\/?p=355183#breadcrumb"},"inLanguage":"pt-BR","potentialAction":[{"@type":"ReadAction","target":["https:\/\/blogdofarnesio.com.br\/?p=355183"]}]},{"@type":"ImageObject","inLanguage":"pt-BR","@id":"https:\/\/blogdofarnesio.com.br\/?p=355183#primaryimage","url":"https:\/\/blogdofarnesio.com.br\/wp-content\/uploads\/2023\/09\/Bolsonaro_Olimpio.webp","contentUrl":"https:\/\/blogdofarnesio.com.br\/wp-content\/uploads\/2023\/09\/Bolsonaro_Olimpio.webp","width":600,"height":387},{"@type":"BreadcrumbList","@id":"https:\/\/blogdofarnesio.com.br\/?p=355183#breadcrumb","itemListElement":[{"@type":"ListItem","position":1,"name":"In\u00edcio","item":"https:\/\/blogdofarnesio.com.br\/"},{"@type":"ListItem","position":2,"name":"Bolsonaro diz que &#8216;esperan\u00e7a volta a brilhar&#8217;, e aliados celebram vit\u00f3ria de Milei"}]},{"@type":"WebSite","@id":"https:\/\/blogdofarnesio.com.br\/#website","url":"https:\/\/blogdofarnesio.com.br\/","name":"Blog do Farn\u00e9sio","description":"Quer Saber Pol\u00edtica?","publisher":{"@id":"https:\/\/blogdofarnesio.com.br\/#organization"},"potentialAction":[{"@type":"SearchAction","target":{"@type":"EntryPoint","urlTemplate":"https:\/\/blogdofarnesio.com.br\/?s={search_term_string}"},"query-input":{"@type":"PropertyValueSpecification","valueRequired":true,"valueName":"search_term_string"}}],"inLanguage":"pt-BR"},{"@type":"Organization","@id":"https:\/\/blogdofarnesio.com.br\/#organization","name":"Blog do Farn\u00e9sio","url":"https:\/\/blogdofarnesio.com.br\/","logo":{"@type":"ImageObject","inLanguage":"pt-BR","@id":"https:\/\/blogdofarnesio.com.br\/#\/schema\/logo\/image\/","url":"https:\/\/blogdofarnesio.com.br\/wp-content\/uploads\/2026\/03\/cropped-logo_new-1.png","contentUrl":"https:\/\/blogdofarnesio.com.br\/wp-content\/uploads\/2026\/03\/cropped-logo_new-1.png","width":881,"height":685,"caption":"Blog do Farn\u00e9sio"},"image":{"@id":"https:\/\/blogdofarnesio.com.br\/#\/schema\/logo\/image\/"},"sameAs":["https:\/\/www.facebook.com\/BlogQuerSaberPolitica\/"]},{"@type":"Person","@id":"https:\/\/blogdofarnesio.com.br\/#\/schema\/person\/bb9b23ae3ad0609ce8df7b6c9e76824d","name":"Farn\u00e9sio","image":{"@type":"ImageObject","inLanguage":"pt-BR","@id":"https:\/\/secure.gravatar.com\/avatar\/986aa4c61ccdb66f8555bf88fc2a65609d00bcabd4d2d94377a727547345cbca?s=96&d=mm&r=g","url":"https:\/\/secure.gravatar.com\/avatar\/986aa4c61ccdb66f8555bf88fc2a65609d00bcabd4d2d94377a727547345cbca?s=96&d=mm&r=g","contentUrl":"https:\/\/secure.gravatar.com\/avatar\/986aa4c61ccdb66f8555bf88fc2a65609d00bcabd4d2d94377a727547345cbca?s=96&d=mm&r=g","caption":"Farn\u00e9sio"},"description":"Radialista blogueiro, chegou a Petrolina\/Juazeiro em setembro de 1980, Farn\u00e9sio Silva \u00e9 de Arapiraca-Alagoas.","sameAs":["http:\/\/blogdofarnesio.com.br","https:\/\/www.facebook.com\/?ref=tn_tnmn","https:\/\/www.instagram.com\/?utm_source=pwa_homescreen","https:\/\/youtube.com.br\/"],"url":"https:\/\/blogdofarnesio.com.br\/?author=2"}]}},"_links":{"self":[{"href":"https:\/\/blogdofarnesio.com.br\/index.php?rest_route=\/wp\/v2\/posts\/355183","targetHints":{"allow":["GET"]}}],"collection":[{"href":"https:\/\/blogdofarnesio.com.br\/index.php?rest_route=\/wp\/v2\/posts"}],"about":[{"href":"https:\/\/blogdofarnesio.com.br\/index.php?rest_route=\/wp\/v2\/types\/post"}],"author":[{"embeddable":true,"href":"https:\/\/blogdofarnesio.com.br\/index.php?rest_route=\/wp\/v2\/users\/2"}],"replies":[{"embeddable":true,"href":"https:\/\/blogdofarnesio.com.br\/index.php?rest_route=%2Fwp%2Fv2%2Fcomments&post=355183"}],"version-history":[{"count":0,"href":"https:\/\/blogdofarnesio.com.br\/index.php?rest_route=\/wp\/v2\/posts\/355183\/revisions"}],"wp:featuredmedia":[{"embeddable":true,"href":"https:\/\/blogdofarnesio.com.br\/index.php?rest_route=\/wp\/v2\/media\/349488"}],"wp:attachment":[{"href":"https:\/\/blogdofarnesio.com.br\/index.php?rest_route=%2Fwp%2Fv2%2Fmedia&parent=355183"}],"wp:term":[{"taxonomy":"category","embeddable":true,"href":"https:\/\/blogdofarnesio.com.br\/index.php?rest_route=%2Fwp%2Fv2%2Fcategories&post=355183"},{"taxonomy":"post_tag","embeddable":true,"href":"https:\/\/blogdofarnesio.com.br\/index.php?rest_route=%2Fwp%2Fv2%2Ftags&post=355183"}],"curies":[{"name":"wp","href":"https:\/\/api.w.org\/{rel}","templated":true}]}}