{"id":355161,"date":"2023-11-20T11:04:51","date_gmt":"2023-11-20T14:04:51","guid":{"rendered":"https:\/\/blogdofarnesio.com.br\/?p=355161"},"modified":"2023-11-19T16:44:26","modified_gmt":"2023-11-19T19:44:26","slug":"urgente-consequencia-do-aquecimento-global-pela-primeira-vez-estudo-detecta-regiao-arida-no-norte-da-bahia","status":"publish","type":"post","link":"https:\/\/blogdofarnesio.com.br\/?p=355161","title":{"rendered":"Urgente!!! Consequ\u00eancia do aquecimento global, Pela primeira vez, estudo detecta regi\u00e3o \u00e1rida no Norte da Bahia"},"content":{"rendered":"<section class=\"content--header\">\n<div class=\"row content-head featured \">\n<div class=\"title\">Por Globo Rural \u2014<\/div>\n<\/div>\n<\/section>\n<div id=\"mc-article-body\" class=\"mc-article-body\">\n<article>\n<div class=\"no-paywall\">\n<div class=\"mc-column content-text active-extra-styles active-capital-letter\" data-block-type=\"unstyled\" data-block-weight=\"50\" data-block-id=\"2\">\n<p class=\" content-text__container theme-color-primary-first-letter\" data-track-category=\"Link no Texto\" data-track-links=\"\">Um estudo desenvolvido pelo Instituto Nacional de Pesquisas Espaciais (Inpe) e pelo Centro Nacional de Monitoramento e Alertas de Desastres Naturais (Cemaden) identificou, pela primeira vez, caracter\u00edsticas de clima \u00e1rido no Norte da Bahia. No \u00faltimo per\u00edodo considerado, entre 1990 e 2020, a \u00e1rea chega a 5,7 mil quil\u00f4metros quadrados.<\/p>\n<\/div>\n<div class=\"wall protected-content\">\n<div class=\"mc-column content-text active-extra-styles \" data-block-type=\"unstyled\" data-block-weight=\"29\" data-block-id=\"3\">\n<p class=\" content-text__container \" data-track-category=\"Link no Texto\" data-track-links=\"\">Pesquisadores dos dois \u00f3rg\u00e3os federais, que s\u00e3o ligados ao Minist\u00e9rio da Ci\u00eancia, Tecnologia e Inova\u00e7\u00e3o (MCTI), detectaram, ainda, um aumento do clima semi\u00e1rido em outras \u00e1reas do pa\u00eds.<\/p>\n<\/div>\n<div class=\"mc-column content-text active-extra-styles \" data-block-type=\"unstyled\" data-block-weight=\"35\" data-block-id=\"4\">\n<div class=\"row medium-uncollapsed content-top-image\" data-block-type=\"featured-image\" data-block-id=\"0\">\n<div class=\"column medium-centered medium-22 large-20 desktop \">\n<figure class=\"content-featured-figure\"><img loading=\"lazy\" decoding=\"async\" class=\"content-featured-image\" src=\"https:\/\/s2-globorural.glbimg.com\/anVu6NM-tjU7CPNDSNpAxMc05Sk=\/0x0:1170x700\/888x0\/smart\/filters:strip_icc()\/i.s3.glbimg.com\/v1\/AUTH_afe5c125c3bb42f0b5ae633b58923923\/internal_photos\/bs\/2023\/m\/e\/yb2ejdQrmiPDQC2zk4ng\/mapa-brasil.webp\" alt=\"Clima semi-\u00e1rido tamb\u00e9m aumenta por outras \u00e1reas do Brasil\" width=\"1170\" height=\"700\" \/><figcaption class=\"content-featured-caption\">Clima semi-\u00e1rido tamb\u00e9m aumenta por outras \u00e1reas do Brasil \u2014 Foto: Divulga\u00e7\u00e3o\/Inpe<\/figcaption><\/figure>\n<\/div>\n<\/div>\n<p class=\" content-text__container \" data-track-category=\"Link no Texto\" data-track-links=\"\">A cada d\u00e9cada, \u00e1reas do semi\u00e1rido do pa\u00eds crescem a uma taxa m\u00e9dia superior a 75 mil quil\u00f4metros quadrados. Os locais concentram-se principalmente no Nordeste e no norte de Minas Gerais, informa o estudo.<\/p>\n<\/div>\n<div class=\"mc-column content-text active-extra-styles \" data-block-type=\"unstyled\" data-block-weight=\"46\" data-block-id=\"5\">\n<p class=\" content-text__container \" data-track-category=\"Link no Texto\" data-track-links=\"\">Com exce\u00e7\u00e3o da regi\u00e3o Sul e do litoral dos estados de Rio de Janeiro e S\u00e3o Paulo, a tend\u00eancia de aumento da aridez se constata em todo o pa\u00eds. De acordo com a nota t\u00e9cnica dos pesquisadores, o processo est\u00e1 relacionado com o aquecimento global.<\/p>\n<\/div>\n<div class=\"mc-column content-text active-extra-styles \" data-block-type=\"unstyled\" data-block-weight=\"47\" data-block-id=\"6\">\n<p class=\" content-text__container \" data-track-category=\"Link no Texto\" data-track-links=\"\">O motivo principal \u00e9 o aumento da evapotranspira\u00e7\u00e3o &#8211; combina\u00e7\u00e3o entre a evapora\u00e7\u00e3o da \u00e1gua que cai no solo e a transpira\u00e7\u00e3o de \u00e1gua pelas plantas. Na regi\u00e3o Sul, no entanto, observa-se uma tend\u00eancia inversa, associada ao aumento das chuvas, cujas consequ\u00eancias s\u00e3o sentidas pelos produtores rurais.<\/p>\n<\/div>\n<div class=\"mc-column content-text active-extra-styles \" data-block-type=\"unstyled\" data-block-weight=\"39\" data-block-id=\"8\">\n<p class=\" content-text__container \" data-track-category=\"Link no Texto\" data-track-links=\"\">Para chegar a essas conclus\u00f5es, os respons\u00e1veis da pesquisa utilizaram uma metodologia reconhecida internacionalmente, na qual\u00a0<span class=\"highlight highlighted\">o \u00edndice de aridez, calculado a partir de uma f\u00f3rmula onde os valores de precipita\u00e7\u00e3o s\u00e3o divididos pela evapotranspira\u00e7\u00e3o potencial de cada regi\u00e3o<\/span>.<\/p>\n<\/div>\n<div class=\"mc-column content-text active-extra-styles \" data-block-type=\"unstyled\" data-block-weight=\"36\" data-block-id=\"9\">\n<p class=\" content-text__container \" data-track-category=\"Link no Texto\" data-track-links=\"\">Nos climas mais secos, onde h\u00e1 um d\u00e9ficit de chuvas, essa raz\u00e3o fica abaixo de 1. A regi\u00e3o \u00e9 considerada semi\u00e1rida se o resultado ficar entre 0,21 e 0,5 e \u00e1rida se ficar abaixo de 0,2.<\/p>\n<\/div>\n<div class=\"mc-column content-text active-extra-styles \" data-block-type=\"unstyled\" data-block-weight=\"55\" data-block-id=\"10\">\n<p class=\" content-text__container \" data-track-category=\"Link no Texto\" data-track-links=\"\">Em regi\u00f5es com \u00edndice de aridez cr\u00edtico, a falta de \u00e1gua favorece a ocorr\u00eancia de queimadas e pode afetar de forma severa a agricultura e a pecu\u00e1ria, descreve a nota t\u00e9cnica divulgada no dia 4\/11. Nessas condi\u00e7\u00f5es, quando o uso do solo n\u00e3o \u00e9 feito de forma sustent\u00e1vel, nota-se processos de desertifica\u00e7\u00e3o no longo prazo.<\/p>\n<\/div>\n<div class=\"mc-column content-text active-extra-styles\" data-block-type=\"raw\" data-block-weight=\"1\" data-block-id=\"11\">\n<div class=\"content-intertitle\">\n<h2>Resultados<\/h2>\n<\/div>\n<\/div>\n<div class=\"mc-column content-text active-extra-styles \" data-block-type=\"unstyled\" data-block-weight=\"32\" data-block-id=\"12\">\n<p class=\" content-text__container \" data-track-category=\"Link no Texto\" data-track-links=\"\">O diagn\u00f3stico produzido pelo Inpe e pelo Cemaden subsidiar\u00e1 a Pol\u00edtica Nacional de Combate \u00e0 Desertifica\u00e7\u00e3o, coordenada pelo Minist\u00e9rio do Meia Ambiente. A an\u00e1lise considerou dados levantados entre 1960 e 2020.<\/p>\n<\/div>\n<div data-track-category=\"multicontent\" data-track-action=\"ultimo chunk conteudo\" data-track-noninteraction=\"false\" data-track-scroll=\"view\">\n<div class=\"mc-column content-text active-extra-styles \" data-block-type=\"unstyled\" data-block-weight=\"24\" data-block-id=\"13\">\n<p class=\" content-text__container \" data-track-category=\"Link no Texto\" data-track-links=\"\">Eles foram divididos em per\u00edodos de 30 anos. Assim, foram feitos mapas com as m\u00e9dias hist\u00f3ricas de quatro intervalos: 1960-1990, 1970-2000, 1980-2010 e 1990-2020.<\/p>\n<\/div>\n<\/div>\n<\/div>\n<\/div>\n<\/article>\n<\/div>\n","protected":false},"excerpt":{"rendered":"<p>Por Globo Rural \u2014 Um estudo desenvolvido pelo Instituto Nacional de Pesquisas Espaciais (Inpe) e pelo Centro Nacional de Monitoramento e Alertas de Desastres Naturais (Cemaden) identificou, pela primeira vez, caracter\u00edsticas de clima \u00e1rido no Norte da Bahia. No \u00faltimo per\u00edodo considerado, entre 1990 e 2020, a \u00e1rea chega a 5,7 mil quil\u00f4metros quadrados. Pesquisadores dos dois \u00f3rg\u00e3os federais, que s\u00e3o ligados ao Minist\u00e9rio da Ci\u00eancia, Tecnologia e Inova\u00e7\u00e3o (MCTI), detectaram, ainda, um aumento do clima semi\u00e1rido em outras \u00e1reas do pa\u00eds. Clima semi-\u00e1rido tamb\u00e9m aumenta por outras \u00e1reas do Brasil \u2014 Foto: Divulga\u00e7\u00e3o\/Inpe A cada d\u00e9cada, \u00e1reas do semi\u00e1rido do pa\u00eds crescem a uma taxa m\u00e9dia superior a 75 mil quil\u00f4metros quadrados. Os locais concentram-se principalmente no Nordeste e&hellip; <\/p>\n","protected":false},"author":2,"featured_media":336463,"comment_status":"open","ping_status":"open","sticky":false,"template":"","format":"standard","meta":{"_acf_changed":false,"footnotes":""},"categories":[43],"tags":[],"class_list":["post-355161","post","type-post","status-publish","format-standard","has-post-thumbnail","hentry","category-sem-categoria"],"acf":[],"yoast_head":"<!-- This site is optimized with the Yoast SEO plugin v27.4 - https:\/\/yoast.com\/product\/yoast-seo-wordpress\/ -->\n<title>Urgente!!! Consequ\u00eancia do aquecimento global, Pela primeira vez, estudo detecta regi\u00e3o \u00e1rida no Norte da Bahia - Blog do Farn\u00e9sio<\/title>\n<meta name=\"robots\" content=\"index, follow, max-snippet:-1, max-image-preview:large, max-video-preview:-1\" \/>\n<link rel=\"canonical\" href=\"https:\/\/blogdofarnesio.com.br\/?p=355161\" \/>\n<meta property=\"og:locale\" content=\"pt_BR\" \/>\n<meta property=\"og:type\" content=\"article\" \/>\n<meta property=\"og:title\" content=\"Urgente!!! Consequ\u00eancia do aquecimento global, Pela primeira vez, estudo detecta regi\u00e3o \u00e1rida no Norte da Bahia - Blog do Farn\u00e9sio\" \/>\n<meta property=\"og:description\" content=\"Por Globo Rural \u2014 Um estudo desenvolvido pelo Instituto Nacional de Pesquisas Espaciais (Inpe) e pelo Centro Nacional de Monitoramento e Alertas de Desastres Naturais (Cemaden) identificou, pela primeira vez, caracter\u00edsticas de clima \u00e1rido no Norte da Bahia. No \u00faltimo per\u00edodo considerado, entre 1990 e 2020, a \u00e1rea chega a 5,7 mil quil\u00f4metros quadrados. Pesquisadores dos dois \u00f3rg\u00e3os federais, que s\u00e3o ligados ao Minist\u00e9rio da Ci\u00eancia, Tecnologia e Inova\u00e7\u00e3o (MCTI), detectaram, ainda, um aumento do clima semi\u00e1rido em outras \u00e1reas do pa\u00eds. Clima semi-\u00e1rido tamb\u00e9m aumenta por outras \u00e1reas do Brasil \u2014 Foto: Divulga\u00e7\u00e3o\/Inpe A cada d\u00e9cada, \u00e1reas do semi\u00e1rido do pa\u00eds crescem a uma taxa m\u00e9dia superior a 75 mil quil\u00f4metros quadrados. Os locais concentram-se principalmente no Nordeste e&hellip;\" \/>\n<meta property=\"og:url\" content=\"https:\/\/blogdofarnesio.com.br\/?p=355161\" \/>\n<meta property=\"og:site_name\" content=\"Blog do Farn\u00e9sio\" \/>\n<meta property=\"article:publisher\" content=\"https:\/\/www.facebook.com\/BlogQuerSaberPolitica\/\" \/>\n<meta property=\"article:author\" content=\"https:\/\/www.facebook.com\/?ref=tn_tnmn\" \/>\n<meta property=\"article:published_time\" content=\"2023-11-20T14:04:51+00:00\" \/>\n<meta property=\"og:image\" content=\"https:\/\/blogdofarnesio.com.br\/wp-content\/uploads\/2023\/03\/blogqspcaatinga.jpg\" \/>\n\t<meta property=\"og:image:width\" content=\"754\" \/>\n\t<meta property=\"og:image:height\" content=\"351\" \/>\n\t<meta property=\"og:image:type\" content=\"image\/jpeg\" \/>\n<meta name=\"author\" content=\"Farn\u00e9sio\" \/>\n<meta name=\"twitter:card\" content=\"summary_large_image\" \/>\n<meta name=\"twitter:label1\" content=\"Escrito por\" \/>\n\t<meta name=\"twitter:data1\" content=\"Farn\u00e9sio\" \/>\n\t<meta name=\"twitter:label2\" content=\"Est. tempo de leitura\" \/>\n\t<meta name=\"twitter:data2\" content=\"3 minutos\" \/>\n<script type=\"application\/ld+json\" class=\"yoast-schema-graph\">{\"@context\":\"https:\\\/\\\/schema.org\",\"@graph\":[{\"@type\":\"Article\",\"@id\":\"https:\\\/\\\/blogdofarnesio.com.br\\\/?p=355161#article\",\"isPartOf\":{\"@id\":\"https:\\\/\\\/blogdofarnesio.com.br\\\/?p=355161\"},\"author\":{\"name\":\"Farn\u00e9sio\",\"@id\":\"https:\\\/\\\/blogdofarnesio.com.br\\\/#\\\/schema\\\/person\\\/bb9b23ae3ad0609ce8df7b6c9e76824d\"},\"headline\":\"Urgente!!! Consequ\u00eancia do aquecimento global, Pela primeira vez, estudo detecta regi\u00e3o \u00e1rida no Norte da Bahia\",\"datePublished\":\"2023-11-20T14:04:51+00:00\",\"mainEntityOfPage\":{\"@id\":\"https:\\\/\\\/blogdofarnesio.com.br\\\/?p=355161\"},\"wordCount\":467,\"commentCount\":0,\"publisher\":{\"@id\":\"https:\\\/\\\/blogdofarnesio.com.br\\\/#organization\"},\"image\":{\"@id\":\"https:\\\/\\\/blogdofarnesio.com.br\\\/?p=355161#primaryimage\"},\"thumbnailUrl\":\"https:\\\/\\\/blogdofarnesio.com.br\\\/wp-content\\\/uploads\\\/2023\\\/03\\\/blogqspcaatinga.jpg\",\"inLanguage\":\"pt-BR\",\"potentialAction\":[{\"@type\":\"CommentAction\",\"name\":\"Comment\",\"target\":[\"https:\\\/\\\/blogdofarnesio.com.br\\\/?p=355161#respond\"]}]},{\"@type\":\"WebPage\",\"@id\":\"https:\\\/\\\/blogdofarnesio.com.br\\\/?p=355161\",\"url\":\"https:\\\/\\\/blogdofarnesio.com.br\\\/?p=355161\",\"name\":\"Urgente!!! Consequ\u00eancia do aquecimento global, Pela primeira vez, estudo detecta regi\u00e3o \u00e1rida no Norte da Bahia - Blog do Farn\u00e9sio\",\"isPartOf\":{\"@id\":\"https:\\\/\\\/blogdofarnesio.com.br\\\/#website\"},\"primaryImageOfPage\":{\"@id\":\"https:\\\/\\\/blogdofarnesio.com.br\\\/?p=355161#primaryimage\"},\"image\":{\"@id\":\"https:\\\/\\\/blogdofarnesio.com.br\\\/?p=355161#primaryimage\"},\"thumbnailUrl\":\"https:\\\/\\\/blogdofarnesio.com.br\\\/wp-content\\\/uploads\\\/2023\\\/03\\\/blogqspcaatinga.jpg\",\"datePublished\":\"2023-11-20T14:04:51+00:00\",\"breadcrumb\":{\"@id\":\"https:\\\/\\\/blogdofarnesio.com.br\\\/?p=355161#breadcrumb\"},\"inLanguage\":\"pt-BR\",\"potentialAction\":[{\"@type\":\"ReadAction\",\"target\":[\"https:\\\/\\\/blogdofarnesio.com.br\\\/?p=355161\"]}]},{\"@type\":\"ImageObject\",\"inLanguage\":\"pt-BR\",\"@id\":\"https:\\\/\\\/blogdofarnesio.com.br\\\/?p=355161#primaryimage\",\"url\":\"https:\\\/\\\/blogdofarnesio.com.br\\\/wp-content\\\/uploads\\\/2023\\\/03\\\/blogqspcaatinga.jpg\",\"contentUrl\":\"https:\\\/\\\/blogdofarnesio.com.br\\\/wp-content\\\/uploads\\\/2023\\\/03\\\/blogqspcaatinga.jpg\",\"width\":754,\"height\":351},{\"@type\":\"BreadcrumbList\",\"@id\":\"https:\\\/\\\/blogdofarnesio.com.br\\\/?p=355161#breadcrumb\",\"itemListElement\":[{\"@type\":\"ListItem\",\"position\":1,\"name\":\"In\u00edcio\",\"item\":\"https:\\\/\\\/blogdofarnesio.com.br\\\/\"},{\"@type\":\"ListItem\",\"position\":2,\"name\":\"Urgente!!! Consequ\u00eancia do aquecimento global, Pela primeira vez, estudo detecta regi\u00e3o \u00e1rida no Norte da Bahia\"}]},{\"@type\":\"WebSite\",\"@id\":\"https:\\\/\\\/blogdofarnesio.com.br\\\/#website\",\"url\":\"https:\\\/\\\/blogdofarnesio.com.br\\\/\",\"name\":\"Blog do Farn\u00e9sio\",\"description\":\"Quer Saber Pol\u00edtica?\",\"publisher\":{\"@id\":\"https:\\\/\\\/blogdofarnesio.com.br\\\/#organization\"},\"potentialAction\":[{\"@type\":\"SearchAction\",\"target\":{\"@type\":\"EntryPoint\",\"urlTemplate\":\"https:\\\/\\\/blogdofarnesio.com.br\\\/?s={search_term_string}\"},\"query-input\":{\"@type\":\"PropertyValueSpecification\",\"valueRequired\":true,\"valueName\":\"search_term_string\"}}],\"inLanguage\":\"pt-BR\"},{\"@type\":\"Organization\",\"@id\":\"https:\\\/\\\/blogdofarnesio.com.br\\\/#organization\",\"name\":\"Blog do Farn\u00e9sio\",\"url\":\"https:\\\/\\\/blogdofarnesio.com.br\\\/\",\"logo\":{\"@type\":\"ImageObject\",\"inLanguage\":\"pt-BR\",\"@id\":\"https:\\\/\\\/blogdofarnesio.com.br\\\/#\\\/schema\\\/logo\\\/image\\\/\",\"url\":\"https:\\\/\\\/blogdofarnesio.com.br\\\/wp-content\\\/uploads\\\/2026\\\/03\\\/cropped-logo_new-1.png\",\"contentUrl\":\"https:\\\/\\\/blogdofarnesio.com.br\\\/wp-content\\\/uploads\\\/2026\\\/03\\\/cropped-logo_new-1.png\",\"width\":881,\"height\":685,\"caption\":\"Blog do Farn\u00e9sio\"},\"image\":{\"@id\":\"https:\\\/\\\/blogdofarnesio.com.br\\\/#\\\/schema\\\/logo\\\/image\\\/\"},\"sameAs\":[\"https:\\\/\\\/www.facebook.com\\\/BlogQuerSaberPolitica\\\/\"]},{\"@type\":\"Person\",\"@id\":\"https:\\\/\\\/blogdofarnesio.com.br\\\/#\\\/schema\\\/person\\\/bb9b23ae3ad0609ce8df7b6c9e76824d\",\"name\":\"Farn\u00e9sio\",\"image\":{\"@type\":\"ImageObject\",\"inLanguage\":\"pt-BR\",\"@id\":\"https:\\\/\\\/secure.gravatar.com\\\/avatar\\\/986aa4c61ccdb66f8555bf88fc2a65609d00bcabd4d2d94377a727547345cbca?s=96&d=mm&r=g\",\"url\":\"https:\\\/\\\/secure.gravatar.com\\\/avatar\\\/986aa4c61ccdb66f8555bf88fc2a65609d00bcabd4d2d94377a727547345cbca?s=96&d=mm&r=g\",\"contentUrl\":\"https:\\\/\\\/secure.gravatar.com\\\/avatar\\\/986aa4c61ccdb66f8555bf88fc2a65609d00bcabd4d2d94377a727547345cbca?s=96&d=mm&r=g\",\"caption\":\"Farn\u00e9sio\"},\"description\":\"Radialista blogueiro, chegou a Petrolina\\\/Juazeiro em setembro de 1980, Farn\u00e9sio Silva \u00e9 de Arapiraca-Alagoas.\",\"sameAs\":[\"http:\\\/\\\/blogdofarnesio.com.br\",\"https:\\\/\\\/www.facebook.com\\\/?ref=tn_tnmn\",\"https:\\\/\\\/www.instagram.com\\\/?utm_source=pwa_homescreen\",\"https:\\\/\\\/youtube.com.br\\\/\"],\"url\":\"https:\\\/\\\/blogdofarnesio.com.br\\\/?author=2\"}]}<\/script>\n<!-- \/ Yoast SEO plugin. -->","yoast_head_json":{"title":"Urgente!!! Consequ\u00eancia do aquecimento global, Pela primeira vez, estudo detecta regi\u00e3o \u00e1rida no Norte da Bahia - Blog do Farn\u00e9sio","robots":{"index":"index","follow":"follow","max-snippet":"max-snippet:-1","max-image-preview":"max-image-preview:large","max-video-preview":"max-video-preview:-1"},"canonical":"https:\/\/blogdofarnesio.com.br\/?p=355161","og_locale":"pt_BR","og_type":"article","og_title":"Urgente!!! Consequ\u00eancia do aquecimento global, Pela primeira vez, estudo detecta regi\u00e3o \u00e1rida no Norte da Bahia - Blog do Farn\u00e9sio","og_description":"Por Globo Rural \u2014 Um estudo desenvolvido pelo Instituto Nacional de Pesquisas Espaciais (Inpe) e pelo Centro Nacional de Monitoramento e Alertas de Desastres Naturais (Cemaden) identificou, pela primeira vez, caracter\u00edsticas de clima \u00e1rido no Norte da Bahia. No \u00faltimo per\u00edodo considerado, entre 1990 e 2020, a \u00e1rea chega a 5,7 mil quil\u00f4metros quadrados. Pesquisadores dos dois \u00f3rg\u00e3os federais, que s\u00e3o ligados ao Minist\u00e9rio da Ci\u00eancia, Tecnologia e Inova\u00e7\u00e3o (MCTI), detectaram, ainda, um aumento do clima semi\u00e1rido em outras \u00e1reas do pa\u00eds. Clima semi-\u00e1rido tamb\u00e9m aumenta por outras \u00e1reas do Brasil \u2014 Foto: Divulga\u00e7\u00e3o\/Inpe A cada d\u00e9cada, \u00e1reas do semi\u00e1rido do pa\u00eds crescem a uma taxa m\u00e9dia superior a 75 mil quil\u00f4metros quadrados. Os locais concentram-se principalmente no Nordeste e&hellip;","og_url":"https:\/\/blogdofarnesio.com.br\/?p=355161","og_site_name":"Blog do Farn\u00e9sio","article_publisher":"https:\/\/www.facebook.com\/BlogQuerSaberPolitica\/","article_author":"https:\/\/www.facebook.com\/?ref=tn_tnmn","article_published_time":"2023-11-20T14:04:51+00:00","og_image":[{"width":754,"height":351,"url":"https:\/\/blogdofarnesio.com.br\/wp-content\/uploads\/2023\/03\/blogqspcaatinga.jpg","type":"image\/jpeg"}],"author":"Farn\u00e9sio","twitter_card":"summary_large_image","twitter_misc":{"Escrito por":"Farn\u00e9sio","Est. tempo de leitura":"3 minutos"},"schema":{"@context":"https:\/\/schema.org","@graph":[{"@type":"Article","@id":"https:\/\/blogdofarnesio.com.br\/?p=355161#article","isPartOf":{"@id":"https:\/\/blogdofarnesio.com.br\/?p=355161"},"author":{"name":"Farn\u00e9sio","@id":"https:\/\/blogdofarnesio.com.br\/#\/schema\/person\/bb9b23ae3ad0609ce8df7b6c9e76824d"},"headline":"Urgente!!! Consequ\u00eancia do aquecimento global, Pela primeira vez, estudo detecta regi\u00e3o \u00e1rida no Norte da Bahia","datePublished":"2023-11-20T14:04:51+00:00","mainEntityOfPage":{"@id":"https:\/\/blogdofarnesio.com.br\/?p=355161"},"wordCount":467,"commentCount":0,"publisher":{"@id":"https:\/\/blogdofarnesio.com.br\/#organization"},"image":{"@id":"https:\/\/blogdofarnesio.com.br\/?p=355161#primaryimage"},"thumbnailUrl":"https:\/\/blogdofarnesio.com.br\/wp-content\/uploads\/2023\/03\/blogqspcaatinga.jpg","inLanguage":"pt-BR","potentialAction":[{"@type":"CommentAction","name":"Comment","target":["https:\/\/blogdofarnesio.com.br\/?p=355161#respond"]}]},{"@type":"WebPage","@id":"https:\/\/blogdofarnesio.com.br\/?p=355161","url":"https:\/\/blogdofarnesio.com.br\/?p=355161","name":"Urgente!!! Consequ\u00eancia do aquecimento global, Pela primeira vez, estudo detecta regi\u00e3o \u00e1rida no Norte da Bahia - Blog do Farn\u00e9sio","isPartOf":{"@id":"https:\/\/blogdofarnesio.com.br\/#website"},"primaryImageOfPage":{"@id":"https:\/\/blogdofarnesio.com.br\/?p=355161#primaryimage"},"image":{"@id":"https:\/\/blogdofarnesio.com.br\/?p=355161#primaryimage"},"thumbnailUrl":"https:\/\/blogdofarnesio.com.br\/wp-content\/uploads\/2023\/03\/blogqspcaatinga.jpg","datePublished":"2023-11-20T14:04:51+00:00","breadcrumb":{"@id":"https:\/\/blogdofarnesio.com.br\/?p=355161#breadcrumb"},"inLanguage":"pt-BR","potentialAction":[{"@type":"ReadAction","target":["https:\/\/blogdofarnesio.com.br\/?p=355161"]}]},{"@type":"ImageObject","inLanguage":"pt-BR","@id":"https:\/\/blogdofarnesio.com.br\/?p=355161#primaryimage","url":"https:\/\/blogdofarnesio.com.br\/wp-content\/uploads\/2023\/03\/blogqspcaatinga.jpg","contentUrl":"https:\/\/blogdofarnesio.com.br\/wp-content\/uploads\/2023\/03\/blogqspcaatinga.jpg","width":754,"height":351},{"@type":"BreadcrumbList","@id":"https:\/\/blogdofarnesio.com.br\/?p=355161#breadcrumb","itemListElement":[{"@type":"ListItem","position":1,"name":"In\u00edcio","item":"https:\/\/blogdofarnesio.com.br\/"},{"@type":"ListItem","position":2,"name":"Urgente!!! Consequ\u00eancia do aquecimento global, Pela primeira vez, estudo detecta regi\u00e3o \u00e1rida no Norte da Bahia"}]},{"@type":"WebSite","@id":"https:\/\/blogdofarnesio.com.br\/#website","url":"https:\/\/blogdofarnesio.com.br\/","name":"Blog do Farn\u00e9sio","description":"Quer Saber Pol\u00edtica?","publisher":{"@id":"https:\/\/blogdofarnesio.com.br\/#organization"},"potentialAction":[{"@type":"SearchAction","target":{"@type":"EntryPoint","urlTemplate":"https:\/\/blogdofarnesio.com.br\/?s={search_term_string}"},"query-input":{"@type":"PropertyValueSpecification","valueRequired":true,"valueName":"search_term_string"}}],"inLanguage":"pt-BR"},{"@type":"Organization","@id":"https:\/\/blogdofarnesio.com.br\/#organization","name":"Blog do Farn\u00e9sio","url":"https:\/\/blogdofarnesio.com.br\/","logo":{"@type":"ImageObject","inLanguage":"pt-BR","@id":"https:\/\/blogdofarnesio.com.br\/#\/schema\/logo\/image\/","url":"https:\/\/blogdofarnesio.com.br\/wp-content\/uploads\/2026\/03\/cropped-logo_new-1.png","contentUrl":"https:\/\/blogdofarnesio.com.br\/wp-content\/uploads\/2026\/03\/cropped-logo_new-1.png","width":881,"height":685,"caption":"Blog do Farn\u00e9sio"},"image":{"@id":"https:\/\/blogdofarnesio.com.br\/#\/schema\/logo\/image\/"},"sameAs":["https:\/\/www.facebook.com\/BlogQuerSaberPolitica\/"]},{"@type":"Person","@id":"https:\/\/blogdofarnesio.com.br\/#\/schema\/person\/bb9b23ae3ad0609ce8df7b6c9e76824d","name":"Farn\u00e9sio","image":{"@type":"ImageObject","inLanguage":"pt-BR","@id":"https:\/\/secure.gravatar.com\/avatar\/986aa4c61ccdb66f8555bf88fc2a65609d00bcabd4d2d94377a727547345cbca?s=96&d=mm&r=g","url":"https:\/\/secure.gravatar.com\/avatar\/986aa4c61ccdb66f8555bf88fc2a65609d00bcabd4d2d94377a727547345cbca?s=96&d=mm&r=g","contentUrl":"https:\/\/secure.gravatar.com\/avatar\/986aa4c61ccdb66f8555bf88fc2a65609d00bcabd4d2d94377a727547345cbca?s=96&d=mm&r=g","caption":"Farn\u00e9sio"},"description":"Radialista blogueiro, chegou a Petrolina\/Juazeiro em setembro de 1980, Farn\u00e9sio Silva \u00e9 de Arapiraca-Alagoas.","sameAs":["http:\/\/blogdofarnesio.com.br","https:\/\/www.facebook.com\/?ref=tn_tnmn","https:\/\/www.instagram.com\/?utm_source=pwa_homescreen","https:\/\/youtube.com.br\/"],"url":"https:\/\/blogdofarnesio.com.br\/?author=2"}]}},"_links":{"self":[{"href":"https:\/\/blogdofarnesio.com.br\/index.php?rest_route=\/wp\/v2\/posts\/355161","targetHints":{"allow":["GET"]}}],"collection":[{"href":"https:\/\/blogdofarnesio.com.br\/index.php?rest_route=\/wp\/v2\/posts"}],"about":[{"href":"https:\/\/blogdofarnesio.com.br\/index.php?rest_route=\/wp\/v2\/types\/post"}],"author":[{"embeddable":true,"href":"https:\/\/blogdofarnesio.com.br\/index.php?rest_route=\/wp\/v2\/users\/2"}],"replies":[{"embeddable":true,"href":"https:\/\/blogdofarnesio.com.br\/index.php?rest_route=%2Fwp%2Fv2%2Fcomments&post=355161"}],"version-history":[{"count":0,"href":"https:\/\/blogdofarnesio.com.br\/index.php?rest_route=\/wp\/v2\/posts\/355161\/revisions"}],"wp:featuredmedia":[{"embeddable":true,"href":"https:\/\/blogdofarnesio.com.br\/index.php?rest_route=\/wp\/v2\/media\/336463"}],"wp:attachment":[{"href":"https:\/\/blogdofarnesio.com.br\/index.php?rest_route=%2Fwp%2Fv2%2Fmedia&parent=355161"}],"wp:term":[{"taxonomy":"category","embeddable":true,"href":"https:\/\/blogdofarnesio.com.br\/index.php?rest_route=%2Fwp%2Fv2%2Fcategories&post=355161"},{"taxonomy":"post_tag","embeddable":true,"href":"https:\/\/blogdofarnesio.com.br\/index.php?rest_route=%2Fwp%2Fv2%2Ftags&post=355161"}],"curies":[{"name":"wp","href":"https:\/\/api.w.org\/{rel}","templated":true}]}}