{"id":355090,"date":"2023-11-20T08:42:18","date_gmt":"2023-11-20T11:42:18","guid":{"rendered":"https:\/\/blogdofarnesio.com.br\/?p=355090"},"modified":"2023-11-18T18:41:27","modified_gmt":"2023-11-18T21:41:27","slug":"mulher-que-previu-o-11-de-setembro-antecipou-tempestade-solar-em-2023","status":"publish","type":"post","link":"https:\/\/blogdofarnesio.com.br\/?p=355090","title":{"rendered":"Mulher que previu o 11 de setembro antecipou tempestade solar em 2023!"},"content":{"rendered":"<div class=\"galleryPage_galleryHeader-DS-EntryPoint1-1 viewsHeaderWrapper\">\n<div data-t=\"{&quot;n&quot;:&quot;MastHead&quot;,&quot;t&quot;:14}\">\n<div class=\"viewsHeaderContainer-DS-EntryPoint1-1 viewsHeaderContainerGradientBackground-DS-EntryPoint1-1 viewsHeaderContainerGradientBackgroundNoSeparator-DS-EntryPoint1-1 viewsHeaderContainerGradientBackgroundNewRR-DS-EntryPoint1-1 newViewsHeaderDesignMode-DS-EntryPoint1-1\">\n<div class=\"viewsHeader-DS-EntryPoint1-1 centerAligned_new-DS-EntryPoint1-1 viewsHeaderNoHeroImage-DS-EntryPoint1-1 viewsHeaderInset_new-DS-EntryPoint1-1\">\n<div class=\"viewsHeaderMaxWidthWrapper-DS-EntryPoint1-1\">\n<div class=\"viewsHeaderContent-DS-EntryPoint1-1\">\n<div class=\"viewsHeaderContentVertical-DS-EntryPoint1-1\">\n<div class=\"viewsHeaderInfo-DS-EntryPoint1-1\">\n<div class=\"viewsHeaderInfoLeft-DS-EntryPoint1-1\">\n<div class=\"viewsInfo gradientBackground viewsInset viewsInfoFullWidth\">\n<div class=\"viewsTitle\">\n<h1 class=\"viewsTitleText\"><span style=\"font-size: 16px;\">por Stars Insider\u00a0 \u00a0&#8211;\u00a0\u00a0<\/span><\/h1>\n<\/div>\n<\/div>\n<\/div>\n<\/div>\n<\/div>\n<\/div>\n<\/div>\n<\/div>\n<\/div>\n<\/div>\n<\/div>\n<div class=\"galleryPage_contentContainer-DS-EntryPoint1-1\">\n<div class=\"galleryPage_contentWrapper_reducedMargin-DS-EntryPoint1-1 galleryPage_contentWrapper_slideshowwc-DS-EntryPoint1-1\">\n<div class=\"galleryPage_viewsContent-DS-EntryPoint1-1 dwellTimeStartAllowed-AA1irSlu\">\n<div class=\"galleryPage_content-DS-EntryPoint1-1 galleryPage_content_new-DS-EntryPoint1-1\">\n<div id=\"ViewsPageId-AA1irSlu-star-rating-observer\" class=\"force-display\">A previs\u00e3o do futuro \u00e9 algo que intriga h\u00e1 muito tempo a humanidade. Apesar de muita gente n\u00e3o acreditar em videntes, h\u00e1 certas profecias que fazem at\u00e9 mesmo os maiores c\u00e9ticos questionarem o reino das possibilidades. Baba Vanga, por exemplo, foi uma dessas raras figuras que previu alguns dos maiores acontecimentos mundiais da hist\u00f3ria recente, incluindo a trag\u00e9dia do 11 de setembro. E, embora a senhora cega b\u00falgara tenha falecido h\u00e1 mais de duas d\u00e9cadas, alguns dos seus famosos press\u00e1gios se tornaram realidade ap\u00f3s sua morte.<\/div>\n<div class=\"slideshow aligned\">\n<div class=\"slideshow-container\">\n<div class=\"carousel-container\">\n<div class=\"control-wrapper\">\n<div class=\"slide-counter\" data-t=\"{&quot;n&quot;:&quot;FullscreenOpen&quot;,&quot;t&quot;:11,&quot;a&quot;:&quot;click&quot;,&quot;b&quot;:1,&quot;d&quot;:&quot;https:\/\/www.msn.com\/pt-br\/noticias\/brasil\/mulher-que-previu-o-11-de-setembro-antecipou-tempestade-solar-em-2023\/ss-AA1irSlu?ocid=winp1taskbar&amp;cvid=426057ea0faa444c9aeda757aeb3b069&amp;ei=11&quot;,&quot;c.hl&quot;:&quot;FullscreenOpen&quot;}\">\n<div class=\"current-slide\">1 \/ 24<img decoding=\"async\" src=\"https:\/\/assets.msn.com\/staticsb\/statics\/latest\/slideshow-wc\/icons\/fullscreen.svg\" \/><\/div>\n<\/div>\n<\/div>\n<div class=\"carousel-wrapper\">\n<div class=\"slide-content\" aria-live=\"assertive\" aria-hidden=\"false\">\n<div class=\"slide-item\">\n<div class=\"slide-image-container\" data-test-id=\"slide-image\">\n<div class=\"slide-image-backdrop\"><\/div>\n<p><img decoding=\"async\" class=\"slide-image\" title=\"Mulher que previu o 11 de setembro antecipou tempestade solar em 2023!\" role=\"button\" src=\"https:\/\/img-s-msn-com.akamaized.net\/tenant\/amp\/entityid\/AA1k1C6N.img?w=800&amp;h=435&amp;q=60&amp;m=2&amp;f=jpg\" alt=\"Mulher que previu o 11 de setembro antecipou tempestade solar em 2023!\" data-customhandled=\"true\" \/><\/p>\n<\/div>\n<\/div>\n<\/div>\n<\/div>\n<p><span class=\"next\"><img decoding=\"async\" src=\"https:\/\/assets.msn.com\/staticsb\/statics\/latest\/slideshow-wc\/icons\/flipper-next.svg\" \/><\/span><\/p>\n<\/div>\n<div class=\"thumbnails\" data-t=\"{&quot;n&quot;:&quot;Thumbnails&quot;,&quot;t&quot;:8,&quot;c.hl&quot;:&quot;Thumbnails&quot;}\">\n<div class=\"thumbnails-container\" tabindex=\"-1\">\n<div class=\"thumbnail-item\" role=\"button\" data-customhandled=\"true\" data-t=\"{&quot;n&quot;:&quot;thumbnail1&quot;,&quot;a&quot;:&quot;click&quot;,&quot;b&quot;:1,&quot;c.t&quot;:37}\"><img decoding=\"async\" class=\"thumbnail-active\" title=\"Mulher que previu o 11 de setembro antecipou tempestade solar em 2023!\" src=\"https:\/\/img-s-msn-com.akamaized.net\/tenant\/amp\/entityid\/AA1k1C6N.img?w=92&amp;h=56&amp;q=60&amp;m=6&amp;f=jpg&amp;u=t\" alt=\"Mulher que previu o 11 de setembro antecipou tempestade solar em 2023!\" \/><\/div>\n<div class=\"thumbnail-item\" role=\"button\" data-customhandled=\"true\" data-t=\"{&quot;n&quot;:&quot;thumbnail2&quot;,&quot;a&quot;:&quot;click&quot;,&quot;b&quot;:1,&quot;c.t&quot;:37}\"><img decoding=\"async\" class=\"thumbnail-hidden\" title=\"Quem foi Baba Vanga?\" src=\"https:\/\/img-s-msn-com.akamaized.net\/tenant\/amp\/entityid\/AA1irLw8.img?w=92&amp;h=56&amp;q=60&amp;m=6&amp;f=jpg&amp;u=t\" alt=\"Quem foi Baba Vanga?\" \/><\/div>\n<div class=\"thumbnail-item\" role=\"button\" data-customhandled=\"true\" data-t=\"{&quot;n&quot;:&quot;thumbnail3&quot;,&quot;a&quot;:&quot;click&quot;,&quot;b&quot;:1,&quot;c.t&quot;:37}\"><img decoding=\"async\" class=\"thumbnail-hidden\" title=\"A origem do seu dom\" src=\"https:\/\/img-s-msn-com.akamaized.net\/tenant\/amp\/entityid\/AA1irSkm.img?w=92&amp;h=56&amp;q=60&amp;m=6&amp;f=jpg&amp;u=t\" alt=\"A origem do seu dom\" \/><\/div>\n<div class=\"thumbnail-item\" role=\"button\" data-customhandled=\"true\" data-t=\"{&quot;n&quot;:&quot;thumbnail4&quot;,&quot;a&quot;:&quot;click&quot;,&quot;b&quot;:1,&quot;c.t&quot;:37}\"><img decoding=\"async\" class=\"thumbnail-hidden\" title=\"Os primeiros sinais de que previa o futuro\" src=\"https:\/\/img-s-msn-com.akamaized.net\/tenant\/amp\/entityid\/AA1irH1Y.img?w=92&amp;h=56&amp;q=60&amp;m=6&amp;f=jpg&amp;u=t\" alt=\"Os primeiros sinais de que previa o futuro\" \/><\/div>\n<\/div>\n<\/div>\n<\/div>\n<\/div>\n<div class=\"metadata-container\">\n<div class=\"slide-title\">\n<div class=\"slide-title-data\"><span class=\"title\">Mulher que previu o 11 de setembro antecipou tempestade solar em 2023!<\/span><span class=\"copyright\">\u00a9Shutterstock<\/span><\/div>\n<\/div>\n<div class=\"\">\n<p>Embora muitas de suas previs\u00f5es para 2022 tenham se concretizado, como a praga de gafanhotos na \u00cdndia e a escassez de \u00e1gua em todo o mundo, houve algumas das quais pens\u00e1vamos ter escapado. No entanto, 2023 viu duas profecias ganharem vida. Baba Vanga previu que finalmente ser\u00edamos visitados por alien\u00edgenas, e o ano de 2023 nos trouxe grandes desenvolvimentos nessa \u00e1rea. Em julho, o delator americano David Grusch compareceu perante o Congresso para testemunhar que viu naves espaciais &#8220;n\u00e3o humanas&#8221; e &#8220;produtos biol\u00f3gicos n\u00e3o humanos&#8221; quando trabalhava no National Reconnaissance Office.<\/p>\n<p>Ent\u00e3o, em setembro, o pesquisador de OVNIs Jaime Mussan apresentou ao Congresso Mexicano os supostos corpos de dois seres &#8220;n\u00e3o-humanos&#8221; numa audi\u00eancia altamente divulgada. A veracidade dessas afirma\u00e7\u00f5es ainda est\u00e1 sob investiga\u00e7\u00e3o, mas s\u00f3 podemos esperar que sejam falsas, j\u00e1 que Baba Vanga previu que milh\u00f5es morrer\u00e3o devido \u00e0 visita de alien\u00edgenas \u00e0 Terra.<\/p>\n<p>Uma segunda previs\u00e3o que Baba Vanga fez para 2022 foi que uma nova pandemia iria eclodir. Desta vez, seria causado por um v\u00edrus antigo que ficou congelado na Sib\u00e9ria, mas foi liberado devido ao aquecimento global. Felizmente, isto n\u00e3o aconteceu em 2022, mas em 2023 os cientistas come\u00e7aram a publicar estudos sobre v\u00edrus que estavam a ser descobertos devido ao degelo na Sib\u00e9ria.<\/p>\n<p>Esses chamados &#8220;v\u00edrus zumbis&#8221; podem ser perigosos tanto para humanos quanto para animais, e os pesquisadores est\u00e3o cuidadosamente investigando-os para saber mais. Um relat\u00f3rio revelou que j\u00e1 ocorreram surtos de antraz em renas devido \u00e0 exposi\u00e7\u00e3o de esporos antigos provenientes de restos de animais descongelados.<\/p>\n<p>Agora vem se falando muito na tempestade solar que pode estar vindo por a\u00ed, ainda em 2023. Ser\u00e1?<\/p>\n<p>Baba Vanga ainda tem muitos seguidores que esperam para ver quais dos seus progn\u00f3sticos se concretizar\u00e3o a cada ano. Na galeria, saiba mais sobre essa personalidade enigm\u00e1tica e mais previs\u00f5es para 2023 &#8211; que n\u00e3o s\u00e3o nada boas.<\/p>\n<\/div>\n<\/div>\n<\/div>\n<\/div>\n<\/div>\n<\/div>\n","protected":false},"excerpt":{"rendered":"<p>por Stars Insider\u00a0 \u00a0&#8211;\u00a0\u00a0 A previs\u00e3o do futuro \u00e9 algo que intriga h\u00e1 muito tempo a humanidade. Apesar de muita gente n\u00e3o acreditar em videntes, h\u00e1 certas profecias que fazem at\u00e9 mesmo os maiores c\u00e9ticos questionarem o reino das possibilidades. Baba Vanga, por exemplo, foi uma dessas raras figuras que previu alguns dos maiores acontecimentos mundiais da hist\u00f3ria recente, incluindo a trag\u00e9dia do 11 de setembro. E, embora a senhora cega b\u00falgara tenha falecido h\u00e1 mais de duas d\u00e9cadas, alguns dos seus famosos press\u00e1gios se tornaram realidade ap\u00f3s sua morte. 1 \/ 24 Mulher que previu o 11 de setembro antecipou tempestade solar em 2023!\u00a9Shutterstock Embora muitas de suas previs\u00f5es para 2022 tenham se concretizado, como a praga de gafanhotos&hellip; <\/p>\n","protected":false},"author":2,"featured_media":354485,"comment_status":"open","ping_status":"open","sticky":false,"template":"","format":"standard","meta":{"_acf_changed":false,"footnotes":""},"categories":[43],"tags":[],"class_list":["post-355090","post","type-post","status-publish","format-standard","has-post-thumbnail","hentry","category-sem-categoria"],"acf":[],"yoast_head":"<!-- This site is optimized with the Yoast SEO plugin v27.4 - https:\/\/yoast.com\/product\/yoast-seo-wordpress\/ -->\n<title>Mulher que previu o 11 de setembro antecipou tempestade solar em 2023! - Blog do Farn\u00e9sio<\/title>\n<meta name=\"robots\" content=\"index, follow, max-snippet:-1, max-image-preview:large, max-video-preview:-1\" \/>\n<link rel=\"canonical\" href=\"https:\/\/blogdofarnesio.com.br\/?p=355090\" \/>\n<meta property=\"og:locale\" content=\"pt_BR\" \/>\n<meta property=\"og:type\" content=\"article\" \/>\n<meta property=\"og:title\" content=\"Mulher que previu o 11 de setembro antecipou tempestade solar em 2023! - Blog do Farn\u00e9sio\" \/>\n<meta property=\"og:description\" content=\"por Stars Insider\u00a0 \u00a0&#8211;\u00a0\u00a0 A previs\u00e3o do futuro \u00e9 algo que intriga h\u00e1 muito tempo a humanidade. Apesar de muita gente n\u00e3o acreditar em videntes, h\u00e1 certas profecias que fazem at\u00e9 mesmo os maiores c\u00e9ticos questionarem o reino das possibilidades. Baba Vanga, por exemplo, foi uma dessas raras figuras que previu alguns dos maiores acontecimentos mundiais da hist\u00f3ria recente, incluindo a trag\u00e9dia do 11 de setembro. E, embora a senhora cega b\u00falgara tenha falecido h\u00e1 mais de duas d\u00e9cadas, alguns dos seus famosos press\u00e1gios se tornaram realidade ap\u00f3s sua morte. 1 \/ 24 Mulher que previu o 11 de setembro antecipou tempestade solar em 2023!\u00a9Shutterstock Embora muitas de suas previs\u00f5es para 2022 tenham se concretizado, como a praga de gafanhotos&hellip;\" \/>\n<meta property=\"og:url\" content=\"https:\/\/blogdofarnesio.com.br\/?p=355090\" \/>\n<meta property=\"og:site_name\" content=\"Blog do Farn\u00e9sio\" \/>\n<meta property=\"article:publisher\" content=\"https:\/\/www.facebook.com\/BlogQuerSaberPolitica\/\" \/>\n<meta property=\"article:author\" content=\"https:\/\/www.facebook.com\/?ref=tn_tnmn\" \/>\n<meta property=\"article:published_time\" content=\"2023-11-20T11:42:18+00:00\" \/>\n<meta property=\"og:image\" content=\"https:\/\/blogdofarnesio.com.br\/wp-content\/uploads\/2023\/11\/blogqspclima-meio-ambiente.jpg\" \/>\n\t<meta property=\"og:image:width\" content=\"450\" \/>\n\t<meta property=\"og:image:height\" content=\"298\" \/>\n\t<meta property=\"og:image:type\" content=\"image\/jpeg\" \/>\n<meta name=\"author\" content=\"Farn\u00e9sio\" \/>\n<meta name=\"twitter:card\" content=\"summary_large_image\" \/>\n<meta name=\"twitter:label1\" content=\"Escrito por\" \/>\n\t<meta name=\"twitter:data1\" content=\"Farn\u00e9sio\" \/>\n\t<meta name=\"twitter:label2\" content=\"Est. tempo de leitura\" \/>\n\t<meta name=\"twitter:data2\" content=\"4 minutos\" \/>\n<script type=\"application\/ld+json\" class=\"yoast-schema-graph\">{\"@context\":\"https:\\\/\\\/schema.org\",\"@graph\":[{\"@type\":\"Article\",\"@id\":\"https:\\\/\\\/blogdofarnesio.com.br\\\/?p=355090#article\",\"isPartOf\":{\"@id\":\"https:\\\/\\\/blogdofarnesio.com.br\\\/?p=355090\"},\"author\":{\"name\":\"Farn\u00e9sio\",\"@id\":\"https:\\\/\\\/blogdofarnesio.com.br\\\/#\\\/schema\\\/person\\\/bb9b23ae3ad0609ce8df7b6c9e76824d\"},\"headline\":\"Mulher que previu o 11 de setembro antecipou tempestade solar em 2023!\",\"datePublished\":\"2023-11-20T11:42:18+00:00\",\"mainEntityOfPage\":{\"@id\":\"https:\\\/\\\/blogdofarnesio.com.br\\\/?p=355090\"},\"wordCount\":448,\"commentCount\":0,\"publisher\":{\"@id\":\"https:\\\/\\\/blogdofarnesio.com.br\\\/#organization\"},\"image\":{\"@id\":\"https:\\\/\\\/blogdofarnesio.com.br\\\/?p=355090#primaryimage\"},\"thumbnailUrl\":\"https:\\\/\\\/blogdofarnesio.com.br\\\/wp-content\\\/uploads\\\/2023\\\/11\\\/blogqspclima-meio-ambiente.jpg\",\"inLanguage\":\"pt-BR\",\"potentialAction\":[{\"@type\":\"CommentAction\",\"name\":\"Comment\",\"target\":[\"https:\\\/\\\/blogdofarnesio.com.br\\\/?p=355090#respond\"]}]},{\"@type\":\"WebPage\",\"@id\":\"https:\\\/\\\/blogdofarnesio.com.br\\\/?p=355090\",\"url\":\"https:\\\/\\\/blogdofarnesio.com.br\\\/?p=355090\",\"name\":\"Mulher que previu o 11 de setembro antecipou tempestade solar em 2023! - Blog do Farn\u00e9sio\",\"isPartOf\":{\"@id\":\"https:\\\/\\\/blogdofarnesio.com.br\\\/#website\"},\"primaryImageOfPage\":{\"@id\":\"https:\\\/\\\/blogdofarnesio.com.br\\\/?p=355090#primaryimage\"},\"image\":{\"@id\":\"https:\\\/\\\/blogdofarnesio.com.br\\\/?p=355090#primaryimage\"},\"thumbnailUrl\":\"https:\\\/\\\/blogdofarnesio.com.br\\\/wp-content\\\/uploads\\\/2023\\\/11\\\/blogqspclima-meio-ambiente.jpg\",\"datePublished\":\"2023-11-20T11:42:18+00:00\",\"breadcrumb\":{\"@id\":\"https:\\\/\\\/blogdofarnesio.com.br\\\/?p=355090#breadcrumb\"},\"inLanguage\":\"pt-BR\",\"potentialAction\":[{\"@type\":\"ReadAction\",\"target\":[\"https:\\\/\\\/blogdofarnesio.com.br\\\/?p=355090\"]}]},{\"@type\":\"ImageObject\",\"inLanguage\":\"pt-BR\",\"@id\":\"https:\\\/\\\/blogdofarnesio.com.br\\\/?p=355090#primaryimage\",\"url\":\"https:\\\/\\\/blogdofarnesio.com.br\\\/wp-content\\\/uploads\\\/2023\\\/11\\\/blogqspclima-meio-ambiente.jpg\",\"contentUrl\":\"https:\\\/\\\/blogdofarnesio.com.br\\\/wp-content\\\/uploads\\\/2023\\\/11\\\/blogqspclima-meio-ambiente.jpg\",\"width\":450,\"height\":298},{\"@type\":\"BreadcrumbList\",\"@id\":\"https:\\\/\\\/blogdofarnesio.com.br\\\/?p=355090#breadcrumb\",\"itemListElement\":[{\"@type\":\"ListItem\",\"position\":1,\"name\":\"In\u00edcio\",\"item\":\"https:\\\/\\\/blogdofarnesio.com.br\\\/\"},{\"@type\":\"ListItem\",\"position\":2,\"name\":\"Mulher que previu o 11 de setembro antecipou tempestade solar em 2023!\"}]},{\"@type\":\"WebSite\",\"@id\":\"https:\\\/\\\/blogdofarnesio.com.br\\\/#website\",\"url\":\"https:\\\/\\\/blogdofarnesio.com.br\\\/\",\"name\":\"Blog do Farn\u00e9sio\",\"description\":\"Quer Saber Pol\u00edtica?\",\"publisher\":{\"@id\":\"https:\\\/\\\/blogdofarnesio.com.br\\\/#organization\"},\"potentialAction\":[{\"@type\":\"SearchAction\",\"target\":{\"@type\":\"EntryPoint\",\"urlTemplate\":\"https:\\\/\\\/blogdofarnesio.com.br\\\/?s={search_term_string}\"},\"query-input\":{\"@type\":\"PropertyValueSpecification\",\"valueRequired\":true,\"valueName\":\"search_term_string\"}}],\"inLanguage\":\"pt-BR\"},{\"@type\":\"Organization\",\"@id\":\"https:\\\/\\\/blogdofarnesio.com.br\\\/#organization\",\"name\":\"Blog do Farn\u00e9sio\",\"url\":\"https:\\\/\\\/blogdofarnesio.com.br\\\/\",\"logo\":{\"@type\":\"ImageObject\",\"inLanguage\":\"pt-BR\",\"@id\":\"https:\\\/\\\/blogdofarnesio.com.br\\\/#\\\/schema\\\/logo\\\/image\\\/\",\"url\":\"https:\\\/\\\/blogdofarnesio.com.br\\\/wp-content\\\/uploads\\\/2026\\\/03\\\/cropped-logo_new-1.png\",\"contentUrl\":\"https:\\\/\\\/blogdofarnesio.com.br\\\/wp-content\\\/uploads\\\/2026\\\/03\\\/cropped-logo_new-1.png\",\"width\":881,\"height\":685,\"caption\":\"Blog do Farn\u00e9sio\"},\"image\":{\"@id\":\"https:\\\/\\\/blogdofarnesio.com.br\\\/#\\\/schema\\\/logo\\\/image\\\/\"},\"sameAs\":[\"https:\\\/\\\/www.facebook.com\\\/BlogQuerSaberPolitica\\\/\"]},{\"@type\":\"Person\",\"@id\":\"https:\\\/\\\/blogdofarnesio.com.br\\\/#\\\/schema\\\/person\\\/bb9b23ae3ad0609ce8df7b6c9e76824d\",\"name\":\"Farn\u00e9sio\",\"image\":{\"@type\":\"ImageObject\",\"inLanguage\":\"pt-BR\",\"@id\":\"https:\\\/\\\/secure.gravatar.com\\\/avatar\\\/986aa4c61ccdb66f8555bf88fc2a65609d00bcabd4d2d94377a727547345cbca?s=96&d=mm&r=g\",\"url\":\"https:\\\/\\\/secure.gravatar.com\\\/avatar\\\/986aa4c61ccdb66f8555bf88fc2a65609d00bcabd4d2d94377a727547345cbca?s=96&d=mm&r=g\",\"contentUrl\":\"https:\\\/\\\/secure.gravatar.com\\\/avatar\\\/986aa4c61ccdb66f8555bf88fc2a65609d00bcabd4d2d94377a727547345cbca?s=96&d=mm&r=g\",\"caption\":\"Farn\u00e9sio\"},\"description\":\"Radialista blogueiro, chegou a Petrolina\\\/Juazeiro em setembro de 1980, Farn\u00e9sio Silva \u00e9 de Arapiraca-Alagoas.\",\"sameAs\":[\"http:\\\/\\\/blogdofarnesio.com.br\",\"https:\\\/\\\/www.facebook.com\\\/?ref=tn_tnmn\",\"https:\\\/\\\/www.instagram.com\\\/?utm_source=pwa_homescreen\",\"https:\\\/\\\/youtube.com.br\\\/\"],\"url\":\"https:\\\/\\\/blogdofarnesio.com.br\\\/?author=2\"}]}<\/script>\n<!-- \/ Yoast SEO plugin. -->","yoast_head_json":{"title":"Mulher que previu o 11 de setembro antecipou tempestade solar em 2023! - Blog do Farn\u00e9sio","robots":{"index":"index","follow":"follow","max-snippet":"max-snippet:-1","max-image-preview":"max-image-preview:large","max-video-preview":"max-video-preview:-1"},"canonical":"https:\/\/blogdofarnesio.com.br\/?p=355090","og_locale":"pt_BR","og_type":"article","og_title":"Mulher que previu o 11 de setembro antecipou tempestade solar em 2023! - Blog do Farn\u00e9sio","og_description":"por Stars Insider\u00a0 \u00a0&#8211;\u00a0\u00a0 A previs\u00e3o do futuro \u00e9 algo que intriga h\u00e1 muito tempo a humanidade. Apesar de muita gente n\u00e3o acreditar em videntes, h\u00e1 certas profecias que fazem at\u00e9 mesmo os maiores c\u00e9ticos questionarem o reino das possibilidades. Baba Vanga, por exemplo, foi uma dessas raras figuras que previu alguns dos maiores acontecimentos mundiais da hist\u00f3ria recente, incluindo a trag\u00e9dia do 11 de setembro. E, embora a senhora cega b\u00falgara tenha falecido h\u00e1 mais de duas d\u00e9cadas, alguns dos seus famosos press\u00e1gios se tornaram realidade ap\u00f3s sua morte. 1 \/ 24 Mulher que previu o 11 de setembro antecipou tempestade solar em 2023!\u00a9Shutterstock Embora muitas de suas previs\u00f5es para 2022 tenham se concretizado, como a praga de gafanhotos&hellip;","og_url":"https:\/\/blogdofarnesio.com.br\/?p=355090","og_site_name":"Blog do Farn\u00e9sio","article_publisher":"https:\/\/www.facebook.com\/BlogQuerSaberPolitica\/","article_author":"https:\/\/www.facebook.com\/?ref=tn_tnmn","article_published_time":"2023-11-20T11:42:18+00:00","og_image":[{"width":450,"height":298,"url":"https:\/\/blogdofarnesio.com.br\/wp-content\/uploads\/2023\/11\/blogqspclima-meio-ambiente.jpg","type":"image\/jpeg"}],"author":"Farn\u00e9sio","twitter_card":"summary_large_image","twitter_misc":{"Escrito por":"Farn\u00e9sio","Est. tempo de leitura":"4 minutos"},"schema":{"@context":"https:\/\/schema.org","@graph":[{"@type":"Article","@id":"https:\/\/blogdofarnesio.com.br\/?p=355090#article","isPartOf":{"@id":"https:\/\/blogdofarnesio.com.br\/?p=355090"},"author":{"name":"Farn\u00e9sio","@id":"https:\/\/blogdofarnesio.com.br\/#\/schema\/person\/bb9b23ae3ad0609ce8df7b6c9e76824d"},"headline":"Mulher que previu o 11 de setembro antecipou tempestade solar em 2023!","datePublished":"2023-11-20T11:42:18+00:00","mainEntityOfPage":{"@id":"https:\/\/blogdofarnesio.com.br\/?p=355090"},"wordCount":448,"commentCount":0,"publisher":{"@id":"https:\/\/blogdofarnesio.com.br\/#organization"},"image":{"@id":"https:\/\/blogdofarnesio.com.br\/?p=355090#primaryimage"},"thumbnailUrl":"https:\/\/blogdofarnesio.com.br\/wp-content\/uploads\/2023\/11\/blogqspclima-meio-ambiente.jpg","inLanguage":"pt-BR","potentialAction":[{"@type":"CommentAction","name":"Comment","target":["https:\/\/blogdofarnesio.com.br\/?p=355090#respond"]}]},{"@type":"WebPage","@id":"https:\/\/blogdofarnesio.com.br\/?p=355090","url":"https:\/\/blogdofarnesio.com.br\/?p=355090","name":"Mulher que previu o 11 de setembro antecipou tempestade solar em 2023! - Blog do Farn\u00e9sio","isPartOf":{"@id":"https:\/\/blogdofarnesio.com.br\/#website"},"primaryImageOfPage":{"@id":"https:\/\/blogdofarnesio.com.br\/?p=355090#primaryimage"},"image":{"@id":"https:\/\/blogdofarnesio.com.br\/?p=355090#primaryimage"},"thumbnailUrl":"https:\/\/blogdofarnesio.com.br\/wp-content\/uploads\/2023\/11\/blogqspclima-meio-ambiente.jpg","datePublished":"2023-11-20T11:42:18+00:00","breadcrumb":{"@id":"https:\/\/blogdofarnesio.com.br\/?p=355090#breadcrumb"},"inLanguage":"pt-BR","potentialAction":[{"@type":"ReadAction","target":["https:\/\/blogdofarnesio.com.br\/?p=355090"]}]},{"@type":"ImageObject","inLanguage":"pt-BR","@id":"https:\/\/blogdofarnesio.com.br\/?p=355090#primaryimage","url":"https:\/\/blogdofarnesio.com.br\/wp-content\/uploads\/2023\/11\/blogqspclima-meio-ambiente.jpg","contentUrl":"https:\/\/blogdofarnesio.com.br\/wp-content\/uploads\/2023\/11\/blogqspclima-meio-ambiente.jpg","width":450,"height":298},{"@type":"BreadcrumbList","@id":"https:\/\/blogdofarnesio.com.br\/?p=355090#breadcrumb","itemListElement":[{"@type":"ListItem","position":1,"name":"In\u00edcio","item":"https:\/\/blogdofarnesio.com.br\/"},{"@type":"ListItem","position":2,"name":"Mulher que previu o 11 de setembro antecipou tempestade solar em 2023!"}]},{"@type":"WebSite","@id":"https:\/\/blogdofarnesio.com.br\/#website","url":"https:\/\/blogdofarnesio.com.br\/","name":"Blog do Farn\u00e9sio","description":"Quer Saber Pol\u00edtica?","publisher":{"@id":"https:\/\/blogdofarnesio.com.br\/#organization"},"potentialAction":[{"@type":"SearchAction","target":{"@type":"EntryPoint","urlTemplate":"https:\/\/blogdofarnesio.com.br\/?s={search_term_string}"},"query-input":{"@type":"PropertyValueSpecification","valueRequired":true,"valueName":"search_term_string"}}],"inLanguage":"pt-BR"},{"@type":"Organization","@id":"https:\/\/blogdofarnesio.com.br\/#organization","name":"Blog do Farn\u00e9sio","url":"https:\/\/blogdofarnesio.com.br\/","logo":{"@type":"ImageObject","inLanguage":"pt-BR","@id":"https:\/\/blogdofarnesio.com.br\/#\/schema\/logo\/image\/","url":"https:\/\/blogdofarnesio.com.br\/wp-content\/uploads\/2026\/03\/cropped-logo_new-1.png","contentUrl":"https:\/\/blogdofarnesio.com.br\/wp-content\/uploads\/2026\/03\/cropped-logo_new-1.png","width":881,"height":685,"caption":"Blog do Farn\u00e9sio"},"image":{"@id":"https:\/\/blogdofarnesio.com.br\/#\/schema\/logo\/image\/"},"sameAs":["https:\/\/www.facebook.com\/BlogQuerSaberPolitica\/"]},{"@type":"Person","@id":"https:\/\/blogdofarnesio.com.br\/#\/schema\/person\/bb9b23ae3ad0609ce8df7b6c9e76824d","name":"Farn\u00e9sio","image":{"@type":"ImageObject","inLanguage":"pt-BR","@id":"https:\/\/secure.gravatar.com\/avatar\/986aa4c61ccdb66f8555bf88fc2a65609d00bcabd4d2d94377a727547345cbca?s=96&d=mm&r=g","url":"https:\/\/secure.gravatar.com\/avatar\/986aa4c61ccdb66f8555bf88fc2a65609d00bcabd4d2d94377a727547345cbca?s=96&d=mm&r=g","contentUrl":"https:\/\/secure.gravatar.com\/avatar\/986aa4c61ccdb66f8555bf88fc2a65609d00bcabd4d2d94377a727547345cbca?s=96&d=mm&r=g","caption":"Farn\u00e9sio"},"description":"Radialista blogueiro, chegou a Petrolina\/Juazeiro em setembro de 1980, Farn\u00e9sio Silva \u00e9 de Arapiraca-Alagoas.","sameAs":["http:\/\/blogdofarnesio.com.br","https:\/\/www.facebook.com\/?ref=tn_tnmn","https:\/\/www.instagram.com\/?utm_source=pwa_homescreen","https:\/\/youtube.com.br\/"],"url":"https:\/\/blogdofarnesio.com.br\/?author=2"}]}},"_links":{"self":[{"href":"https:\/\/blogdofarnesio.com.br\/index.php?rest_route=\/wp\/v2\/posts\/355090","targetHints":{"allow":["GET"]}}],"collection":[{"href":"https:\/\/blogdofarnesio.com.br\/index.php?rest_route=\/wp\/v2\/posts"}],"about":[{"href":"https:\/\/blogdofarnesio.com.br\/index.php?rest_route=\/wp\/v2\/types\/post"}],"author":[{"embeddable":true,"href":"https:\/\/blogdofarnesio.com.br\/index.php?rest_route=\/wp\/v2\/users\/2"}],"replies":[{"embeddable":true,"href":"https:\/\/blogdofarnesio.com.br\/index.php?rest_route=%2Fwp%2Fv2%2Fcomments&post=355090"}],"version-history":[{"count":0,"href":"https:\/\/blogdofarnesio.com.br\/index.php?rest_route=\/wp\/v2\/posts\/355090\/revisions"}],"wp:featuredmedia":[{"embeddable":true,"href":"https:\/\/blogdofarnesio.com.br\/index.php?rest_route=\/wp\/v2\/media\/354485"}],"wp:attachment":[{"href":"https:\/\/blogdofarnesio.com.br\/index.php?rest_route=%2Fwp%2Fv2%2Fmedia&parent=355090"}],"wp:term":[{"taxonomy":"category","embeddable":true,"href":"https:\/\/blogdofarnesio.com.br\/index.php?rest_route=%2Fwp%2Fv2%2Fcategories&post=355090"},{"taxonomy":"post_tag","embeddable":true,"href":"https:\/\/blogdofarnesio.com.br\/index.php?rest_route=%2Fwp%2Fv2%2Ftags&post=355090"}],"curies":[{"name":"wp","href":"https:\/\/api.w.org\/{rel}","templated":true}]}}